{"id":129846,"date":"2025-06-10T14:37:33","date_gmt":"2025-06-10T17:37:33","guid":{"rendered":"https:\/\/www.institutodeengenharia.org.br\/site\/?p=129846"},"modified":"2025-06-16T14:41:53","modified_gmt":"2025-06-16T17:41:53","slug":"processo-de-projeto-arquitetonico-procedimentos-para-gestao-de-projetos-de-baixa-complexidade-residencial-comercial-e-institucional","status":"publish","type":"post","link":"https:\/\/www.institutodeengenharia.org.br\/site\/2025\/06\/10\/processo-de-projeto-arquitetonico-procedimentos-para-gestao-de-projetos-de-baixa-complexidade-residencial-comercial-e-institucional\/","title":{"rendered":"Processo de projeto arquitet\u00f4nico: procedimentos para gest\u00e3o de projetos de baixa complexidade (Residencial, Comercial e Institucional)"},"content":{"rendered":"<p><strong>Assista abaixo \u00e0 grava\u00e7\u00e3o do evento:\u00a0<\/strong><\/p>\n<p><iframe loading=\"lazy\" title=\"Processo de projeto arquitet\u00f4nico procedimentos para gest\u00e3o de projetos de baixa complexidade (Residencial, Comercial e Instituc\" src=\"https:\/\/player.vimeo.com\/video\/1093229516?title=0&amp;byline=0&amp;portrait=0&amp;badge=0&amp;autopause=0&amp;player_id=0&amp;app_id=58479\" width=\"1920\" height=\"1080\" frameborder=\"0\"><\/iframe><\/p>\n<p><strong>+ Informa\u00e7\u00f5es:\u00a0<\/strong><\/p>\n<p>A palestra ir\u00e1 abordar o processo de desenvolvimento do projeto de Arquitetura de forma did\u00e1tica, clara e direta para arquitetos, pesquisadores, professores e estudantes veteranos de Arquitetura.<\/p>\n<p>O objetivo \u00e9 apresentar os principais conceitos do processo que, normalmente, geram d\u00favidas entre os profissionais como o planejamento do servi\u00e7o envolvendo fases, etapas, atividades, precifica\u00e7\u00e3o do projeto, elabora\u00e7\u00e3o das cl\u00e1usulas contratuais e as principais responsabilidades t\u00e9cnicas assumidas pelos arquitetos &#8211; especialmente na fase de execu\u00e7\u00e3o da obra.<\/p>\n<p>Ademais, ser\u00e3o sugeridas boas pr\u00e1ticas para servi\u00e7os de projeto, baseadas em estudos cient\u00edficos que obtiveram resultados positivos, testados por grupos de profissionais atuantes no estado de S\u00e3o Paulo, no contexto de projetos de baixa complexidade. A s\u00edntese desse processo de projeto tem como base a norma brasileira, al\u00e9m de revis\u00f5es te\u00f3ricas buscando equival\u00eancia nos modelos digitais de institui\u00e7\u00f5es nacionais e internacionais.<\/p>\n<p><strong>P\u00fablico-alvo:<\/strong><\/p>\n<p>Arquitetos, engenheiros e demais interessados no tema.<\/p>\n<p><strong>Realiza\u00e7\u00e3o:<\/strong><\/p>\n<p><img loading=\"lazy\" decoding=\"async\" class=\"alignnone wp-image-81229 alignleft\" src=\"https:\/\/www.institutodeengenharia.org.br\/site\/wp-content\/uploads\/2021\/05\/ie-logo-escudo.jpeg\" alt=\"\" width=\"94\" height=\"119\" srcset=\"https:\/\/www.institutodeengenharia.org.br\/site\/wp-content\/uploads\/2021\/05\/ie-logo-escudo.jpeg 1012w, https:\/\/www.institutodeengenharia.org.br\/site\/wp-content\/uploads\/2021\/05\/ie-logo-escudo-237x300.jpeg 237w, https:\/\/www.institutodeengenharia.org.br\/site\/wp-content\/uploads\/2021\/05\/ie-logo-escudo-810x1024.jpeg 810w, https:\/\/www.institutodeengenharia.org.br\/site\/wp-content\/uploads\/2021\/05\/ie-logo-escudo-768x971.jpeg 768w, https:\/\/www.institutodeengenharia.org.br\/site\/wp-content\/uploads\/2021\/05\/ie-logo-escudo-696x880.jpeg 696w, https:\/\/www.institutodeengenharia.org.br\/site\/wp-content\/uploads\/2021\/05\/ie-logo-escudo-332x420.jpeg 332w, https:\/\/www.institutodeengenharia.org.br\/site\/wp-content\/uploads\/2021\/05\/ie-logo-escudo-600x759.jpeg 600w\" sizes=\"auto, (max-width: 94px) 100vw, 94px\" \/><\/p>\n<p><strong>Eng. Ivan Metran Whately<\/strong> \u2013 Vice-presidente de Atividades T\u00e9cnicas<\/p>\n<p><strong>Eng. Francisco Jos\u00e9 Pereira de Oliveira<\/strong> \u2013 Diretor do Departamento de Desenvolvimento de Projeto e Servi\u00e7os de Infraestrutura<\/p>\n<p><strong>Eng. Al\u00e9ssio Bento Borelli<\/strong> \u2013 Diretor do Departamento de Desenvolvimento de Tecnologia, Ind\u00fastria, Energia e Telecomunica\u00e7\u00f5es<\/p>\n<p><strong>Arq. Urb. Taina Volcov<\/strong> \u2013 Coordenadora da Divis\u00e3o T\u00e9cnica de Arquitetura, Paisagismo e Comunica\u00e7\u00e3o Visual<\/p>\n<p><strong>Eng.\u00aa Aurea L. Vendramin Georgi<\/strong> \u2013 Vice-diretora do Departamento de Desenvolvimento de Tecnologia, Ind\u00fastria, Energia e Telecomunica\u00e7\u00f5es; coordenadora da Divis\u00e3o T\u00e9cnica de Intelig\u00eancia Artificial, Controle e Automa\u00e7\u00e3o<\/p>\n<p><strong>Apoio Institucional:<\/strong><\/p>\n<p><img loading=\"lazy\" decoding=\"async\" class=\"alignnone wp-image-77696\" src=\"https:\/\/www.institutodeengenharia.org.br\/site\/wp-content\/uploads\/2021\/02\/crea.jpg\" alt=\"\" width=\"145\" height=\"102\" srcset=\"https:\/\/www.institutodeengenharia.org.br\/site\/wp-content\/uploads\/2021\/02\/crea.jpg 448w, https:\/\/www.institutodeengenharia.org.br\/site\/wp-content\/uploads\/2021\/02\/crea-300x211.jpg 300w, https:\/\/www.institutodeengenharia.org.br\/site\/wp-content\/uploads\/2021\/02\/crea-100x70.jpg 100w\" sizes=\"auto, (max-width: 145px) 100vw, 145px\" \/><\/p>\n<p><strong>Apoio \u00e0 forma\u00e7\u00e3o:\u00a0<\/strong><\/p>\n<p>Espa\u00e7o aberto ao CREA-SP, objetivando o aperfei\u00e7oamento dos profissionais e o aprimoramento da fiscaliza\u00e7\u00e3o das \u00e1reas abrangidas pelo Sistema Confea\/CREAs, al\u00e9m de promover a conscientiza\u00e7\u00e3o da sociedade quanto \u00e0 necessidade e obrigatoriedade de contratar um profissional devidamente habilitado.<\/p>\n","protected":false},"excerpt":{"rendered":"<p>Assista abaixo \u00e0 grava\u00e7\u00e3o do evento:\u00a0 + Informa\u00e7\u00f5es:\u00a0 A palestra ir\u00e1 abordar o processo de desenvolvimento do projeto de Arquitetura de forma did\u00e1tica, clara e direta para arquitetos, pesquisadores, professores e estudantes veteranos de Arquitetura. O objetivo \u00e9 apresentar os principais conceitos do processo que, normalmente, geram d\u00favidas entre os profissionais como o planejamento do [&hellip;]<\/p>\n","protected":false},"author":13,"featured_media":129847,"comment_status":"open","ping_status":"open","sticky":false,"template":"","format":"video","meta":{"footnotes":""},"categories":[968,969],"tags":[1176],"class_list":{"0":"post-129846","1":"post","2":"type-post","3":"status-publish","4":"format-video","5":"has-post-thumbnail","7":"category-nova-tv-engenharia","8":"category-palestra","9":"tag-video-home","10":"post_format-post-format-video"},"yoast_head":"<!-- This site is optimized with the Yoast SEO plugin v27.2 - https:\/\/yoast.com\/product\/yoast-seo-wordpress\/ -->\n<title>Processo de projeto arquitet\u00f4nico: procedimentos para gest\u00e3o de projetos de baixa complexidade (Residencial, Comercial e Institucional) - Instituto de Engenharia<\/title>\n<meta name=\"robots\" content=\"index, follow, max-snippet:-1, max-image-preview:large, max-video-preview:-1\" \/>\n<link rel=\"canonical\" href=\"https:\/\/www.institutodeengenharia.org.br\/site\/2025\/06\/10\/processo-de-projeto-arquitetonico-procedimentos-para-gestao-de-projetos-de-baixa-complexidade-residencial-comercial-e-institucional\/\" \/>\n<meta property=\"og:locale\" content=\"pt_BR\" \/>\n<meta property=\"og:type\" content=\"article\" \/>\n<meta property=\"og:title\" content=\"Processo de projeto arquitet\u00f4nico: procedimentos para gest\u00e3o de projetos de baixa complexidade (Residencial, Comercial e Institucional) - Instituto de Engenharia\" \/>\n<meta property=\"og:description\" content=\"Assista abaixo \u00e0 grava\u00e7\u00e3o do evento:\u00a0 + Informa\u00e7\u00f5es:\u00a0 A palestra ir\u00e1 abordar o processo de desenvolvimento do projeto de Arquitetura de forma did\u00e1tica, clara e direta para arquitetos, pesquisadores, professores e estudantes veteranos de Arquitetura. O objetivo \u00e9 apresentar os principais conceitos do processo que, normalmente, geram d\u00favidas entre os profissionais como o planejamento do [&hellip;]\" \/>\n<meta property=\"og:url\" content=\"https:\/\/www.institutodeengenharia.org.br\/site\/2025\/06\/10\/processo-de-projeto-arquitetonico-procedimentos-para-gestao-de-projetos-de-baixa-complexidade-residencial-comercial-e-institucional\/\" \/>\n<meta property=\"og:site_name\" content=\"Instituto de Engenharia\" \/>\n<meta property=\"article:publisher\" content=\"https:\/\/www.facebook.com\/institutodeengenharia\" \/>\n<meta property=\"article:published_time\" content=\"2025-06-10T17:37:33+00:00\" \/>\n<meta property=\"article:modified_time\" content=\"2025-06-16T17:41:53+00:00\" \/>\n<meta property=\"og:image\" content=\"https:\/\/www.institutodeengenharia.org.br\/site\/wp-content\/uploads\/2025\/06\/Inserir-um-titulo-13.png\" \/>\n\t<meta property=\"og:image:width\" content=\"1920\" \/>\n\t<meta property=\"og:image:height\" content=\"1080\" \/>\n\t<meta property=\"og:image:type\" content=\"image\/png\" \/>\n<meta name=\"author\" content=\"Bianca\" \/>\n<meta name=\"twitter:card\" content=\"summary_large_image\" \/>\n<meta name=\"twitter:creator\" content=\"@iengenharia\" \/>\n<meta name=\"twitter:site\" content=\"@iengenharia\" \/>\n<meta name=\"twitter:label1\" content=\"Escrito por\" \/>\n\t<meta name=\"twitter:data1\" content=\"Bianca\" \/>\n\t<meta name=\"twitter:label2\" content=\"Est. tempo de leitura\" \/>\n\t<meta name=\"twitter:data2\" content=\"3 minutos\" \/>\n<script type=\"application\/ld+json\" class=\"yoast-schema-graph\">{\"@context\":\"https:\/\/schema.org\",\"@graph\":[{\"@type\":\"Article\",\"@id\":\"https:\/\/www.institutodeengenharia.org.br\/site\/2025\/06\/10\/processo-de-projeto-arquitetonico-procedimentos-para-gestao-de-projetos-de-baixa-complexidade-residencial-comercial-e-institucional\/#article\",\"isPartOf\":{\"@id\":\"https:\/\/www.institutodeengenharia.org.br\/site\/2025\/06\/10\/processo-de-projeto-arquitetonico-procedimentos-para-gestao-de-projetos-de-baixa-complexidade-residencial-comercial-e-institucional\/\"},\"author\":{\"name\":\"Bianca\",\"@id\":\"https:\/\/www.institutodeengenharia.org.br\/site\/#\/schema\/person\/aeb64951c405e100d26d30b033dd423f\"},\"headline\":\"Processo de projeto arquitet\u00f4nico: procedimentos para gest\u00e3o de projetos de baixa complexidade (Residencial, Comercial e Institucional)\",\"datePublished\":\"2025-06-10T17:37:33+00:00\",\"dateModified\":\"2025-06-16T17:41:53+00:00\",\"mainEntityOfPage\":{\"@id\":\"https:\/\/www.institutodeengenharia.org.br\/site\/2025\/06\/10\/processo-de-projeto-arquitetonico-procedimentos-para-gestao-de-projetos-de-baixa-complexidade-residencial-comercial-e-institucional\/\"},\"wordCount\":333,\"commentCount\":0,\"publisher\":{\"@id\":\"https:\/\/www.institutodeengenharia.org.br\/site\/#organization\"},\"image\":{\"@id\":\"https:\/\/www.institutodeengenharia.org.br\/site\/2025\/06\/10\/processo-de-projeto-arquitetonico-procedimentos-para-gestao-de-projetos-de-baixa-complexidade-residencial-comercial-e-institucional\/#primaryimage\"},\"thumbnailUrl\":\"https:\/\/www.institutodeengenharia.org.br\/site\/wp-content\/uploads\/2025\/06\/Inserir-um-titulo-13.png\",\"keywords\":[\"video-home\"],\"articleSection\":[\"Nova TV Engenharia\",\"Palestra\"],\"inLanguage\":\"pt-BR\",\"potentialAction\":[{\"@type\":\"CommentAction\",\"name\":\"Comment\",\"target\":[\"https:\/\/www.institutodeengenharia.org.br\/site\/2025\/06\/10\/processo-de-projeto-arquitetonico-procedimentos-para-gestao-de-projetos-de-baixa-complexidade-residencial-comercial-e-institucional\/#respond\"]}]},{\"@type\":\"WebPage\",\"@id\":\"https:\/\/www.institutodeengenharia.org.br\/site\/2025\/06\/10\/processo-de-projeto-arquitetonico-procedimentos-para-gestao-de-projetos-de-baixa-complexidade-residencial-comercial-e-institucional\/\",\"url\":\"https:\/\/www.institutodeengenharia.org.br\/site\/2025\/06\/10\/processo-de-projeto-arquitetonico-procedimentos-para-gestao-de-projetos-de-baixa-complexidade-residencial-comercial-e-institucional\/\",\"name\":\"Processo de projeto arquitet\u00f4nico: procedimentos para gest\u00e3o de projetos de baixa complexidade (Residencial, Comercial e Institucional) - Instituto de Engenharia\",\"isPartOf\":{\"@id\":\"https:\/\/www.institutodeengenharia.org.br\/site\/#website\"},\"primaryImageOfPage\":{\"@id\":\"https:\/\/www.institutodeengenharia.org.br\/site\/2025\/06\/10\/processo-de-projeto-arquitetonico-procedimentos-para-gestao-de-projetos-de-baixa-complexidade-residencial-comercial-e-institucional\/#primaryimage\"},\"image\":{\"@id\":\"https:\/\/www.institutodeengenharia.org.br\/site\/2025\/06\/10\/processo-de-projeto-arquitetonico-procedimentos-para-gestao-de-projetos-de-baixa-complexidade-residencial-comercial-e-institucional\/#primaryimage\"},\"thumbnailUrl\":\"https:\/\/www.institutodeengenharia.org.br\/site\/wp-content\/uploads\/2025\/06\/Inserir-um-titulo-13.png\",\"datePublished\":\"2025-06-10T17:37:33+00:00\",\"dateModified\":\"2025-06-16T17:41:53+00:00\",\"breadcrumb\":{\"@id\":\"https:\/\/www.institutodeengenharia.org.br\/site\/2025\/06\/10\/processo-de-projeto-arquitetonico-procedimentos-para-gestao-de-projetos-de-baixa-complexidade-residencial-comercial-e-institucional\/#breadcrumb\"},\"inLanguage\":\"pt-BR\",\"potentialAction\":[{\"@type\":\"ReadAction\",\"target\":[\"https:\/\/www.institutodeengenharia.org.br\/site\/2025\/06\/10\/processo-de-projeto-arquitetonico-procedimentos-para-gestao-de-projetos-de-baixa-complexidade-residencial-comercial-e-institucional\/\"]}]},{\"@type\":\"ImageObject\",\"inLanguage\":\"pt-BR\",\"@id\":\"https:\/\/www.institutodeengenharia.org.br\/site\/2025\/06\/10\/processo-de-projeto-arquitetonico-procedimentos-para-gestao-de-projetos-de-baixa-complexidade-residencial-comercial-e-institucional\/#primaryimage\",\"url\":\"https:\/\/www.institutodeengenharia.org.br\/site\/wp-content\/uploads\/2025\/06\/Inserir-um-titulo-13.png\",\"contentUrl\":\"https:\/\/www.institutodeengenharia.org.br\/site\/wp-content\/uploads\/2025\/06\/Inserir-um-titulo-13.png\",\"width\":1920,\"height\":1080},{\"@type\":\"BreadcrumbList\",\"@id\":\"https:\/\/www.institutodeengenharia.org.br\/site\/2025\/06\/10\/processo-de-projeto-arquitetonico-procedimentos-para-gestao-de-projetos-de-baixa-complexidade-residencial-comercial-e-institucional\/#breadcrumb\",\"itemListElement\":[{\"@type\":\"ListItem\",\"position\":1,\"name\":\"In\u00edcio\",\"item\":\"https:\/\/www.institutodeengenharia.org.br\/site\/\"},{\"@type\":\"ListItem\",\"position\":2,\"name\":\"Processo de projeto arquitet\u00f4nico: procedimentos para gest\u00e3o de projetos de baixa complexidade (Residencial, Comercial e Institucional)\"}]},{\"@type\":\"WebSite\",\"@id\":\"https:\/\/www.institutodeengenharia.org.br\/site\/#website\",\"url\":\"https:\/\/www.institutodeengenharia.org.br\/site\/\",\"name\":\"Instituto de Engenharia\",\"description\":\"O Instituto de Engenharia promove a Engenharia em benef\u00edcio do desenvolvimento e da qualidade de vida da sociedade.\",\"publisher\":{\"@id\":\"https:\/\/www.institutodeengenharia.org.br\/site\/#organization\"},\"potentialAction\":[{\"@type\":\"SearchAction\",\"target\":{\"@type\":\"EntryPoint\",\"urlTemplate\":\"https:\/\/www.institutodeengenharia.org.br\/site\/?s={search_term_string}\"},\"query-input\":{\"@type\":\"PropertyValueSpecification\",\"valueRequired\":true,\"valueName\":\"search_term_string\"}}],\"inLanguage\":\"pt-BR\"},{\"@type\":\"Organization\",\"@id\":\"https:\/\/www.institutodeengenharia.org.br\/site\/#organization\",\"name\":\"Instituto de Engenharia\",\"url\":\"https:\/\/www.institutodeengenharia.org.br\/site\/\",\"logo\":{\"@type\":\"ImageObject\",\"inLanguage\":\"pt-BR\",\"@id\":\"https:\/\/www.institutodeengenharia.org.br\/site\/#\/schema\/logo\/image\/\",\"url\":\"https:\/\/www.institutodeengenharia.org.br\/site\/wp-content\/uploads\/2019\/03\/logo-novo-IE2018-1.jpg\",\"contentUrl\":\"https:\/\/www.institutodeengenharia.org.br\/site\/wp-content\/uploads\/2019\/03\/logo-novo-IE2018-1.jpg\",\"width\":1486,\"height\":1879,\"caption\":\"Instituto de Engenharia\"},\"image\":{\"@id\":\"https:\/\/www.institutodeengenharia.org.br\/site\/#\/schema\/logo\/image\/\"},\"sameAs\":[\"https:\/\/www.facebook.com\/institutodeengenharia\",\"https:\/\/x.com\/iengenharia\",\"https:\/\/www.instagram.com\/institutodeengenharia\/\",\"https:\/\/www.linkedin.com\/company\/instituto-de-engenharia\/\",\"https:\/\/www.youtube.com\/channel\/UCXiCAlsSMe977vamW915HxA\"]},{\"@type\":\"Person\",\"@id\":\"https:\/\/www.institutodeengenharia.org.br\/site\/#\/schema\/person\/aeb64951c405e100d26d30b033dd423f\",\"name\":\"Bianca\",\"image\":{\"@type\":\"ImageObject\",\"inLanguage\":\"pt-BR\",\"@id\":\"https:\/\/secure.gravatar.com\/avatar\/a6fbe9bff57405baf4c1e2c5c1811e072b558253974a9f9508f4678900c97c2a?s=96&d=mm&r=g\",\"url\":\"https:\/\/secure.gravatar.com\/avatar\/a6fbe9bff57405baf4c1e2c5c1811e072b558253974a9f9508f4678900c97c2a?s=96&d=mm&r=g\",\"contentUrl\":\"https:\/\/secure.gravatar.com\/avatar\/a6fbe9bff57405baf4c1e2c5c1811e072b558253974a9f9508f4678900c97c2a?s=96&d=mm&r=g\",\"caption\":\"Bianca\"},\"url\":\"https:\/\/www.institutodeengenharia.org.br\/site\/author\/comunicacao1\/\"}]}<\/script>\n<!-- \/ Yoast SEO plugin. -->","yoast_head_json":{"title":"Processo de projeto arquitet\u00f4nico: procedimentos para gest\u00e3o de projetos de baixa complexidade (Residencial, Comercial e Institucional) - Instituto de Engenharia","robots":{"index":"index","follow":"follow","max-snippet":"max-snippet:-1","max-image-preview":"max-image-preview:large","max-video-preview":"max-video-preview:-1"},"canonical":"https:\/\/www.institutodeengenharia.org.br\/site\/2025\/06\/10\/processo-de-projeto-arquitetonico-procedimentos-para-gestao-de-projetos-de-baixa-complexidade-residencial-comercial-e-institucional\/","og_locale":"pt_BR","og_type":"article","og_title":"Processo de projeto arquitet\u00f4nico: procedimentos para gest\u00e3o de projetos de baixa complexidade (Residencial, Comercial e Institucional) - Instituto de Engenharia","og_description":"Assista abaixo \u00e0 grava\u00e7\u00e3o do evento:\u00a0 + Informa\u00e7\u00f5es:\u00a0 A palestra ir\u00e1 abordar o processo de desenvolvimento do projeto de Arquitetura de forma did\u00e1tica, clara e direta para arquitetos, pesquisadores, professores e estudantes veteranos de Arquitetura. O objetivo \u00e9 apresentar os principais conceitos do processo que, normalmente, geram d\u00favidas entre os profissionais como o planejamento do [&hellip;]","og_url":"https:\/\/www.institutodeengenharia.org.br\/site\/2025\/06\/10\/processo-de-projeto-arquitetonico-procedimentos-para-gestao-de-projetos-de-baixa-complexidade-residencial-comercial-e-institucional\/","og_site_name":"Instituto de Engenharia","article_publisher":"https:\/\/www.facebook.com\/institutodeengenharia","article_published_time":"2025-06-10T17:37:33+00:00","article_modified_time":"2025-06-16T17:41:53+00:00","og_image":[{"width":1920,"height":1080,"url":"https:\/\/www.institutodeengenharia.org.br\/site\/wp-content\/uploads\/2025\/06\/Inserir-um-titulo-13.png","type":"image\/png"}],"author":"Bianca","twitter_card":"summary_large_image","twitter_creator":"@iengenharia","twitter_site":"@iengenharia","twitter_misc":{"Escrito por":"Bianca","Est. tempo de leitura":"3 minutos"},"schema":{"@context":"https:\/\/schema.org","@graph":[{"@type":"Article","@id":"https:\/\/www.institutodeengenharia.org.br\/site\/2025\/06\/10\/processo-de-projeto-arquitetonico-procedimentos-para-gestao-de-projetos-de-baixa-complexidade-residencial-comercial-e-institucional\/#article","isPartOf":{"@id":"https:\/\/www.institutodeengenharia.org.br\/site\/2025\/06\/10\/processo-de-projeto-arquitetonico-procedimentos-para-gestao-de-projetos-de-baixa-complexidade-residencial-comercial-e-institucional\/"},"author":{"name":"Bianca","@id":"https:\/\/www.institutodeengenharia.org.br\/site\/#\/schema\/person\/aeb64951c405e100d26d30b033dd423f"},"headline":"Processo de projeto arquitet\u00f4nico: procedimentos para gest\u00e3o de projetos de baixa complexidade (Residencial, Comercial e Institucional)","datePublished":"2025-06-10T17:37:33+00:00","dateModified":"2025-06-16T17:41:53+00:00","mainEntityOfPage":{"@id":"https:\/\/www.institutodeengenharia.org.br\/site\/2025\/06\/10\/processo-de-projeto-arquitetonico-procedimentos-para-gestao-de-projetos-de-baixa-complexidade-residencial-comercial-e-institucional\/"},"wordCount":333,"commentCount":0,"publisher":{"@id":"https:\/\/www.institutodeengenharia.org.br\/site\/#organization"},"image":{"@id":"https:\/\/www.institutodeengenharia.org.br\/site\/2025\/06\/10\/processo-de-projeto-arquitetonico-procedimentos-para-gestao-de-projetos-de-baixa-complexidade-residencial-comercial-e-institucional\/#primaryimage"},"thumbnailUrl":"https:\/\/www.institutodeengenharia.org.br\/site\/wp-content\/uploads\/2025\/06\/Inserir-um-titulo-13.png","keywords":["video-home"],"articleSection":["Nova TV Engenharia","Palestra"],"inLanguage":"pt-BR","potentialAction":[{"@type":"CommentAction","name":"Comment","target":["https:\/\/www.institutodeengenharia.org.br\/site\/2025\/06\/10\/processo-de-projeto-arquitetonico-procedimentos-para-gestao-de-projetos-de-baixa-complexidade-residencial-comercial-e-institucional\/#respond"]}]},{"@type":"WebPage","@id":"https:\/\/www.institutodeengenharia.org.br\/site\/2025\/06\/10\/processo-de-projeto-arquitetonico-procedimentos-para-gestao-de-projetos-de-baixa-complexidade-residencial-comercial-e-institucional\/","url":"https:\/\/www.institutodeengenharia.org.br\/site\/2025\/06\/10\/processo-de-projeto-arquitetonico-procedimentos-para-gestao-de-projetos-de-baixa-complexidade-residencial-comercial-e-institucional\/","name":"Processo de projeto arquitet\u00f4nico: procedimentos para gest\u00e3o de projetos de baixa complexidade (Residencial, Comercial e Institucional) - Instituto de Engenharia","isPartOf":{"@id":"https:\/\/www.institutodeengenharia.org.br\/site\/#website"},"primaryImageOfPage":{"@id":"https:\/\/www.institutodeengenharia.org.br\/site\/2025\/06\/10\/processo-de-projeto-arquitetonico-procedimentos-para-gestao-de-projetos-de-baixa-complexidade-residencial-comercial-e-institucional\/#primaryimage"},"image":{"@id":"https:\/\/www.institutodeengenharia.org.br\/site\/2025\/06\/10\/processo-de-projeto-arquitetonico-procedimentos-para-gestao-de-projetos-de-baixa-complexidade-residencial-comercial-e-institucional\/#primaryimage"},"thumbnailUrl":"https:\/\/www.institutodeengenharia.org.br\/site\/wp-content\/uploads\/2025\/06\/Inserir-um-titulo-13.png","datePublished":"2025-06-10T17:37:33+00:00","dateModified":"2025-06-16T17:41:53+00:00","breadcrumb":{"@id":"https:\/\/www.institutodeengenharia.org.br\/site\/2025\/06\/10\/processo-de-projeto-arquitetonico-procedimentos-para-gestao-de-projetos-de-baixa-complexidade-residencial-comercial-e-institucional\/#breadcrumb"},"inLanguage":"pt-BR","potentialAction":[{"@type":"ReadAction","target":["https:\/\/www.institutodeengenharia.org.br\/site\/2025\/06\/10\/processo-de-projeto-arquitetonico-procedimentos-para-gestao-de-projetos-de-baixa-complexidade-residencial-comercial-e-institucional\/"]}]},{"@type":"ImageObject","inLanguage":"pt-BR","@id":"https:\/\/www.institutodeengenharia.org.br\/site\/2025\/06\/10\/processo-de-projeto-arquitetonico-procedimentos-para-gestao-de-projetos-de-baixa-complexidade-residencial-comercial-e-institucional\/#primaryimage","url":"https:\/\/www.institutodeengenharia.org.br\/site\/wp-content\/uploads\/2025\/06\/Inserir-um-titulo-13.png","contentUrl":"https:\/\/www.institutodeengenharia.org.br\/site\/wp-content\/uploads\/2025\/06\/Inserir-um-titulo-13.png","width":1920,"height":1080},{"@type":"BreadcrumbList","@id":"https:\/\/www.institutodeengenharia.org.br\/site\/2025\/06\/10\/processo-de-projeto-arquitetonico-procedimentos-para-gestao-de-projetos-de-baixa-complexidade-residencial-comercial-e-institucional\/#breadcrumb","itemListElement":[{"@type":"ListItem","position":1,"name":"In\u00edcio","item":"https:\/\/www.institutodeengenharia.org.br\/site\/"},{"@type":"ListItem","position":2,"name":"Processo de projeto arquitet\u00f4nico: procedimentos para gest\u00e3o de projetos de baixa complexidade (Residencial, Comercial e Institucional)"}]},{"@type":"WebSite","@id":"https:\/\/www.institutodeengenharia.org.br\/site\/#website","url":"https:\/\/www.institutodeengenharia.org.br\/site\/","name":"Instituto de Engenharia","description":"O Instituto de Engenharia promove a Engenharia em benef\u00edcio do desenvolvimento e da qualidade de vida da sociedade.","publisher":{"@id":"https:\/\/www.institutodeengenharia.org.br\/site\/#organization"},"potentialAction":[{"@type":"SearchAction","target":{"@type":"EntryPoint","urlTemplate":"https:\/\/www.institutodeengenharia.org.br\/site\/?s={search_term_string}"},"query-input":{"@type":"PropertyValueSpecification","valueRequired":true,"valueName":"search_term_string"}}],"inLanguage":"pt-BR"},{"@type":"Organization","@id":"https:\/\/www.institutodeengenharia.org.br\/site\/#organization","name":"Instituto de Engenharia","url":"https:\/\/www.institutodeengenharia.org.br\/site\/","logo":{"@type":"ImageObject","inLanguage":"pt-BR","@id":"https:\/\/www.institutodeengenharia.org.br\/site\/#\/schema\/logo\/image\/","url":"https:\/\/www.institutodeengenharia.org.br\/site\/wp-content\/uploads\/2019\/03\/logo-novo-IE2018-1.jpg","contentUrl":"https:\/\/www.institutodeengenharia.org.br\/site\/wp-content\/uploads\/2019\/03\/logo-novo-IE2018-1.jpg","width":1486,"height":1879,"caption":"Instituto de Engenharia"},"image":{"@id":"https:\/\/www.institutodeengenharia.org.br\/site\/#\/schema\/logo\/image\/"},"sameAs":["https:\/\/www.facebook.com\/institutodeengenharia","https:\/\/x.com\/iengenharia","https:\/\/www.instagram.com\/institutodeengenharia\/","https:\/\/www.linkedin.com\/company\/instituto-de-engenharia\/","https:\/\/www.youtube.com\/channel\/UCXiCAlsSMe977vamW915HxA"]},{"@type":"Person","@id":"https:\/\/www.institutodeengenharia.org.br\/site\/#\/schema\/person\/aeb64951c405e100d26d30b033dd423f","name":"Bianca","image":{"@type":"ImageObject","inLanguage":"pt-BR","@id":"https:\/\/secure.gravatar.com\/avatar\/a6fbe9bff57405baf4c1e2c5c1811e072b558253974a9f9508f4678900c97c2a?s=96&d=mm&r=g","url":"https:\/\/secure.gravatar.com\/avatar\/a6fbe9bff57405baf4c1e2c5c1811e072b558253974a9f9508f4678900c97c2a?s=96&d=mm&r=g","contentUrl":"https:\/\/secure.gravatar.com\/avatar\/a6fbe9bff57405baf4c1e2c5c1811e072b558253974a9f9508f4678900c97c2a?s=96&d=mm&r=g","caption":"Bianca"},"url":"https:\/\/www.institutodeengenharia.org.br\/site\/author\/comunicacao1\/"}]}},"_links":{"self":[{"href":"https:\/\/www.institutodeengenharia.org.br\/site\/wp-json\/wp\/v2\/posts\/129846","targetHints":{"allow":["GET"]}}],"collection":[{"href":"https:\/\/www.institutodeengenharia.org.br\/site\/wp-json\/wp\/v2\/posts"}],"about":[{"href":"https:\/\/www.institutodeengenharia.org.br\/site\/wp-json\/wp\/v2\/types\/post"}],"author":[{"embeddable":true,"href":"https:\/\/www.institutodeengenharia.org.br\/site\/wp-json\/wp\/v2\/users\/13"}],"replies":[{"embeddable":true,"href":"https:\/\/www.institutodeengenharia.org.br\/site\/wp-json\/wp\/v2\/comments?post=129846"}],"version-history":[{"count":1,"href":"https:\/\/www.institutodeengenharia.org.br\/site\/wp-json\/wp\/v2\/posts\/129846\/revisions"}],"predecessor-version":[{"id":129848,"href":"https:\/\/www.institutodeengenharia.org.br\/site\/wp-json\/wp\/v2\/posts\/129846\/revisions\/129848"}],"wp:featuredmedia":[{"embeddable":true,"href":"https:\/\/www.institutodeengenharia.org.br\/site\/wp-json\/wp\/v2\/media\/129847"}],"wp:attachment":[{"href":"https:\/\/www.institutodeengenharia.org.br\/site\/wp-json\/wp\/v2\/media?parent=129846"}],"wp:term":[{"taxonomy":"category","embeddable":true,"href":"https:\/\/www.institutodeengenharia.org.br\/site\/wp-json\/wp\/v2\/categories?post=129846"},{"taxonomy":"post_tag","embeddable":true,"href":"https:\/\/www.institutodeengenharia.org.br\/site\/wp-json\/wp\/v2\/tags?post=129846"}],"curies":[{"name":"wp","href":"https:\/\/api.w.org\/{rel}","templated":true}]}}