{"id":129807,"date":"2025-06-13T16:23:53","date_gmt":"2025-06-13T19:23:53","guid":{"rendered":"https:\/\/www.institutodeengenharia.org.br\/site\/?p=129807"},"modified":"2025-06-13T16:26:13","modified_gmt":"2025-06-13T19:26:13","slug":"trabalho-colaborativo-discutira-um-projeto-brasil-visando-a-eleicao-presidencial","status":"publish","type":"post","link":"https:\/\/www.institutodeengenharia.org.br\/site\/2025\/06\/13\/trabalho-colaborativo-discutira-um-projeto-brasil-visando-a-eleicao-presidencial\/","title":{"rendered":"Trabalho colaborativo discutir\u00e1 um &#8220;Projeto Brasil&#8221; visando a elei\u00e7\u00e3o presidencial"},"content":{"rendered":"<p>No \u00faltimo dia 10, a diretoria, conselhos, corpo t\u00e9cnico do Instituto de Engenharia e convidados realizaram uma reuni\u00e3o com Rubens Barbosa, presidente do IRICE (Instituto de Rela\u00e7\u00f5es Internacionais e Com\u00e9rcio Exterior), Shigeaki Ueki, ex-Ministro de Minas e Energia, e Eduardo Pereira de Carvalho, economista e ex-secret\u00e1rio-geral do Minist\u00e9rio da Fazenda.<\/p>\n<p><img loading=\"lazy\" decoding=\"async\" class=\"wp-image-129809 alignleft\" src=\"https:\/\/www.institutodeengenharia.org.br\/site\/wp-content\/uploads\/2025\/06\/WhatsApp-Image-2025-06-13-at-16.12.49.jpeg\" alt=\"\" width=\"440\" height=\"330\" srcset=\"https:\/\/www.institutodeengenharia.org.br\/site\/wp-content\/uploads\/2025\/06\/WhatsApp-Image-2025-06-13-at-16.12.49.jpeg 1600w, https:\/\/www.institutodeengenharia.org.br\/site\/wp-content\/uploads\/2025\/06\/WhatsApp-Image-2025-06-13-at-16.12.49-300x225.jpeg 300w, https:\/\/www.institutodeengenharia.org.br\/site\/wp-content\/uploads\/2025\/06\/WhatsApp-Image-2025-06-13-at-16.12.49-1024x768.jpeg 1024w, https:\/\/www.institutodeengenharia.org.br\/site\/wp-content\/uploads\/2025\/06\/WhatsApp-Image-2025-06-13-at-16.12.49-768x576.jpeg 768w, https:\/\/www.institutodeengenharia.org.br\/site\/wp-content\/uploads\/2025\/06\/WhatsApp-Image-2025-06-13-at-16.12.49-1536x1152.jpeg 1536w, https:\/\/www.institutodeengenharia.org.br\/site\/wp-content\/uploads\/2025\/06\/WhatsApp-Image-2025-06-13-at-16.12.49-560x420.jpeg 560w, https:\/\/www.institutodeengenharia.org.br\/site\/wp-content\/uploads\/2025\/06\/WhatsApp-Image-2025-06-13-at-16.12.49-80x60.jpeg 80w, https:\/\/www.institutodeengenharia.org.br\/site\/wp-content\/uploads\/2025\/06\/WhatsApp-Image-2025-06-13-at-16.12.49-696x522.jpeg 696w, https:\/\/www.institutodeengenharia.org.br\/site\/wp-content\/uploads\/2025\/06\/WhatsApp-Image-2025-06-13-at-16.12.49-1068x801.jpeg 1068w, https:\/\/www.institutodeengenharia.org.br\/site\/wp-content\/uploads\/2025\/06\/WhatsApp-Image-2025-06-13-at-16.12.49-265x198.jpeg 265w, https:\/\/www.institutodeengenharia.org.br\/site\/wp-content\/uploads\/2025\/06\/WhatsApp-Image-2025-06-13-at-16.12.49-600x450.jpeg 600w\" sizes=\"auto, (max-width: 440px) 100vw, 440px\" \/><\/p>\n<p>Durante o encontro, Rubens Barbosa apresentou uma proposta para fomentar um debate plural, t\u00e9cnico e apartid\u00e1rio para a cria\u00e7\u00e3o do documento \u201cUma estrat\u00e9gia para o Brasil \u2013 o lugar do Brasil no mundo\u201d, um registro da sociedade civil para ser entregue no pr\u00f3ximo ano aos candidatos \u00e0 presid\u00eancia da Rep\u00fablica.<\/p>\n<p>O documento ser\u00e1 estruturado em um f\u00f3rum, seguido de ciclos de encontros ao longo deste ano. Esse trabalho \u00e9 uma iniciativa do IRICE, com o apoio do Instituto de Engenharia, que ser\u00e1 elaborado com uma vis\u00e3o estrat\u00e9gica e isenta, voltado \u00e0 an\u00e1lise dos interesses permanentes do Pa\u00eds.<\/p>\n<p>Com 16 p\u00e1ginas, o documento parte das potencialidades e vulnerabilidades do Brasil para reposicion\u00e1-lo em um novo cen\u00e1rio global.<\/p>\n<p><img loading=\"lazy\" decoding=\"async\" class=\"wp-image-129811 aligncenter\" src=\"https:\/\/www.institutodeengenharia.org.br\/site\/wp-content\/uploads\/2025\/06\/rubens.png\" alt=\"\" width=\"597\" height=\"300\" srcset=\"https:\/\/www.institutodeengenharia.org.br\/site\/wp-content\/uploads\/2025\/06\/rubens.png 1560w, https:\/\/www.institutodeengenharia.org.br\/site\/wp-content\/uploads\/2025\/06\/rubens-300x151.png 300w, https:\/\/www.institutodeengenharia.org.br\/site\/wp-content\/uploads\/2025\/06\/rubens-1024x515.png 1024w, https:\/\/www.institutodeengenharia.org.br\/site\/wp-content\/uploads\/2025\/06\/rubens-768x386.png 768w, https:\/\/www.institutodeengenharia.org.br\/site\/wp-content\/uploads\/2025\/06\/rubens-1536x772.png 1536w, https:\/\/www.institutodeengenharia.org.br\/site\/wp-content\/uploads\/2025\/06\/rubens-836x420.png 836w, https:\/\/www.institutodeengenharia.org.br\/site\/wp-content\/uploads\/2025\/06\/rubens-696x350.png 696w, https:\/\/www.institutodeengenharia.org.br\/site\/wp-content\/uploads\/2025\/06\/rubens-1068x537.png 1068w, https:\/\/www.institutodeengenharia.org.br\/site\/wp-content\/uploads\/2025\/06\/rubens-600x302.png 600w\" sizes=\"auto, (max-width: 597px) 100vw, 597px\" \/><\/p>\n<p>Como um trabalho colaborativo, h\u00e1 uma mobiliza\u00e7\u00e3o de v\u00e1rios setores, institui\u00e7\u00f5es p\u00fablicas e privadas, empresas, academia, formadores de opini\u00e3o e sociedade civil, que tenham comprometimento com o futuro do Pa\u00eds.<\/p>\n","protected":false},"excerpt":{"rendered":"<p>No \u00faltimo dia 10, a diretoria, conselhos, corpo t\u00e9cnico do Instituto de Engenharia e convidados realizaram uma reuni\u00e3o com Rubens Barbosa, presidente do IRICE (Instituto de Rela\u00e7\u00f5es Internacionais e Com\u00e9rcio Exterior), Shigeaki Ueki, ex-Ministro de Minas e Energia, e Eduardo Pereira de Carvalho, economista e ex-secret\u00e1rio-geral do Minist\u00e9rio da Fazenda. Durante o encontro, Rubens Barbosa [&hellip;]<\/p>\n","protected":false},"author":14,"featured_media":129808,"comment_status":"open","ping_status":"open","sticky":false,"template":"","format":"standard","meta":{"footnotes":""},"categories":[27,6],"tags":[],"class_list":{"0":"post-129807","1":"post","2":"type-post","3":"status-publish","4":"format-standard","5":"has-post-thumbnail","7":"category-instituto-de-engenharia","8":"category-noticias"},"yoast_head":"<!-- This site is optimized with the Yoast SEO plugin v27.2 - https:\/\/yoast.com\/product\/yoast-seo-wordpress\/ -->\n<title>Trabalho colaborativo discutir\u00e1 um &quot;Projeto Brasil&quot; visando a elei\u00e7\u00e3o presidencial - Instituto de Engenharia<\/title>\n<meta name=\"robots\" content=\"index, follow, max-snippet:-1, max-image-preview:large, max-video-preview:-1\" \/>\n<link rel=\"canonical\" href=\"https:\/\/www.institutodeengenharia.org.br\/site\/2025\/06\/13\/trabalho-colaborativo-discutira-um-projeto-brasil-visando-a-eleicao-presidencial\/\" \/>\n<meta property=\"og:locale\" content=\"pt_BR\" \/>\n<meta property=\"og:type\" content=\"article\" \/>\n<meta property=\"og:title\" content=\"Trabalho colaborativo discutir\u00e1 um &quot;Projeto Brasil&quot; visando a elei\u00e7\u00e3o presidencial - Instituto de Engenharia\" \/>\n<meta property=\"og:description\" content=\"No \u00faltimo dia 10, a diretoria, conselhos, corpo t\u00e9cnico do Instituto de Engenharia e convidados realizaram uma reuni\u00e3o com Rubens Barbosa, presidente do IRICE (Instituto de Rela\u00e7\u00f5es Internacionais e Com\u00e9rcio Exterior), Shigeaki Ueki, ex-Ministro de Minas e Energia, e Eduardo Pereira de Carvalho, economista e ex-secret\u00e1rio-geral do Minist\u00e9rio da Fazenda. Durante o encontro, Rubens Barbosa [&hellip;]\" \/>\n<meta property=\"og:url\" content=\"https:\/\/www.institutodeengenharia.org.br\/site\/2025\/06\/13\/trabalho-colaborativo-discutira-um-projeto-brasil-visando-a-eleicao-presidencial\/\" \/>\n<meta property=\"og:site_name\" content=\"Instituto de Engenharia\" \/>\n<meta property=\"article:publisher\" content=\"https:\/\/www.facebook.com\/institutodeengenharia\" \/>\n<meta property=\"article:published_time\" content=\"2025-06-13T19:23:53+00:00\" \/>\n<meta property=\"article:modified_time\" content=\"2025-06-13T19:26:13+00:00\" \/>\n<meta property=\"og:image\" content=\"https:\/\/www.institutodeengenharia.org.br\/site\/wp-content\/uploads\/2025\/06\/WhatsApp-Image-2025-06-13-at-16.12.31.jpeg\" \/>\n\t<meta property=\"og:image:width\" content=\"1600\" \/>\n\t<meta property=\"og:image:height\" content=\"1200\" \/>\n\t<meta property=\"og:image:type\" content=\"image\/jpeg\" \/>\n<meta name=\"author\" content=\"Isabel\" \/>\n<meta name=\"twitter:card\" content=\"summary_large_image\" \/>\n<meta name=\"twitter:creator\" content=\"@iengenharia\" \/>\n<meta name=\"twitter:site\" content=\"@iengenharia\" \/>\n<meta name=\"twitter:label1\" content=\"Escrito por\" \/>\n\t<meta name=\"twitter:data1\" content=\"Isabel\" \/>\n\t<meta name=\"twitter:label2\" content=\"Est. tempo de leitura\" \/>\n\t<meta name=\"twitter:data2\" content=\"2 minutos\" \/>\n<script type=\"application\/ld+json\" class=\"yoast-schema-graph\">{\"@context\":\"https:\/\/schema.org\",\"@graph\":[{\"@type\":\"Article\",\"@id\":\"https:\/\/www.institutodeengenharia.org.br\/site\/2025\/06\/13\/trabalho-colaborativo-discutira-um-projeto-brasil-visando-a-eleicao-presidencial\/#article\",\"isPartOf\":{\"@id\":\"https:\/\/www.institutodeengenharia.org.br\/site\/2025\/06\/13\/trabalho-colaborativo-discutira-um-projeto-brasil-visando-a-eleicao-presidencial\/\"},\"author\":{\"name\":\"Isabel\",\"@id\":\"https:\/\/www.institutodeengenharia.org.br\/site\/#\/schema\/person\/593dc356630173a4877a635d3e5fd76b\"},\"headline\":\"Trabalho colaborativo discutir\u00e1 um &#8220;Projeto Brasil&#8221; visando a elei\u00e7\u00e3o presidencial\",\"datePublished\":\"2025-06-13T19:23:53+00:00\",\"dateModified\":\"2025-06-13T19:26:13+00:00\",\"mainEntityOfPage\":{\"@id\":\"https:\/\/www.institutodeengenharia.org.br\/site\/2025\/06\/13\/trabalho-colaborativo-discutira-um-projeto-brasil-visando-a-eleicao-presidencial\/\"},\"wordCount\":228,\"commentCount\":0,\"publisher\":{\"@id\":\"https:\/\/www.institutodeengenharia.org.br\/site\/#organization\"},\"image\":{\"@id\":\"https:\/\/www.institutodeengenharia.org.br\/site\/2025\/06\/13\/trabalho-colaborativo-discutira-um-projeto-brasil-visando-a-eleicao-presidencial\/#primaryimage\"},\"thumbnailUrl\":\"https:\/\/www.institutodeengenharia.org.br\/site\/wp-content\/uploads\/2025\/06\/WhatsApp-Image-2025-06-13-at-16.12.31.jpeg\",\"articleSection\":[\"Instituto de Engenharia\",\"Not\u00edcias\"],\"inLanguage\":\"pt-BR\",\"potentialAction\":[{\"@type\":\"CommentAction\",\"name\":\"Comment\",\"target\":[\"https:\/\/www.institutodeengenharia.org.br\/site\/2025\/06\/13\/trabalho-colaborativo-discutira-um-projeto-brasil-visando-a-eleicao-presidencial\/#respond\"]}]},{\"@type\":\"WebPage\",\"@id\":\"https:\/\/www.institutodeengenharia.org.br\/site\/2025\/06\/13\/trabalho-colaborativo-discutira-um-projeto-brasil-visando-a-eleicao-presidencial\/\",\"url\":\"https:\/\/www.institutodeengenharia.org.br\/site\/2025\/06\/13\/trabalho-colaborativo-discutira-um-projeto-brasil-visando-a-eleicao-presidencial\/\",\"name\":\"Trabalho colaborativo discutir\u00e1 um \\\"Projeto Brasil\\\" visando a elei\u00e7\u00e3o presidencial - Instituto de Engenharia\",\"isPartOf\":{\"@id\":\"https:\/\/www.institutodeengenharia.org.br\/site\/#website\"},\"primaryImageOfPage\":{\"@id\":\"https:\/\/www.institutodeengenharia.org.br\/site\/2025\/06\/13\/trabalho-colaborativo-discutira-um-projeto-brasil-visando-a-eleicao-presidencial\/#primaryimage\"},\"image\":{\"@id\":\"https:\/\/www.institutodeengenharia.org.br\/site\/2025\/06\/13\/trabalho-colaborativo-discutira-um-projeto-brasil-visando-a-eleicao-presidencial\/#primaryimage\"},\"thumbnailUrl\":\"https:\/\/www.institutodeengenharia.org.br\/site\/wp-content\/uploads\/2025\/06\/WhatsApp-Image-2025-06-13-at-16.12.31.jpeg\",\"datePublished\":\"2025-06-13T19:23:53+00:00\",\"dateModified\":\"2025-06-13T19:26:13+00:00\",\"breadcrumb\":{\"@id\":\"https:\/\/www.institutodeengenharia.org.br\/site\/2025\/06\/13\/trabalho-colaborativo-discutira-um-projeto-brasil-visando-a-eleicao-presidencial\/#breadcrumb\"},\"inLanguage\":\"pt-BR\",\"potentialAction\":[{\"@type\":\"ReadAction\",\"target\":[\"https:\/\/www.institutodeengenharia.org.br\/site\/2025\/06\/13\/trabalho-colaborativo-discutira-um-projeto-brasil-visando-a-eleicao-presidencial\/\"]}]},{\"@type\":\"ImageObject\",\"inLanguage\":\"pt-BR\",\"@id\":\"https:\/\/www.institutodeengenharia.org.br\/site\/2025\/06\/13\/trabalho-colaborativo-discutira-um-projeto-brasil-visando-a-eleicao-presidencial\/#primaryimage\",\"url\":\"https:\/\/www.institutodeengenharia.org.br\/site\/wp-content\/uploads\/2025\/06\/WhatsApp-Image-2025-06-13-at-16.12.31.jpeg\",\"contentUrl\":\"https:\/\/www.institutodeengenharia.org.br\/site\/wp-content\/uploads\/2025\/06\/WhatsApp-Image-2025-06-13-at-16.12.31.jpeg\",\"width\":1600,\"height\":1200,\"caption\":\"Da esq. p\/ dir.: Jos\u00e9 Eduardo Jardim, presidente do Instituto de Engenharia, Rubens Barbosa e Shigeaki Ueki\"},{\"@type\":\"BreadcrumbList\",\"@id\":\"https:\/\/www.institutodeengenharia.org.br\/site\/2025\/06\/13\/trabalho-colaborativo-discutira-um-projeto-brasil-visando-a-eleicao-presidencial\/#breadcrumb\",\"itemListElement\":[{\"@type\":\"ListItem\",\"position\":1,\"name\":\"In\u00edcio\",\"item\":\"https:\/\/www.institutodeengenharia.org.br\/site\/\"},{\"@type\":\"ListItem\",\"position\":2,\"name\":\"Trabalho colaborativo discutir\u00e1 um &#8220;Projeto Brasil&#8221; visando a elei\u00e7\u00e3o presidencial\"}]},{\"@type\":\"WebSite\",\"@id\":\"https:\/\/www.institutodeengenharia.org.br\/site\/#website\",\"url\":\"https:\/\/www.institutodeengenharia.org.br\/site\/\",\"name\":\"Instituto de Engenharia\",\"description\":\"O Instituto de Engenharia promove a Engenharia em benef\u00edcio do desenvolvimento e da qualidade de vida da sociedade.\",\"publisher\":{\"@id\":\"https:\/\/www.institutodeengenharia.org.br\/site\/#organization\"},\"potentialAction\":[{\"@type\":\"SearchAction\",\"target\":{\"@type\":\"EntryPoint\",\"urlTemplate\":\"https:\/\/www.institutodeengenharia.org.br\/site\/?s={search_term_string}\"},\"query-input\":{\"@type\":\"PropertyValueSpecification\",\"valueRequired\":true,\"valueName\":\"search_term_string\"}}],\"inLanguage\":\"pt-BR\"},{\"@type\":\"Organization\",\"@id\":\"https:\/\/www.institutodeengenharia.org.br\/site\/#organization\",\"name\":\"Instituto de Engenharia\",\"url\":\"https:\/\/www.institutodeengenharia.org.br\/site\/\",\"logo\":{\"@type\":\"ImageObject\",\"inLanguage\":\"pt-BR\",\"@id\":\"https:\/\/www.institutodeengenharia.org.br\/site\/#\/schema\/logo\/image\/\",\"url\":\"https:\/\/www.institutodeengenharia.org.br\/site\/wp-content\/uploads\/2019\/03\/logo-novo-IE2018-1.jpg\",\"contentUrl\":\"https:\/\/www.institutodeengenharia.org.br\/site\/wp-content\/uploads\/2019\/03\/logo-novo-IE2018-1.jpg\",\"width\":1486,\"height\":1879,\"caption\":\"Instituto de Engenharia\"},\"image\":{\"@id\":\"https:\/\/www.institutodeengenharia.org.br\/site\/#\/schema\/logo\/image\/\"},\"sameAs\":[\"https:\/\/www.facebook.com\/institutodeengenharia\",\"https:\/\/x.com\/iengenharia\",\"https:\/\/www.instagram.com\/institutodeengenharia\/\",\"https:\/\/www.linkedin.com\/company\/instituto-de-engenharia\/\",\"https:\/\/www.youtube.com\/channel\/UCXiCAlsSMe977vamW915HxA\"]},{\"@type\":\"Person\",\"@id\":\"https:\/\/www.institutodeengenharia.org.br\/site\/#\/schema\/person\/593dc356630173a4877a635d3e5fd76b\",\"name\":\"Isabel\",\"image\":{\"@type\":\"ImageObject\",\"inLanguage\":\"pt-BR\",\"@id\":\"https:\/\/secure.gravatar.com\/avatar\/f3c521db63ec9db17894f10a88c6a3cf95b2281d7f80eeb3cf3ef1cb091576e7?s=96&d=mm&r=g\",\"url\":\"https:\/\/secure.gravatar.com\/avatar\/f3c521db63ec9db17894f10a88c6a3cf95b2281d7f80eeb3cf3ef1cb091576e7?s=96&d=mm&r=g\",\"contentUrl\":\"https:\/\/secure.gravatar.com\/avatar\/f3c521db63ec9db17894f10a88c6a3cf95b2281d7f80eeb3cf3ef1cb091576e7?s=96&d=mm&r=g\",\"caption\":\"Isabel\"},\"url\":\"https:\/\/www.institutodeengenharia.org.br\/site\/author\/comunicacao2\/\"}]}<\/script>\n<!-- \/ Yoast SEO plugin. -->","yoast_head_json":{"title":"Trabalho colaborativo discutir\u00e1 um \"Projeto Brasil\" visando a elei\u00e7\u00e3o presidencial - Instituto de Engenharia","robots":{"index":"index","follow":"follow","max-snippet":"max-snippet:-1","max-image-preview":"max-image-preview:large","max-video-preview":"max-video-preview:-1"},"canonical":"https:\/\/www.institutodeengenharia.org.br\/site\/2025\/06\/13\/trabalho-colaborativo-discutira-um-projeto-brasil-visando-a-eleicao-presidencial\/","og_locale":"pt_BR","og_type":"article","og_title":"Trabalho colaborativo discutir\u00e1 um \"Projeto Brasil\" visando a elei\u00e7\u00e3o presidencial - Instituto de Engenharia","og_description":"No \u00faltimo dia 10, a diretoria, conselhos, corpo t\u00e9cnico do Instituto de Engenharia e convidados realizaram uma reuni\u00e3o com Rubens Barbosa, presidente do IRICE (Instituto de Rela\u00e7\u00f5es Internacionais e Com\u00e9rcio Exterior), Shigeaki Ueki, ex-Ministro de Minas e Energia, e Eduardo Pereira de Carvalho, economista e ex-secret\u00e1rio-geral do Minist\u00e9rio da Fazenda. Durante o encontro, Rubens Barbosa [&hellip;]","og_url":"https:\/\/www.institutodeengenharia.org.br\/site\/2025\/06\/13\/trabalho-colaborativo-discutira-um-projeto-brasil-visando-a-eleicao-presidencial\/","og_site_name":"Instituto de Engenharia","article_publisher":"https:\/\/www.facebook.com\/institutodeengenharia","article_published_time":"2025-06-13T19:23:53+00:00","article_modified_time":"2025-06-13T19:26:13+00:00","og_image":[{"width":1600,"height":1200,"url":"https:\/\/www.institutodeengenharia.org.br\/site\/wp-content\/uploads\/2025\/06\/WhatsApp-Image-2025-06-13-at-16.12.31.jpeg","type":"image\/jpeg"}],"author":"Isabel","twitter_card":"summary_large_image","twitter_creator":"@iengenharia","twitter_site":"@iengenharia","twitter_misc":{"Escrito por":"Isabel","Est. tempo de leitura":"2 minutos"},"schema":{"@context":"https:\/\/schema.org","@graph":[{"@type":"Article","@id":"https:\/\/www.institutodeengenharia.org.br\/site\/2025\/06\/13\/trabalho-colaborativo-discutira-um-projeto-brasil-visando-a-eleicao-presidencial\/#article","isPartOf":{"@id":"https:\/\/www.institutodeengenharia.org.br\/site\/2025\/06\/13\/trabalho-colaborativo-discutira-um-projeto-brasil-visando-a-eleicao-presidencial\/"},"author":{"name":"Isabel","@id":"https:\/\/www.institutodeengenharia.org.br\/site\/#\/schema\/person\/593dc356630173a4877a635d3e5fd76b"},"headline":"Trabalho colaborativo discutir\u00e1 um &#8220;Projeto Brasil&#8221; visando a elei\u00e7\u00e3o presidencial","datePublished":"2025-06-13T19:23:53+00:00","dateModified":"2025-06-13T19:26:13+00:00","mainEntityOfPage":{"@id":"https:\/\/www.institutodeengenharia.org.br\/site\/2025\/06\/13\/trabalho-colaborativo-discutira-um-projeto-brasil-visando-a-eleicao-presidencial\/"},"wordCount":228,"commentCount":0,"publisher":{"@id":"https:\/\/www.institutodeengenharia.org.br\/site\/#organization"},"image":{"@id":"https:\/\/www.institutodeengenharia.org.br\/site\/2025\/06\/13\/trabalho-colaborativo-discutira-um-projeto-brasil-visando-a-eleicao-presidencial\/#primaryimage"},"thumbnailUrl":"https:\/\/www.institutodeengenharia.org.br\/site\/wp-content\/uploads\/2025\/06\/WhatsApp-Image-2025-06-13-at-16.12.31.jpeg","articleSection":["Instituto de Engenharia","Not\u00edcias"],"inLanguage":"pt-BR","potentialAction":[{"@type":"CommentAction","name":"Comment","target":["https:\/\/www.institutodeengenharia.org.br\/site\/2025\/06\/13\/trabalho-colaborativo-discutira-um-projeto-brasil-visando-a-eleicao-presidencial\/#respond"]}]},{"@type":"WebPage","@id":"https:\/\/www.institutodeengenharia.org.br\/site\/2025\/06\/13\/trabalho-colaborativo-discutira-um-projeto-brasil-visando-a-eleicao-presidencial\/","url":"https:\/\/www.institutodeengenharia.org.br\/site\/2025\/06\/13\/trabalho-colaborativo-discutira-um-projeto-brasil-visando-a-eleicao-presidencial\/","name":"Trabalho colaborativo discutir\u00e1 um \"Projeto Brasil\" visando a elei\u00e7\u00e3o presidencial - Instituto de Engenharia","isPartOf":{"@id":"https:\/\/www.institutodeengenharia.org.br\/site\/#website"},"primaryImageOfPage":{"@id":"https:\/\/www.institutodeengenharia.org.br\/site\/2025\/06\/13\/trabalho-colaborativo-discutira-um-projeto-brasil-visando-a-eleicao-presidencial\/#primaryimage"},"image":{"@id":"https:\/\/www.institutodeengenharia.org.br\/site\/2025\/06\/13\/trabalho-colaborativo-discutira-um-projeto-brasil-visando-a-eleicao-presidencial\/#primaryimage"},"thumbnailUrl":"https:\/\/www.institutodeengenharia.org.br\/site\/wp-content\/uploads\/2025\/06\/WhatsApp-Image-2025-06-13-at-16.12.31.jpeg","datePublished":"2025-06-13T19:23:53+00:00","dateModified":"2025-06-13T19:26:13+00:00","breadcrumb":{"@id":"https:\/\/www.institutodeengenharia.org.br\/site\/2025\/06\/13\/trabalho-colaborativo-discutira-um-projeto-brasil-visando-a-eleicao-presidencial\/#breadcrumb"},"inLanguage":"pt-BR","potentialAction":[{"@type":"ReadAction","target":["https:\/\/www.institutodeengenharia.org.br\/site\/2025\/06\/13\/trabalho-colaborativo-discutira-um-projeto-brasil-visando-a-eleicao-presidencial\/"]}]},{"@type":"ImageObject","inLanguage":"pt-BR","@id":"https:\/\/www.institutodeengenharia.org.br\/site\/2025\/06\/13\/trabalho-colaborativo-discutira-um-projeto-brasil-visando-a-eleicao-presidencial\/#primaryimage","url":"https:\/\/www.institutodeengenharia.org.br\/site\/wp-content\/uploads\/2025\/06\/WhatsApp-Image-2025-06-13-at-16.12.31.jpeg","contentUrl":"https:\/\/www.institutodeengenharia.org.br\/site\/wp-content\/uploads\/2025\/06\/WhatsApp-Image-2025-06-13-at-16.12.31.jpeg","width":1600,"height":1200,"caption":"Da esq. p\/ dir.: Jos\u00e9 Eduardo Jardim, presidente do Instituto de Engenharia, Rubens Barbosa e Shigeaki Ueki"},{"@type":"BreadcrumbList","@id":"https:\/\/www.institutodeengenharia.org.br\/site\/2025\/06\/13\/trabalho-colaborativo-discutira-um-projeto-brasil-visando-a-eleicao-presidencial\/#breadcrumb","itemListElement":[{"@type":"ListItem","position":1,"name":"In\u00edcio","item":"https:\/\/www.institutodeengenharia.org.br\/site\/"},{"@type":"ListItem","position":2,"name":"Trabalho colaborativo discutir\u00e1 um &#8220;Projeto Brasil&#8221; visando a elei\u00e7\u00e3o presidencial"}]},{"@type":"WebSite","@id":"https:\/\/www.institutodeengenharia.org.br\/site\/#website","url":"https:\/\/www.institutodeengenharia.org.br\/site\/","name":"Instituto de Engenharia","description":"O Instituto de Engenharia promove a Engenharia em benef\u00edcio do desenvolvimento e da qualidade de vida da sociedade.","publisher":{"@id":"https:\/\/www.institutodeengenharia.org.br\/site\/#organization"},"potentialAction":[{"@type":"SearchAction","target":{"@type":"EntryPoint","urlTemplate":"https:\/\/www.institutodeengenharia.org.br\/site\/?s={search_term_string}"},"query-input":{"@type":"PropertyValueSpecification","valueRequired":true,"valueName":"search_term_string"}}],"inLanguage":"pt-BR"},{"@type":"Organization","@id":"https:\/\/www.institutodeengenharia.org.br\/site\/#organization","name":"Instituto de Engenharia","url":"https:\/\/www.institutodeengenharia.org.br\/site\/","logo":{"@type":"ImageObject","inLanguage":"pt-BR","@id":"https:\/\/www.institutodeengenharia.org.br\/site\/#\/schema\/logo\/image\/","url":"https:\/\/www.institutodeengenharia.org.br\/site\/wp-content\/uploads\/2019\/03\/logo-novo-IE2018-1.jpg","contentUrl":"https:\/\/www.institutodeengenharia.org.br\/site\/wp-content\/uploads\/2019\/03\/logo-novo-IE2018-1.jpg","width":1486,"height":1879,"caption":"Instituto de Engenharia"},"image":{"@id":"https:\/\/www.institutodeengenharia.org.br\/site\/#\/schema\/logo\/image\/"},"sameAs":["https:\/\/www.facebook.com\/institutodeengenharia","https:\/\/x.com\/iengenharia","https:\/\/www.instagram.com\/institutodeengenharia\/","https:\/\/www.linkedin.com\/company\/instituto-de-engenharia\/","https:\/\/www.youtube.com\/channel\/UCXiCAlsSMe977vamW915HxA"]},{"@type":"Person","@id":"https:\/\/www.institutodeengenharia.org.br\/site\/#\/schema\/person\/593dc356630173a4877a635d3e5fd76b","name":"Isabel","image":{"@type":"ImageObject","inLanguage":"pt-BR","@id":"https:\/\/secure.gravatar.com\/avatar\/f3c521db63ec9db17894f10a88c6a3cf95b2281d7f80eeb3cf3ef1cb091576e7?s=96&d=mm&r=g","url":"https:\/\/secure.gravatar.com\/avatar\/f3c521db63ec9db17894f10a88c6a3cf95b2281d7f80eeb3cf3ef1cb091576e7?s=96&d=mm&r=g","contentUrl":"https:\/\/secure.gravatar.com\/avatar\/f3c521db63ec9db17894f10a88c6a3cf95b2281d7f80eeb3cf3ef1cb091576e7?s=96&d=mm&r=g","caption":"Isabel"},"url":"https:\/\/www.institutodeengenharia.org.br\/site\/author\/comunicacao2\/"}]}},"_links":{"self":[{"href":"https:\/\/www.institutodeengenharia.org.br\/site\/wp-json\/wp\/v2\/posts\/129807","targetHints":{"allow":["GET"]}}],"collection":[{"href":"https:\/\/www.institutodeengenharia.org.br\/site\/wp-json\/wp\/v2\/posts"}],"about":[{"href":"https:\/\/www.institutodeengenharia.org.br\/site\/wp-json\/wp\/v2\/types\/post"}],"author":[{"embeddable":true,"href":"https:\/\/www.institutodeengenharia.org.br\/site\/wp-json\/wp\/v2\/users\/14"}],"replies":[{"embeddable":true,"href":"https:\/\/www.institutodeengenharia.org.br\/site\/wp-json\/wp\/v2\/comments?post=129807"}],"version-history":[{"count":2,"href":"https:\/\/www.institutodeengenharia.org.br\/site\/wp-json\/wp\/v2\/posts\/129807\/revisions"}],"predecessor-version":[{"id":129813,"href":"https:\/\/www.institutodeengenharia.org.br\/site\/wp-json\/wp\/v2\/posts\/129807\/revisions\/129813"}],"wp:featuredmedia":[{"embeddable":true,"href":"https:\/\/www.institutodeengenharia.org.br\/site\/wp-json\/wp\/v2\/media\/129808"}],"wp:attachment":[{"href":"https:\/\/www.institutodeengenharia.org.br\/site\/wp-json\/wp\/v2\/media?parent=129807"}],"wp:term":[{"taxonomy":"category","embeddable":true,"href":"https:\/\/www.institutodeengenharia.org.br\/site\/wp-json\/wp\/v2\/categories?post=129807"},{"taxonomy":"post_tag","embeddable":true,"href":"https:\/\/www.institutodeengenharia.org.br\/site\/wp-json\/wp\/v2\/tags?post=129807"}],"curies":[{"name":"wp","href":"https:\/\/api.w.org\/{rel}","templated":true}]}}