{"id":129759,"date":"2025-06-12T14:21:06","date_gmt":"2025-06-12T17:21:06","guid":{"rendered":"https:\/\/www.institutodeengenharia.org.br\/site\/?p=129759"},"modified":"2025-06-13T12:33:43","modified_gmt":"2025-06-13T15:33:43","slug":"podcast-visao-da-engenharia-a-visao-da-engenharia-internacional-e-brasileira-11","status":"publish","type":"post","link":"https:\/\/www.institutodeengenharia.org.br\/site\/2025\/06\/12\/podcast-visao-da-engenharia-a-visao-da-engenharia-internacional-e-brasileira-11\/","title":{"rendered":"PodCast Vis\u00e3o da Engenharia &#8211; A vis\u00e3o da Engenharia internacional e brasileira #11"},"content":{"rendered":"<p><strong>Assista abaixo \u00e0 grava\u00e7\u00e3o do epis\u00f3dio:\u00a0<\/strong><\/p>\n<p><iframe loading=\"lazy\" title=\"YouTube video player\" src=\"https:\/\/www.youtube.com\/embed\/LSTpzd_K1Vs?si=v84G8q2xE1j-m9sj\" width=\"560\" height=\"315\" frameborder=\"0\" allowfullscreen=\"allowfullscreen\"><\/iframe><\/p>\n<p>O diretor de pa\u00eds da Acciona Brasil, o ga\u00facho Andr\u00e9 de Angelo, conta a hist\u00f3ria da Acciona no mundo, e no Brasil, suas atividades na infraestrutura e obras. Entre as realiza\u00e7\u00f5es no Brasil, est\u00e1 a constru\u00e7\u00e3o da Linha 6 Laranja do Metr\u00f4, o Porto de A\u00e7u, a sala S\u00e3o Paulo e um trecho do Rodoanel Norte.<\/p>\n<p>Na pauta, tamb\u00e9m, os desafios da perfura\u00e7\u00e3o dos t\u00faneis do Metr\u00f4, as oportunidades de concess\u00f5es e PPPs no Brasil, a cadeia de valor da empresa, a evolu\u00e7\u00e3o da Engenharia brasileira, em compara\u00e7\u00e3o com o panorama internacional, as solu\u00e7\u00f5es para as dificuldades de contrata\u00e7\u00e3o e treinamento de m\u00e3o de obra, os programas de est\u00e1gio, a perda de engenheiros para outros setores, como o mercado financeiro, e muito mais.<\/p>\n<p>Nesse novo epis\u00f3dio do podcast Vis\u00e3o da Engenharia, ele conversa com o presidente do Instituto de Engenharia, Jos\u00e9 Eduardo Jardim, os vice-presidentes Miriana Marques e Ivan Whately, e com o diretor da ConVis\u00e3o CNC, Regis Gehlen Oliveira.<\/p>\n<p>Essa s\u00e9rie de v\u00eddeos faz parte da Semana Nacional da Engenharia, que acontecer\u00e1 do dia 20 a 24 de outubro.<\/p>\n","protected":false},"excerpt":{"rendered":"<p>Assista abaixo \u00e0 grava\u00e7\u00e3o do epis\u00f3dio:\u00a0 O diretor de pa\u00eds da Acciona Brasil, o ga\u00facho Andr\u00e9 de Angelo, conta a hist\u00f3ria da Acciona no mundo, e no Brasil, suas atividades na infraestrutura e obras. Entre as realiza\u00e7\u00f5es no Brasil, est\u00e1 a constru\u00e7\u00e3o da Linha 6 Laranja do Metr\u00f4, o Porto de A\u00e7u, a sala S\u00e3o [&hellip;]<\/p>\n","protected":false},"author":13,"featured_media":129760,"comment_status":"open","ping_status":"open","sticky":false,"template":"","format":"video","meta":{"footnotes":""},"categories":[968,969],"tags":[1176],"class_list":{"0":"post-129759","1":"post","2":"type-post","3":"status-publish","4":"format-video","5":"has-post-thumbnail","7":"category-nova-tv-engenharia","8":"category-palestra","9":"tag-video-home","10":"post_format-post-format-video"},"yoast_head":"<!-- This site is optimized with the Yoast SEO plugin v27.2 - https:\/\/yoast.com\/product\/yoast-seo-wordpress\/ -->\n<title>PodCast Vis\u00e3o da Engenharia - A vis\u00e3o da Engenharia internacional e brasileira #11 - Instituto de Engenharia<\/title>\n<meta name=\"robots\" content=\"index, follow, max-snippet:-1, max-image-preview:large, max-video-preview:-1\" \/>\n<link rel=\"canonical\" href=\"https:\/\/www.institutodeengenharia.org.br\/site\/2025\/06\/12\/podcast-visao-da-engenharia-a-visao-da-engenharia-internacional-e-brasileira-11\/\" \/>\n<meta property=\"og:locale\" content=\"pt_BR\" \/>\n<meta property=\"og:type\" content=\"article\" \/>\n<meta property=\"og:title\" content=\"PodCast Vis\u00e3o da Engenharia - A vis\u00e3o da Engenharia internacional e brasileira #11 - Instituto de Engenharia\" \/>\n<meta property=\"og:description\" content=\"Assista abaixo \u00e0 grava\u00e7\u00e3o do epis\u00f3dio:\u00a0 O diretor de pa\u00eds da Acciona Brasil, o ga\u00facho Andr\u00e9 de Angelo, conta a hist\u00f3ria da Acciona no mundo, e no Brasil, suas atividades na infraestrutura e obras. Entre as realiza\u00e7\u00f5es no Brasil, est\u00e1 a constru\u00e7\u00e3o da Linha 6 Laranja do Metr\u00f4, o Porto de A\u00e7u, a sala S\u00e3o [&hellip;]\" \/>\n<meta property=\"og:url\" content=\"https:\/\/www.institutodeengenharia.org.br\/site\/2025\/06\/12\/podcast-visao-da-engenharia-a-visao-da-engenharia-internacional-e-brasileira-11\/\" \/>\n<meta property=\"og:site_name\" content=\"Instituto de Engenharia\" \/>\n<meta property=\"article:publisher\" content=\"https:\/\/www.facebook.com\/institutodeengenharia\" \/>\n<meta property=\"article:published_time\" content=\"2025-06-12T17:21:06+00:00\" \/>\n<meta property=\"article:modified_time\" content=\"2025-06-13T15:33:43+00:00\" \/>\n<meta property=\"og:image\" content=\"https:\/\/www.institutodeengenharia.org.br\/site\/wp-content\/uploads\/2025\/06\/WhatsApp-Image-2025-06-12-at-12.33.14.jpeg\" \/>\n\t<meta property=\"og:image:width\" content=\"1280\" \/>\n\t<meta property=\"og:image:height\" content=\"720\" \/>\n\t<meta property=\"og:image:type\" content=\"image\/jpeg\" \/>\n<meta name=\"author\" content=\"Bianca\" \/>\n<meta name=\"twitter:card\" content=\"summary_large_image\" \/>\n<meta name=\"twitter:creator\" content=\"@iengenharia\" \/>\n<meta name=\"twitter:site\" content=\"@iengenharia\" \/>\n<meta name=\"twitter:label1\" content=\"Escrito por\" \/>\n\t<meta name=\"twitter:data1\" content=\"Bianca\" \/>\n\t<meta name=\"twitter:label2\" content=\"Est. tempo de leitura\" \/>\n\t<meta name=\"twitter:data2\" content=\"2 minutos\" \/>\n<script type=\"application\/ld+json\" class=\"yoast-schema-graph\">{\"@context\":\"https:\/\/schema.org\",\"@graph\":[{\"@type\":\"Article\",\"@id\":\"https:\/\/www.institutodeengenharia.org.br\/site\/2025\/06\/12\/podcast-visao-da-engenharia-a-visao-da-engenharia-internacional-e-brasileira-11\/#article\",\"isPartOf\":{\"@id\":\"https:\/\/www.institutodeengenharia.org.br\/site\/2025\/06\/12\/podcast-visao-da-engenharia-a-visao-da-engenharia-internacional-e-brasileira-11\/\"},\"author\":{\"name\":\"Bianca\",\"@id\":\"https:\/\/www.institutodeengenharia.org.br\/site\/#\/schema\/person\/aeb64951c405e100d26d30b033dd423f\"},\"headline\":\"PodCast Vis\u00e3o da Engenharia &#8211; A vis\u00e3o da Engenharia internacional e brasileira #11\",\"datePublished\":\"2025-06-12T17:21:06+00:00\",\"dateModified\":\"2025-06-13T15:33:43+00:00\",\"mainEntityOfPage\":{\"@id\":\"https:\/\/www.institutodeengenharia.org.br\/site\/2025\/06\/12\/podcast-visao-da-engenharia-a-visao-da-engenharia-internacional-e-brasileira-11\/\"},\"wordCount\":220,\"commentCount\":0,\"publisher\":{\"@id\":\"https:\/\/www.institutodeengenharia.org.br\/site\/#organization\"},\"image\":{\"@id\":\"https:\/\/www.institutodeengenharia.org.br\/site\/2025\/06\/12\/podcast-visao-da-engenharia-a-visao-da-engenharia-internacional-e-brasileira-11\/#primaryimage\"},\"thumbnailUrl\":\"https:\/\/www.institutodeengenharia.org.br\/site\/wp-content\/uploads\/2025\/06\/WhatsApp-Image-2025-06-12-at-12.33.14.jpeg\",\"keywords\":[\"video-home\"],\"articleSection\":[\"Nova TV Engenharia\",\"Palestra\"],\"inLanguage\":\"pt-BR\",\"potentialAction\":[{\"@type\":\"CommentAction\",\"name\":\"Comment\",\"target\":[\"https:\/\/www.institutodeengenharia.org.br\/site\/2025\/06\/12\/podcast-visao-da-engenharia-a-visao-da-engenharia-internacional-e-brasileira-11\/#respond\"]}]},{\"@type\":\"WebPage\",\"@id\":\"https:\/\/www.institutodeengenharia.org.br\/site\/2025\/06\/12\/podcast-visao-da-engenharia-a-visao-da-engenharia-internacional-e-brasileira-11\/\",\"url\":\"https:\/\/www.institutodeengenharia.org.br\/site\/2025\/06\/12\/podcast-visao-da-engenharia-a-visao-da-engenharia-internacional-e-brasileira-11\/\",\"name\":\"PodCast Vis\u00e3o da Engenharia - A vis\u00e3o da Engenharia internacional e brasileira #11 - Instituto de Engenharia\",\"isPartOf\":{\"@id\":\"https:\/\/www.institutodeengenharia.org.br\/site\/#website\"},\"primaryImageOfPage\":{\"@id\":\"https:\/\/www.institutodeengenharia.org.br\/site\/2025\/06\/12\/podcast-visao-da-engenharia-a-visao-da-engenharia-internacional-e-brasileira-11\/#primaryimage\"},\"image\":{\"@id\":\"https:\/\/www.institutodeengenharia.org.br\/site\/2025\/06\/12\/podcast-visao-da-engenharia-a-visao-da-engenharia-internacional-e-brasileira-11\/#primaryimage\"},\"thumbnailUrl\":\"https:\/\/www.institutodeengenharia.org.br\/site\/wp-content\/uploads\/2025\/06\/WhatsApp-Image-2025-06-12-at-12.33.14.jpeg\",\"datePublished\":\"2025-06-12T17:21:06+00:00\",\"dateModified\":\"2025-06-13T15:33:43+00:00\",\"breadcrumb\":{\"@id\":\"https:\/\/www.institutodeengenharia.org.br\/site\/2025\/06\/12\/podcast-visao-da-engenharia-a-visao-da-engenharia-internacional-e-brasileira-11\/#breadcrumb\"},\"inLanguage\":\"pt-BR\",\"potentialAction\":[{\"@type\":\"ReadAction\",\"target\":[\"https:\/\/www.institutodeengenharia.org.br\/site\/2025\/06\/12\/podcast-visao-da-engenharia-a-visao-da-engenharia-internacional-e-brasileira-11\/\"]}]},{\"@type\":\"ImageObject\",\"inLanguage\":\"pt-BR\",\"@id\":\"https:\/\/www.institutodeengenharia.org.br\/site\/2025\/06\/12\/podcast-visao-da-engenharia-a-visao-da-engenharia-internacional-e-brasileira-11\/#primaryimage\",\"url\":\"https:\/\/www.institutodeengenharia.org.br\/site\/wp-content\/uploads\/2025\/06\/WhatsApp-Image-2025-06-12-at-12.33.14.jpeg\",\"contentUrl\":\"https:\/\/www.institutodeengenharia.org.br\/site\/wp-content\/uploads\/2025\/06\/WhatsApp-Image-2025-06-12-at-12.33.14.jpeg\",\"width\":1280,\"height\":720},{\"@type\":\"BreadcrumbList\",\"@id\":\"https:\/\/www.institutodeengenharia.org.br\/site\/2025\/06\/12\/podcast-visao-da-engenharia-a-visao-da-engenharia-internacional-e-brasileira-11\/#breadcrumb\",\"itemListElement\":[{\"@type\":\"ListItem\",\"position\":1,\"name\":\"In\u00edcio\",\"item\":\"https:\/\/www.institutodeengenharia.org.br\/site\/\"},{\"@type\":\"ListItem\",\"position\":2,\"name\":\"PodCast Vis\u00e3o da Engenharia &#8211; A vis\u00e3o da Engenharia internacional e brasileira #11\"}]},{\"@type\":\"WebSite\",\"@id\":\"https:\/\/www.institutodeengenharia.org.br\/site\/#website\",\"url\":\"https:\/\/www.institutodeengenharia.org.br\/site\/\",\"name\":\"Instituto de Engenharia\",\"description\":\"O Instituto de Engenharia promove a Engenharia em benef\u00edcio do desenvolvimento e da qualidade de vida da sociedade.\",\"publisher\":{\"@id\":\"https:\/\/www.institutodeengenharia.org.br\/site\/#organization\"},\"potentialAction\":[{\"@type\":\"SearchAction\",\"target\":{\"@type\":\"EntryPoint\",\"urlTemplate\":\"https:\/\/www.institutodeengenharia.org.br\/site\/?s={search_term_string}\"},\"query-input\":{\"@type\":\"PropertyValueSpecification\",\"valueRequired\":true,\"valueName\":\"search_term_string\"}}],\"inLanguage\":\"pt-BR\"},{\"@type\":\"Organization\",\"@id\":\"https:\/\/www.institutodeengenharia.org.br\/site\/#organization\",\"name\":\"Instituto de Engenharia\",\"url\":\"https:\/\/www.institutodeengenharia.org.br\/site\/\",\"logo\":{\"@type\":\"ImageObject\",\"inLanguage\":\"pt-BR\",\"@id\":\"https:\/\/www.institutodeengenharia.org.br\/site\/#\/schema\/logo\/image\/\",\"url\":\"https:\/\/www.institutodeengenharia.org.br\/site\/wp-content\/uploads\/2019\/03\/logo-novo-IE2018-1.jpg\",\"contentUrl\":\"https:\/\/www.institutodeengenharia.org.br\/site\/wp-content\/uploads\/2019\/03\/logo-novo-IE2018-1.jpg\",\"width\":1486,\"height\":1879,\"caption\":\"Instituto de Engenharia\"},\"image\":{\"@id\":\"https:\/\/www.institutodeengenharia.org.br\/site\/#\/schema\/logo\/image\/\"},\"sameAs\":[\"https:\/\/www.facebook.com\/institutodeengenharia\",\"https:\/\/x.com\/iengenharia\",\"https:\/\/www.instagram.com\/institutodeengenharia\/\",\"https:\/\/www.linkedin.com\/company\/instituto-de-engenharia\/\",\"https:\/\/www.youtube.com\/channel\/UCXiCAlsSMe977vamW915HxA\"]},{\"@type\":\"Person\",\"@id\":\"https:\/\/www.institutodeengenharia.org.br\/site\/#\/schema\/person\/aeb64951c405e100d26d30b033dd423f\",\"name\":\"Bianca\",\"image\":{\"@type\":\"ImageObject\",\"inLanguage\":\"pt-BR\",\"@id\":\"https:\/\/secure.gravatar.com\/avatar\/a6fbe9bff57405baf4c1e2c5c1811e072b558253974a9f9508f4678900c97c2a?s=96&d=mm&r=g\",\"url\":\"https:\/\/secure.gravatar.com\/avatar\/a6fbe9bff57405baf4c1e2c5c1811e072b558253974a9f9508f4678900c97c2a?s=96&d=mm&r=g\",\"contentUrl\":\"https:\/\/secure.gravatar.com\/avatar\/a6fbe9bff57405baf4c1e2c5c1811e072b558253974a9f9508f4678900c97c2a?s=96&d=mm&r=g\",\"caption\":\"Bianca\"},\"url\":\"https:\/\/www.institutodeengenharia.org.br\/site\/author\/comunicacao1\/\"}]}<\/script>\n<!-- \/ Yoast SEO plugin. -->","yoast_head_json":{"title":"PodCast Vis\u00e3o da Engenharia - A vis\u00e3o da Engenharia internacional e brasileira #11 - Instituto de Engenharia","robots":{"index":"index","follow":"follow","max-snippet":"max-snippet:-1","max-image-preview":"max-image-preview:large","max-video-preview":"max-video-preview:-1"},"canonical":"https:\/\/www.institutodeengenharia.org.br\/site\/2025\/06\/12\/podcast-visao-da-engenharia-a-visao-da-engenharia-internacional-e-brasileira-11\/","og_locale":"pt_BR","og_type":"article","og_title":"PodCast Vis\u00e3o da Engenharia - A vis\u00e3o da Engenharia internacional e brasileira #11 - Instituto de Engenharia","og_description":"Assista abaixo \u00e0 grava\u00e7\u00e3o do epis\u00f3dio:\u00a0 O diretor de pa\u00eds da Acciona Brasil, o ga\u00facho Andr\u00e9 de Angelo, conta a hist\u00f3ria da Acciona no mundo, e no Brasil, suas atividades na infraestrutura e obras. Entre as realiza\u00e7\u00f5es no Brasil, est\u00e1 a constru\u00e7\u00e3o da Linha 6 Laranja do Metr\u00f4, o Porto de A\u00e7u, a sala S\u00e3o [&hellip;]","og_url":"https:\/\/www.institutodeengenharia.org.br\/site\/2025\/06\/12\/podcast-visao-da-engenharia-a-visao-da-engenharia-internacional-e-brasileira-11\/","og_site_name":"Instituto de Engenharia","article_publisher":"https:\/\/www.facebook.com\/institutodeengenharia","article_published_time":"2025-06-12T17:21:06+00:00","article_modified_time":"2025-06-13T15:33:43+00:00","og_image":[{"width":1280,"height":720,"url":"https:\/\/www.institutodeengenharia.org.br\/site\/wp-content\/uploads\/2025\/06\/WhatsApp-Image-2025-06-12-at-12.33.14.jpeg","type":"image\/jpeg"}],"author":"Bianca","twitter_card":"summary_large_image","twitter_creator":"@iengenharia","twitter_site":"@iengenharia","twitter_misc":{"Escrito por":"Bianca","Est. tempo de leitura":"2 minutos"},"schema":{"@context":"https:\/\/schema.org","@graph":[{"@type":"Article","@id":"https:\/\/www.institutodeengenharia.org.br\/site\/2025\/06\/12\/podcast-visao-da-engenharia-a-visao-da-engenharia-internacional-e-brasileira-11\/#article","isPartOf":{"@id":"https:\/\/www.institutodeengenharia.org.br\/site\/2025\/06\/12\/podcast-visao-da-engenharia-a-visao-da-engenharia-internacional-e-brasileira-11\/"},"author":{"name":"Bianca","@id":"https:\/\/www.institutodeengenharia.org.br\/site\/#\/schema\/person\/aeb64951c405e100d26d30b033dd423f"},"headline":"PodCast Vis\u00e3o da Engenharia &#8211; A vis\u00e3o da Engenharia internacional e brasileira #11","datePublished":"2025-06-12T17:21:06+00:00","dateModified":"2025-06-13T15:33:43+00:00","mainEntityOfPage":{"@id":"https:\/\/www.institutodeengenharia.org.br\/site\/2025\/06\/12\/podcast-visao-da-engenharia-a-visao-da-engenharia-internacional-e-brasileira-11\/"},"wordCount":220,"commentCount":0,"publisher":{"@id":"https:\/\/www.institutodeengenharia.org.br\/site\/#organization"},"image":{"@id":"https:\/\/www.institutodeengenharia.org.br\/site\/2025\/06\/12\/podcast-visao-da-engenharia-a-visao-da-engenharia-internacional-e-brasileira-11\/#primaryimage"},"thumbnailUrl":"https:\/\/www.institutodeengenharia.org.br\/site\/wp-content\/uploads\/2025\/06\/WhatsApp-Image-2025-06-12-at-12.33.14.jpeg","keywords":["video-home"],"articleSection":["Nova TV Engenharia","Palestra"],"inLanguage":"pt-BR","potentialAction":[{"@type":"CommentAction","name":"Comment","target":["https:\/\/www.institutodeengenharia.org.br\/site\/2025\/06\/12\/podcast-visao-da-engenharia-a-visao-da-engenharia-internacional-e-brasileira-11\/#respond"]}]},{"@type":"WebPage","@id":"https:\/\/www.institutodeengenharia.org.br\/site\/2025\/06\/12\/podcast-visao-da-engenharia-a-visao-da-engenharia-internacional-e-brasileira-11\/","url":"https:\/\/www.institutodeengenharia.org.br\/site\/2025\/06\/12\/podcast-visao-da-engenharia-a-visao-da-engenharia-internacional-e-brasileira-11\/","name":"PodCast Vis\u00e3o da Engenharia - A vis\u00e3o da Engenharia internacional e brasileira #11 - Instituto de Engenharia","isPartOf":{"@id":"https:\/\/www.institutodeengenharia.org.br\/site\/#website"},"primaryImageOfPage":{"@id":"https:\/\/www.institutodeengenharia.org.br\/site\/2025\/06\/12\/podcast-visao-da-engenharia-a-visao-da-engenharia-internacional-e-brasileira-11\/#primaryimage"},"image":{"@id":"https:\/\/www.institutodeengenharia.org.br\/site\/2025\/06\/12\/podcast-visao-da-engenharia-a-visao-da-engenharia-internacional-e-brasileira-11\/#primaryimage"},"thumbnailUrl":"https:\/\/www.institutodeengenharia.org.br\/site\/wp-content\/uploads\/2025\/06\/WhatsApp-Image-2025-06-12-at-12.33.14.jpeg","datePublished":"2025-06-12T17:21:06+00:00","dateModified":"2025-06-13T15:33:43+00:00","breadcrumb":{"@id":"https:\/\/www.institutodeengenharia.org.br\/site\/2025\/06\/12\/podcast-visao-da-engenharia-a-visao-da-engenharia-internacional-e-brasileira-11\/#breadcrumb"},"inLanguage":"pt-BR","potentialAction":[{"@type":"ReadAction","target":["https:\/\/www.institutodeengenharia.org.br\/site\/2025\/06\/12\/podcast-visao-da-engenharia-a-visao-da-engenharia-internacional-e-brasileira-11\/"]}]},{"@type":"ImageObject","inLanguage":"pt-BR","@id":"https:\/\/www.institutodeengenharia.org.br\/site\/2025\/06\/12\/podcast-visao-da-engenharia-a-visao-da-engenharia-internacional-e-brasileira-11\/#primaryimage","url":"https:\/\/www.institutodeengenharia.org.br\/site\/wp-content\/uploads\/2025\/06\/WhatsApp-Image-2025-06-12-at-12.33.14.jpeg","contentUrl":"https:\/\/www.institutodeengenharia.org.br\/site\/wp-content\/uploads\/2025\/06\/WhatsApp-Image-2025-06-12-at-12.33.14.jpeg","width":1280,"height":720},{"@type":"BreadcrumbList","@id":"https:\/\/www.institutodeengenharia.org.br\/site\/2025\/06\/12\/podcast-visao-da-engenharia-a-visao-da-engenharia-internacional-e-brasileira-11\/#breadcrumb","itemListElement":[{"@type":"ListItem","position":1,"name":"In\u00edcio","item":"https:\/\/www.institutodeengenharia.org.br\/site\/"},{"@type":"ListItem","position":2,"name":"PodCast Vis\u00e3o da Engenharia &#8211; A vis\u00e3o da Engenharia internacional e brasileira #11"}]},{"@type":"WebSite","@id":"https:\/\/www.institutodeengenharia.org.br\/site\/#website","url":"https:\/\/www.institutodeengenharia.org.br\/site\/","name":"Instituto de Engenharia","description":"O Instituto de Engenharia promove a Engenharia em benef\u00edcio do desenvolvimento e da qualidade de vida da sociedade.","publisher":{"@id":"https:\/\/www.institutodeengenharia.org.br\/site\/#organization"},"potentialAction":[{"@type":"SearchAction","target":{"@type":"EntryPoint","urlTemplate":"https:\/\/www.institutodeengenharia.org.br\/site\/?s={search_term_string}"},"query-input":{"@type":"PropertyValueSpecification","valueRequired":true,"valueName":"search_term_string"}}],"inLanguage":"pt-BR"},{"@type":"Organization","@id":"https:\/\/www.institutodeengenharia.org.br\/site\/#organization","name":"Instituto de Engenharia","url":"https:\/\/www.institutodeengenharia.org.br\/site\/","logo":{"@type":"ImageObject","inLanguage":"pt-BR","@id":"https:\/\/www.institutodeengenharia.org.br\/site\/#\/schema\/logo\/image\/","url":"https:\/\/www.institutodeengenharia.org.br\/site\/wp-content\/uploads\/2019\/03\/logo-novo-IE2018-1.jpg","contentUrl":"https:\/\/www.institutodeengenharia.org.br\/site\/wp-content\/uploads\/2019\/03\/logo-novo-IE2018-1.jpg","width":1486,"height":1879,"caption":"Instituto de Engenharia"},"image":{"@id":"https:\/\/www.institutodeengenharia.org.br\/site\/#\/schema\/logo\/image\/"},"sameAs":["https:\/\/www.facebook.com\/institutodeengenharia","https:\/\/x.com\/iengenharia","https:\/\/www.instagram.com\/institutodeengenharia\/","https:\/\/www.linkedin.com\/company\/instituto-de-engenharia\/","https:\/\/www.youtube.com\/channel\/UCXiCAlsSMe977vamW915HxA"]},{"@type":"Person","@id":"https:\/\/www.institutodeengenharia.org.br\/site\/#\/schema\/person\/aeb64951c405e100d26d30b033dd423f","name":"Bianca","image":{"@type":"ImageObject","inLanguage":"pt-BR","@id":"https:\/\/secure.gravatar.com\/avatar\/a6fbe9bff57405baf4c1e2c5c1811e072b558253974a9f9508f4678900c97c2a?s=96&d=mm&r=g","url":"https:\/\/secure.gravatar.com\/avatar\/a6fbe9bff57405baf4c1e2c5c1811e072b558253974a9f9508f4678900c97c2a?s=96&d=mm&r=g","contentUrl":"https:\/\/secure.gravatar.com\/avatar\/a6fbe9bff57405baf4c1e2c5c1811e072b558253974a9f9508f4678900c97c2a?s=96&d=mm&r=g","caption":"Bianca"},"url":"https:\/\/www.institutodeengenharia.org.br\/site\/author\/comunicacao1\/"}]}},"_links":{"self":[{"href":"https:\/\/www.institutodeengenharia.org.br\/site\/wp-json\/wp\/v2\/posts\/129759","targetHints":{"allow":["GET"]}}],"collection":[{"href":"https:\/\/www.institutodeengenharia.org.br\/site\/wp-json\/wp\/v2\/posts"}],"about":[{"href":"https:\/\/www.institutodeengenharia.org.br\/site\/wp-json\/wp\/v2\/types\/post"}],"author":[{"embeddable":true,"href":"https:\/\/www.institutodeengenharia.org.br\/site\/wp-json\/wp\/v2\/users\/13"}],"replies":[{"embeddable":true,"href":"https:\/\/www.institutodeengenharia.org.br\/site\/wp-json\/wp\/v2\/comments?post=129759"}],"version-history":[{"count":3,"href":"https:\/\/www.institutodeengenharia.org.br\/site\/wp-json\/wp\/v2\/posts\/129759\/revisions"}],"predecessor-version":[{"id":129798,"href":"https:\/\/www.institutodeengenharia.org.br\/site\/wp-json\/wp\/v2\/posts\/129759\/revisions\/129798"}],"wp:featuredmedia":[{"embeddable":true,"href":"https:\/\/www.institutodeengenharia.org.br\/site\/wp-json\/wp\/v2\/media\/129760"}],"wp:attachment":[{"href":"https:\/\/www.institutodeengenharia.org.br\/site\/wp-json\/wp\/v2\/media?parent=129759"}],"wp:term":[{"taxonomy":"category","embeddable":true,"href":"https:\/\/www.institutodeengenharia.org.br\/site\/wp-json\/wp\/v2\/categories?post=129759"},{"taxonomy":"post_tag","embeddable":true,"href":"https:\/\/www.institutodeengenharia.org.br\/site\/wp-json\/wp\/v2\/tags?post=129759"}],"curies":[{"name":"wp","href":"https:\/\/api.w.org\/{rel}","templated":true}]}}