{"id":129582,"date":"2025-06-05T15:17:11","date_gmt":"2025-06-05T18:17:11","guid":{"rendered":"https:\/\/www.institutodeengenharia.org.br\/site\/?p=129582"},"modified":"2025-06-09T15:21:22","modified_gmt":"2025-06-09T18:21:22","slug":"certificacao-de-cidades-inteligentes","status":"publish","type":"post","link":"https:\/\/www.institutodeengenharia.org.br\/site\/2025\/06\/05\/certificacao-de-cidades-inteligentes\/","title":{"rendered":"Certifica\u00e7\u00e3o de Cidades Inteligentes"},"content":{"rendered":"<p><strong>Assista abaixo \u00e0 grava\u00e7\u00e3o do evento:<\/strong><\/p>\n<div style=\"padding: 56.25% 0 0 0; position: relative;\"><iframe style=\"position: absolute; top: 0; left: 0; width: 100%; height: 100%;\" title=\"Certifica\u00e7\u00e3o de Cidades Inteligentes - 05\/06\/2025\" src=\"https:\/\/player.vimeo.com\/video\/1090637199?badge=0&amp;autopause=0&amp;player_id=0&amp;app_id=58479\" frameborder=\"0\"><\/iframe><\/div>\n<p>&nbsp;<\/p>\n<p><strong>+ Informa\u00e7\u00f5es:\u00a0<\/strong><\/p>\n<p>Como preparar sua cidade para o futuro:<\/p>\n<p>A transforma\u00e7\u00e3o urbana est\u00e1 em curso e as cidades que lideram esse movimento s\u00e3o aquelas que investem em inova\u00e7\u00e3o, sustentabilidade e bem-estar para seus cidad\u00e3os. O evento &#8220;Certifica\u00e7\u00e3o para Cidades Inteligentes&#8221; \u00e9 uma oportunidade \u00fanica para gestores p\u00fablicos, especialistas, empresas e agentes da sociedade civil conhecerem os caminhos e crit\u00e9rios para tornar um munic\u00edpio mais eficiente, resiliente e conectado.<\/p>\n<p>Durante o encontro, ser\u00e3o apresentados os principais modelos de certifica\u00e7\u00e3o nacional e internacional, suas etapas, benef\u00edcios e impactos diretos na qualidade de vida urbana. Tamb\u00e9m ser\u00e3o compartilhadas experi\u00eancias pr\u00e1ticas de cidades que j\u00e1 est\u00e3o trilhando esse caminho, al\u00e9m de pain\u00e9is com especialistas em tecnologia, mobilidade, meio ambiente, governan\u00e7a e inclus\u00e3o digital.<\/p>\n<p>Participe, e descubra como sua cidade pode se destacar como um exemplo de desenvolvimento inteligente e sustent\u00e1vel!<\/p>\n<p><strong>P\u00fablico-alvo:\u00a0<\/strong><\/p>\n<p>Gestores P\u00fablicos, Prefeituras, arquitetos, engenheiros e interessados no tema.<\/p>\n<p style=\"text-align: center;\"><strong>Programa\u00e7\u00e3o:\u00a0<\/strong><\/p>\n<p><strong>9h<\/strong> &#8211; Abertura<\/p>\n<p><strong>9h10 &#8211; Palestra 1:<\/strong> Cidades Inteligentes: Governan\u00e7a e Tecnologia rumo \u00e0 uma sociedade sustent\u00e1vel.<br \/>\nPalestrante: Felipe Hammel &#8211; Head de Smart Cities e Transforma\u00e7\u00e3o Digital do Parque de Inova\u00e7\u00e3o Tecnol\u00f3gica de S\u00e3o Jos\u00e9 dos Campos<\/p>\n<p><strong>10h &#8211; Palestra 2:<\/strong> Mapeamento de Pol\u00edticas P\u00fablicas na Certifica\u00e7\u00e3o Normas ISSO<br \/>\nPalestrante: Ana Paula Cintra &#8211; CEO da SmartUrb<\/p>\n<p><strong>10h30 &#8211; Palestra 3:<\/strong> S\u00e3o Paulo, a primeira capital brasileira com Certifica\u00e7\u00e3o ISO Internacional de Cidade Inteligente, Resiliente e Sustent\u00e1vel: Desafios e Experi\u00eancias.<br \/>\nPalestrante: Humberto de Alencar &#8211; Secret\u00e1rio Adjunto na Secretaria de Inova\u00e7\u00e3o e Tecnologia do Munic\u00edpio de S\u00e3o Paulo (SMIT-SP)<\/p>\n<p><strong>11h &#8211; Palestra 4:<\/strong> Desafios na opera\u00e7\u00e3o e fiscaliza\u00e7\u00e3o de tr\u00e2nsito nas cidades inteligentes<br \/>\nPalestrante: Jaques Mendel Rechter \u2013 Vice-coordenador da Divis\u00e3o T\u00e9cnica de Tr\u00e2nsito do IE<\/p>\n<p><strong>11h20 &#8211; Palestra 5: <\/strong>Sistema Urano e o controle de inunda\u00e7\u00f5es<br \/>\nPalestrante: Rafael Neves &#8211; Analista de Tecnologia da Informa\u00e7\u00e3o na Prefeitura de S\u00e3o Paulo<\/p>\n<p><strong>11h50 &#8211; Composi\u00e7\u00e3o de Mesa para d\u00favidas e debates<\/strong><\/p>\n<p><strong>12h50 &#8211; Encerramento<\/strong><\/p>\n<p><strong>Realiza\u00e7\u00e3o:<\/strong><\/p>\n<p><img loading=\"lazy\" decoding=\"async\" class=\"wp-image-86938 alignnone alignleft\" src=\"https:\/\/www.institutodeengenharia.org.br\/site\/wp-content\/uploads\/2021\/10\/logo-news2.png\" alt=\"\" width=\"106\" height=\"154\" srcset=\"https:\/\/www.institutodeengenharia.org.br\/site\/wp-content\/uploads\/2021\/10\/logo-news2.png 553w, https:\/\/www.institutodeengenharia.org.br\/site\/wp-content\/uploads\/2021\/10\/logo-news2-207x300.png 207w, https:\/\/www.institutodeengenharia.org.br\/site\/wp-content\/uploads\/2021\/10\/logo-news2-290x420.png 290w\" sizes=\"auto, (max-width: 106px) 100vw, 106px\" \/><\/p>\n<p><strong>Eng. Jer\u00f4nimo Cabral Pereira Fagundes Neto<\/strong> \u2013 Vice-presidente de Atividades T\u00e9cnicas<\/p>\n<p><strong>Eng. Francisco Jos\u00e9 Pereira de Oliveira<\/strong> \u2013 Diretor do Departamento de Desenvolvimento de Projeto e Servi\u00e7os de Infraestrutura<\/p>\n<p><strong>Eng. Al\u00e9ssio Bento Borelli<\/strong> \u2013 Diretor do Departamento de Desenvolvimento de Tecnologia, Ind\u00fastria, Energia e Telecomunica\u00e7\u00f5es<\/p>\n<p><strong>Eng.\u00aa D\u00e9bora Sanches de A. Marinello<\/strong> \u2013 Diretora do Departamento de Desenvolvimento de Gest\u00e3o e Objetivos<\/p>\n<p><strong>Arq. Maria da Penha Pereira Nobre<\/strong> &#8211; Diretora do Departamento de Desenvolvimento Urbano e Regional<\/p>\n<p><strong>Arq. Urb. Taina Volcov<\/strong> \u2013 Coordenadora da Divis\u00e3o T\u00e9cnica de Arquitetura, Paisagismo e Comunica\u00e7\u00e3o Visual<\/p>\n<p><strong>Eng.\u00aa Aurea L. Vendramin Georgi<\/strong> \u2013 Vice-diretora do Departamento de Desenvolvimento de Tecnologia, Ind\u00fastria, Energia e Telecomunica\u00e7\u00f5es; Coordenadora da Divis\u00e3o T\u00e9cnica de Intelig\u00eancia Artificial, Controle e Automa\u00e7\u00e3o<\/p>\n<p><strong>Eng. Aristeu Zensaburo Nakamura<\/strong> \u2013 Coordenador da Divis\u00e3o T\u00e9cnica de Geom\u00e1tica<\/p>\n<p><strong>Eng. Ivan Metran Whately<\/strong> &#8211; Coordenador da Divis\u00e3o T\u00e9cnica de Mobilidade e Log\u00edstica Urbana<\/p>\n<p><strong>Arq. Urb. Alberto Epifani<\/strong> &#8211; Coordenador da Divis\u00e3o T\u00e9cnica de Urbaniza\u00e7\u00e3o<\/p>\n<p><strong>Apoio Institucional:<\/strong><\/p>\n<p><img loading=\"lazy\" decoding=\"async\" class=\"alignnone wp-image-129168\" src=\"https:\/\/www.institutodeengenharia.org.br\/site\/wp-content\/uploads\/2025\/05\/apoiocidades.png\" alt=\"\" width=\"358\" height=\"117\" srcset=\"https:\/\/www.institutodeengenharia.org.br\/site\/wp-content\/uploads\/2025\/05\/apoiocidades.png 478w, https:\/\/www.institutodeengenharia.org.br\/site\/wp-content\/uploads\/2025\/05\/apoiocidades-300x98.png 300w\" sizes=\"auto, (max-width: 358px) 100vw, 358px\" \/><\/p>\n<p><strong>Apoio \u00e0 forma\u00e7\u00e3o:\u00a0<\/strong><\/p>\n<p>Espa\u00e7o aberto ao CREA-SP, objetivando o aperfei\u00e7oamento dos profissionais e o aprimoramento da fiscaliza\u00e7\u00e3o das \u00e1reas abrangidas pelo Sistema Confea\/CREAs, al\u00e9m de promover a conscientiza\u00e7\u00e3o da sociedade quanto \u00e0 necessidade e obrigatoriedade de contratar um profissional devidamente habilitado.<\/p>\n<p>&nbsp;<\/p>\n","protected":false},"excerpt":{"rendered":"<p>Assista abaixo \u00e0 grava\u00e7\u00e3o do evento: &nbsp; + Informa\u00e7\u00f5es:\u00a0 Como preparar sua cidade para o futuro: A transforma\u00e7\u00e3o urbana est\u00e1 em curso e as cidades que lideram esse movimento s\u00e3o aquelas que investem em inova\u00e7\u00e3o, sustentabilidade e bem-estar para seus cidad\u00e3os. O evento &#8220;Certifica\u00e7\u00e3o para Cidades Inteligentes&#8221; \u00e9 uma oportunidade \u00fanica para gestores p\u00fablicos, especialistas, [&hellip;]<\/p>\n","protected":false},"author":13,"featured_media":128569,"comment_status":"open","ping_status":"open","sticky":false,"template":"","format":"video","meta":{"footnotes":""},"categories":[968,969],"tags":[1176],"class_list":{"0":"post-129582","1":"post","2":"type-post","3":"status-publish","4":"format-video","5":"has-post-thumbnail","7":"category-nova-tv-engenharia","8":"category-palestra","9":"tag-video-home","10":"post_format-post-format-video"},"yoast_head":"<!-- This site is optimized with the Yoast SEO plugin v27.2 - https:\/\/yoast.com\/product\/yoast-seo-wordpress\/ -->\n<title>Certifica\u00e7\u00e3o de Cidades Inteligentes - Instituto de Engenharia<\/title>\n<meta name=\"robots\" content=\"index, follow, max-snippet:-1, max-image-preview:large, max-video-preview:-1\" \/>\n<link rel=\"canonical\" href=\"https:\/\/www.institutodeengenharia.org.br\/site\/2025\/06\/05\/certificacao-de-cidades-inteligentes\/\" \/>\n<meta property=\"og:locale\" content=\"pt_BR\" \/>\n<meta property=\"og:type\" content=\"article\" \/>\n<meta property=\"og:title\" content=\"Certifica\u00e7\u00e3o de Cidades Inteligentes - Instituto de Engenharia\" \/>\n<meta property=\"og:description\" content=\"Assista abaixo \u00e0 grava\u00e7\u00e3o do evento: &nbsp; + Informa\u00e7\u00f5es:\u00a0 Como preparar sua cidade para o futuro: A transforma\u00e7\u00e3o urbana est\u00e1 em curso e as cidades que lideram esse movimento s\u00e3o aquelas que investem em inova\u00e7\u00e3o, sustentabilidade e bem-estar para seus cidad\u00e3os. O evento &#8220;Certifica\u00e7\u00e3o para Cidades Inteligentes&#8221; \u00e9 uma oportunidade \u00fanica para gestores p\u00fablicos, especialistas, [&hellip;]\" \/>\n<meta property=\"og:url\" content=\"https:\/\/www.institutodeengenharia.org.br\/site\/2025\/06\/05\/certificacao-de-cidades-inteligentes\/\" \/>\n<meta property=\"og:site_name\" content=\"Instituto de Engenharia\" \/>\n<meta property=\"article:publisher\" content=\"https:\/\/www.facebook.com\/institutodeengenharia\" \/>\n<meta property=\"article:published_time\" content=\"2025-06-05T18:17:11+00:00\" \/>\n<meta property=\"article:modified_time\" content=\"2025-06-09T18:21:22+00:00\" \/>\n<meta property=\"og:image\" content=\"https:\/\/www.institutodeengenharia.org.br\/site\/wp-content\/uploads\/2025\/05\/Gemini_Generated_Image_bg62cibg62cibg62-1-e1747661073359.jpeg\" \/>\n\t<meta property=\"og:image:width\" content=\"2048\" \/>\n\t<meta property=\"og:image:height\" content=\"1208\" \/>\n\t<meta property=\"og:image:type\" content=\"image\/jpeg\" \/>\n<meta name=\"author\" content=\"Bianca\" \/>\n<meta name=\"twitter:card\" content=\"summary_large_image\" \/>\n<meta name=\"twitter:creator\" content=\"@iengenharia\" \/>\n<meta name=\"twitter:site\" content=\"@iengenharia\" \/>\n<meta name=\"twitter:label1\" content=\"Escrito por\" \/>\n\t<meta name=\"twitter:data1\" content=\"Bianca\" \/>\n\t<meta name=\"twitter:label2\" content=\"Est. tempo de leitura\" \/>\n\t<meta name=\"twitter:data2\" content=\"4 minutos\" \/>\n<script type=\"application\/ld+json\" class=\"yoast-schema-graph\">{\"@context\":\"https:\/\/schema.org\",\"@graph\":[{\"@type\":\"Article\",\"@id\":\"https:\/\/www.institutodeengenharia.org.br\/site\/2025\/06\/05\/certificacao-de-cidades-inteligentes\/#article\",\"isPartOf\":{\"@id\":\"https:\/\/www.institutodeengenharia.org.br\/site\/2025\/06\/05\/certificacao-de-cidades-inteligentes\/\"},\"author\":{\"name\":\"Bianca\",\"@id\":\"https:\/\/www.institutodeengenharia.org.br\/site\/#\/schema\/person\/aeb64951c405e100d26d30b033dd423f\"},\"headline\":\"Certifica\u00e7\u00e3o de Cidades Inteligentes\",\"datePublished\":\"2025-06-05T18:17:11+00:00\",\"dateModified\":\"2025-06-09T18:21:22+00:00\",\"mainEntityOfPage\":{\"@id\":\"https:\/\/www.institutodeengenharia.org.br\/site\/2025\/06\/05\/certificacao-de-cidades-inteligentes\/\"},\"wordCount\":591,\"commentCount\":0,\"publisher\":{\"@id\":\"https:\/\/www.institutodeengenharia.org.br\/site\/#organization\"},\"image\":{\"@id\":\"https:\/\/www.institutodeengenharia.org.br\/site\/2025\/06\/05\/certificacao-de-cidades-inteligentes\/#primaryimage\"},\"thumbnailUrl\":\"https:\/\/www.institutodeengenharia.org.br\/site\/wp-content\/uploads\/2025\/05\/Gemini_Generated_Image_bg62cibg62cibg62-1-e1747661073359.jpeg\",\"keywords\":[\"video-home\"],\"articleSection\":[\"Nova TV Engenharia\",\"Palestra\"],\"inLanguage\":\"pt-BR\",\"potentialAction\":[{\"@type\":\"CommentAction\",\"name\":\"Comment\",\"target\":[\"https:\/\/www.institutodeengenharia.org.br\/site\/2025\/06\/05\/certificacao-de-cidades-inteligentes\/#respond\"]}]},{\"@type\":\"WebPage\",\"@id\":\"https:\/\/www.institutodeengenharia.org.br\/site\/2025\/06\/05\/certificacao-de-cidades-inteligentes\/\",\"url\":\"https:\/\/www.institutodeengenharia.org.br\/site\/2025\/06\/05\/certificacao-de-cidades-inteligentes\/\",\"name\":\"Certifica\u00e7\u00e3o de Cidades Inteligentes - Instituto de Engenharia\",\"isPartOf\":{\"@id\":\"https:\/\/www.institutodeengenharia.org.br\/site\/#website\"},\"primaryImageOfPage\":{\"@id\":\"https:\/\/www.institutodeengenharia.org.br\/site\/2025\/06\/05\/certificacao-de-cidades-inteligentes\/#primaryimage\"},\"image\":{\"@id\":\"https:\/\/www.institutodeengenharia.org.br\/site\/2025\/06\/05\/certificacao-de-cidades-inteligentes\/#primaryimage\"},\"thumbnailUrl\":\"https:\/\/www.institutodeengenharia.org.br\/site\/wp-content\/uploads\/2025\/05\/Gemini_Generated_Image_bg62cibg62cibg62-1-e1747661073359.jpeg\",\"datePublished\":\"2025-06-05T18:17:11+00:00\",\"dateModified\":\"2025-06-09T18:21:22+00:00\",\"breadcrumb\":{\"@id\":\"https:\/\/www.institutodeengenharia.org.br\/site\/2025\/06\/05\/certificacao-de-cidades-inteligentes\/#breadcrumb\"},\"inLanguage\":\"pt-BR\",\"potentialAction\":[{\"@type\":\"ReadAction\",\"target\":[\"https:\/\/www.institutodeengenharia.org.br\/site\/2025\/06\/05\/certificacao-de-cidades-inteligentes\/\"]}]},{\"@type\":\"ImageObject\",\"inLanguage\":\"pt-BR\",\"@id\":\"https:\/\/www.institutodeengenharia.org.br\/site\/2025\/06\/05\/certificacao-de-cidades-inteligentes\/#primaryimage\",\"url\":\"https:\/\/www.institutodeengenharia.org.br\/site\/wp-content\/uploads\/2025\/05\/Gemini_Generated_Image_bg62cibg62cibg62-1-e1747661073359.jpeg\",\"contentUrl\":\"https:\/\/www.institutodeengenharia.org.br\/site\/wp-content\/uploads\/2025\/05\/Gemini_Generated_Image_bg62cibg62cibg62-1-e1747661073359.jpeg\",\"width\":2048,\"height\":1208},{\"@type\":\"BreadcrumbList\",\"@id\":\"https:\/\/www.institutodeengenharia.org.br\/site\/2025\/06\/05\/certificacao-de-cidades-inteligentes\/#breadcrumb\",\"itemListElement\":[{\"@type\":\"ListItem\",\"position\":1,\"name\":\"In\u00edcio\",\"item\":\"https:\/\/www.institutodeengenharia.org.br\/site\/\"},{\"@type\":\"ListItem\",\"position\":2,\"name\":\"Certifica\u00e7\u00e3o de Cidades Inteligentes\"}]},{\"@type\":\"WebSite\",\"@id\":\"https:\/\/www.institutodeengenharia.org.br\/site\/#website\",\"url\":\"https:\/\/www.institutodeengenharia.org.br\/site\/\",\"name\":\"Instituto de Engenharia\",\"description\":\"O Instituto de Engenharia promove a Engenharia em benef\u00edcio do desenvolvimento e da qualidade de vida da sociedade.\",\"publisher\":{\"@id\":\"https:\/\/www.institutodeengenharia.org.br\/site\/#organization\"},\"potentialAction\":[{\"@type\":\"SearchAction\",\"target\":{\"@type\":\"EntryPoint\",\"urlTemplate\":\"https:\/\/www.institutodeengenharia.org.br\/site\/?s={search_term_string}\"},\"query-input\":{\"@type\":\"PropertyValueSpecification\",\"valueRequired\":true,\"valueName\":\"search_term_string\"}}],\"inLanguage\":\"pt-BR\"},{\"@type\":\"Organization\",\"@id\":\"https:\/\/www.institutodeengenharia.org.br\/site\/#organization\",\"name\":\"Instituto de Engenharia\",\"url\":\"https:\/\/www.institutodeengenharia.org.br\/site\/\",\"logo\":{\"@type\":\"ImageObject\",\"inLanguage\":\"pt-BR\",\"@id\":\"https:\/\/www.institutodeengenharia.org.br\/site\/#\/schema\/logo\/image\/\",\"url\":\"https:\/\/www.institutodeengenharia.org.br\/site\/wp-content\/uploads\/2019\/03\/logo-novo-IE2018-1.jpg\",\"contentUrl\":\"https:\/\/www.institutodeengenharia.org.br\/site\/wp-content\/uploads\/2019\/03\/logo-novo-IE2018-1.jpg\",\"width\":1486,\"height\":1879,\"caption\":\"Instituto de Engenharia\"},\"image\":{\"@id\":\"https:\/\/www.institutodeengenharia.org.br\/site\/#\/schema\/logo\/image\/\"},\"sameAs\":[\"https:\/\/www.facebook.com\/institutodeengenharia\",\"https:\/\/x.com\/iengenharia\",\"https:\/\/www.instagram.com\/institutodeengenharia\/\",\"https:\/\/www.linkedin.com\/company\/instituto-de-engenharia\/\",\"https:\/\/www.youtube.com\/channel\/UCXiCAlsSMe977vamW915HxA\"]},{\"@type\":\"Person\",\"@id\":\"https:\/\/www.institutodeengenharia.org.br\/site\/#\/schema\/person\/aeb64951c405e100d26d30b033dd423f\",\"name\":\"Bianca\",\"image\":{\"@type\":\"ImageObject\",\"inLanguage\":\"pt-BR\",\"@id\":\"https:\/\/secure.gravatar.com\/avatar\/a6fbe9bff57405baf4c1e2c5c1811e072b558253974a9f9508f4678900c97c2a?s=96&d=mm&r=g\",\"url\":\"https:\/\/secure.gravatar.com\/avatar\/a6fbe9bff57405baf4c1e2c5c1811e072b558253974a9f9508f4678900c97c2a?s=96&d=mm&r=g\",\"contentUrl\":\"https:\/\/secure.gravatar.com\/avatar\/a6fbe9bff57405baf4c1e2c5c1811e072b558253974a9f9508f4678900c97c2a?s=96&d=mm&r=g\",\"caption\":\"Bianca\"},\"url\":\"https:\/\/www.institutodeengenharia.org.br\/site\/author\/comunicacao1\/\"}]}<\/script>\n<!-- \/ Yoast SEO plugin. -->","yoast_head_json":{"title":"Certifica\u00e7\u00e3o de Cidades Inteligentes - Instituto de Engenharia","robots":{"index":"index","follow":"follow","max-snippet":"max-snippet:-1","max-image-preview":"max-image-preview:large","max-video-preview":"max-video-preview:-1"},"canonical":"https:\/\/www.institutodeengenharia.org.br\/site\/2025\/06\/05\/certificacao-de-cidades-inteligentes\/","og_locale":"pt_BR","og_type":"article","og_title":"Certifica\u00e7\u00e3o de Cidades Inteligentes - Instituto de Engenharia","og_description":"Assista abaixo \u00e0 grava\u00e7\u00e3o do evento: &nbsp; + Informa\u00e7\u00f5es:\u00a0 Como preparar sua cidade para o futuro: A transforma\u00e7\u00e3o urbana est\u00e1 em curso e as cidades que lideram esse movimento s\u00e3o aquelas que investem em inova\u00e7\u00e3o, sustentabilidade e bem-estar para seus cidad\u00e3os. O evento &#8220;Certifica\u00e7\u00e3o para Cidades Inteligentes&#8221; \u00e9 uma oportunidade \u00fanica para gestores p\u00fablicos, especialistas, [&hellip;]","og_url":"https:\/\/www.institutodeengenharia.org.br\/site\/2025\/06\/05\/certificacao-de-cidades-inteligentes\/","og_site_name":"Instituto de Engenharia","article_publisher":"https:\/\/www.facebook.com\/institutodeengenharia","article_published_time":"2025-06-05T18:17:11+00:00","article_modified_time":"2025-06-09T18:21:22+00:00","og_image":[{"width":2048,"height":1208,"url":"https:\/\/www.institutodeengenharia.org.br\/site\/wp-content\/uploads\/2025\/05\/Gemini_Generated_Image_bg62cibg62cibg62-1-e1747661073359.jpeg","type":"image\/jpeg"}],"author":"Bianca","twitter_card":"summary_large_image","twitter_creator":"@iengenharia","twitter_site":"@iengenharia","twitter_misc":{"Escrito por":"Bianca","Est. tempo de leitura":"4 minutos"},"schema":{"@context":"https:\/\/schema.org","@graph":[{"@type":"Article","@id":"https:\/\/www.institutodeengenharia.org.br\/site\/2025\/06\/05\/certificacao-de-cidades-inteligentes\/#article","isPartOf":{"@id":"https:\/\/www.institutodeengenharia.org.br\/site\/2025\/06\/05\/certificacao-de-cidades-inteligentes\/"},"author":{"name":"Bianca","@id":"https:\/\/www.institutodeengenharia.org.br\/site\/#\/schema\/person\/aeb64951c405e100d26d30b033dd423f"},"headline":"Certifica\u00e7\u00e3o de Cidades Inteligentes","datePublished":"2025-06-05T18:17:11+00:00","dateModified":"2025-06-09T18:21:22+00:00","mainEntityOfPage":{"@id":"https:\/\/www.institutodeengenharia.org.br\/site\/2025\/06\/05\/certificacao-de-cidades-inteligentes\/"},"wordCount":591,"commentCount":0,"publisher":{"@id":"https:\/\/www.institutodeengenharia.org.br\/site\/#organization"},"image":{"@id":"https:\/\/www.institutodeengenharia.org.br\/site\/2025\/06\/05\/certificacao-de-cidades-inteligentes\/#primaryimage"},"thumbnailUrl":"https:\/\/www.institutodeengenharia.org.br\/site\/wp-content\/uploads\/2025\/05\/Gemini_Generated_Image_bg62cibg62cibg62-1-e1747661073359.jpeg","keywords":["video-home"],"articleSection":["Nova TV Engenharia","Palestra"],"inLanguage":"pt-BR","potentialAction":[{"@type":"CommentAction","name":"Comment","target":["https:\/\/www.institutodeengenharia.org.br\/site\/2025\/06\/05\/certificacao-de-cidades-inteligentes\/#respond"]}]},{"@type":"WebPage","@id":"https:\/\/www.institutodeengenharia.org.br\/site\/2025\/06\/05\/certificacao-de-cidades-inteligentes\/","url":"https:\/\/www.institutodeengenharia.org.br\/site\/2025\/06\/05\/certificacao-de-cidades-inteligentes\/","name":"Certifica\u00e7\u00e3o de Cidades Inteligentes - Instituto de Engenharia","isPartOf":{"@id":"https:\/\/www.institutodeengenharia.org.br\/site\/#website"},"primaryImageOfPage":{"@id":"https:\/\/www.institutodeengenharia.org.br\/site\/2025\/06\/05\/certificacao-de-cidades-inteligentes\/#primaryimage"},"image":{"@id":"https:\/\/www.institutodeengenharia.org.br\/site\/2025\/06\/05\/certificacao-de-cidades-inteligentes\/#primaryimage"},"thumbnailUrl":"https:\/\/www.institutodeengenharia.org.br\/site\/wp-content\/uploads\/2025\/05\/Gemini_Generated_Image_bg62cibg62cibg62-1-e1747661073359.jpeg","datePublished":"2025-06-05T18:17:11+00:00","dateModified":"2025-06-09T18:21:22+00:00","breadcrumb":{"@id":"https:\/\/www.institutodeengenharia.org.br\/site\/2025\/06\/05\/certificacao-de-cidades-inteligentes\/#breadcrumb"},"inLanguage":"pt-BR","potentialAction":[{"@type":"ReadAction","target":["https:\/\/www.institutodeengenharia.org.br\/site\/2025\/06\/05\/certificacao-de-cidades-inteligentes\/"]}]},{"@type":"ImageObject","inLanguage":"pt-BR","@id":"https:\/\/www.institutodeengenharia.org.br\/site\/2025\/06\/05\/certificacao-de-cidades-inteligentes\/#primaryimage","url":"https:\/\/www.institutodeengenharia.org.br\/site\/wp-content\/uploads\/2025\/05\/Gemini_Generated_Image_bg62cibg62cibg62-1-e1747661073359.jpeg","contentUrl":"https:\/\/www.institutodeengenharia.org.br\/site\/wp-content\/uploads\/2025\/05\/Gemini_Generated_Image_bg62cibg62cibg62-1-e1747661073359.jpeg","width":2048,"height":1208},{"@type":"BreadcrumbList","@id":"https:\/\/www.institutodeengenharia.org.br\/site\/2025\/06\/05\/certificacao-de-cidades-inteligentes\/#breadcrumb","itemListElement":[{"@type":"ListItem","position":1,"name":"In\u00edcio","item":"https:\/\/www.institutodeengenharia.org.br\/site\/"},{"@type":"ListItem","position":2,"name":"Certifica\u00e7\u00e3o de Cidades Inteligentes"}]},{"@type":"WebSite","@id":"https:\/\/www.institutodeengenharia.org.br\/site\/#website","url":"https:\/\/www.institutodeengenharia.org.br\/site\/","name":"Instituto de Engenharia","description":"O Instituto de Engenharia promove a Engenharia em benef\u00edcio do desenvolvimento e da qualidade de vida da sociedade.","publisher":{"@id":"https:\/\/www.institutodeengenharia.org.br\/site\/#organization"},"potentialAction":[{"@type":"SearchAction","target":{"@type":"EntryPoint","urlTemplate":"https:\/\/www.institutodeengenharia.org.br\/site\/?s={search_term_string}"},"query-input":{"@type":"PropertyValueSpecification","valueRequired":true,"valueName":"search_term_string"}}],"inLanguage":"pt-BR"},{"@type":"Organization","@id":"https:\/\/www.institutodeengenharia.org.br\/site\/#organization","name":"Instituto de Engenharia","url":"https:\/\/www.institutodeengenharia.org.br\/site\/","logo":{"@type":"ImageObject","inLanguage":"pt-BR","@id":"https:\/\/www.institutodeengenharia.org.br\/site\/#\/schema\/logo\/image\/","url":"https:\/\/www.institutodeengenharia.org.br\/site\/wp-content\/uploads\/2019\/03\/logo-novo-IE2018-1.jpg","contentUrl":"https:\/\/www.institutodeengenharia.org.br\/site\/wp-content\/uploads\/2019\/03\/logo-novo-IE2018-1.jpg","width":1486,"height":1879,"caption":"Instituto de Engenharia"},"image":{"@id":"https:\/\/www.institutodeengenharia.org.br\/site\/#\/schema\/logo\/image\/"},"sameAs":["https:\/\/www.facebook.com\/institutodeengenharia","https:\/\/x.com\/iengenharia","https:\/\/www.instagram.com\/institutodeengenharia\/","https:\/\/www.linkedin.com\/company\/instituto-de-engenharia\/","https:\/\/www.youtube.com\/channel\/UCXiCAlsSMe977vamW915HxA"]},{"@type":"Person","@id":"https:\/\/www.institutodeengenharia.org.br\/site\/#\/schema\/person\/aeb64951c405e100d26d30b033dd423f","name":"Bianca","image":{"@type":"ImageObject","inLanguage":"pt-BR","@id":"https:\/\/secure.gravatar.com\/avatar\/a6fbe9bff57405baf4c1e2c5c1811e072b558253974a9f9508f4678900c97c2a?s=96&d=mm&r=g","url":"https:\/\/secure.gravatar.com\/avatar\/a6fbe9bff57405baf4c1e2c5c1811e072b558253974a9f9508f4678900c97c2a?s=96&d=mm&r=g","contentUrl":"https:\/\/secure.gravatar.com\/avatar\/a6fbe9bff57405baf4c1e2c5c1811e072b558253974a9f9508f4678900c97c2a?s=96&d=mm&r=g","caption":"Bianca"},"url":"https:\/\/www.institutodeengenharia.org.br\/site\/author\/comunicacao1\/"}]}},"_links":{"self":[{"href":"https:\/\/www.institutodeengenharia.org.br\/site\/wp-json\/wp\/v2\/posts\/129582","targetHints":{"allow":["GET"]}}],"collection":[{"href":"https:\/\/www.institutodeengenharia.org.br\/site\/wp-json\/wp\/v2\/posts"}],"about":[{"href":"https:\/\/www.institutodeengenharia.org.br\/site\/wp-json\/wp\/v2\/types\/post"}],"author":[{"embeddable":true,"href":"https:\/\/www.institutodeengenharia.org.br\/site\/wp-json\/wp\/v2\/users\/13"}],"replies":[{"embeddable":true,"href":"https:\/\/www.institutodeengenharia.org.br\/site\/wp-json\/wp\/v2\/comments?post=129582"}],"version-history":[{"count":1,"href":"https:\/\/www.institutodeengenharia.org.br\/site\/wp-json\/wp\/v2\/posts\/129582\/revisions"}],"predecessor-version":[{"id":129584,"href":"https:\/\/www.institutodeengenharia.org.br\/site\/wp-json\/wp\/v2\/posts\/129582\/revisions\/129584"}],"wp:featuredmedia":[{"embeddable":true,"href":"https:\/\/www.institutodeengenharia.org.br\/site\/wp-json\/wp\/v2\/media\/128569"}],"wp:attachment":[{"href":"https:\/\/www.institutodeengenharia.org.br\/site\/wp-json\/wp\/v2\/media?parent=129582"}],"wp:term":[{"taxonomy":"category","embeddable":true,"href":"https:\/\/www.institutodeengenharia.org.br\/site\/wp-json\/wp\/v2\/categories?post=129582"},{"taxonomy":"post_tag","embeddable":true,"href":"https:\/\/www.institutodeengenharia.org.br\/site\/wp-json\/wp\/v2\/tags?post=129582"}],"curies":[{"name":"wp","href":"https:\/\/api.w.org\/{rel}","templated":true}]}}