{"id":129559,"date":"2025-06-09T10:53:31","date_gmt":"2025-06-09T13:53:31","guid":{"rendered":"https:\/\/www.institutodeengenharia.org.br\/site\/?p=129559"},"modified":"2025-06-09T10:54:10","modified_gmt":"2025-06-09T13:54:10","slug":"ane-e-tema-de-encontro-com-vahan-agopyan","status":"publish","type":"post","link":"https:\/\/www.institutodeengenharia.org.br\/site\/2025\/06\/09\/ane-e-tema-de-encontro-com-vahan-agopyan\/","title":{"rendered":"ANE \u00e9 tema de encontro com Vahan Agopyan"},"content":{"rendered":"<p>O secret\u00e1rio Estadual de Ci\u00eancia, Tecnologia e Inova\u00e7\u00e3o, Vahan Agopyan recebeu, no \u00faltimo dia 4, o presidente do Instituto de Engenharia, Jos\u00e9 Eduardo Jardim, o VP de Rela\u00e7\u00f5es Externas, Ivan Whately, e o presidente do Conselho Consultivo, Alfredo Savelli, para falar sobre o Semin\u00e1rio de Engenharia 2025, da Academia Nacional de Engenharia (ANE), que contar\u00e1 com uma programa\u00e7\u00e3o especial voltada para estudantes de Engenharia, desafiando-os a desenvolver solu\u00e7\u00f5es inovadoras para quest\u00f5es estrat\u00e9gicas, como Energia, Meio Ambiente, \u00c1gua e Saneamento, Engenharia da Complexidade e Cidades Inteligentes, Agricultura e Sa\u00fade.<\/p>\n<p>O evento acontecer\u00e1 dias 22, 23 e 24 de setembro, na sede do Instituto de Engenharia.<\/p>\n<p>Para mais informa\u00e7\u00f5es, <a href=\"https:\/\/anebrasil.org.br\/not%C3%ADcias\/2025\/05\/ane-realiza-semin%C3%A1rio-anual-nos-dias-22-23-e-24-de-setembro-de-2025-em-s%C3%A3o-paulo\/\">clique aqui<\/a>.<\/p>\n","protected":false},"excerpt":{"rendered":"<p>O secret\u00e1rio Estadual de Ci\u00eancia, Tecnologia e Inova\u00e7\u00e3o, Vahan Agopyan recebeu, no \u00faltimo dia 4, o presidente do Instituto de Engenharia, Jos\u00e9 Eduardo Jardim, o VP de Rela\u00e7\u00f5es Externas, Ivan Whately, e o presidente do Conselho Consultivo, Alfredo Savelli, para falar sobre o Semin\u00e1rio de Engenharia 2025, da Academia Nacional de Engenharia (ANE), que contar\u00e1 [&hellip;]<\/p>\n","protected":false},"author":14,"featured_media":129563,"comment_status":"open","ping_status":"open","sticky":false,"template":"","format":"standard","meta":{"footnotes":""},"categories":[27,6],"tags":[],"class_list":{"0":"post-129559","1":"post","2":"type-post","3":"status-publish","4":"format-standard","5":"has-post-thumbnail","7":"category-instituto-de-engenharia","8":"category-noticias"},"yoast_head":"<!-- This site is optimized with the Yoast SEO plugin v27.2 - https:\/\/yoast.com\/product\/yoast-seo-wordpress\/ -->\n<title>ANE \u00e9 tema de encontro com Vahan Agopyan - Instituto de Engenharia<\/title>\n<meta name=\"robots\" content=\"index, follow, max-snippet:-1, max-image-preview:large, max-video-preview:-1\" \/>\n<link rel=\"canonical\" href=\"https:\/\/www.institutodeengenharia.org.br\/site\/2025\/06\/09\/ane-e-tema-de-encontro-com-vahan-agopyan\/\" \/>\n<meta property=\"og:locale\" content=\"pt_BR\" \/>\n<meta property=\"og:type\" content=\"article\" \/>\n<meta property=\"og:title\" content=\"ANE \u00e9 tema de encontro com Vahan Agopyan - Instituto de Engenharia\" \/>\n<meta property=\"og:description\" content=\"O secret\u00e1rio Estadual de Ci\u00eancia, Tecnologia e Inova\u00e7\u00e3o, Vahan Agopyan recebeu, no \u00faltimo dia 4, o presidente do Instituto de Engenharia, Jos\u00e9 Eduardo Jardim, o VP de Rela\u00e7\u00f5es Externas, Ivan Whately, e o presidente do Conselho Consultivo, Alfredo Savelli, para falar sobre o Semin\u00e1rio de Engenharia 2025, da Academia Nacional de Engenharia (ANE), que contar\u00e1 [&hellip;]\" \/>\n<meta property=\"og:url\" content=\"https:\/\/www.institutodeengenharia.org.br\/site\/2025\/06\/09\/ane-e-tema-de-encontro-com-vahan-agopyan\/\" \/>\n<meta property=\"og:site_name\" content=\"Instituto de Engenharia\" \/>\n<meta property=\"article:publisher\" content=\"https:\/\/www.facebook.com\/institutodeengenharia\" \/>\n<meta property=\"article:published_time\" content=\"2025-06-09T13:53:31+00:00\" \/>\n<meta property=\"article:modified_time\" content=\"2025-06-09T13:54:10+00:00\" \/>\n<meta property=\"og:image\" content=\"https:\/\/www.institutodeengenharia.org.br\/site\/wp-content\/uploads\/2025\/06\/ane.png\" \/>\n\t<meta property=\"og:image:width\" content=\"956\" \/>\n\t<meta property=\"og:image:height\" content=\"604\" \/>\n\t<meta property=\"og:image:type\" content=\"image\/png\" \/>\n<meta name=\"author\" content=\"Isabel\" \/>\n<meta name=\"twitter:card\" content=\"summary_large_image\" \/>\n<meta name=\"twitter:creator\" content=\"@iengenharia\" \/>\n<meta name=\"twitter:site\" content=\"@iengenharia\" \/>\n<meta name=\"twitter:label1\" content=\"Escrito por\" \/>\n\t<meta name=\"twitter:data1\" content=\"Isabel\" \/>\n\t<meta name=\"twitter:label2\" content=\"Est. tempo de leitura\" \/>\n\t<meta name=\"twitter:data2\" content=\"1 minuto\" \/>\n<script type=\"application\/ld+json\" class=\"yoast-schema-graph\">{\"@context\":\"https:\/\/schema.org\",\"@graph\":[{\"@type\":\"Article\",\"@id\":\"https:\/\/www.institutodeengenharia.org.br\/site\/2025\/06\/09\/ane-e-tema-de-encontro-com-vahan-agopyan\/#article\",\"isPartOf\":{\"@id\":\"https:\/\/www.institutodeengenharia.org.br\/site\/2025\/06\/09\/ane-e-tema-de-encontro-com-vahan-agopyan\/\"},\"author\":{\"name\":\"Isabel\",\"@id\":\"https:\/\/www.institutodeengenharia.org.br\/site\/#\/schema\/person\/593dc356630173a4877a635d3e5fd76b\"},\"headline\":\"ANE \u00e9 tema de encontro com Vahan Agopyan\",\"datePublished\":\"2025-06-09T13:53:31+00:00\",\"dateModified\":\"2025-06-09T13:54:10+00:00\",\"mainEntityOfPage\":{\"@id\":\"https:\/\/www.institutodeengenharia.org.br\/site\/2025\/06\/09\/ane-e-tema-de-encontro-com-vahan-agopyan\/\"},\"wordCount\":122,\"commentCount\":0,\"publisher\":{\"@id\":\"https:\/\/www.institutodeengenharia.org.br\/site\/#organization\"},\"image\":{\"@id\":\"https:\/\/www.institutodeengenharia.org.br\/site\/2025\/06\/09\/ane-e-tema-de-encontro-com-vahan-agopyan\/#primaryimage\"},\"thumbnailUrl\":\"https:\/\/www.institutodeengenharia.org.br\/site\/wp-content\/uploads\/2025\/06\/ane.png\",\"articleSection\":[\"Instituto de Engenharia\",\"Not\u00edcias\"],\"inLanguage\":\"pt-BR\",\"potentialAction\":[{\"@type\":\"CommentAction\",\"name\":\"Comment\",\"target\":[\"https:\/\/www.institutodeengenharia.org.br\/site\/2025\/06\/09\/ane-e-tema-de-encontro-com-vahan-agopyan\/#respond\"]}]},{\"@type\":\"WebPage\",\"@id\":\"https:\/\/www.institutodeengenharia.org.br\/site\/2025\/06\/09\/ane-e-tema-de-encontro-com-vahan-agopyan\/\",\"url\":\"https:\/\/www.institutodeengenharia.org.br\/site\/2025\/06\/09\/ane-e-tema-de-encontro-com-vahan-agopyan\/\",\"name\":\"ANE \u00e9 tema de encontro com Vahan Agopyan - Instituto de Engenharia\",\"isPartOf\":{\"@id\":\"https:\/\/www.institutodeengenharia.org.br\/site\/#website\"},\"primaryImageOfPage\":{\"@id\":\"https:\/\/www.institutodeengenharia.org.br\/site\/2025\/06\/09\/ane-e-tema-de-encontro-com-vahan-agopyan\/#primaryimage\"},\"image\":{\"@id\":\"https:\/\/www.institutodeengenharia.org.br\/site\/2025\/06\/09\/ane-e-tema-de-encontro-com-vahan-agopyan\/#primaryimage\"},\"thumbnailUrl\":\"https:\/\/www.institutodeengenharia.org.br\/site\/wp-content\/uploads\/2025\/06\/ane.png\",\"datePublished\":\"2025-06-09T13:53:31+00:00\",\"dateModified\":\"2025-06-09T13:54:10+00:00\",\"breadcrumb\":{\"@id\":\"https:\/\/www.institutodeengenharia.org.br\/site\/2025\/06\/09\/ane-e-tema-de-encontro-com-vahan-agopyan\/#breadcrumb\"},\"inLanguage\":\"pt-BR\",\"potentialAction\":[{\"@type\":\"ReadAction\",\"target\":[\"https:\/\/www.institutodeengenharia.org.br\/site\/2025\/06\/09\/ane-e-tema-de-encontro-com-vahan-agopyan\/\"]}]},{\"@type\":\"ImageObject\",\"inLanguage\":\"pt-BR\",\"@id\":\"https:\/\/www.institutodeengenharia.org.br\/site\/2025\/06\/09\/ane-e-tema-de-encontro-com-vahan-agopyan\/#primaryimage\",\"url\":\"https:\/\/www.institutodeengenharia.org.br\/site\/wp-content\/uploads\/2025\/06\/ane.png\",\"contentUrl\":\"https:\/\/www.institutodeengenharia.org.br\/site\/wp-content\/uploads\/2025\/06\/ane.png\",\"width\":956,\"height\":604},{\"@type\":\"BreadcrumbList\",\"@id\":\"https:\/\/www.institutodeengenharia.org.br\/site\/2025\/06\/09\/ane-e-tema-de-encontro-com-vahan-agopyan\/#breadcrumb\",\"itemListElement\":[{\"@type\":\"ListItem\",\"position\":1,\"name\":\"In\u00edcio\",\"item\":\"https:\/\/www.institutodeengenharia.org.br\/site\/\"},{\"@type\":\"ListItem\",\"position\":2,\"name\":\"ANE \u00e9 tema de encontro com Vahan Agopyan\"}]},{\"@type\":\"WebSite\",\"@id\":\"https:\/\/www.institutodeengenharia.org.br\/site\/#website\",\"url\":\"https:\/\/www.institutodeengenharia.org.br\/site\/\",\"name\":\"Instituto de Engenharia\",\"description\":\"O Instituto de Engenharia promove a Engenharia em benef\u00edcio do desenvolvimento e da qualidade de vida da sociedade.\",\"publisher\":{\"@id\":\"https:\/\/www.institutodeengenharia.org.br\/site\/#organization\"},\"potentialAction\":[{\"@type\":\"SearchAction\",\"target\":{\"@type\":\"EntryPoint\",\"urlTemplate\":\"https:\/\/www.institutodeengenharia.org.br\/site\/?s={search_term_string}\"},\"query-input\":{\"@type\":\"PropertyValueSpecification\",\"valueRequired\":true,\"valueName\":\"search_term_string\"}}],\"inLanguage\":\"pt-BR\"},{\"@type\":\"Organization\",\"@id\":\"https:\/\/www.institutodeengenharia.org.br\/site\/#organization\",\"name\":\"Instituto de Engenharia\",\"url\":\"https:\/\/www.institutodeengenharia.org.br\/site\/\",\"logo\":{\"@type\":\"ImageObject\",\"inLanguage\":\"pt-BR\",\"@id\":\"https:\/\/www.institutodeengenharia.org.br\/site\/#\/schema\/logo\/image\/\",\"url\":\"https:\/\/www.institutodeengenharia.org.br\/site\/wp-content\/uploads\/2019\/03\/logo-novo-IE2018-1.jpg\",\"contentUrl\":\"https:\/\/www.institutodeengenharia.org.br\/site\/wp-content\/uploads\/2019\/03\/logo-novo-IE2018-1.jpg\",\"width\":1486,\"height\":1879,\"caption\":\"Instituto de Engenharia\"},\"image\":{\"@id\":\"https:\/\/www.institutodeengenharia.org.br\/site\/#\/schema\/logo\/image\/\"},\"sameAs\":[\"https:\/\/www.facebook.com\/institutodeengenharia\",\"https:\/\/x.com\/iengenharia\",\"https:\/\/www.instagram.com\/institutodeengenharia\/\",\"https:\/\/www.linkedin.com\/company\/instituto-de-engenharia\/\",\"https:\/\/www.youtube.com\/channel\/UCXiCAlsSMe977vamW915HxA\"]},{\"@type\":\"Person\",\"@id\":\"https:\/\/www.institutodeengenharia.org.br\/site\/#\/schema\/person\/593dc356630173a4877a635d3e5fd76b\",\"name\":\"Isabel\",\"image\":{\"@type\":\"ImageObject\",\"inLanguage\":\"pt-BR\",\"@id\":\"https:\/\/secure.gravatar.com\/avatar\/f3c521db63ec9db17894f10a88c6a3cf95b2281d7f80eeb3cf3ef1cb091576e7?s=96&d=mm&r=g\",\"url\":\"https:\/\/secure.gravatar.com\/avatar\/f3c521db63ec9db17894f10a88c6a3cf95b2281d7f80eeb3cf3ef1cb091576e7?s=96&d=mm&r=g\",\"contentUrl\":\"https:\/\/secure.gravatar.com\/avatar\/f3c521db63ec9db17894f10a88c6a3cf95b2281d7f80eeb3cf3ef1cb091576e7?s=96&d=mm&r=g\",\"caption\":\"Isabel\"},\"url\":\"https:\/\/www.institutodeengenharia.org.br\/site\/author\/comunicacao2\/\"}]}<\/script>\n<!-- \/ Yoast SEO plugin. -->","yoast_head_json":{"title":"ANE \u00e9 tema de encontro com Vahan Agopyan - Instituto de Engenharia","robots":{"index":"index","follow":"follow","max-snippet":"max-snippet:-1","max-image-preview":"max-image-preview:large","max-video-preview":"max-video-preview:-1"},"canonical":"https:\/\/www.institutodeengenharia.org.br\/site\/2025\/06\/09\/ane-e-tema-de-encontro-com-vahan-agopyan\/","og_locale":"pt_BR","og_type":"article","og_title":"ANE \u00e9 tema de encontro com Vahan Agopyan - Instituto de Engenharia","og_description":"O secret\u00e1rio Estadual de Ci\u00eancia, Tecnologia e Inova\u00e7\u00e3o, Vahan Agopyan recebeu, no \u00faltimo dia 4, o presidente do Instituto de Engenharia, Jos\u00e9 Eduardo Jardim, o VP de Rela\u00e7\u00f5es Externas, Ivan Whately, e o presidente do Conselho Consultivo, Alfredo Savelli, para falar sobre o Semin\u00e1rio de Engenharia 2025, da Academia Nacional de Engenharia (ANE), que contar\u00e1 [&hellip;]","og_url":"https:\/\/www.institutodeengenharia.org.br\/site\/2025\/06\/09\/ane-e-tema-de-encontro-com-vahan-agopyan\/","og_site_name":"Instituto de Engenharia","article_publisher":"https:\/\/www.facebook.com\/institutodeengenharia","article_published_time":"2025-06-09T13:53:31+00:00","article_modified_time":"2025-06-09T13:54:10+00:00","og_image":[{"width":956,"height":604,"url":"https:\/\/www.institutodeengenharia.org.br\/site\/wp-content\/uploads\/2025\/06\/ane.png","type":"image\/png"}],"author":"Isabel","twitter_card":"summary_large_image","twitter_creator":"@iengenharia","twitter_site":"@iengenharia","twitter_misc":{"Escrito por":"Isabel","Est. tempo de leitura":"1 minuto"},"schema":{"@context":"https:\/\/schema.org","@graph":[{"@type":"Article","@id":"https:\/\/www.institutodeengenharia.org.br\/site\/2025\/06\/09\/ane-e-tema-de-encontro-com-vahan-agopyan\/#article","isPartOf":{"@id":"https:\/\/www.institutodeengenharia.org.br\/site\/2025\/06\/09\/ane-e-tema-de-encontro-com-vahan-agopyan\/"},"author":{"name":"Isabel","@id":"https:\/\/www.institutodeengenharia.org.br\/site\/#\/schema\/person\/593dc356630173a4877a635d3e5fd76b"},"headline":"ANE \u00e9 tema de encontro com Vahan Agopyan","datePublished":"2025-06-09T13:53:31+00:00","dateModified":"2025-06-09T13:54:10+00:00","mainEntityOfPage":{"@id":"https:\/\/www.institutodeengenharia.org.br\/site\/2025\/06\/09\/ane-e-tema-de-encontro-com-vahan-agopyan\/"},"wordCount":122,"commentCount":0,"publisher":{"@id":"https:\/\/www.institutodeengenharia.org.br\/site\/#organization"},"image":{"@id":"https:\/\/www.institutodeengenharia.org.br\/site\/2025\/06\/09\/ane-e-tema-de-encontro-com-vahan-agopyan\/#primaryimage"},"thumbnailUrl":"https:\/\/www.institutodeengenharia.org.br\/site\/wp-content\/uploads\/2025\/06\/ane.png","articleSection":["Instituto de Engenharia","Not\u00edcias"],"inLanguage":"pt-BR","potentialAction":[{"@type":"CommentAction","name":"Comment","target":["https:\/\/www.institutodeengenharia.org.br\/site\/2025\/06\/09\/ane-e-tema-de-encontro-com-vahan-agopyan\/#respond"]}]},{"@type":"WebPage","@id":"https:\/\/www.institutodeengenharia.org.br\/site\/2025\/06\/09\/ane-e-tema-de-encontro-com-vahan-agopyan\/","url":"https:\/\/www.institutodeengenharia.org.br\/site\/2025\/06\/09\/ane-e-tema-de-encontro-com-vahan-agopyan\/","name":"ANE \u00e9 tema de encontro com Vahan Agopyan - Instituto de Engenharia","isPartOf":{"@id":"https:\/\/www.institutodeengenharia.org.br\/site\/#website"},"primaryImageOfPage":{"@id":"https:\/\/www.institutodeengenharia.org.br\/site\/2025\/06\/09\/ane-e-tema-de-encontro-com-vahan-agopyan\/#primaryimage"},"image":{"@id":"https:\/\/www.institutodeengenharia.org.br\/site\/2025\/06\/09\/ane-e-tema-de-encontro-com-vahan-agopyan\/#primaryimage"},"thumbnailUrl":"https:\/\/www.institutodeengenharia.org.br\/site\/wp-content\/uploads\/2025\/06\/ane.png","datePublished":"2025-06-09T13:53:31+00:00","dateModified":"2025-06-09T13:54:10+00:00","breadcrumb":{"@id":"https:\/\/www.institutodeengenharia.org.br\/site\/2025\/06\/09\/ane-e-tema-de-encontro-com-vahan-agopyan\/#breadcrumb"},"inLanguage":"pt-BR","potentialAction":[{"@type":"ReadAction","target":["https:\/\/www.institutodeengenharia.org.br\/site\/2025\/06\/09\/ane-e-tema-de-encontro-com-vahan-agopyan\/"]}]},{"@type":"ImageObject","inLanguage":"pt-BR","@id":"https:\/\/www.institutodeengenharia.org.br\/site\/2025\/06\/09\/ane-e-tema-de-encontro-com-vahan-agopyan\/#primaryimage","url":"https:\/\/www.institutodeengenharia.org.br\/site\/wp-content\/uploads\/2025\/06\/ane.png","contentUrl":"https:\/\/www.institutodeengenharia.org.br\/site\/wp-content\/uploads\/2025\/06\/ane.png","width":956,"height":604},{"@type":"BreadcrumbList","@id":"https:\/\/www.institutodeengenharia.org.br\/site\/2025\/06\/09\/ane-e-tema-de-encontro-com-vahan-agopyan\/#breadcrumb","itemListElement":[{"@type":"ListItem","position":1,"name":"In\u00edcio","item":"https:\/\/www.institutodeengenharia.org.br\/site\/"},{"@type":"ListItem","position":2,"name":"ANE \u00e9 tema de encontro com Vahan Agopyan"}]},{"@type":"WebSite","@id":"https:\/\/www.institutodeengenharia.org.br\/site\/#website","url":"https:\/\/www.institutodeengenharia.org.br\/site\/","name":"Instituto de Engenharia","description":"O Instituto de Engenharia promove a Engenharia em benef\u00edcio do desenvolvimento e da qualidade de vida da sociedade.","publisher":{"@id":"https:\/\/www.institutodeengenharia.org.br\/site\/#organization"},"potentialAction":[{"@type":"SearchAction","target":{"@type":"EntryPoint","urlTemplate":"https:\/\/www.institutodeengenharia.org.br\/site\/?s={search_term_string}"},"query-input":{"@type":"PropertyValueSpecification","valueRequired":true,"valueName":"search_term_string"}}],"inLanguage":"pt-BR"},{"@type":"Organization","@id":"https:\/\/www.institutodeengenharia.org.br\/site\/#organization","name":"Instituto de Engenharia","url":"https:\/\/www.institutodeengenharia.org.br\/site\/","logo":{"@type":"ImageObject","inLanguage":"pt-BR","@id":"https:\/\/www.institutodeengenharia.org.br\/site\/#\/schema\/logo\/image\/","url":"https:\/\/www.institutodeengenharia.org.br\/site\/wp-content\/uploads\/2019\/03\/logo-novo-IE2018-1.jpg","contentUrl":"https:\/\/www.institutodeengenharia.org.br\/site\/wp-content\/uploads\/2019\/03\/logo-novo-IE2018-1.jpg","width":1486,"height":1879,"caption":"Instituto de Engenharia"},"image":{"@id":"https:\/\/www.institutodeengenharia.org.br\/site\/#\/schema\/logo\/image\/"},"sameAs":["https:\/\/www.facebook.com\/institutodeengenharia","https:\/\/x.com\/iengenharia","https:\/\/www.instagram.com\/institutodeengenharia\/","https:\/\/www.linkedin.com\/company\/instituto-de-engenharia\/","https:\/\/www.youtube.com\/channel\/UCXiCAlsSMe977vamW915HxA"]},{"@type":"Person","@id":"https:\/\/www.institutodeengenharia.org.br\/site\/#\/schema\/person\/593dc356630173a4877a635d3e5fd76b","name":"Isabel","image":{"@type":"ImageObject","inLanguage":"pt-BR","@id":"https:\/\/secure.gravatar.com\/avatar\/f3c521db63ec9db17894f10a88c6a3cf95b2281d7f80eeb3cf3ef1cb091576e7?s=96&d=mm&r=g","url":"https:\/\/secure.gravatar.com\/avatar\/f3c521db63ec9db17894f10a88c6a3cf95b2281d7f80eeb3cf3ef1cb091576e7?s=96&d=mm&r=g","contentUrl":"https:\/\/secure.gravatar.com\/avatar\/f3c521db63ec9db17894f10a88c6a3cf95b2281d7f80eeb3cf3ef1cb091576e7?s=96&d=mm&r=g","caption":"Isabel"},"url":"https:\/\/www.institutodeengenharia.org.br\/site\/author\/comunicacao2\/"}]}},"_links":{"self":[{"href":"https:\/\/www.institutodeengenharia.org.br\/site\/wp-json\/wp\/v2\/posts\/129559","targetHints":{"allow":["GET"]}}],"collection":[{"href":"https:\/\/www.institutodeengenharia.org.br\/site\/wp-json\/wp\/v2\/posts"}],"about":[{"href":"https:\/\/www.institutodeengenharia.org.br\/site\/wp-json\/wp\/v2\/types\/post"}],"author":[{"embeddable":true,"href":"https:\/\/www.institutodeengenharia.org.br\/site\/wp-json\/wp\/v2\/users\/14"}],"replies":[{"embeddable":true,"href":"https:\/\/www.institutodeengenharia.org.br\/site\/wp-json\/wp\/v2\/comments?post=129559"}],"version-history":[{"count":1,"href":"https:\/\/www.institutodeengenharia.org.br\/site\/wp-json\/wp\/v2\/posts\/129559\/revisions"}],"predecessor-version":[{"id":129562,"href":"https:\/\/www.institutodeengenharia.org.br\/site\/wp-json\/wp\/v2\/posts\/129559\/revisions\/129562"}],"wp:featuredmedia":[{"embeddable":true,"href":"https:\/\/www.institutodeengenharia.org.br\/site\/wp-json\/wp\/v2\/media\/129563"}],"wp:attachment":[{"href":"https:\/\/www.institutodeengenharia.org.br\/site\/wp-json\/wp\/v2\/media?parent=129559"}],"wp:term":[{"taxonomy":"category","embeddable":true,"href":"https:\/\/www.institutodeengenharia.org.br\/site\/wp-json\/wp\/v2\/categories?post=129559"},{"taxonomy":"post_tag","embeddable":true,"href":"https:\/\/www.institutodeengenharia.org.br\/site\/wp-json\/wp\/v2\/tags?post=129559"}],"curies":[{"name":"wp","href":"https:\/\/api.w.org\/{rel}","templated":true}]}}