{"id":129354,"date":"2025-06-03T10:23:37","date_gmt":"2025-06-03T13:23:37","guid":{"rendered":"https:\/\/www.institutodeengenharia.org.br\/site\/?p=129354"},"modified":"2025-06-03T10:27:46","modified_gmt":"2025-06-03T13:27:46","slug":"nota-de-falecimento-antonio-helio-guerra-vieira","status":"publish","type":"post","link":"https:\/\/www.institutodeengenharia.org.br\/site\/2025\/06\/03\/nota-de-falecimento-antonio-helio-guerra-vieira\/","title":{"rendered":"Nota de falecimento &#8211; Antonio Helio Guerra Vieira"},"content":{"rendered":"<p>Presidente do Instituto de Engenharia nos anos de 2001 e 2002, Antonio Helio Guerra Vieira criou, em 1968, o Laborat\u00f3rio de Sistemas Digitais da USP, onde, em 1972, fez parte do grupo que elaborou o projeto do primeiro computador brasileiro, o \u201cPatinho Feio\u201d.<\/p>\n<p>A m\u00e1quina, em uma caixa de um metro de altura por um metro de comprimento, havia sido fabricada ao longo do ano anterior por alunos de gradua\u00e7\u00e3o e p\u00f3s-gradua\u00e7\u00e3o da universidade, que atuaram sob a lideran\u00e7a do professor H\u00e9lio Guerra.<\/p>\n<p>Associado ao Instituto de Engenharia desde 1978, formou-se em Engenharia Mec\u00e2nica, pela Escola Polit\u00e9cnica da Universidade de S\u00e3o Paulo (Poli-USP), onde foi reitor no per\u00edodo de 1982 a 1986.<\/p>\n<figure id=\"attachment_129363\" aria-describedby=\"caption-attachment-129363\" style=\"width: 444px\" class=\"wp-caption aligncenter\"><img loading=\"lazy\" decoding=\"async\" class=\"wp-image-129363\" src=\"https:\/\/www.institutodeengenharia.org.br\/site\/wp-content\/uploads\/2025\/06\/53022237782_173be69889_c.jpg\" alt=\"\" width=\"444\" height=\"296\" srcset=\"https:\/\/www.institutodeengenharia.org.br\/site\/wp-content\/uploads\/2025\/06\/53022237782_173be69889_c.jpg 799w, https:\/\/www.institutodeengenharia.org.br\/site\/wp-content\/uploads\/2025\/06\/53022237782_173be69889_c-300x200.jpg 300w, https:\/\/www.institutodeengenharia.org.br\/site\/wp-content\/uploads\/2025\/06\/53022237782_173be69889_c-768x512.jpg 768w, https:\/\/www.institutodeengenharia.org.br\/site\/wp-content\/uploads\/2025\/06\/53022237782_173be69889_c-630x420.jpg 630w, https:\/\/www.institutodeengenharia.org.br\/site\/wp-content\/uploads\/2025\/06\/53022237782_173be69889_c-696x464.jpg 696w, https:\/\/www.institutodeengenharia.org.br\/site\/wp-content\/uploads\/2025\/06\/53022237782_173be69889_c-600x400.jpg 600w\" sizes=\"auto, (max-width: 444px) 100vw, 444px\" \/><figcaption id=\"caption-attachment-129363\" class=\"wp-caption-text\">Encontro com os ex-presidentes do Instituto de Engenharia<\/figcaption><\/figure>\n<p>Em 2023, esteve pela \u00faltima vez no Instituto de Engenharia, quando houve um encontro com os ex-presidentes da Casa.<\/p>\n<figure id=\"attachment_129364\" aria-describedby=\"caption-attachment-129364\" style=\"width: 269px\" class=\"wp-caption alignleft\"><img loading=\"lazy\" decoding=\"async\" class=\"wp-image-129364\" src=\"https:\/\/www.institutodeengenharia.org.br\/site\/wp-content\/uploads\/2025\/06\/53023205980_3a82f95a9a_c.jpg\" alt=\"\" width=\"269\" height=\"179\" srcset=\"https:\/\/www.institutodeengenharia.org.br\/site\/wp-content\/uploads\/2025\/06\/53023205980_3a82f95a9a_c.jpg 799w, https:\/\/www.institutodeengenharia.org.br\/site\/wp-content\/uploads\/2025\/06\/53023205980_3a82f95a9a_c-300x200.jpg 300w, https:\/\/www.institutodeengenharia.org.br\/site\/wp-content\/uploads\/2025\/06\/53023205980_3a82f95a9a_c-768x512.jpg 768w, https:\/\/www.institutodeengenharia.org.br\/site\/wp-content\/uploads\/2025\/06\/53023205980_3a82f95a9a_c-630x420.jpg 630w, https:\/\/www.institutodeengenharia.org.br\/site\/wp-content\/uploads\/2025\/06\/53023205980_3a82f95a9a_c-696x464.jpg 696w, https:\/\/www.institutodeengenharia.org.br\/site\/wp-content\/uploads\/2025\/06\/53023205980_3a82f95a9a_c-600x400.jpg 600w\" sizes=\"auto, (max-width: 269px) 100vw, 269px\" \/><figcaption id=\"caption-attachment-129364\" class=\"wp-caption-text\">Com o presidente, Jos\u00e9 Eduardo Jardim, no encontro com os ex-presidentes, em 2023<\/figcaption><\/figure>\n<p>Helio Guerra tamb\u00e9m presidiu a Funda\u00e7\u00e3o de Amparo \u00e0 Pesquisa do Estado de S\u00e3o Paulo (Fapesp),entre 1979 e 1985, e foi um dos criadores e presidente da Funda\u00e7\u00e3o para o Desenvolvimento Tecnol\u00f3gico da Engenharia (FDTE).<\/p>\n<p>O vel\u00f3rio ser\u00e1 hoje (3), das 12h \u00e0s 17h, na Escola Polit\u00e9cnica da Universidade de S\u00e3o Paulo, no audit\u00f3rio Francisco Romeu Landi, e o enterro ser\u00e1 nesta quarta, em Guaratinguet\u00e1, sua cidade natal.<\/p>\n<p>A diretoria do Instituto de Engenharia, Conselhos, associados e colaboradores manifestam suas condol\u00eancias aos familiares e amigos.<\/p>\n<p>&nbsp;<\/p>\n<p>&nbsp;<\/p>\n<p>&nbsp;<\/p>\n","protected":false},"excerpt":{"rendered":"<p>Presidente do Instituto de Engenharia nos anos de 2001 e 2002, Antonio Helio Guerra Vieira criou, em 1968, o Laborat\u00f3rio de Sistemas Digitais da USP, onde, em 1972, fez parte do grupo que elaborou o projeto do primeiro computador brasileiro, o \u201cPatinho Feio\u201d. A m\u00e1quina, em uma caixa de um metro de altura por um [&hellip;]<\/p>\n","protected":false},"author":14,"featured_media":129362,"comment_status":"open","ping_status":"open","sticky":false,"template":"","format":"standard","meta":{"footnotes":""},"categories":[27,6],"tags":[],"class_list":{"0":"post-129354","1":"post","2":"type-post","3":"status-publish","4":"format-standard","5":"has-post-thumbnail","7":"category-instituto-de-engenharia","8":"category-noticias"},"yoast_head":"<!-- This site is optimized with the Yoast SEO plugin v27.2 - https:\/\/yoast.com\/product\/yoast-seo-wordpress\/ -->\n<title>Nota de falecimento - Antonio Helio Guerra Vieira - Instituto de Engenharia<\/title>\n<meta name=\"robots\" content=\"index, follow, max-snippet:-1, max-image-preview:large, max-video-preview:-1\" \/>\n<link rel=\"canonical\" href=\"https:\/\/www.institutodeengenharia.org.br\/site\/2025\/06\/03\/nota-de-falecimento-antonio-helio-guerra-vieira\/\" \/>\n<meta property=\"og:locale\" content=\"pt_BR\" \/>\n<meta property=\"og:type\" content=\"article\" \/>\n<meta property=\"og:title\" content=\"Nota de falecimento - Antonio Helio Guerra Vieira - Instituto de Engenharia\" \/>\n<meta property=\"og:description\" content=\"Presidente do Instituto de Engenharia nos anos de 2001 e 2002, Antonio Helio Guerra Vieira criou, em 1968, o Laborat\u00f3rio de Sistemas Digitais da USP, onde, em 1972, fez parte do grupo que elaborou o projeto do primeiro computador brasileiro, o \u201cPatinho Feio\u201d. A m\u00e1quina, em uma caixa de um metro de altura por um [&hellip;]\" \/>\n<meta property=\"og:url\" content=\"https:\/\/www.institutodeengenharia.org.br\/site\/2025\/06\/03\/nota-de-falecimento-antonio-helio-guerra-vieira\/\" \/>\n<meta property=\"og:site_name\" content=\"Instituto de Engenharia\" \/>\n<meta property=\"article:publisher\" content=\"https:\/\/www.facebook.com\/institutodeengenharia\" \/>\n<meta property=\"article:published_time\" content=\"2025-06-03T13:23:37+00:00\" \/>\n<meta property=\"article:modified_time\" content=\"2025-06-03T13:27:46+00:00\" \/>\n<meta property=\"og:image\" content=\"https:\/\/www.institutodeengenharia.org.br\/site\/wp-content\/uploads\/2025\/06\/53022812876_a25368b8d9_c.jpg\" \/>\n\t<meta property=\"og:image:width\" content=\"799\" \/>\n\t<meta property=\"og:image:height\" content=\"533\" \/>\n\t<meta property=\"og:image:type\" content=\"image\/jpeg\" \/>\n<meta name=\"author\" content=\"Isabel\" \/>\n<meta name=\"twitter:card\" content=\"summary_large_image\" \/>\n<meta name=\"twitter:creator\" content=\"@iengenharia\" \/>\n<meta name=\"twitter:site\" content=\"@iengenharia\" \/>\n<meta name=\"twitter:label1\" content=\"Escrito por\" \/>\n\t<meta name=\"twitter:data1\" content=\"Isabel\" \/>\n\t<meta name=\"twitter:label2\" content=\"Est. tempo de leitura\" \/>\n\t<meta name=\"twitter:data2\" content=\"2 minutos\" \/>\n<script type=\"application\/ld+json\" class=\"yoast-schema-graph\">{\"@context\":\"https:\/\/schema.org\",\"@graph\":[{\"@type\":\"Article\",\"@id\":\"https:\/\/www.institutodeengenharia.org.br\/site\/2025\/06\/03\/nota-de-falecimento-antonio-helio-guerra-vieira\/#article\",\"isPartOf\":{\"@id\":\"https:\/\/www.institutodeengenharia.org.br\/site\/2025\/06\/03\/nota-de-falecimento-antonio-helio-guerra-vieira\/\"},\"author\":{\"name\":\"Isabel\",\"@id\":\"https:\/\/www.institutodeengenharia.org.br\/site\/#\/schema\/person\/593dc356630173a4877a635d3e5fd76b\"},\"headline\":\"Nota de falecimento &#8211; Antonio Helio Guerra Vieira\",\"datePublished\":\"2025-06-03T13:23:37+00:00\",\"dateModified\":\"2025-06-03T13:27:46+00:00\",\"mainEntityOfPage\":{\"@id\":\"https:\/\/www.institutodeengenharia.org.br\/site\/2025\/06\/03\/nota-de-falecimento-antonio-helio-guerra-vieira\/\"},\"wordCount\":271,\"commentCount\":0,\"publisher\":{\"@id\":\"https:\/\/www.institutodeengenharia.org.br\/site\/#organization\"},\"image\":{\"@id\":\"https:\/\/www.institutodeengenharia.org.br\/site\/2025\/06\/03\/nota-de-falecimento-antonio-helio-guerra-vieira\/#primaryimage\"},\"thumbnailUrl\":\"https:\/\/www.institutodeengenharia.org.br\/site\/wp-content\/uploads\/2025\/06\/53022812876_a25368b8d9_c.jpg\",\"articleSection\":[\"Instituto de Engenharia\",\"Not\u00edcias\"],\"inLanguage\":\"pt-BR\",\"potentialAction\":[{\"@type\":\"CommentAction\",\"name\":\"Comment\",\"target\":[\"https:\/\/www.institutodeengenharia.org.br\/site\/2025\/06\/03\/nota-de-falecimento-antonio-helio-guerra-vieira\/#respond\"]}]},{\"@type\":\"WebPage\",\"@id\":\"https:\/\/www.institutodeengenharia.org.br\/site\/2025\/06\/03\/nota-de-falecimento-antonio-helio-guerra-vieira\/\",\"url\":\"https:\/\/www.institutodeengenharia.org.br\/site\/2025\/06\/03\/nota-de-falecimento-antonio-helio-guerra-vieira\/\",\"name\":\"Nota de falecimento - Antonio Helio Guerra Vieira - Instituto de Engenharia\",\"isPartOf\":{\"@id\":\"https:\/\/www.institutodeengenharia.org.br\/site\/#website\"},\"primaryImageOfPage\":{\"@id\":\"https:\/\/www.institutodeengenharia.org.br\/site\/2025\/06\/03\/nota-de-falecimento-antonio-helio-guerra-vieira\/#primaryimage\"},\"image\":{\"@id\":\"https:\/\/www.institutodeengenharia.org.br\/site\/2025\/06\/03\/nota-de-falecimento-antonio-helio-guerra-vieira\/#primaryimage\"},\"thumbnailUrl\":\"https:\/\/www.institutodeengenharia.org.br\/site\/wp-content\/uploads\/2025\/06\/53022812876_a25368b8d9_c.jpg\",\"datePublished\":\"2025-06-03T13:23:37+00:00\",\"dateModified\":\"2025-06-03T13:27:46+00:00\",\"breadcrumb\":{\"@id\":\"https:\/\/www.institutodeengenharia.org.br\/site\/2025\/06\/03\/nota-de-falecimento-antonio-helio-guerra-vieira\/#breadcrumb\"},\"inLanguage\":\"pt-BR\",\"potentialAction\":[{\"@type\":\"ReadAction\",\"target\":[\"https:\/\/www.institutodeengenharia.org.br\/site\/2025\/06\/03\/nota-de-falecimento-antonio-helio-guerra-vieira\/\"]}]},{\"@type\":\"ImageObject\",\"inLanguage\":\"pt-BR\",\"@id\":\"https:\/\/www.institutodeengenharia.org.br\/site\/2025\/06\/03\/nota-de-falecimento-antonio-helio-guerra-vieira\/#primaryimage\",\"url\":\"https:\/\/www.institutodeengenharia.org.br\/site\/wp-content\/uploads\/2025\/06\/53022812876_a25368b8d9_c.jpg\",\"contentUrl\":\"https:\/\/www.institutodeengenharia.org.br\/site\/wp-content\/uploads\/2025\/06\/53022812876_a25368b8d9_c.jpg\",\"width\":799,\"height\":533},{\"@type\":\"BreadcrumbList\",\"@id\":\"https:\/\/www.institutodeengenharia.org.br\/site\/2025\/06\/03\/nota-de-falecimento-antonio-helio-guerra-vieira\/#breadcrumb\",\"itemListElement\":[{\"@type\":\"ListItem\",\"position\":1,\"name\":\"In\u00edcio\",\"item\":\"https:\/\/www.institutodeengenharia.org.br\/site\/\"},{\"@type\":\"ListItem\",\"position\":2,\"name\":\"Nota de falecimento &#8211; Antonio Helio Guerra Vieira\"}]},{\"@type\":\"WebSite\",\"@id\":\"https:\/\/www.institutodeengenharia.org.br\/site\/#website\",\"url\":\"https:\/\/www.institutodeengenharia.org.br\/site\/\",\"name\":\"Instituto de Engenharia\",\"description\":\"O Instituto de Engenharia promove a Engenharia em benef\u00edcio do desenvolvimento e da qualidade de vida da sociedade.\",\"publisher\":{\"@id\":\"https:\/\/www.institutodeengenharia.org.br\/site\/#organization\"},\"potentialAction\":[{\"@type\":\"SearchAction\",\"target\":{\"@type\":\"EntryPoint\",\"urlTemplate\":\"https:\/\/www.institutodeengenharia.org.br\/site\/?s={search_term_string}\"},\"query-input\":{\"@type\":\"PropertyValueSpecification\",\"valueRequired\":true,\"valueName\":\"search_term_string\"}}],\"inLanguage\":\"pt-BR\"},{\"@type\":\"Organization\",\"@id\":\"https:\/\/www.institutodeengenharia.org.br\/site\/#organization\",\"name\":\"Instituto de Engenharia\",\"url\":\"https:\/\/www.institutodeengenharia.org.br\/site\/\",\"logo\":{\"@type\":\"ImageObject\",\"inLanguage\":\"pt-BR\",\"@id\":\"https:\/\/www.institutodeengenharia.org.br\/site\/#\/schema\/logo\/image\/\",\"url\":\"https:\/\/www.institutodeengenharia.org.br\/site\/wp-content\/uploads\/2019\/03\/logo-novo-IE2018-1.jpg\",\"contentUrl\":\"https:\/\/www.institutodeengenharia.org.br\/site\/wp-content\/uploads\/2019\/03\/logo-novo-IE2018-1.jpg\",\"width\":1486,\"height\":1879,\"caption\":\"Instituto de Engenharia\"},\"image\":{\"@id\":\"https:\/\/www.institutodeengenharia.org.br\/site\/#\/schema\/logo\/image\/\"},\"sameAs\":[\"https:\/\/www.facebook.com\/institutodeengenharia\",\"https:\/\/x.com\/iengenharia\",\"https:\/\/www.instagram.com\/institutodeengenharia\/\",\"https:\/\/www.linkedin.com\/company\/instituto-de-engenharia\/\",\"https:\/\/www.youtube.com\/channel\/UCXiCAlsSMe977vamW915HxA\"]},{\"@type\":\"Person\",\"@id\":\"https:\/\/www.institutodeengenharia.org.br\/site\/#\/schema\/person\/593dc356630173a4877a635d3e5fd76b\",\"name\":\"Isabel\",\"image\":{\"@type\":\"ImageObject\",\"inLanguage\":\"pt-BR\",\"@id\":\"https:\/\/secure.gravatar.com\/avatar\/f3c521db63ec9db17894f10a88c6a3cf95b2281d7f80eeb3cf3ef1cb091576e7?s=96&d=mm&r=g\",\"url\":\"https:\/\/secure.gravatar.com\/avatar\/f3c521db63ec9db17894f10a88c6a3cf95b2281d7f80eeb3cf3ef1cb091576e7?s=96&d=mm&r=g\",\"contentUrl\":\"https:\/\/secure.gravatar.com\/avatar\/f3c521db63ec9db17894f10a88c6a3cf95b2281d7f80eeb3cf3ef1cb091576e7?s=96&d=mm&r=g\",\"caption\":\"Isabel\"},\"url\":\"https:\/\/www.institutodeengenharia.org.br\/site\/author\/comunicacao2\/\"}]}<\/script>\n<!-- \/ Yoast SEO plugin. -->","yoast_head_json":{"title":"Nota de falecimento - Antonio Helio Guerra Vieira - Instituto de Engenharia","robots":{"index":"index","follow":"follow","max-snippet":"max-snippet:-1","max-image-preview":"max-image-preview:large","max-video-preview":"max-video-preview:-1"},"canonical":"https:\/\/www.institutodeengenharia.org.br\/site\/2025\/06\/03\/nota-de-falecimento-antonio-helio-guerra-vieira\/","og_locale":"pt_BR","og_type":"article","og_title":"Nota de falecimento - Antonio Helio Guerra Vieira - Instituto de Engenharia","og_description":"Presidente do Instituto de Engenharia nos anos de 2001 e 2002, Antonio Helio Guerra Vieira criou, em 1968, o Laborat\u00f3rio de Sistemas Digitais da USP, onde, em 1972, fez parte do grupo que elaborou o projeto do primeiro computador brasileiro, o \u201cPatinho Feio\u201d. A m\u00e1quina, em uma caixa de um metro de altura por um [&hellip;]","og_url":"https:\/\/www.institutodeengenharia.org.br\/site\/2025\/06\/03\/nota-de-falecimento-antonio-helio-guerra-vieira\/","og_site_name":"Instituto de Engenharia","article_publisher":"https:\/\/www.facebook.com\/institutodeengenharia","article_published_time":"2025-06-03T13:23:37+00:00","article_modified_time":"2025-06-03T13:27:46+00:00","og_image":[{"width":799,"height":533,"url":"https:\/\/www.institutodeengenharia.org.br\/site\/wp-content\/uploads\/2025\/06\/53022812876_a25368b8d9_c.jpg","type":"image\/jpeg"}],"author":"Isabel","twitter_card":"summary_large_image","twitter_creator":"@iengenharia","twitter_site":"@iengenharia","twitter_misc":{"Escrito por":"Isabel","Est. tempo de leitura":"2 minutos"},"schema":{"@context":"https:\/\/schema.org","@graph":[{"@type":"Article","@id":"https:\/\/www.institutodeengenharia.org.br\/site\/2025\/06\/03\/nota-de-falecimento-antonio-helio-guerra-vieira\/#article","isPartOf":{"@id":"https:\/\/www.institutodeengenharia.org.br\/site\/2025\/06\/03\/nota-de-falecimento-antonio-helio-guerra-vieira\/"},"author":{"name":"Isabel","@id":"https:\/\/www.institutodeengenharia.org.br\/site\/#\/schema\/person\/593dc356630173a4877a635d3e5fd76b"},"headline":"Nota de falecimento &#8211; Antonio Helio Guerra Vieira","datePublished":"2025-06-03T13:23:37+00:00","dateModified":"2025-06-03T13:27:46+00:00","mainEntityOfPage":{"@id":"https:\/\/www.institutodeengenharia.org.br\/site\/2025\/06\/03\/nota-de-falecimento-antonio-helio-guerra-vieira\/"},"wordCount":271,"commentCount":0,"publisher":{"@id":"https:\/\/www.institutodeengenharia.org.br\/site\/#organization"},"image":{"@id":"https:\/\/www.institutodeengenharia.org.br\/site\/2025\/06\/03\/nota-de-falecimento-antonio-helio-guerra-vieira\/#primaryimage"},"thumbnailUrl":"https:\/\/www.institutodeengenharia.org.br\/site\/wp-content\/uploads\/2025\/06\/53022812876_a25368b8d9_c.jpg","articleSection":["Instituto de Engenharia","Not\u00edcias"],"inLanguage":"pt-BR","potentialAction":[{"@type":"CommentAction","name":"Comment","target":["https:\/\/www.institutodeengenharia.org.br\/site\/2025\/06\/03\/nota-de-falecimento-antonio-helio-guerra-vieira\/#respond"]}]},{"@type":"WebPage","@id":"https:\/\/www.institutodeengenharia.org.br\/site\/2025\/06\/03\/nota-de-falecimento-antonio-helio-guerra-vieira\/","url":"https:\/\/www.institutodeengenharia.org.br\/site\/2025\/06\/03\/nota-de-falecimento-antonio-helio-guerra-vieira\/","name":"Nota de falecimento - Antonio Helio Guerra Vieira - Instituto de Engenharia","isPartOf":{"@id":"https:\/\/www.institutodeengenharia.org.br\/site\/#website"},"primaryImageOfPage":{"@id":"https:\/\/www.institutodeengenharia.org.br\/site\/2025\/06\/03\/nota-de-falecimento-antonio-helio-guerra-vieira\/#primaryimage"},"image":{"@id":"https:\/\/www.institutodeengenharia.org.br\/site\/2025\/06\/03\/nota-de-falecimento-antonio-helio-guerra-vieira\/#primaryimage"},"thumbnailUrl":"https:\/\/www.institutodeengenharia.org.br\/site\/wp-content\/uploads\/2025\/06\/53022812876_a25368b8d9_c.jpg","datePublished":"2025-06-03T13:23:37+00:00","dateModified":"2025-06-03T13:27:46+00:00","breadcrumb":{"@id":"https:\/\/www.institutodeengenharia.org.br\/site\/2025\/06\/03\/nota-de-falecimento-antonio-helio-guerra-vieira\/#breadcrumb"},"inLanguage":"pt-BR","potentialAction":[{"@type":"ReadAction","target":["https:\/\/www.institutodeengenharia.org.br\/site\/2025\/06\/03\/nota-de-falecimento-antonio-helio-guerra-vieira\/"]}]},{"@type":"ImageObject","inLanguage":"pt-BR","@id":"https:\/\/www.institutodeengenharia.org.br\/site\/2025\/06\/03\/nota-de-falecimento-antonio-helio-guerra-vieira\/#primaryimage","url":"https:\/\/www.institutodeengenharia.org.br\/site\/wp-content\/uploads\/2025\/06\/53022812876_a25368b8d9_c.jpg","contentUrl":"https:\/\/www.institutodeengenharia.org.br\/site\/wp-content\/uploads\/2025\/06\/53022812876_a25368b8d9_c.jpg","width":799,"height":533},{"@type":"BreadcrumbList","@id":"https:\/\/www.institutodeengenharia.org.br\/site\/2025\/06\/03\/nota-de-falecimento-antonio-helio-guerra-vieira\/#breadcrumb","itemListElement":[{"@type":"ListItem","position":1,"name":"In\u00edcio","item":"https:\/\/www.institutodeengenharia.org.br\/site\/"},{"@type":"ListItem","position":2,"name":"Nota de falecimento &#8211; Antonio Helio Guerra Vieira"}]},{"@type":"WebSite","@id":"https:\/\/www.institutodeengenharia.org.br\/site\/#website","url":"https:\/\/www.institutodeengenharia.org.br\/site\/","name":"Instituto de Engenharia","description":"O Instituto de Engenharia promove a Engenharia em benef\u00edcio do desenvolvimento e da qualidade de vida da sociedade.","publisher":{"@id":"https:\/\/www.institutodeengenharia.org.br\/site\/#organization"},"potentialAction":[{"@type":"SearchAction","target":{"@type":"EntryPoint","urlTemplate":"https:\/\/www.institutodeengenharia.org.br\/site\/?s={search_term_string}"},"query-input":{"@type":"PropertyValueSpecification","valueRequired":true,"valueName":"search_term_string"}}],"inLanguage":"pt-BR"},{"@type":"Organization","@id":"https:\/\/www.institutodeengenharia.org.br\/site\/#organization","name":"Instituto de Engenharia","url":"https:\/\/www.institutodeengenharia.org.br\/site\/","logo":{"@type":"ImageObject","inLanguage":"pt-BR","@id":"https:\/\/www.institutodeengenharia.org.br\/site\/#\/schema\/logo\/image\/","url":"https:\/\/www.institutodeengenharia.org.br\/site\/wp-content\/uploads\/2019\/03\/logo-novo-IE2018-1.jpg","contentUrl":"https:\/\/www.institutodeengenharia.org.br\/site\/wp-content\/uploads\/2019\/03\/logo-novo-IE2018-1.jpg","width":1486,"height":1879,"caption":"Instituto de Engenharia"},"image":{"@id":"https:\/\/www.institutodeengenharia.org.br\/site\/#\/schema\/logo\/image\/"},"sameAs":["https:\/\/www.facebook.com\/institutodeengenharia","https:\/\/x.com\/iengenharia","https:\/\/www.instagram.com\/institutodeengenharia\/","https:\/\/www.linkedin.com\/company\/instituto-de-engenharia\/","https:\/\/www.youtube.com\/channel\/UCXiCAlsSMe977vamW915HxA"]},{"@type":"Person","@id":"https:\/\/www.institutodeengenharia.org.br\/site\/#\/schema\/person\/593dc356630173a4877a635d3e5fd76b","name":"Isabel","image":{"@type":"ImageObject","inLanguage":"pt-BR","@id":"https:\/\/secure.gravatar.com\/avatar\/f3c521db63ec9db17894f10a88c6a3cf95b2281d7f80eeb3cf3ef1cb091576e7?s=96&d=mm&r=g","url":"https:\/\/secure.gravatar.com\/avatar\/f3c521db63ec9db17894f10a88c6a3cf95b2281d7f80eeb3cf3ef1cb091576e7?s=96&d=mm&r=g","contentUrl":"https:\/\/secure.gravatar.com\/avatar\/f3c521db63ec9db17894f10a88c6a3cf95b2281d7f80eeb3cf3ef1cb091576e7?s=96&d=mm&r=g","caption":"Isabel"},"url":"https:\/\/www.institutodeengenharia.org.br\/site\/author\/comunicacao2\/"}]}},"_links":{"self":[{"href":"https:\/\/www.institutodeengenharia.org.br\/site\/wp-json\/wp\/v2\/posts\/129354","targetHints":{"allow":["GET"]}}],"collection":[{"href":"https:\/\/www.institutodeengenharia.org.br\/site\/wp-json\/wp\/v2\/posts"}],"about":[{"href":"https:\/\/www.institutodeengenharia.org.br\/site\/wp-json\/wp\/v2\/types\/post"}],"author":[{"embeddable":true,"href":"https:\/\/www.institutodeengenharia.org.br\/site\/wp-json\/wp\/v2\/users\/14"}],"replies":[{"embeddable":true,"href":"https:\/\/www.institutodeengenharia.org.br\/site\/wp-json\/wp\/v2\/comments?post=129354"}],"version-history":[{"count":3,"href":"https:\/\/www.institutodeengenharia.org.br\/site\/wp-json\/wp\/v2\/posts\/129354\/revisions"}],"predecessor-version":[{"id":129369,"href":"https:\/\/www.institutodeengenharia.org.br\/site\/wp-json\/wp\/v2\/posts\/129354\/revisions\/129369"}],"wp:featuredmedia":[{"embeddable":true,"href":"https:\/\/www.institutodeengenharia.org.br\/site\/wp-json\/wp\/v2\/media\/129362"}],"wp:attachment":[{"href":"https:\/\/www.institutodeengenharia.org.br\/site\/wp-json\/wp\/v2\/media?parent=129354"}],"wp:term":[{"taxonomy":"category","embeddable":true,"href":"https:\/\/www.institutodeengenharia.org.br\/site\/wp-json\/wp\/v2\/categories?post=129354"},{"taxonomy":"post_tag","embeddable":true,"href":"https:\/\/www.institutodeengenharia.org.br\/site\/wp-json\/wp\/v2\/tags?post=129354"}],"curies":[{"name":"wp","href":"https:\/\/api.w.org\/{rel}","templated":true}]}}