{"id":129110,"date":"2025-05-27T12:15:30","date_gmt":"2025-05-27T15:15:30","guid":{"rendered":"https:\/\/www.institutodeengenharia.org.br\/site\/?p=129110"},"modified":"2025-05-27T17:00:24","modified_gmt":"2025-05-27T20:00:24","slug":"ie-prestigia-palestra-com-izabella-teixeira-na-acsp","status":"publish","type":"post","link":"https:\/\/www.institutodeengenharia.org.br\/site\/2025\/05\/27\/ie-prestigia-palestra-com-izabella-teixeira-na-acsp\/","title":{"rendered":"IE prestigia palestra com Izabella Teixeira na ACSP"},"content":{"rendered":"<p>O coordenador do GT Bioeconomia Nacional e conselheiro do Instituto de Engenharia, George Paulus, representou o presidente da Casa, Jos\u00e9 Eduardo Jardim, nesta segunda (26), na palestra com a ex-ministra do Meio Ambiente (2010-2016) e Co-Chair do Painel Internacional de Recursos Naturais da ONU Meio Ambiente (IRP\/UNEP), Izabella Teixeira.<\/p>\n<p>O evento foi realizado pelo Conselho do Agroneg\u00f3cio da Associa\u00e7\u00e3o Comercial de S\u00e3o Paulo (ACSP) e o encontro aconteceu na sede da entidade.<\/p>\n<p>Na ocasi\u00e3o, a convidada palestrou acerca do tema \u201cO Brasil e a COP30\u201d, abordando a<\/p>\n<figure id=\"attachment_129138\" aria-describedby=\"caption-attachment-129138\" style=\"width: 152px\" class=\"wp-caption alignright\"><img loading=\"lazy\" decoding=\"async\" class=\" wp-image-129138\" src=\"https:\/\/www.institutodeengenharia.org.br\/site\/wp-content\/uploads\/2025\/05\/C92473BF-6999-4DE1-846F-8C2FFF80DD66-scaled.jpg\" alt=\"\" width=\"152\" height=\"196\" srcset=\"https:\/\/www.institutodeengenharia.org.br\/site\/wp-content\/uploads\/2025\/05\/C92473BF-6999-4DE1-846F-8C2FFF80DD66-scaled.jpg 1986w, https:\/\/www.institutodeengenharia.org.br\/site\/wp-content\/uploads\/2025\/05\/C92473BF-6999-4DE1-846F-8C2FFF80DD66-233x300.jpg 233w, https:\/\/www.institutodeengenharia.org.br\/site\/wp-content\/uploads\/2025\/05\/C92473BF-6999-4DE1-846F-8C2FFF80DD66-794x1024.jpg 794w, https:\/\/www.institutodeengenharia.org.br\/site\/wp-content\/uploads\/2025\/05\/C92473BF-6999-4DE1-846F-8C2FFF80DD66-768x990.jpg 768w, https:\/\/www.institutodeengenharia.org.br\/site\/wp-content\/uploads\/2025\/05\/C92473BF-6999-4DE1-846F-8C2FFF80DD66-1191x1536.jpg 1191w, https:\/\/www.institutodeengenharia.org.br\/site\/wp-content\/uploads\/2025\/05\/C92473BF-6999-4DE1-846F-8C2FFF80DD66-1588x2048.jpg 1588w, https:\/\/www.institutodeengenharia.org.br\/site\/wp-content\/uploads\/2025\/05\/C92473BF-6999-4DE1-846F-8C2FFF80DD66-326x420.jpg 326w, https:\/\/www.institutodeengenharia.org.br\/site\/wp-content\/uploads\/2025\/05\/C92473BF-6999-4DE1-846F-8C2FFF80DD66-696x897.jpg 696w, https:\/\/www.institutodeengenharia.org.br\/site\/wp-content\/uploads\/2025\/05\/C92473BF-6999-4DE1-846F-8C2FFF80DD66-1068x1377.jpg 1068w, https:\/\/www.institutodeengenharia.org.br\/site\/wp-content\/uploads\/2025\/05\/C92473BF-6999-4DE1-846F-8C2FFF80DD66-1920x2476.jpg 1920w, https:\/\/www.institutodeengenharia.org.br\/site\/wp-content\/uploads\/2025\/05\/C92473BF-6999-4DE1-846F-8C2FFF80DD66-600x774.jpg 600w\" sizes=\"auto, (max-width: 152px) 100vw, 152px\" \/><figcaption id=\"caption-attachment-129138\" class=\"wp-caption-text\">George entrega \u00e0 Izabella Teixeira o estudo &#8220;Uma Base de Conhecimento para a Estrat\u00e9gia Nacional de Bioeconomias&#8221;, de autoria do GT<\/figcaption><\/figure>\n<p>import\u00e2ncia da quest\u00e3o clim\u00e1tica no contexto internacional e nacional, o papel do Brasil nas solu\u00e7\u00f5es clim\u00e1ticas e na geopol\u00edtica global e os desafios e as oportunidades ao Pa\u00eds em sediar a confer\u00eancia do clima.<\/p>\n<figure id=\"attachment_129112\" aria-describedby=\"caption-attachment-129112\" style=\"width: 311px\" class=\"wp-caption alignleft\"><img loading=\"lazy\" decoding=\"async\" class=\" wp-image-129112\" src=\"https:\/\/www.institutodeengenharia.org.br\/site\/wp-content\/uploads\/2025\/05\/54546129247_329f9fdd23_c.jpg\" alt=\"\" width=\"311\" height=\"208\" srcset=\"https:\/\/www.institutodeengenharia.org.br\/site\/wp-content\/uploads\/2025\/05\/54546129247_329f9fdd23_c.jpg 799w, https:\/\/www.institutodeengenharia.org.br\/site\/wp-content\/uploads\/2025\/05\/54546129247_329f9fdd23_c-300x200.jpg 300w, https:\/\/www.institutodeengenharia.org.br\/site\/wp-content\/uploads\/2025\/05\/54546129247_329f9fdd23_c-768x512.jpg 768w, https:\/\/www.institutodeengenharia.org.br\/site\/wp-content\/uploads\/2025\/05\/54546129247_329f9fdd23_c-630x420.jpg 630w, https:\/\/www.institutodeengenharia.org.br\/site\/wp-content\/uploads\/2025\/05\/54546129247_329f9fdd23_c-696x464.jpg 696w, https:\/\/www.institutodeengenharia.org.br\/site\/wp-content\/uploads\/2025\/05\/54546129247_329f9fdd23_c-600x400.jpg 600w\" sizes=\"auto, (max-width: 311px) 100vw, 311px\" \/><figcaption id=\"caption-attachment-129112\" class=\"wp-caption-text\">Marcelo Rozenberg (\u00e0 esq.) e George Paulus. Cr\u00e9dito: Cesar Bruneli \/ ACSP<\/figcaption><\/figure>\n<p>A palestrante enfatizou que a COP30 \u00e9 uma oportunidade que o Brasil tem para fortalecer sua posi\u00e7\u00e3o no cen\u00e1rio clim\u00e1tico global, engajando a sociedade e o setor privado na busca por solu\u00e7\u00f5es e promovendo as suas iniciativas e solu\u00e7\u00f5es clim\u00e1ticas, com \u00eanfase na import\u00e2ncia da Amaz\u00f4nia e os obst\u00e1culos relativos ao desmatamento, apresentando suas NDCs (Contribui\u00e7\u00e3o Nacionalmente Determinada) e cooperar para o financiamento de a\u00e7\u00f5es clim\u00e1ticas.<\/p>\n<p>A ex-ministra acredita que, com a COP30, surge uma chance para o Brasil destacar suas pol\u00edticas e iniciativas em rela\u00e7\u00e3o \u00e0 mudan\u00e7a clim\u00e1tica, posicionando-se como um l\u00edder internacional, resultando em benef\u00edcios econ\u00f4micos e estrat\u00e9gicos a longo prazo.<\/p>\n<p>Vale lembrar que o Instituto de Engenharia, por meio de seu <a href=\"https:\/\/www.institutodeengenharia.org.br\/site\/amazonia-e-bioeconomia\/\">Grupo de Trabalho Bioeconomia Nacional<\/a>, tem trabalhado ativamente contribuindo com a discuss\u00e3o sobre as oportunidades e desafios do Brasil na Bioeconomia.<\/p>\n<p>Estava tamb\u00e9m presente no encontro, o conselheiro do IE, Marcelo Rozenberg.<\/p>\n<h6><em>Com informa\u00e7\u00f5es da <a href=\"https:\/\/acsp.com.br\/publicacao\/s\/acsp-debate-os-desafios-e-oportunidades-do-brasil-na-cop30\">ACSP<\/a><\/em><\/h6>\n","protected":false},"excerpt":{"rendered":"<p>O coordenador do GT Bioeconomia Nacional e conselheiro do Instituto de Engenharia, George Paulus, representou o presidente da Casa, Jos\u00e9 Eduardo Jardim, nesta segunda (26), na palestra com a ex-ministra do Meio Ambiente (2010-2016) e Co-Chair do Painel Internacional de Recursos Naturais da ONU Meio Ambiente (IRP\/UNEP), Izabella Teixeira. O evento foi realizado pelo Conselho [&hellip;]<\/p>\n","protected":false},"author":14,"featured_media":129111,"comment_status":"open","ping_status":"open","sticky":false,"template":"","format":"standard","meta":{"footnotes":""},"categories":[1119,27,31,6],"tags":[],"class_list":{"0":"post-129110","1":"post","2":"type-post","3":"status-publish","4":"format-standard","5":"has-post-thumbnail","7":"category-amazonia-e-bioeconomia","8":"category-instituto-de-engenharia","9":"category-meio-ambiente","10":"category-noticias"},"yoast_head":"<!-- This site is optimized with the Yoast SEO plugin v27.2 - https:\/\/yoast.com\/product\/yoast-seo-wordpress\/ -->\n<title>IE prestigia palestra com Izabella Teixeira na ACSP - Instituto de Engenharia<\/title>\n<meta name=\"robots\" content=\"index, follow, max-snippet:-1, max-image-preview:large, max-video-preview:-1\" \/>\n<link rel=\"canonical\" href=\"https:\/\/www.institutodeengenharia.org.br\/site\/2025\/05\/27\/ie-prestigia-palestra-com-izabella-teixeira-na-acsp\/\" \/>\n<meta property=\"og:locale\" content=\"pt_BR\" \/>\n<meta property=\"og:type\" content=\"article\" \/>\n<meta property=\"og:title\" content=\"IE prestigia palestra com Izabella Teixeira na ACSP - Instituto de Engenharia\" \/>\n<meta property=\"og:description\" content=\"O coordenador do GT Bioeconomia Nacional e conselheiro do Instituto de Engenharia, George Paulus, representou o presidente da Casa, Jos\u00e9 Eduardo Jardim, nesta segunda (26), na palestra com a ex-ministra do Meio Ambiente (2010-2016) e Co-Chair do Painel Internacional de Recursos Naturais da ONU Meio Ambiente (IRP\/UNEP), Izabella Teixeira. O evento foi realizado pelo Conselho [&hellip;]\" \/>\n<meta property=\"og:url\" content=\"https:\/\/www.institutodeengenharia.org.br\/site\/2025\/05\/27\/ie-prestigia-palestra-com-izabella-teixeira-na-acsp\/\" \/>\n<meta property=\"og:site_name\" content=\"Instituto de Engenharia\" \/>\n<meta property=\"article:publisher\" content=\"https:\/\/www.facebook.com\/institutodeengenharia\" \/>\n<meta property=\"article:published_time\" content=\"2025-05-27T15:15:30+00:00\" \/>\n<meta property=\"article:modified_time\" content=\"2025-05-27T20:00:24+00:00\" \/>\n<meta property=\"og:image\" content=\"https:\/\/www.institutodeengenharia.org.br\/site\/wp-content\/uploads\/2025\/05\/54547334410_e4f9e28cb7_c.jpg\" \/>\n\t<meta property=\"og:image:width\" content=\"799\" \/>\n\t<meta property=\"og:image:height\" content=\"533\" \/>\n\t<meta property=\"og:image:type\" content=\"image\/jpeg\" \/>\n<meta name=\"author\" content=\"Isabel\" \/>\n<meta name=\"twitter:card\" content=\"summary_large_image\" \/>\n<meta name=\"twitter:creator\" content=\"@iengenharia\" \/>\n<meta name=\"twitter:site\" content=\"@iengenharia\" \/>\n<meta name=\"twitter:label1\" content=\"Escrito por\" \/>\n\t<meta name=\"twitter:data1\" content=\"Isabel\" \/>\n\t<meta name=\"twitter:label2\" content=\"Est. tempo de leitura\" \/>\n\t<meta name=\"twitter:data2\" content=\"3 minutos\" \/>\n<script type=\"application\/ld+json\" class=\"yoast-schema-graph\">{\"@context\":\"https:\/\/schema.org\",\"@graph\":[{\"@type\":\"Article\",\"@id\":\"https:\/\/www.institutodeengenharia.org.br\/site\/2025\/05\/27\/ie-prestigia-palestra-com-izabella-teixeira-na-acsp\/#article\",\"isPartOf\":{\"@id\":\"https:\/\/www.institutodeengenharia.org.br\/site\/2025\/05\/27\/ie-prestigia-palestra-com-izabella-teixeira-na-acsp\/\"},\"author\":{\"name\":\"Isabel\",\"@id\":\"https:\/\/www.institutodeengenharia.org.br\/site\/#\/schema\/person\/593dc356630173a4877a635d3e5fd76b\"},\"headline\":\"IE prestigia palestra com Izabella Teixeira na ACSP\",\"datePublished\":\"2025-05-27T15:15:30+00:00\",\"dateModified\":\"2025-05-27T20:00:24+00:00\",\"mainEntityOfPage\":{\"@id\":\"https:\/\/www.institutodeengenharia.org.br\/site\/2025\/05\/27\/ie-prestigia-palestra-com-izabella-teixeira-na-acsp\/\"},\"wordCount\":358,\"commentCount\":0,\"publisher\":{\"@id\":\"https:\/\/www.institutodeengenharia.org.br\/site\/#organization\"},\"image\":{\"@id\":\"https:\/\/www.institutodeengenharia.org.br\/site\/2025\/05\/27\/ie-prestigia-palestra-com-izabella-teixeira-na-acsp\/#primaryimage\"},\"thumbnailUrl\":\"https:\/\/www.institutodeengenharia.org.br\/site\/wp-content\/uploads\/2025\/05\/54547334410_e4f9e28cb7_c.jpg\",\"articleSection\":[\"Amaz\u00f4nia e Bioeconomia\",\"Instituto de Engenharia\",\"Meio Ambiente\",\"Not\u00edcias\"],\"inLanguage\":\"pt-BR\",\"potentialAction\":[{\"@type\":\"CommentAction\",\"name\":\"Comment\",\"target\":[\"https:\/\/www.institutodeengenharia.org.br\/site\/2025\/05\/27\/ie-prestigia-palestra-com-izabella-teixeira-na-acsp\/#respond\"]}]},{\"@type\":\"WebPage\",\"@id\":\"https:\/\/www.institutodeengenharia.org.br\/site\/2025\/05\/27\/ie-prestigia-palestra-com-izabella-teixeira-na-acsp\/\",\"url\":\"https:\/\/www.institutodeengenharia.org.br\/site\/2025\/05\/27\/ie-prestigia-palestra-com-izabella-teixeira-na-acsp\/\",\"name\":\"IE prestigia palestra com Izabella Teixeira na ACSP - Instituto de Engenharia\",\"isPartOf\":{\"@id\":\"https:\/\/www.institutodeengenharia.org.br\/site\/#website\"},\"primaryImageOfPage\":{\"@id\":\"https:\/\/www.institutodeengenharia.org.br\/site\/2025\/05\/27\/ie-prestigia-palestra-com-izabella-teixeira-na-acsp\/#primaryimage\"},\"image\":{\"@id\":\"https:\/\/www.institutodeengenharia.org.br\/site\/2025\/05\/27\/ie-prestigia-palestra-com-izabella-teixeira-na-acsp\/#primaryimage\"},\"thumbnailUrl\":\"https:\/\/www.institutodeengenharia.org.br\/site\/wp-content\/uploads\/2025\/05\/54547334410_e4f9e28cb7_c.jpg\",\"datePublished\":\"2025-05-27T15:15:30+00:00\",\"dateModified\":\"2025-05-27T20:00:24+00:00\",\"breadcrumb\":{\"@id\":\"https:\/\/www.institutodeengenharia.org.br\/site\/2025\/05\/27\/ie-prestigia-palestra-com-izabella-teixeira-na-acsp\/#breadcrumb\"},\"inLanguage\":\"pt-BR\",\"potentialAction\":[{\"@type\":\"ReadAction\",\"target\":[\"https:\/\/www.institutodeengenharia.org.br\/site\/2025\/05\/27\/ie-prestigia-palestra-com-izabella-teixeira-na-acsp\/\"]}]},{\"@type\":\"ImageObject\",\"inLanguage\":\"pt-BR\",\"@id\":\"https:\/\/www.institutodeengenharia.org.br\/site\/2025\/05\/27\/ie-prestigia-palestra-com-izabella-teixeira-na-acsp\/#primaryimage\",\"url\":\"https:\/\/www.institutodeengenharia.org.br\/site\/wp-content\/uploads\/2025\/05\/54547334410_e4f9e28cb7_c.jpg\",\"contentUrl\":\"https:\/\/www.institutodeengenharia.org.br\/site\/wp-content\/uploads\/2025\/05\/54547334410_e4f9e28cb7_c.jpg\",\"width\":799,\"height\":533,\"caption\":\"Cr\u00e9dito: Cesar Bruneli \/ ACSP\"},{\"@type\":\"BreadcrumbList\",\"@id\":\"https:\/\/www.institutodeengenharia.org.br\/site\/2025\/05\/27\/ie-prestigia-palestra-com-izabella-teixeira-na-acsp\/#breadcrumb\",\"itemListElement\":[{\"@type\":\"ListItem\",\"position\":1,\"name\":\"In\u00edcio\",\"item\":\"https:\/\/www.institutodeengenharia.org.br\/site\/\"},{\"@type\":\"ListItem\",\"position\":2,\"name\":\"IE prestigia palestra com Izabella Teixeira na ACSP\"}]},{\"@type\":\"WebSite\",\"@id\":\"https:\/\/www.institutodeengenharia.org.br\/site\/#website\",\"url\":\"https:\/\/www.institutodeengenharia.org.br\/site\/\",\"name\":\"Instituto de Engenharia\",\"description\":\"O Instituto de Engenharia promove a Engenharia em benef\u00edcio do desenvolvimento e da qualidade de vida da sociedade.\",\"publisher\":{\"@id\":\"https:\/\/www.institutodeengenharia.org.br\/site\/#organization\"},\"potentialAction\":[{\"@type\":\"SearchAction\",\"target\":{\"@type\":\"EntryPoint\",\"urlTemplate\":\"https:\/\/www.institutodeengenharia.org.br\/site\/?s={search_term_string}\"},\"query-input\":{\"@type\":\"PropertyValueSpecification\",\"valueRequired\":true,\"valueName\":\"search_term_string\"}}],\"inLanguage\":\"pt-BR\"},{\"@type\":\"Organization\",\"@id\":\"https:\/\/www.institutodeengenharia.org.br\/site\/#organization\",\"name\":\"Instituto de Engenharia\",\"url\":\"https:\/\/www.institutodeengenharia.org.br\/site\/\",\"logo\":{\"@type\":\"ImageObject\",\"inLanguage\":\"pt-BR\",\"@id\":\"https:\/\/www.institutodeengenharia.org.br\/site\/#\/schema\/logo\/image\/\",\"url\":\"https:\/\/www.institutodeengenharia.org.br\/site\/wp-content\/uploads\/2019\/03\/logo-novo-IE2018-1.jpg\",\"contentUrl\":\"https:\/\/www.institutodeengenharia.org.br\/site\/wp-content\/uploads\/2019\/03\/logo-novo-IE2018-1.jpg\",\"width\":1486,\"height\":1879,\"caption\":\"Instituto de Engenharia\"},\"image\":{\"@id\":\"https:\/\/www.institutodeengenharia.org.br\/site\/#\/schema\/logo\/image\/\"},\"sameAs\":[\"https:\/\/www.facebook.com\/institutodeengenharia\",\"https:\/\/x.com\/iengenharia\",\"https:\/\/www.instagram.com\/institutodeengenharia\/\",\"https:\/\/www.linkedin.com\/company\/instituto-de-engenharia\/\",\"https:\/\/www.youtube.com\/channel\/UCXiCAlsSMe977vamW915HxA\"]},{\"@type\":\"Person\",\"@id\":\"https:\/\/www.institutodeengenharia.org.br\/site\/#\/schema\/person\/593dc356630173a4877a635d3e5fd76b\",\"name\":\"Isabel\",\"image\":{\"@type\":\"ImageObject\",\"inLanguage\":\"pt-BR\",\"@id\":\"https:\/\/secure.gravatar.com\/avatar\/f3c521db63ec9db17894f10a88c6a3cf95b2281d7f80eeb3cf3ef1cb091576e7?s=96&d=mm&r=g\",\"url\":\"https:\/\/secure.gravatar.com\/avatar\/f3c521db63ec9db17894f10a88c6a3cf95b2281d7f80eeb3cf3ef1cb091576e7?s=96&d=mm&r=g\",\"contentUrl\":\"https:\/\/secure.gravatar.com\/avatar\/f3c521db63ec9db17894f10a88c6a3cf95b2281d7f80eeb3cf3ef1cb091576e7?s=96&d=mm&r=g\",\"caption\":\"Isabel\"},\"url\":\"https:\/\/www.institutodeengenharia.org.br\/site\/author\/comunicacao2\/\"}]}<\/script>\n<!-- \/ Yoast SEO plugin. -->","yoast_head_json":{"title":"IE prestigia palestra com Izabella Teixeira na ACSP - Instituto de Engenharia","robots":{"index":"index","follow":"follow","max-snippet":"max-snippet:-1","max-image-preview":"max-image-preview:large","max-video-preview":"max-video-preview:-1"},"canonical":"https:\/\/www.institutodeengenharia.org.br\/site\/2025\/05\/27\/ie-prestigia-palestra-com-izabella-teixeira-na-acsp\/","og_locale":"pt_BR","og_type":"article","og_title":"IE prestigia palestra com Izabella Teixeira na ACSP - Instituto de Engenharia","og_description":"O coordenador do GT Bioeconomia Nacional e conselheiro do Instituto de Engenharia, George Paulus, representou o presidente da Casa, Jos\u00e9 Eduardo Jardim, nesta segunda (26), na palestra com a ex-ministra do Meio Ambiente (2010-2016) e Co-Chair do Painel Internacional de Recursos Naturais da ONU Meio Ambiente (IRP\/UNEP), Izabella Teixeira. O evento foi realizado pelo Conselho [&hellip;]","og_url":"https:\/\/www.institutodeengenharia.org.br\/site\/2025\/05\/27\/ie-prestigia-palestra-com-izabella-teixeira-na-acsp\/","og_site_name":"Instituto de Engenharia","article_publisher":"https:\/\/www.facebook.com\/institutodeengenharia","article_published_time":"2025-05-27T15:15:30+00:00","article_modified_time":"2025-05-27T20:00:24+00:00","og_image":[{"width":799,"height":533,"url":"https:\/\/www.institutodeengenharia.org.br\/site\/wp-content\/uploads\/2025\/05\/54547334410_e4f9e28cb7_c.jpg","type":"image\/jpeg"}],"author":"Isabel","twitter_card":"summary_large_image","twitter_creator":"@iengenharia","twitter_site":"@iengenharia","twitter_misc":{"Escrito por":"Isabel","Est. tempo de leitura":"3 minutos"},"schema":{"@context":"https:\/\/schema.org","@graph":[{"@type":"Article","@id":"https:\/\/www.institutodeengenharia.org.br\/site\/2025\/05\/27\/ie-prestigia-palestra-com-izabella-teixeira-na-acsp\/#article","isPartOf":{"@id":"https:\/\/www.institutodeengenharia.org.br\/site\/2025\/05\/27\/ie-prestigia-palestra-com-izabella-teixeira-na-acsp\/"},"author":{"name":"Isabel","@id":"https:\/\/www.institutodeengenharia.org.br\/site\/#\/schema\/person\/593dc356630173a4877a635d3e5fd76b"},"headline":"IE prestigia palestra com Izabella Teixeira na ACSP","datePublished":"2025-05-27T15:15:30+00:00","dateModified":"2025-05-27T20:00:24+00:00","mainEntityOfPage":{"@id":"https:\/\/www.institutodeengenharia.org.br\/site\/2025\/05\/27\/ie-prestigia-palestra-com-izabella-teixeira-na-acsp\/"},"wordCount":358,"commentCount":0,"publisher":{"@id":"https:\/\/www.institutodeengenharia.org.br\/site\/#organization"},"image":{"@id":"https:\/\/www.institutodeengenharia.org.br\/site\/2025\/05\/27\/ie-prestigia-palestra-com-izabella-teixeira-na-acsp\/#primaryimage"},"thumbnailUrl":"https:\/\/www.institutodeengenharia.org.br\/site\/wp-content\/uploads\/2025\/05\/54547334410_e4f9e28cb7_c.jpg","articleSection":["Amaz\u00f4nia e Bioeconomia","Instituto de Engenharia","Meio Ambiente","Not\u00edcias"],"inLanguage":"pt-BR","potentialAction":[{"@type":"CommentAction","name":"Comment","target":["https:\/\/www.institutodeengenharia.org.br\/site\/2025\/05\/27\/ie-prestigia-palestra-com-izabella-teixeira-na-acsp\/#respond"]}]},{"@type":"WebPage","@id":"https:\/\/www.institutodeengenharia.org.br\/site\/2025\/05\/27\/ie-prestigia-palestra-com-izabella-teixeira-na-acsp\/","url":"https:\/\/www.institutodeengenharia.org.br\/site\/2025\/05\/27\/ie-prestigia-palestra-com-izabella-teixeira-na-acsp\/","name":"IE prestigia palestra com Izabella Teixeira na ACSP - Instituto de Engenharia","isPartOf":{"@id":"https:\/\/www.institutodeengenharia.org.br\/site\/#website"},"primaryImageOfPage":{"@id":"https:\/\/www.institutodeengenharia.org.br\/site\/2025\/05\/27\/ie-prestigia-palestra-com-izabella-teixeira-na-acsp\/#primaryimage"},"image":{"@id":"https:\/\/www.institutodeengenharia.org.br\/site\/2025\/05\/27\/ie-prestigia-palestra-com-izabella-teixeira-na-acsp\/#primaryimage"},"thumbnailUrl":"https:\/\/www.institutodeengenharia.org.br\/site\/wp-content\/uploads\/2025\/05\/54547334410_e4f9e28cb7_c.jpg","datePublished":"2025-05-27T15:15:30+00:00","dateModified":"2025-05-27T20:00:24+00:00","breadcrumb":{"@id":"https:\/\/www.institutodeengenharia.org.br\/site\/2025\/05\/27\/ie-prestigia-palestra-com-izabella-teixeira-na-acsp\/#breadcrumb"},"inLanguage":"pt-BR","potentialAction":[{"@type":"ReadAction","target":["https:\/\/www.institutodeengenharia.org.br\/site\/2025\/05\/27\/ie-prestigia-palestra-com-izabella-teixeira-na-acsp\/"]}]},{"@type":"ImageObject","inLanguage":"pt-BR","@id":"https:\/\/www.institutodeengenharia.org.br\/site\/2025\/05\/27\/ie-prestigia-palestra-com-izabella-teixeira-na-acsp\/#primaryimage","url":"https:\/\/www.institutodeengenharia.org.br\/site\/wp-content\/uploads\/2025\/05\/54547334410_e4f9e28cb7_c.jpg","contentUrl":"https:\/\/www.institutodeengenharia.org.br\/site\/wp-content\/uploads\/2025\/05\/54547334410_e4f9e28cb7_c.jpg","width":799,"height":533,"caption":"Cr\u00e9dito: Cesar Bruneli \/ ACSP"},{"@type":"BreadcrumbList","@id":"https:\/\/www.institutodeengenharia.org.br\/site\/2025\/05\/27\/ie-prestigia-palestra-com-izabella-teixeira-na-acsp\/#breadcrumb","itemListElement":[{"@type":"ListItem","position":1,"name":"In\u00edcio","item":"https:\/\/www.institutodeengenharia.org.br\/site\/"},{"@type":"ListItem","position":2,"name":"IE prestigia palestra com Izabella Teixeira na ACSP"}]},{"@type":"WebSite","@id":"https:\/\/www.institutodeengenharia.org.br\/site\/#website","url":"https:\/\/www.institutodeengenharia.org.br\/site\/","name":"Instituto de Engenharia","description":"O Instituto de Engenharia promove a Engenharia em benef\u00edcio do desenvolvimento e da qualidade de vida da sociedade.","publisher":{"@id":"https:\/\/www.institutodeengenharia.org.br\/site\/#organization"},"potentialAction":[{"@type":"SearchAction","target":{"@type":"EntryPoint","urlTemplate":"https:\/\/www.institutodeengenharia.org.br\/site\/?s={search_term_string}"},"query-input":{"@type":"PropertyValueSpecification","valueRequired":true,"valueName":"search_term_string"}}],"inLanguage":"pt-BR"},{"@type":"Organization","@id":"https:\/\/www.institutodeengenharia.org.br\/site\/#organization","name":"Instituto de Engenharia","url":"https:\/\/www.institutodeengenharia.org.br\/site\/","logo":{"@type":"ImageObject","inLanguage":"pt-BR","@id":"https:\/\/www.institutodeengenharia.org.br\/site\/#\/schema\/logo\/image\/","url":"https:\/\/www.institutodeengenharia.org.br\/site\/wp-content\/uploads\/2019\/03\/logo-novo-IE2018-1.jpg","contentUrl":"https:\/\/www.institutodeengenharia.org.br\/site\/wp-content\/uploads\/2019\/03\/logo-novo-IE2018-1.jpg","width":1486,"height":1879,"caption":"Instituto de Engenharia"},"image":{"@id":"https:\/\/www.institutodeengenharia.org.br\/site\/#\/schema\/logo\/image\/"},"sameAs":["https:\/\/www.facebook.com\/institutodeengenharia","https:\/\/x.com\/iengenharia","https:\/\/www.instagram.com\/institutodeengenharia\/","https:\/\/www.linkedin.com\/company\/instituto-de-engenharia\/","https:\/\/www.youtube.com\/channel\/UCXiCAlsSMe977vamW915HxA"]},{"@type":"Person","@id":"https:\/\/www.institutodeengenharia.org.br\/site\/#\/schema\/person\/593dc356630173a4877a635d3e5fd76b","name":"Isabel","image":{"@type":"ImageObject","inLanguage":"pt-BR","@id":"https:\/\/secure.gravatar.com\/avatar\/f3c521db63ec9db17894f10a88c6a3cf95b2281d7f80eeb3cf3ef1cb091576e7?s=96&d=mm&r=g","url":"https:\/\/secure.gravatar.com\/avatar\/f3c521db63ec9db17894f10a88c6a3cf95b2281d7f80eeb3cf3ef1cb091576e7?s=96&d=mm&r=g","contentUrl":"https:\/\/secure.gravatar.com\/avatar\/f3c521db63ec9db17894f10a88c6a3cf95b2281d7f80eeb3cf3ef1cb091576e7?s=96&d=mm&r=g","caption":"Isabel"},"url":"https:\/\/www.institutodeengenharia.org.br\/site\/author\/comunicacao2\/"}]}},"_links":{"self":[{"href":"https:\/\/www.institutodeengenharia.org.br\/site\/wp-json\/wp\/v2\/posts\/129110","targetHints":{"allow":["GET"]}}],"collection":[{"href":"https:\/\/www.institutodeengenharia.org.br\/site\/wp-json\/wp\/v2\/posts"}],"about":[{"href":"https:\/\/www.institutodeengenharia.org.br\/site\/wp-json\/wp\/v2\/types\/post"}],"author":[{"embeddable":true,"href":"https:\/\/www.institutodeengenharia.org.br\/site\/wp-json\/wp\/v2\/users\/14"}],"replies":[{"embeddable":true,"href":"https:\/\/www.institutodeengenharia.org.br\/site\/wp-json\/wp\/v2\/comments?post=129110"}],"version-history":[{"count":2,"href":"https:\/\/www.institutodeengenharia.org.br\/site\/wp-json\/wp\/v2\/posts\/129110\/revisions"}],"predecessor-version":[{"id":129139,"href":"https:\/\/www.institutodeengenharia.org.br\/site\/wp-json\/wp\/v2\/posts\/129110\/revisions\/129139"}],"wp:featuredmedia":[{"embeddable":true,"href":"https:\/\/www.institutodeengenharia.org.br\/site\/wp-json\/wp\/v2\/media\/129111"}],"wp:attachment":[{"href":"https:\/\/www.institutodeengenharia.org.br\/site\/wp-json\/wp\/v2\/media?parent=129110"}],"wp:term":[{"taxonomy":"category","embeddable":true,"href":"https:\/\/www.institutodeengenharia.org.br\/site\/wp-json\/wp\/v2\/categories?post=129110"},{"taxonomy":"post_tag","embeddable":true,"href":"https:\/\/www.institutodeengenharia.org.br\/site\/wp-json\/wp\/v2\/tags?post=129110"}],"curies":[{"name":"wp","href":"https:\/\/api.w.org\/{rel}","templated":true}]}}