{"id":129094,"date":"2025-05-27T10:19:28","date_gmt":"2025-05-27T13:19:28","guid":{"rendered":"https:\/\/www.institutodeengenharia.org.br\/site\/?p=129094"},"modified":"2025-05-27T12:30:05","modified_gmt":"2025-05-27T15:30:05","slug":"nota-de-falecimento-plinio-oswaldo-assmann","status":"publish","type":"post","link":"https:\/\/www.institutodeengenharia.org.br\/site\/2025\/05\/27\/nota-de-falecimento-plinio-oswaldo-assmann\/","title":{"rendered":"Nota de falecimento &#8211; Pl\u00ednio Oswaldo Assmann"},"content":{"rendered":"<p>Presidente nos anos de 1983 e 1984, conselheiro, Eminente Engenheiro do Ano 2015, mas acima de tudo um entusiasta! Nesses 69 anos que foi associado ao Instituto de Engenharia, Pl\u00ednio Oswaldo Assmann compartilhou um conhecimento imenso a respeito de transportes sobre trilhos, sendo o coordenador, junto com o engenheiro Camil Eid, do projeto \u201cOcupa\u00e7\u00e3o Sustent\u00e1vel do Territ\u00f3rio Nacional pela Ferrovia Associada ao Agroneg\u00f3cio\u201d.<\/p>\n<p>Presidente da Companhia do Metr\u00f4 de S\u00e3o Paulo, durante a constru\u00e7\u00e3o e implanta\u00e7\u00e3o da opera\u00e7\u00e3o da primeira linha do Estado, a linha Azul Norte-Sul, sempre nos presenteava com suas hist\u00f3rias de desafios daquela \u00e9poca.<\/p>\n<p>Ele participou de v\u00e1rias frentes, como a funda\u00e7\u00e3o da Associa\u00e7\u00e3o Nacional de Transportes P\u00fablicos (ANTP), a qual presidiu; assim como presidiu e foi conselheiro da Companhia do Metr\u00f4 do Rio de Janeiro; foi tamb\u00e9m secret\u00e1rio de Transportes do Governo de S\u00e3o Paulo, e presidente da Companhia Sider\u00fargica Paulista (Cosipa), mas nunca escondeu o seu orgulho em ter liderado a constru\u00e7\u00e3o da primeira linha do Metr\u00f4 de S\u00e3o Paulo.<\/p>\n<p>Pl\u00ednio Assmann foi homenageado, pelo Instituto de Engenharia, com o Pr\u00eamio Engenheiro Antonio Francisco de Paula Souza, em 2024, durante as celebra\u00e7\u00f5es do Dia do Engenheiro. O reconhecimento foi entregue ao seu filho e netas.<\/p>\n<p>Engenheiro mec\u00e2nico-eletricista, formado pela Escola Polit\u00e9cnica da USP, em 1956, e administrador de empresas, Pl\u00ednio Assmann deixa um importante legado para a Engenharia Nacional, e para os amigos do Instituto de Engenharia&#8230; e para a pr\u00f3pria hist\u00f3ria do Instituto de Engenharia, deixa um acervo repleto de sabedoria e conhecimento, al\u00e9m de muita saudade.<\/p>\n<p style=\"text-align: center;\"><em>Jos\u00e9 Eduardo Frasc\u00e1 Poyares Jardim<br \/>\nPresidente<br \/>\nInstituto de Engenharia <\/em><\/p>\n<p><iframe loading=\"lazy\" title=\"Homenagem Pl\u00ednio\" src=\"https:\/\/player.vimeo.com\/video\/1088040212?title=0&amp;byline=0&amp;portrait=0&amp;badge=0&amp;autopause=0&amp;player_id=0&amp;app_id=58479\" width=\"1920\" height=\"1080\" frameborder=\"0\"><\/iframe><\/p>\n","protected":false},"excerpt":{"rendered":"<p>Presidente nos anos de 1983 e 1984, conselheiro, Eminente Engenheiro do Ano 2015, mas acima de tudo um entusiasta! Nesses 69 anos que foi associado ao Instituto de Engenharia, Pl\u00ednio Oswaldo Assmann compartilhou um conhecimento imenso a respeito de transportes sobre trilhos, sendo o coordenador, junto com o engenheiro Camil Eid, do projeto \u201cOcupa\u00e7\u00e3o Sustent\u00e1vel [&hellip;]<\/p>\n","protected":false},"author":14,"featured_media":26156,"comment_status":"open","ping_status":"open","sticky":false,"template":"","format":"standard","meta":{"footnotes":""},"categories":[27,6,41],"tags":[201],"class_list":{"0":"post-129094","1":"post","2":"type-post","3":"status-publish","4":"format-standard","5":"has-post-thumbnail","7":"category-instituto-de-engenharia","8":"category-noticias","9":"category-transportes","10":"tag-destaque-topo"},"yoast_head":"<!-- This site is optimized with the Yoast SEO plugin v27.2 - https:\/\/yoast.com\/product\/yoast-seo-wordpress\/ -->\n<title>Nota de falecimento - Pl\u00ednio Oswaldo Assmann - Instituto de Engenharia<\/title>\n<meta name=\"robots\" content=\"index, follow, max-snippet:-1, max-image-preview:large, max-video-preview:-1\" \/>\n<link rel=\"canonical\" href=\"https:\/\/www.institutodeengenharia.org.br\/site\/2025\/05\/27\/nota-de-falecimento-plinio-oswaldo-assmann\/\" \/>\n<meta property=\"og:locale\" content=\"pt_BR\" \/>\n<meta property=\"og:type\" content=\"article\" \/>\n<meta property=\"og:title\" content=\"Nota de falecimento - Pl\u00ednio Oswaldo Assmann - Instituto de Engenharia\" \/>\n<meta property=\"og:description\" content=\"Presidente nos anos de 1983 e 1984, conselheiro, Eminente Engenheiro do Ano 2015, mas acima de tudo um entusiasta! Nesses 69 anos que foi associado ao Instituto de Engenharia, Pl\u00ednio Oswaldo Assmann compartilhou um conhecimento imenso a respeito de transportes sobre trilhos, sendo o coordenador, junto com o engenheiro Camil Eid, do projeto \u201cOcupa\u00e7\u00e3o Sustent\u00e1vel [&hellip;]\" \/>\n<meta property=\"og:url\" content=\"https:\/\/www.institutodeengenharia.org.br\/site\/2025\/05\/27\/nota-de-falecimento-plinio-oswaldo-assmann\/\" \/>\n<meta property=\"og:site_name\" content=\"Instituto de Engenharia\" \/>\n<meta property=\"article:publisher\" content=\"https:\/\/www.facebook.com\/institutodeengenharia\" \/>\n<meta property=\"article:published_time\" content=\"2025-05-27T13:19:28+00:00\" \/>\n<meta property=\"article:modified_time\" content=\"2025-05-27T15:30:05+00:00\" \/>\n<meta property=\"og:image\" content=\"https:\/\/www.institutodeengenharia.org.br\/site\/wp-content\/uploads\/2017\/10\/plinioA1(2).jpg\" \/>\n\t<meta property=\"og:image:width\" content=\"448\" \/>\n\t<meta property=\"og:image:height\" content=\"298\" \/>\n\t<meta property=\"og:image:type\" content=\"image\/jpeg\" \/>\n<meta name=\"author\" content=\"Isabel\" \/>\n<meta name=\"twitter:card\" content=\"summary_large_image\" \/>\n<meta name=\"twitter:creator\" content=\"@iengenharia\" \/>\n<meta name=\"twitter:site\" content=\"@iengenharia\" \/>\n<meta name=\"twitter:label1\" content=\"Escrito por\" \/>\n\t<meta name=\"twitter:data1\" content=\"Isabel\" \/>\n\t<meta name=\"twitter:label2\" content=\"Est. tempo de leitura\" \/>\n\t<meta name=\"twitter:data2\" content=\"2 minutos\" \/>\n<script type=\"application\/ld+json\" class=\"yoast-schema-graph\">{\"@context\":\"https:\/\/schema.org\",\"@graph\":[{\"@type\":\"Article\",\"@id\":\"https:\/\/www.institutodeengenharia.org.br\/site\/2025\/05\/27\/nota-de-falecimento-plinio-oswaldo-assmann\/#article\",\"isPartOf\":{\"@id\":\"https:\/\/www.institutodeengenharia.org.br\/site\/2025\/05\/27\/nota-de-falecimento-plinio-oswaldo-assmann\/\"},\"author\":{\"name\":\"Isabel\",\"@id\":\"https:\/\/www.institutodeengenharia.org.br\/site\/#\/schema\/person\/593dc356630173a4877a635d3e5fd76b\"},\"headline\":\"Nota de falecimento &#8211; Pl\u00ednio Oswaldo Assmann\",\"datePublished\":\"2025-05-27T13:19:28+00:00\",\"dateModified\":\"2025-05-27T15:30:05+00:00\",\"mainEntityOfPage\":{\"@id\":\"https:\/\/www.institutodeengenharia.org.br\/site\/2025\/05\/27\/nota-de-falecimento-plinio-oswaldo-assmann\/\"},\"wordCount\":293,\"commentCount\":0,\"publisher\":{\"@id\":\"https:\/\/www.institutodeengenharia.org.br\/site\/#organization\"},\"image\":{\"@id\":\"https:\/\/www.institutodeengenharia.org.br\/site\/2025\/05\/27\/nota-de-falecimento-plinio-oswaldo-assmann\/#primaryimage\"},\"thumbnailUrl\":\"https:\/\/www.institutodeengenharia.org.br\/site\/wp-content\/uploads\/2017\/10\/plinioA1(2).jpg\",\"keywords\":[\"Destaque Topo\"],\"articleSection\":[\"Instituto de Engenharia\",\"Not\u00edcias\",\"Transportes\"],\"inLanguage\":\"pt-BR\",\"potentialAction\":[{\"@type\":\"CommentAction\",\"name\":\"Comment\",\"target\":[\"https:\/\/www.institutodeengenharia.org.br\/site\/2025\/05\/27\/nota-de-falecimento-plinio-oswaldo-assmann\/#respond\"]}]},{\"@type\":\"WebPage\",\"@id\":\"https:\/\/www.institutodeengenharia.org.br\/site\/2025\/05\/27\/nota-de-falecimento-plinio-oswaldo-assmann\/\",\"url\":\"https:\/\/www.institutodeengenharia.org.br\/site\/2025\/05\/27\/nota-de-falecimento-plinio-oswaldo-assmann\/\",\"name\":\"Nota de falecimento - Pl\u00ednio Oswaldo Assmann - Instituto de Engenharia\",\"isPartOf\":{\"@id\":\"https:\/\/www.institutodeengenharia.org.br\/site\/#website\"},\"primaryImageOfPage\":{\"@id\":\"https:\/\/www.institutodeengenharia.org.br\/site\/2025\/05\/27\/nota-de-falecimento-plinio-oswaldo-assmann\/#primaryimage\"},\"image\":{\"@id\":\"https:\/\/www.institutodeengenharia.org.br\/site\/2025\/05\/27\/nota-de-falecimento-plinio-oswaldo-assmann\/#primaryimage\"},\"thumbnailUrl\":\"https:\/\/www.institutodeengenharia.org.br\/site\/wp-content\/uploads\/2017\/10\/plinioA1(2).jpg\",\"datePublished\":\"2025-05-27T13:19:28+00:00\",\"dateModified\":\"2025-05-27T15:30:05+00:00\",\"breadcrumb\":{\"@id\":\"https:\/\/www.institutodeengenharia.org.br\/site\/2025\/05\/27\/nota-de-falecimento-plinio-oswaldo-assmann\/#breadcrumb\"},\"inLanguage\":\"pt-BR\",\"potentialAction\":[{\"@type\":\"ReadAction\",\"target\":[\"https:\/\/www.institutodeengenharia.org.br\/site\/2025\/05\/27\/nota-de-falecimento-plinio-oswaldo-assmann\/\"]}]},{\"@type\":\"ImageObject\",\"inLanguage\":\"pt-BR\",\"@id\":\"https:\/\/www.institutodeengenharia.org.br\/site\/2025\/05\/27\/nota-de-falecimento-plinio-oswaldo-assmann\/#primaryimage\",\"url\":\"https:\/\/www.institutodeengenharia.org.br\/site\/wp-content\/uploads\/2017\/10\/plinioA1(2).jpg\",\"contentUrl\":\"https:\/\/www.institutodeengenharia.org.br\/site\/wp-content\/uploads\/2017\/10\/plinioA1(2).jpg\",\"width\":448,\"height\":298},{\"@type\":\"BreadcrumbList\",\"@id\":\"https:\/\/www.institutodeengenharia.org.br\/site\/2025\/05\/27\/nota-de-falecimento-plinio-oswaldo-assmann\/#breadcrumb\",\"itemListElement\":[{\"@type\":\"ListItem\",\"position\":1,\"name\":\"In\u00edcio\",\"item\":\"https:\/\/www.institutodeengenharia.org.br\/site\/\"},{\"@type\":\"ListItem\",\"position\":2,\"name\":\"Nota de falecimento &#8211; Pl\u00ednio Oswaldo Assmann\"}]},{\"@type\":\"WebSite\",\"@id\":\"https:\/\/www.institutodeengenharia.org.br\/site\/#website\",\"url\":\"https:\/\/www.institutodeengenharia.org.br\/site\/\",\"name\":\"Instituto de Engenharia\",\"description\":\"O Instituto de Engenharia promove a Engenharia em benef\u00edcio do desenvolvimento e da qualidade de vida da sociedade.\",\"publisher\":{\"@id\":\"https:\/\/www.institutodeengenharia.org.br\/site\/#organization\"},\"potentialAction\":[{\"@type\":\"SearchAction\",\"target\":{\"@type\":\"EntryPoint\",\"urlTemplate\":\"https:\/\/www.institutodeengenharia.org.br\/site\/?s={search_term_string}\"},\"query-input\":{\"@type\":\"PropertyValueSpecification\",\"valueRequired\":true,\"valueName\":\"search_term_string\"}}],\"inLanguage\":\"pt-BR\"},{\"@type\":\"Organization\",\"@id\":\"https:\/\/www.institutodeengenharia.org.br\/site\/#organization\",\"name\":\"Instituto de Engenharia\",\"url\":\"https:\/\/www.institutodeengenharia.org.br\/site\/\",\"logo\":{\"@type\":\"ImageObject\",\"inLanguage\":\"pt-BR\",\"@id\":\"https:\/\/www.institutodeengenharia.org.br\/site\/#\/schema\/logo\/image\/\",\"url\":\"https:\/\/www.institutodeengenharia.org.br\/site\/wp-content\/uploads\/2019\/03\/logo-novo-IE2018-1.jpg\",\"contentUrl\":\"https:\/\/www.institutodeengenharia.org.br\/site\/wp-content\/uploads\/2019\/03\/logo-novo-IE2018-1.jpg\",\"width\":1486,\"height\":1879,\"caption\":\"Instituto de Engenharia\"},\"image\":{\"@id\":\"https:\/\/www.institutodeengenharia.org.br\/site\/#\/schema\/logo\/image\/\"},\"sameAs\":[\"https:\/\/www.facebook.com\/institutodeengenharia\",\"https:\/\/x.com\/iengenharia\",\"https:\/\/www.instagram.com\/institutodeengenharia\/\",\"https:\/\/www.linkedin.com\/company\/instituto-de-engenharia\/\",\"https:\/\/www.youtube.com\/channel\/UCXiCAlsSMe977vamW915HxA\"]},{\"@type\":\"Person\",\"@id\":\"https:\/\/www.institutodeengenharia.org.br\/site\/#\/schema\/person\/593dc356630173a4877a635d3e5fd76b\",\"name\":\"Isabel\",\"image\":{\"@type\":\"ImageObject\",\"inLanguage\":\"pt-BR\",\"@id\":\"https:\/\/secure.gravatar.com\/avatar\/f3c521db63ec9db17894f10a88c6a3cf95b2281d7f80eeb3cf3ef1cb091576e7?s=96&d=mm&r=g\",\"url\":\"https:\/\/secure.gravatar.com\/avatar\/f3c521db63ec9db17894f10a88c6a3cf95b2281d7f80eeb3cf3ef1cb091576e7?s=96&d=mm&r=g\",\"contentUrl\":\"https:\/\/secure.gravatar.com\/avatar\/f3c521db63ec9db17894f10a88c6a3cf95b2281d7f80eeb3cf3ef1cb091576e7?s=96&d=mm&r=g\",\"caption\":\"Isabel\"},\"url\":\"https:\/\/www.institutodeengenharia.org.br\/site\/author\/comunicacao2\/\"}]}<\/script>\n<!-- \/ Yoast SEO plugin. -->","yoast_head_json":{"title":"Nota de falecimento - Pl\u00ednio Oswaldo Assmann - Instituto de Engenharia","robots":{"index":"index","follow":"follow","max-snippet":"max-snippet:-1","max-image-preview":"max-image-preview:large","max-video-preview":"max-video-preview:-1"},"canonical":"https:\/\/www.institutodeengenharia.org.br\/site\/2025\/05\/27\/nota-de-falecimento-plinio-oswaldo-assmann\/","og_locale":"pt_BR","og_type":"article","og_title":"Nota de falecimento - Pl\u00ednio Oswaldo Assmann - Instituto de Engenharia","og_description":"Presidente nos anos de 1983 e 1984, conselheiro, Eminente Engenheiro do Ano 2015, mas acima de tudo um entusiasta! Nesses 69 anos que foi associado ao Instituto de Engenharia, Pl\u00ednio Oswaldo Assmann compartilhou um conhecimento imenso a respeito de transportes sobre trilhos, sendo o coordenador, junto com o engenheiro Camil Eid, do projeto \u201cOcupa\u00e7\u00e3o Sustent\u00e1vel [&hellip;]","og_url":"https:\/\/www.institutodeengenharia.org.br\/site\/2025\/05\/27\/nota-de-falecimento-plinio-oswaldo-assmann\/","og_site_name":"Instituto de Engenharia","article_publisher":"https:\/\/www.facebook.com\/institutodeengenharia","article_published_time":"2025-05-27T13:19:28+00:00","article_modified_time":"2025-05-27T15:30:05+00:00","og_image":[{"width":448,"height":298,"url":"https:\/\/www.institutodeengenharia.org.br\/site\/wp-content\/uploads\/2017\/10\/plinioA1(2).jpg","type":"image\/jpeg"}],"author":"Isabel","twitter_card":"summary_large_image","twitter_creator":"@iengenharia","twitter_site":"@iengenharia","twitter_misc":{"Escrito por":"Isabel","Est. tempo de leitura":"2 minutos"},"schema":{"@context":"https:\/\/schema.org","@graph":[{"@type":"Article","@id":"https:\/\/www.institutodeengenharia.org.br\/site\/2025\/05\/27\/nota-de-falecimento-plinio-oswaldo-assmann\/#article","isPartOf":{"@id":"https:\/\/www.institutodeengenharia.org.br\/site\/2025\/05\/27\/nota-de-falecimento-plinio-oswaldo-assmann\/"},"author":{"name":"Isabel","@id":"https:\/\/www.institutodeengenharia.org.br\/site\/#\/schema\/person\/593dc356630173a4877a635d3e5fd76b"},"headline":"Nota de falecimento &#8211; Pl\u00ednio Oswaldo Assmann","datePublished":"2025-05-27T13:19:28+00:00","dateModified":"2025-05-27T15:30:05+00:00","mainEntityOfPage":{"@id":"https:\/\/www.institutodeengenharia.org.br\/site\/2025\/05\/27\/nota-de-falecimento-plinio-oswaldo-assmann\/"},"wordCount":293,"commentCount":0,"publisher":{"@id":"https:\/\/www.institutodeengenharia.org.br\/site\/#organization"},"image":{"@id":"https:\/\/www.institutodeengenharia.org.br\/site\/2025\/05\/27\/nota-de-falecimento-plinio-oswaldo-assmann\/#primaryimage"},"thumbnailUrl":"https:\/\/www.institutodeengenharia.org.br\/site\/wp-content\/uploads\/2017\/10\/plinioA1(2).jpg","keywords":["Destaque Topo"],"articleSection":["Instituto de Engenharia","Not\u00edcias","Transportes"],"inLanguage":"pt-BR","potentialAction":[{"@type":"CommentAction","name":"Comment","target":["https:\/\/www.institutodeengenharia.org.br\/site\/2025\/05\/27\/nota-de-falecimento-plinio-oswaldo-assmann\/#respond"]}]},{"@type":"WebPage","@id":"https:\/\/www.institutodeengenharia.org.br\/site\/2025\/05\/27\/nota-de-falecimento-plinio-oswaldo-assmann\/","url":"https:\/\/www.institutodeengenharia.org.br\/site\/2025\/05\/27\/nota-de-falecimento-plinio-oswaldo-assmann\/","name":"Nota de falecimento - Pl\u00ednio Oswaldo Assmann - Instituto de Engenharia","isPartOf":{"@id":"https:\/\/www.institutodeengenharia.org.br\/site\/#website"},"primaryImageOfPage":{"@id":"https:\/\/www.institutodeengenharia.org.br\/site\/2025\/05\/27\/nota-de-falecimento-plinio-oswaldo-assmann\/#primaryimage"},"image":{"@id":"https:\/\/www.institutodeengenharia.org.br\/site\/2025\/05\/27\/nota-de-falecimento-plinio-oswaldo-assmann\/#primaryimage"},"thumbnailUrl":"https:\/\/www.institutodeengenharia.org.br\/site\/wp-content\/uploads\/2017\/10\/plinioA1(2).jpg","datePublished":"2025-05-27T13:19:28+00:00","dateModified":"2025-05-27T15:30:05+00:00","breadcrumb":{"@id":"https:\/\/www.institutodeengenharia.org.br\/site\/2025\/05\/27\/nota-de-falecimento-plinio-oswaldo-assmann\/#breadcrumb"},"inLanguage":"pt-BR","potentialAction":[{"@type":"ReadAction","target":["https:\/\/www.institutodeengenharia.org.br\/site\/2025\/05\/27\/nota-de-falecimento-plinio-oswaldo-assmann\/"]}]},{"@type":"ImageObject","inLanguage":"pt-BR","@id":"https:\/\/www.institutodeengenharia.org.br\/site\/2025\/05\/27\/nota-de-falecimento-plinio-oswaldo-assmann\/#primaryimage","url":"https:\/\/www.institutodeengenharia.org.br\/site\/wp-content\/uploads\/2017\/10\/plinioA1(2).jpg","contentUrl":"https:\/\/www.institutodeengenharia.org.br\/site\/wp-content\/uploads\/2017\/10\/plinioA1(2).jpg","width":448,"height":298},{"@type":"BreadcrumbList","@id":"https:\/\/www.institutodeengenharia.org.br\/site\/2025\/05\/27\/nota-de-falecimento-plinio-oswaldo-assmann\/#breadcrumb","itemListElement":[{"@type":"ListItem","position":1,"name":"In\u00edcio","item":"https:\/\/www.institutodeengenharia.org.br\/site\/"},{"@type":"ListItem","position":2,"name":"Nota de falecimento &#8211; Pl\u00ednio Oswaldo Assmann"}]},{"@type":"WebSite","@id":"https:\/\/www.institutodeengenharia.org.br\/site\/#website","url":"https:\/\/www.institutodeengenharia.org.br\/site\/","name":"Instituto de Engenharia","description":"O Instituto de Engenharia promove a Engenharia em benef\u00edcio do desenvolvimento e da qualidade de vida da sociedade.","publisher":{"@id":"https:\/\/www.institutodeengenharia.org.br\/site\/#organization"},"potentialAction":[{"@type":"SearchAction","target":{"@type":"EntryPoint","urlTemplate":"https:\/\/www.institutodeengenharia.org.br\/site\/?s={search_term_string}"},"query-input":{"@type":"PropertyValueSpecification","valueRequired":true,"valueName":"search_term_string"}}],"inLanguage":"pt-BR"},{"@type":"Organization","@id":"https:\/\/www.institutodeengenharia.org.br\/site\/#organization","name":"Instituto de Engenharia","url":"https:\/\/www.institutodeengenharia.org.br\/site\/","logo":{"@type":"ImageObject","inLanguage":"pt-BR","@id":"https:\/\/www.institutodeengenharia.org.br\/site\/#\/schema\/logo\/image\/","url":"https:\/\/www.institutodeengenharia.org.br\/site\/wp-content\/uploads\/2019\/03\/logo-novo-IE2018-1.jpg","contentUrl":"https:\/\/www.institutodeengenharia.org.br\/site\/wp-content\/uploads\/2019\/03\/logo-novo-IE2018-1.jpg","width":1486,"height":1879,"caption":"Instituto de Engenharia"},"image":{"@id":"https:\/\/www.institutodeengenharia.org.br\/site\/#\/schema\/logo\/image\/"},"sameAs":["https:\/\/www.facebook.com\/institutodeengenharia","https:\/\/x.com\/iengenharia","https:\/\/www.instagram.com\/institutodeengenharia\/","https:\/\/www.linkedin.com\/company\/instituto-de-engenharia\/","https:\/\/www.youtube.com\/channel\/UCXiCAlsSMe977vamW915HxA"]},{"@type":"Person","@id":"https:\/\/www.institutodeengenharia.org.br\/site\/#\/schema\/person\/593dc356630173a4877a635d3e5fd76b","name":"Isabel","image":{"@type":"ImageObject","inLanguage":"pt-BR","@id":"https:\/\/secure.gravatar.com\/avatar\/f3c521db63ec9db17894f10a88c6a3cf95b2281d7f80eeb3cf3ef1cb091576e7?s=96&d=mm&r=g","url":"https:\/\/secure.gravatar.com\/avatar\/f3c521db63ec9db17894f10a88c6a3cf95b2281d7f80eeb3cf3ef1cb091576e7?s=96&d=mm&r=g","contentUrl":"https:\/\/secure.gravatar.com\/avatar\/f3c521db63ec9db17894f10a88c6a3cf95b2281d7f80eeb3cf3ef1cb091576e7?s=96&d=mm&r=g","caption":"Isabel"},"url":"https:\/\/www.institutodeengenharia.org.br\/site\/author\/comunicacao2\/"}]}},"_links":{"self":[{"href":"https:\/\/www.institutodeengenharia.org.br\/site\/wp-json\/wp\/v2\/posts\/129094","targetHints":{"allow":["GET"]}}],"collection":[{"href":"https:\/\/www.institutodeengenharia.org.br\/site\/wp-json\/wp\/v2\/posts"}],"about":[{"href":"https:\/\/www.institutodeengenharia.org.br\/site\/wp-json\/wp\/v2\/types\/post"}],"author":[{"embeddable":true,"href":"https:\/\/www.institutodeengenharia.org.br\/site\/wp-json\/wp\/v2\/users\/14"}],"replies":[{"embeddable":true,"href":"https:\/\/www.institutodeengenharia.org.br\/site\/wp-json\/wp\/v2\/comments?post=129094"}],"version-history":[{"count":7,"href":"https:\/\/www.institutodeengenharia.org.br\/site\/wp-json\/wp\/v2\/posts\/129094\/revisions"}],"predecessor-version":[{"id":129107,"href":"https:\/\/www.institutodeengenharia.org.br\/site\/wp-json\/wp\/v2\/posts\/129094\/revisions\/129107"}],"wp:featuredmedia":[{"embeddable":true,"href":"https:\/\/www.institutodeengenharia.org.br\/site\/wp-json\/wp\/v2\/media\/26156"}],"wp:attachment":[{"href":"https:\/\/www.institutodeengenharia.org.br\/site\/wp-json\/wp\/v2\/media?parent=129094"}],"wp:term":[{"taxonomy":"category","embeddable":true,"href":"https:\/\/www.institutodeengenharia.org.br\/site\/wp-json\/wp\/v2\/categories?post=129094"},{"taxonomy":"post_tag","embeddable":true,"href":"https:\/\/www.institutodeengenharia.org.br\/site\/wp-json\/wp\/v2\/tags?post=129094"}],"curies":[{"name":"wp","href":"https:\/\/api.w.org\/{rel}","templated":true}]}}