{"id":129016,"date":"2025-05-26T16:43:28","date_gmt":"2025-05-26T19:43:28","guid":{"rendered":"https:\/\/www.institutodeengenharia.org.br\/site\/?p=129016"},"modified":"2025-06-25T14:29:12","modified_gmt":"2025-06-25T17:29:12","slug":"a-crise-da-madeira-tradicional-e-a-oportunidade-no-bambu-uma-reflexao-tecnica-social-e-institucional-por-roberto-massaru-watanabe","status":"publish","type":"post","link":"https:\/\/www.institutodeengenharia.org.br\/site\/2025\/05\/26\/a-crise-da-madeira-tradicional-e-a-oportunidade-no-bambu-uma-reflexao-tecnica-social-e-institucional-por-roberto-massaru-watanabe\/","title":{"rendered":"A Crise da madeira tradicional e a oportunidade no bambu: uma reflex\u00e3o t\u00e9cnica, social e institucional, por Roberto Massaru Watanabe"},"content":{"rendered":"<p>Na d\u00e9cada de 1980, \u00e0 frente do Laborat\u00f3rio de Constru\u00e7\u00e3o Civil do IPT \u2014 um dos maiores centros de pesquisa de materiais e m\u00e9todos construtivos do pa\u00eds \u2014, defendi com convic\u00e7\u00e3o uma alternativa que parecia l\u00f3gica diante da escassez progressiva de madeiras nobres como a Peroba Rosa: a substitui\u00e7\u00e3o por estruturas met\u00e1licas. A ideia era converter carpinteiros em serralheiros, promovendo a transi\u00e7\u00e3o de um saber tradicional para um modelo industrial moderno, baseado em a\u00e7o e solda.<\/p>\n<p>Hoje, d\u00e9cadas depois, percebo que essa foi uma vis\u00e3o tecnicamente plaus\u00edvel, mas socialmente e culturalmente limitada. Perdemos, nesse movimento, algo essencial: o saber dos carpinteiros, sua habilidade com encaixes, contraventamentos e solu\u00e7\u00f5es geom\u00e9tricas sofisticadas, transmitidas oralmente por gera\u00e7\u00f5es. T\u00e9cnicos altamente capacitados foram gradualmente exclu\u00eddos, e o Brasil abriu m\u00e3o de uma riqueza profissional que poderia ter sido preservada e renovada.<\/p>\n<p>No exerc\u00edcio atual da coordena\u00e7\u00e3o da Divis\u00e3o T\u00e9cnica de Projetos de Energia do Instituto de Engenharia \u2014 entidade centen\u00e1ria e refer\u00eancia na valoriza\u00e7\u00e3o da engenharia brasileira \u2014 e agora tamb\u00e9m como membro do seu Conselho Deliberativo, reflito com profundidade sobre os rumos que a engenharia nacional precisa adotar. E um desses caminhos passa, inevitavelmente, pela revaloriza\u00e7\u00e3o da madeira como elemento construtivo, n\u00e3o mais restrita \u00e0s esp\u00e9cies tradicionais esgotadas, mas ampliada por novas possibilidades.<\/p>\n<p>\u00c9 nesse contexto que surge o bambu como uma alternativa estrutural concreta e promissora. O Brasil possui condi\u00e7\u00f5es ideais para o cultivo de bambu \u2014 r\u00e1pido crescimento, propriedades f\u00edsico-mec\u00e2nicas not\u00e1veis, baixa pegada de carbono \u2014 mas ainda engatinha na sua industrializa\u00e7\u00e3o. Precisamos transformar varas e feixes em t\u00e1buas, caibros e vigas, utilizando tecnologia e padroniza\u00e7\u00e3o para dar ao bambu a resist\u00eancia e a durabilidade exigida pela engenharia moderna.<\/p>\n<p>Mais do que isso: o bambu pode ser o elo entre o saber tradicional e a inova\u00e7\u00e3o sustent\u00e1vel. Podemos, com planejamento e pesquisa, aproveitar a expertise dos carpinteiros veteranos para formar novas gera\u00e7\u00f5es de profissionais especializados em estruturas \u201cde madeira\u201d, s\u00f3 que feitas a partir de um recurso renov\u00e1vel e abundante. Assim, articulamos sustentabilidade ambiental, inclus\u00e3o produtiva e valoriza\u00e7\u00e3o t\u00e9cnica \u2014 tr\u00eas pilares que o Instituto de Engenharia, em suas diversas divis\u00f5es t\u00e9cnicas, busca integrar em sua atua\u00e7\u00e3o institucional.<br \/>\nSe no passado nos faltou uma estrat\u00e9gia para preservar e renovar o uso das madeiras tradicionais, hoje temos a chance de construir um novo paradigma. Diversas universidades, institutos e centros de pesquisa desenvolvem estudos para a utiliza\u00e7\u00e3o do bambu na constru\u00e7\u00e3o civil. O bambu, industrializado com qualidade e intelig\u00eancia, pode reocupar o espa\u00e7o deixado pela Peroba Rosa, n\u00e3o como uma substitui\u00e7\u00e3o direta, mas como uma evolu\u00e7\u00e3o alinhada com os desafios do s\u00e9culo XXI.<\/p>\n<p>Este \u00e9 o tipo de reflex\u00e3o que precisa sair do campo das ideias e entrar nas agendas institucionais. O Instituto de Engenharia est\u00e1 pronto para liderar esse debate, articular parceiros, fomentar pesquisa aplicada e transformar boas ideias em pol\u00edticas p\u00fablicas e solu\u00e7\u00f5es pr\u00e1ticas para o Brasil.<\/p>\n<p><em>Roberto Massaru Watanabe<br \/>\nEngenheiro Civi<\/em>l<\/p>\n","protected":false},"excerpt":{"rendered":"<p>Na d\u00e9cada de 1980, \u00e0 frente do Laborat\u00f3rio de Constru\u00e7\u00e3o Civil do IPT \u2014 um dos maiores centros de pesquisa de materiais e m\u00e9todos construtivos do pa\u00eds \u2014, defendi com convic\u00e7\u00e3o uma alternativa que parecia l\u00f3gica diante da escassez progressiva de madeiras nobres como a Peroba Rosa: a substitui\u00e7\u00e3o por estruturas met\u00e1licas. A ideia era [&hellip;]<\/p>\n","protected":false},"author":14,"featured_media":129017,"comment_status":"open","ping_status":"open","sticky":false,"template":"","format":"standard","meta":{"footnotes":""},"categories":[114,15,1816,113],"tags":[],"class_list":{"0":"post-129016","1":"post","2":"type-post","3":"status-publish","4":"format-standard","5":"has-post-thumbnail","7":"category-artigos","8":"category-departamento-desenvolvimento-de-projetos-e-servicos-de-infraestrutura","9":"category-divisao-tecnica-de-projetos-de-energia","10":"category-publicacoes"},"yoast_head":"<!-- This site is optimized with the Yoast SEO plugin v27.2 - https:\/\/yoast.com\/product\/yoast-seo-wordpress\/ -->\n<title>A Crise da madeira tradicional e a oportunidade no bambu: uma reflex\u00e3o t\u00e9cnica, social e institucional, por Roberto Massaru Watanabe - Instituto de Engenharia<\/title>\n<meta name=\"robots\" content=\"index, follow, max-snippet:-1, max-image-preview:large, max-video-preview:-1\" \/>\n<link rel=\"canonical\" href=\"https:\/\/www.institutodeengenharia.org.br\/site\/2025\/05\/26\/a-crise-da-madeira-tradicional-e-a-oportunidade-no-bambu-uma-reflexao-tecnica-social-e-institucional-por-roberto-massaru-watanabe\/\" \/>\n<meta property=\"og:locale\" content=\"pt_BR\" \/>\n<meta property=\"og:type\" content=\"article\" \/>\n<meta property=\"og:title\" content=\"A Crise da madeira tradicional e a oportunidade no bambu: uma reflex\u00e3o t\u00e9cnica, social e institucional, por Roberto Massaru Watanabe - Instituto de Engenharia\" \/>\n<meta property=\"og:description\" content=\"Na d\u00e9cada de 1980, \u00e0 frente do Laborat\u00f3rio de Constru\u00e7\u00e3o Civil do IPT \u2014 um dos maiores centros de pesquisa de materiais e m\u00e9todos construtivos do pa\u00eds \u2014, defendi com convic\u00e7\u00e3o uma alternativa que parecia l\u00f3gica diante da escassez progressiva de madeiras nobres como a Peroba Rosa: a substitui\u00e7\u00e3o por estruturas met\u00e1licas. A ideia era [&hellip;]\" \/>\n<meta property=\"og:url\" content=\"https:\/\/www.institutodeengenharia.org.br\/site\/2025\/05\/26\/a-crise-da-madeira-tradicional-e-a-oportunidade-no-bambu-uma-reflexao-tecnica-social-e-institucional-por-roberto-massaru-watanabe\/\" \/>\n<meta property=\"og:site_name\" content=\"Instituto de Engenharia\" \/>\n<meta property=\"article:publisher\" content=\"https:\/\/www.facebook.com\/institutodeengenharia\" \/>\n<meta property=\"article:published_time\" content=\"2025-05-26T19:43:28+00:00\" \/>\n<meta property=\"article:modified_time\" content=\"2025-06-25T17:29:12+00:00\" \/>\n<meta property=\"og:image\" content=\"https:\/\/www.institutodeengenharia.org.br\/site\/wp-content\/uploads\/2025\/05\/watanabe.png\" \/>\n\t<meta property=\"og:image:width\" content=\"908\" \/>\n\t<meta property=\"og:image:height\" content=\"520\" \/>\n\t<meta property=\"og:image:type\" content=\"image\/png\" \/>\n<meta name=\"author\" content=\"Isabel\" \/>\n<meta name=\"twitter:card\" content=\"summary_large_image\" \/>\n<meta name=\"twitter:creator\" content=\"@iengenharia\" \/>\n<meta name=\"twitter:site\" content=\"@iengenharia\" \/>\n<meta name=\"twitter:label1\" content=\"Escrito por\" \/>\n\t<meta name=\"twitter:data1\" content=\"Isabel\" \/>\n\t<meta name=\"twitter:label2\" content=\"Est. tempo de leitura\" \/>\n\t<meta name=\"twitter:data2\" content=\"3 minutos\" \/>\n<script type=\"application\/ld+json\" class=\"yoast-schema-graph\">{\"@context\":\"https:\/\/schema.org\",\"@graph\":[{\"@type\":\"Article\",\"@id\":\"https:\/\/www.institutodeengenharia.org.br\/site\/2025\/05\/26\/a-crise-da-madeira-tradicional-e-a-oportunidade-no-bambu-uma-reflexao-tecnica-social-e-institucional-por-roberto-massaru-watanabe\/#article\",\"isPartOf\":{\"@id\":\"https:\/\/www.institutodeengenharia.org.br\/site\/2025\/05\/26\/a-crise-da-madeira-tradicional-e-a-oportunidade-no-bambu-uma-reflexao-tecnica-social-e-institucional-por-roberto-massaru-watanabe\/\"},\"author\":{\"name\":\"Isabel\",\"@id\":\"https:\/\/www.institutodeengenharia.org.br\/site\/#\/schema\/person\/593dc356630173a4877a635d3e5fd76b\"},\"headline\":\"A Crise da madeira tradicional e a oportunidade no bambu: uma reflex\u00e3o t\u00e9cnica, social e institucional, por Roberto Massaru Watanabe\",\"datePublished\":\"2025-05-26T19:43:28+00:00\",\"dateModified\":\"2025-06-25T17:29:12+00:00\",\"mainEntityOfPage\":{\"@id\":\"https:\/\/www.institutodeengenharia.org.br\/site\/2025\/05\/26\/a-crise-da-madeira-tradicional-e-a-oportunidade-no-bambu-uma-reflexao-tecnica-social-e-institucional-por-roberto-massaru-watanabe\/\"},\"wordCount\":556,\"commentCount\":0,\"publisher\":{\"@id\":\"https:\/\/www.institutodeengenharia.org.br\/site\/#organization\"},\"image\":{\"@id\":\"https:\/\/www.institutodeengenharia.org.br\/site\/2025\/05\/26\/a-crise-da-madeira-tradicional-e-a-oportunidade-no-bambu-uma-reflexao-tecnica-social-e-institucional-por-roberto-massaru-watanabe\/#primaryimage\"},\"thumbnailUrl\":\"https:\/\/www.institutodeengenharia.org.br\/site\/wp-content\/uploads\/2025\/05\/watanabe.png\",\"articleSection\":[\"Artigos\",\"Departamento Desenvolvimento de Projetos e Servi\u00e7os de Infraestrutura\",\"Divis\u00e3o T\u00e9cnica de Projetos de Energia\",\"Publica\u00e7\u00f5es\"],\"inLanguage\":\"pt-BR\",\"potentialAction\":[{\"@type\":\"CommentAction\",\"name\":\"Comment\",\"target\":[\"https:\/\/www.institutodeengenharia.org.br\/site\/2025\/05\/26\/a-crise-da-madeira-tradicional-e-a-oportunidade-no-bambu-uma-reflexao-tecnica-social-e-institucional-por-roberto-massaru-watanabe\/#respond\"]}]},{\"@type\":\"WebPage\",\"@id\":\"https:\/\/www.institutodeengenharia.org.br\/site\/2025\/05\/26\/a-crise-da-madeira-tradicional-e-a-oportunidade-no-bambu-uma-reflexao-tecnica-social-e-institucional-por-roberto-massaru-watanabe\/\",\"url\":\"https:\/\/www.institutodeengenharia.org.br\/site\/2025\/05\/26\/a-crise-da-madeira-tradicional-e-a-oportunidade-no-bambu-uma-reflexao-tecnica-social-e-institucional-por-roberto-massaru-watanabe\/\",\"name\":\"A Crise da madeira tradicional e a oportunidade no bambu: uma reflex\u00e3o t\u00e9cnica, social e institucional, por Roberto Massaru Watanabe - Instituto de Engenharia\",\"isPartOf\":{\"@id\":\"https:\/\/www.institutodeengenharia.org.br\/site\/#website\"},\"primaryImageOfPage\":{\"@id\":\"https:\/\/www.institutodeengenharia.org.br\/site\/2025\/05\/26\/a-crise-da-madeira-tradicional-e-a-oportunidade-no-bambu-uma-reflexao-tecnica-social-e-institucional-por-roberto-massaru-watanabe\/#primaryimage\"},\"image\":{\"@id\":\"https:\/\/www.institutodeengenharia.org.br\/site\/2025\/05\/26\/a-crise-da-madeira-tradicional-e-a-oportunidade-no-bambu-uma-reflexao-tecnica-social-e-institucional-por-roberto-massaru-watanabe\/#primaryimage\"},\"thumbnailUrl\":\"https:\/\/www.institutodeengenharia.org.br\/site\/wp-content\/uploads\/2025\/05\/watanabe.png\",\"datePublished\":\"2025-05-26T19:43:28+00:00\",\"dateModified\":\"2025-06-25T17:29:12+00:00\",\"breadcrumb\":{\"@id\":\"https:\/\/www.institutodeengenharia.org.br\/site\/2025\/05\/26\/a-crise-da-madeira-tradicional-e-a-oportunidade-no-bambu-uma-reflexao-tecnica-social-e-institucional-por-roberto-massaru-watanabe\/#breadcrumb\"},\"inLanguage\":\"pt-BR\",\"potentialAction\":[{\"@type\":\"ReadAction\",\"target\":[\"https:\/\/www.institutodeengenharia.org.br\/site\/2025\/05\/26\/a-crise-da-madeira-tradicional-e-a-oportunidade-no-bambu-uma-reflexao-tecnica-social-e-institucional-por-roberto-massaru-watanabe\/\"]}]},{\"@type\":\"ImageObject\",\"inLanguage\":\"pt-BR\",\"@id\":\"https:\/\/www.institutodeengenharia.org.br\/site\/2025\/05\/26\/a-crise-da-madeira-tradicional-e-a-oportunidade-no-bambu-uma-reflexao-tecnica-social-e-institucional-por-roberto-massaru-watanabe\/#primaryimage\",\"url\":\"https:\/\/www.institutodeengenharia.org.br\/site\/wp-content\/uploads\/2025\/05\/watanabe.png\",\"contentUrl\":\"https:\/\/www.institutodeengenharia.org.br\/site\/wp-content\/uploads\/2025\/05\/watanabe.png\",\"width\":908,\"height\":520},{\"@type\":\"BreadcrumbList\",\"@id\":\"https:\/\/www.institutodeengenharia.org.br\/site\/2025\/05\/26\/a-crise-da-madeira-tradicional-e-a-oportunidade-no-bambu-uma-reflexao-tecnica-social-e-institucional-por-roberto-massaru-watanabe\/#breadcrumb\",\"itemListElement\":[{\"@type\":\"ListItem\",\"position\":1,\"name\":\"In\u00edcio\",\"item\":\"https:\/\/www.institutodeengenharia.org.br\/site\/\"},{\"@type\":\"ListItem\",\"position\":2,\"name\":\"A Crise da madeira tradicional e a oportunidade no bambu: uma reflex\u00e3o t\u00e9cnica, social e institucional, por Roberto Massaru Watanabe\"}]},{\"@type\":\"WebSite\",\"@id\":\"https:\/\/www.institutodeengenharia.org.br\/site\/#website\",\"url\":\"https:\/\/www.institutodeengenharia.org.br\/site\/\",\"name\":\"Instituto de Engenharia\",\"description\":\"O Instituto de Engenharia promove a Engenharia em benef\u00edcio do desenvolvimento e da qualidade de vida da sociedade.\",\"publisher\":{\"@id\":\"https:\/\/www.institutodeengenharia.org.br\/site\/#organization\"},\"potentialAction\":[{\"@type\":\"SearchAction\",\"target\":{\"@type\":\"EntryPoint\",\"urlTemplate\":\"https:\/\/www.institutodeengenharia.org.br\/site\/?s={search_term_string}\"},\"query-input\":{\"@type\":\"PropertyValueSpecification\",\"valueRequired\":true,\"valueName\":\"search_term_string\"}}],\"inLanguage\":\"pt-BR\"},{\"@type\":\"Organization\",\"@id\":\"https:\/\/www.institutodeengenharia.org.br\/site\/#organization\",\"name\":\"Instituto de Engenharia\",\"url\":\"https:\/\/www.institutodeengenharia.org.br\/site\/\",\"logo\":{\"@type\":\"ImageObject\",\"inLanguage\":\"pt-BR\",\"@id\":\"https:\/\/www.institutodeengenharia.org.br\/site\/#\/schema\/logo\/image\/\",\"url\":\"https:\/\/www.institutodeengenharia.org.br\/site\/wp-content\/uploads\/2019\/03\/logo-novo-IE2018-1.jpg\",\"contentUrl\":\"https:\/\/www.institutodeengenharia.org.br\/site\/wp-content\/uploads\/2019\/03\/logo-novo-IE2018-1.jpg\",\"width\":1486,\"height\":1879,\"caption\":\"Instituto de Engenharia\"},\"image\":{\"@id\":\"https:\/\/www.institutodeengenharia.org.br\/site\/#\/schema\/logo\/image\/\"},\"sameAs\":[\"https:\/\/www.facebook.com\/institutodeengenharia\",\"https:\/\/x.com\/iengenharia\",\"https:\/\/www.instagram.com\/institutodeengenharia\/\",\"https:\/\/www.linkedin.com\/company\/instituto-de-engenharia\/\",\"https:\/\/www.youtube.com\/channel\/UCXiCAlsSMe977vamW915HxA\"]},{\"@type\":\"Person\",\"@id\":\"https:\/\/www.institutodeengenharia.org.br\/site\/#\/schema\/person\/593dc356630173a4877a635d3e5fd76b\",\"name\":\"Isabel\",\"image\":{\"@type\":\"ImageObject\",\"inLanguage\":\"pt-BR\",\"@id\":\"https:\/\/secure.gravatar.com\/avatar\/f3c521db63ec9db17894f10a88c6a3cf95b2281d7f80eeb3cf3ef1cb091576e7?s=96&d=mm&r=g\",\"url\":\"https:\/\/secure.gravatar.com\/avatar\/f3c521db63ec9db17894f10a88c6a3cf95b2281d7f80eeb3cf3ef1cb091576e7?s=96&d=mm&r=g\",\"contentUrl\":\"https:\/\/secure.gravatar.com\/avatar\/f3c521db63ec9db17894f10a88c6a3cf95b2281d7f80eeb3cf3ef1cb091576e7?s=96&d=mm&r=g\",\"caption\":\"Isabel\"},\"url\":\"https:\/\/www.institutodeengenharia.org.br\/site\/author\/comunicacao2\/\"}]}<\/script>\n<!-- \/ Yoast SEO plugin. -->","yoast_head_json":{"title":"A Crise da madeira tradicional e a oportunidade no bambu: uma reflex\u00e3o t\u00e9cnica, social e institucional, por Roberto Massaru Watanabe - Instituto de Engenharia","robots":{"index":"index","follow":"follow","max-snippet":"max-snippet:-1","max-image-preview":"max-image-preview:large","max-video-preview":"max-video-preview:-1"},"canonical":"https:\/\/www.institutodeengenharia.org.br\/site\/2025\/05\/26\/a-crise-da-madeira-tradicional-e-a-oportunidade-no-bambu-uma-reflexao-tecnica-social-e-institucional-por-roberto-massaru-watanabe\/","og_locale":"pt_BR","og_type":"article","og_title":"A Crise da madeira tradicional e a oportunidade no bambu: uma reflex\u00e3o t\u00e9cnica, social e institucional, por Roberto Massaru Watanabe - Instituto de Engenharia","og_description":"Na d\u00e9cada de 1980, \u00e0 frente do Laborat\u00f3rio de Constru\u00e7\u00e3o Civil do IPT \u2014 um dos maiores centros de pesquisa de materiais e m\u00e9todos construtivos do pa\u00eds \u2014, defendi com convic\u00e7\u00e3o uma alternativa que parecia l\u00f3gica diante da escassez progressiva de madeiras nobres como a Peroba Rosa: a substitui\u00e7\u00e3o por estruturas met\u00e1licas. A ideia era [&hellip;]","og_url":"https:\/\/www.institutodeengenharia.org.br\/site\/2025\/05\/26\/a-crise-da-madeira-tradicional-e-a-oportunidade-no-bambu-uma-reflexao-tecnica-social-e-institucional-por-roberto-massaru-watanabe\/","og_site_name":"Instituto de Engenharia","article_publisher":"https:\/\/www.facebook.com\/institutodeengenharia","article_published_time":"2025-05-26T19:43:28+00:00","article_modified_time":"2025-06-25T17:29:12+00:00","og_image":[{"width":908,"height":520,"url":"https:\/\/www.institutodeengenharia.org.br\/site\/wp-content\/uploads\/2025\/05\/watanabe.png","type":"image\/png"}],"author":"Isabel","twitter_card":"summary_large_image","twitter_creator":"@iengenharia","twitter_site":"@iengenharia","twitter_misc":{"Escrito por":"Isabel","Est. tempo de leitura":"3 minutos"},"schema":{"@context":"https:\/\/schema.org","@graph":[{"@type":"Article","@id":"https:\/\/www.institutodeengenharia.org.br\/site\/2025\/05\/26\/a-crise-da-madeira-tradicional-e-a-oportunidade-no-bambu-uma-reflexao-tecnica-social-e-institucional-por-roberto-massaru-watanabe\/#article","isPartOf":{"@id":"https:\/\/www.institutodeengenharia.org.br\/site\/2025\/05\/26\/a-crise-da-madeira-tradicional-e-a-oportunidade-no-bambu-uma-reflexao-tecnica-social-e-institucional-por-roberto-massaru-watanabe\/"},"author":{"name":"Isabel","@id":"https:\/\/www.institutodeengenharia.org.br\/site\/#\/schema\/person\/593dc356630173a4877a635d3e5fd76b"},"headline":"A Crise da madeira tradicional e a oportunidade no bambu: uma reflex\u00e3o t\u00e9cnica, social e institucional, por Roberto Massaru Watanabe","datePublished":"2025-05-26T19:43:28+00:00","dateModified":"2025-06-25T17:29:12+00:00","mainEntityOfPage":{"@id":"https:\/\/www.institutodeengenharia.org.br\/site\/2025\/05\/26\/a-crise-da-madeira-tradicional-e-a-oportunidade-no-bambu-uma-reflexao-tecnica-social-e-institucional-por-roberto-massaru-watanabe\/"},"wordCount":556,"commentCount":0,"publisher":{"@id":"https:\/\/www.institutodeengenharia.org.br\/site\/#organization"},"image":{"@id":"https:\/\/www.institutodeengenharia.org.br\/site\/2025\/05\/26\/a-crise-da-madeira-tradicional-e-a-oportunidade-no-bambu-uma-reflexao-tecnica-social-e-institucional-por-roberto-massaru-watanabe\/#primaryimage"},"thumbnailUrl":"https:\/\/www.institutodeengenharia.org.br\/site\/wp-content\/uploads\/2025\/05\/watanabe.png","articleSection":["Artigos","Departamento Desenvolvimento de Projetos e Servi\u00e7os de Infraestrutura","Divis\u00e3o T\u00e9cnica de Projetos de Energia","Publica\u00e7\u00f5es"],"inLanguage":"pt-BR","potentialAction":[{"@type":"CommentAction","name":"Comment","target":["https:\/\/www.institutodeengenharia.org.br\/site\/2025\/05\/26\/a-crise-da-madeira-tradicional-e-a-oportunidade-no-bambu-uma-reflexao-tecnica-social-e-institucional-por-roberto-massaru-watanabe\/#respond"]}]},{"@type":"WebPage","@id":"https:\/\/www.institutodeengenharia.org.br\/site\/2025\/05\/26\/a-crise-da-madeira-tradicional-e-a-oportunidade-no-bambu-uma-reflexao-tecnica-social-e-institucional-por-roberto-massaru-watanabe\/","url":"https:\/\/www.institutodeengenharia.org.br\/site\/2025\/05\/26\/a-crise-da-madeira-tradicional-e-a-oportunidade-no-bambu-uma-reflexao-tecnica-social-e-institucional-por-roberto-massaru-watanabe\/","name":"A Crise da madeira tradicional e a oportunidade no bambu: uma reflex\u00e3o t\u00e9cnica, social e institucional, por Roberto Massaru Watanabe - Instituto de Engenharia","isPartOf":{"@id":"https:\/\/www.institutodeengenharia.org.br\/site\/#website"},"primaryImageOfPage":{"@id":"https:\/\/www.institutodeengenharia.org.br\/site\/2025\/05\/26\/a-crise-da-madeira-tradicional-e-a-oportunidade-no-bambu-uma-reflexao-tecnica-social-e-institucional-por-roberto-massaru-watanabe\/#primaryimage"},"image":{"@id":"https:\/\/www.institutodeengenharia.org.br\/site\/2025\/05\/26\/a-crise-da-madeira-tradicional-e-a-oportunidade-no-bambu-uma-reflexao-tecnica-social-e-institucional-por-roberto-massaru-watanabe\/#primaryimage"},"thumbnailUrl":"https:\/\/www.institutodeengenharia.org.br\/site\/wp-content\/uploads\/2025\/05\/watanabe.png","datePublished":"2025-05-26T19:43:28+00:00","dateModified":"2025-06-25T17:29:12+00:00","breadcrumb":{"@id":"https:\/\/www.institutodeengenharia.org.br\/site\/2025\/05\/26\/a-crise-da-madeira-tradicional-e-a-oportunidade-no-bambu-uma-reflexao-tecnica-social-e-institucional-por-roberto-massaru-watanabe\/#breadcrumb"},"inLanguage":"pt-BR","potentialAction":[{"@type":"ReadAction","target":["https:\/\/www.institutodeengenharia.org.br\/site\/2025\/05\/26\/a-crise-da-madeira-tradicional-e-a-oportunidade-no-bambu-uma-reflexao-tecnica-social-e-institucional-por-roberto-massaru-watanabe\/"]}]},{"@type":"ImageObject","inLanguage":"pt-BR","@id":"https:\/\/www.institutodeengenharia.org.br\/site\/2025\/05\/26\/a-crise-da-madeira-tradicional-e-a-oportunidade-no-bambu-uma-reflexao-tecnica-social-e-institucional-por-roberto-massaru-watanabe\/#primaryimage","url":"https:\/\/www.institutodeengenharia.org.br\/site\/wp-content\/uploads\/2025\/05\/watanabe.png","contentUrl":"https:\/\/www.institutodeengenharia.org.br\/site\/wp-content\/uploads\/2025\/05\/watanabe.png","width":908,"height":520},{"@type":"BreadcrumbList","@id":"https:\/\/www.institutodeengenharia.org.br\/site\/2025\/05\/26\/a-crise-da-madeira-tradicional-e-a-oportunidade-no-bambu-uma-reflexao-tecnica-social-e-institucional-por-roberto-massaru-watanabe\/#breadcrumb","itemListElement":[{"@type":"ListItem","position":1,"name":"In\u00edcio","item":"https:\/\/www.institutodeengenharia.org.br\/site\/"},{"@type":"ListItem","position":2,"name":"A Crise da madeira tradicional e a oportunidade no bambu: uma reflex\u00e3o t\u00e9cnica, social e institucional, por Roberto Massaru Watanabe"}]},{"@type":"WebSite","@id":"https:\/\/www.institutodeengenharia.org.br\/site\/#website","url":"https:\/\/www.institutodeengenharia.org.br\/site\/","name":"Instituto de Engenharia","description":"O Instituto de Engenharia promove a Engenharia em benef\u00edcio do desenvolvimento e da qualidade de vida da sociedade.","publisher":{"@id":"https:\/\/www.institutodeengenharia.org.br\/site\/#organization"},"potentialAction":[{"@type":"SearchAction","target":{"@type":"EntryPoint","urlTemplate":"https:\/\/www.institutodeengenharia.org.br\/site\/?s={search_term_string}"},"query-input":{"@type":"PropertyValueSpecification","valueRequired":true,"valueName":"search_term_string"}}],"inLanguage":"pt-BR"},{"@type":"Organization","@id":"https:\/\/www.institutodeengenharia.org.br\/site\/#organization","name":"Instituto de Engenharia","url":"https:\/\/www.institutodeengenharia.org.br\/site\/","logo":{"@type":"ImageObject","inLanguage":"pt-BR","@id":"https:\/\/www.institutodeengenharia.org.br\/site\/#\/schema\/logo\/image\/","url":"https:\/\/www.institutodeengenharia.org.br\/site\/wp-content\/uploads\/2019\/03\/logo-novo-IE2018-1.jpg","contentUrl":"https:\/\/www.institutodeengenharia.org.br\/site\/wp-content\/uploads\/2019\/03\/logo-novo-IE2018-1.jpg","width":1486,"height":1879,"caption":"Instituto de Engenharia"},"image":{"@id":"https:\/\/www.institutodeengenharia.org.br\/site\/#\/schema\/logo\/image\/"},"sameAs":["https:\/\/www.facebook.com\/institutodeengenharia","https:\/\/x.com\/iengenharia","https:\/\/www.instagram.com\/institutodeengenharia\/","https:\/\/www.linkedin.com\/company\/instituto-de-engenharia\/","https:\/\/www.youtube.com\/channel\/UCXiCAlsSMe977vamW915HxA"]},{"@type":"Person","@id":"https:\/\/www.institutodeengenharia.org.br\/site\/#\/schema\/person\/593dc356630173a4877a635d3e5fd76b","name":"Isabel","image":{"@type":"ImageObject","inLanguage":"pt-BR","@id":"https:\/\/secure.gravatar.com\/avatar\/f3c521db63ec9db17894f10a88c6a3cf95b2281d7f80eeb3cf3ef1cb091576e7?s=96&d=mm&r=g","url":"https:\/\/secure.gravatar.com\/avatar\/f3c521db63ec9db17894f10a88c6a3cf95b2281d7f80eeb3cf3ef1cb091576e7?s=96&d=mm&r=g","contentUrl":"https:\/\/secure.gravatar.com\/avatar\/f3c521db63ec9db17894f10a88c6a3cf95b2281d7f80eeb3cf3ef1cb091576e7?s=96&d=mm&r=g","caption":"Isabel"},"url":"https:\/\/www.institutodeengenharia.org.br\/site\/author\/comunicacao2\/"}]}},"_links":{"self":[{"href":"https:\/\/www.institutodeengenharia.org.br\/site\/wp-json\/wp\/v2\/posts\/129016","targetHints":{"allow":["GET"]}}],"collection":[{"href":"https:\/\/www.institutodeengenharia.org.br\/site\/wp-json\/wp\/v2\/posts"}],"about":[{"href":"https:\/\/www.institutodeengenharia.org.br\/site\/wp-json\/wp\/v2\/types\/post"}],"author":[{"embeddable":true,"href":"https:\/\/www.institutodeengenharia.org.br\/site\/wp-json\/wp\/v2\/users\/14"}],"replies":[{"embeddable":true,"href":"https:\/\/www.institutodeengenharia.org.br\/site\/wp-json\/wp\/v2\/comments?post=129016"}],"version-history":[{"count":2,"href":"https:\/\/www.institutodeengenharia.org.br\/site\/wp-json\/wp\/v2\/posts\/129016\/revisions"}],"predecessor-version":[{"id":129019,"href":"https:\/\/www.institutodeengenharia.org.br\/site\/wp-json\/wp\/v2\/posts\/129016\/revisions\/129019"}],"wp:featuredmedia":[{"embeddable":true,"href":"https:\/\/www.institutodeengenharia.org.br\/site\/wp-json\/wp\/v2\/media\/129017"}],"wp:attachment":[{"href":"https:\/\/www.institutodeengenharia.org.br\/site\/wp-json\/wp\/v2\/media?parent=129016"}],"wp:term":[{"taxonomy":"category","embeddable":true,"href":"https:\/\/www.institutodeengenharia.org.br\/site\/wp-json\/wp\/v2\/categories?post=129016"},{"taxonomy":"post_tag","embeddable":true,"href":"https:\/\/www.institutodeengenharia.org.br\/site\/wp-json\/wp\/v2\/tags?post=129016"}],"curies":[{"name":"wp","href":"https:\/\/api.w.org\/{rel}","templated":true}]}}