{"id":129003,"date":"2025-05-26T16:08:50","date_gmt":"2025-05-26T19:08:50","guid":{"rendered":"https:\/\/www.institutodeengenharia.org.br\/site\/?p=129003"},"modified":"2025-05-27T11:49:02","modified_gmt":"2025-05-27T14:49:02","slug":"diretoria-do-ie-visita-as-obras-da-linha-6-laranja-do-metro","status":"publish","type":"post","link":"https:\/\/www.institutodeengenharia.org.br\/site\/2025\/05\/26\/diretoria-do-ie-visita-as-obras-da-linha-6-laranja-do-metro\/","title":{"rendered":"Diretoria do IE faz visita t\u00e9cnica \u00e0s obras da Linha 6 &#8211; Laranja do Metr\u00f4"},"content":{"rendered":"<p>A diretoria do Instituto de Engenharia e conselheiros fizeram uma visita t\u00e9cnica, nesta segunda (26), \u00e0s obras da Linha 6 &#8211; Laranja, do Metr\u00f4, que ligar\u00e1 o P\u00e1tio Morro Grande &#8211; no extremo noroeste da Capital Paulista, \u00e0 esta\u00e7\u00e3o S\u00e3o Joaquim, na regi\u00e3o central.<\/p>\n<p><img loading=\"lazy\" decoding=\"async\" class=\"wp-image-129008 alignleft\" src=\"https:\/\/www.institutodeengenharia.org.br\/site\/wp-content\/uploads\/2025\/05\/20250526_091505-scaled.jpg\" alt=\"\" width=\"299\" height=\"224\" srcset=\"https:\/\/www.institutodeengenharia.org.br\/site\/wp-content\/uploads\/2025\/05\/20250526_091505-scaled.jpg 2560w, https:\/\/www.institutodeengenharia.org.br\/site\/wp-content\/uploads\/2025\/05\/20250526_091505-300x225.jpg 300w, https:\/\/www.institutodeengenharia.org.br\/site\/wp-content\/uploads\/2025\/05\/20250526_091505-1024x768.jpg 1024w, https:\/\/www.institutodeengenharia.org.br\/site\/wp-content\/uploads\/2025\/05\/20250526_091505-768x576.jpg 768w, https:\/\/www.institutodeengenharia.org.br\/site\/wp-content\/uploads\/2025\/05\/20250526_091505-1536x1152.jpg 1536w, https:\/\/www.institutodeengenharia.org.br\/site\/wp-content\/uploads\/2025\/05\/20250526_091505-2048x1536.jpg 2048w, https:\/\/www.institutodeengenharia.org.br\/site\/wp-content\/uploads\/2025\/05\/20250526_091505-560x420.jpg 560w, https:\/\/www.institutodeengenharia.org.br\/site\/wp-content\/uploads\/2025\/05\/20250526_091505-80x60.jpg 80w, https:\/\/www.institutodeengenharia.org.br\/site\/wp-content\/uploads\/2025\/05\/20250526_091505-696x522.jpg 696w, https:\/\/www.institutodeengenharia.org.br\/site\/wp-content\/uploads\/2025\/05\/20250526_091505-1068x801.jpg 1068w, https:\/\/www.institutodeengenharia.org.br\/site\/wp-content\/uploads\/2025\/05\/20250526_091505-1920x1440.jpg 1920w, https:\/\/www.institutodeengenharia.org.br\/site\/wp-content\/uploads\/2025\/05\/20250526_091505-265x198.jpg 265w, https:\/\/www.institutodeengenharia.org.br\/site\/wp-content\/uploads\/2025\/05\/20250526_091505-600x450.jpg 600w\" sizes=\"auto, (max-width: 299px) 100vw, 299px\" \/>O grupo foi recebido pela equipe da Acciona na \u00e1rea do P\u00e1tio Morro Grande, pelo diretor do Projeto, L\u00facio Matteucci, e pelo diretor de Engenharia, Ivo Teixeira, que fizeram a apresenta\u00e7\u00e3o institucional da empresa, destacando alguns projetos no Brasil, al\u00e9m de a\u00e7\u00f5es sociais e de inclus\u00e3o.<\/p>\n<p>Com uma parceria p\u00fablico-privada, Matteucci destacou, durante a apresenta\u00e7\u00e3o da obra, que a Linha 6 &#8211; Laranja \u00e9 o maior projeto de infraestrutura em desenvolvimento na Am\u00e9rica Latina, expondo seus n\u00fameros atuais: mais de 75 mil toneladas de a\u00e7o e mais de 567 mil m\u00b3 de concreto usados at\u00e9 o momento; mais de 2,7 km de t\u00fanel em NATM, 60% de avan\u00e7o nas obras e 100% das frentes das obras em atividades.<\/p>\n<figure id=\"attachment_129009\" aria-describedby=\"caption-attachment-129009\" style=\"width: 425px\" class=\"wp-caption aligncenter\"><img loading=\"lazy\" decoding=\"async\" class=\"wp-image-129009\" src=\"https:\/\/www.institutodeengenharia.org.br\/site\/wp-content\/uploads\/2025\/05\/WhatsApp-Image-2025-05-26-at-15.55.57.jpeg\" alt=\"\" width=\"425\" height=\"319\" srcset=\"https:\/\/www.institutodeengenharia.org.br\/site\/wp-content\/uploads\/2025\/05\/WhatsApp-Image-2025-05-26-at-15.55.57.jpeg 1600w, https:\/\/www.institutodeengenharia.org.br\/site\/wp-content\/uploads\/2025\/05\/WhatsApp-Image-2025-05-26-at-15.55.57-300x225.jpeg 300w, https:\/\/www.institutodeengenharia.org.br\/site\/wp-content\/uploads\/2025\/05\/WhatsApp-Image-2025-05-26-at-15.55.57-1024x768.jpeg 1024w, https:\/\/www.institutodeengenharia.org.br\/site\/wp-content\/uploads\/2025\/05\/WhatsApp-Image-2025-05-26-at-15.55.57-768x576.jpeg 768w, https:\/\/www.institutodeengenharia.org.br\/site\/wp-content\/uploads\/2025\/05\/WhatsApp-Image-2025-05-26-at-15.55.57-1536x1152.jpeg 1536w, https:\/\/www.institutodeengenharia.org.br\/site\/wp-content\/uploads\/2025\/05\/WhatsApp-Image-2025-05-26-at-15.55.57-560x420.jpeg 560w, https:\/\/www.institutodeengenharia.org.br\/site\/wp-content\/uploads\/2025\/05\/WhatsApp-Image-2025-05-26-at-15.55.57-80x60.jpeg 80w, https:\/\/www.institutodeengenharia.org.br\/site\/wp-content\/uploads\/2025\/05\/WhatsApp-Image-2025-05-26-at-15.55.57-696x522.jpeg 696w, https:\/\/www.institutodeengenharia.org.br\/site\/wp-content\/uploads\/2025\/05\/WhatsApp-Image-2025-05-26-at-15.55.57-1068x801.jpeg 1068w, https:\/\/www.institutodeengenharia.org.br\/site\/wp-content\/uploads\/2025\/05\/WhatsApp-Image-2025-05-26-at-15.55.57-265x198.jpeg 265w, https:\/\/www.institutodeengenharia.org.br\/site\/wp-content\/uploads\/2025\/05\/WhatsApp-Image-2025-05-26-at-15.55.57-600x450.jpeg 600w\" sizes=\"auto, (max-width: 425px) 100vw, 425px\" \/><figcaption id=\"caption-attachment-129009\" class=\"wp-caption-text\">Plataforma esta\u00e7\u00e3o Santa Marina<\/figcaption><\/figure>\n<figure id=\"attachment_129007\" aria-describedby=\"caption-attachment-129007\" style=\"width: 348px\" class=\"wp-caption alignright\"><img loading=\"lazy\" decoding=\"async\" class=\"wp-image-129007\" src=\"https:\/\/www.institutodeengenharia.org.br\/site\/wp-content\/uploads\/2025\/05\/WhatsApp-Image-2025-05-26-at-15.45.42.jpeg\" alt=\"\" width=\"348\" height=\"261\" srcset=\"https:\/\/www.institutodeengenharia.org.br\/site\/wp-content\/uploads\/2025\/05\/WhatsApp-Image-2025-05-26-at-15.45.42.jpeg 2000w, https:\/\/www.institutodeengenharia.org.br\/site\/wp-content\/uploads\/2025\/05\/WhatsApp-Image-2025-05-26-at-15.45.42-300x225.jpeg 300w, https:\/\/www.institutodeengenharia.org.br\/site\/wp-content\/uploads\/2025\/05\/WhatsApp-Image-2025-05-26-at-15.45.42-1024x768.jpeg 1024w, https:\/\/www.institutodeengenharia.org.br\/site\/wp-content\/uploads\/2025\/05\/WhatsApp-Image-2025-05-26-at-15.45.42-768x576.jpeg 768w, https:\/\/www.institutodeengenharia.org.br\/site\/wp-content\/uploads\/2025\/05\/WhatsApp-Image-2025-05-26-at-15.45.42-1536x1152.jpeg 1536w, https:\/\/www.institutodeengenharia.org.br\/site\/wp-content\/uploads\/2025\/05\/WhatsApp-Image-2025-05-26-at-15.45.42-560x420.jpeg 560w, https:\/\/www.institutodeengenharia.org.br\/site\/wp-content\/uploads\/2025\/05\/WhatsApp-Image-2025-05-26-at-15.45.42-80x60.jpeg 80w, https:\/\/www.institutodeengenharia.org.br\/site\/wp-content\/uploads\/2025\/05\/WhatsApp-Image-2025-05-26-at-15.45.42-696x522.jpeg 696w, https:\/\/www.institutodeengenharia.org.br\/site\/wp-content\/uploads\/2025\/05\/WhatsApp-Image-2025-05-26-at-15.45.42-1068x801.jpeg 1068w, https:\/\/www.institutodeengenharia.org.br\/site\/wp-content\/uploads\/2025\/05\/WhatsApp-Image-2025-05-26-at-15.45.42-1920x1440.jpeg 1920w, https:\/\/www.institutodeengenharia.org.br\/site\/wp-content\/uploads\/2025\/05\/WhatsApp-Image-2025-05-26-at-15.45.42-265x198.jpeg 265w, https:\/\/www.institutodeengenharia.org.br\/site\/wp-content\/uploads\/2025\/05\/WhatsApp-Image-2025-05-26-at-15.45.42-600x450.jpeg 600w\" sizes=\"auto, (max-width: 348px) 100vw, 348px\" \/><figcaption id=\"caption-attachment-129007\" class=\"wp-caption-text\">Esta\u00e7\u00e3o Santa Marina<\/figcaption><\/figure>\n<p>Ap\u00f3s a visita ao P\u00e1tio Morro Grande, o grupo seguiu para a futura esta\u00e7\u00e3o Santa Marina, a mais avan\u00e7ada do trecho, com 75% das obras realizadas.<\/p>\n<p>Os membros do IE tamb\u00e9m foram recebidos por Maria Carolina Castro, gerente de Comunica\u00e7\u00e3o e Marca Brasil, e Manola lens, gerente de Comunica\u00e7\u00f5es do Projeto.<\/p>\n<p>&nbsp;<\/p>\n<p style=\"text-align: center;\"><a href=\"https:\/\/www.flickr.com\/photos\/157391345@N08\/albums\/72177720326445289\"><strong>Clique aqui para ver as fotos da visita<\/strong><\/a><\/p>\n","protected":false},"excerpt":{"rendered":"<p>A diretoria do Instituto de Engenharia e conselheiros fizeram uma visita t\u00e9cnica, nesta segunda (26), \u00e0s obras da Linha 6 &#8211; Laranja, do Metr\u00f4, que ligar\u00e1 o P\u00e1tio Morro Grande &#8211; no extremo noroeste da Capital Paulista, \u00e0 esta\u00e7\u00e3o S\u00e3o Joaquim, na regi\u00e3o central. O grupo foi recebido pela equipe da Acciona na \u00e1rea do [&hellip;]<\/p>\n","protected":false},"author":14,"featured_media":129006,"comment_status":"open","ping_status":"open","sticky":false,"template":"","format":"standard","meta":{"footnotes":""},"categories":[26,27,6,41],"tags":[],"class_list":{"0":"post-129003","1":"post","2":"type-post","3":"status-publish","4":"format-standard","5":"has-post-thumbnail","7":"category-infraestrutura","8":"category-instituto-de-engenharia","9":"category-noticias","10":"category-transportes"},"yoast_head":"<!-- This site is optimized with the Yoast SEO plugin v27.2 - https:\/\/yoast.com\/product\/yoast-seo-wordpress\/ -->\n<title>Diretoria do IE faz visita t\u00e9cnica \u00e0s obras da Linha 6 - Laranja do Metr\u00f4 - Instituto de Engenharia<\/title>\n<meta name=\"robots\" content=\"index, follow, max-snippet:-1, max-image-preview:large, max-video-preview:-1\" \/>\n<link rel=\"canonical\" href=\"https:\/\/www.institutodeengenharia.org.br\/site\/2025\/05\/26\/diretoria-do-ie-visita-as-obras-da-linha-6-laranja-do-metro\/\" \/>\n<meta property=\"og:locale\" content=\"pt_BR\" \/>\n<meta property=\"og:type\" content=\"article\" \/>\n<meta property=\"og:title\" content=\"Diretoria do IE faz visita t\u00e9cnica \u00e0s obras da Linha 6 - Laranja do Metr\u00f4 - Instituto de Engenharia\" \/>\n<meta property=\"og:description\" content=\"A diretoria do Instituto de Engenharia e conselheiros fizeram uma visita t\u00e9cnica, nesta segunda (26), \u00e0s obras da Linha 6 &#8211; Laranja, do Metr\u00f4, que ligar\u00e1 o P\u00e1tio Morro Grande &#8211; no extremo noroeste da Capital Paulista, \u00e0 esta\u00e7\u00e3o S\u00e3o Joaquim, na regi\u00e3o central. O grupo foi recebido pela equipe da Acciona na \u00e1rea do [&hellip;]\" \/>\n<meta property=\"og:url\" content=\"https:\/\/www.institutodeengenharia.org.br\/site\/2025\/05\/26\/diretoria-do-ie-visita-as-obras-da-linha-6-laranja-do-metro\/\" \/>\n<meta property=\"og:site_name\" content=\"Instituto de Engenharia\" \/>\n<meta property=\"article:publisher\" content=\"https:\/\/www.facebook.com\/institutodeengenharia\" \/>\n<meta property=\"article:published_time\" content=\"2025-05-26T19:08:50+00:00\" \/>\n<meta property=\"article:modified_time\" content=\"2025-05-27T14:49:02+00:00\" \/>\n<meta property=\"og:image\" content=\"https:\/\/www.institutodeengenharia.org.br\/site\/wp-content\/uploads\/2025\/05\/WhatsApp-Image-2025-05-26-at-15.55.25.jpeg\" \/>\n\t<meta property=\"og:image:width\" content=\"1200\" \/>\n\t<meta property=\"og:image:height\" content=\"1600\" \/>\n\t<meta property=\"og:image:type\" content=\"image\/jpeg\" \/>\n<meta name=\"author\" content=\"Isabel\" \/>\n<meta name=\"twitter:card\" content=\"summary_large_image\" \/>\n<meta name=\"twitter:creator\" content=\"@iengenharia\" \/>\n<meta name=\"twitter:site\" content=\"@iengenharia\" \/>\n<meta name=\"twitter:label1\" content=\"Escrito por\" \/>\n\t<meta name=\"twitter:data1\" content=\"Isabel\" \/>\n\t<meta name=\"twitter:label2\" content=\"Est. tempo de leitura\" \/>\n\t<meta name=\"twitter:data2\" content=\"3 minutos\" \/>\n<script type=\"application\/ld+json\" class=\"yoast-schema-graph\">{\"@context\":\"https:\/\/schema.org\",\"@graph\":[{\"@type\":\"Article\",\"@id\":\"https:\/\/www.institutodeengenharia.org.br\/site\/2025\/05\/26\/diretoria-do-ie-visita-as-obras-da-linha-6-laranja-do-metro\/#article\",\"isPartOf\":{\"@id\":\"https:\/\/www.institutodeengenharia.org.br\/site\/2025\/05\/26\/diretoria-do-ie-visita-as-obras-da-linha-6-laranja-do-metro\/\"},\"author\":{\"name\":\"Isabel\",\"@id\":\"https:\/\/www.institutodeengenharia.org.br\/site\/#\/schema\/person\/593dc356630173a4877a635d3e5fd76b\"},\"headline\":\"Diretoria do IE faz visita t\u00e9cnica \u00e0s obras da Linha 6 &#8211; Laranja do Metr\u00f4\",\"datePublished\":\"2025-05-26T19:08:50+00:00\",\"dateModified\":\"2025-05-27T14:49:02+00:00\",\"mainEntityOfPage\":{\"@id\":\"https:\/\/www.institutodeengenharia.org.br\/site\/2025\/05\/26\/diretoria-do-ie-visita-as-obras-da-linha-6-laranja-do-metro\/\"},\"wordCount\":274,\"commentCount\":0,\"publisher\":{\"@id\":\"https:\/\/www.institutodeengenharia.org.br\/site\/#organization\"},\"image\":{\"@id\":\"https:\/\/www.institutodeengenharia.org.br\/site\/2025\/05\/26\/diretoria-do-ie-visita-as-obras-da-linha-6-laranja-do-metro\/#primaryimage\"},\"thumbnailUrl\":\"https:\/\/www.institutodeengenharia.org.br\/site\/wp-content\/uploads\/2025\/05\/WhatsApp-Image-2025-05-26-at-15.55.25.jpeg\",\"articleSection\":[\"Infraestrutura\",\"Instituto de Engenharia\",\"Not\u00edcias\",\"Transportes\"],\"inLanguage\":\"pt-BR\",\"potentialAction\":[{\"@type\":\"CommentAction\",\"name\":\"Comment\",\"target\":[\"https:\/\/www.institutodeengenharia.org.br\/site\/2025\/05\/26\/diretoria-do-ie-visita-as-obras-da-linha-6-laranja-do-metro\/#respond\"]}]},{\"@type\":\"WebPage\",\"@id\":\"https:\/\/www.institutodeengenharia.org.br\/site\/2025\/05\/26\/diretoria-do-ie-visita-as-obras-da-linha-6-laranja-do-metro\/\",\"url\":\"https:\/\/www.institutodeengenharia.org.br\/site\/2025\/05\/26\/diretoria-do-ie-visita-as-obras-da-linha-6-laranja-do-metro\/\",\"name\":\"Diretoria do IE faz visita t\u00e9cnica \u00e0s obras da Linha 6 - Laranja do Metr\u00f4 - Instituto de Engenharia\",\"isPartOf\":{\"@id\":\"https:\/\/www.institutodeengenharia.org.br\/site\/#website\"},\"primaryImageOfPage\":{\"@id\":\"https:\/\/www.institutodeengenharia.org.br\/site\/2025\/05\/26\/diretoria-do-ie-visita-as-obras-da-linha-6-laranja-do-metro\/#primaryimage\"},\"image\":{\"@id\":\"https:\/\/www.institutodeengenharia.org.br\/site\/2025\/05\/26\/diretoria-do-ie-visita-as-obras-da-linha-6-laranja-do-metro\/#primaryimage\"},\"thumbnailUrl\":\"https:\/\/www.institutodeengenharia.org.br\/site\/wp-content\/uploads\/2025\/05\/WhatsApp-Image-2025-05-26-at-15.55.25.jpeg\",\"datePublished\":\"2025-05-26T19:08:50+00:00\",\"dateModified\":\"2025-05-27T14:49:02+00:00\",\"breadcrumb\":{\"@id\":\"https:\/\/www.institutodeengenharia.org.br\/site\/2025\/05\/26\/diretoria-do-ie-visita-as-obras-da-linha-6-laranja-do-metro\/#breadcrumb\"},\"inLanguage\":\"pt-BR\",\"potentialAction\":[{\"@type\":\"ReadAction\",\"target\":[\"https:\/\/www.institutodeengenharia.org.br\/site\/2025\/05\/26\/diretoria-do-ie-visita-as-obras-da-linha-6-laranja-do-metro\/\"]}]},{\"@type\":\"ImageObject\",\"inLanguage\":\"pt-BR\",\"@id\":\"https:\/\/www.institutodeengenharia.org.br\/site\/2025\/05\/26\/diretoria-do-ie-visita-as-obras-da-linha-6-laranja-do-metro\/#primaryimage\",\"url\":\"https:\/\/www.institutodeengenharia.org.br\/site\/wp-content\/uploads\/2025\/05\/WhatsApp-Image-2025-05-26-at-15.55.25.jpeg\",\"contentUrl\":\"https:\/\/www.institutodeengenharia.org.br\/site\/wp-content\/uploads\/2025\/05\/WhatsApp-Image-2025-05-26-at-15.55.25.jpeg\",\"width\":1200,\"height\":1600,\"caption\":\"Constru\u00e7\u00e3o P\u00e1tio Morro Grande\"},{\"@type\":\"BreadcrumbList\",\"@id\":\"https:\/\/www.institutodeengenharia.org.br\/site\/2025\/05\/26\/diretoria-do-ie-visita-as-obras-da-linha-6-laranja-do-metro\/#breadcrumb\",\"itemListElement\":[{\"@type\":\"ListItem\",\"position\":1,\"name\":\"In\u00edcio\",\"item\":\"https:\/\/www.institutodeengenharia.org.br\/site\/\"},{\"@type\":\"ListItem\",\"position\":2,\"name\":\"Diretoria do IE faz visita t\u00e9cnica \u00e0s obras da Linha 6 &#8211; Laranja do Metr\u00f4\"}]},{\"@type\":\"WebSite\",\"@id\":\"https:\/\/www.institutodeengenharia.org.br\/site\/#website\",\"url\":\"https:\/\/www.institutodeengenharia.org.br\/site\/\",\"name\":\"Instituto de Engenharia\",\"description\":\"O Instituto de Engenharia promove a Engenharia em benef\u00edcio do desenvolvimento e da qualidade de vida da sociedade.\",\"publisher\":{\"@id\":\"https:\/\/www.institutodeengenharia.org.br\/site\/#organization\"},\"potentialAction\":[{\"@type\":\"SearchAction\",\"target\":{\"@type\":\"EntryPoint\",\"urlTemplate\":\"https:\/\/www.institutodeengenharia.org.br\/site\/?s={search_term_string}\"},\"query-input\":{\"@type\":\"PropertyValueSpecification\",\"valueRequired\":true,\"valueName\":\"search_term_string\"}}],\"inLanguage\":\"pt-BR\"},{\"@type\":\"Organization\",\"@id\":\"https:\/\/www.institutodeengenharia.org.br\/site\/#organization\",\"name\":\"Instituto de Engenharia\",\"url\":\"https:\/\/www.institutodeengenharia.org.br\/site\/\",\"logo\":{\"@type\":\"ImageObject\",\"inLanguage\":\"pt-BR\",\"@id\":\"https:\/\/www.institutodeengenharia.org.br\/site\/#\/schema\/logo\/image\/\",\"url\":\"https:\/\/www.institutodeengenharia.org.br\/site\/wp-content\/uploads\/2019\/03\/logo-novo-IE2018-1.jpg\",\"contentUrl\":\"https:\/\/www.institutodeengenharia.org.br\/site\/wp-content\/uploads\/2019\/03\/logo-novo-IE2018-1.jpg\",\"width\":1486,\"height\":1879,\"caption\":\"Instituto de Engenharia\"},\"image\":{\"@id\":\"https:\/\/www.institutodeengenharia.org.br\/site\/#\/schema\/logo\/image\/\"},\"sameAs\":[\"https:\/\/www.facebook.com\/institutodeengenharia\",\"https:\/\/x.com\/iengenharia\",\"https:\/\/www.instagram.com\/institutodeengenharia\/\",\"https:\/\/www.linkedin.com\/company\/instituto-de-engenharia\/\",\"https:\/\/www.youtube.com\/channel\/UCXiCAlsSMe977vamW915HxA\"]},{\"@type\":\"Person\",\"@id\":\"https:\/\/www.institutodeengenharia.org.br\/site\/#\/schema\/person\/593dc356630173a4877a635d3e5fd76b\",\"name\":\"Isabel\",\"image\":{\"@type\":\"ImageObject\",\"inLanguage\":\"pt-BR\",\"@id\":\"https:\/\/secure.gravatar.com\/avatar\/f3c521db63ec9db17894f10a88c6a3cf95b2281d7f80eeb3cf3ef1cb091576e7?s=96&d=mm&r=g\",\"url\":\"https:\/\/secure.gravatar.com\/avatar\/f3c521db63ec9db17894f10a88c6a3cf95b2281d7f80eeb3cf3ef1cb091576e7?s=96&d=mm&r=g\",\"contentUrl\":\"https:\/\/secure.gravatar.com\/avatar\/f3c521db63ec9db17894f10a88c6a3cf95b2281d7f80eeb3cf3ef1cb091576e7?s=96&d=mm&r=g\",\"caption\":\"Isabel\"},\"url\":\"https:\/\/www.institutodeengenharia.org.br\/site\/author\/comunicacao2\/\"}]}<\/script>\n<!-- \/ Yoast SEO plugin. -->","yoast_head_json":{"title":"Diretoria do IE faz visita t\u00e9cnica \u00e0s obras da Linha 6 - Laranja do Metr\u00f4 - Instituto de Engenharia","robots":{"index":"index","follow":"follow","max-snippet":"max-snippet:-1","max-image-preview":"max-image-preview:large","max-video-preview":"max-video-preview:-1"},"canonical":"https:\/\/www.institutodeengenharia.org.br\/site\/2025\/05\/26\/diretoria-do-ie-visita-as-obras-da-linha-6-laranja-do-metro\/","og_locale":"pt_BR","og_type":"article","og_title":"Diretoria do IE faz visita t\u00e9cnica \u00e0s obras da Linha 6 - Laranja do Metr\u00f4 - Instituto de Engenharia","og_description":"A diretoria do Instituto de Engenharia e conselheiros fizeram uma visita t\u00e9cnica, nesta segunda (26), \u00e0s obras da Linha 6 &#8211; Laranja, do Metr\u00f4, que ligar\u00e1 o P\u00e1tio Morro Grande &#8211; no extremo noroeste da Capital Paulista, \u00e0 esta\u00e7\u00e3o S\u00e3o Joaquim, na regi\u00e3o central. O grupo foi recebido pela equipe da Acciona na \u00e1rea do [&hellip;]","og_url":"https:\/\/www.institutodeengenharia.org.br\/site\/2025\/05\/26\/diretoria-do-ie-visita-as-obras-da-linha-6-laranja-do-metro\/","og_site_name":"Instituto de Engenharia","article_publisher":"https:\/\/www.facebook.com\/institutodeengenharia","article_published_time":"2025-05-26T19:08:50+00:00","article_modified_time":"2025-05-27T14:49:02+00:00","og_image":[{"width":1200,"height":1600,"url":"https:\/\/www.institutodeengenharia.org.br\/site\/wp-content\/uploads\/2025\/05\/WhatsApp-Image-2025-05-26-at-15.55.25.jpeg","type":"image\/jpeg"}],"author":"Isabel","twitter_card":"summary_large_image","twitter_creator":"@iengenharia","twitter_site":"@iengenharia","twitter_misc":{"Escrito por":"Isabel","Est. tempo de leitura":"3 minutos"},"schema":{"@context":"https:\/\/schema.org","@graph":[{"@type":"Article","@id":"https:\/\/www.institutodeengenharia.org.br\/site\/2025\/05\/26\/diretoria-do-ie-visita-as-obras-da-linha-6-laranja-do-metro\/#article","isPartOf":{"@id":"https:\/\/www.institutodeengenharia.org.br\/site\/2025\/05\/26\/diretoria-do-ie-visita-as-obras-da-linha-6-laranja-do-metro\/"},"author":{"name":"Isabel","@id":"https:\/\/www.institutodeengenharia.org.br\/site\/#\/schema\/person\/593dc356630173a4877a635d3e5fd76b"},"headline":"Diretoria do IE faz visita t\u00e9cnica \u00e0s obras da Linha 6 &#8211; Laranja do Metr\u00f4","datePublished":"2025-05-26T19:08:50+00:00","dateModified":"2025-05-27T14:49:02+00:00","mainEntityOfPage":{"@id":"https:\/\/www.institutodeengenharia.org.br\/site\/2025\/05\/26\/diretoria-do-ie-visita-as-obras-da-linha-6-laranja-do-metro\/"},"wordCount":274,"commentCount":0,"publisher":{"@id":"https:\/\/www.institutodeengenharia.org.br\/site\/#organization"},"image":{"@id":"https:\/\/www.institutodeengenharia.org.br\/site\/2025\/05\/26\/diretoria-do-ie-visita-as-obras-da-linha-6-laranja-do-metro\/#primaryimage"},"thumbnailUrl":"https:\/\/www.institutodeengenharia.org.br\/site\/wp-content\/uploads\/2025\/05\/WhatsApp-Image-2025-05-26-at-15.55.25.jpeg","articleSection":["Infraestrutura","Instituto de Engenharia","Not\u00edcias","Transportes"],"inLanguage":"pt-BR","potentialAction":[{"@type":"CommentAction","name":"Comment","target":["https:\/\/www.institutodeengenharia.org.br\/site\/2025\/05\/26\/diretoria-do-ie-visita-as-obras-da-linha-6-laranja-do-metro\/#respond"]}]},{"@type":"WebPage","@id":"https:\/\/www.institutodeengenharia.org.br\/site\/2025\/05\/26\/diretoria-do-ie-visita-as-obras-da-linha-6-laranja-do-metro\/","url":"https:\/\/www.institutodeengenharia.org.br\/site\/2025\/05\/26\/diretoria-do-ie-visita-as-obras-da-linha-6-laranja-do-metro\/","name":"Diretoria do IE faz visita t\u00e9cnica \u00e0s obras da Linha 6 - Laranja do Metr\u00f4 - Instituto de Engenharia","isPartOf":{"@id":"https:\/\/www.institutodeengenharia.org.br\/site\/#website"},"primaryImageOfPage":{"@id":"https:\/\/www.institutodeengenharia.org.br\/site\/2025\/05\/26\/diretoria-do-ie-visita-as-obras-da-linha-6-laranja-do-metro\/#primaryimage"},"image":{"@id":"https:\/\/www.institutodeengenharia.org.br\/site\/2025\/05\/26\/diretoria-do-ie-visita-as-obras-da-linha-6-laranja-do-metro\/#primaryimage"},"thumbnailUrl":"https:\/\/www.institutodeengenharia.org.br\/site\/wp-content\/uploads\/2025\/05\/WhatsApp-Image-2025-05-26-at-15.55.25.jpeg","datePublished":"2025-05-26T19:08:50+00:00","dateModified":"2025-05-27T14:49:02+00:00","breadcrumb":{"@id":"https:\/\/www.institutodeengenharia.org.br\/site\/2025\/05\/26\/diretoria-do-ie-visita-as-obras-da-linha-6-laranja-do-metro\/#breadcrumb"},"inLanguage":"pt-BR","potentialAction":[{"@type":"ReadAction","target":["https:\/\/www.institutodeengenharia.org.br\/site\/2025\/05\/26\/diretoria-do-ie-visita-as-obras-da-linha-6-laranja-do-metro\/"]}]},{"@type":"ImageObject","inLanguage":"pt-BR","@id":"https:\/\/www.institutodeengenharia.org.br\/site\/2025\/05\/26\/diretoria-do-ie-visita-as-obras-da-linha-6-laranja-do-metro\/#primaryimage","url":"https:\/\/www.institutodeengenharia.org.br\/site\/wp-content\/uploads\/2025\/05\/WhatsApp-Image-2025-05-26-at-15.55.25.jpeg","contentUrl":"https:\/\/www.institutodeengenharia.org.br\/site\/wp-content\/uploads\/2025\/05\/WhatsApp-Image-2025-05-26-at-15.55.25.jpeg","width":1200,"height":1600,"caption":"Constru\u00e7\u00e3o P\u00e1tio Morro Grande"},{"@type":"BreadcrumbList","@id":"https:\/\/www.institutodeengenharia.org.br\/site\/2025\/05\/26\/diretoria-do-ie-visita-as-obras-da-linha-6-laranja-do-metro\/#breadcrumb","itemListElement":[{"@type":"ListItem","position":1,"name":"In\u00edcio","item":"https:\/\/www.institutodeengenharia.org.br\/site\/"},{"@type":"ListItem","position":2,"name":"Diretoria do IE faz visita t\u00e9cnica \u00e0s obras da Linha 6 &#8211; Laranja do Metr\u00f4"}]},{"@type":"WebSite","@id":"https:\/\/www.institutodeengenharia.org.br\/site\/#website","url":"https:\/\/www.institutodeengenharia.org.br\/site\/","name":"Instituto de Engenharia","description":"O Instituto de Engenharia promove a Engenharia em benef\u00edcio do desenvolvimento e da qualidade de vida da sociedade.","publisher":{"@id":"https:\/\/www.institutodeengenharia.org.br\/site\/#organization"},"potentialAction":[{"@type":"SearchAction","target":{"@type":"EntryPoint","urlTemplate":"https:\/\/www.institutodeengenharia.org.br\/site\/?s={search_term_string}"},"query-input":{"@type":"PropertyValueSpecification","valueRequired":true,"valueName":"search_term_string"}}],"inLanguage":"pt-BR"},{"@type":"Organization","@id":"https:\/\/www.institutodeengenharia.org.br\/site\/#organization","name":"Instituto de Engenharia","url":"https:\/\/www.institutodeengenharia.org.br\/site\/","logo":{"@type":"ImageObject","inLanguage":"pt-BR","@id":"https:\/\/www.institutodeengenharia.org.br\/site\/#\/schema\/logo\/image\/","url":"https:\/\/www.institutodeengenharia.org.br\/site\/wp-content\/uploads\/2019\/03\/logo-novo-IE2018-1.jpg","contentUrl":"https:\/\/www.institutodeengenharia.org.br\/site\/wp-content\/uploads\/2019\/03\/logo-novo-IE2018-1.jpg","width":1486,"height":1879,"caption":"Instituto de Engenharia"},"image":{"@id":"https:\/\/www.institutodeengenharia.org.br\/site\/#\/schema\/logo\/image\/"},"sameAs":["https:\/\/www.facebook.com\/institutodeengenharia","https:\/\/x.com\/iengenharia","https:\/\/www.instagram.com\/institutodeengenharia\/","https:\/\/www.linkedin.com\/company\/instituto-de-engenharia\/","https:\/\/www.youtube.com\/channel\/UCXiCAlsSMe977vamW915HxA"]},{"@type":"Person","@id":"https:\/\/www.institutodeengenharia.org.br\/site\/#\/schema\/person\/593dc356630173a4877a635d3e5fd76b","name":"Isabel","image":{"@type":"ImageObject","inLanguage":"pt-BR","@id":"https:\/\/secure.gravatar.com\/avatar\/f3c521db63ec9db17894f10a88c6a3cf95b2281d7f80eeb3cf3ef1cb091576e7?s=96&d=mm&r=g","url":"https:\/\/secure.gravatar.com\/avatar\/f3c521db63ec9db17894f10a88c6a3cf95b2281d7f80eeb3cf3ef1cb091576e7?s=96&d=mm&r=g","contentUrl":"https:\/\/secure.gravatar.com\/avatar\/f3c521db63ec9db17894f10a88c6a3cf95b2281d7f80eeb3cf3ef1cb091576e7?s=96&d=mm&r=g","caption":"Isabel"},"url":"https:\/\/www.institutodeengenharia.org.br\/site\/author\/comunicacao2\/"}]}},"_links":{"self":[{"href":"https:\/\/www.institutodeengenharia.org.br\/site\/wp-json\/wp\/v2\/posts\/129003","targetHints":{"allow":["GET"]}}],"collection":[{"href":"https:\/\/www.institutodeengenharia.org.br\/site\/wp-json\/wp\/v2\/posts"}],"about":[{"href":"https:\/\/www.institutodeengenharia.org.br\/site\/wp-json\/wp\/v2\/types\/post"}],"author":[{"embeddable":true,"href":"https:\/\/www.institutodeengenharia.org.br\/site\/wp-json\/wp\/v2\/users\/14"}],"replies":[{"embeddable":true,"href":"https:\/\/www.institutodeengenharia.org.br\/site\/wp-json\/wp\/v2\/comments?post=129003"}],"version-history":[{"count":8,"href":"https:\/\/www.institutodeengenharia.org.br\/site\/wp-json\/wp\/v2\/posts\/129003\/revisions"}],"predecessor-version":[{"id":129109,"href":"https:\/\/www.institutodeengenharia.org.br\/site\/wp-json\/wp\/v2\/posts\/129003\/revisions\/129109"}],"wp:featuredmedia":[{"embeddable":true,"href":"https:\/\/www.institutodeengenharia.org.br\/site\/wp-json\/wp\/v2\/media\/129006"}],"wp:attachment":[{"href":"https:\/\/www.institutodeengenharia.org.br\/site\/wp-json\/wp\/v2\/media?parent=129003"}],"wp:term":[{"taxonomy":"category","embeddable":true,"href":"https:\/\/www.institutodeengenharia.org.br\/site\/wp-json\/wp\/v2\/categories?post=129003"},{"taxonomy":"post_tag","embeddable":true,"href":"https:\/\/www.institutodeengenharia.org.br\/site\/wp-json\/wp\/v2\/tags?post=129003"}],"curies":[{"name":"wp","href":"https:\/\/api.w.org\/{rel}","templated":true}]}}