{"id":128673,"date":"2025-05-14T15:27:23","date_gmt":"2025-05-14T18:27:23","guid":{"rendered":"https:\/\/www.institutodeengenharia.org.br\/site\/?p=128673"},"modified":"2025-05-14T16:01:33","modified_gmt":"2025-05-14T19:01:33","slug":"preservacao-da-memoria","status":"publish","type":"post","link":"https:\/\/www.institutodeengenharia.org.br\/site\/2025\/05\/14\/preservacao-da-memoria\/","title":{"rendered":"Preserva\u00e7\u00e3o da mem\u00f3ria"},"content":{"rendered":"<p>O Instituto de Engenharia restaurou 208 fitas VHS, que estavam em seu acervo, na biblioteca da entidade.<\/p>\n<p>Pr\u00f3ximo a comemorar seus 110 anos, o Instituto tem uma vasta hist\u00f3ria t\u00e9cnica, grande parte preservada e \u00e0 disposi\u00e7\u00e3o em sua <a href=\"https:\/\/www.institutodeengenharia.org.br\/site\/tv-engenharia\/\">TVEngenharia<\/a>, local online no site da entidade, onde foram disponibilizadas as grava\u00e7\u00f5es de eventos, workshops, mesas redondas e celebra\u00e7\u00f5es, datadas desde 1986.<\/p>\n<p><span class=\"AnswerParser_TextContainer__z_Iiv\" data-testid=\"youchat-text\">Entre os temas das fitas restauradas, destacam-se t\u00f3picos de grande relev\u00e2ncia hist\u00f3rica e t\u00e9cnica, como:<\/span><\/p>\n<ul class=\"AnswerParser_AnswerParserUnorderedList__P_1FW\">\n<li class=\"AnswerParser_ListItem__XqLOV\" translate=\"yes\"><a href=\"https:\/\/www.institutodeengenharia.org.br\/site\/arquivos-tv-engenharia\/?codigo_canal=3524\"><em>A implanta\u00e7\u00e3o da COSIPA<\/em><\/a><\/li>\n<li class=\"AnswerParser_ListItem__XqLOV\" translate=\"yes\"><a href=\"https:\/\/www.institutodeengenharia.org.br\/site\/arquivos-tv-engenharia\/?codigo_canal=3528\"><em>Desenvolvimento da Ind\u00fastria Aeron\u00e1utica (Embraer)<\/em><\/a><\/li>\n<li class=\"AnswerParser_ListItem__XqLOV\" translate=\"yes\"><a href=\"https:\/\/www.institutodeengenharia.org.br\/site\/arquivos-tv-engenharia\/?codigo_canal=3530\"><em>A constru\u00e7\u00e3o de Bras\u00edlia<\/em><\/a><\/li>\n<li class=\"AnswerParser_ListItem__XqLOV\" translate=\"yes\"><a href=\"https:\/\/www.institutodeengenharia.org.br\/site\/arquivos-tv-engenharia\/?codigo_canal=3606\"><em>Hidrantes na Cidade de S\u00e3o Paulo<\/em><\/a><\/li>\n<li class=\"AnswerParser_ListItem__XqLOV\" translate=\"yes\"><a href=\"https:\/\/www.institutodeengenharia.org.br\/site\/arquivos-tv-engenharia\/?codigo_canal=3529\"><em>Cria\u00e7\u00e3o da Escola de Engenharia Mau\u00e1<\/em><\/a><\/li>\n<li class=\"AnswerParser_ListItem__XqLOV\" translate=\"yes\"><a href=\"https:\/\/www.institutodeengenharia.org.br\/site\/arquivos-tv-engenharia\/?codigo_canal=3607\"><em>Reurbaniza\u00e7\u00e3o da \u00c1rea do Carandiru &#8211; C<\/em><em>oncurso Nacional de Plano Diretor<\/em><\/a><\/li>\n<li class=\"AnswerParser_ListItem__XqLOV\" translate=\"no\"><a href=\"https:\/\/www.institutodeengenharia.org.br\/site\/arquivos-tv-engenharia\/?codigo_canal=3592\"><em>Riscos de Explos\u00f5es Urbanas<\/em><\/a><\/li>\n<\/ul>\n<p><span class=\"AnswerParser_TextContainer__z_Iiv\" data-testid=\"youchat-text\">Esses temas, restaurados, s\u00e3o apenas uma amostra do rico conte\u00fado dispon\u00edvel, que pode ser acessado neste <a href=\"https:\/\/www.institutodeengenharia.org.br\/site\/arquivos-tv-engenharia\/?pagina_id=15\">link<\/a>.<\/span><\/p>\n<p><span class=\"AnswerParser_TextContainer__z_Iiv\" data-testid=\"youchat-text\">O restauro dessas fitas \u00e9 um testemunho do compromisso do Instituto de Engenharia em preservar e disseminar o conhecimento t\u00e9cnico, garantindo que as futuras gera\u00e7\u00f5es possam aprender com o passado e se inspirar para os desafios do futuro.<\/span><\/p>\n","protected":false},"excerpt":{"rendered":"<p>O Instituto de Engenharia restaurou 208 fitas VHS, que estavam em seu acervo, na biblioteca da entidade. Pr\u00f3ximo a comemorar seus 110 anos, o Instituto tem uma vasta hist\u00f3ria t\u00e9cnica, grande parte preservada e \u00e0 disposi\u00e7\u00e3o em sua TVEngenharia, local online no site da entidade, onde foram disponibilizadas as grava\u00e7\u00f5es de eventos, workshops, mesas redondas [&hellip;]<\/p>\n","protected":false},"author":14,"featured_media":128676,"comment_status":"open","ping_status":"open","sticky":false,"template":"","format":"standard","meta":{"footnotes":""},"categories":[27,141],"tags":[],"class_list":{"0":"post-128673","1":"post","2":"type-post","3":"status-publish","4":"format-standard","5":"has-post-thumbnail","7":"category-instituto-de-engenharia","8":"category-noticias-menu"},"yoast_head":"<!-- This site is optimized with the Yoast SEO plugin v27.2 - https:\/\/yoast.com\/product\/yoast-seo-wordpress\/ -->\n<title>Preserva\u00e7\u00e3o da mem\u00f3ria - Instituto de Engenharia<\/title>\n<meta name=\"robots\" content=\"index, follow, max-snippet:-1, max-image-preview:large, max-video-preview:-1\" \/>\n<link rel=\"canonical\" href=\"https:\/\/www.institutodeengenharia.org.br\/site\/2025\/05\/14\/preservacao-da-memoria\/\" \/>\n<meta property=\"og:locale\" content=\"pt_BR\" \/>\n<meta property=\"og:type\" content=\"article\" \/>\n<meta property=\"og:title\" content=\"Preserva\u00e7\u00e3o da mem\u00f3ria - Instituto de Engenharia\" \/>\n<meta property=\"og:description\" content=\"O Instituto de Engenharia restaurou 208 fitas VHS, que estavam em seu acervo, na biblioteca da entidade. Pr\u00f3ximo a comemorar seus 110 anos, o Instituto tem uma vasta hist\u00f3ria t\u00e9cnica, grande parte preservada e \u00e0 disposi\u00e7\u00e3o em sua TVEngenharia, local online no site da entidade, onde foram disponibilizadas as grava\u00e7\u00f5es de eventos, workshops, mesas redondas [&hellip;]\" \/>\n<meta property=\"og:url\" content=\"https:\/\/www.institutodeengenharia.org.br\/site\/2025\/05\/14\/preservacao-da-memoria\/\" \/>\n<meta property=\"og:site_name\" content=\"Instituto de Engenharia\" \/>\n<meta property=\"article:publisher\" content=\"https:\/\/www.facebook.com\/institutodeengenharia\" \/>\n<meta property=\"article:published_time\" content=\"2025-05-14T18:27:23+00:00\" \/>\n<meta property=\"article:modified_time\" content=\"2025-05-14T19:01:33+00:00\" \/>\n<meta property=\"og:image\" content=\"https:\/\/www.institutodeengenharia.org.br\/site\/wp-content\/uploads\/2025\/05\/Design-sem-nome-2025-05-14T151502.123.jpg\" \/>\n\t<meta property=\"og:image:width\" content=\"400\" \/>\n\t<meta property=\"og:image:height\" content=\"280\" \/>\n\t<meta property=\"og:image:type\" content=\"image\/jpeg\" \/>\n<meta name=\"author\" content=\"Isabel\" \/>\n<meta name=\"twitter:card\" content=\"summary_large_image\" \/>\n<meta name=\"twitter:creator\" content=\"@iengenharia\" \/>\n<meta name=\"twitter:site\" content=\"@iengenharia\" \/>\n<meta name=\"twitter:label1\" content=\"Escrito por\" \/>\n\t<meta name=\"twitter:data1\" content=\"Isabel\" \/>\n\t<meta name=\"twitter:label2\" content=\"Est. tempo de leitura\" \/>\n\t<meta name=\"twitter:data2\" content=\"2 minutos\" \/>\n<script type=\"application\/ld+json\" class=\"yoast-schema-graph\">{\"@context\":\"https:\/\/schema.org\",\"@graph\":[{\"@type\":\"Article\",\"@id\":\"https:\/\/www.institutodeengenharia.org.br\/site\/2025\/05\/14\/preservacao-da-memoria\/#article\",\"isPartOf\":{\"@id\":\"https:\/\/www.institutodeengenharia.org.br\/site\/2025\/05\/14\/preservacao-da-memoria\/\"},\"author\":{\"name\":\"Isabel\",\"@id\":\"https:\/\/www.institutodeengenharia.org.br\/site\/#\/schema\/person\/593dc356630173a4877a635d3e5fd76b\"},\"headline\":\"Preserva\u00e7\u00e3o da mem\u00f3ria\",\"datePublished\":\"2025-05-14T18:27:23+00:00\",\"dateModified\":\"2025-05-14T19:01:33+00:00\",\"mainEntityOfPage\":{\"@id\":\"https:\/\/www.institutodeengenharia.org.br\/site\/2025\/05\/14\/preservacao-da-memoria\/\"},\"wordCount\":195,\"commentCount\":0,\"publisher\":{\"@id\":\"https:\/\/www.institutodeengenharia.org.br\/site\/#organization\"},\"image\":{\"@id\":\"https:\/\/www.institutodeengenharia.org.br\/site\/2025\/05\/14\/preservacao-da-memoria\/#primaryimage\"},\"thumbnailUrl\":\"https:\/\/www.institutodeengenharia.org.br\/site\/wp-content\/uploads\/2025\/05\/Design-sem-nome-2025-05-14T151502.123.jpg\",\"articleSection\":[\"Instituto de Engenharia\",\"Not\u00edcias\"],\"inLanguage\":\"pt-BR\",\"potentialAction\":[{\"@type\":\"CommentAction\",\"name\":\"Comment\",\"target\":[\"https:\/\/www.institutodeengenharia.org.br\/site\/2025\/05\/14\/preservacao-da-memoria\/#respond\"]}]},{\"@type\":\"WebPage\",\"@id\":\"https:\/\/www.institutodeengenharia.org.br\/site\/2025\/05\/14\/preservacao-da-memoria\/\",\"url\":\"https:\/\/www.institutodeengenharia.org.br\/site\/2025\/05\/14\/preservacao-da-memoria\/\",\"name\":\"Preserva\u00e7\u00e3o da mem\u00f3ria - Instituto de Engenharia\",\"isPartOf\":{\"@id\":\"https:\/\/www.institutodeengenharia.org.br\/site\/#website\"},\"primaryImageOfPage\":{\"@id\":\"https:\/\/www.institutodeengenharia.org.br\/site\/2025\/05\/14\/preservacao-da-memoria\/#primaryimage\"},\"image\":{\"@id\":\"https:\/\/www.institutodeengenharia.org.br\/site\/2025\/05\/14\/preservacao-da-memoria\/#primaryimage\"},\"thumbnailUrl\":\"https:\/\/www.institutodeengenharia.org.br\/site\/wp-content\/uploads\/2025\/05\/Design-sem-nome-2025-05-14T151502.123.jpg\",\"datePublished\":\"2025-05-14T18:27:23+00:00\",\"dateModified\":\"2025-05-14T19:01:33+00:00\",\"breadcrumb\":{\"@id\":\"https:\/\/www.institutodeengenharia.org.br\/site\/2025\/05\/14\/preservacao-da-memoria\/#breadcrumb\"},\"inLanguage\":\"pt-BR\",\"potentialAction\":[{\"@type\":\"ReadAction\",\"target\":[\"https:\/\/www.institutodeengenharia.org.br\/site\/2025\/05\/14\/preservacao-da-memoria\/\"]}]},{\"@type\":\"ImageObject\",\"inLanguage\":\"pt-BR\",\"@id\":\"https:\/\/www.institutodeengenharia.org.br\/site\/2025\/05\/14\/preservacao-da-memoria\/#primaryimage\",\"url\":\"https:\/\/www.institutodeengenharia.org.br\/site\/wp-content\/uploads\/2025\/05\/Design-sem-nome-2025-05-14T151502.123.jpg\",\"contentUrl\":\"https:\/\/www.institutodeengenharia.org.br\/site\/wp-content\/uploads\/2025\/05\/Design-sem-nome-2025-05-14T151502.123.jpg\",\"width\":400,\"height\":280},{\"@type\":\"BreadcrumbList\",\"@id\":\"https:\/\/www.institutodeengenharia.org.br\/site\/2025\/05\/14\/preservacao-da-memoria\/#breadcrumb\",\"itemListElement\":[{\"@type\":\"ListItem\",\"position\":1,\"name\":\"In\u00edcio\",\"item\":\"https:\/\/www.institutodeengenharia.org.br\/site\/\"},{\"@type\":\"ListItem\",\"position\":2,\"name\":\"Preserva\u00e7\u00e3o da mem\u00f3ria\"}]},{\"@type\":\"WebSite\",\"@id\":\"https:\/\/www.institutodeengenharia.org.br\/site\/#website\",\"url\":\"https:\/\/www.institutodeengenharia.org.br\/site\/\",\"name\":\"Instituto de Engenharia\",\"description\":\"O Instituto de Engenharia promove a Engenharia em benef\u00edcio do desenvolvimento e da qualidade de vida da sociedade.\",\"publisher\":{\"@id\":\"https:\/\/www.institutodeengenharia.org.br\/site\/#organization\"},\"potentialAction\":[{\"@type\":\"SearchAction\",\"target\":{\"@type\":\"EntryPoint\",\"urlTemplate\":\"https:\/\/www.institutodeengenharia.org.br\/site\/?s={search_term_string}\"},\"query-input\":{\"@type\":\"PropertyValueSpecification\",\"valueRequired\":true,\"valueName\":\"search_term_string\"}}],\"inLanguage\":\"pt-BR\"},{\"@type\":\"Organization\",\"@id\":\"https:\/\/www.institutodeengenharia.org.br\/site\/#organization\",\"name\":\"Instituto de Engenharia\",\"url\":\"https:\/\/www.institutodeengenharia.org.br\/site\/\",\"logo\":{\"@type\":\"ImageObject\",\"inLanguage\":\"pt-BR\",\"@id\":\"https:\/\/www.institutodeengenharia.org.br\/site\/#\/schema\/logo\/image\/\",\"url\":\"https:\/\/www.institutodeengenharia.org.br\/site\/wp-content\/uploads\/2019\/03\/logo-novo-IE2018-1.jpg\",\"contentUrl\":\"https:\/\/www.institutodeengenharia.org.br\/site\/wp-content\/uploads\/2019\/03\/logo-novo-IE2018-1.jpg\",\"width\":1486,\"height\":1879,\"caption\":\"Instituto de Engenharia\"},\"image\":{\"@id\":\"https:\/\/www.institutodeengenharia.org.br\/site\/#\/schema\/logo\/image\/\"},\"sameAs\":[\"https:\/\/www.facebook.com\/institutodeengenharia\",\"https:\/\/x.com\/iengenharia\",\"https:\/\/www.instagram.com\/institutodeengenharia\/\",\"https:\/\/www.linkedin.com\/company\/instituto-de-engenharia\/\",\"https:\/\/www.youtube.com\/channel\/UCXiCAlsSMe977vamW915HxA\"]},{\"@type\":\"Person\",\"@id\":\"https:\/\/www.institutodeengenharia.org.br\/site\/#\/schema\/person\/593dc356630173a4877a635d3e5fd76b\",\"name\":\"Isabel\",\"image\":{\"@type\":\"ImageObject\",\"inLanguage\":\"pt-BR\",\"@id\":\"https:\/\/secure.gravatar.com\/avatar\/f3c521db63ec9db17894f10a88c6a3cf95b2281d7f80eeb3cf3ef1cb091576e7?s=96&d=mm&r=g\",\"url\":\"https:\/\/secure.gravatar.com\/avatar\/f3c521db63ec9db17894f10a88c6a3cf95b2281d7f80eeb3cf3ef1cb091576e7?s=96&d=mm&r=g\",\"contentUrl\":\"https:\/\/secure.gravatar.com\/avatar\/f3c521db63ec9db17894f10a88c6a3cf95b2281d7f80eeb3cf3ef1cb091576e7?s=96&d=mm&r=g\",\"caption\":\"Isabel\"},\"url\":\"https:\/\/www.institutodeengenharia.org.br\/site\/author\/comunicacao2\/\"}]}<\/script>\n<!-- \/ Yoast SEO plugin. -->","yoast_head_json":{"title":"Preserva\u00e7\u00e3o da mem\u00f3ria - Instituto de Engenharia","robots":{"index":"index","follow":"follow","max-snippet":"max-snippet:-1","max-image-preview":"max-image-preview:large","max-video-preview":"max-video-preview:-1"},"canonical":"https:\/\/www.institutodeengenharia.org.br\/site\/2025\/05\/14\/preservacao-da-memoria\/","og_locale":"pt_BR","og_type":"article","og_title":"Preserva\u00e7\u00e3o da mem\u00f3ria - Instituto de Engenharia","og_description":"O Instituto de Engenharia restaurou 208 fitas VHS, que estavam em seu acervo, na biblioteca da entidade. Pr\u00f3ximo a comemorar seus 110 anos, o Instituto tem uma vasta hist\u00f3ria t\u00e9cnica, grande parte preservada e \u00e0 disposi\u00e7\u00e3o em sua TVEngenharia, local online no site da entidade, onde foram disponibilizadas as grava\u00e7\u00f5es de eventos, workshops, mesas redondas [&hellip;]","og_url":"https:\/\/www.institutodeengenharia.org.br\/site\/2025\/05\/14\/preservacao-da-memoria\/","og_site_name":"Instituto de Engenharia","article_publisher":"https:\/\/www.facebook.com\/institutodeengenharia","article_published_time":"2025-05-14T18:27:23+00:00","article_modified_time":"2025-05-14T19:01:33+00:00","og_image":[{"width":400,"height":280,"url":"https:\/\/www.institutodeengenharia.org.br\/site\/wp-content\/uploads\/2025\/05\/Design-sem-nome-2025-05-14T151502.123.jpg","type":"image\/jpeg"}],"author":"Isabel","twitter_card":"summary_large_image","twitter_creator":"@iengenharia","twitter_site":"@iengenharia","twitter_misc":{"Escrito por":"Isabel","Est. tempo de leitura":"2 minutos"},"schema":{"@context":"https:\/\/schema.org","@graph":[{"@type":"Article","@id":"https:\/\/www.institutodeengenharia.org.br\/site\/2025\/05\/14\/preservacao-da-memoria\/#article","isPartOf":{"@id":"https:\/\/www.institutodeengenharia.org.br\/site\/2025\/05\/14\/preservacao-da-memoria\/"},"author":{"name":"Isabel","@id":"https:\/\/www.institutodeengenharia.org.br\/site\/#\/schema\/person\/593dc356630173a4877a635d3e5fd76b"},"headline":"Preserva\u00e7\u00e3o da mem\u00f3ria","datePublished":"2025-05-14T18:27:23+00:00","dateModified":"2025-05-14T19:01:33+00:00","mainEntityOfPage":{"@id":"https:\/\/www.institutodeengenharia.org.br\/site\/2025\/05\/14\/preservacao-da-memoria\/"},"wordCount":195,"commentCount":0,"publisher":{"@id":"https:\/\/www.institutodeengenharia.org.br\/site\/#organization"},"image":{"@id":"https:\/\/www.institutodeengenharia.org.br\/site\/2025\/05\/14\/preservacao-da-memoria\/#primaryimage"},"thumbnailUrl":"https:\/\/www.institutodeengenharia.org.br\/site\/wp-content\/uploads\/2025\/05\/Design-sem-nome-2025-05-14T151502.123.jpg","articleSection":["Instituto de Engenharia","Not\u00edcias"],"inLanguage":"pt-BR","potentialAction":[{"@type":"CommentAction","name":"Comment","target":["https:\/\/www.institutodeengenharia.org.br\/site\/2025\/05\/14\/preservacao-da-memoria\/#respond"]}]},{"@type":"WebPage","@id":"https:\/\/www.institutodeengenharia.org.br\/site\/2025\/05\/14\/preservacao-da-memoria\/","url":"https:\/\/www.institutodeengenharia.org.br\/site\/2025\/05\/14\/preservacao-da-memoria\/","name":"Preserva\u00e7\u00e3o da mem\u00f3ria - Instituto de Engenharia","isPartOf":{"@id":"https:\/\/www.institutodeengenharia.org.br\/site\/#website"},"primaryImageOfPage":{"@id":"https:\/\/www.institutodeengenharia.org.br\/site\/2025\/05\/14\/preservacao-da-memoria\/#primaryimage"},"image":{"@id":"https:\/\/www.institutodeengenharia.org.br\/site\/2025\/05\/14\/preservacao-da-memoria\/#primaryimage"},"thumbnailUrl":"https:\/\/www.institutodeengenharia.org.br\/site\/wp-content\/uploads\/2025\/05\/Design-sem-nome-2025-05-14T151502.123.jpg","datePublished":"2025-05-14T18:27:23+00:00","dateModified":"2025-05-14T19:01:33+00:00","breadcrumb":{"@id":"https:\/\/www.institutodeengenharia.org.br\/site\/2025\/05\/14\/preservacao-da-memoria\/#breadcrumb"},"inLanguage":"pt-BR","potentialAction":[{"@type":"ReadAction","target":["https:\/\/www.institutodeengenharia.org.br\/site\/2025\/05\/14\/preservacao-da-memoria\/"]}]},{"@type":"ImageObject","inLanguage":"pt-BR","@id":"https:\/\/www.institutodeengenharia.org.br\/site\/2025\/05\/14\/preservacao-da-memoria\/#primaryimage","url":"https:\/\/www.institutodeengenharia.org.br\/site\/wp-content\/uploads\/2025\/05\/Design-sem-nome-2025-05-14T151502.123.jpg","contentUrl":"https:\/\/www.institutodeengenharia.org.br\/site\/wp-content\/uploads\/2025\/05\/Design-sem-nome-2025-05-14T151502.123.jpg","width":400,"height":280},{"@type":"BreadcrumbList","@id":"https:\/\/www.institutodeengenharia.org.br\/site\/2025\/05\/14\/preservacao-da-memoria\/#breadcrumb","itemListElement":[{"@type":"ListItem","position":1,"name":"In\u00edcio","item":"https:\/\/www.institutodeengenharia.org.br\/site\/"},{"@type":"ListItem","position":2,"name":"Preserva\u00e7\u00e3o da mem\u00f3ria"}]},{"@type":"WebSite","@id":"https:\/\/www.institutodeengenharia.org.br\/site\/#website","url":"https:\/\/www.institutodeengenharia.org.br\/site\/","name":"Instituto de Engenharia","description":"O Instituto de Engenharia promove a Engenharia em benef\u00edcio do desenvolvimento e da qualidade de vida da sociedade.","publisher":{"@id":"https:\/\/www.institutodeengenharia.org.br\/site\/#organization"},"potentialAction":[{"@type":"SearchAction","target":{"@type":"EntryPoint","urlTemplate":"https:\/\/www.institutodeengenharia.org.br\/site\/?s={search_term_string}"},"query-input":{"@type":"PropertyValueSpecification","valueRequired":true,"valueName":"search_term_string"}}],"inLanguage":"pt-BR"},{"@type":"Organization","@id":"https:\/\/www.institutodeengenharia.org.br\/site\/#organization","name":"Instituto de Engenharia","url":"https:\/\/www.institutodeengenharia.org.br\/site\/","logo":{"@type":"ImageObject","inLanguage":"pt-BR","@id":"https:\/\/www.institutodeengenharia.org.br\/site\/#\/schema\/logo\/image\/","url":"https:\/\/www.institutodeengenharia.org.br\/site\/wp-content\/uploads\/2019\/03\/logo-novo-IE2018-1.jpg","contentUrl":"https:\/\/www.institutodeengenharia.org.br\/site\/wp-content\/uploads\/2019\/03\/logo-novo-IE2018-1.jpg","width":1486,"height":1879,"caption":"Instituto de Engenharia"},"image":{"@id":"https:\/\/www.institutodeengenharia.org.br\/site\/#\/schema\/logo\/image\/"},"sameAs":["https:\/\/www.facebook.com\/institutodeengenharia","https:\/\/x.com\/iengenharia","https:\/\/www.instagram.com\/institutodeengenharia\/","https:\/\/www.linkedin.com\/company\/instituto-de-engenharia\/","https:\/\/www.youtube.com\/channel\/UCXiCAlsSMe977vamW915HxA"]},{"@type":"Person","@id":"https:\/\/www.institutodeengenharia.org.br\/site\/#\/schema\/person\/593dc356630173a4877a635d3e5fd76b","name":"Isabel","image":{"@type":"ImageObject","inLanguage":"pt-BR","@id":"https:\/\/secure.gravatar.com\/avatar\/f3c521db63ec9db17894f10a88c6a3cf95b2281d7f80eeb3cf3ef1cb091576e7?s=96&d=mm&r=g","url":"https:\/\/secure.gravatar.com\/avatar\/f3c521db63ec9db17894f10a88c6a3cf95b2281d7f80eeb3cf3ef1cb091576e7?s=96&d=mm&r=g","contentUrl":"https:\/\/secure.gravatar.com\/avatar\/f3c521db63ec9db17894f10a88c6a3cf95b2281d7f80eeb3cf3ef1cb091576e7?s=96&d=mm&r=g","caption":"Isabel"},"url":"https:\/\/www.institutodeengenharia.org.br\/site\/author\/comunicacao2\/"}]}},"_links":{"self":[{"href":"https:\/\/www.institutodeengenharia.org.br\/site\/wp-json\/wp\/v2\/posts\/128673","targetHints":{"allow":["GET"]}}],"collection":[{"href":"https:\/\/www.institutodeengenharia.org.br\/site\/wp-json\/wp\/v2\/posts"}],"about":[{"href":"https:\/\/www.institutodeengenharia.org.br\/site\/wp-json\/wp\/v2\/types\/post"}],"author":[{"embeddable":true,"href":"https:\/\/www.institutodeengenharia.org.br\/site\/wp-json\/wp\/v2\/users\/14"}],"replies":[{"embeddable":true,"href":"https:\/\/www.institutodeengenharia.org.br\/site\/wp-json\/wp\/v2\/comments?post=128673"}],"version-history":[{"count":7,"href":"https:\/\/www.institutodeengenharia.org.br\/site\/wp-json\/wp\/v2\/posts\/128673\/revisions"}],"predecessor-version":[{"id":128685,"href":"https:\/\/www.institutodeengenharia.org.br\/site\/wp-json\/wp\/v2\/posts\/128673\/revisions\/128685"}],"wp:featuredmedia":[{"embeddable":true,"href":"https:\/\/www.institutodeengenharia.org.br\/site\/wp-json\/wp\/v2\/media\/128676"}],"wp:attachment":[{"href":"https:\/\/www.institutodeengenharia.org.br\/site\/wp-json\/wp\/v2\/media?parent=128673"}],"wp:term":[{"taxonomy":"category","embeddable":true,"href":"https:\/\/www.institutodeengenharia.org.br\/site\/wp-json\/wp\/v2\/categories?post=128673"},{"taxonomy":"post_tag","embeddable":true,"href":"https:\/\/www.institutodeengenharia.org.br\/site\/wp-json\/wp\/v2\/tags?post=128673"}],"curies":[{"name":"wp","href":"https:\/\/api.w.org\/{rel}","templated":true}]}}