{"id":128593,"date":"2025-05-12T15:49:59","date_gmt":"2025-05-12T18:49:59","guid":{"rendered":"https:\/\/www.institutodeengenharia.org.br\/site\/?p=128593"},"modified":"2025-05-12T19:52:51","modified_gmt":"2025-05-12T22:52:51","slug":"carta-aberta-instituto-de-engenharia","status":"publish","type":"post","link":"https:\/\/www.institutodeengenharia.org.br\/site\/2025\/05\/12\/carta-aberta-instituto-de-engenharia\/","title":{"rendered":"Carta aberta do Instituto de Engenharia a R\u00e1dio Bandeirantes e ao jornalista Cl\u00e1udio Humberto"},"content":{"rendered":"<p>O Instituto de Engenharia, entidade com 109 anos de servi\u00e7os prestados \u00e0 comunidade paulista e brasileira na promo\u00e7\u00e3o do desenvolvimento t\u00e9cnico, cient\u00edfico e social, manifesta-se em rela\u00e7\u00e3o \u00e0 pergunta formulada pelo jornalista Cl\u00e1udio Humberto, durante entrevista concedida pelo Diretor de Engenharia da Sabesp, eng. Roberval Tavares, no programa Jornal Gente, da R\u00e1dio Bandeirantes, na manh\u00e3 de hoje (12 de maio de 2025). O jornalista questionou se o novo afundamento na Marginal Tiet\u00ea \u2014 causado por problemas em tubula\u00e7\u00e3o de esgoto sanit\u00e1rio de grande di\u00e2metro \u2014 n\u00e3o representaria um &#8220;constrangimento para a engenharia nacional&#8221;. Em tom de ironia, comparou a situa\u00e7\u00e3o ao caso ocorrido no Jap\u00e3o, na cidade de Fukuoka, em 2016, onde um grande afundamento foi reparado em 48 horas, concluindo com a pergunta: &#8220;n\u00e3o seria mais seguro chamar os engenheiros de Fukuoka?&#8221;.<\/p>\n<p>Em que pese a total liberdade e legitimidade do experiente jornalista em formular as perguntas que entender cab\u00edveis \u2014 como deve ocorrer em um Estado Democr\u00e1tico de Direito \u2014, tamb\u00e9m nos valemos do mesmo princ\u00edpio para comentar e refutar o teor da referida pergunta. Reconhecemos a gravidade do ocorrido e reiteramos que epis\u00f3dios dessa natureza devem ser tratados com total rigor t\u00e9cnico. No entanto, lamentamos profundamente o tom adotado pelo entrevistador, que recorreu a uma compara\u00e7\u00e3o indevida e descontextualizada, ignorando por completo as especificidades geot\u00e9cnicas, institucionais, operacionais e contratuais do caso brasileiro.<\/p>\n<p>Declara\u00e7\u00f5es como essa, sobretudo quando feitas em espa\u00e7o de ampla audi\u00eancia e prest\u00edgio \u2014 como \u00e9 o Jornal Gente, desde 1978 \u2014, desconsideram o hist\u00f3rico de excel\u00eancia da engenharia nacional e desrespeitam o esfor\u00e7o de milhares de profissionais que atuam com seriedade, compromisso e compet\u00eancia em obras e projetos estruturantes no pa\u00eds. O tom de deboche enfraquece o debate p\u00fablico e desinforma a popula\u00e7\u00e3o, promovendo um julgamento apressado e injusto. A cr\u00edtica respons\u00e1vel e bem fundamentada \u00e9 essencial ao aprimoramento das pol\u00edticas p\u00fablicas e da engenharia; j\u00e1 a generaliza\u00e7\u00e3o depreciativa compromete esse objetivo e ofende uma categoria profissional essencial ao desenvolvimento nacional.<\/p>\n<p>Importa lembrar que a engenharia brasileira tem s\u00f3lida tradi\u00e7\u00e3o e \u00e9 reconhecida por suas solu\u00e7\u00f5es criativas e eficazes, mesmo diante de adversidades or\u00e7ament\u00e1rias e burocr\u00e1ticas. O pr\u00f3prio Instituto de Engenharia contribui, h\u00e1 mais de um s\u00e9culo, com propostas relevantes nas \u00e1reas de mobilidade urbana, saneamento, gest\u00e3o ambiental, infraestrutura e forma\u00e7\u00e3o t\u00e9cnica, sempre guiado pelos princ\u00edpios da \u00e9tica, do interesse p\u00fablico e do compromisso com a sustentabilidade.<\/p>\n<p>Aproveitamos para registrar nosso respeito institucional \u00e0 R\u00e1dio Bandeirantes, cuja hist\u00f3ria est\u00e1 diretamente ligada \u00e0 trajet\u00f3ria de nomes que honram o jornalismo brasileiro, como o inesquec\u00edvel Jos\u00e9 Paulo de Andrade \u2014 associado participativo deste Instituto e defensor incans\u00e1vel do interesse p\u00fablico. \u00c9 justamente por esse respeito que consideramos ainda mais importante preservar o n\u00edvel do debate t\u00e9cnico, sem desqualificar profissionais nem desmerecer o papel estrat\u00e9gico da engenharia nacional para o futuro do Brasil.<\/p>\n<p>Nesse contexto, entendemos que o debate p\u00fablico sobre infraestrutura merece ser qualificado. Em vez de nos limitarmos a cr\u00edticas est\u00e9reis, gostar\u00edamos de propor \u00e0 Bandeirantes AM e ao jornalista Cl\u00e1udio Humberto uma colabora\u00e7\u00e3o que possa verdadeiramente contribuir para a solu\u00e7\u00e3o dos problemas.<\/p>\n<p>Como primeiro passo, sugerimos a realiza\u00e7\u00e3o de uma s\u00e9rie de reportagens especiais que mostrem \u00e0 popula\u00e7\u00e3o as verdadeiras causas dos buracos em vias urbanas &#8211; desde falhas nos sistemas de drenagem at\u00e9 a m\u00e1 qualidade dos materiais utilizados &#8211; e como essas quest\u00f5es s\u00e3o enfrentadas por engenheiros brasileiros em projetos bem-sucedidos em nosso pa\u00eds e no exterior. O Instituto de Engenharia colocaria \u00e0 disposi\u00e7\u00e3o seus especialistas para entrevistas e an\u00e1lises t\u00e9cnicas aprofundadas.<br \/>\nAl\u00e9m disso, propomos a organiza\u00e7\u00e3o de uma mesa-redonda t\u00e9cnica com o tema &#8220;Marginal Tiet\u00ea: Diagn\u00f3stico e Solu\u00e7\u00f5es&#8221;, que reuniria engenheiros especializados em infraestrutura urbana, representantes dos \u00f3rg\u00e3os p\u00fablicos respons\u00e1veis e a media\u00e7\u00e3o qualificada da equipe da BandNews. Este seria um espa\u00e7o para apresentar propostas concretas baseadas em evid\u00eancias t\u00e9cnicas, contribuindo para elevar o n\u00edvel do debate p\u00fablico sobre nossas infraestruturas.<\/p>\n<p>Reafirmamos nosso compromisso com o desenvolvimento tecnol\u00f3gico do pa\u00eds e colocamos nossa expertise \u00e0 disposi\u00e7\u00e3o para construir, em conjunto com a imprensa, um di\u00e1logo produtivo sobre os desafios da engenharia nacional. Acreditamos que somente atrav\u00e9s da valoriza\u00e7\u00e3o de nossos profissionais e da ado\u00e7\u00e3o de solu\u00e7\u00f5es t\u00e9cnicas adequadas poderemos superar os cr\u00f4nicos problemas de infraestrutura que afetam a popula\u00e7\u00e3o.<br \/>\nAguardamos uma posi\u00e7\u00e3o sobre nossas propostas.<\/p>\n<p style=\"text-align: center;\"><em>Jos\u00e9 Eduardo Frasc\u00e1 Poyares Jardim<\/em><br \/>\n<em>Presidente<\/em><br \/>\n<em>Instituto de Engenharia<\/em><\/p>\n","protected":false},"excerpt":{"rendered":"<p>O Instituto de Engenharia, entidade com 109 anos de servi\u00e7os prestados \u00e0 comunidade paulista e brasileira na promo\u00e7\u00e3o do desenvolvimento t\u00e9cnico, cient\u00edfico e social, manifesta-se em rela\u00e7\u00e3o \u00e0 pergunta formulada pelo jornalista Cl\u00e1udio Humberto, durante entrevista concedida pelo Diretor de Engenharia da Sabesp, eng. Roberval Tavares, no programa Jornal Gente, da R\u00e1dio Bandeirantes, na manh\u00e3 [&hellip;]<\/p>\n","protected":false},"author":14,"featured_media":128594,"comment_status":"open","ping_status":"open","sticky":false,"template":"","format":"standard","meta":{"footnotes":""},"categories":[27,141],"tags":[],"class_list":{"0":"post-128593","1":"post","2":"type-post","3":"status-publish","4":"format-standard","5":"has-post-thumbnail","7":"category-instituto-de-engenharia","8":"category-noticias-menu"},"yoast_head":"<!-- This site is optimized with the Yoast SEO plugin v27.2 - https:\/\/yoast.com\/product\/yoast-seo-wordpress\/ -->\n<title>Carta aberta do Instituto de Engenharia a R\u00e1dio Bandeirantes e ao jornalista Cl\u00e1udio Humberto - Instituto de Engenharia<\/title>\n<meta name=\"robots\" content=\"index, follow, max-snippet:-1, max-image-preview:large, max-video-preview:-1\" \/>\n<link rel=\"canonical\" href=\"https:\/\/www.institutodeengenharia.org.br\/site\/2025\/05\/12\/carta-aberta-instituto-de-engenharia\/\" \/>\n<meta property=\"og:locale\" content=\"pt_BR\" \/>\n<meta property=\"og:type\" content=\"article\" \/>\n<meta property=\"og:title\" content=\"Carta aberta do Instituto de Engenharia a R\u00e1dio Bandeirantes e ao jornalista Cl\u00e1udio Humberto - Instituto de Engenharia\" \/>\n<meta property=\"og:description\" content=\"O Instituto de Engenharia, entidade com 109 anos de servi\u00e7os prestados \u00e0 comunidade paulista e brasileira na promo\u00e7\u00e3o do desenvolvimento t\u00e9cnico, cient\u00edfico e social, manifesta-se em rela\u00e7\u00e3o \u00e0 pergunta formulada pelo jornalista Cl\u00e1udio Humberto, durante entrevista concedida pelo Diretor de Engenharia da Sabesp, eng. Roberval Tavares, no programa Jornal Gente, da R\u00e1dio Bandeirantes, na manh\u00e3 [&hellip;]\" \/>\n<meta property=\"og:url\" content=\"https:\/\/www.institutodeengenharia.org.br\/site\/2025\/05\/12\/carta-aberta-instituto-de-engenharia\/\" \/>\n<meta property=\"og:site_name\" content=\"Instituto de Engenharia\" \/>\n<meta property=\"article:publisher\" content=\"https:\/\/www.facebook.com\/institutodeengenharia\" \/>\n<meta property=\"article:published_time\" content=\"2025-05-12T18:49:59+00:00\" \/>\n<meta property=\"article:modified_time\" content=\"2025-05-12T22:52:51+00:00\" \/>\n<meta property=\"og:image\" content=\"https:\/\/www.institutodeengenharia.org.br\/site\/wp-content\/uploads\/2025\/05\/carta-aberta.png\" \/>\n\t<meta property=\"og:image:width\" content=\"418\" \/>\n\t<meta property=\"og:image:height\" content=\"282\" \/>\n\t<meta property=\"og:image:type\" content=\"image\/png\" \/>\n<meta name=\"author\" content=\"Isabel\" \/>\n<meta name=\"twitter:card\" content=\"summary_large_image\" \/>\n<meta name=\"twitter:creator\" content=\"@iengenharia\" \/>\n<meta name=\"twitter:site\" content=\"@iengenharia\" \/>\n<meta name=\"twitter:label1\" content=\"Escrito por\" \/>\n\t<meta name=\"twitter:data1\" content=\"Isabel\" \/>\n\t<meta name=\"twitter:label2\" content=\"Est. tempo de leitura\" \/>\n\t<meta name=\"twitter:data2\" content=\"4 minutos\" \/>\n<script type=\"application\/ld+json\" class=\"yoast-schema-graph\">{\"@context\":\"https:\/\/schema.org\",\"@graph\":[{\"@type\":\"Article\",\"@id\":\"https:\/\/www.institutodeengenharia.org.br\/site\/2025\/05\/12\/carta-aberta-instituto-de-engenharia\/#article\",\"isPartOf\":{\"@id\":\"https:\/\/www.institutodeengenharia.org.br\/site\/2025\/05\/12\/carta-aberta-instituto-de-engenharia\/\"},\"author\":{\"name\":\"Isabel\",\"@id\":\"https:\/\/www.institutodeengenharia.org.br\/site\/#\/schema\/person\/593dc356630173a4877a635d3e5fd76b\"},\"headline\":\"Carta aberta do Instituto de Engenharia a R\u00e1dio Bandeirantes e ao jornalista Cl\u00e1udio Humberto\",\"datePublished\":\"2025-05-12T18:49:59+00:00\",\"dateModified\":\"2025-05-12T22:52:51+00:00\",\"mainEntityOfPage\":{\"@id\":\"https:\/\/www.institutodeengenharia.org.br\/site\/2025\/05\/12\/carta-aberta-instituto-de-engenharia\/\"},\"wordCount\":806,\"commentCount\":0,\"publisher\":{\"@id\":\"https:\/\/www.institutodeengenharia.org.br\/site\/#organization\"},\"image\":{\"@id\":\"https:\/\/www.institutodeengenharia.org.br\/site\/2025\/05\/12\/carta-aberta-instituto-de-engenharia\/#primaryimage\"},\"thumbnailUrl\":\"https:\/\/www.institutodeengenharia.org.br\/site\/wp-content\/uploads\/2025\/05\/carta-aberta.png\",\"articleSection\":[\"Instituto de Engenharia\",\"Not\u00edcias\"],\"inLanguage\":\"pt-BR\",\"potentialAction\":[{\"@type\":\"CommentAction\",\"name\":\"Comment\",\"target\":[\"https:\/\/www.institutodeengenharia.org.br\/site\/2025\/05\/12\/carta-aberta-instituto-de-engenharia\/#respond\"]}]},{\"@type\":\"WebPage\",\"@id\":\"https:\/\/www.institutodeengenharia.org.br\/site\/2025\/05\/12\/carta-aberta-instituto-de-engenharia\/\",\"url\":\"https:\/\/www.institutodeengenharia.org.br\/site\/2025\/05\/12\/carta-aberta-instituto-de-engenharia\/\",\"name\":\"Carta aberta do Instituto de Engenharia a R\u00e1dio Bandeirantes e ao jornalista Cl\u00e1udio Humberto - Instituto de Engenharia\",\"isPartOf\":{\"@id\":\"https:\/\/www.institutodeengenharia.org.br\/site\/#website\"},\"primaryImageOfPage\":{\"@id\":\"https:\/\/www.institutodeengenharia.org.br\/site\/2025\/05\/12\/carta-aberta-instituto-de-engenharia\/#primaryimage\"},\"image\":{\"@id\":\"https:\/\/www.institutodeengenharia.org.br\/site\/2025\/05\/12\/carta-aberta-instituto-de-engenharia\/#primaryimage\"},\"thumbnailUrl\":\"https:\/\/www.institutodeengenharia.org.br\/site\/wp-content\/uploads\/2025\/05\/carta-aberta.png\",\"datePublished\":\"2025-05-12T18:49:59+00:00\",\"dateModified\":\"2025-05-12T22:52:51+00:00\",\"breadcrumb\":{\"@id\":\"https:\/\/www.institutodeengenharia.org.br\/site\/2025\/05\/12\/carta-aberta-instituto-de-engenharia\/#breadcrumb\"},\"inLanguage\":\"pt-BR\",\"potentialAction\":[{\"@type\":\"ReadAction\",\"target\":[\"https:\/\/www.institutodeengenharia.org.br\/site\/2025\/05\/12\/carta-aberta-instituto-de-engenharia\/\"]}]},{\"@type\":\"ImageObject\",\"inLanguage\":\"pt-BR\",\"@id\":\"https:\/\/www.institutodeengenharia.org.br\/site\/2025\/05\/12\/carta-aberta-instituto-de-engenharia\/#primaryimage\",\"url\":\"https:\/\/www.institutodeengenharia.org.br\/site\/wp-content\/uploads\/2025\/05\/carta-aberta.png\",\"contentUrl\":\"https:\/\/www.institutodeengenharia.org.br\/site\/wp-content\/uploads\/2025\/05\/carta-aberta.png\",\"width\":418,\"height\":282},{\"@type\":\"BreadcrumbList\",\"@id\":\"https:\/\/www.institutodeengenharia.org.br\/site\/2025\/05\/12\/carta-aberta-instituto-de-engenharia\/#breadcrumb\",\"itemListElement\":[{\"@type\":\"ListItem\",\"position\":1,\"name\":\"In\u00edcio\",\"item\":\"https:\/\/www.institutodeengenharia.org.br\/site\/\"},{\"@type\":\"ListItem\",\"position\":2,\"name\":\"Carta aberta do Instituto de Engenharia a R\u00e1dio Bandeirantes e ao jornalista Cl\u00e1udio Humberto\"}]},{\"@type\":\"WebSite\",\"@id\":\"https:\/\/www.institutodeengenharia.org.br\/site\/#website\",\"url\":\"https:\/\/www.institutodeengenharia.org.br\/site\/\",\"name\":\"Instituto de Engenharia\",\"description\":\"O Instituto de Engenharia promove a Engenharia em benef\u00edcio do desenvolvimento e da qualidade de vida da sociedade.\",\"publisher\":{\"@id\":\"https:\/\/www.institutodeengenharia.org.br\/site\/#organization\"},\"potentialAction\":[{\"@type\":\"SearchAction\",\"target\":{\"@type\":\"EntryPoint\",\"urlTemplate\":\"https:\/\/www.institutodeengenharia.org.br\/site\/?s={search_term_string}\"},\"query-input\":{\"@type\":\"PropertyValueSpecification\",\"valueRequired\":true,\"valueName\":\"search_term_string\"}}],\"inLanguage\":\"pt-BR\"},{\"@type\":\"Organization\",\"@id\":\"https:\/\/www.institutodeengenharia.org.br\/site\/#organization\",\"name\":\"Instituto de Engenharia\",\"url\":\"https:\/\/www.institutodeengenharia.org.br\/site\/\",\"logo\":{\"@type\":\"ImageObject\",\"inLanguage\":\"pt-BR\",\"@id\":\"https:\/\/www.institutodeengenharia.org.br\/site\/#\/schema\/logo\/image\/\",\"url\":\"https:\/\/www.institutodeengenharia.org.br\/site\/wp-content\/uploads\/2019\/03\/logo-novo-IE2018-1.jpg\",\"contentUrl\":\"https:\/\/www.institutodeengenharia.org.br\/site\/wp-content\/uploads\/2019\/03\/logo-novo-IE2018-1.jpg\",\"width\":1486,\"height\":1879,\"caption\":\"Instituto de Engenharia\"},\"image\":{\"@id\":\"https:\/\/www.institutodeengenharia.org.br\/site\/#\/schema\/logo\/image\/\"},\"sameAs\":[\"https:\/\/www.facebook.com\/institutodeengenharia\",\"https:\/\/x.com\/iengenharia\",\"https:\/\/www.instagram.com\/institutodeengenharia\/\",\"https:\/\/www.linkedin.com\/company\/instituto-de-engenharia\/\",\"https:\/\/www.youtube.com\/channel\/UCXiCAlsSMe977vamW915HxA\"]},{\"@type\":\"Person\",\"@id\":\"https:\/\/www.institutodeengenharia.org.br\/site\/#\/schema\/person\/593dc356630173a4877a635d3e5fd76b\",\"name\":\"Isabel\",\"image\":{\"@type\":\"ImageObject\",\"inLanguage\":\"pt-BR\",\"@id\":\"https:\/\/secure.gravatar.com\/avatar\/f3c521db63ec9db17894f10a88c6a3cf95b2281d7f80eeb3cf3ef1cb091576e7?s=96&d=mm&r=g\",\"url\":\"https:\/\/secure.gravatar.com\/avatar\/f3c521db63ec9db17894f10a88c6a3cf95b2281d7f80eeb3cf3ef1cb091576e7?s=96&d=mm&r=g\",\"contentUrl\":\"https:\/\/secure.gravatar.com\/avatar\/f3c521db63ec9db17894f10a88c6a3cf95b2281d7f80eeb3cf3ef1cb091576e7?s=96&d=mm&r=g\",\"caption\":\"Isabel\"},\"url\":\"https:\/\/www.institutodeengenharia.org.br\/site\/author\/comunicacao2\/\"}]}<\/script>\n<!-- \/ Yoast SEO plugin. -->","yoast_head_json":{"title":"Carta aberta do Instituto de Engenharia a R\u00e1dio Bandeirantes e ao jornalista Cl\u00e1udio Humberto - Instituto de Engenharia","robots":{"index":"index","follow":"follow","max-snippet":"max-snippet:-1","max-image-preview":"max-image-preview:large","max-video-preview":"max-video-preview:-1"},"canonical":"https:\/\/www.institutodeengenharia.org.br\/site\/2025\/05\/12\/carta-aberta-instituto-de-engenharia\/","og_locale":"pt_BR","og_type":"article","og_title":"Carta aberta do Instituto de Engenharia a R\u00e1dio Bandeirantes e ao jornalista Cl\u00e1udio Humberto - Instituto de Engenharia","og_description":"O Instituto de Engenharia, entidade com 109 anos de servi\u00e7os prestados \u00e0 comunidade paulista e brasileira na promo\u00e7\u00e3o do desenvolvimento t\u00e9cnico, cient\u00edfico e social, manifesta-se em rela\u00e7\u00e3o \u00e0 pergunta formulada pelo jornalista Cl\u00e1udio Humberto, durante entrevista concedida pelo Diretor de Engenharia da Sabesp, eng. Roberval Tavares, no programa Jornal Gente, da R\u00e1dio Bandeirantes, na manh\u00e3 [&hellip;]","og_url":"https:\/\/www.institutodeengenharia.org.br\/site\/2025\/05\/12\/carta-aberta-instituto-de-engenharia\/","og_site_name":"Instituto de Engenharia","article_publisher":"https:\/\/www.facebook.com\/institutodeengenharia","article_published_time":"2025-05-12T18:49:59+00:00","article_modified_time":"2025-05-12T22:52:51+00:00","og_image":[{"width":418,"height":282,"url":"https:\/\/www.institutodeengenharia.org.br\/site\/wp-content\/uploads\/2025\/05\/carta-aberta.png","type":"image\/png"}],"author":"Isabel","twitter_card":"summary_large_image","twitter_creator":"@iengenharia","twitter_site":"@iengenharia","twitter_misc":{"Escrito por":"Isabel","Est. tempo de leitura":"4 minutos"},"schema":{"@context":"https:\/\/schema.org","@graph":[{"@type":"Article","@id":"https:\/\/www.institutodeengenharia.org.br\/site\/2025\/05\/12\/carta-aberta-instituto-de-engenharia\/#article","isPartOf":{"@id":"https:\/\/www.institutodeengenharia.org.br\/site\/2025\/05\/12\/carta-aberta-instituto-de-engenharia\/"},"author":{"name":"Isabel","@id":"https:\/\/www.institutodeengenharia.org.br\/site\/#\/schema\/person\/593dc356630173a4877a635d3e5fd76b"},"headline":"Carta aberta do Instituto de Engenharia a R\u00e1dio Bandeirantes e ao jornalista Cl\u00e1udio Humberto","datePublished":"2025-05-12T18:49:59+00:00","dateModified":"2025-05-12T22:52:51+00:00","mainEntityOfPage":{"@id":"https:\/\/www.institutodeengenharia.org.br\/site\/2025\/05\/12\/carta-aberta-instituto-de-engenharia\/"},"wordCount":806,"commentCount":0,"publisher":{"@id":"https:\/\/www.institutodeengenharia.org.br\/site\/#organization"},"image":{"@id":"https:\/\/www.institutodeengenharia.org.br\/site\/2025\/05\/12\/carta-aberta-instituto-de-engenharia\/#primaryimage"},"thumbnailUrl":"https:\/\/www.institutodeengenharia.org.br\/site\/wp-content\/uploads\/2025\/05\/carta-aberta.png","articleSection":["Instituto de Engenharia","Not\u00edcias"],"inLanguage":"pt-BR","potentialAction":[{"@type":"CommentAction","name":"Comment","target":["https:\/\/www.institutodeengenharia.org.br\/site\/2025\/05\/12\/carta-aberta-instituto-de-engenharia\/#respond"]}]},{"@type":"WebPage","@id":"https:\/\/www.institutodeengenharia.org.br\/site\/2025\/05\/12\/carta-aberta-instituto-de-engenharia\/","url":"https:\/\/www.institutodeengenharia.org.br\/site\/2025\/05\/12\/carta-aberta-instituto-de-engenharia\/","name":"Carta aberta do Instituto de Engenharia a R\u00e1dio Bandeirantes e ao jornalista Cl\u00e1udio Humberto - Instituto de Engenharia","isPartOf":{"@id":"https:\/\/www.institutodeengenharia.org.br\/site\/#website"},"primaryImageOfPage":{"@id":"https:\/\/www.institutodeengenharia.org.br\/site\/2025\/05\/12\/carta-aberta-instituto-de-engenharia\/#primaryimage"},"image":{"@id":"https:\/\/www.institutodeengenharia.org.br\/site\/2025\/05\/12\/carta-aberta-instituto-de-engenharia\/#primaryimage"},"thumbnailUrl":"https:\/\/www.institutodeengenharia.org.br\/site\/wp-content\/uploads\/2025\/05\/carta-aberta.png","datePublished":"2025-05-12T18:49:59+00:00","dateModified":"2025-05-12T22:52:51+00:00","breadcrumb":{"@id":"https:\/\/www.institutodeengenharia.org.br\/site\/2025\/05\/12\/carta-aberta-instituto-de-engenharia\/#breadcrumb"},"inLanguage":"pt-BR","potentialAction":[{"@type":"ReadAction","target":["https:\/\/www.institutodeengenharia.org.br\/site\/2025\/05\/12\/carta-aberta-instituto-de-engenharia\/"]}]},{"@type":"ImageObject","inLanguage":"pt-BR","@id":"https:\/\/www.institutodeengenharia.org.br\/site\/2025\/05\/12\/carta-aberta-instituto-de-engenharia\/#primaryimage","url":"https:\/\/www.institutodeengenharia.org.br\/site\/wp-content\/uploads\/2025\/05\/carta-aberta.png","contentUrl":"https:\/\/www.institutodeengenharia.org.br\/site\/wp-content\/uploads\/2025\/05\/carta-aberta.png","width":418,"height":282},{"@type":"BreadcrumbList","@id":"https:\/\/www.institutodeengenharia.org.br\/site\/2025\/05\/12\/carta-aberta-instituto-de-engenharia\/#breadcrumb","itemListElement":[{"@type":"ListItem","position":1,"name":"In\u00edcio","item":"https:\/\/www.institutodeengenharia.org.br\/site\/"},{"@type":"ListItem","position":2,"name":"Carta aberta do Instituto de Engenharia a R\u00e1dio Bandeirantes e ao jornalista Cl\u00e1udio Humberto"}]},{"@type":"WebSite","@id":"https:\/\/www.institutodeengenharia.org.br\/site\/#website","url":"https:\/\/www.institutodeengenharia.org.br\/site\/","name":"Instituto de Engenharia","description":"O Instituto de Engenharia promove a Engenharia em benef\u00edcio do desenvolvimento e da qualidade de vida da sociedade.","publisher":{"@id":"https:\/\/www.institutodeengenharia.org.br\/site\/#organization"},"potentialAction":[{"@type":"SearchAction","target":{"@type":"EntryPoint","urlTemplate":"https:\/\/www.institutodeengenharia.org.br\/site\/?s={search_term_string}"},"query-input":{"@type":"PropertyValueSpecification","valueRequired":true,"valueName":"search_term_string"}}],"inLanguage":"pt-BR"},{"@type":"Organization","@id":"https:\/\/www.institutodeengenharia.org.br\/site\/#organization","name":"Instituto de Engenharia","url":"https:\/\/www.institutodeengenharia.org.br\/site\/","logo":{"@type":"ImageObject","inLanguage":"pt-BR","@id":"https:\/\/www.institutodeengenharia.org.br\/site\/#\/schema\/logo\/image\/","url":"https:\/\/www.institutodeengenharia.org.br\/site\/wp-content\/uploads\/2019\/03\/logo-novo-IE2018-1.jpg","contentUrl":"https:\/\/www.institutodeengenharia.org.br\/site\/wp-content\/uploads\/2019\/03\/logo-novo-IE2018-1.jpg","width":1486,"height":1879,"caption":"Instituto de Engenharia"},"image":{"@id":"https:\/\/www.institutodeengenharia.org.br\/site\/#\/schema\/logo\/image\/"},"sameAs":["https:\/\/www.facebook.com\/institutodeengenharia","https:\/\/x.com\/iengenharia","https:\/\/www.instagram.com\/institutodeengenharia\/","https:\/\/www.linkedin.com\/company\/instituto-de-engenharia\/","https:\/\/www.youtube.com\/channel\/UCXiCAlsSMe977vamW915HxA"]},{"@type":"Person","@id":"https:\/\/www.institutodeengenharia.org.br\/site\/#\/schema\/person\/593dc356630173a4877a635d3e5fd76b","name":"Isabel","image":{"@type":"ImageObject","inLanguage":"pt-BR","@id":"https:\/\/secure.gravatar.com\/avatar\/f3c521db63ec9db17894f10a88c6a3cf95b2281d7f80eeb3cf3ef1cb091576e7?s=96&d=mm&r=g","url":"https:\/\/secure.gravatar.com\/avatar\/f3c521db63ec9db17894f10a88c6a3cf95b2281d7f80eeb3cf3ef1cb091576e7?s=96&d=mm&r=g","contentUrl":"https:\/\/secure.gravatar.com\/avatar\/f3c521db63ec9db17894f10a88c6a3cf95b2281d7f80eeb3cf3ef1cb091576e7?s=96&d=mm&r=g","caption":"Isabel"},"url":"https:\/\/www.institutodeengenharia.org.br\/site\/author\/comunicacao2\/"}]}},"_links":{"self":[{"href":"https:\/\/www.institutodeengenharia.org.br\/site\/wp-json\/wp\/v2\/posts\/128593","targetHints":{"allow":["GET"]}}],"collection":[{"href":"https:\/\/www.institutodeengenharia.org.br\/site\/wp-json\/wp\/v2\/posts"}],"about":[{"href":"https:\/\/www.institutodeengenharia.org.br\/site\/wp-json\/wp\/v2\/types\/post"}],"author":[{"embeddable":true,"href":"https:\/\/www.institutodeengenharia.org.br\/site\/wp-json\/wp\/v2\/users\/14"}],"replies":[{"embeddable":true,"href":"https:\/\/www.institutodeengenharia.org.br\/site\/wp-json\/wp\/v2\/comments?post=128593"}],"version-history":[{"count":6,"href":"https:\/\/www.institutodeengenharia.org.br\/site\/wp-json\/wp\/v2\/posts\/128593\/revisions"}],"predecessor-version":[{"id":128612,"href":"https:\/\/www.institutodeengenharia.org.br\/site\/wp-json\/wp\/v2\/posts\/128593\/revisions\/128612"}],"wp:featuredmedia":[{"embeddable":true,"href":"https:\/\/www.institutodeengenharia.org.br\/site\/wp-json\/wp\/v2\/media\/128594"}],"wp:attachment":[{"href":"https:\/\/www.institutodeengenharia.org.br\/site\/wp-json\/wp\/v2\/media?parent=128593"}],"wp:term":[{"taxonomy":"category","embeddable":true,"href":"https:\/\/www.institutodeengenharia.org.br\/site\/wp-json\/wp\/v2\/categories?post=128593"},{"taxonomy":"post_tag","embeddable":true,"href":"https:\/\/www.institutodeengenharia.org.br\/site\/wp-json\/wp\/v2\/tags?post=128593"}],"curies":[{"name":"wp","href":"https:\/\/api.w.org\/{rel}","templated":true}]}}