{"id":128542,"date":"2025-05-09T12:40:04","date_gmt":"2025-05-09T15:40:04","guid":{"rendered":"https:\/\/www.institutodeengenharia.org.br\/site\/?p=128542"},"modified":"2025-05-22T10:18:49","modified_gmt":"2025-05-22T13:18:49","slug":"empossado-novo-presidente-do-conselho-consultivo-do-ie","status":"publish","type":"post","link":"https:\/\/www.institutodeengenharia.org.br\/site\/2025\/05\/09\/empossado-novo-presidente-do-conselho-consultivo-do-ie\/","title":{"rendered":"Empossado novo presidente do Conselho Consultivo do IE"},"content":{"rendered":"<p>Foram empossados nesta quinta (8), durante reuni\u00e3o ordin\u00e1ria do Conselho Consultivo, os novos dirigentes deste conselho para a gest\u00e3o 2025\/2026. S\u00e3o eles.<\/p>\n<p><strong>Presidente do Conselho Consultivo<\/strong> &#8211; Alfredo Savelli<br \/>\n<strong>Vice-presidente do Conselho Consultivo<\/strong> &#8211; Paulo Ferreira<br \/>\n<strong>Secret\u00e1rio<\/strong> &#8211; Jo\u00e3o Ernesto Figueiredo<\/p>\n<p style=\"text-align: center;\"><strong>Conhe\u00e7a os empossados:<\/strong><\/p>\n<p><img loading=\"lazy\" decoding=\"async\" class=\"wp-image-126783 alignleft\" src=\"https:\/\/www.institutodeengenharia.org.br\/site\/wp-content\/uploads\/2025\/02\/alfredo-mario-savelli.png\" alt=\"\" width=\"197\" height=\"252\" srcset=\"https:\/\/www.institutodeengenharia.org.br\/site\/wp-content\/uploads\/2025\/02\/alfredo-mario-savelli.png 238w, https:\/\/www.institutodeengenharia.org.br\/site\/wp-content\/uploads\/2025\/02\/alfredo-mario-savelli-234x300.png 234w\" sizes=\"auto, (max-width: 197px) 100vw, 197px\" \/><strong>Alfredo Savelli &#8211;\u00a0<\/strong>Membro da Academia Nacional de Engenharia desde 1994. Mestre em Engenharia Civil pela Escola Polit\u00e9cnica da Universidade S\u00e3o Paulo. Disserta\u00e7\u00e3o: Subs\u00eddios para implementa\u00e7\u00e3o de parceria p\u00fablico privada PPP &#8211; 2003. Doutor em Arquitetura e Urbanismo pela Universidade Presbiteriana Mackenzie. Tese: Estrat\u00e9gia para o aperfei\u00e7oamento dos mecanismos extra tribut\u00e1rios voltados a melhoria urban\u00edstica no Munic\u00edpio de S\u00e3o Paulo \u2013 2009. Atividade P\u00fablica: Presidente do Instituto de Engenharia IE \u2013 1993\/97. Secret\u00e1rio das Administra\u00e7\u00f5es Regionais da PMSP \u2013 1997\/98. Secret\u00e1rio de Vias P\u00fablicas da PMSP \u2013 1998\/99. Secret\u00e1rio de Servi\u00e7os e Obras da PMSP \u2013 1998\/99. Presidente da EMURB Empresa Municipal de Urbaniza\u00e7\u00e3o PMSP \u2013 1998\/99 &#8211; Magist\u00e9rio (Plataforma Lates \u2013 CNPQ) Professor Titular disciplina Planejamento e T\u00e9cnicas de Constru\u00e7\u00e3o Pesada pela Escola de Engenharia da Universidade Presbiteriana Mackenzie -1966 a 2019. Professor Titular disciplina Urbanismo da Escola de Engenharia da Universidade Presbiteriana Mackenzie &#8211; 2011 a 2018. Atividade Profissional: Engenheiro Civil pela Escola de Engenharia da Universidade Presbiteriana Mackenzie \u2013 1960. Engenheiro Industrial pela Escola de Engenharia da Universidade Presbiteriana Mackenzie \u2013 1960. Executor de pontes, viadutos, portos, hidrel\u00e9tricas, rodovias, metr\u00f4, edifica\u00e7\u00f5es, saneamento, conjuntos habitacionais, obras industriais &#8211; 1960\/ 86. Superintendente da Auditoria T\u00e9cnica na constru\u00e7\u00e3o da Ponte Rio Niter\u00f3i- 1970. Engenheiro Superintendente das obras das esta\u00e7\u00f5es: Jabaquara, Concei\u00e7\u00e3o, S\u00e3o Judas, Sa\u00fade, Vila Mariana, Ana Rosa, Vergueiro e S\u00e3o Joaquim e seis mil metros de t\u00faneis Linha Azul do Metr\u00f4 de S\u00e3o Paulo \u2013 1971\/72 (acervo t\u00e9cnico CREA &#8211; SP) Executor de projetos de edifica\u00e7\u00f5es, pontes, viadutos, rodovias, metr\u00f4, saneamento de 1986 a 1997 e de 2000 a 2024 (acervo t\u00e9cnico CREA-SP).<\/p>\n<p style=\"text-align: right;\"><strong>Paulo Ferreira &#8211; <img loading=\"lazy\" decoding=\"async\" class=\" wp-image-77759 alignright\" src=\"https:\/\/www.institutodeengenharia.org.br\/site\/wp-content\/uploads\/2021\/02\/Paulo-Ferreira.jpg\" alt=\"\" width=\"212\" height=\"250\" srcset=\"https:\/\/www.institutodeengenharia.org.br\/site\/wp-content\/uploads\/2021\/02\/Paulo-Ferreira.jpg 606w, https:\/\/www.institutodeengenharia.org.br\/site\/wp-content\/uploads\/2021\/02\/Paulo-Ferreira-254x300.jpg 254w, https:\/\/www.institutodeengenharia.org.br\/site\/wp-content\/uploads\/2021\/02\/Paulo-Ferreira-356x420.jpg 356w, https:\/\/www.institutodeengenharia.org.br\/site\/wp-content\/uploads\/2021\/02\/Paulo-Ferreira-600x708.jpg 600w\" sizes=\"auto, (max-width: 212px) 100vw, 212px\" \/><\/strong> Engenheiro Civil pela Escola de Engenharia da Universidade Presbiteriana Mackenzie, mestre e doutor pela Escola Polit\u00e9cnica da Universidade de S\u00e3o Paulo (EPUSP), Paulo Ferreira j\u00e1 foi vice-presidente de Atividades T\u00e9cnicas do Instituto de Engenharia (2017-2018) e faz parte do Conselho Consultivo da Casa.<\/p>\n<p>Em sua vida profissional, at\u00e9 2020, foi professor adjunto da Escola de Engenharia Mackenzie; foi engenheiro de Planejamento, coordenador de Projetos, superintendente de Projetos, diretor T\u00e9cnico e de Meio Ambiente da Sabesp; diretor de Controle de Polui\u00e7\u00e3o da Cetesb; secret\u00e1rio adjunto de Meio Ambiente do Estado de S\u00e3o Paulo, secret\u00e1rio Nacional de Saneamento Ambiental do Minist\u00e9rio das Cidades, diretor Administrativo e Financeiro da Telebras (Minist\u00e9rio das Comunica\u00e7\u00f5es).<\/p>\n<p>Na oportunidade, o ent\u00e3o presidente, Eduardo Lafraia (2017-2018\/2019-2020), entregou a Paulo Ferreira o caderno<strong>\u00a0\u201cOlhar para o Futuro\u201d\u00a0<\/strong>no qual est\u00e3o agrupados os direcionadores estrat\u00e9gicos com a\u00e7\u00f5es de sua diretoria \u2013 desenvolvidas ou projetadas no decorrer dos quatro anos de mandato \u2013 com uma linha de condu\u00e7\u00e3o a longo prazo, como apoio \u00e0 atual a gest\u00e3o.<\/p>\n<p>De 2021 a 2022, foi presidente do Instituto de Engenharia.<\/p>\n<p><strong><img loading=\"lazy\" decoding=\"async\" class=\" wp-image-77819 alignleft\" src=\"https:\/\/www.institutodeengenharia.org.br\/site\/wp-content\/uploads\/2021\/02\/Joao-ernesto-figueiredo.jpg\" alt=\"\" width=\"216\" height=\"229\" \/>Jo\u00e3o Ernesto Figueiredo<\/strong> &#8211; 1) Engenheiro Civil Poli 65<br \/>\n2) P\u00f3s-gradua\u00e7\u00e3o Poli<br \/>\n3) Brasconsult Eng\u00aa de Projetos 1966\/70<br \/>\n4) Banco Central do Brasil, Assessoria do Presidente Rui Aguiar da Silva Leme 1967\/68<br \/>\n5) Investbanco Chefe de Setor Abertura de Capitais 1971\/72<br \/>\n6) Banco Denasa de Investimento Diretor 1972\/84<br \/>\n7) First Chicago Banco Diretor 1984\/86<br \/>\n8) Banca Nazionalle del Lavoro Diretor 1986\/88<br \/>\n9) Consultor de mais de 30 empresas entre 1989 e 2025<br \/>\n10) Diretor de diversas entidades do 3\u00ba setor<br \/>\n11) Diretor Financeiro de 7 Presidentes do Instituto de Engenharia<br \/>\n12) 1\u00ba Vice Presidente de Eduardo Lafraia no Instituto de Engenharia<\/p>\n<p>&nbsp;<\/p>\n","protected":false},"excerpt":{"rendered":"<p>Foram empossados nesta quinta (8), durante reuni\u00e3o ordin\u00e1ria do Conselho Consultivo, os novos dirigentes deste conselho para a gest\u00e3o 2025\/2026. S\u00e3o eles. Presidente do Conselho Consultivo &#8211; Alfredo Savelli Vice-presidente do Conselho Consultivo &#8211; Paulo Ferreira Secret\u00e1rio &#8211; Jo\u00e3o Ernesto Figueiredo Conhe\u00e7a os empossados: Alfredo Savelli &#8211;\u00a0Membro da Academia Nacional de Engenharia desde 1994. Mestre [&hellip;]<\/p>\n","protected":false},"author":14,"featured_media":128543,"comment_status":"open","ping_status":"open","sticky":false,"template":"","format":"standard","meta":{"footnotes":""},"categories":[27,6],"tags":[],"class_list":{"0":"post-128542","1":"post","2":"type-post","3":"status-publish","4":"format-standard","5":"has-post-thumbnail","7":"category-instituto-de-engenharia","8":"category-noticias"},"yoast_head":"<!-- This site is optimized with the Yoast SEO plugin v27.2 - https:\/\/yoast.com\/product\/yoast-seo-wordpress\/ -->\n<title>Empossado novo presidente do Conselho Consultivo do IE - Instituto de Engenharia<\/title>\n<meta name=\"robots\" content=\"index, follow, max-snippet:-1, max-image-preview:large, max-video-preview:-1\" \/>\n<link rel=\"canonical\" href=\"https:\/\/www.institutodeengenharia.org.br\/site\/2025\/05\/09\/empossado-novo-presidente-do-conselho-consultivo-do-ie\/\" \/>\n<meta property=\"og:locale\" content=\"pt_BR\" \/>\n<meta property=\"og:type\" content=\"article\" \/>\n<meta property=\"og:title\" content=\"Empossado novo presidente do Conselho Consultivo do IE - Instituto de Engenharia\" \/>\n<meta property=\"og:description\" content=\"Foram empossados nesta quinta (8), durante reuni\u00e3o ordin\u00e1ria do Conselho Consultivo, os novos dirigentes deste conselho para a gest\u00e3o 2025\/2026. S\u00e3o eles. Presidente do Conselho Consultivo &#8211; Alfredo Savelli Vice-presidente do Conselho Consultivo &#8211; Paulo Ferreira Secret\u00e1rio &#8211; Jo\u00e3o Ernesto Figueiredo Conhe\u00e7a os empossados: Alfredo Savelli &#8211;\u00a0Membro da Academia Nacional de Engenharia desde 1994. Mestre [&hellip;]\" \/>\n<meta property=\"og:url\" content=\"https:\/\/www.institutodeengenharia.org.br\/site\/2025\/05\/09\/empossado-novo-presidente-do-conselho-consultivo-do-ie\/\" \/>\n<meta property=\"og:site_name\" content=\"Instituto de Engenharia\" \/>\n<meta property=\"article:publisher\" content=\"https:\/\/www.facebook.com\/institutodeengenharia\" \/>\n<meta property=\"article:published_time\" content=\"2025-05-09T15:40:04+00:00\" \/>\n<meta property=\"article:modified_time\" content=\"2025-05-22T13:18:49+00:00\" \/>\n<meta property=\"og:image\" content=\"https:\/\/www.institutodeengenharia.org.br\/site\/wp-content\/uploads\/2025\/05\/WhatsApp-Image-2025-05-08-at-19.25.00.jpeg\" \/>\n\t<meta property=\"og:image:width\" content=\"1600\" \/>\n\t<meta property=\"og:image:height\" content=\"1200\" \/>\n\t<meta property=\"og:image:type\" content=\"image\/jpeg\" \/>\n<meta name=\"author\" content=\"Isabel\" \/>\n<meta name=\"twitter:card\" content=\"summary_large_image\" \/>\n<meta name=\"twitter:creator\" content=\"@iengenharia\" \/>\n<meta name=\"twitter:site\" content=\"@iengenharia\" \/>\n<meta name=\"twitter:label1\" content=\"Escrito por\" \/>\n\t<meta name=\"twitter:data1\" content=\"Isabel\" \/>\n\t<meta name=\"twitter:label2\" content=\"Est. tempo de leitura\" \/>\n\t<meta name=\"twitter:data2\" content=\"4 minutos\" \/>\n<script type=\"application\/ld+json\" class=\"yoast-schema-graph\">{\"@context\":\"https:\/\/schema.org\",\"@graph\":[{\"@type\":\"Article\",\"@id\":\"https:\/\/www.institutodeengenharia.org.br\/site\/2025\/05\/09\/empossado-novo-presidente-do-conselho-consultivo-do-ie\/#article\",\"isPartOf\":{\"@id\":\"https:\/\/www.institutodeengenharia.org.br\/site\/2025\/05\/09\/empossado-novo-presidente-do-conselho-consultivo-do-ie\/\"},\"author\":{\"name\":\"Isabel\",\"@id\":\"https:\/\/www.institutodeengenharia.org.br\/site\/#\/schema\/person\/593dc356630173a4877a635d3e5fd76b\"},\"headline\":\"Empossado novo presidente do Conselho Consultivo do IE\",\"datePublished\":\"2025-05-09T15:40:04+00:00\",\"dateModified\":\"2025-05-22T13:18:49+00:00\",\"mainEntityOfPage\":{\"@id\":\"https:\/\/www.institutodeengenharia.org.br\/site\/2025\/05\/09\/empossado-novo-presidente-do-conselho-consultivo-do-ie\/\"},\"wordCount\":599,\"commentCount\":0,\"publisher\":{\"@id\":\"https:\/\/www.institutodeengenharia.org.br\/site\/#organization\"},\"image\":{\"@id\":\"https:\/\/www.institutodeengenharia.org.br\/site\/2025\/05\/09\/empossado-novo-presidente-do-conselho-consultivo-do-ie\/#primaryimage\"},\"thumbnailUrl\":\"https:\/\/www.institutodeengenharia.org.br\/site\/wp-content\/uploads\/2025\/05\/WhatsApp-Image-2025-05-08-at-19.25.00.jpeg\",\"articleSection\":[\"Instituto de Engenharia\",\"Not\u00edcias\"],\"inLanguage\":\"pt-BR\",\"potentialAction\":[{\"@type\":\"CommentAction\",\"name\":\"Comment\",\"target\":[\"https:\/\/www.institutodeengenharia.org.br\/site\/2025\/05\/09\/empossado-novo-presidente-do-conselho-consultivo-do-ie\/#respond\"]}]},{\"@type\":\"WebPage\",\"@id\":\"https:\/\/www.institutodeengenharia.org.br\/site\/2025\/05\/09\/empossado-novo-presidente-do-conselho-consultivo-do-ie\/\",\"url\":\"https:\/\/www.institutodeengenharia.org.br\/site\/2025\/05\/09\/empossado-novo-presidente-do-conselho-consultivo-do-ie\/\",\"name\":\"Empossado novo presidente do Conselho Consultivo do IE - Instituto de Engenharia\",\"isPartOf\":{\"@id\":\"https:\/\/www.institutodeengenharia.org.br\/site\/#website\"},\"primaryImageOfPage\":{\"@id\":\"https:\/\/www.institutodeengenharia.org.br\/site\/2025\/05\/09\/empossado-novo-presidente-do-conselho-consultivo-do-ie\/#primaryimage\"},\"image\":{\"@id\":\"https:\/\/www.institutodeengenharia.org.br\/site\/2025\/05\/09\/empossado-novo-presidente-do-conselho-consultivo-do-ie\/#primaryimage\"},\"thumbnailUrl\":\"https:\/\/www.institutodeengenharia.org.br\/site\/wp-content\/uploads\/2025\/05\/WhatsApp-Image-2025-05-08-at-19.25.00.jpeg\",\"datePublished\":\"2025-05-09T15:40:04+00:00\",\"dateModified\":\"2025-05-22T13:18:49+00:00\",\"breadcrumb\":{\"@id\":\"https:\/\/www.institutodeengenharia.org.br\/site\/2025\/05\/09\/empossado-novo-presidente-do-conselho-consultivo-do-ie\/#breadcrumb\"},\"inLanguage\":\"pt-BR\",\"potentialAction\":[{\"@type\":\"ReadAction\",\"target\":[\"https:\/\/www.institutodeengenharia.org.br\/site\/2025\/05\/09\/empossado-novo-presidente-do-conselho-consultivo-do-ie\/\"]}]},{\"@type\":\"ImageObject\",\"inLanguage\":\"pt-BR\",\"@id\":\"https:\/\/www.institutodeengenharia.org.br\/site\/2025\/05\/09\/empossado-novo-presidente-do-conselho-consultivo-do-ie\/#primaryimage\",\"url\":\"https:\/\/www.institutodeengenharia.org.br\/site\/wp-content\/uploads\/2025\/05\/WhatsApp-Image-2025-05-08-at-19.25.00.jpeg\",\"contentUrl\":\"https:\/\/www.institutodeengenharia.org.br\/site\/wp-content\/uploads\/2025\/05\/WhatsApp-Image-2025-05-08-at-19.25.00.jpeg\",\"width\":1600,\"height\":1200,\"caption\":\"Ao centro, Alfredo Savelli, novo presidente d =o Conselho Consultivo do IE, ao lado de Rui Camargo (\u00e0 dir.), que passa o cargo, e o ent\u00e3o secret\u00e1rio, Luiz Felipe Proost de Souza\"},{\"@type\":\"BreadcrumbList\",\"@id\":\"https:\/\/www.institutodeengenharia.org.br\/site\/2025\/05\/09\/empossado-novo-presidente-do-conselho-consultivo-do-ie\/#breadcrumb\",\"itemListElement\":[{\"@type\":\"ListItem\",\"position\":1,\"name\":\"In\u00edcio\",\"item\":\"https:\/\/www.institutodeengenharia.org.br\/site\/\"},{\"@type\":\"ListItem\",\"position\":2,\"name\":\"Empossado novo presidente do Conselho Consultivo do IE\"}]},{\"@type\":\"WebSite\",\"@id\":\"https:\/\/www.institutodeengenharia.org.br\/site\/#website\",\"url\":\"https:\/\/www.institutodeengenharia.org.br\/site\/\",\"name\":\"Instituto de Engenharia\",\"description\":\"O Instituto de Engenharia promove a Engenharia em benef\u00edcio do desenvolvimento e da qualidade de vida da sociedade.\",\"publisher\":{\"@id\":\"https:\/\/www.institutodeengenharia.org.br\/site\/#organization\"},\"potentialAction\":[{\"@type\":\"SearchAction\",\"target\":{\"@type\":\"EntryPoint\",\"urlTemplate\":\"https:\/\/www.institutodeengenharia.org.br\/site\/?s={search_term_string}\"},\"query-input\":{\"@type\":\"PropertyValueSpecification\",\"valueRequired\":true,\"valueName\":\"search_term_string\"}}],\"inLanguage\":\"pt-BR\"},{\"@type\":\"Organization\",\"@id\":\"https:\/\/www.institutodeengenharia.org.br\/site\/#organization\",\"name\":\"Instituto de Engenharia\",\"url\":\"https:\/\/www.institutodeengenharia.org.br\/site\/\",\"logo\":{\"@type\":\"ImageObject\",\"inLanguage\":\"pt-BR\",\"@id\":\"https:\/\/www.institutodeengenharia.org.br\/site\/#\/schema\/logo\/image\/\",\"url\":\"https:\/\/www.institutodeengenharia.org.br\/site\/wp-content\/uploads\/2019\/03\/logo-novo-IE2018-1.jpg\",\"contentUrl\":\"https:\/\/www.institutodeengenharia.org.br\/site\/wp-content\/uploads\/2019\/03\/logo-novo-IE2018-1.jpg\",\"width\":1486,\"height\":1879,\"caption\":\"Instituto de Engenharia\"},\"image\":{\"@id\":\"https:\/\/www.institutodeengenharia.org.br\/site\/#\/schema\/logo\/image\/\"},\"sameAs\":[\"https:\/\/www.facebook.com\/institutodeengenharia\",\"https:\/\/x.com\/iengenharia\",\"https:\/\/www.instagram.com\/institutodeengenharia\/\",\"https:\/\/www.linkedin.com\/company\/instituto-de-engenharia\/\",\"https:\/\/www.youtube.com\/channel\/UCXiCAlsSMe977vamW915HxA\"]},{\"@type\":\"Person\",\"@id\":\"https:\/\/www.institutodeengenharia.org.br\/site\/#\/schema\/person\/593dc356630173a4877a635d3e5fd76b\",\"name\":\"Isabel\",\"image\":{\"@type\":\"ImageObject\",\"inLanguage\":\"pt-BR\",\"@id\":\"https:\/\/secure.gravatar.com\/avatar\/f3c521db63ec9db17894f10a88c6a3cf95b2281d7f80eeb3cf3ef1cb091576e7?s=96&d=mm&r=g\",\"url\":\"https:\/\/secure.gravatar.com\/avatar\/f3c521db63ec9db17894f10a88c6a3cf95b2281d7f80eeb3cf3ef1cb091576e7?s=96&d=mm&r=g\",\"contentUrl\":\"https:\/\/secure.gravatar.com\/avatar\/f3c521db63ec9db17894f10a88c6a3cf95b2281d7f80eeb3cf3ef1cb091576e7?s=96&d=mm&r=g\",\"caption\":\"Isabel\"},\"url\":\"https:\/\/www.institutodeengenharia.org.br\/site\/author\/comunicacao2\/\"}]}<\/script>\n<!-- \/ Yoast SEO plugin. -->","yoast_head_json":{"title":"Empossado novo presidente do Conselho Consultivo do IE - Instituto de Engenharia","robots":{"index":"index","follow":"follow","max-snippet":"max-snippet:-1","max-image-preview":"max-image-preview:large","max-video-preview":"max-video-preview:-1"},"canonical":"https:\/\/www.institutodeengenharia.org.br\/site\/2025\/05\/09\/empossado-novo-presidente-do-conselho-consultivo-do-ie\/","og_locale":"pt_BR","og_type":"article","og_title":"Empossado novo presidente do Conselho Consultivo do IE - Instituto de Engenharia","og_description":"Foram empossados nesta quinta (8), durante reuni\u00e3o ordin\u00e1ria do Conselho Consultivo, os novos dirigentes deste conselho para a gest\u00e3o 2025\/2026. S\u00e3o eles. Presidente do Conselho Consultivo &#8211; Alfredo Savelli Vice-presidente do Conselho Consultivo &#8211; Paulo Ferreira Secret\u00e1rio &#8211; Jo\u00e3o Ernesto Figueiredo Conhe\u00e7a os empossados: Alfredo Savelli &#8211;\u00a0Membro da Academia Nacional de Engenharia desde 1994. Mestre [&hellip;]","og_url":"https:\/\/www.institutodeengenharia.org.br\/site\/2025\/05\/09\/empossado-novo-presidente-do-conselho-consultivo-do-ie\/","og_site_name":"Instituto de Engenharia","article_publisher":"https:\/\/www.facebook.com\/institutodeengenharia","article_published_time":"2025-05-09T15:40:04+00:00","article_modified_time":"2025-05-22T13:18:49+00:00","og_image":[{"width":1600,"height":1200,"url":"https:\/\/www.institutodeengenharia.org.br\/site\/wp-content\/uploads\/2025\/05\/WhatsApp-Image-2025-05-08-at-19.25.00.jpeg","type":"image\/jpeg"}],"author":"Isabel","twitter_card":"summary_large_image","twitter_creator":"@iengenharia","twitter_site":"@iengenharia","twitter_misc":{"Escrito por":"Isabel","Est. tempo de leitura":"4 minutos"},"schema":{"@context":"https:\/\/schema.org","@graph":[{"@type":"Article","@id":"https:\/\/www.institutodeengenharia.org.br\/site\/2025\/05\/09\/empossado-novo-presidente-do-conselho-consultivo-do-ie\/#article","isPartOf":{"@id":"https:\/\/www.institutodeengenharia.org.br\/site\/2025\/05\/09\/empossado-novo-presidente-do-conselho-consultivo-do-ie\/"},"author":{"name":"Isabel","@id":"https:\/\/www.institutodeengenharia.org.br\/site\/#\/schema\/person\/593dc356630173a4877a635d3e5fd76b"},"headline":"Empossado novo presidente do Conselho Consultivo do IE","datePublished":"2025-05-09T15:40:04+00:00","dateModified":"2025-05-22T13:18:49+00:00","mainEntityOfPage":{"@id":"https:\/\/www.institutodeengenharia.org.br\/site\/2025\/05\/09\/empossado-novo-presidente-do-conselho-consultivo-do-ie\/"},"wordCount":599,"commentCount":0,"publisher":{"@id":"https:\/\/www.institutodeengenharia.org.br\/site\/#organization"},"image":{"@id":"https:\/\/www.institutodeengenharia.org.br\/site\/2025\/05\/09\/empossado-novo-presidente-do-conselho-consultivo-do-ie\/#primaryimage"},"thumbnailUrl":"https:\/\/www.institutodeengenharia.org.br\/site\/wp-content\/uploads\/2025\/05\/WhatsApp-Image-2025-05-08-at-19.25.00.jpeg","articleSection":["Instituto de Engenharia","Not\u00edcias"],"inLanguage":"pt-BR","potentialAction":[{"@type":"CommentAction","name":"Comment","target":["https:\/\/www.institutodeengenharia.org.br\/site\/2025\/05\/09\/empossado-novo-presidente-do-conselho-consultivo-do-ie\/#respond"]}]},{"@type":"WebPage","@id":"https:\/\/www.institutodeengenharia.org.br\/site\/2025\/05\/09\/empossado-novo-presidente-do-conselho-consultivo-do-ie\/","url":"https:\/\/www.institutodeengenharia.org.br\/site\/2025\/05\/09\/empossado-novo-presidente-do-conselho-consultivo-do-ie\/","name":"Empossado novo presidente do Conselho Consultivo do IE - Instituto de Engenharia","isPartOf":{"@id":"https:\/\/www.institutodeengenharia.org.br\/site\/#website"},"primaryImageOfPage":{"@id":"https:\/\/www.institutodeengenharia.org.br\/site\/2025\/05\/09\/empossado-novo-presidente-do-conselho-consultivo-do-ie\/#primaryimage"},"image":{"@id":"https:\/\/www.institutodeengenharia.org.br\/site\/2025\/05\/09\/empossado-novo-presidente-do-conselho-consultivo-do-ie\/#primaryimage"},"thumbnailUrl":"https:\/\/www.institutodeengenharia.org.br\/site\/wp-content\/uploads\/2025\/05\/WhatsApp-Image-2025-05-08-at-19.25.00.jpeg","datePublished":"2025-05-09T15:40:04+00:00","dateModified":"2025-05-22T13:18:49+00:00","breadcrumb":{"@id":"https:\/\/www.institutodeengenharia.org.br\/site\/2025\/05\/09\/empossado-novo-presidente-do-conselho-consultivo-do-ie\/#breadcrumb"},"inLanguage":"pt-BR","potentialAction":[{"@type":"ReadAction","target":["https:\/\/www.institutodeengenharia.org.br\/site\/2025\/05\/09\/empossado-novo-presidente-do-conselho-consultivo-do-ie\/"]}]},{"@type":"ImageObject","inLanguage":"pt-BR","@id":"https:\/\/www.institutodeengenharia.org.br\/site\/2025\/05\/09\/empossado-novo-presidente-do-conselho-consultivo-do-ie\/#primaryimage","url":"https:\/\/www.institutodeengenharia.org.br\/site\/wp-content\/uploads\/2025\/05\/WhatsApp-Image-2025-05-08-at-19.25.00.jpeg","contentUrl":"https:\/\/www.institutodeengenharia.org.br\/site\/wp-content\/uploads\/2025\/05\/WhatsApp-Image-2025-05-08-at-19.25.00.jpeg","width":1600,"height":1200,"caption":"Ao centro, Alfredo Savelli, novo presidente d =o Conselho Consultivo do IE, ao lado de Rui Camargo (\u00e0 dir.), que passa o cargo, e o ent\u00e3o secret\u00e1rio, Luiz Felipe Proost de Souza"},{"@type":"BreadcrumbList","@id":"https:\/\/www.institutodeengenharia.org.br\/site\/2025\/05\/09\/empossado-novo-presidente-do-conselho-consultivo-do-ie\/#breadcrumb","itemListElement":[{"@type":"ListItem","position":1,"name":"In\u00edcio","item":"https:\/\/www.institutodeengenharia.org.br\/site\/"},{"@type":"ListItem","position":2,"name":"Empossado novo presidente do Conselho Consultivo do IE"}]},{"@type":"WebSite","@id":"https:\/\/www.institutodeengenharia.org.br\/site\/#website","url":"https:\/\/www.institutodeengenharia.org.br\/site\/","name":"Instituto de Engenharia","description":"O Instituto de Engenharia promove a Engenharia em benef\u00edcio do desenvolvimento e da qualidade de vida da sociedade.","publisher":{"@id":"https:\/\/www.institutodeengenharia.org.br\/site\/#organization"},"potentialAction":[{"@type":"SearchAction","target":{"@type":"EntryPoint","urlTemplate":"https:\/\/www.institutodeengenharia.org.br\/site\/?s={search_term_string}"},"query-input":{"@type":"PropertyValueSpecification","valueRequired":true,"valueName":"search_term_string"}}],"inLanguage":"pt-BR"},{"@type":"Organization","@id":"https:\/\/www.institutodeengenharia.org.br\/site\/#organization","name":"Instituto de Engenharia","url":"https:\/\/www.institutodeengenharia.org.br\/site\/","logo":{"@type":"ImageObject","inLanguage":"pt-BR","@id":"https:\/\/www.institutodeengenharia.org.br\/site\/#\/schema\/logo\/image\/","url":"https:\/\/www.institutodeengenharia.org.br\/site\/wp-content\/uploads\/2019\/03\/logo-novo-IE2018-1.jpg","contentUrl":"https:\/\/www.institutodeengenharia.org.br\/site\/wp-content\/uploads\/2019\/03\/logo-novo-IE2018-1.jpg","width":1486,"height":1879,"caption":"Instituto de Engenharia"},"image":{"@id":"https:\/\/www.institutodeengenharia.org.br\/site\/#\/schema\/logo\/image\/"},"sameAs":["https:\/\/www.facebook.com\/institutodeengenharia","https:\/\/x.com\/iengenharia","https:\/\/www.instagram.com\/institutodeengenharia\/","https:\/\/www.linkedin.com\/company\/instituto-de-engenharia\/","https:\/\/www.youtube.com\/channel\/UCXiCAlsSMe977vamW915HxA"]},{"@type":"Person","@id":"https:\/\/www.institutodeengenharia.org.br\/site\/#\/schema\/person\/593dc356630173a4877a635d3e5fd76b","name":"Isabel","image":{"@type":"ImageObject","inLanguage":"pt-BR","@id":"https:\/\/secure.gravatar.com\/avatar\/f3c521db63ec9db17894f10a88c6a3cf95b2281d7f80eeb3cf3ef1cb091576e7?s=96&d=mm&r=g","url":"https:\/\/secure.gravatar.com\/avatar\/f3c521db63ec9db17894f10a88c6a3cf95b2281d7f80eeb3cf3ef1cb091576e7?s=96&d=mm&r=g","contentUrl":"https:\/\/secure.gravatar.com\/avatar\/f3c521db63ec9db17894f10a88c6a3cf95b2281d7f80eeb3cf3ef1cb091576e7?s=96&d=mm&r=g","caption":"Isabel"},"url":"https:\/\/www.institutodeengenharia.org.br\/site\/author\/comunicacao2\/"}]}},"_links":{"self":[{"href":"https:\/\/www.institutodeengenharia.org.br\/site\/wp-json\/wp\/v2\/posts\/128542","targetHints":{"allow":["GET"]}}],"collection":[{"href":"https:\/\/www.institutodeengenharia.org.br\/site\/wp-json\/wp\/v2\/posts"}],"about":[{"href":"https:\/\/www.institutodeengenharia.org.br\/site\/wp-json\/wp\/v2\/types\/post"}],"author":[{"embeddable":true,"href":"https:\/\/www.institutodeengenharia.org.br\/site\/wp-json\/wp\/v2\/users\/14"}],"replies":[{"embeddable":true,"href":"https:\/\/www.institutodeengenharia.org.br\/site\/wp-json\/wp\/v2\/comments?post=128542"}],"version-history":[{"count":5,"href":"https:\/\/www.institutodeengenharia.org.br\/site\/wp-json\/wp\/v2\/posts\/128542\/revisions"}],"predecessor-version":[{"id":128917,"href":"https:\/\/www.institutodeengenharia.org.br\/site\/wp-json\/wp\/v2\/posts\/128542\/revisions\/128917"}],"wp:featuredmedia":[{"embeddable":true,"href":"https:\/\/www.institutodeengenharia.org.br\/site\/wp-json\/wp\/v2\/media\/128543"}],"wp:attachment":[{"href":"https:\/\/www.institutodeengenharia.org.br\/site\/wp-json\/wp\/v2\/media?parent=128542"}],"wp:term":[{"taxonomy":"category","embeddable":true,"href":"https:\/\/www.institutodeengenharia.org.br\/site\/wp-json\/wp\/v2\/categories?post=128542"},{"taxonomy":"post_tag","embeddable":true,"href":"https:\/\/www.institutodeengenharia.org.br\/site\/wp-json\/wp\/v2\/tags?post=128542"}],"curies":[{"name":"wp","href":"https:\/\/api.w.org\/{rel}","templated":true}]}}