{"id":128517,"date":"2025-05-08T11:18:26","date_gmt":"2025-05-08T14:18:26","guid":{"rendered":"https:\/\/www.institutodeengenharia.org.br\/site\/?p=128517"},"modified":"2025-05-08T11:19:06","modified_gmt":"2025-05-08T14:19:06","slug":"presidente-do-ie-participa-de-almoco-com-frank-jurgen-richter","status":"publish","type":"post","link":"https:\/\/www.institutodeengenharia.org.br\/site\/2025\/05\/08\/presidente-do-ie-participa-de-almoco-com-frank-jurgen-richter\/","title":{"rendered":"Presidente do IE participa de almo\u00e7o com Frank-J\u00fcrgen Richter"},"content":{"rendered":"<p>Jos\u00e9 Eduardo Jardim, presidente do Instituto de Engenharia, participou nesta quarta (7), na Associa\u00e7\u00e3o Comercial de S\u00e3o Paulo (ACSP), de um almo\u00e7o com o Dr. Frank-J\u00fcrgen Richter, fundador da Horasis The Global Visions Community.<\/p>\n<p>O evento, que ser\u00e1 realizado de 7 a 10 de outubro, em S\u00e3o Paulo, tem a organiza\u00e7\u00e3o do Instituto de Engenharia, da ACSP e da ADVB.<\/p>\n<p>Recepcionado pelo presidente da ACSP, Roberto Mateus Ordine, o encontro teve como pauta o Horasis Global Meeting que, em sua 10\u00aa edi\u00e7\u00e3o, trar\u00e1 como tema &#8220;Aproveitando o Poder da Coopera\u00e7\u00e3o&#8221;.<\/p>\n<p>O evento, que tem o apoio do Governo do Estado de S\u00e3o Paulo, reunir\u00e1 um grupo not\u00e1vel de empreendedores inovadores, ministros, pensadores influentes e l\u00edderes da sociedade civil, que discutir\u00e3o como estruturas cooperativas podem ajudar a enfrentar desafios que ultrapassam fronteiras nacionais e barreiras sociais.<\/p>\n<figure id=\"attachment_128519\" aria-describedby=\"caption-attachment-128519\" style=\"width: 506px\" class=\"wp-caption aligncenter\"><img loading=\"lazy\" decoding=\"async\" class=\" wp-image-128519\" src=\"https:\/\/www.institutodeengenharia.org.br\/site\/wp-content\/uploads\/2025\/05\/54503722486_fa6b5141e7_c.jpg\" alt=\"\" width=\"506\" height=\"337\" srcset=\"https:\/\/www.institutodeengenharia.org.br\/site\/wp-content\/uploads\/2025\/05\/54503722486_fa6b5141e7_c.jpg 799w, https:\/\/www.institutodeengenharia.org.br\/site\/wp-content\/uploads\/2025\/05\/54503722486_fa6b5141e7_c-300x200.jpg 300w, https:\/\/www.institutodeengenharia.org.br\/site\/wp-content\/uploads\/2025\/05\/54503722486_fa6b5141e7_c-768x512.jpg 768w, https:\/\/www.institutodeengenharia.org.br\/site\/wp-content\/uploads\/2025\/05\/54503722486_fa6b5141e7_c-630x420.jpg 630w, https:\/\/www.institutodeengenharia.org.br\/site\/wp-content\/uploads\/2025\/05\/54503722486_fa6b5141e7_c-696x464.jpg 696w, https:\/\/www.institutodeengenharia.org.br\/site\/wp-content\/uploads\/2025\/05\/54503722486_fa6b5141e7_c-600x400.jpg 600w\" sizes=\"auto, (max-width: 506px) 100vw, 506px\" \/><figcaption id=\"caption-attachment-128519\" class=\"wp-caption-text\">Cr\u00e9dito &#8211; Cesar Bruneli \/ ACSP<\/figcaption><\/figure>\n<p>Durante o encontro, Dr. Frank destacou a for\u00e7a do F\u00f3rum: \u201cO valor de um f\u00f3rum como este \u00e9 evidente. Em muitos eventos, a taxa de aus\u00eancia dos confirmados \u00e9 de 50%. No Horasis, a taxa de aus\u00eancia \u00e9 de apenas 3%. Isso mostra o engajamento e a relev\u00e2ncia do encontro. Convidamos apenas aqueles que conhecemos e que demonstram real interesse em participar&#8221;, completou o fundador da Horasis.<\/p>\n<p>Estivera, tamb\u00e9m, presentes no almo\u00e7o os membros do Conselho Superior da entidade, Luiz Carlos Boscolo e Cl\u00e1udio Afif Domingos; o vice-presidente da ACSP, Marcos Nascimento; os s\u00f3cios-diretores da MB2\/Horasis, Marcelo DeMello e Beto Marques; o presidente da ADVB, Miguel Ignatios; o vice-presidente da entidade e coordenador do CPU, Ant\u00f4nio Carlos Pela; e o superintendente de servi\u00e7os institucionais da ACSP, Renan\u00a0Luiz\u00a0Silva.<\/p>\n<p><em><strong>Com informa\u00e7\u00f5es da <a href=\"https:\/\/acsp.com.br\/\">ACSP<\/a><\/strong><\/em><\/p>\n<p>&nbsp;<\/p>\n","protected":false},"excerpt":{"rendered":"<p>Jos\u00e9 Eduardo Jardim, presidente do Instituto de Engenharia, participou nesta quarta (7), na Associa\u00e7\u00e3o Comercial de S\u00e3o Paulo (ACSP), de um almo\u00e7o com o Dr. Frank-J\u00fcrgen Richter, fundador da Horasis The Global Visions Community. O evento, que ser\u00e1 realizado de 7 a 10 de outubro, em S\u00e3o Paulo, tem a organiza\u00e7\u00e3o do Instituto de Engenharia, [&hellip;]<\/p>\n","protected":false},"author":14,"featured_media":128518,"comment_status":"open","ping_status":"open","sticky":false,"template":"","format":"standard","meta":{"footnotes":""},"categories":[27,141],"tags":[],"class_list":{"0":"post-128517","1":"post","2":"type-post","3":"status-publish","4":"format-standard","5":"has-post-thumbnail","7":"category-instituto-de-engenharia","8":"category-noticias-menu"},"yoast_head":"<!-- This site is optimized with the Yoast SEO plugin v27.2 - https:\/\/yoast.com\/product\/yoast-seo-wordpress\/ -->\n<title>Presidente do IE participa de almo\u00e7o com Frank-J\u00fcrgen Richter - Instituto de Engenharia<\/title>\n<meta name=\"robots\" content=\"index, follow, max-snippet:-1, max-image-preview:large, max-video-preview:-1\" \/>\n<link rel=\"canonical\" href=\"https:\/\/www.institutodeengenharia.org.br\/site\/2025\/05\/08\/presidente-do-ie-participa-de-almoco-com-frank-jurgen-richter\/\" \/>\n<meta property=\"og:locale\" content=\"pt_BR\" \/>\n<meta property=\"og:type\" content=\"article\" \/>\n<meta property=\"og:title\" content=\"Presidente do IE participa de almo\u00e7o com Frank-J\u00fcrgen Richter - Instituto de Engenharia\" \/>\n<meta property=\"og:description\" content=\"Jos\u00e9 Eduardo Jardim, presidente do Instituto de Engenharia, participou nesta quarta (7), na Associa\u00e7\u00e3o Comercial de S\u00e3o Paulo (ACSP), de um almo\u00e7o com o Dr. Frank-J\u00fcrgen Richter, fundador da Horasis The Global Visions Community. O evento, que ser\u00e1 realizado de 7 a 10 de outubro, em S\u00e3o Paulo, tem a organiza\u00e7\u00e3o do Instituto de Engenharia, [&hellip;]\" \/>\n<meta property=\"og:url\" content=\"https:\/\/www.institutodeengenharia.org.br\/site\/2025\/05\/08\/presidente-do-ie-participa-de-almoco-com-frank-jurgen-richter\/\" \/>\n<meta property=\"og:site_name\" content=\"Instituto de Engenharia\" \/>\n<meta property=\"article:publisher\" content=\"https:\/\/www.facebook.com\/institutodeengenharia\" \/>\n<meta property=\"article:published_time\" content=\"2025-05-08T14:18:26+00:00\" \/>\n<meta property=\"article:modified_time\" content=\"2025-05-08T14:19:06+00:00\" \/>\n<meta property=\"og:image\" content=\"https:\/\/www.institutodeengenharia.org.br\/site\/wp-content\/uploads\/2025\/05\/54503907789_6560d2c7b9_c.jpg\" \/>\n\t<meta property=\"og:image:width\" content=\"799\" \/>\n\t<meta property=\"og:image:height\" content=\"533\" \/>\n\t<meta property=\"og:image:type\" content=\"image\/jpeg\" \/>\n<meta name=\"author\" content=\"Isabel\" \/>\n<meta name=\"twitter:card\" content=\"summary_large_image\" \/>\n<meta name=\"twitter:creator\" content=\"@iengenharia\" \/>\n<meta name=\"twitter:site\" content=\"@iengenharia\" \/>\n<meta name=\"twitter:label1\" content=\"Escrito por\" \/>\n\t<meta name=\"twitter:data1\" content=\"Isabel\" \/>\n\t<meta name=\"twitter:label2\" content=\"Est. tempo de leitura\" \/>\n\t<meta name=\"twitter:data2\" content=\"2 minutos\" \/>\n<script type=\"application\/ld+json\" class=\"yoast-schema-graph\">{\"@context\":\"https:\/\/schema.org\",\"@graph\":[{\"@type\":\"Article\",\"@id\":\"https:\/\/www.institutodeengenharia.org.br\/site\/2025\/05\/08\/presidente-do-ie-participa-de-almoco-com-frank-jurgen-richter\/#article\",\"isPartOf\":{\"@id\":\"https:\/\/www.institutodeengenharia.org.br\/site\/2025\/05\/08\/presidente-do-ie-participa-de-almoco-com-frank-jurgen-richter\/\"},\"author\":{\"name\":\"Isabel\",\"@id\":\"https:\/\/www.institutodeengenharia.org.br\/site\/#\/schema\/person\/593dc356630173a4877a635d3e5fd76b\"},\"headline\":\"Presidente do IE participa de almo\u00e7o com Frank-J\u00fcrgen Richter\",\"datePublished\":\"2025-05-08T14:18:26+00:00\",\"dateModified\":\"2025-05-08T14:19:06+00:00\",\"mainEntityOfPage\":{\"@id\":\"https:\/\/www.institutodeengenharia.org.br\/site\/2025\/05\/08\/presidente-do-ie-participa-de-almoco-com-frank-jurgen-richter\/\"},\"wordCount\":310,\"commentCount\":0,\"publisher\":{\"@id\":\"https:\/\/www.institutodeengenharia.org.br\/site\/#organization\"},\"image\":{\"@id\":\"https:\/\/www.institutodeengenharia.org.br\/site\/2025\/05\/08\/presidente-do-ie-participa-de-almoco-com-frank-jurgen-richter\/#primaryimage\"},\"thumbnailUrl\":\"https:\/\/www.institutodeengenharia.org.br\/site\/wp-content\/uploads\/2025\/05\/54503907789_6560d2c7b9_c.jpg\",\"articleSection\":[\"Instituto de Engenharia\",\"Not\u00edcias\"],\"inLanguage\":\"pt-BR\",\"potentialAction\":[{\"@type\":\"CommentAction\",\"name\":\"Comment\",\"target\":[\"https:\/\/www.institutodeengenharia.org.br\/site\/2025\/05\/08\/presidente-do-ie-participa-de-almoco-com-frank-jurgen-richter\/#respond\"]}]},{\"@type\":\"WebPage\",\"@id\":\"https:\/\/www.institutodeengenharia.org.br\/site\/2025\/05\/08\/presidente-do-ie-participa-de-almoco-com-frank-jurgen-richter\/\",\"url\":\"https:\/\/www.institutodeengenharia.org.br\/site\/2025\/05\/08\/presidente-do-ie-participa-de-almoco-com-frank-jurgen-richter\/\",\"name\":\"Presidente do IE participa de almo\u00e7o com Frank-J\u00fcrgen Richter - Instituto de Engenharia\",\"isPartOf\":{\"@id\":\"https:\/\/www.institutodeengenharia.org.br\/site\/#website\"},\"primaryImageOfPage\":{\"@id\":\"https:\/\/www.institutodeengenharia.org.br\/site\/2025\/05\/08\/presidente-do-ie-participa-de-almoco-com-frank-jurgen-richter\/#primaryimage\"},\"image\":{\"@id\":\"https:\/\/www.institutodeengenharia.org.br\/site\/2025\/05\/08\/presidente-do-ie-participa-de-almoco-com-frank-jurgen-richter\/#primaryimage\"},\"thumbnailUrl\":\"https:\/\/www.institutodeengenharia.org.br\/site\/wp-content\/uploads\/2025\/05\/54503907789_6560d2c7b9_c.jpg\",\"datePublished\":\"2025-05-08T14:18:26+00:00\",\"dateModified\":\"2025-05-08T14:19:06+00:00\",\"breadcrumb\":{\"@id\":\"https:\/\/www.institutodeengenharia.org.br\/site\/2025\/05\/08\/presidente-do-ie-participa-de-almoco-com-frank-jurgen-richter\/#breadcrumb\"},\"inLanguage\":\"pt-BR\",\"potentialAction\":[{\"@type\":\"ReadAction\",\"target\":[\"https:\/\/www.institutodeengenharia.org.br\/site\/2025\/05\/08\/presidente-do-ie-participa-de-almoco-com-frank-jurgen-richter\/\"]}]},{\"@type\":\"ImageObject\",\"inLanguage\":\"pt-BR\",\"@id\":\"https:\/\/www.institutodeengenharia.org.br\/site\/2025\/05\/08\/presidente-do-ie-participa-de-almoco-com-frank-jurgen-richter\/#primaryimage\",\"url\":\"https:\/\/www.institutodeengenharia.org.br\/site\/wp-content\/uploads\/2025\/05\/54503907789_6560d2c7b9_c.jpg\",\"contentUrl\":\"https:\/\/www.institutodeengenharia.org.br\/site\/wp-content\/uploads\/2025\/05\/54503907789_6560d2c7b9_c.jpg\",\"width\":799,\"height\":533,\"caption\":\"Cr\u00e9dito - Cesar Bruneli \/ ACSP\"},{\"@type\":\"BreadcrumbList\",\"@id\":\"https:\/\/www.institutodeengenharia.org.br\/site\/2025\/05\/08\/presidente-do-ie-participa-de-almoco-com-frank-jurgen-richter\/#breadcrumb\",\"itemListElement\":[{\"@type\":\"ListItem\",\"position\":1,\"name\":\"In\u00edcio\",\"item\":\"https:\/\/www.institutodeengenharia.org.br\/site\/\"},{\"@type\":\"ListItem\",\"position\":2,\"name\":\"Presidente do IE participa de almo\u00e7o com Frank-J\u00fcrgen Richter\"}]},{\"@type\":\"WebSite\",\"@id\":\"https:\/\/www.institutodeengenharia.org.br\/site\/#website\",\"url\":\"https:\/\/www.institutodeengenharia.org.br\/site\/\",\"name\":\"Instituto de Engenharia\",\"description\":\"O Instituto de Engenharia promove a Engenharia em benef\u00edcio do desenvolvimento e da qualidade de vida da sociedade.\",\"publisher\":{\"@id\":\"https:\/\/www.institutodeengenharia.org.br\/site\/#organization\"},\"potentialAction\":[{\"@type\":\"SearchAction\",\"target\":{\"@type\":\"EntryPoint\",\"urlTemplate\":\"https:\/\/www.institutodeengenharia.org.br\/site\/?s={search_term_string}\"},\"query-input\":{\"@type\":\"PropertyValueSpecification\",\"valueRequired\":true,\"valueName\":\"search_term_string\"}}],\"inLanguage\":\"pt-BR\"},{\"@type\":\"Organization\",\"@id\":\"https:\/\/www.institutodeengenharia.org.br\/site\/#organization\",\"name\":\"Instituto de Engenharia\",\"url\":\"https:\/\/www.institutodeengenharia.org.br\/site\/\",\"logo\":{\"@type\":\"ImageObject\",\"inLanguage\":\"pt-BR\",\"@id\":\"https:\/\/www.institutodeengenharia.org.br\/site\/#\/schema\/logo\/image\/\",\"url\":\"https:\/\/www.institutodeengenharia.org.br\/site\/wp-content\/uploads\/2019\/03\/logo-novo-IE2018-1.jpg\",\"contentUrl\":\"https:\/\/www.institutodeengenharia.org.br\/site\/wp-content\/uploads\/2019\/03\/logo-novo-IE2018-1.jpg\",\"width\":1486,\"height\":1879,\"caption\":\"Instituto de Engenharia\"},\"image\":{\"@id\":\"https:\/\/www.institutodeengenharia.org.br\/site\/#\/schema\/logo\/image\/\"},\"sameAs\":[\"https:\/\/www.facebook.com\/institutodeengenharia\",\"https:\/\/x.com\/iengenharia\",\"https:\/\/www.instagram.com\/institutodeengenharia\/\",\"https:\/\/www.linkedin.com\/company\/instituto-de-engenharia\/\",\"https:\/\/www.youtube.com\/channel\/UCXiCAlsSMe977vamW915HxA\"]},{\"@type\":\"Person\",\"@id\":\"https:\/\/www.institutodeengenharia.org.br\/site\/#\/schema\/person\/593dc356630173a4877a635d3e5fd76b\",\"name\":\"Isabel\",\"image\":{\"@type\":\"ImageObject\",\"inLanguage\":\"pt-BR\",\"@id\":\"https:\/\/secure.gravatar.com\/avatar\/f3c521db63ec9db17894f10a88c6a3cf95b2281d7f80eeb3cf3ef1cb091576e7?s=96&d=mm&r=g\",\"url\":\"https:\/\/secure.gravatar.com\/avatar\/f3c521db63ec9db17894f10a88c6a3cf95b2281d7f80eeb3cf3ef1cb091576e7?s=96&d=mm&r=g\",\"contentUrl\":\"https:\/\/secure.gravatar.com\/avatar\/f3c521db63ec9db17894f10a88c6a3cf95b2281d7f80eeb3cf3ef1cb091576e7?s=96&d=mm&r=g\",\"caption\":\"Isabel\"},\"url\":\"https:\/\/www.institutodeengenharia.org.br\/site\/author\/comunicacao2\/\"}]}<\/script>\n<!-- \/ Yoast SEO plugin. -->","yoast_head_json":{"title":"Presidente do IE participa de almo\u00e7o com Frank-J\u00fcrgen Richter - Instituto de Engenharia","robots":{"index":"index","follow":"follow","max-snippet":"max-snippet:-1","max-image-preview":"max-image-preview:large","max-video-preview":"max-video-preview:-1"},"canonical":"https:\/\/www.institutodeengenharia.org.br\/site\/2025\/05\/08\/presidente-do-ie-participa-de-almoco-com-frank-jurgen-richter\/","og_locale":"pt_BR","og_type":"article","og_title":"Presidente do IE participa de almo\u00e7o com Frank-J\u00fcrgen Richter - Instituto de Engenharia","og_description":"Jos\u00e9 Eduardo Jardim, presidente do Instituto de Engenharia, participou nesta quarta (7), na Associa\u00e7\u00e3o Comercial de S\u00e3o Paulo (ACSP), de um almo\u00e7o com o Dr. Frank-J\u00fcrgen Richter, fundador da Horasis The Global Visions Community. O evento, que ser\u00e1 realizado de 7 a 10 de outubro, em S\u00e3o Paulo, tem a organiza\u00e7\u00e3o do Instituto de Engenharia, [&hellip;]","og_url":"https:\/\/www.institutodeengenharia.org.br\/site\/2025\/05\/08\/presidente-do-ie-participa-de-almoco-com-frank-jurgen-richter\/","og_site_name":"Instituto de Engenharia","article_publisher":"https:\/\/www.facebook.com\/institutodeengenharia","article_published_time":"2025-05-08T14:18:26+00:00","article_modified_time":"2025-05-08T14:19:06+00:00","og_image":[{"width":799,"height":533,"url":"https:\/\/www.institutodeengenharia.org.br\/site\/wp-content\/uploads\/2025\/05\/54503907789_6560d2c7b9_c.jpg","type":"image\/jpeg"}],"author":"Isabel","twitter_card":"summary_large_image","twitter_creator":"@iengenharia","twitter_site":"@iengenharia","twitter_misc":{"Escrito por":"Isabel","Est. tempo de leitura":"2 minutos"},"schema":{"@context":"https:\/\/schema.org","@graph":[{"@type":"Article","@id":"https:\/\/www.institutodeengenharia.org.br\/site\/2025\/05\/08\/presidente-do-ie-participa-de-almoco-com-frank-jurgen-richter\/#article","isPartOf":{"@id":"https:\/\/www.institutodeengenharia.org.br\/site\/2025\/05\/08\/presidente-do-ie-participa-de-almoco-com-frank-jurgen-richter\/"},"author":{"name":"Isabel","@id":"https:\/\/www.institutodeengenharia.org.br\/site\/#\/schema\/person\/593dc356630173a4877a635d3e5fd76b"},"headline":"Presidente do IE participa de almo\u00e7o com Frank-J\u00fcrgen Richter","datePublished":"2025-05-08T14:18:26+00:00","dateModified":"2025-05-08T14:19:06+00:00","mainEntityOfPage":{"@id":"https:\/\/www.institutodeengenharia.org.br\/site\/2025\/05\/08\/presidente-do-ie-participa-de-almoco-com-frank-jurgen-richter\/"},"wordCount":310,"commentCount":0,"publisher":{"@id":"https:\/\/www.institutodeengenharia.org.br\/site\/#organization"},"image":{"@id":"https:\/\/www.institutodeengenharia.org.br\/site\/2025\/05\/08\/presidente-do-ie-participa-de-almoco-com-frank-jurgen-richter\/#primaryimage"},"thumbnailUrl":"https:\/\/www.institutodeengenharia.org.br\/site\/wp-content\/uploads\/2025\/05\/54503907789_6560d2c7b9_c.jpg","articleSection":["Instituto de Engenharia","Not\u00edcias"],"inLanguage":"pt-BR","potentialAction":[{"@type":"CommentAction","name":"Comment","target":["https:\/\/www.institutodeengenharia.org.br\/site\/2025\/05\/08\/presidente-do-ie-participa-de-almoco-com-frank-jurgen-richter\/#respond"]}]},{"@type":"WebPage","@id":"https:\/\/www.institutodeengenharia.org.br\/site\/2025\/05\/08\/presidente-do-ie-participa-de-almoco-com-frank-jurgen-richter\/","url":"https:\/\/www.institutodeengenharia.org.br\/site\/2025\/05\/08\/presidente-do-ie-participa-de-almoco-com-frank-jurgen-richter\/","name":"Presidente do IE participa de almo\u00e7o com Frank-J\u00fcrgen Richter - Instituto de Engenharia","isPartOf":{"@id":"https:\/\/www.institutodeengenharia.org.br\/site\/#website"},"primaryImageOfPage":{"@id":"https:\/\/www.institutodeengenharia.org.br\/site\/2025\/05\/08\/presidente-do-ie-participa-de-almoco-com-frank-jurgen-richter\/#primaryimage"},"image":{"@id":"https:\/\/www.institutodeengenharia.org.br\/site\/2025\/05\/08\/presidente-do-ie-participa-de-almoco-com-frank-jurgen-richter\/#primaryimage"},"thumbnailUrl":"https:\/\/www.institutodeengenharia.org.br\/site\/wp-content\/uploads\/2025\/05\/54503907789_6560d2c7b9_c.jpg","datePublished":"2025-05-08T14:18:26+00:00","dateModified":"2025-05-08T14:19:06+00:00","breadcrumb":{"@id":"https:\/\/www.institutodeengenharia.org.br\/site\/2025\/05\/08\/presidente-do-ie-participa-de-almoco-com-frank-jurgen-richter\/#breadcrumb"},"inLanguage":"pt-BR","potentialAction":[{"@type":"ReadAction","target":["https:\/\/www.institutodeengenharia.org.br\/site\/2025\/05\/08\/presidente-do-ie-participa-de-almoco-com-frank-jurgen-richter\/"]}]},{"@type":"ImageObject","inLanguage":"pt-BR","@id":"https:\/\/www.institutodeengenharia.org.br\/site\/2025\/05\/08\/presidente-do-ie-participa-de-almoco-com-frank-jurgen-richter\/#primaryimage","url":"https:\/\/www.institutodeengenharia.org.br\/site\/wp-content\/uploads\/2025\/05\/54503907789_6560d2c7b9_c.jpg","contentUrl":"https:\/\/www.institutodeengenharia.org.br\/site\/wp-content\/uploads\/2025\/05\/54503907789_6560d2c7b9_c.jpg","width":799,"height":533,"caption":"Cr\u00e9dito - Cesar Bruneli \/ ACSP"},{"@type":"BreadcrumbList","@id":"https:\/\/www.institutodeengenharia.org.br\/site\/2025\/05\/08\/presidente-do-ie-participa-de-almoco-com-frank-jurgen-richter\/#breadcrumb","itemListElement":[{"@type":"ListItem","position":1,"name":"In\u00edcio","item":"https:\/\/www.institutodeengenharia.org.br\/site\/"},{"@type":"ListItem","position":2,"name":"Presidente do IE participa de almo\u00e7o com Frank-J\u00fcrgen Richter"}]},{"@type":"WebSite","@id":"https:\/\/www.institutodeengenharia.org.br\/site\/#website","url":"https:\/\/www.institutodeengenharia.org.br\/site\/","name":"Instituto de Engenharia","description":"O Instituto de Engenharia promove a Engenharia em benef\u00edcio do desenvolvimento e da qualidade de vida da sociedade.","publisher":{"@id":"https:\/\/www.institutodeengenharia.org.br\/site\/#organization"},"potentialAction":[{"@type":"SearchAction","target":{"@type":"EntryPoint","urlTemplate":"https:\/\/www.institutodeengenharia.org.br\/site\/?s={search_term_string}"},"query-input":{"@type":"PropertyValueSpecification","valueRequired":true,"valueName":"search_term_string"}}],"inLanguage":"pt-BR"},{"@type":"Organization","@id":"https:\/\/www.institutodeengenharia.org.br\/site\/#organization","name":"Instituto de Engenharia","url":"https:\/\/www.institutodeengenharia.org.br\/site\/","logo":{"@type":"ImageObject","inLanguage":"pt-BR","@id":"https:\/\/www.institutodeengenharia.org.br\/site\/#\/schema\/logo\/image\/","url":"https:\/\/www.institutodeengenharia.org.br\/site\/wp-content\/uploads\/2019\/03\/logo-novo-IE2018-1.jpg","contentUrl":"https:\/\/www.institutodeengenharia.org.br\/site\/wp-content\/uploads\/2019\/03\/logo-novo-IE2018-1.jpg","width":1486,"height":1879,"caption":"Instituto de Engenharia"},"image":{"@id":"https:\/\/www.institutodeengenharia.org.br\/site\/#\/schema\/logo\/image\/"},"sameAs":["https:\/\/www.facebook.com\/institutodeengenharia","https:\/\/x.com\/iengenharia","https:\/\/www.instagram.com\/institutodeengenharia\/","https:\/\/www.linkedin.com\/company\/instituto-de-engenharia\/","https:\/\/www.youtube.com\/channel\/UCXiCAlsSMe977vamW915HxA"]},{"@type":"Person","@id":"https:\/\/www.institutodeengenharia.org.br\/site\/#\/schema\/person\/593dc356630173a4877a635d3e5fd76b","name":"Isabel","image":{"@type":"ImageObject","inLanguage":"pt-BR","@id":"https:\/\/secure.gravatar.com\/avatar\/f3c521db63ec9db17894f10a88c6a3cf95b2281d7f80eeb3cf3ef1cb091576e7?s=96&d=mm&r=g","url":"https:\/\/secure.gravatar.com\/avatar\/f3c521db63ec9db17894f10a88c6a3cf95b2281d7f80eeb3cf3ef1cb091576e7?s=96&d=mm&r=g","contentUrl":"https:\/\/secure.gravatar.com\/avatar\/f3c521db63ec9db17894f10a88c6a3cf95b2281d7f80eeb3cf3ef1cb091576e7?s=96&d=mm&r=g","caption":"Isabel"},"url":"https:\/\/www.institutodeengenharia.org.br\/site\/author\/comunicacao2\/"}]}},"_links":{"self":[{"href":"https:\/\/www.institutodeengenharia.org.br\/site\/wp-json\/wp\/v2\/posts\/128517","targetHints":{"allow":["GET"]}}],"collection":[{"href":"https:\/\/www.institutodeengenharia.org.br\/site\/wp-json\/wp\/v2\/posts"}],"about":[{"href":"https:\/\/www.institutodeengenharia.org.br\/site\/wp-json\/wp\/v2\/types\/post"}],"author":[{"embeddable":true,"href":"https:\/\/www.institutodeengenharia.org.br\/site\/wp-json\/wp\/v2\/users\/14"}],"replies":[{"embeddable":true,"href":"https:\/\/www.institutodeengenharia.org.br\/site\/wp-json\/wp\/v2\/comments?post=128517"}],"version-history":[{"count":1,"href":"https:\/\/www.institutodeengenharia.org.br\/site\/wp-json\/wp\/v2\/posts\/128517\/revisions"}],"predecessor-version":[{"id":128520,"href":"https:\/\/www.institutodeengenharia.org.br\/site\/wp-json\/wp\/v2\/posts\/128517\/revisions\/128520"}],"wp:featuredmedia":[{"embeddable":true,"href":"https:\/\/www.institutodeengenharia.org.br\/site\/wp-json\/wp\/v2\/media\/128518"}],"wp:attachment":[{"href":"https:\/\/www.institutodeengenharia.org.br\/site\/wp-json\/wp\/v2\/media?parent=128517"}],"wp:term":[{"taxonomy":"category","embeddable":true,"href":"https:\/\/www.institutodeengenharia.org.br\/site\/wp-json\/wp\/v2\/categories?post=128517"},{"taxonomy":"post_tag","embeddable":true,"href":"https:\/\/www.institutodeengenharia.org.br\/site\/wp-json\/wp\/v2\/tags?post=128517"}],"curies":[{"name":"wp","href":"https:\/\/api.w.org\/{rel}","templated":true}]}}