{"id":128492,"date":"2025-05-07T11:55:45","date_gmt":"2025-05-07T14:55:45","guid":{"rendered":"https:\/\/www.institutodeengenharia.org.br\/site\/?p=128492"},"modified":"2025-05-07T16:57:56","modified_gmt":"2025-05-07T19:57:56","slug":"diretoria-do-ie-prestigia-palestra-de-ratinho-jr-no-secovi-sp","status":"publish","type":"post","link":"https:\/\/www.institutodeengenharia.org.br\/site\/2025\/05\/07\/diretoria-do-ie-prestigia-palestra-de-ratinho-jr-no-secovi-sp\/","title":{"rendered":"Diretoria do IE prestigia palestra de Ratinho Jr., no Secovi-SP"},"content":{"rendered":"<p><img loading=\"lazy\" decoding=\"async\" class=\" wp-image-128502 alignleft\" src=\"https:\/\/www.institutodeengenharia.org.br\/site\/wp-content\/uploads\/2025\/05\/ratinho3.png\" alt=\"\" width=\"353\" height=\"241\" srcset=\"https:\/\/www.institutodeengenharia.org.br\/site\/wp-content\/uploads\/2025\/05\/ratinho3.png 656w, https:\/\/www.institutodeengenharia.org.br\/site\/wp-content\/uploads\/2025\/05\/ratinho3-300x205.png 300w, https:\/\/www.institutodeengenharia.org.br\/site\/wp-content\/uploads\/2025\/05\/ratinho3-615x420.png 615w, https:\/\/www.institutodeengenharia.org.br\/site\/wp-content\/uploads\/2025\/05\/ratinho3-218x150.png 218w, https:\/\/www.institutodeengenharia.org.br\/site\/wp-content\/uploads\/2025\/05\/ratinho3-600x410.png 600w\" sizes=\"auto, (max-width: 353px) 100vw, 353px\" \/>Nesta ter\u00e7a (6), o presidente do Instituto de Engenharia, Jos\u00e9 Eduardo Jardim, e a vice-presidente de Administra\u00e7\u00e3o e Finan\u00e7as, Miriana Marques, prestigiaram a palestra do governador do Paran\u00e1, Carlos Massa Ratinho Junior, que aconteceu na sede do Sindicato das Empresas de Compra, Venda e Administra\u00e7\u00e3o de Im\u00f3veis (Secovi-SP), dentro do encontro do N\u00facleo de Altos Temas (NAT). Ratinho Jr. foi recebido por Fl\u00e1vio Amary, presidente da Fiabci-Brasil, e Rodrigo Luna, presidente do Secovi-SP.<\/p>\n<p>No encontro, ele falou sobre o programa Casa F\u00e1cil Paran\u00e1, da Cohapar, que est\u00e1 se tornando refer\u00eancia nacional em pol\u00edtica habitacional. O modelo do programa do Governo do Estado j\u00e1 serviu de exemplo para 16 estados e alguns munic\u00edpios brasileiros.<\/p>\n<p>Lan\u00e7ado em 2019, o Casa F\u00e1cil j\u00e1 impactou mais de 100 mil fam\u00edlias de todo o Paran\u00e1. At\u00e9 dezembro de 2024, o programa aportou diretamente R$ 1,2 bilh\u00e3o no segmento habitacional, al\u00e9m de movimentar investimentos na constru\u00e7\u00e3o civil na ordem dos R$ 17,2 bilh\u00f5es e gerar milhares de empregos em todo o Estado.<\/p>\n<p>\u201cN\u00f3s fomos ouvir o setor da constru\u00e7\u00e3o civil para descobrir qual era o maior empecilho no momento de adquirir im\u00f3veis atrav\u00e9s dos programas habitacionais do governo. O que ouvimos foi que as fam\u00edlias tinham muita dificuldade para juntar o dinheiro para pagar o valor de entrada\u201d, disse. \u201cFoi assim que criamos o Casa F\u00e1cil, que se tornou o maior programa habitacional do Brasil, movimentando tamb\u00e9m a economia dos munic\u00edpios com as obras de constru\u00e7\u00e3o das moradias\u201d.<\/p>\n<figure id=\"attachment_128494\" aria-describedby=\"caption-attachment-128494\" style=\"width: 416px\" class=\"wp-caption alignleft\"><img loading=\"lazy\" decoding=\"async\" class=\"wp-image-128494\" src=\"https:\/\/www.institutodeengenharia.org.br\/site\/wp-content\/uploads\/2025\/05\/whatsapp_image_2025-05-06_at_14.27.21-scaled.jpg\" alt=\"\" width=\"416\" height=\"277\" srcset=\"https:\/\/www.institutodeengenharia.org.br\/site\/wp-content\/uploads\/2025\/05\/whatsapp_image_2025-05-06_at_14.27.21-scaled.jpg 2560w, https:\/\/www.institutodeengenharia.org.br\/site\/wp-content\/uploads\/2025\/05\/whatsapp_image_2025-05-06_at_14.27.21-300x200.jpg 300w, https:\/\/www.institutodeengenharia.org.br\/site\/wp-content\/uploads\/2025\/05\/whatsapp_image_2025-05-06_at_14.27.21-1024x683.jpg 1024w, https:\/\/www.institutodeengenharia.org.br\/site\/wp-content\/uploads\/2025\/05\/whatsapp_image_2025-05-06_at_14.27.21-768x512.jpg 768w, https:\/\/www.institutodeengenharia.org.br\/site\/wp-content\/uploads\/2025\/05\/whatsapp_image_2025-05-06_at_14.27.21-1536x1024.jpg 1536w, https:\/\/www.institutodeengenharia.org.br\/site\/wp-content\/uploads\/2025\/05\/whatsapp_image_2025-05-06_at_14.27.21-2048x1365.jpg 2048w, https:\/\/www.institutodeengenharia.org.br\/site\/wp-content\/uploads\/2025\/05\/whatsapp_image_2025-05-06_at_14.27.21-630x420.jpg 630w, https:\/\/www.institutodeengenharia.org.br\/site\/wp-content\/uploads\/2025\/05\/whatsapp_image_2025-05-06_at_14.27.21-696x464.jpg 696w, https:\/\/www.institutodeengenharia.org.br\/site\/wp-content\/uploads\/2025\/05\/whatsapp_image_2025-05-06_at_14.27.21-1068x712.jpg 1068w, https:\/\/www.institutodeengenharia.org.br\/site\/wp-content\/uploads\/2025\/05\/whatsapp_image_2025-05-06_at_14.27.21-1920x1280.jpg 1920w, https:\/\/www.institutodeengenharia.org.br\/site\/wp-content\/uploads\/2025\/05\/whatsapp_image_2025-05-06_at_14.27.21-600x400.jpg 600w\" sizes=\"auto, (max-width: 416px) 100vw, 416px\" \/><figcaption id=\"caption-attachment-128494\" class=\"wp-caption-text\">Cr\u00e9dito &#8211; Jonathan Campos\/AEN<\/figcaption><\/figure>\n<p>Ele destacou ainda que o Paran\u00e1 foi estado com o maior crescimento da atividade econ\u00f4mica no Brasil, com avan\u00e7o de 8,1% em fevereiro em rela\u00e7\u00e3o ao m\u00eas anterior. O resultado do Estado no \u00cdndice de Atividade Econ\u00f4mica Regional (IBCR), divulgado pelo Banco Central, foi o dobro da m\u00e9dia nacional, que avan\u00e7ou 4,1% no per\u00edodo.<\/p>\n<p>O NAT, que retomou suas atividades em abril deste ano, \u00e9 um f\u00f3rum multidisciplinar dedicado a debater temas relevantes para o Brasil. O n\u00facleo re\u00fane lideran\u00e7as empresariais e personalidades de diversos setores, com discuss\u00f5es que buscam contribuir com o desenvolvimento do Pa\u00eds, promovendo o di\u00e1logo entre diferentes setores.<\/p>\n<h6><a href=\"https:\/\/www.aen.pr.gov.br\/Noticia\/Em-Sao-Paulo-governador-apresenta-programa-habitacional-do-Estado-e-bons-numeros-da\"><em>Com informa\u00e7\u00f5es do Governo do Estado do Paran\u00e1<\/em><\/a><\/h6>\n","protected":false},"excerpt":{"rendered":"<p>Nesta ter\u00e7a (6), o presidente do Instituto de Engenharia, Jos\u00e9 Eduardo Jardim, e a vice-presidente de Administra\u00e7\u00e3o e Finan\u00e7as, Miriana Marques, prestigiaram a palestra do governador do Paran\u00e1, Carlos Massa Ratinho Junior, que aconteceu na sede do Sindicato das Empresas de Compra, Venda e Administra\u00e7\u00e3o de Im\u00f3veis (Secovi-SP), dentro do encontro do N\u00facleo de Altos [&hellip;]<\/p>\n","protected":false},"author":14,"featured_media":128493,"comment_status":"open","ping_status":"open","sticky":false,"template":"","format":"standard","meta":{"footnotes":""},"categories":[27,6],"tags":[],"class_list":{"0":"post-128492","1":"post","2":"type-post","3":"status-publish","4":"format-standard","5":"has-post-thumbnail","7":"category-instituto-de-engenharia","8":"category-noticias"},"yoast_head":"<!-- This site is optimized with the Yoast SEO plugin v27.2 - https:\/\/yoast.com\/product\/yoast-seo-wordpress\/ -->\n<title>Diretoria do IE prestigia palestra de Ratinho Jr., no Secovi-SP - Instituto de Engenharia<\/title>\n<meta name=\"robots\" content=\"index, follow, max-snippet:-1, max-image-preview:large, max-video-preview:-1\" \/>\n<link rel=\"canonical\" href=\"https:\/\/www.institutodeengenharia.org.br\/site\/2025\/05\/07\/diretoria-do-ie-prestigia-palestra-de-ratinho-jr-no-secovi-sp\/\" \/>\n<meta property=\"og:locale\" content=\"pt_BR\" \/>\n<meta property=\"og:type\" content=\"article\" \/>\n<meta property=\"og:title\" content=\"Diretoria do IE prestigia palestra de Ratinho Jr., no Secovi-SP - Instituto de Engenharia\" \/>\n<meta property=\"og:description\" content=\"Nesta ter\u00e7a (6), o presidente do Instituto de Engenharia, Jos\u00e9 Eduardo Jardim, e a vice-presidente de Administra\u00e7\u00e3o e Finan\u00e7as, Miriana Marques, prestigiaram a palestra do governador do Paran\u00e1, Carlos Massa Ratinho Junior, que aconteceu na sede do Sindicato das Empresas de Compra, Venda e Administra\u00e7\u00e3o de Im\u00f3veis (Secovi-SP), dentro do encontro do N\u00facleo de Altos [&hellip;]\" \/>\n<meta property=\"og:url\" content=\"https:\/\/www.institutodeengenharia.org.br\/site\/2025\/05\/07\/diretoria-do-ie-prestigia-palestra-de-ratinho-jr-no-secovi-sp\/\" \/>\n<meta property=\"og:site_name\" content=\"Instituto de Engenharia\" \/>\n<meta property=\"article:publisher\" content=\"https:\/\/www.facebook.com\/institutodeengenharia\" \/>\n<meta property=\"article:published_time\" content=\"2025-05-07T14:55:45+00:00\" \/>\n<meta property=\"article:modified_time\" content=\"2025-05-07T19:57:56+00:00\" \/>\n<meta property=\"og:image\" content=\"https:\/\/www.institutodeengenharia.org.br\/site\/wp-content\/uploads\/2025\/05\/whatsapp_image_2025-05-06_at_14.27.23-scaled.jpg\" \/>\n\t<meta property=\"og:image:width\" content=\"2560\" \/>\n\t<meta property=\"og:image:height\" content=\"1707\" \/>\n\t<meta property=\"og:image:type\" content=\"image\/jpeg\" \/>\n<meta name=\"author\" content=\"Isabel\" \/>\n<meta name=\"twitter:card\" content=\"summary_large_image\" \/>\n<meta name=\"twitter:creator\" content=\"@iengenharia\" \/>\n<meta name=\"twitter:site\" content=\"@iengenharia\" \/>\n<meta name=\"twitter:label1\" content=\"Escrito por\" \/>\n\t<meta name=\"twitter:data1\" content=\"Isabel\" \/>\n\t<meta name=\"twitter:label2\" content=\"Est. tempo de leitura\" \/>\n\t<meta name=\"twitter:data2\" content=\"3 minutos\" \/>\n<script type=\"application\/ld+json\" class=\"yoast-schema-graph\">{\"@context\":\"https:\/\/schema.org\",\"@graph\":[{\"@type\":\"Article\",\"@id\":\"https:\/\/www.institutodeengenharia.org.br\/site\/2025\/05\/07\/diretoria-do-ie-prestigia-palestra-de-ratinho-jr-no-secovi-sp\/#article\",\"isPartOf\":{\"@id\":\"https:\/\/www.institutodeengenharia.org.br\/site\/2025\/05\/07\/diretoria-do-ie-prestigia-palestra-de-ratinho-jr-no-secovi-sp\/\"},\"author\":{\"name\":\"Isabel\",\"@id\":\"https:\/\/www.institutodeengenharia.org.br\/site\/#\/schema\/person\/593dc356630173a4877a635d3e5fd76b\"},\"headline\":\"Diretoria do IE prestigia palestra de Ratinho Jr., no Secovi-SP\",\"datePublished\":\"2025-05-07T14:55:45+00:00\",\"dateModified\":\"2025-05-07T19:57:56+00:00\",\"mainEntityOfPage\":{\"@id\":\"https:\/\/www.institutodeengenharia.org.br\/site\/2025\/05\/07\/diretoria-do-ie-prestigia-palestra-de-ratinho-jr-no-secovi-sp\/\"},\"wordCount\":408,\"commentCount\":0,\"publisher\":{\"@id\":\"https:\/\/www.institutodeengenharia.org.br\/site\/#organization\"},\"image\":{\"@id\":\"https:\/\/www.institutodeengenharia.org.br\/site\/2025\/05\/07\/diretoria-do-ie-prestigia-palestra-de-ratinho-jr-no-secovi-sp\/#primaryimage\"},\"thumbnailUrl\":\"https:\/\/www.institutodeengenharia.org.br\/site\/wp-content\/uploads\/2025\/05\/whatsapp_image_2025-05-06_at_14.27.23-scaled.jpg\",\"articleSection\":[\"Instituto de Engenharia\",\"Not\u00edcias\"],\"inLanguage\":\"pt-BR\",\"potentialAction\":[{\"@type\":\"CommentAction\",\"name\":\"Comment\",\"target\":[\"https:\/\/www.institutodeengenharia.org.br\/site\/2025\/05\/07\/diretoria-do-ie-prestigia-palestra-de-ratinho-jr-no-secovi-sp\/#respond\"]}]},{\"@type\":\"WebPage\",\"@id\":\"https:\/\/www.institutodeengenharia.org.br\/site\/2025\/05\/07\/diretoria-do-ie-prestigia-palestra-de-ratinho-jr-no-secovi-sp\/\",\"url\":\"https:\/\/www.institutodeengenharia.org.br\/site\/2025\/05\/07\/diretoria-do-ie-prestigia-palestra-de-ratinho-jr-no-secovi-sp\/\",\"name\":\"Diretoria do IE prestigia palestra de Ratinho Jr., no Secovi-SP - Instituto de Engenharia\",\"isPartOf\":{\"@id\":\"https:\/\/www.institutodeengenharia.org.br\/site\/#website\"},\"primaryImageOfPage\":{\"@id\":\"https:\/\/www.institutodeengenharia.org.br\/site\/2025\/05\/07\/diretoria-do-ie-prestigia-palestra-de-ratinho-jr-no-secovi-sp\/#primaryimage\"},\"image\":{\"@id\":\"https:\/\/www.institutodeengenharia.org.br\/site\/2025\/05\/07\/diretoria-do-ie-prestigia-palestra-de-ratinho-jr-no-secovi-sp\/#primaryimage\"},\"thumbnailUrl\":\"https:\/\/www.institutodeengenharia.org.br\/site\/wp-content\/uploads\/2025\/05\/whatsapp_image_2025-05-06_at_14.27.23-scaled.jpg\",\"datePublished\":\"2025-05-07T14:55:45+00:00\",\"dateModified\":\"2025-05-07T19:57:56+00:00\",\"breadcrumb\":{\"@id\":\"https:\/\/www.institutodeengenharia.org.br\/site\/2025\/05\/07\/diretoria-do-ie-prestigia-palestra-de-ratinho-jr-no-secovi-sp\/#breadcrumb\"},\"inLanguage\":\"pt-BR\",\"potentialAction\":[{\"@type\":\"ReadAction\",\"target\":[\"https:\/\/www.institutodeengenharia.org.br\/site\/2025\/05\/07\/diretoria-do-ie-prestigia-palestra-de-ratinho-jr-no-secovi-sp\/\"]}]},{\"@type\":\"ImageObject\",\"inLanguage\":\"pt-BR\",\"@id\":\"https:\/\/www.institutodeengenharia.org.br\/site\/2025\/05\/07\/diretoria-do-ie-prestigia-palestra-de-ratinho-jr-no-secovi-sp\/#primaryimage\",\"url\":\"https:\/\/www.institutodeengenharia.org.br\/site\/wp-content\/uploads\/2025\/05\/whatsapp_image_2025-05-06_at_14.27.23-scaled.jpg\",\"contentUrl\":\"https:\/\/www.institutodeengenharia.org.br\/site\/wp-content\/uploads\/2025\/05\/whatsapp_image_2025-05-06_at_14.27.23-scaled.jpg\",\"width\":2560,\"height\":1707,\"caption\":\"Cr\u00e9dito - Jonathan Campos\/AEN\"},{\"@type\":\"BreadcrumbList\",\"@id\":\"https:\/\/www.institutodeengenharia.org.br\/site\/2025\/05\/07\/diretoria-do-ie-prestigia-palestra-de-ratinho-jr-no-secovi-sp\/#breadcrumb\",\"itemListElement\":[{\"@type\":\"ListItem\",\"position\":1,\"name\":\"In\u00edcio\",\"item\":\"https:\/\/www.institutodeengenharia.org.br\/site\/\"},{\"@type\":\"ListItem\",\"position\":2,\"name\":\"Diretoria do IE prestigia palestra de Ratinho Jr., no Secovi-SP\"}]},{\"@type\":\"WebSite\",\"@id\":\"https:\/\/www.institutodeengenharia.org.br\/site\/#website\",\"url\":\"https:\/\/www.institutodeengenharia.org.br\/site\/\",\"name\":\"Instituto de Engenharia\",\"description\":\"O Instituto de Engenharia promove a Engenharia em benef\u00edcio do desenvolvimento e da qualidade de vida da sociedade.\",\"publisher\":{\"@id\":\"https:\/\/www.institutodeengenharia.org.br\/site\/#organization\"},\"potentialAction\":[{\"@type\":\"SearchAction\",\"target\":{\"@type\":\"EntryPoint\",\"urlTemplate\":\"https:\/\/www.institutodeengenharia.org.br\/site\/?s={search_term_string}\"},\"query-input\":{\"@type\":\"PropertyValueSpecification\",\"valueRequired\":true,\"valueName\":\"search_term_string\"}}],\"inLanguage\":\"pt-BR\"},{\"@type\":\"Organization\",\"@id\":\"https:\/\/www.institutodeengenharia.org.br\/site\/#organization\",\"name\":\"Instituto de Engenharia\",\"url\":\"https:\/\/www.institutodeengenharia.org.br\/site\/\",\"logo\":{\"@type\":\"ImageObject\",\"inLanguage\":\"pt-BR\",\"@id\":\"https:\/\/www.institutodeengenharia.org.br\/site\/#\/schema\/logo\/image\/\",\"url\":\"https:\/\/www.institutodeengenharia.org.br\/site\/wp-content\/uploads\/2019\/03\/logo-novo-IE2018-1.jpg\",\"contentUrl\":\"https:\/\/www.institutodeengenharia.org.br\/site\/wp-content\/uploads\/2019\/03\/logo-novo-IE2018-1.jpg\",\"width\":1486,\"height\":1879,\"caption\":\"Instituto de Engenharia\"},\"image\":{\"@id\":\"https:\/\/www.institutodeengenharia.org.br\/site\/#\/schema\/logo\/image\/\"},\"sameAs\":[\"https:\/\/www.facebook.com\/institutodeengenharia\",\"https:\/\/x.com\/iengenharia\",\"https:\/\/www.instagram.com\/institutodeengenharia\/\",\"https:\/\/www.linkedin.com\/company\/instituto-de-engenharia\/\",\"https:\/\/www.youtube.com\/channel\/UCXiCAlsSMe977vamW915HxA\"]},{\"@type\":\"Person\",\"@id\":\"https:\/\/www.institutodeengenharia.org.br\/site\/#\/schema\/person\/593dc356630173a4877a635d3e5fd76b\",\"name\":\"Isabel\",\"image\":{\"@type\":\"ImageObject\",\"inLanguage\":\"pt-BR\",\"@id\":\"https:\/\/secure.gravatar.com\/avatar\/f3c521db63ec9db17894f10a88c6a3cf95b2281d7f80eeb3cf3ef1cb091576e7?s=96&d=mm&r=g\",\"url\":\"https:\/\/secure.gravatar.com\/avatar\/f3c521db63ec9db17894f10a88c6a3cf95b2281d7f80eeb3cf3ef1cb091576e7?s=96&d=mm&r=g\",\"contentUrl\":\"https:\/\/secure.gravatar.com\/avatar\/f3c521db63ec9db17894f10a88c6a3cf95b2281d7f80eeb3cf3ef1cb091576e7?s=96&d=mm&r=g\",\"caption\":\"Isabel\"},\"url\":\"https:\/\/www.institutodeengenharia.org.br\/site\/author\/comunicacao2\/\"}]}<\/script>\n<!-- \/ Yoast SEO plugin. -->","yoast_head_json":{"title":"Diretoria do IE prestigia palestra de Ratinho Jr., no Secovi-SP - Instituto de Engenharia","robots":{"index":"index","follow":"follow","max-snippet":"max-snippet:-1","max-image-preview":"max-image-preview:large","max-video-preview":"max-video-preview:-1"},"canonical":"https:\/\/www.institutodeengenharia.org.br\/site\/2025\/05\/07\/diretoria-do-ie-prestigia-palestra-de-ratinho-jr-no-secovi-sp\/","og_locale":"pt_BR","og_type":"article","og_title":"Diretoria do IE prestigia palestra de Ratinho Jr., no Secovi-SP - Instituto de Engenharia","og_description":"Nesta ter\u00e7a (6), o presidente do Instituto de Engenharia, Jos\u00e9 Eduardo Jardim, e a vice-presidente de Administra\u00e7\u00e3o e Finan\u00e7as, Miriana Marques, prestigiaram a palestra do governador do Paran\u00e1, Carlos Massa Ratinho Junior, que aconteceu na sede do Sindicato das Empresas de Compra, Venda e Administra\u00e7\u00e3o de Im\u00f3veis (Secovi-SP), dentro do encontro do N\u00facleo de Altos [&hellip;]","og_url":"https:\/\/www.institutodeengenharia.org.br\/site\/2025\/05\/07\/diretoria-do-ie-prestigia-palestra-de-ratinho-jr-no-secovi-sp\/","og_site_name":"Instituto de Engenharia","article_publisher":"https:\/\/www.facebook.com\/institutodeengenharia","article_published_time":"2025-05-07T14:55:45+00:00","article_modified_time":"2025-05-07T19:57:56+00:00","og_image":[{"width":2560,"height":1707,"url":"https:\/\/www.institutodeengenharia.org.br\/site\/wp-content\/uploads\/2025\/05\/whatsapp_image_2025-05-06_at_14.27.23-scaled.jpg","type":"image\/jpeg"}],"author":"Isabel","twitter_card":"summary_large_image","twitter_creator":"@iengenharia","twitter_site":"@iengenharia","twitter_misc":{"Escrito por":"Isabel","Est. tempo de leitura":"3 minutos"},"schema":{"@context":"https:\/\/schema.org","@graph":[{"@type":"Article","@id":"https:\/\/www.institutodeengenharia.org.br\/site\/2025\/05\/07\/diretoria-do-ie-prestigia-palestra-de-ratinho-jr-no-secovi-sp\/#article","isPartOf":{"@id":"https:\/\/www.institutodeengenharia.org.br\/site\/2025\/05\/07\/diretoria-do-ie-prestigia-palestra-de-ratinho-jr-no-secovi-sp\/"},"author":{"name":"Isabel","@id":"https:\/\/www.institutodeengenharia.org.br\/site\/#\/schema\/person\/593dc356630173a4877a635d3e5fd76b"},"headline":"Diretoria do IE prestigia palestra de Ratinho Jr., no Secovi-SP","datePublished":"2025-05-07T14:55:45+00:00","dateModified":"2025-05-07T19:57:56+00:00","mainEntityOfPage":{"@id":"https:\/\/www.institutodeengenharia.org.br\/site\/2025\/05\/07\/diretoria-do-ie-prestigia-palestra-de-ratinho-jr-no-secovi-sp\/"},"wordCount":408,"commentCount":0,"publisher":{"@id":"https:\/\/www.institutodeengenharia.org.br\/site\/#organization"},"image":{"@id":"https:\/\/www.institutodeengenharia.org.br\/site\/2025\/05\/07\/diretoria-do-ie-prestigia-palestra-de-ratinho-jr-no-secovi-sp\/#primaryimage"},"thumbnailUrl":"https:\/\/www.institutodeengenharia.org.br\/site\/wp-content\/uploads\/2025\/05\/whatsapp_image_2025-05-06_at_14.27.23-scaled.jpg","articleSection":["Instituto de Engenharia","Not\u00edcias"],"inLanguage":"pt-BR","potentialAction":[{"@type":"CommentAction","name":"Comment","target":["https:\/\/www.institutodeengenharia.org.br\/site\/2025\/05\/07\/diretoria-do-ie-prestigia-palestra-de-ratinho-jr-no-secovi-sp\/#respond"]}]},{"@type":"WebPage","@id":"https:\/\/www.institutodeengenharia.org.br\/site\/2025\/05\/07\/diretoria-do-ie-prestigia-palestra-de-ratinho-jr-no-secovi-sp\/","url":"https:\/\/www.institutodeengenharia.org.br\/site\/2025\/05\/07\/diretoria-do-ie-prestigia-palestra-de-ratinho-jr-no-secovi-sp\/","name":"Diretoria do IE prestigia palestra de Ratinho Jr., no Secovi-SP - Instituto de Engenharia","isPartOf":{"@id":"https:\/\/www.institutodeengenharia.org.br\/site\/#website"},"primaryImageOfPage":{"@id":"https:\/\/www.institutodeengenharia.org.br\/site\/2025\/05\/07\/diretoria-do-ie-prestigia-palestra-de-ratinho-jr-no-secovi-sp\/#primaryimage"},"image":{"@id":"https:\/\/www.institutodeengenharia.org.br\/site\/2025\/05\/07\/diretoria-do-ie-prestigia-palestra-de-ratinho-jr-no-secovi-sp\/#primaryimage"},"thumbnailUrl":"https:\/\/www.institutodeengenharia.org.br\/site\/wp-content\/uploads\/2025\/05\/whatsapp_image_2025-05-06_at_14.27.23-scaled.jpg","datePublished":"2025-05-07T14:55:45+00:00","dateModified":"2025-05-07T19:57:56+00:00","breadcrumb":{"@id":"https:\/\/www.institutodeengenharia.org.br\/site\/2025\/05\/07\/diretoria-do-ie-prestigia-palestra-de-ratinho-jr-no-secovi-sp\/#breadcrumb"},"inLanguage":"pt-BR","potentialAction":[{"@type":"ReadAction","target":["https:\/\/www.institutodeengenharia.org.br\/site\/2025\/05\/07\/diretoria-do-ie-prestigia-palestra-de-ratinho-jr-no-secovi-sp\/"]}]},{"@type":"ImageObject","inLanguage":"pt-BR","@id":"https:\/\/www.institutodeengenharia.org.br\/site\/2025\/05\/07\/diretoria-do-ie-prestigia-palestra-de-ratinho-jr-no-secovi-sp\/#primaryimage","url":"https:\/\/www.institutodeengenharia.org.br\/site\/wp-content\/uploads\/2025\/05\/whatsapp_image_2025-05-06_at_14.27.23-scaled.jpg","contentUrl":"https:\/\/www.institutodeengenharia.org.br\/site\/wp-content\/uploads\/2025\/05\/whatsapp_image_2025-05-06_at_14.27.23-scaled.jpg","width":2560,"height":1707,"caption":"Cr\u00e9dito - Jonathan Campos\/AEN"},{"@type":"BreadcrumbList","@id":"https:\/\/www.institutodeengenharia.org.br\/site\/2025\/05\/07\/diretoria-do-ie-prestigia-palestra-de-ratinho-jr-no-secovi-sp\/#breadcrumb","itemListElement":[{"@type":"ListItem","position":1,"name":"In\u00edcio","item":"https:\/\/www.institutodeengenharia.org.br\/site\/"},{"@type":"ListItem","position":2,"name":"Diretoria do IE prestigia palestra de Ratinho Jr., no Secovi-SP"}]},{"@type":"WebSite","@id":"https:\/\/www.institutodeengenharia.org.br\/site\/#website","url":"https:\/\/www.institutodeengenharia.org.br\/site\/","name":"Instituto de Engenharia","description":"O Instituto de Engenharia promove a Engenharia em benef\u00edcio do desenvolvimento e da qualidade de vida da sociedade.","publisher":{"@id":"https:\/\/www.institutodeengenharia.org.br\/site\/#organization"},"potentialAction":[{"@type":"SearchAction","target":{"@type":"EntryPoint","urlTemplate":"https:\/\/www.institutodeengenharia.org.br\/site\/?s={search_term_string}"},"query-input":{"@type":"PropertyValueSpecification","valueRequired":true,"valueName":"search_term_string"}}],"inLanguage":"pt-BR"},{"@type":"Organization","@id":"https:\/\/www.institutodeengenharia.org.br\/site\/#organization","name":"Instituto de Engenharia","url":"https:\/\/www.institutodeengenharia.org.br\/site\/","logo":{"@type":"ImageObject","inLanguage":"pt-BR","@id":"https:\/\/www.institutodeengenharia.org.br\/site\/#\/schema\/logo\/image\/","url":"https:\/\/www.institutodeengenharia.org.br\/site\/wp-content\/uploads\/2019\/03\/logo-novo-IE2018-1.jpg","contentUrl":"https:\/\/www.institutodeengenharia.org.br\/site\/wp-content\/uploads\/2019\/03\/logo-novo-IE2018-1.jpg","width":1486,"height":1879,"caption":"Instituto de Engenharia"},"image":{"@id":"https:\/\/www.institutodeengenharia.org.br\/site\/#\/schema\/logo\/image\/"},"sameAs":["https:\/\/www.facebook.com\/institutodeengenharia","https:\/\/x.com\/iengenharia","https:\/\/www.instagram.com\/institutodeengenharia\/","https:\/\/www.linkedin.com\/company\/instituto-de-engenharia\/","https:\/\/www.youtube.com\/channel\/UCXiCAlsSMe977vamW915HxA"]},{"@type":"Person","@id":"https:\/\/www.institutodeengenharia.org.br\/site\/#\/schema\/person\/593dc356630173a4877a635d3e5fd76b","name":"Isabel","image":{"@type":"ImageObject","inLanguage":"pt-BR","@id":"https:\/\/secure.gravatar.com\/avatar\/f3c521db63ec9db17894f10a88c6a3cf95b2281d7f80eeb3cf3ef1cb091576e7?s=96&d=mm&r=g","url":"https:\/\/secure.gravatar.com\/avatar\/f3c521db63ec9db17894f10a88c6a3cf95b2281d7f80eeb3cf3ef1cb091576e7?s=96&d=mm&r=g","contentUrl":"https:\/\/secure.gravatar.com\/avatar\/f3c521db63ec9db17894f10a88c6a3cf95b2281d7f80eeb3cf3ef1cb091576e7?s=96&d=mm&r=g","caption":"Isabel"},"url":"https:\/\/www.institutodeengenharia.org.br\/site\/author\/comunicacao2\/"}]}},"_links":{"self":[{"href":"https:\/\/www.institutodeengenharia.org.br\/site\/wp-json\/wp\/v2\/posts\/128492","targetHints":{"allow":["GET"]}}],"collection":[{"href":"https:\/\/www.institutodeengenharia.org.br\/site\/wp-json\/wp\/v2\/posts"}],"about":[{"href":"https:\/\/www.institutodeengenharia.org.br\/site\/wp-json\/wp\/v2\/types\/post"}],"author":[{"embeddable":true,"href":"https:\/\/www.institutodeengenharia.org.br\/site\/wp-json\/wp\/v2\/users\/14"}],"replies":[{"embeddable":true,"href":"https:\/\/www.institutodeengenharia.org.br\/site\/wp-json\/wp\/v2\/comments?post=128492"}],"version-history":[{"count":5,"href":"https:\/\/www.institutodeengenharia.org.br\/site\/wp-json\/wp\/v2\/posts\/128492\/revisions"}],"predecessor-version":[{"id":128503,"href":"https:\/\/www.institutodeengenharia.org.br\/site\/wp-json\/wp\/v2\/posts\/128492\/revisions\/128503"}],"wp:featuredmedia":[{"embeddable":true,"href":"https:\/\/www.institutodeengenharia.org.br\/site\/wp-json\/wp\/v2\/media\/128493"}],"wp:attachment":[{"href":"https:\/\/www.institutodeengenharia.org.br\/site\/wp-json\/wp\/v2\/media?parent=128492"}],"wp:term":[{"taxonomy":"category","embeddable":true,"href":"https:\/\/www.institutodeengenharia.org.br\/site\/wp-json\/wp\/v2\/categories?post=128492"},{"taxonomy":"post_tag","embeddable":true,"href":"https:\/\/www.institutodeengenharia.org.br\/site\/wp-json\/wp\/v2\/tags?post=128492"}],"curies":[{"name":"wp","href":"https:\/\/api.w.org\/{rel}","templated":true}]}}