{"id":128452,"date":"2025-05-06T16:17:55","date_gmt":"2025-05-06T19:17:55","guid":{"rendered":"https:\/\/www.institutodeengenharia.org.br\/site\/?p=128452"},"modified":"2025-05-07T10:36:11","modified_gmt":"2025-05-07T13:36:11","slug":"por-george-paulus-dias-ia-e-narrativa-da-fabrica-invisivel-entre-tokens-energia-e-estrategia","status":"publish","type":"post","link":"https:\/\/www.institutodeengenharia.org.br\/site\/2025\/05\/06\/por-george-paulus-dias-ia-e-narrativa-da-fabrica-invisivel-entre-tokens-energia-e-estrategia\/","title":{"rendered":"Por George Paulus Dias \u2013 IA e narrativa da f\u00e1brica invis\u00edvel: entre tokens, energia e estrat\u00e9gia"},"content":{"rendered":"<p>Na recente edi\u00e7\u00e3o do Hill &amp; Valley Forum, o CEO da Nvidia, Jensen Huang, voltou a apresentar sua vis\u00e3o para a pr\u00f3xima revolu\u00e7\u00e3o industrial: <a href=\"https:\/\/youtu.be\/nkhrEnuZi20?si=RS1SnQdMeR0-YKUn\">f\u00e1bricas de intelig\u00eancia artificial que produzem <strong>tokens<\/strong><\/a> \u2014 unidades matem\u00e1ticas capazes de gerar texto, imagens, decis\u00f5es, prote\u00ednas, enfim, os novos \u201cprodutos\u201d digitais do s\u00e9culo XXI. Na sua narrativa, cada organiza\u00e7\u00e3o passar\u00e1 a operar dois tipos de f\u00e1brica: a que entrega o produto f\u00edsico e outra, paralela, que gera a intelig\u00eancia que o comanda. A met\u00e1fora \u00e9 poderosa. Mas tamb\u00e9m exige cautela.<\/p>\n<p>A argumenta\u00e7\u00e3o de Huang se ancora em tr\u00eas camadas: tecnologia, infraestrutura e aplica\u00e7\u00e3o. No plano tecnol\u00f3gico, ele descreve uma transforma\u00e7\u00e3o silenciosa, por\u00e9m radical \u2014 a substitui\u00e7\u00e3o do software tradicional por \u201csistemas aprendidos\u201d, que n\u00e3o s\u00e3o programados linha a linha, mas treinados em vastas quantidades de dados. Aqui, o impacto \u00e9 real e ineg\u00e1vel. O ciclo de desenvolvimento de sistemas mudou e, com ele, muda tamb\u00e9m o papel do engenheiro, do projetista, do gerente de produto e do decisor p\u00fablico.<\/p>\n<p>O ponto de virada, contudo, est\u00e1 na camada intermedi\u00e1ria: o que Huang chama de <strong>AI factories<\/strong>. Supercomputadores que consomem energia em larga escala e produzem tokens continuamente, em opera\u00e7\u00f5es cuja l\u00f3gica econ\u00f4mica se aproxima mais da ind\u00fastria de base do que da de software. E \u00e9 aqui que a vis\u00e3o come\u00e7a a pedir contrapontos mais s\u00e9rios.<\/p>\n<p>Primeiro, porque estamos naturalizando a ideia de que intelig\u00eancia se fabrica com energia el\u00e9trica, como se a \u00fanica vari\u00e1vel fosse o acesso a datacenters. Isso ignora externalidades fundamentais. O consumo energ\u00e9tico projetado para essa nova camada de infraestrutura cresce exponencialmente, em um momento em que sistemas el\u00e9tricos ainda lutam para dar conta da transi\u00e7\u00e3o energ\u00e9tica e da estabilidade de redes. Em termos simples: uma f\u00e1brica de IA de 1 GW pode custar algo na ordem de grandeza da centena de bilh\u00f5es de reais. Mas quanto custa a energia que ela exigir\u00e1 ao longo de sua vida \u00fatil? E qual \u00e9 a real origem dessa energia?<\/p>\n<p>Segundo, porque o modelo produtivo descrito pressup\u00f5e concentra\u00e7\u00e3o. N\u00e3o \u00e9 trivial que a met\u00e1fora usada para o futuro digital seja uma f\u00e1brica \u2014 ela carrega consigo economias de escala, barreiras de entrada e centraliza\u00e7\u00e3o de poder. Quem controlar os tokens, controlar\u00e1 os fluxos de decis\u00e3o de outros setores. E neste ponto, os riscos deixam de ser tecnol\u00f3gicos e passam a ser estrat\u00e9gicos. A divis\u00e3o global do trabalho pode se redesenhar n\u00e3o apenas em torno de minerais cr\u00edticos, mas em torno de capacidade computacional instalada.<\/p>\n<p>No plano das aplica\u00e7\u00f5es, Huang \u00e9 otimista: educa\u00e7\u00e3o, sa\u00fade, finan\u00e7as, manufatura \u2014 tudo ser\u00e1 transformado. Tamb\u00e9m aposto nisso. Mas ao apresentar a IA como ferramenta de aumento de produtividade universal, ele contorna um ponto estrutural: a assimetria de acesso. Poucos pa\u00edses (e poucas empresas) conseguir\u00e3o de fato operar essas \u201cf\u00e1bricas invis\u00edveis\u201d no curto e m\u00e9dio prazo. A maioria depender\u00e1 de infraestrutura, modelos e at\u00e9 decis\u00f5es tomadas por terceiros, a milhares de quil\u00f4metros de dist\u00e2ncia. Em nome da \u201cautonomia estrat\u00e9gica\u201d, talvez seja hora de incluirmos IA e computa\u00e7\u00e3o de alto desempenho nas agendas de pol\u00edtica industrial e de inova\u00e7\u00e3o tecnol\u00f3gica \u2014 antes que nossa depend\u00eancia seja irrevers\u00edvel.<\/p>\n<p>No campo do trabalho, a fala de Huang soa bem-intencionada, mas deliberadamente ing\u00eanua. Ele afirma que &#8220;n\u00e3o \u00e9 a IA que vai tirar seu emprego, mas quem souber us\u00e1-la&#8221;. Verdade parcial. A mudan\u00e7a de paradigma exige mais do que &#8220;aprender a usar IA&#8221;. Ela requer pol\u00edticas p\u00fablicas, requalifica\u00e7\u00e3o massiva, redesenho de sistemas educacionais e, sobretudo, uma compreens\u00e3o do novo papel das profiss\u00f5es t\u00e9cnicas e dos of\u00edcios industriais. \u00c9 reconfortante ouvir que eletricistas, encanadores e carpinteiros ser\u00e3o protagonistas do novo ciclo. Mas quem est\u00e1 investindo \u2014 de fato \u2014 na forma\u00e7\u00e3o desse contingente?<\/p>\n<p>Ao fim, o que Huang descreve n\u00e3o \u00e9 apenas uma nova tecnologia, mas um novo regime t\u00e9cnico-econ\u00f4mico. Um regime em que decis\u00f5es estrat\u00e9gicas, industriais e at\u00e9 geopol\u00edticas orbitam em torno da capacidade de gerar e aplicar tokens \u2014 o novo a\u00e7o da era digital. Por isso, mais do que entusiasmo, o momento pede lucidez.<\/p>\n<p>Engenheiros, formuladores de pol\u00edticas e tomadores de decis\u00e3o precisam olhar para essa revolu\u00e7\u00e3o com o mesmo rigor com que analisariam a constru\u00e7\u00e3o de uma usina hidrel\u00e9trica ou a concess\u00e3o de uma rodovia: onde est\u00e1 a infraestrutura? Quem controla os insumos? Qual \u00e9 a externalidade l\u00edquida? E, principalmente: quem definir\u00e1 os padr\u00f5es que v\u00e3o reger essas novas f\u00e1bricas invis\u00edveis?<\/p>\n<p>Sem essas perguntas, corremos o risco de embarcar na narrativa encantadora das f\u00e1bricas de tokens sem compreender plenamente as suas consequ\u00eancias estruturais. Em vez de garantir autonomia e competitividade, podemos refor\u00e7ar depend\u00eancias tecnol\u00f3gicas e econ\u00f4micas dif\u00edceis de reverter no futuro.<\/p>\n<p>Cabe, portanto, uma postura simultaneamente ambiciosa e vigilante. Investir em capacita\u00e7\u00e3o e pesquisa \u00e9 urgente, assim como discutir o consumo de energia, as concentra\u00e7\u00f5es de mercado e os crit\u00e9rios \u00e9ticos para rob\u00f4s movidos \u00e0 intelig\u00eancia artificial.<\/p>\n<p><strong>THE HILL &amp; VALLEY FORUM<\/strong>. NVIDIA CEO Jensen Huang | Rebuilding Industrial Power: AI Factories &amp; the Return of US Manufacturing. YouTube, 3 mai. 2025. 1h05min26s. Dispon\u00edvel em: <a href=\"https:\/\/www.youtube.com\/watch?v=nkhrEnuZi20\">https:\/\/www.youtube.com\/watch?v=nkhrEnuZi20<\/a>. Acesso em: 4 maio 2025.<\/p>\n<p>________________________________________________________________________<\/p>\n<p>* <a href=\"https:\/\/www.linkedin.com\/in\/georgepaulus\/\">George Paulus Dias<\/a> \u00e9 engenheiro de produ\u00e7\u00e3o pela Escola Polit\u00e9cnica da USP, mestre e doutor em Log\u00edstica e Educa\u00e7\u00e3o com Jogos. \u00c9 empreendedor na \u00e1rea de sistemas de informa\u00e7\u00e3o e educa\u00e7\u00e3o. Acumulou 20 anos de experi\u00eancia docente.<br \/>\n\u00c9 conselheiro do Instituto de Engenharia onde tamb\u00e9m coordena o GT de Bioeconomia Nacional.<\/p>\n","protected":false},"excerpt":{"rendered":"<p>Na recente edi\u00e7\u00e3o do Hill &amp; Valley Forum, o CEO da Nvidia, Jensen Huang, voltou a apresentar sua vis\u00e3o para a pr\u00f3xima revolu\u00e7\u00e3o industrial: f\u00e1bricas de intelig\u00eancia artificial que produzem tokens \u2014 unidades matem\u00e1ticas capazes de gerar texto, imagens, decis\u00f5es, prote\u00ednas, enfim, os novos \u201cprodutos\u201d digitais do s\u00e9culo XXI. Na sua narrativa, cada organiza\u00e7\u00e3o passar\u00e1 [&hellip;]<\/p>\n","protected":false},"author":13,"featured_media":128453,"comment_status":"open","ping_status":"open","sticky":false,"template":"","format":"standard","meta":{"footnotes":""},"categories":[11,1526],"tags":[],"class_list":{"0":"post-128452","1":"post","2":"type-post","3":"status-publish","4":"format-standard","5":"has-post-thumbnail","7":"category-articulistas","8":"category-george-paulus-dias"},"yoast_head":"<!-- This site is optimized with the Yoast SEO plugin v27.2 - https:\/\/yoast.com\/product\/yoast-seo-wordpress\/ -->\n<title>Por George Paulus Dias \u2013 IA e narrativa da f\u00e1brica invis\u00edvel: entre tokens, energia e estrat\u00e9gia - Instituto de Engenharia<\/title>\n<meta name=\"robots\" content=\"index, follow, max-snippet:-1, max-image-preview:large, max-video-preview:-1\" \/>\n<link rel=\"canonical\" href=\"https:\/\/www.institutodeengenharia.org.br\/site\/2025\/05\/06\/por-george-paulus-dias-ia-e-narrativa-da-fabrica-invisivel-entre-tokens-energia-e-estrategia\/\" \/>\n<meta property=\"og:locale\" content=\"pt_BR\" \/>\n<meta property=\"og:type\" content=\"article\" \/>\n<meta property=\"og:title\" content=\"Por George Paulus Dias \u2013 IA e narrativa da f\u00e1brica invis\u00edvel: entre tokens, energia e estrat\u00e9gia - Instituto de Engenharia\" \/>\n<meta property=\"og:description\" content=\"Na recente edi\u00e7\u00e3o do Hill &amp; Valley Forum, o CEO da Nvidia, Jensen Huang, voltou a apresentar sua vis\u00e3o para a pr\u00f3xima revolu\u00e7\u00e3o industrial: f\u00e1bricas de intelig\u00eancia artificial que produzem tokens \u2014 unidades matem\u00e1ticas capazes de gerar texto, imagens, decis\u00f5es, prote\u00ednas, enfim, os novos \u201cprodutos\u201d digitais do s\u00e9culo XXI. Na sua narrativa, cada organiza\u00e7\u00e3o passar\u00e1 [&hellip;]\" \/>\n<meta property=\"og:url\" content=\"https:\/\/www.institutodeengenharia.org.br\/site\/2025\/05\/06\/por-george-paulus-dias-ia-e-narrativa-da-fabrica-invisivel-entre-tokens-energia-e-estrategia\/\" \/>\n<meta property=\"og:site_name\" content=\"Instituto de Engenharia\" \/>\n<meta property=\"article:publisher\" content=\"https:\/\/www.facebook.com\/institutodeengenharia\" \/>\n<meta property=\"article:published_time\" content=\"2025-05-06T19:17:55+00:00\" \/>\n<meta property=\"article:modified_time\" content=\"2025-05-07T13:36:11+00:00\" \/>\n<meta property=\"og:image\" content=\"https:\/\/www.institutodeengenharia.org.br\/site\/wp-content\/uploads\/2025\/05\/ARTIGOGEORGE-1024x683.png\" \/>\n\t<meta property=\"og:image:width\" content=\"1024\" \/>\n\t<meta property=\"og:image:height\" content=\"683\" \/>\n\t<meta property=\"og:image:type\" content=\"image\/png\" \/>\n<meta name=\"author\" content=\"Bianca\" \/>\n<meta name=\"twitter:card\" content=\"summary_large_image\" \/>\n<meta name=\"twitter:creator\" content=\"@iengenharia\" \/>\n<meta name=\"twitter:site\" content=\"@iengenharia\" \/>\n<meta name=\"twitter:label1\" content=\"Escrito por\" \/>\n\t<meta name=\"twitter:data1\" content=\"Bianca\" \/>\n\t<meta name=\"twitter:label2\" content=\"Est. tempo de leitura\" \/>\n\t<meta name=\"twitter:data2\" content=\"6 minutos\" \/>\n<script type=\"application\/ld+json\" class=\"yoast-schema-graph\">{\"@context\":\"https:\/\/schema.org\",\"@graph\":[{\"@type\":\"Article\",\"@id\":\"https:\/\/www.institutodeengenharia.org.br\/site\/2025\/05\/06\/por-george-paulus-dias-ia-e-narrativa-da-fabrica-invisivel-entre-tokens-energia-e-estrategia\/#article\",\"isPartOf\":{\"@id\":\"https:\/\/www.institutodeengenharia.org.br\/site\/2025\/05\/06\/por-george-paulus-dias-ia-e-narrativa-da-fabrica-invisivel-entre-tokens-energia-e-estrategia\/\"},\"author\":{\"name\":\"Bianca\",\"@id\":\"https:\/\/www.institutodeengenharia.org.br\/site\/#\/schema\/person\/aeb64951c405e100d26d30b033dd423f\"},\"headline\":\"Por George Paulus Dias \u2013 IA e narrativa da f\u00e1brica invis\u00edvel: entre tokens, energia e estrat\u00e9gia\",\"datePublished\":\"2025-05-06T19:17:55+00:00\",\"dateModified\":\"2025-05-07T13:36:11+00:00\",\"mainEntityOfPage\":{\"@id\":\"https:\/\/www.institutodeengenharia.org.br\/site\/2025\/05\/06\/por-george-paulus-dias-ia-e-narrativa-da-fabrica-invisivel-entre-tokens-energia-e-estrategia\/\"},\"wordCount\":1005,\"commentCount\":0,\"publisher\":{\"@id\":\"https:\/\/www.institutodeengenharia.org.br\/site\/#organization\"},\"image\":{\"@id\":\"https:\/\/www.institutodeengenharia.org.br\/site\/2025\/05\/06\/por-george-paulus-dias-ia-e-narrativa-da-fabrica-invisivel-entre-tokens-energia-e-estrategia\/#primaryimage\"},\"thumbnailUrl\":\"https:\/\/www.institutodeengenharia.org.br\/site\/wp-content\/uploads\/2025\/05\/ARTIGOGEORGE.png\",\"articleSection\":[\"Articulistas\",\"George Paulus Dias\"],\"inLanguage\":\"pt-BR\",\"potentialAction\":[{\"@type\":\"CommentAction\",\"name\":\"Comment\",\"target\":[\"https:\/\/www.institutodeengenharia.org.br\/site\/2025\/05\/06\/por-george-paulus-dias-ia-e-narrativa-da-fabrica-invisivel-entre-tokens-energia-e-estrategia\/#respond\"]}]},{\"@type\":\"WebPage\",\"@id\":\"https:\/\/www.institutodeengenharia.org.br\/site\/2025\/05\/06\/por-george-paulus-dias-ia-e-narrativa-da-fabrica-invisivel-entre-tokens-energia-e-estrategia\/\",\"url\":\"https:\/\/www.institutodeengenharia.org.br\/site\/2025\/05\/06\/por-george-paulus-dias-ia-e-narrativa-da-fabrica-invisivel-entre-tokens-energia-e-estrategia\/\",\"name\":\"Por George Paulus Dias \u2013 IA e narrativa da f\u00e1brica invis\u00edvel: entre tokens, energia e estrat\u00e9gia - Instituto de Engenharia\",\"isPartOf\":{\"@id\":\"https:\/\/www.institutodeengenharia.org.br\/site\/#website\"},\"primaryImageOfPage\":{\"@id\":\"https:\/\/www.institutodeengenharia.org.br\/site\/2025\/05\/06\/por-george-paulus-dias-ia-e-narrativa-da-fabrica-invisivel-entre-tokens-energia-e-estrategia\/#primaryimage\"},\"image\":{\"@id\":\"https:\/\/www.institutodeengenharia.org.br\/site\/2025\/05\/06\/por-george-paulus-dias-ia-e-narrativa-da-fabrica-invisivel-entre-tokens-energia-e-estrategia\/#primaryimage\"},\"thumbnailUrl\":\"https:\/\/www.institutodeengenharia.org.br\/site\/wp-content\/uploads\/2025\/05\/ARTIGOGEORGE.png\",\"datePublished\":\"2025-05-06T19:17:55+00:00\",\"dateModified\":\"2025-05-07T13:36:11+00:00\",\"breadcrumb\":{\"@id\":\"https:\/\/www.institutodeengenharia.org.br\/site\/2025\/05\/06\/por-george-paulus-dias-ia-e-narrativa-da-fabrica-invisivel-entre-tokens-energia-e-estrategia\/#breadcrumb\"},\"inLanguage\":\"pt-BR\",\"potentialAction\":[{\"@type\":\"ReadAction\",\"target\":[\"https:\/\/www.institutodeengenharia.org.br\/site\/2025\/05\/06\/por-george-paulus-dias-ia-e-narrativa-da-fabrica-invisivel-entre-tokens-energia-e-estrategia\/\"]}]},{\"@type\":\"ImageObject\",\"inLanguage\":\"pt-BR\",\"@id\":\"https:\/\/www.institutodeengenharia.org.br\/site\/2025\/05\/06\/por-george-paulus-dias-ia-e-narrativa-da-fabrica-invisivel-entre-tokens-energia-e-estrategia\/#primaryimage\",\"url\":\"https:\/\/www.institutodeengenharia.org.br\/site\/wp-content\/uploads\/2025\/05\/ARTIGOGEORGE.png\",\"contentUrl\":\"https:\/\/www.institutodeengenharia.org.br\/site\/wp-content\/uploads\/2025\/05\/ARTIGOGEORGE.png\",\"width\":1536,\"height\":1024,\"caption\":\"Imagem gerada com GPT4o\"},{\"@type\":\"BreadcrumbList\",\"@id\":\"https:\/\/www.institutodeengenharia.org.br\/site\/2025\/05\/06\/por-george-paulus-dias-ia-e-narrativa-da-fabrica-invisivel-entre-tokens-energia-e-estrategia\/#breadcrumb\",\"itemListElement\":[{\"@type\":\"ListItem\",\"position\":1,\"name\":\"In\u00edcio\",\"item\":\"https:\/\/www.institutodeengenharia.org.br\/site\/\"},{\"@type\":\"ListItem\",\"position\":2,\"name\":\"Por George Paulus Dias \u2013 IA e narrativa da f\u00e1brica invis\u00edvel: entre tokens, energia e estrat\u00e9gia\"}]},{\"@type\":\"WebSite\",\"@id\":\"https:\/\/www.institutodeengenharia.org.br\/site\/#website\",\"url\":\"https:\/\/www.institutodeengenharia.org.br\/site\/\",\"name\":\"Instituto de Engenharia\",\"description\":\"O Instituto de Engenharia promove a Engenharia em benef\u00edcio do desenvolvimento e da qualidade de vida da sociedade.\",\"publisher\":{\"@id\":\"https:\/\/www.institutodeengenharia.org.br\/site\/#organization\"},\"potentialAction\":[{\"@type\":\"SearchAction\",\"target\":{\"@type\":\"EntryPoint\",\"urlTemplate\":\"https:\/\/www.institutodeengenharia.org.br\/site\/?s={search_term_string}\"},\"query-input\":{\"@type\":\"PropertyValueSpecification\",\"valueRequired\":true,\"valueName\":\"search_term_string\"}}],\"inLanguage\":\"pt-BR\"},{\"@type\":\"Organization\",\"@id\":\"https:\/\/www.institutodeengenharia.org.br\/site\/#organization\",\"name\":\"Instituto de Engenharia\",\"url\":\"https:\/\/www.institutodeengenharia.org.br\/site\/\",\"logo\":{\"@type\":\"ImageObject\",\"inLanguage\":\"pt-BR\",\"@id\":\"https:\/\/www.institutodeengenharia.org.br\/site\/#\/schema\/logo\/image\/\",\"url\":\"https:\/\/www.institutodeengenharia.org.br\/site\/wp-content\/uploads\/2019\/03\/logo-novo-IE2018-1.jpg\",\"contentUrl\":\"https:\/\/www.institutodeengenharia.org.br\/site\/wp-content\/uploads\/2019\/03\/logo-novo-IE2018-1.jpg\",\"width\":1486,\"height\":1879,\"caption\":\"Instituto de Engenharia\"},\"image\":{\"@id\":\"https:\/\/www.institutodeengenharia.org.br\/site\/#\/schema\/logo\/image\/\"},\"sameAs\":[\"https:\/\/www.facebook.com\/institutodeengenharia\",\"https:\/\/x.com\/iengenharia\",\"https:\/\/www.instagram.com\/institutodeengenharia\/\",\"https:\/\/www.linkedin.com\/company\/instituto-de-engenharia\/\",\"https:\/\/www.youtube.com\/channel\/UCXiCAlsSMe977vamW915HxA\"]},{\"@type\":\"Person\",\"@id\":\"https:\/\/www.institutodeengenharia.org.br\/site\/#\/schema\/person\/aeb64951c405e100d26d30b033dd423f\",\"name\":\"Bianca\",\"image\":{\"@type\":\"ImageObject\",\"inLanguage\":\"pt-BR\",\"@id\":\"https:\/\/secure.gravatar.com\/avatar\/a6fbe9bff57405baf4c1e2c5c1811e072b558253974a9f9508f4678900c97c2a?s=96&d=mm&r=g\",\"url\":\"https:\/\/secure.gravatar.com\/avatar\/a6fbe9bff57405baf4c1e2c5c1811e072b558253974a9f9508f4678900c97c2a?s=96&d=mm&r=g\",\"contentUrl\":\"https:\/\/secure.gravatar.com\/avatar\/a6fbe9bff57405baf4c1e2c5c1811e072b558253974a9f9508f4678900c97c2a?s=96&d=mm&r=g\",\"caption\":\"Bianca\"},\"url\":\"https:\/\/www.institutodeengenharia.org.br\/site\/author\/comunicacao1\/\"}]}<\/script>\n<!-- \/ Yoast SEO plugin. -->","yoast_head_json":{"title":"Por George Paulus Dias \u2013 IA e narrativa da f\u00e1brica invis\u00edvel: entre tokens, energia e estrat\u00e9gia - Instituto de Engenharia","robots":{"index":"index","follow":"follow","max-snippet":"max-snippet:-1","max-image-preview":"max-image-preview:large","max-video-preview":"max-video-preview:-1"},"canonical":"https:\/\/www.institutodeengenharia.org.br\/site\/2025\/05\/06\/por-george-paulus-dias-ia-e-narrativa-da-fabrica-invisivel-entre-tokens-energia-e-estrategia\/","og_locale":"pt_BR","og_type":"article","og_title":"Por George Paulus Dias \u2013 IA e narrativa da f\u00e1brica invis\u00edvel: entre tokens, energia e estrat\u00e9gia - Instituto de Engenharia","og_description":"Na recente edi\u00e7\u00e3o do Hill &amp; Valley Forum, o CEO da Nvidia, Jensen Huang, voltou a apresentar sua vis\u00e3o para a pr\u00f3xima revolu\u00e7\u00e3o industrial: f\u00e1bricas de intelig\u00eancia artificial que produzem tokens \u2014 unidades matem\u00e1ticas capazes de gerar texto, imagens, decis\u00f5es, prote\u00ednas, enfim, os novos \u201cprodutos\u201d digitais do s\u00e9culo XXI. Na sua narrativa, cada organiza\u00e7\u00e3o passar\u00e1 [&hellip;]","og_url":"https:\/\/www.institutodeengenharia.org.br\/site\/2025\/05\/06\/por-george-paulus-dias-ia-e-narrativa-da-fabrica-invisivel-entre-tokens-energia-e-estrategia\/","og_site_name":"Instituto de Engenharia","article_publisher":"https:\/\/www.facebook.com\/institutodeengenharia","article_published_time":"2025-05-06T19:17:55+00:00","article_modified_time":"2025-05-07T13:36:11+00:00","og_image":[{"width":1024,"height":683,"url":"https:\/\/www.institutodeengenharia.org.br\/site\/wp-content\/uploads\/2025\/05\/ARTIGOGEORGE-1024x683.png","type":"image\/png"}],"author":"Bianca","twitter_card":"summary_large_image","twitter_creator":"@iengenharia","twitter_site":"@iengenharia","twitter_misc":{"Escrito por":"Bianca","Est. tempo de leitura":"6 minutos"},"schema":{"@context":"https:\/\/schema.org","@graph":[{"@type":"Article","@id":"https:\/\/www.institutodeengenharia.org.br\/site\/2025\/05\/06\/por-george-paulus-dias-ia-e-narrativa-da-fabrica-invisivel-entre-tokens-energia-e-estrategia\/#article","isPartOf":{"@id":"https:\/\/www.institutodeengenharia.org.br\/site\/2025\/05\/06\/por-george-paulus-dias-ia-e-narrativa-da-fabrica-invisivel-entre-tokens-energia-e-estrategia\/"},"author":{"name":"Bianca","@id":"https:\/\/www.institutodeengenharia.org.br\/site\/#\/schema\/person\/aeb64951c405e100d26d30b033dd423f"},"headline":"Por George Paulus Dias \u2013 IA e narrativa da f\u00e1brica invis\u00edvel: entre tokens, energia e estrat\u00e9gia","datePublished":"2025-05-06T19:17:55+00:00","dateModified":"2025-05-07T13:36:11+00:00","mainEntityOfPage":{"@id":"https:\/\/www.institutodeengenharia.org.br\/site\/2025\/05\/06\/por-george-paulus-dias-ia-e-narrativa-da-fabrica-invisivel-entre-tokens-energia-e-estrategia\/"},"wordCount":1005,"commentCount":0,"publisher":{"@id":"https:\/\/www.institutodeengenharia.org.br\/site\/#organization"},"image":{"@id":"https:\/\/www.institutodeengenharia.org.br\/site\/2025\/05\/06\/por-george-paulus-dias-ia-e-narrativa-da-fabrica-invisivel-entre-tokens-energia-e-estrategia\/#primaryimage"},"thumbnailUrl":"https:\/\/www.institutodeengenharia.org.br\/site\/wp-content\/uploads\/2025\/05\/ARTIGOGEORGE.png","articleSection":["Articulistas","George Paulus Dias"],"inLanguage":"pt-BR","potentialAction":[{"@type":"CommentAction","name":"Comment","target":["https:\/\/www.institutodeengenharia.org.br\/site\/2025\/05\/06\/por-george-paulus-dias-ia-e-narrativa-da-fabrica-invisivel-entre-tokens-energia-e-estrategia\/#respond"]}]},{"@type":"WebPage","@id":"https:\/\/www.institutodeengenharia.org.br\/site\/2025\/05\/06\/por-george-paulus-dias-ia-e-narrativa-da-fabrica-invisivel-entre-tokens-energia-e-estrategia\/","url":"https:\/\/www.institutodeengenharia.org.br\/site\/2025\/05\/06\/por-george-paulus-dias-ia-e-narrativa-da-fabrica-invisivel-entre-tokens-energia-e-estrategia\/","name":"Por George Paulus Dias \u2013 IA e narrativa da f\u00e1brica invis\u00edvel: entre tokens, energia e estrat\u00e9gia - Instituto de Engenharia","isPartOf":{"@id":"https:\/\/www.institutodeengenharia.org.br\/site\/#website"},"primaryImageOfPage":{"@id":"https:\/\/www.institutodeengenharia.org.br\/site\/2025\/05\/06\/por-george-paulus-dias-ia-e-narrativa-da-fabrica-invisivel-entre-tokens-energia-e-estrategia\/#primaryimage"},"image":{"@id":"https:\/\/www.institutodeengenharia.org.br\/site\/2025\/05\/06\/por-george-paulus-dias-ia-e-narrativa-da-fabrica-invisivel-entre-tokens-energia-e-estrategia\/#primaryimage"},"thumbnailUrl":"https:\/\/www.institutodeengenharia.org.br\/site\/wp-content\/uploads\/2025\/05\/ARTIGOGEORGE.png","datePublished":"2025-05-06T19:17:55+00:00","dateModified":"2025-05-07T13:36:11+00:00","breadcrumb":{"@id":"https:\/\/www.institutodeengenharia.org.br\/site\/2025\/05\/06\/por-george-paulus-dias-ia-e-narrativa-da-fabrica-invisivel-entre-tokens-energia-e-estrategia\/#breadcrumb"},"inLanguage":"pt-BR","potentialAction":[{"@type":"ReadAction","target":["https:\/\/www.institutodeengenharia.org.br\/site\/2025\/05\/06\/por-george-paulus-dias-ia-e-narrativa-da-fabrica-invisivel-entre-tokens-energia-e-estrategia\/"]}]},{"@type":"ImageObject","inLanguage":"pt-BR","@id":"https:\/\/www.institutodeengenharia.org.br\/site\/2025\/05\/06\/por-george-paulus-dias-ia-e-narrativa-da-fabrica-invisivel-entre-tokens-energia-e-estrategia\/#primaryimage","url":"https:\/\/www.institutodeengenharia.org.br\/site\/wp-content\/uploads\/2025\/05\/ARTIGOGEORGE.png","contentUrl":"https:\/\/www.institutodeengenharia.org.br\/site\/wp-content\/uploads\/2025\/05\/ARTIGOGEORGE.png","width":1536,"height":1024,"caption":"Imagem gerada com GPT4o"},{"@type":"BreadcrumbList","@id":"https:\/\/www.institutodeengenharia.org.br\/site\/2025\/05\/06\/por-george-paulus-dias-ia-e-narrativa-da-fabrica-invisivel-entre-tokens-energia-e-estrategia\/#breadcrumb","itemListElement":[{"@type":"ListItem","position":1,"name":"In\u00edcio","item":"https:\/\/www.institutodeengenharia.org.br\/site\/"},{"@type":"ListItem","position":2,"name":"Por George Paulus Dias \u2013 IA e narrativa da f\u00e1brica invis\u00edvel: entre tokens, energia e estrat\u00e9gia"}]},{"@type":"WebSite","@id":"https:\/\/www.institutodeengenharia.org.br\/site\/#website","url":"https:\/\/www.institutodeengenharia.org.br\/site\/","name":"Instituto de Engenharia","description":"O Instituto de Engenharia promove a Engenharia em benef\u00edcio do desenvolvimento e da qualidade de vida da sociedade.","publisher":{"@id":"https:\/\/www.institutodeengenharia.org.br\/site\/#organization"},"potentialAction":[{"@type":"SearchAction","target":{"@type":"EntryPoint","urlTemplate":"https:\/\/www.institutodeengenharia.org.br\/site\/?s={search_term_string}"},"query-input":{"@type":"PropertyValueSpecification","valueRequired":true,"valueName":"search_term_string"}}],"inLanguage":"pt-BR"},{"@type":"Organization","@id":"https:\/\/www.institutodeengenharia.org.br\/site\/#organization","name":"Instituto de Engenharia","url":"https:\/\/www.institutodeengenharia.org.br\/site\/","logo":{"@type":"ImageObject","inLanguage":"pt-BR","@id":"https:\/\/www.institutodeengenharia.org.br\/site\/#\/schema\/logo\/image\/","url":"https:\/\/www.institutodeengenharia.org.br\/site\/wp-content\/uploads\/2019\/03\/logo-novo-IE2018-1.jpg","contentUrl":"https:\/\/www.institutodeengenharia.org.br\/site\/wp-content\/uploads\/2019\/03\/logo-novo-IE2018-1.jpg","width":1486,"height":1879,"caption":"Instituto de Engenharia"},"image":{"@id":"https:\/\/www.institutodeengenharia.org.br\/site\/#\/schema\/logo\/image\/"},"sameAs":["https:\/\/www.facebook.com\/institutodeengenharia","https:\/\/x.com\/iengenharia","https:\/\/www.instagram.com\/institutodeengenharia\/","https:\/\/www.linkedin.com\/company\/instituto-de-engenharia\/","https:\/\/www.youtube.com\/channel\/UCXiCAlsSMe977vamW915HxA"]},{"@type":"Person","@id":"https:\/\/www.institutodeengenharia.org.br\/site\/#\/schema\/person\/aeb64951c405e100d26d30b033dd423f","name":"Bianca","image":{"@type":"ImageObject","inLanguage":"pt-BR","@id":"https:\/\/secure.gravatar.com\/avatar\/a6fbe9bff57405baf4c1e2c5c1811e072b558253974a9f9508f4678900c97c2a?s=96&d=mm&r=g","url":"https:\/\/secure.gravatar.com\/avatar\/a6fbe9bff57405baf4c1e2c5c1811e072b558253974a9f9508f4678900c97c2a?s=96&d=mm&r=g","contentUrl":"https:\/\/secure.gravatar.com\/avatar\/a6fbe9bff57405baf4c1e2c5c1811e072b558253974a9f9508f4678900c97c2a?s=96&d=mm&r=g","caption":"Bianca"},"url":"https:\/\/www.institutodeengenharia.org.br\/site\/author\/comunicacao1\/"}]}},"_links":{"self":[{"href":"https:\/\/www.institutodeengenharia.org.br\/site\/wp-json\/wp\/v2\/posts\/128452","targetHints":{"allow":["GET"]}}],"collection":[{"href":"https:\/\/www.institutodeengenharia.org.br\/site\/wp-json\/wp\/v2\/posts"}],"about":[{"href":"https:\/\/www.institutodeengenharia.org.br\/site\/wp-json\/wp\/v2\/types\/post"}],"author":[{"embeddable":true,"href":"https:\/\/www.institutodeengenharia.org.br\/site\/wp-json\/wp\/v2\/users\/13"}],"replies":[{"embeddable":true,"href":"https:\/\/www.institutodeengenharia.org.br\/site\/wp-json\/wp\/v2\/comments?post=128452"}],"version-history":[{"count":3,"href":"https:\/\/www.institutodeengenharia.org.br\/site\/wp-json\/wp\/v2\/posts\/128452\/revisions"}],"predecessor-version":[{"id":128465,"href":"https:\/\/www.institutodeengenharia.org.br\/site\/wp-json\/wp\/v2\/posts\/128452\/revisions\/128465"}],"wp:featuredmedia":[{"embeddable":true,"href":"https:\/\/www.institutodeengenharia.org.br\/site\/wp-json\/wp\/v2\/media\/128453"}],"wp:attachment":[{"href":"https:\/\/www.institutodeengenharia.org.br\/site\/wp-json\/wp\/v2\/media?parent=128452"}],"wp:term":[{"taxonomy":"category","embeddable":true,"href":"https:\/\/www.institutodeengenharia.org.br\/site\/wp-json\/wp\/v2\/categories?post=128452"},{"taxonomy":"post_tag","embeddable":true,"href":"https:\/\/www.institutodeengenharia.org.br\/site\/wp-json\/wp\/v2\/tags?post=128452"}],"curies":[{"name":"wp","href":"https:\/\/api.w.org\/{rel}","templated":true}]}}