{"id":128350,"date":"2025-04-29T12:04:24","date_gmt":"2025-04-29T15:04:24","guid":{"rendered":"https:\/\/www.institutodeengenharia.org.br\/site\/?p=128350"},"modified":"2025-04-29T12:04:24","modified_gmt":"2025-04-29T15:04:24","slug":"o-mundo-tem-fome-energia-para-plantar-colher-embalar-transportar-e-distribuir-alimentos","status":"publish","type":"post","link":"https:\/\/www.institutodeengenharia.org.br\/site\/2025\/04\/29\/o-mundo-tem-fome-energia-para-plantar-colher-embalar-transportar-e-distribuir-alimentos\/","title":{"rendered":"O mundo tem fome &#8211; Energia para plantar colher, embalar, transportar e distribuir alimentos?"},"content":{"rendered":"<p><strong>O Mundo Tem Fome<\/strong><\/p>\n<p>A proje\u00e7\u00e3o da ONU \u00e9 clara e preocupante: no ano 2050, nosso planeta abrigar\u00e1 cerca de 9 bilh\u00f5es de pessoas. Um aumento populacional significativo que nos imp\u00f5e uma quest\u00e3o central e inadi\u00e1vel: onde ser\u00e3o produzidos os alimentos para essa crescente popula\u00e7\u00e3o, especialmente considerando que a maior parte desse crescimento se concentrar\u00e1 no Sudeste Asi\u00e1tico?<\/p>\n<p><strong>Um Enfoque Hol\u00edstico sobre Energia<\/strong><\/p>\n<p>Diante desse desafio global, o Instituto de Engenharia apresenta sua mais nova frente de atua\u00e7\u00e3o: a <strong>Divis\u00e3o T\u00e9cnica de Projetos de Energia<\/strong>. A iniciativa nasce do reconhecimento de que a produ\u00e7\u00e3o de alimentos em larga escala, em diferentes regi\u00f5es do planeta, est\u00e1 intrinsecamente ligada \u00e0 disponibilidade e ao uso eficiente de energia.<\/p>\n<p>Seja na irriga\u00e7\u00e3o de terras antes consideradas improdutivas &#8211; como o semi\u00e1rido brasileiro, onde a produ\u00e7\u00e3o de culturas como o mel\u00e3o demonstra um potencial surpreendente \u2013, no desenvolvimento de tecnologias de conserva\u00e7\u00e3o do fruto maduro que viabilizam o transporte a longas dist\u00e2ncias ou na otimiza\u00e7\u00e3o dos processos de produ\u00e7\u00e3o e log\u00edstica de transporte, a energia desempenha um papel central.<\/p>\n<p><strong>A energia est\u00e1 em tudo.<\/strong><\/p>\n<p>\u201c<em>Chineses comem mel\u00e3o de Mossor\u00f3<\/em>\u201d \u2013 Algum tempo atr\u00e1s essa afirma\u00e7\u00e3o soaria esdr\u00faxula pois, para come\u00e7o de conversa, Mossor\u00f3 situa-se no semi\u00e1rido nordestino, onde a agricultura em larga escala era considerada invi\u00e1vel. Entretanto, com a aplica\u00e7\u00e3o de tecnologia de irriga\u00e7\u00e3o por gotejamento trazida de Israel, aliada \u00e0s novas tecnologias de conserva\u00e7\u00e3o que prolongam a vida de prateleira, tornou-se poss\u00edvel fornecer frutas in natura para pa\u00edses distantes. Al\u00e9m do mais, a localiza\u00e7\u00e3o de Mossor\u00f3 e munic\u00edpios vizinhos &#8211; quase na linha do equador &#8211; permite tr\u00eas safras por ano, garantindo alta produtividade e frutos mais doces e mais saborosos.<\/p>\n<p>Mais curioso ainda \u00e9 perceber que o mel\u00e3o \u00e9 composto por 80% de \u00e1gua. Assim, ao exportar mel\u00f5es, melancias e outras frutas produzidas no semi\u00e1rido para regi\u00f5es de escassez h\u00eddrica cr\u00f4nica, como o Oriente M\u00e9dio, estamos, na verdade, exportando \u00e1gua &#8211;<strong><em> embalada na forma de fruta<\/em><\/strong>.<\/p>\n<p><strong>O Papel do Instituto de Engenharia<\/strong><\/p>\n<p>Em s\u00edntese, esse \u00e9 o esp\u00edrito que guiar\u00e1 o plano de trabalho da Divis\u00e3o T\u00e9cnica de Projetos de Energia: fomentar a discuss\u00e3o e o desenvolvimento de solu\u00e7\u00f5es energ\u00e9ticas inteligentes e sustent\u00e1veis que permitam:<\/p>\n<ul>\n<li><strong>Expandir as fronteiras da produ\u00e7\u00e3o agr\u00edcola<\/strong> para regi\u00f5es com potencial, otimizando o uso de recursos como \u00e1gua e solo por meio de tecnologias energ\u00e9ticas eficientes.<\/li>\n<li><strong>Estimular o desenvolvimento de tecnologias de conserva\u00e7\u00e3o, aumento da vida de prateleira, embalagem e transporte a longas dist\u00e2ncias, <\/strong>reduzindo a perda de alimentos e viabilizando o acesso a mercados distantes com menor pegada de carbono.<\/li>\n<li><strong>Incentivar universidades e centros de pesquisas <\/strong>a desenvolverem solu\u00e7\u00f5es que otimizem o uso de energia em toda a cadeia produtiva de alimentos.<\/li>\n<li><strong>Promover a ado\u00e7\u00e3o de fontes renov\u00e1veis de energia <\/strong>em todas as etapas &#8211; da produ\u00e7\u00e3o prim\u00e1ria ao consumo.<\/li>\n<li><strong>Analisar e propor pol\u00edticas p\u00fablicas<\/strong> que incentivem a produ\u00e7\u00e3o alimentar sustent\u00e1vel, considerando as demandas energ\u00e9ticas e os impactos ambientais.<\/li>\n<\/ul>\n<p>A Divis\u00e3o T\u00e9cnica de Projetos de Energia do Instituto de Engenharia convida engenheiros, cientistas, empres\u00e1rios, formuladores de pol\u00edticas e todos os interessados na seguran\u00e7a alimentar global a se juntarem a n\u00f3s nesta jornada essencial. Acreditamos que, por meio da integra\u00e7\u00e3o de conhecimentos e da busca por solu\u00e7\u00f5es energ\u00e9ticas inovadoras, podemos contribuir significativamente para alimentar o mundo de amanh\u00e3.<\/p>\n<p>&nbsp;<\/p>\n","protected":false},"excerpt":{"rendered":"<p>O Mundo Tem Fome A proje\u00e7\u00e3o da ONU \u00e9 clara e preocupante: no ano 2050, nosso planeta abrigar\u00e1 cerca de 9 bilh\u00f5es de pessoas. Um aumento populacional significativo que nos imp\u00f5e uma quest\u00e3o central e inadi\u00e1vel: onde ser\u00e3o produzidos os alimentos para essa crescente popula\u00e7\u00e3o, especialmente considerando que a maior parte desse crescimento se concentrar\u00e1 [&hellip;]<\/p>\n","protected":false},"author":13,"featured_media":128351,"comment_status":"open","ping_status":"open","sticky":false,"template":"","format":"standard","meta":{"footnotes":""},"categories":[15,1816,6],"tags":[],"class_list":{"0":"post-128350","1":"post","2":"type-post","3":"status-publish","4":"format-standard","5":"has-post-thumbnail","7":"category-departamento-desenvolvimento-de-projetos-e-servicos-de-infraestrutura","8":"category-divisao-tecnica-de-projetos-de-energia","9":"category-noticias"},"yoast_head":"<!-- This site is optimized with the Yoast SEO plugin v27.2 - https:\/\/yoast.com\/product\/yoast-seo-wordpress\/ -->\n<title>O mundo tem fome - Energia para plantar colher, embalar, transportar e distribuir alimentos? - Instituto de Engenharia<\/title>\n<meta name=\"robots\" content=\"index, follow, max-snippet:-1, max-image-preview:large, max-video-preview:-1\" \/>\n<link rel=\"canonical\" href=\"https:\/\/www.institutodeengenharia.org.br\/site\/2025\/04\/29\/o-mundo-tem-fome-energia-para-plantar-colher-embalar-transportar-e-distribuir-alimentos\/\" \/>\n<meta property=\"og:locale\" content=\"pt_BR\" \/>\n<meta property=\"og:type\" content=\"article\" \/>\n<meta property=\"og:title\" content=\"O mundo tem fome - Energia para plantar colher, embalar, transportar e distribuir alimentos? - Instituto de Engenharia\" \/>\n<meta property=\"og:description\" content=\"O Mundo Tem Fome A proje\u00e7\u00e3o da ONU \u00e9 clara e preocupante: no ano 2050, nosso planeta abrigar\u00e1 cerca de 9 bilh\u00f5es de pessoas. Um aumento populacional significativo que nos imp\u00f5e uma quest\u00e3o central e inadi\u00e1vel: onde ser\u00e3o produzidos os alimentos para essa crescente popula\u00e7\u00e3o, especialmente considerando que a maior parte desse crescimento se concentrar\u00e1 [&hellip;]\" \/>\n<meta property=\"og:url\" content=\"https:\/\/www.institutodeengenharia.org.br\/site\/2025\/04\/29\/o-mundo-tem-fome-energia-para-plantar-colher-embalar-transportar-e-distribuir-alimentos\/\" \/>\n<meta property=\"og:site_name\" content=\"Instituto de Engenharia\" \/>\n<meta property=\"article:publisher\" content=\"https:\/\/www.facebook.com\/institutodeengenharia\" \/>\n<meta property=\"article:published_time\" content=\"2025-04-29T15:04:24+00:00\" \/>\n<meta property=\"og:image\" content=\"https:\/\/www.institutodeengenharia.org.br\/site\/wp-content\/uploads\/2025\/04\/omundotemfome.png\" \/>\n\t<meta property=\"og:image:width\" content=\"1137\" \/>\n\t<meta property=\"og:image:height\" content=\"430\" \/>\n\t<meta property=\"og:image:type\" content=\"image\/png\" \/>\n<meta name=\"author\" content=\"Bianca\" \/>\n<meta name=\"twitter:card\" content=\"summary_large_image\" \/>\n<meta name=\"twitter:creator\" content=\"@iengenharia\" \/>\n<meta name=\"twitter:site\" content=\"@iengenharia\" \/>\n<meta name=\"twitter:label1\" content=\"Escrito por\" \/>\n\t<meta name=\"twitter:data1\" content=\"Bianca\" \/>\n\t<meta name=\"twitter:label2\" content=\"Est. tempo de leitura\" \/>\n\t<meta name=\"twitter:data2\" content=\"4 minutos\" \/>\n<script type=\"application\/ld+json\" class=\"yoast-schema-graph\">{\"@context\":\"https:\/\/schema.org\",\"@graph\":[{\"@type\":\"Article\",\"@id\":\"https:\/\/www.institutodeengenharia.org.br\/site\/2025\/04\/29\/o-mundo-tem-fome-energia-para-plantar-colher-embalar-transportar-e-distribuir-alimentos\/#article\",\"isPartOf\":{\"@id\":\"https:\/\/www.institutodeengenharia.org.br\/site\/2025\/04\/29\/o-mundo-tem-fome-energia-para-plantar-colher-embalar-transportar-e-distribuir-alimentos\/\"},\"author\":{\"name\":\"Bianca\",\"@id\":\"https:\/\/www.institutodeengenharia.org.br\/site\/#\/schema\/person\/aeb64951c405e100d26d30b033dd423f\"},\"headline\":\"O mundo tem fome &#8211; Energia para plantar colher, embalar, transportar e distribuir alimentos?\",\"datePublished\":\"2025-04-29T15:04:24+00:00\",\"mainEntityOfPage\":{\"@id\":\"https:\/\/www.institutodeengenharia.org.br\/site\/2025\/04\/29\/o-mundo-tem-fome-energia-para-plantar-colher-embalar-transportar-e-distribuir-alimentos\/\"},\"wordCount\":623,\"commentCount\":0,\"publisher\":{\"@id\":\"https:\/\/www.institutodeengenharia.org.br\/site\/#organization\"},\"image\":{\"@id\":\"https:\/\/www.institutodeengenharia.org.br\/site\/2025\/04\/29\/o-mundo-tem-fome-energia-para-plantar-colher-embalar-transportar-e-distribuir-alimentos\/#primaryimage\"},\"thumbnailUrl\":\"https:\/\/www.institutodeengenharia.org.br\/site\/wp-content\/uploads\/2025\/04\/omundotemfome.png\",\"articleSection\":[\"Departamento Desenvolvimento de Projetos e Servi\u00e7os de Infraestrutura\",\"Divis\u00e3o T\u00e9cnica de Projetos de Energia\",\"Not\u00edcias\"],\"inLanguage\":\"pt-BR\",\"potentialAction\":[{\"@type\":\"CommentAction\",\"name\":\"Comment\",\"target\":[\"https:\/\/www.institutodeengenharia.org.br\/site\/2025\/04\/29\/o-mundo-tem-fome-energia-para-plantar-colher-embalar-transportar-e-distribuir-alimentos\/#respond\"]}]},{\"@type\":\"WebPage\",\"@id\":\"https:\/\/www.institutodeengenharia.org.br\/site\/2025\/04\/29\/o-mundo-tem-fome-energia-para-plantar-colher-embalar-transportar-e-distribuir-alimentos\/\",\"url\":\"https:\/\/www.institutodeengenharia.org.br\/site\/2025\/04\/29\/o-mundo-tem-fome-energia-para-plantar-colher-embalar-transportar-e-distribuir-alimentos\/\",\"name\":\"O mundo tem fome - Energia para plantar colher, embalar, transportar e distribuir alimentos? - Instituto de Engenharia\",\"isPartOf\":{\"@id\":\"https:\/\/www.institutodeengenharia.org.br\/site\/#website\"},\"primaryImageOfPage\":{\"@id\":\"https:\/\/www.institutodeengenharia.org.br\/site\/2025\/04\/29\/o-mundo-tem-fome-energia-para-plantar-colher-embalar-transportar-e-distribuir-alimentos\/#primaryimage\"},\"image\":{\"@id\":\"https:\/\/www.institutodeengenharia.org.br\/site\/2025\/04\/29\/o-mundo-tem-fome-energia-para-plantar-colher-embalar-transportar-e-distribuir-alimentos\/#primaryimage\"},\"thumbnailUrl\":\"https:\/\/www.institutodeengenharia.org.br\/site\/wp-content\/uploads\/2025\/04\/omundotemfome.png\",\"datePublished\":\"2025-04-29T15:04:24+00:00\",\"breadcrumb\":{\"@id\":\"https:\/\/www.institutodeengenharia.org.br\/site\/2025\/04\/29\/o-mundo-tem-fome-energia-para-plantar-colher-embalar-transportar-e-distribuir-alimentos\/#breadcrumb\"},\"inLanguage\":\"pt-BR\",\"potentialAction\":[{\"@type\":\"ReadAction\",\"target\":[\"https:\/\/www.institutodeengenharia.org.br\/site\/2025\/04\/29\/o-mundo-tem-fome-energia-para-plantar-colher-embalar-transportar-e-distribuir-alimentos\/\"]}]},{\"@type\":\"ImageObject\",\"inLanguage\":\"pt-BR\",\"@id\":\"https:\/\/www.institutodeengenharia.org.br\/site\/2025\/04\/29\/o-mundo-tem-fome-energia-para-plantar-colher-embalar-transportar-e-distribuir-alimentos\/#primaryimage\",\"url\":\"https:\/\/www.institutodeengenharia.org.br\/site\/wp-content\/uploads\/2025\/04\/omundotemfome.png\",\"contentUrl\":\"https:\/\/www.institutodeengenharia.org.br\/site\/wp-content\/uploads\/2025\/04\/omundotemfome.png\",\"width\":1137,\"height\":430},{\"@type\":\"BreadcrumbList\",\"@id\":\"https:\/\/www.institutodeengenharia.org.br\/site\/2025\/04\/29\/o-mundo-tem-fome-energia-para-plantar-colher-embalar-transportar-e-distribuir-alimentos\/#breadcrumb\",\"itemListElement\":[{\"@type\":\"ListItem\",\"position\":1,\"name\":\"In\u00edcio\",\"item\":\"https:\/\/www.institutodeengenharia.org.br\/site\/\"},{\"@type\":\"ListItem\",\"position\":2,\"name\":\"O mundo tem fome &#8211; Energia para plantar colher, embalar, transportar e distribuir alimentos?\"}]},{\"@type\":\"WebSite\",\"@id\":\"https:\/\/www.institutodeengenharia.org.br\/site\/#website\",\"url\":\"https:\/\/www.institutodeengenharia.org.br\/site\/\",\"name\":\"Instituto de Engenharia\",\"description\":\"O Instituto de Engenharia promove a Engenharia em benef\u00edcio do desenvolvimento e da qualidade de vida da sociedade.\",\"publisher\":{\"@id\":\"https:\/\/www.institutodeengenharia.org.br\/site\/#organization\"},\"potentialAction\":[{\"@type\":\"SearchAction\",\"target\":{\"@type\":\"EntryPoint\",\"urlTemplate\":\"https:\/\/www.institutodeengenharia.org.br\/site\/?s={search_term_string}\"},\"query-input\":{\"@type\":\"PropertyValueSpecification\",\"valueRequired\":true,\"valueName\":\"search_term_string\"}}],\"inLanguage\":\"pt-BR\"},{\"@type\":\"Organization\",\"@id\":\"https:\/\/www.institutodeengenharia.org.br\/site\/#organization\",\"name\":\"Instituto de Engenharia\",\"url\":\"https:\/\/www.institutodeengenharia.org.br\/site\/\",\"logo\":{\"@type\":\"ImageObject\",\"inLanguage\":\"pt-BR\",\"@id\":\"https:\/\/www.institutodeengenharia.org.br\/site\/#\/schema\/logo\/image\/\",\"url\":\"https:\/\/www.institutodeengenharia.org.br\/site\/wp-content\/uploads\/2019\/03\/logo-novo-IE2018-1.jpg\",\"contentUrl\":\"https:\/\/www.institutodeengenharia.org.br\/site\/wp-content\/uploads\/2019\/03\/logo-novo-IE2018-1.jpg\",\"width\":1486,\"height\":1879,\"caption\":\"Instituto de Engenharia\"},\"image\":{\"@id\":\"https:\/\/www.institutodeengenharia.org.br\/site\/#\/schema\/logo\/image\/\"},\"sameAs\":[\"https:\/\/www.facebook.com\/institutodeengenharia\",\"https:\/\/x.com\/iengenharia\",\"https:\/\/www.instagram.com\/institutodeengenharia\/\",\"https:\/\/www.linkedin.com\/company\/instituto-de-engenharia\/\",\"https:\/\/www.youtube.com\/channel\/UCXiCAlsSMe977vamW915HxA\"]},{\"@type\":\"Person\",\"@id\":\"https:\/\/www.institutodeengenharia.org.br\/site\/#\/schema\/person\/aeb64951c405e100d26d30b033dd423f\",\"name\":\"Bianca\",\"image\":{\"@type\":\"ImageObject\",\"inLanguage\":\"pt-BR\",\"@id\":\"https:\/\/secure.gravatar.com\/avatar\/a6fbe9bff57405baf4c1e2c5c1811e072b558253974a9f9508f4678900c97c2a?s=96&d=mm&r=g\",\"url\":\"https:\/\/secure.gravatar.com\/avatar\/a6fbe9bff57405baf4c1e2c5c1811e072b558253974a9f9508f4678900c97c2a?s=96&d=mm&r=g\",\"contentUrl\":\"https:\/\/secure.gravatar.com\/avatar\/a6fbe9bff57405baf4c1e2c5c1811e072b558253974a9f9508f4678900c97c2a?s=96&d=mm&r=g\",\"caption\":\"Bianca\"},\"url\":\"https:\/\/www.institutodeengenharia.org.br\/site\/author\/comunicacao1\/\"}]}<\/script>\n<!-- \/ Yoast SEO plugin. -->","yoast_head_json":{"title":"O mundo tem fome - Energia para plantar colher, embalar, transportar e distribuir alimentos? - Instituto de Engenharia","robots":{"index":"index","follow":"follow","max-snippet":"max-snippet:-1","max-image-preview":"max-image-preview:large","max-video-preview":"max-video-preview:-1"},"canonical":"https:\/\/www.institutodeengenharia.org.br\/site\/2025\/04\/29\/o-mundo-tem-fome-energia-para-plantar-colher-embalar-transportar-e-distribuir-alimentos\/","og_locale":"pt_BR","og_type":"article","og_title":"O mundo tem fome - Energia para plantar colher, embalar, transportar e distribuir alimentos? - Instituto de Engenharia","og_description":"O Mundo Tem Fome A proje\u00e7\u00e3o da ONU \u00e9 clara e preocupante: no ano 2050, nosso planeta abrigar\u00e1 cerca de 9 bilh\u00f5es de pessoas. Um aumento populacional significativo que nos imp\u00f5e uma quest\u00e3o central e inadi\u00e1vel: onde ser\u00e3o produzidos os alimentos para essa crescente popula\u00e7\u00e3o, especialmente considerando que a maior parte desse crescimento se concentrar\u00e1 [&hellip;]","og_url":"https:\/\/www.institutodeengenharia.org.br\/site\/2025\/04\/29\/o-mundo-tem-fome-energia-para-plantar-colher-embalar-transportar-e-distribuir-alimentos\/","og_site_name":"Instituto de Engenharia","article_publisher":"https:\/\/www.facebook.com\/institutodeengenharia","article_published_time":"2025-04-29T15:04:24+00:00","og_image":[{"width":1137,"height":430,"url":"https:\/\/www.institutodeengenharia.org.br\/site\/wp-content\/uploads\/2025\/04\/omundotemfome.png","type":"image\/png"}],"author":"Bianca","twitter_card":"summary_large_image","twitter_creator":"@iengenharia","twitter_site":"@iengenharia","twitter_misc":{"Escrito por":"Bianca","Est. tempo de leitura":"4 minutos"},"schema":{"@context":"https:\/\/schema.org","@graph":[{"@type":"Article","@id":"https:\/\/www.institutodeengenharia.org.br\/site\/2025\/04\/29\/o-mundo-tem-fome-energia-para-plantar-colher-embalar-transportar-e-distribuir-alimentos\/#article","isPartOf":{"@id":"https:\/\/www.institutodeengenharia.org.br\/site\/2025\/04\/29\/o-mundo-tem-fome-energia-para-plantar-colher-embalar-transportar-e-distribuir-alimentos\/"},"author":{"name":"Bianca","@id":"https:\/\/www.institutodeengenharia.org.br\/site\/#\/schema\/person\/aeb64951c405e100d26d30b033dd423f"},"headline":"O mundo tem fome &#8211; Energia para plantar colher, embalar, transportar e distribuir alimentos?","datePublished":"2025-04-29T15:04:24+00:00","mainEntityOfPage":{"@id":"https:\/\/www.institutodeengenharia.org.br\/site\/2025\/04\/29\/o-mundo-tem-fome-energia-para-plantar-colher-embalar-transportar-e-distribuir-alimentos\/"},"wordCount":623,"commentCount":0,"publisher":{"@id":"https:\/\/www.institutodeengenharia.org.br\/site\/#organization"},"image":{"@id":"https:\/\/www.institutodeengenharia.org.br\/site\/2025\/04\/29\/o-mundo-tem-fome-energia-para-plantar-colher-embalar-transportar-e-distribuir-alimentos\/#primaryimage"},"thumbnailUrl":"https:\/\/www.institutodeengenharia.org.br\/site\/wp-content\/uploads\/2025\/04\/omundotemfome.png","articleSection":["Departamento Desenvolvimento de Projetos e Servi\u00e7os de Infraestrutura","Divis\u00e3o T\u00e9cnica de Projetos de Energia","Not\u00edcias"],"inLanguage":"pt-BR","potentialAction":[{"@type":"CommentAction","name":"Comment","target":["https:\/\/www.institutodeengenharia.org.br\/site\/2025\/04\/29\/o-mundo-tem-fome-energia-para-plantar-colher-embalar-transportar-e-distribuir-alimentos\/#respond"]}]},{"@type":"WebPage","@id":"https:\/\/www.institutodeengenharia.org.br\/site\/2025\/04\/29\/o-mundo-tem-fome-energia-para-plantar-colher-embalar-transportar-e-distribuir-alimentos\/","url":"https:\/\/www.institutodeengenharia.org.br\/site\/2025\/04\/29\/o-mundo-tem-fome-energia-para-plantar-colher-embalar-transportar-e-distribuir-alimentos\/","name":"O mundo tem fome - Energia para plantar colher, embalar, transportar e distribuir alimentos? - Instituto de Engenharia","isPartOf":{"@id":"https:\/\/www.institutodeengenharia.org.br\/site\/#website"},"primaryImageOfPage":{"@id":"https:\/\/www.institutodeengenharia.org.br\/site\/2025\/04\/29\/o-mundo-tem-fome-energia-para-plantar-colher-embalar-transportar-e-distribuir-alimentos\/#primaryimage"},"image":{"@id":"https:\/\/www.institutodeengenharia.org.br\/site\/2025\/04\/29\/o-mundo-tem-fome-energia-para-plantar-colher-embalar-transportar-e-distribuir-alimentos\/#primaryimage"},"thumbnailUrl":"https:\/\/www.institutodeengenharia.org.br\/site\/wp-content\/uploads\/2025\/04\/omundotemfome.png","datePublished":"2025-04-29T15:04:24+00:00","breadcrumb":{"@id":"https:\/\/www.institutodeengenharia.org.br\/site\/2025\/04\/29\/o-mundo-tem-fome-energia-para-plantar-colher-embalar-transportar-e-distribuir-alimentos\/#breadcrumb"},"inLanguage":"pt-BR","potentialAction":[{"@type":"ReadAction","target":["https:\/\/www.institutodeengenharia.org.br\/site\/2025\/04\/29\/o-mundo-tem-fome-energia-para-plantar-colher-embalar-transportar-e-distribuir-alimentos\/"]}]},{"@type":"ImageObject","inLanguage":"pt-BR","@id":"https:\/\/www.institutodeengenharia.org.br\/site\/2025\/04\/29\/o-mundo-tem-fome-energia-para-plantar-colher-embalar-transportar-e-distribuir-alimentos\/#primaryimage","url":"https:\/\/www.institutodeengenharia.org.br\/site\/wp-content\/uploads\/2025\/04\/omundotemfome.png","contentUrl":"https:\/\/www.institutodeengenharia.org.br\/site\/wp-content\/uploads\/2025\/04\/omundotemfome.png","width":1137,"height":430},{"@type":"BreadcrumbList","@id":"https:\/\/www.institutodeengenharia.org.br\/site\/2025\/04\/29\/o-mundo-tem-fome-energia-para-plantar-colher-embalar-transportar-e-distribuir-alimentos\/#breadcrumb","itemListElement":[{"@type":"ListItem","position":1,"name":"In\u00edcio","item":"https:\/\/www.institutodeengenharia.org.br\/site\/"},{"@type":"ListItem","position":2,"name":"O mundo tem fome &#8211; Energia para plantar colher, embalar, transportar e distribuir alimentos?"}]},{"@type":"WebSite","@id":"https:\/\/www.institutodeengenharia.org.br\/site\/#website","url":"https:\/\/www.institutodeengenharia.org.br\/site\/","name":"Instituto de Engenharia","description":"O Instituto de Engenharia promove a Engenharia em benef\u00edcio do desenvolvimento e da qualidade de vida da sociedade.","publisher":{"@id":"https:\/\/www.institutodeengenharia.org.br\/site\/#organization"},"potentialAction":[{"@type":"SearchAction","target":{"@type":"EntryPoint","urlTemplate":"https:\/\/www.institutodeengenharia.org.br\/site\/?s={search_term_string}"},"query-input":{"@type":"PropertyValueSpecification","valueRequired":true,"valueName":"search_term_string"}}],"inLanguage":"pt-BR"},{"@type":"Organization","@id":"https:\/\/www.institutodeengenharia.org.br\/site\/#organization","name":"Instituto de Engenharia","url":"https:\/\/www.institutodeengenharia.org.br\/site\/","logo":{"@type":"ImageObject","inLanguage":"pt-BR","@id":"https:\/\/www.institutodeengenharia.org.br\/site\/#\/schema\/logo\/image\/","url":"https:\/\/www.institutodeengenharia.org.br\/site\/wp-content\/uploads\/2019\/03\/logo-novo-IE2018-1.jpg","contentUrl":"https:\/\/www.institutodeengenharia.org.br\/site\/wp-content\/uploads\/2019\/03\/logo-novo-IE2018-1.jpg","width":1486,"height":1879,"caption":"Instituto de Engenharia"},"image":{"@id":"https:\/\/www.institutodeengenharia.org.br\/site\/#\/schema\/logo\/image\/"},"sameAs":["https:\/\/www.facebook.com\/institutodeengenharia","https:\/\/x.com\/iengenharia","https:\/\/www.instagram.com\/institutodeengenharia\/","https:\/\/www.linkedin.com\/company\/instituto-de-engenharia\/","https:\/\/www.youtube.com\/channel\/UCXiCAlsSMe977vamW915HxA"]},{"@type":"Person","@id":"https:\/\/www.institutodeengenharia.org.br\/site\/#\/schema\/person\/aeb64951c405e100d26d30b033dd423f","name":"Bianca","image":{"@type":"ImageObject","inLanguage":"pt-BR","@id":"https:\/\/secure.gravatar.com\/avatar\/a6fbe9bff57405baf4c1e2c5c1811e072b558253974a9f9508f4678900c97c2a?s=96&d=mm&r=g","url":"https:\/\/secure.gravatar.com\/avatar\/a6fbe9bff57405baf4c1e2c5c1811e072b558253974a9f9508f4678900c97c2a?s=96&d=mm&r=g","contentUrl":"https:\/\/secure.gravatar.com\/avatar\/a6fbe9bff57405baf4c1e2c5c1811e072b558253974a9f9508f4678900c97c2a?s=96&d=mm&r=g","caption":"Bianca"},"url":"https:\/\/www.institutodeengenharia.org.br\/site\/author\/comunicacao1\/"}]}},"_links":{"self":[{"href":"https:\/\/www.institutodeengenharia.org.br\/site\/wp-json\/wp\/v2\/posts\/128350","targetHints":{"allow":["GET"]}}],"collection":[{"href":"https:\/\/www.institutodeengenharia.org.br\/site\/wp-json\/wp\/v2\/posts"}],"about":[{"href":"https:\/\/www.institutodeengenharia.org.br\/site\/wp-json\/wp\/v2\/types\/post"}],"author":[{"embeddable":true,"href":"https:\/\/www.institutodeengenharia.org.br\/site\/wp-json\/wp\/v2\/users\/13"}],"replies":[{"embeddable":true,"href":"https:\/\/www.institutodeengenharia.org.br\/site\/wp-json\/wp\/v2\/comments?post=128350"}],"version-history":[{"count":1,"href":"https:\/\/www.institutodeengenharia.org.br\/site\/wp-json\/wp\/v2\/posts\/128350\/revisions"}],"predecessor-version":[{"id":128352,"href":"https:\/\/www.institutodeengenharia.org.br\/site\/wp-json\/wp\/v2\/posts\/128350\/revisions\/128352"}],"wp:featuredmedia":[{"embeddable":true,"href":"https:\/\/www.institutodeengenharia.org.br\/site\/wp-json\/wp\/v2\/media\/128351"}],"wp:attachment":[{"href":"https:\/\/www.institutodeengenharia.org.br\/site\/wp-json\/wp\/v2\/media?parent=128350"}],"wp:term":[{"taxonomy":"category","embeddable":true,"href":"https:\/\/www.institutodeengenharia.org.br\/site\/wp-json\/wp\/v2\/categories?post=128350"},{"taxonomy":"post_tag","embeddable":true,"href":"https:\/\/www.institutodeengenharia.org.br\/site\/wp-json\/wp\/v2\/tags?post=128350"}],"curies":[{"name":"wp","href":"https:\/\/api.w.org\/{rel}","templated":true}]}}