{"id":128320,"date":"2025-04-25T17:08:58","date_gmt":"2025-04-25T20:08:58","guid":{"rendered":"https:\/\/www.institutodeengenharia.org.br\/site\/?p=128320"},"modified":"2025-04-25T17:12:23","modified_gmt":"2025-04-25T20:12:23","slug":"marisa-barros-discute-mineracao-e-energia-com-membros-do-ie","status":"publish","type":"post","link":"https:\/\/www.institutodeengenharia.org.br\/site\/2025\/04\/25\/marisa-barros-discute-mineracao-e-energia-com-membros-do-ie\/","title":{"rendered":"Marisa Barros discute Minera\u00e7\u00e3o e Energia com membros do IE"},"content":{"rendered":"<p>Em continuidade as reuni\u00f5es que acontecem desde de 2023, a diretoria do Instituto de Engenharia e membros da Divis\u00e3o T\u00e9cnica de Ind\u00fastria de Petr\u00f3leo, G\u00e1s, Bioenergia, Minera\u00e7\u00e3o e Dutovias receberam, nesta quinta (24), Marisa Maia de Barros, subsecret\u00e1ria da Secretaria de Meio Ambiente, Infraestrutura e Log\u00edstica.<\/p>\n<p>Durante a reuni\u00e3o, que tratou sobre assuntos de Minera\u00e7\u00e3o e Energia, foi informado que o Instituto de Engenharia est\u00e1 organizando um evento, previsto para o final de junho, que tratar\u00e1 sobre transi\u00e7\u00e3o energ\u00e9tica e produ\u00e7\u00e3o e explora\u00e7\u00e3o de petr\u00f3leo, em especial na Margem Equatorial do Brasil e Foz do Amazonas.<\/p>\n<figure id=\"attachment_128326\" aria-describedby=\"caption-attachment-128326\" style=\"width: 213px\" class=\"wp-caption alignleft\"><img loading=\"lazy\" decoding=\"async\" class=\"wp-image-128326\" src=\"https:\/\/www.institutodeengenharia.org.br\/site\/wp-content\/uploads\/2025\/04\/WhatsApp-Image-2025-04-25-at-15.44.27.jpeg\" alt=\"\" width=\"213\" height=\"171\" srcset=\"https:\/\/www.institutodeengenharia.org.br\/site\/wp-content\/uploads\/2025\/04\/WhatsApp-Image-2025-04-25-at-15.44.27.jpeg 1148w, https:\/\/www.institutodeengenharia.org.br\/site\/wp-content\/uploads\/2025\/04\/WhatsApp-Image-2025-04-25-at-15.44.27-300x241.jpeg 300w, https:\/\/www.institutodeengenharia.org.br\/site\/wp-content\/uploads\/2025\/04\/WhatsApp-Image-2025-04-25-at-15.44.27-1024x822.jpeg 1024w, https:\/\/www.institutodeengenharia.org.br\/site\/wp-content\/uploads\/2025\/04\/WhatsApp-Image-2025-04-25-at-15.44.27-768x616.jpeg 768w, https:\/\/www.institutodeengenharia.org.br\/site\/wp-content\/uploads\/2025\/04\/WhatsApp-Image-2025-04-25-at-15.44.27-524x420.jpeg 524w, https:\/\/www.institutodeengenharia.org.br\/site\/wp-content\/uploads\/2025\/04\/WhatsApp-Image-2025-04-25-at-15.44.27-696x558.jpeg 696w, https:\/\/www.institutodeengenharia.org.br\/site\/wp-content\/uploads\/2025\/04\/WhatsApp-Image-2025-04-25-at-15.44.27-1068x857.jpeg 1068w, https:\/\/www.institutodeengenharia.org.br\/site\/wp-content\/uploads\/2025\/04\/WhatsApp-Image-2025-04-25-at-15.44.27-600x481.jpeg 600w\" sizes=\"auto, (max-width: 213px) 100vw, 213px\" \/><figcaption id=\"caption-attachment-128326\" class=\"wp-caption-text\">Miriana Marques (\u00e0 esq.) VP de Adm. e Finan\u00e7as do IE, com Marisa Barros<\/figcaption><\/figure>\n<p>A secret\u00e1ria mencionou a import\u00e2ncia de destacarmos a produ\u00e7\u00e3o de novos campos da Bacia de Santos, que tem a perspectiva de duplicar ou at\u00e9 triplicar a arrecada\u00e7\u00e3o de royalties pelo governo do Estado de S\u00e3o Paulo, com reflexo na ind\u00fastria e servi\u00e7os do litoral do Estado.<\/p>\n<p>O presidente do IE se colocou \u00e0 disposi\u00e7\u00e3o da subsecret\u00e1ria para colaborar no que for poss\u00edvel.<\/p>\n<p>Estava tamb\u00e9m presente no encontro Nelson Mitihiro Tsutsumi, presidente da APEMI (Associa\u00e7\u00e3o Paulista dos Engenheiros de Minas) que, recentemente, assinou um conv\u00eanio com o Instituto para assuntos de Minera\u00e7\u00e3o no Estado de S\u00e3o Paulo.<\/p>\n","protected":false},"excerpt":{"rendered":"<p>Em continuidade as reuni\u00f5es que acontecem desde de 2023, a diretoria do Instituto de Engenharia e membros da Divis\u00e3o T\u00e9cnica de Ind\u00fastria de Petr\u00f3leo, G\u00e1s, Bioenergia, Minera\u00e7\u00e3o e Dutovias receberam, nesta quinta (24), Marisa Maia de Barros, subsecret\u00e1ria da Secretaria de Meio Ambiente, Infraestrutura e Log\u00edstica. Durante a reuni\u00e3o, que tratou sobre assuntos de Minera\u00e7\u00e3o [&hellip;]<\/p>\n","protected":false},"author":14,"featured_media":128325,"comment_status":"open","ping_status":"open","sticky":false,"template":"","format":"standard","meta":{"footnotes":""},"categories":[24,27,141],"tags":[],"class_list":{"0":"post-128320","1":"post","2":"type-post","3":"status-publish","4":"format-standard","5":"has-post-thumbnail","7":"category-energia","8":"category-instituto-de-engenharia","9":"category-noticias-menu"},"yoast_head":"<!-- This site is optimized with the Yoast SEO plugin v27.2 - https:\/\/yoast.com\/product\/yoast-seo-wordpress\/ -->\n<title>Marisa Barros discute Minera\u00e7\u00e3o e Energia com membros do IE - Instituto de Engenharia<\/title>\n<meta name=\"robots\" content=\"index, follow, max-snippet:-1, max-image-preview:large, max-video-preview:-1\" \/>\n<link rel=\"canonical\" href=\"https:\/\/www.institutodeengenharia.org.br\/site\/2025\/04\/25\/marisa-barros-discute-mineracao-e-energia-com-membros-do-ie\/\" \/>\n<meta property=\"og:locale\" content=\"pt_BR\" \/>\n<meta property=\"og:type\" content=\"article\" \/>\n<meta property=\"og:title\" content=\"Marisa Barros discute Minera\u00e7\u00e3o e Energia com membros do IE - Instituto de Engenharia\" \/>\n<meta property=\"og:description\" content=\"Em continuidade as reuni\u00f5es que acontecem desde de 2023, a diretoria do Instituto de Engenharia e membros da Divis\u00e3o T\u00e9cnica de Ind\u00fastria de Petr\u00f3leo, G\u00e1s, Bioenergia, Minera\u00e7\u00e3o e Dutovias receberam, nesta quinta (24), Marisa Maia de Barros, subsecret\u00e1ria da Secretaria de Meio Ambiente, Infraestrutura e Log\u00edstica. Durante a reuni\u00e3o, que tratou sobre assuntos de Minera\u00e7\u00e3o [&hellip;]\" \/>\n<meta property=\"og:url\" content=\"https:\/\/www.institutodeengenharia.org.br\/site\/2025\/04\/25\/marisa-barros-discute-mineracao-e-energia-com-membros-do-ie\/\" \/>\n<meta property=\"og:site_name\" content=\"Instituto de Engenharia\" \/>\n<meta property=\"article:publisher\" content=\"https:\/\/www.facebook.com\/institutodeengenharia\" \/>\n<meta property=\"article:published_time\" content=\"2025-04-25T20:08:58+00:00\" \/>\n<meta property=\"article:modified_time\" content=\"2025-04-25T20:12:23+00:00\" \/>\n<meta property=\"og:image\" content=\"https:\/\/www.institutodeengenharia.org.br\/site\/wp-content\/uploads\/2025\/04\/WhatsApp-Image-2025-04-25-at-15.54.12.jpeg\" \/>\n\t<meta property=\"og:image:width\" content=\"1600\" \/>\n\t<meta property=\"og:image:height\" content=\"711\" \/>\n\t<meta property=\"og:image:type\" content=\"image\/jpeg\" \/>\n<meta name=\"author\" content=\"Isabel\" \/>\n<meta name=\"twitter:card\" content=\"summary_large_image\" \/>\n<meta name=\"twitter:creator\" content=\"@iengenharia\" \/>\n<meta name=\"twitter:site\" content=\"@iengenharia\" \/>\n<meta name=\"twitter:label1\" content=\"Escrito por\" \/>\n\t<meta name=\"twitter:data1\" content=\"Isabel\" \/>\n\t<meta name=\"twitter:label2\" content=\"Est. tempo de leitura\" \/>\n\t<meta name=\"twitter:data2\" content=\"2 minutos\" \/>\n<script type=\"application\/ld+json\" class=\"yoast-schema-graph\">{\"@context\":\"https:\/\/schema.org\",\"@graph\":[{\"@type\":\"Article\",\"@id\":\"https:\/\/www.institutodeengenharia.org.br\/site\/2025\/04\/25\/marisa-barros-discute-mineracao-e-energia-com-membros-do-ie\/#article\",\"isPartOf\":{\"@id\":\"https:\/\/www.institutodeengenharia.org.br\/site\/2025\/04\/25\/marisa-barros-discute-mineracao-e-energia-com-membros-do-ie\/\"},\"author\":{\"name\":\"Isabel\",\"@id\":\"https:\/\/www.institutodeengenharia.org.br\/site\/#\/schema\/person\/593dc356630173a4877a635d3e5fd76b\"},\"headline\":\"Marisa Barros discute Minera\u00e7\u00e3o e Energia com membros do IE\",\"datePublished\":\"2025-04-25T20:08:58+00:00\",\"dateModified\":\"2025-04-25T20:12:23+00:00\",\"mainEntityOfPage\":{\"@id\":\"https:\/\/www.institutodeengenharia.org.br\/site\/2025\/04\/25\/marisa-barros-discute-mineracao-e-energia-com-membros-do-ie\/\"},\"wordCount\":252,\"commentCount\":0,\"publisher\":{\"@id\":\"https:\/\/www.institutodeengenharia.org.br\/site\/#organization\"},\"image\":{\"@id\":\"https:\/\/www.institutodeengenharia.org.br\/site\/2025\/04\/25\/marisa-barros-discute-mineracao-e-energia-com-membros-do-ie\/#primaryimage\"},\"thumbnailUrl\":\"https:\/\/www.institutodeengenharia.org.br\/site\/wp-content\/uploads\/2025\/04\/WhatsApp-Image-2025-04-25-at-15.54.12.jpeg\",\"articleSection\":[\"Energia\",\"Instituto de Engenharia\",\"Not\u00edcias\"],\"inLanguage\":\"pt-BR\",\"potentialAction\":[{\"@type\":\"CommentAction\",\"name\":\"Comment\",\"target\":[\"https:\/\/www.institutodeengenharia.org.br\/site\/2025\/04\/25\/marisa-barros-discute-mineracao-e-energia-com-membros-do-ie\/#respond\"]}]},{\"@type\":\"WebPage\",\"@id\":\"https:\/\/www.institutodeengenharia.org.br\/site\/2025\/04\/25\/marisa-barros-discute-mineracao-e-energia-com-membros-do-ie\/\",\"url\":\"https:\/\/www.institutodeengenharia.org.br\/site\/2025\/04\/25\/marisa-barros-discute-mineracao-e-energia-com-membros-do-ie\/\",\"name\":\"Marisa Barros discute Minera\u00e7\u00e3o e Energia com membros do IE - Instituto de Engenharia\",\"isPartOf\":{\"@id\":\"https:\/\/www.institutodeengenharia.org.br\/site\/#website\"},\"primaryImageOfPage\":{\"@id\":\"https:\/\/www.institutodeengenharia.org.br\/site\/2025\/04\/25\/marisa-barros-discute-mineracao-e-energia-com-membros-do-ie\/#primaryimage\"},\"image\":{\"@id\":\"https:\/\/www.institutodeengenharia.org.br\/site\/2025\/04\/25\/marisa-barros-discute-mineracao-e-energia-com-membros-do-ie\/#primaryimage\"},\"thumbnailUrl\":\"https:\/\/www.institutodeengenharia.org.br\/site\/wp-content\/uploads\/2025\/04\/WhatsApp-Image-2025-04-25-at-15.54.12.jpeg\",\"datePublished\":\"2025-04-25T20:08:58+00:00\",\"dateModified\":\"2025-04-25T20:12:23+00:00\",\"breadcrumb\":{\"@id\":\"https:\/\/www.institutodeengenharia.org.br\/site\/2025\/04\/25\/marisa-barros-discute-mineracao-e-energia-com-membros-do-ie\/#breadcrumb\"},\"inLanguage\":\"pt-BR\",\"potentialAction\":[{\"@type\":\"ReadAction\",\"target\":[\"https:\/\/www.institutodeengenharia.org.br\/site\/2025\/04\/25\/marisa-barros-discute-mineracao-e-energia-com-membros-do-ie\/\"]}]},{\"@type\":\"ImageObject\",\"inLanguage\":\"pt-BR\",\"@id\":\"https:\/\/www.institutodeengenharia.org.br\/site\/2025\/04\/25\/marisa-barros-discute-mineracao-e-energia-com-membros-do-ie\/#primaryimage\",\"url\":\"https:\/\/www.institutodeengenharia.org.br\/site\/wp-content\/uploads\/2025\/04\/WhatsApp-Image-2025-04-25-at-15.54.12.jpeg\",\"contentUrl\":\"https:\/\/www.institutodeengenharia.org.br\/site\/wp-content\/uploads\/2025\/04\/WhatsApp-Image-2025-04-25-at-15.54.12.jpeg\",\"width\":1600,\"height\":711,\"caption\":\"Ao centro, o presidente do IE, Jos\u00e9 Eduardo Jardim\"},{\"@type\":\"BreadcrumbList\",\"@id\":\"https:\/\/www.institutodeengenharia.org.br\/site\/2025\/04\/25\/marisa-barros-discute-mineracao-e-energia-com-membros-do-ie\/#breadcrumb\",\"itemListElement\":[{\"@type\":\"ListItem\",\"position\":1,\"name\":\"In\u00edcio\",\"item\":\"https:\/\/www.institutodeengenharia.org.br\/site\/\"},{\"@type\":\"ListItem\",\"position\":2,\"name\":\"Marisa Barros discute Minera\u00e7\u00e3o e Energia com membros do IE\"}]},{\"@type\":\"WebSite\",\"@id\":\"https:\/\/www.institutodeengenharia.org.br\/site\/#website\",\"url\":\"https:\/\/www.institutodeengenharia.org.br\/site\/\",\"name\":\"Instituto de Engenharia\",\"description\":\"O Instituto de Engenharia promove a Engenharia em benef\u00edcio do desenvolvimento e da qualidade de vida da sociedade.\",\"publisher\":{\"@id\":\"https:\/\/www.institutodeengenharia.org.br\/site\/#organization\"},\"potentialAction\":[{\"@type\":\"SearchAction\",\"target\":{\"@type\":\"EntryPoint\",\"urlTemplate\":\"https:\/\/www.institutodeengenharia.org.br\/site\/?s={search_term_string}\"},\"query-input\":{\"@type\":\"PropertyValueSpecification\",\"valueRequired\":true,\"valueName\":\"search_term_string\"}}],\"inLanguage\":\"pt-BR\"},{\"@type\":\"Organization\",\"@id\":\"https:\/\/www.institutodeengenharia.org.br\/site\/#organization\",\"name\":\"Instituto de Engenharia\",\"url\":\"https:\/\/www.institutodeengenharia.org.br\/site\/\",\"logo\":{\"@type\":\"ImageObject\",\"inLanguage\":\"pt-BR\",\"@id\":\"https:\/\/www.institutodeengenharia.org.br\/site\/#\/schema\/logo\/image\/\",\"url\":\"https:\/\/www.institutodeengenharia.org.br\/site\/wp-content\/uploads\/2019\/03\/logo-novo-IE2018-1.jpg\",\"contentUrl\":\"https:\/\/www.institutodeengenharia.org.br\/site\/wp-content\/uploads\/2019\/03\/logo-novo-IE2018-1.jpg\",\"width\":1486,\"height\":1879,\"caption\":\"Instituto de Engenharia\"},\"image\":{\"@id\":\"https:\/\/www.institutodeengenharia.org.br\/site\/#\/schema\/logo\/image\/\"},\"sameAs\":[\"https:\/\/www.facebook.com\/institutodeengenharia\",\"https:\/\/x.com\/iengenharia\",\"https:\/\/www.instagram.com\/institutodeengenharia\/\",\"https:\/\/www.linkedin.com\/company\/instituto-de-engenharia\/\",\"https:\/\/www.youtube.com\/channel\/UCXiCAlsSMe977vamW915HxA\"]},{\"@type\":\"Person\",\"@id\":\"https:\/\/www.institutodeengenharia.org.br\/site\/#\/schema\/person\/593dc356630173a4877a635d3e5fd76b\",\"name\":\"Isabel\",\"image\":{\"@type\":\"ImageObject\",\"inLanguage\":\"pt-BR\",\"@id\":\"https:\/\/secure.gravatar.com\/avatar\/f3c521db63ec9db17894f10a88c6a3cf95b2281d7f80eeb3cf3ef1cb091576e7?s=96&d=mm&r=g\",\"url\":\"https:\/\/secure.gravatar.com\/avatar\/f3c521db63ec9db17894f10a88c6a3cf95b2281d7f80eeb3cf3ef1cb091576e7?s=96&d=mm&r=g\",\"contentUrl\":\"https:\/\/secure.gravatar.com\/avatar\/f3c521db63ec9db17894f10a88c6a3cf95b2281d7f80eeb3cf3ef1cb091576e7?s=96&d=mm&r=g\",\"caption\":\"Isabel\"},\"url\":\"https:\/\/www.institutodeengenharia.org.br\/site\/author\/comunicacao2\/\"}]}<\/script>\n<!-- \/ Yoast SEO plugin. -->","yoast_head_json":{"title":"Marisa Barros discute Minera\u00e7\u00e3o e Energia com membros do IE - Instituto de Engenharia","robots":{"index":"index","follow":"follow","max-snippet":"max-snippet:-1","max-image-preview":"max-image-preview:large","max-video-preview":"max-video-preview:-1"},"canonical":"https:\/\/www.institutodeengenharia.org.br\/site\/2025\/04\/25\/marisa-barros-discute-mineracao-e-energia-com-membros-do-ie\/","og_locale":"pt_BR","og_type":"article","og_title":"Marisa Barros discute Minera\u00e7\u00e3o e Energia com membros do IE - Instituto de Engenharia","og_description":"Em continuidade as reuni\u00f5es que acontecem desde de 2023, a diretoria do Instituto de Engenharia e membros da Divis\u00e3o T\u00e9cnica de Ind\u00fastria de Petr\u00f3leo, G\u00e1s, Bioenergia, Minera\u00e7\u00e3o e Dutovias receberam, nesta quinta (24), Marisa Maia de Barros, subsecret\u00e1ria da Secretaria de Meio Ambiente, Infraestrutura e Log\u00edstica. Durante a reuni\u00e3o, que tratou sobre assuntos de Minera\u00e7\u00e3o [&hellip;]","og_url":"https:\/\/www.institutodeengenharia.org.br\/site\/2025\/04\/25\/marisa-barros-discute-mineracao-e-energia-com-membros-do-ie\/","og_site_name":"Instituto de Engenharia","article_publisher":"https:\/\/www.facebook.com\/institutodeengenharia","article_published_time":"2025-04-25T20:08:58+00:00","article_modified_time":"2025-04-25T20:12:23+00:00","og_image":[{"width":1600,"height":711,"url":"https:\/\/www.institutodeengenharia.org.br\/site\/wp-content\/uploads\/2025\/04\/WhatsApp-Image-2025-04-25-at-15.54.12.jpeg","type":"image\/jpeg"}],"author":"Isabel","twitter_card":"summary_large_image","twitter_creator":"@iengenharia","twitter_site":"@iengenharia","twitter_misc":{"Escrito por":"Isabel","Est. tempo de leitura":"2 minutos"},"schema":{"@context":"https:\/\/schema.org","@graph":[{"@type":"Article","@id":"https:\/\/www.institutodeengenharia.org.br\/site\/2025\/04\/25\/marisa-barros-discute-mineracao-e-energia-com-membros-do-ie\/#article","isPartOf":{"@id":"https:\/\/www.institutodeengenharia.org.br\/site\/2025\/04\/25\/marisa-barros-discute-mineracao-e-energia-com-membros-do-ie\/"},"author":{"name":"Isabel","@id":"https:\/\/www.institutodeengenharia.org.br\/site\/#\/schema\/person\/593dc356630173a4877a635d3e5fd76b"},"headline":"Marisa Barros discute Minera\u00e7\u00e3o e Energia com membros do IE","datePublished":"2025-04-25T20:08:58+00:00","dateModified":"2025-04-25T20:12:23+00:00","mainEntityOfPage":{"@id":"https:\/\/www.institutodeengenharia.org.br\/site\/2025\/04\/25\/marisa-barros-discute-mineracao-e-energia-com-membros-do-ie\/"},"wordCount":252,"commentCount":0,"publisher":{"@id":"https:\/\/www.institutodeengenharia.org.br\/site\/#organization"},"image":{"@id":"https:\/\/www.institutodeengenharia.org.br\/site\/2025\/04\/25\/marisa-barros-discute-mineracao-e-energia-com-membros-do-ie\/#primaryimage"},"thumbnailUrl":"https:\/\/www.institutodeengenharia.org.br\/site\/wp-content\/uploads\/2025\/04\/WhatsApp-Image-2025-04-25-at-15.54.12.jpeg","articleSection":["Energia","Instituto de Engenharia","Not\u00edcias"],"inLanguage":"pt-BR","potentialAction":[{"@type":"CommentAction","name":"Comment","target":["https:\/\/www.institutodeengenharia.org.br\/site\/2025\/04\/25\/marisa-barros-discute-mineracao-e-energia-com-membros-do-ie\/#respond"]}]},{"@type":"WebPage","@id":"https:\/\/www.institutodeengenharia.org.br\/site\/2025\/04\/25\/marisa-barros-discute-mineracao-e-energia-com-membros-do-ie\/","url":"https:\/\/www.institutodeengenharia.org.br\/site\/2025\/04\/25\/marisa-barros-discute-mineracao-e-energia-com-membros-do-ie\/","name":"Marisa Barros discute Minera\u00e7\u00e3o e Energia com membros do IE - Instituto de Engenharia","isPartOf":{"@id":"https:\/\/www.institutodeengenharia.org.br\/site\/#website"},"primaryImageOfPage":{"@id":"https:\/\/www.institutodeengenharia.org.br\/site\/2025\/04\/25\/marisa-barros-discute-mineracao-e-energia-com-membros-do-ie\/#primaryimage"},"image":{"@id":"https:\/\/www.institutodeengenharia.org.br\/site\/2025\/04\/25\/marisa-barros-discute-mineracao-e-energia-com-membros-do-ie\/#primaryimage"},"thumbnailUrl":"https:\/\/www.institutodeengenharia.org.br\/site\/wp-content\/uploads\/2025\/04\/WhatsApp-Image-2025-04-25-at-15.54.12.jpeg","datePublished":"2025-04-25T20:08:58+00:00","dateModified":"2025-04-25T20:12:23+00:00","breadcrumb":{"@id":"https:\/\/www.institutodeengenharia.org.br\/site\/2025\/04\/25\/marisa-barros-discute-mineracao-e-energia-com-membros-do-ie\/#breadcrumb"},"inLanguage":"pt-BR","potentialAction":[{"@type":"ReadAction","target":["https:\/\/www.institutodeengenharia.org.br\/site\/2025\/04\/25\/marisa-barros-discute-mineracao-e-energia-com-membros-do-ie\/"]}]},{"@type":"ImageObject","inLanguage":"pt-BR","@id":"https:\/\/www.institutodeengenharia.org.br\/site\/2025\/04\/25\/marisa-barros-discute-mineracao-e-energia-com-membros-do-ie\/#primaryimage","url":"https:\/\/www.institutodeengenharia.org.br\/site\/wp-content\/uploads\/2025\/04\/WhatsApp-Image-2025-04-25-at-15.54.12.jpeg","contentUrl":"https:\/\/www.institutodeengenharia.org.br\/site\/wp-content\/uploads\/2025\/04\/WhatsApp-Image-2025-04-25-at-15.54.12.jpeg","width":1600,"height":711,"caption":"Ao centro, o presidente do IE, Jos\u00e9 Eduardo Jardim"},{"@type":"BreadcrumbList","@id":"https:\/\/www.institutodeengenharia.org.br\/site\/2025\/04\/25\/marisa-barros-discute-mineracao-e-energia-com-membros-do-ie\/#breadcrumb","itemListElement":[{"@type":"ListItem","position":1,"name":"In\u00edcio","item":"https:\/\/www.institutodeengenharia.org.br\/site\/"},{"@type":"ListItem","position":2,"name":"Marisa Barros discute Minera\u00e7\u00e3o e Energia com membros do IE"}]},{"@type":"WebSite","@id":"https:\/\/www.institutodeengenharia.org.br\/site\/#website","url":"https:\/\/www.institutodeengenharia.org.br\/site\/","name":"Instituto de Engenharia","description":"O Instituto de Engenharia promove a Engenharia em benef\u00edcio do desenvolvimento e da qualidade de vida da sociedade.","publisher":{"@id":"https:\/\/www.institutodeengenharia.org.br\/site\/#organization"},"potentialAction":[{"@type":"SearchAction","target":{"@type":"EntryPoint","urlTemplate":"https:\/\/www.institutodeengenharia.org.br\/site\/?s={search_term_string}"},"query-input":{"@type":"PropertyValueSpecification","valueRequired":true,"valueName":"search_term_string"}}],"inLanguage":"pt-BR"},{"@type":"Organization","@id":"https:\/\/www.institutodeengenharia.org.br\/site\/#organization","name":"Instituto de Engenharia","url":"https:\/\/www.institutodeengenharia.org.br\/site\/","logo":{"@type":"ImageObject","inLanguage":"pt-BR","@id":"https:\/\/www.institutodeengenharia.org.br\/site\/#\/schema\/logo\/image\/","url":"https:\/\/www.institutodeengenharia.org.br\/site\/wp-content\/uploads\/2019\/03\/logo-novo-IE2018-1.jpg","contentUrl":"https:\/\/www.institutodeengenharia.org.br\/site\/wp-content\/uploads\/2019\/03\/logo-novo-IE2018-1.jpg","width":1486,"height":1879,"caption":"Instituto de Engenharia"},"image":{"@id":"https:\/\/www.institutodeengenharia.org.br\/site\/#\/schema\/logo\/image\/"},"sameAs":["https:\/\/www.facebook.com\/institutodeengenharia","https:\/\/x.com\/iengenharia","https:\/\/www.instagram.com\/institutodeengenharia\/","https:\/\/www.linkedin.com\/company\/instituto-de-engenharia\/","https:\/\/www.youtube.com\/channel\/UCXiCAlsSMe977vamW915HxA"]},{"@type":"Person","@id":"https:\/\/www.institutodeengenharia.org.br\/site\/#\/schema\/person\/593dc356630173a4877a635d3e5fd76b","name":"Isabel","image":{"@type":"ImageObject","inLanguage":"pt-BR","@id":"https:\/\/secure.gravatar.com\/avatar\/f3c521db63ec9db17894f10a88c6a3cf95b2281d7f80eeb3cf3ef1cb091576e7?s=96&d=mm&r=g","url":"https:\/\/secure.gravatar.com\/avatar\/f3c521db63ec9db17894f10a88c6a3cf95b2281d7f80eeb3cf3ef1cb091576e7?s=96&d=mm&r=g","contentUrl":"https:\/\/secure.gravatar.com\/avatar\/f3c521db63ec9db17894f10a88c6a3cf95b2281d7f80eeb3cf3ef1cb091576e7?s=96&d=mm&r=g","caption":"Isabel"},"url":"https:\/\/www.institutodeengenharia.org.br\/site\/author\/comunicacao2\/"}]}},"_links":{"self":[{"href":"https:\/\/www.institutodeengenharia.org.br\/site\/wp-json\/wp\/v2\/posts\/128320","targetHints":{"allow":["GET"]}}],"collection":[{"href":"https:\/\/www.institutodeengenharia.org.br\/site\/wp-json\/wp\/v2\/posts"}],"about":[{"href":"https:\/\/www.institutodeengenharia.org.br\/site\/wp-json\/wp\/v2\/types\/post"}],"author":[{"embeddable":true,"href":"https:\/\/www.institutodeengenharia.org.br\/site\/wp-json\/wp\/v2\/users\/14"}],"replies":[{"embeddable":true,"href":"https:\/\/www.institutodeengenharia.org.br\/site\/wp-json\/wp\/v2\/comments?post=128320"}],"version-history":[{"count":2,"href":"https:\/\/www.institutodeengenharia.org.br\/site\/wp-json\/wp\/v2\/posts\/128320\/revisions"}],"predecessor-version":[{"id":128328,"href":"https:\/\/www.institutodeengenharia.org.br\/site\/wp-json\/wp\/v2\/posts\/128320\/revisions\/128328"}],"wp:featuredmedia":[{"embeddable":true,"href":"https:\/\/www.institutodeengenharia.org.br\/site\/wp-json\/wp\/v2\/media\/128325"}],"wp:attachment":[{"href":"https:\/\/www.institutodeengenharia.org.br\/site\/wp-json\/wp\/v2\/media?parent=128320"}],"wp:term":[{"taxonomy":"category","embeddable":true,"href":"https:\/\/www.institutodeengenharia.org.br\/site\/wp-json\/wp\/v2\/categories?post=128320"},{"taxonomy":"post_tag","embeddable":true,"href":"https:\/\/www.institutodeengenharia.org.br\/site\/wp-json\/wp\/v2\/tags?post=128320"}],"curies":[{"name":"wp","href":"https:\/\/api.w.org\/{rel}","templated":true}]}}