{"id":128298,"date":"2025-04-24T11:37:53","date_gmt":"2025-04-24T14:37:53","guid":{"rendered":"https:\/\/www.institutodeengenharia.org.br\/site\/?p=128298"},"modified":"2025-04-24T11:40:24","modified_gmt":"2025-04-24T14:40:24","slug":"diretoria-do-ie-protocola-manifesto-no-stf-conheca-a-pauta","status":"publish","type":"post","link":"https:\/\/www.institutodeengenharia.org.br\/site\/2025\/04\/24\/diretoria-do-ie-protocola-manifesto-no-stf-conheca-a-pauta\/","title":{"rendered":"Diretoria do IE protocola manifesto no STF. Conhe\u00e7a a pauta"},"content":{"rendered":"<p>Jos\u00e9 Eduardo Jardim e Miriana Marques, respectivamente, presidente e vice-presidente de Administra\u00e7\u00e3o e Finan\u00e7as do Instituto de Engenharia, estiveram nesta quarta (23), no Supremo Tribunal Federal, gabinete do ministro Gilmar Ferreira Mendes, em Bras\u00edlia, para protocolar um manifesto sobre os &#8216;Impactos sociais e econ\u00f4micos de eventual veda\u00e7\u00e3o \u00e0 pejotiza\u00e7\u00e3o de profissionais da \u00e1rea de Engenharia no Brasil&#8217;.<\/p>\n<p>O documento, al\u00e9m de outros pontos, destaque que &#8216;A presta\u00e7\u00e3o de servi\u00e7os por meio de pessoas jur\u00eddicas tem sido, h\u00e1 d\u00e9cadas, uma alternativa leg\u00edtima, fiscalmente regulada e funcionalmente eficiente em in\u00fameros setores da economia, especialmente nos ramos t\u00e9cnicos e especializados, como o da engenharia. (&#8230;) e impedir ou restringir essa forma de organiza\u00e7\u00e3o profissional, simplesmente pelo preenchimento dos pressupostos caracterizadores de uma rela\u00e7\u00e3o de emprego, representa n\u00e3o apenas um retrocesso nas din\u00e2micas modernas de contrata\u00e7\u00e3o, mas tamb\u00e9m compromete a competitividade nacional, desestimula a inova\u00e7\u00e3o e encarece obras e servi\u00e7os fundamentais, muitos deles diretamente relacionados \u00e0 infraestrutura e ao desenvolvimento regional&#8217;.<\/p>\n<p>O Instituto de Engenharia desempenha mais uma vez seu papel de articulador dos interesses da Engenharia e de sua not\u00f3ria contribui\u00e7\u00e3o para o desenvolvimento da economia nacional.<\/p>\n","protected":false},"excerpt":{"rendered":"<p>Jos\u00e9 Eduardo Jardim e Miriana Marques, respectivamente, presidente e vice-presidente de Administra\u00e7\u00e3o e Finan\u00e7as do Instituto de Engenharia, estiveram nesta quarta (23), no Supremo Tribunal Federal, gabinete do ministro Gilmar Ferreira Mendes, em Bras\u00edlia, para protocolar um manifesto sobre os &#8216;Impactos sociais e econ\u00f4micos de eventual veda\u00e7\u00e3o \u00e0 pejotiza\u00e7\u00e3o de profissionais da \u00e1rea de Engenharia [&hellip;]<\/p>\n","protected":false},"author":14,"featured_media":128303,"comment_status":"open","ping_status":"open","sticky":false,"template":"","format":"standard","meta":{"footnotes":""},"categories":[27,6],"tags":[],"class_list":{"0":"post-128298","1":"post","2":"type-post","3":"status-publish","4":"format-standard","5":"has-post-thumbnail","7":"category-instituto-de-engenharia","8":"category-noticias"},"yoast_head":"<!-- This site is optimized with the Yoast SEO plugin v27.2 - https:\/\/yoast.com\/product\/yoast-seo-wordpress\/ -->\n<title>Diretoria do IE protocola manifesto no STF. Conhe\u00e7a a pauta - Instituto de Engenharia<\/title>\n<meta name=\"robots\" content=\"index, follow, max-snippet:-1, max-image-preview:large, max-video-preview:-1\" \/>\n<link rel=\"canonical\" href=\"https:\/\/www.institutodeengenharia.org.br\/site\/2025\/04\/24\/diretoria-do-ie-protocola-manifesto-no-stf-conheca-a-pauta\/\" \/>\n<meta property=\"og:locale\" content=\"pt_BR\" \/>\n<meta property=\"og:type\" content=\"article\" \/>\n<meta property=\"og:title\" content=\"Diretoria do IE protocola manifesto no STF. Conhe\u00e7a a pauta - Instituto de Engenharia\" \/>\n<meta property=\"og:description\" content=\"Jos\u00e9 Eduardo Jardim e Miriana Marques, respectivamente, presidente e vice-presidente de Administra\u00e7\u00e3o e Finan\u00e7as do Instituto de Engenharia, estiveram nesta quarta (23), no Supremo Tribunal Federal, gabinete do ministro Gilmar Ferreira Mendes, em Bras\u00edlia, para protocolar um manifesto sobre os &#8216;Impactos sociais e econ\u00f4micos de eventual veda\u00e7\u00e3o \u00e0 pejotiza\u00e7\u00e3o de profissionais da \u00e1rea de Engenharia [&hellip;]\" \/>\n<meta property=\"og:url\" content=\"https:\/\/www.institutodeengenharia.org.br\/site\/2025\/04\/24\/diretoria-do-ie-protocola-manifesto-no-stf-conheca-a-pauta\/\" \/>\n<meta property=\"og:site_name\" content=\"Instituto de Engenharia\" \/>\n<meta property=\"article:publisher\" content=\"https:\/\/www.facebook.com\/institutodeengenharia\" \/>\n<meta property=\"article:published_time\" content=\"2025-04-24T14:37:53+00:00\" \/>\n<meta property=\"article:modified_time\" content=\"2025-04-24T14:40:24+00:00\" \/>\n<meta property=\"og:image\" content=\"https:\/\/www.institutodeengenharia.org.br\/site\/wp-content\/uploads\/2025\/04\/embrapa-3-1.jpeg\" \/>\n\t<meta property=\"og:image:width\" content=\"1009\" \/>\n\t<meta property=\"og:image:height\" content=\"856\" \/>\n\t<meta property=\"og:image:type\" content=\"image\/jpeg\" \/>\n<meta name=\"author\" content=\"Isabel\" \/>\n<meta name=\"twitter:card\" content=\"summary_large_image\" \/>\n<meta name=\"twitter:creator\" content=\"@iengenharia\" \/>\n<meta name=\"twitter:site\" content=\"@iengenharia\" \/>\n<meta name=\"twitter:label1\" content=\"Escrito por\" \/>\n\t<meta name=\"twitter:data1\" content=\"Isabel\" \/>\n\t<meta name=\"twitter:label2\" content=\"Est. tempo de leitura\" \/>\n\t<meta name=\"twitter:data2\" content=\"2 minutos\" \/>\n<script type=\"application\/ld+json\" class=\"yoast-schema-graph\">{\"@context\":\"https:\/\/schema.org\",\"@graph\":[{\"@type\":\"Article\",\"@id\":\"https:\/\/www.institutodeengenharia.org.br\/site\/2025\/04\/24\/diretoria-do-ie-protocola-manifesto-no-stf-conheca-a-pauta\/#article\",\"isPartOf\":{\"@id\":\"https:\/\/www.institutodeengenharia.org.br\/site\/2025\/04\/24\/diretoria-do-ie-protocola-manifesto-no-stf-conheca-a-pauta\/\"},\"author\":{\"name\":\"Isabel\",\"@id\":\"https:\/\/www.institutodeengenharia.org.br\/site\/#\/schema\/person\/593dc356630173a4877a635d3e5fd76b\"},\"headline\":\"Diretoria do IE protocola manifesto no STF. Conhe\u00e7a a pauta\",\"datePublished\":\"2025-04-24T14:37:53+00:00\",\"dateModified\":\"2025-04-24T14:40:24+00:00\",\"mainEntityOfPage\":{\"@id\":\"https:\/\/www.institutodeengenharia.org.br\/site\/2025\/04\/24\/diretoria-do-ie-protocola-manifesto-no-stf-conheca-a-pauta\/\"},\"wordCount\":215,\"commentCount\":0,\"publisher\":{\"@id\":\"https:\/\/www.institutodeengenharia.org.br\/site\/#organization\"},\"image\":{\"@id\":\"https:\/\/www.institutodeengenharia.org.br\/site\/2025\/04\/24\/diretoria-do-ie-protocola-manifesto-no-stf-conheca-a-pauta\/#primaryimage\"},\"thumbnailUrl\":\"https:\/\/www.institutodeengenharia.org.br\/site\/wp-content\/uploads\/2025\/04\/embrapa-3-1.jpeg\",\"articleSection\":[\"Instituto de Engenharia\",\"Not\u00edcias\"],\"inLanguage\":\"pt-BR\",\"potentialAction\":[{\"@type\":\"CommentAction\",\"name\":\"Comment\",\"target\":[\"https:\/\/www.institutodeengenharia.org.br\/site\/2025\/04\/24\/diretoria-do-ie-protocola-manifesto-no-stf-conheca-a-pauta\/#respond\"]}]},{\"@type\":\"WebPage\",\"@id\":\"https:\/\/www.institutodeengenharia.org.br\/site\/2025\/04\/24\/diretoria-do-ie-protocola-manifesto-no-stf-conheca-a-pauta\/\",\"url\":\"https:\/\/www.institutodeengenharia.org.br\/site\/2025\/04\/24\/diretoria-do-ie-protocola-manifesto-no-stf-conheca-a-pauta\/\",\"name\":\"Diretoria do IE protocola manifesto no STF. Conhe\u00e7a a pauta - Instituto de Engenharia\",\"isPartOf\":{\"@id\":\"https:\/\/www.institutodeengenharia.org.br\/site\/#website\"},\"primaryImageOfPage\":{\"@id\":\"https:\/\/www.institutodeengenharia.org.br\/site\/2025\/04\/24\/diretoria-do-ie-protocola-manifesto-no-stf-conheca-a-pauta\/#primaryimage\"},\"image\":{\"@id\":\"https:\/\/www.institutodeengenharia.org.br\/site\/2025\/04\/24\/diretoria-do-ie-protocola-manifesto-no-stf-conheca-a-pauta\/#primaryimage\"},\"thumbnailUrl\":\"https:\/\/www.institutodeengenharia.org.br\/site\/wp-content\/uploads\/2025\/04\/embrapa-3-1.jpeg\",\"datePublished\":\"2025-04-24T14:37:53+00:00\",\"dateModified\":\"2025-04-24T14:40:24+00:00\",\"breadcrumb\":{\"@id\":\"https:\/\/www.institutodeengenharia.org.br\/site\/2025\/04\/24\/diretoria-do-ie-protocola-manifesto-no-stf-conheca-a-pauta\/#breadcrumb\"},\"inLanguage\":\"pt-BR\",\"potentialAction\":[{\"@type\":\"ReadAction\",\"target\":[\"https:\/\/www.institutodeengenharia.org.br\/site\/2025\/04\/24\/diretoria-do-ie-protocola-manifesto-no-stf-conheca-a-pauta\/\"]}]},{\"@type\":\"ImageObject\",\"inLanguage\":\"pt-BR\",\"@id\":\"https:\/\/www.institutodeengenharia.org.br\/site\/2025\/04\/24\/diretoria-do-ie-protocola-manifesto-no-stf-conheca-a-pauta\/#primaryimage\",\"url\":\"https:\/\/www.institutodeengenharia.org.br\/site\/wp-content\/uploads\/2025\/04\/embrapa-3-1.jpeg\",\"contentUrl\":\"https:\/\/www.institutodeengenharia.org.br\/site\/wp-content\/uploads\/2025\/04\/embrapa-3-1.jpeg\",\"width\":1009,\"height\":856,\"caption\":\"Jos\u00e9 Eduardo Jardim e Miriana Marques\"},{\"@type\":\"BreadcrumbList\",\"@id\":\"https:\/\/www.institutodeengenharia.org.br\/site\/2025\/04\/24\/diretoria-do-ie-protocola-manifesto-no-stf-conheca-a-pauta\/#breadcrumb\",\"itemListElement\":[{\"@type\":\"ListItem\",\"position\":1,\"name\":\"In\u00edcio\",\"item\":\"https:\/\/www.institutodeengenharia.org.br\/site\/\"},{\"@type\":\"ListItem\",\"position\":2,\"name\":\"Diretoria do IE protocola manifesto no STF. Conhe\u00e7a a pauta\"}]},{\"@type\":\"WebSite\",\"@id\":\"https:\/\/www.institutodeengenharia.org.br\/site\/#website\",\"url\":\"https:\/\/www.institutodeengenharia.org.br\/site\/\",\"name\":\"Instituto de Engenharia\",\"description\":\"O Instituto de Engenharia promove a Engenharia em benef\u00edcio do desenvolvimento e da qualidade de vida da sociedade.\",\"publisher\":{\"@id\":\"https:\/\/www.institutodeengenharia.org.br\/site\/#organization\"},\"potentialAction\":[{\"@type\":\"SearchAction\",\"target\":{\"@type\":\"EntryPoint\",\"urlTemplate\":\"https:\/\/www.institutodeengenharia.org.br\/site\/?s={search_term_string}\"},\"query-input\":{\"@type\":\"PropertyValueSpecification\",\"valueRequired\":true,\"valueName\":\"search_term_string\"}}],\"inLanguage\":\"pt-BR\"},{\"@type\":\"Organization\",\"@id\":\"https:\/\/www.institutodeengenharia.org.br\/site\/#organization\",\"name\":\"Instituto de Engenharia\",\"url\":\"https:\/\/www.institutodeengenharia.org.br\/site\/\",\"logo\":{\"@type\":\"ImageObject\",\"inLanguage\":\"pt-BR\",\"@id\":\"https:\/\/www.institutodeengenharia.org.br\/site\/#\/schema\/logo\/image\/\",\"url\":\"https:\/\/www.institutodeengenharia.org.br\/site\/wp-content\/uploads\/2019\/03\/logo-novo-IE2018-1.jpg\",\"contentUrl\":\"https:\/\/www.institutodeengenharia.org.br\/site\/wp-content\/uploads\/2019\/03\/logo-novo-IE2018-1.jpg\",\"width\":1486,\"height\":1879,\"caption\":\"Instituto de Engenharia\"},\"image\":{\"@id\":\"https:\/\/www.institutodeengenharia.org.br\/site\/#\/schema\/logo\/image\/\"},\"sameAs\":[\"https:\/\/www.facebook.com\/institutodeengenharia\",\"https:\/\/x.com\/iengenharia\",\"https:\/\/www.instagram.com\/institutodeengenharia\/\",\"https:\/\/www.linkedin.com\/company\/instituto-de-engenharia\/\",\"https:\/\/www.youtube.com\/channel\/UCXiCAlsSMe977vamW915HxA\"]},{\"@type\":\"Person\",\"@id\":\"https:\/\/www.institutodeengenharia.org.br\/site\/#\/schema\/person\/593dc356630173a4877a635d3e5fd76b\",\"name\":\"Isabel\",\"image\":{\"@type\":\"ImageObject\",\"inLanguage\":\"pt-BR\",\"@id\":\"https:\/\/secure.gravatar.com\/avatar\/f3c521db63ec9db17894f10a88c6a3cf95b2281d7f80eeb3cf3ef1cb091576e7?s=96&d=mm&r=g\",\"url\":\"https:\/\/secure.gravatar.com\/avatar\/f3c521db63ec9db17894f10a88c6a3cf95b2281d7f80eeb3cf3ef1cb091576e7?s=96&d=mm&r=g\",\"contentUrl\":\"https:\/\/secure.gravatar.com\/avatar\/f3c521db63ec9db17894f10a88c6a3cf95b2281d7f80eeb3cf3ef1cb091576e7?s=96&d=mm&r=g\",\"caption\":\"Isabel\"},\"url\":\"https:\/\/www.institutodeengenharia.org.br\/site\/author\/comunicacao2\/\"}]}<\/script>\n<!-- \/ Yoast SEO plugin. -->","yoast_head_json":{"title":"Diretoria do IE protocola manifesto no STF. Conhe\u00e7a a pauta - Instituto de Engenharia","robots":{"index":"index","follow":"follow","max-snippet":"max-snippet:-1","max-image-preview":"max-image-preview:large","max-video-preview":"max-video-preview:-1"},"canonical":"https:\/\/www.institutodeengenharia.org.br\/site\/2025\/04\/24\/diretoria-do-ie-protocola-manifesto-no-stf-conheca-a-pauta\/","og_locale":"pt_BR","og_type":"article","og_title":"Diretoria do IE protocola manifesto no STF. Conhe\u00e7a a pauta - Instituto de Engenharia","og_description":"Jos\u00e9 Eduardo Jardim e Miriana Marques, respectivamente, presidente e vice-presidente de Administra\u00e7\u00e3o e Finan\u00e7as do Instituto de Engenharia, estiveram nesta quarta (23), no Supremo Tribunal Federal, gabinete do ministro Gilmar Ferreira Mendes, em Bras\u00edlia, para protocolar um manifesto sobre os &#8216;Impactos sociais e econ\u00f4micos de eventual veda\u00e7\u00e3o \u00e0 pejotiza\u00e7\u00e3o de profissionais da \u00e1rea de Engenharia [&hellip;]","og_url":"https:\/\/www.institutodeengenharia.org.br\/site\/2025\/04\/24\/diretoria-do-ie-protocola-manifesto-no-stf-conheca-a-pauta\/","og_site_name":"Instituto de Engenharia","article_publisher":"https:\/\/www.facebook.com\/institutodeengenharia","article_published_time":"2025-04-24T14:37:53+00:00","article_modified_time":"2025-04-24T14:40:24+00:00","og_image":[{"width":1009,"height":856,"url":"https:\/\/www.institutodeengenharia.org.br\/site\/wp-content\/uploads\/2025\/04\/embrapa-3-1.jpeg","type":"image\/jpeg"}],"author":"Isabel","twitter_card":"summary_large_image","twitter_creator":"@iengenharia","twitter_site":"@iengenharia","twitter_misc":{"Escrito por":"Isabel","Est. tempo de leitura":"2 minutos"},"schema":{"@context":"https:\/\/schema.org","@graph":[{"@type":"Article","@id":"https:\/\/www.institutodeengenharia.org.br\/site\/2025\/04\/24\/diretoria-do-ie-protocola-manifesto-no-stf-conheca-a-pauta\/#article","isPartOf":{"@id":"https:\/\/www.institutodeengenharia.org.br\/site\/2025\/04\/24\/diretoria-do-ie-protocola-manifesto-no-stf-conheca-a-pauta\/"},"author":{"name":"Isabel","@id":"https:\/\/www.institutodeengenharia.org.br\/site\/#\/schema\/person\/593dc356630173a4877a635d3e5fd76b"},"headline":"Diretoria do IE protocola manifesto no STF. Conhe\u00e7a a pauta","datePublished":"2025-04-24T14:37:53+00:00","dateModified":"2025-04-24T14:40:24+00:00","mainEntityOfPage":{"@id":"https:\/\/www.institutodeengenharia.org.br\/site\/2025\/04\/24\/diretoria-do-ie-protocola-manifesto-no-stf-conheca-a-pauta\/"},"wordCount":215,"commentCount":0,"publisher":{"@id":"https:\/\/www.institutodeengenharia.org.br\/site\/#organization"},"image":{"@id":"https:\/\/www.institutodeengenharia.org.br\/site\/2025\/04\/24\/diretoria-do-ie-protocola-manifesto-no-stf-conheca-a-pauta\/#primaryimage"},"thumbnailUrl":"https:\/\/www.institutodeengenharia.org.br\/site\/wp-content\/uploads\/2025\/04\/embrapa-3-1.jpeg","articleSection":["Instituto de Engenharia","Not\u00edcias"],"inLanguage":"pt-BR","potentialAction":[{"@type":"CommentAction","name":"Comment","target":["https:\/\/www.institutodeengenharia.org.br\/site\/2025\/04\/24\/diretoria-do-ie-protocola-manifesto-no-stf-conheca-a-pauta\/#respond"]}]},{"@type":"WebPage","@id":"https:\/\/www.institutodeengenharia.org.br\/site\/2025\/04\/24\/diretoria-do-ie-protocola-manifesto-no-stf-conheca-a-pauta\/","url":"https:\/\/www.institutodeengenharia.org.br\/site\/2025\/04\/24\/diretoria-do-ie-protocola-manifesto-no-stf-conheca-a-pauta\/","name":"Diretoria do IE protocola manifesto no STF. Conhe\u00e7a a pauta - Instituto de Engenharia","isPartOf":{"@id":"https:\/\/www.institutodeengenharia.org.br\/site\/#website"},"primaryImageOfPage":{"@id":"https:\/\/www.institutodeengenharia.org.br\/site\/2025\/04\/24\/diretoria-do-ie-protocola-manifesto-no-stf-conheca-a-pauta\/#primaryimage"},"image":{"@id":"https:\/\/www.institutodeengenharia.org.br\/site\/2025\/04\/24\/diretoria-do-ie-protocola-manifesto-no-stf-conheca-a-pauta\/#primaryimage"},"thumbnailUrl":"https:\/\/www.institutodeengenharia.org.br\/site\/wp-content\/uploads\/2025\/04\/embrapa-3-1.jpeg","datePublished":"2025-04-24T14:37:53+00:00","dateModified":"2025-04-24T14:40:24+00:00","breadcrumb":{"@id":"https:\/\/www.institutodeengenharia.org.br\/site\/2025\/04\/24\/diretoria-do-ie-protocola-manifesto-no-stf-conheca-a-pauta\/#breadcrumb"},"inLanguage":"pt-BR","potentialAction":[{"@type":"ReadAction","target":["https:\/\/www.institutodeengenharia.org.br\/site\/2025\/04\/24\/diretoria-do-ie-protocola-manifesto-no-stf-conheca-a-pauta\/"]}]},{"@type":"ImageObject","inLanguage":"pt-BR","@id":"https:\/\/www.institutodeengenharia.org.br\/site\/2025\/04\/24\/diretoria-do-ie-protocola-manifesto-no-stf-conheca-a-pauta\/#primaryimage","url":"https:\/\/www.institutodeengenharia.org.br\/site\/wp-content\/uploads\/2025\/04\/embrapa-3-1.jpeg","contentUrl":"https:\/\/www.institutodeengenharia.org.br\/site\/wp-content\/uploads\/2025\/04\/embrapa-3-1.jpeg","width":1009,"height":856,"caption":"Jos\u00e9 Eduardo Jardim e Miriana Marques"},{"@type":"BreadcrumbList","@id":"https:\/\/www.institutodeengenharia.org.br\/site\/2025\/04\/24\/diretoria-do-ie-protocola-manifesto-no-stf-conheca-a-pauta\/#breadcrumb","itemListElement":[{"@type":"ListItem","position":1,"name":"In\u00edcio","item":"https:\/\/www.institutodeengenharia.org.br\/site\/"},{"@type":"ListItem","position":2,"name":"Diretoria do IE protocola manifesto no STF. Conhe\u00e7a a pauta"}]},{"@type":"WebSite","@id":"https:\/\/www.institutodeengenharia.org.br\/site\/#website","url":"https:\/\/www.institutodeengenharia.org.br\/site\/","name":"Instituto de Engenharia","description":"O Instituto de Engenharia promove a Engenharia em benef\u00edcio do desenvolvimento e da qualidade de vida da sociedade.","publisher":{"@id":"https:\/\/www.institutodeengenharia.org.br\/site\/#organization"},"potentialAction":[{"@type":"SearchAction","target":{"@type":"EntryPoint","urlTemplate":"https:\/\/www.institutodeengenharia.org.br\/site\/?s={search_term_string}"},"query-input":{"@type":"PropertyValueSpecification","valueRequired":true,"valueName":"search_term_string"}}],"inLanguage":"pt-BR"},{"@type":"Organization","@id":"https:\/\/www.institutodeengenharia.org.br\/site\/#organization","name":"Instituto de Engenharia","url":"https:\/\/www.institutodeengenharia.org.br\/site\/","logo":{"@type":"ImageObject","inLanguage":"pt-BR","@id":"https:\/\/www.institutodeengenharia.org.br\/site\/#\/schema\/logo\/image\/","url":"https:\/\/www.institutodeengenharia.org.br\/site\/wp-content\/uploads\/2019\/03\/logo-novo-IE2018-1.jpg","contentUrl":"https:\/\/www.institutodeengenharia.org.br\/site\/wp-content\/uploads\/2019\/03\/logo-novo-IE2018-1.jpg","width":1486,"height":1879,"caption":"Instituto de Engenharia"},"image":{"@id":"https:\/\/www.institutodeengenharia.org.br\/site\/#\/schema\/logo\/image\/"},"sameAs":["https:\/\/www.facebook.com\/institutodeengenharia","https:\/\/x.com\/iengenharia","https:\/\/www.instagram.com\/institutodeengenharia\/","https:\/\/www.linkedin.com\/company\/instituto-de-engenharia\/","https:\/\/www.youtube.com\/channel\/UCXiCAlsSMe977vamW915HxA"]},{"@type":"Person","@id":"https:\/\/www.institutodeengenharia.org.br\/site\/#\/schema\/person\/593dc356630173a4877a635d3e5fd76b","name":"Isabel","image":{"@type":"ImageObject","inLanguage":"pt-BR","@id":"https:\/\/secure.gravatar.com\/avatar\/f3c521db63ec9db17894f10a88c6a3cf95b2281d7f80eeb3cf3ef1cb091576e7?s=96&d=mm&r=g","url":"https:\/\/secure.gravatar.com\/avatar\/f3c521db63ec9db17894f10a88c6a3cf95b2281d7f80eeb3cf3ef1cb091576e7?s=96&d=mm&r=g","contentUrl":"https:\/\/secure.gravatar.com\/avatar\/f3c521db63ec9db17894f10a88c6a3cf95b2281d7f80eeb3cf3ef1cb091576e7?s=96&d=mm&r=g","caption":"Isabel"},"url":"https:\/\/www.institutodeengenharia.org.br\/site\/author\/comunicacao2\/"}]}},"_links":{"self":[{"href":"https:\/\/www.institutodeengenharia.org.br\/site\/wp-json\/wp\/v2\/posts\/128298","targetHints":{"allow":["GET"]}}],"collection":[{"href":"https:\/\/www.institutodeengenharia.org.br\/site\/wp-json\/wp\/v2\/posts"}],"about":[{"href":"https:\/\/www.institutodeengenharia.org.br\/site\/wp-json\/wp\/v2\/types\/post"}],"author":[{"embeddable":true,"href":"https:\/\/www.institutodeengenharia.org.br\/site\/wp-json\/wp\/v2\/users\/14"}],"replies":[{"embeddable":true,"href":"https:\/\/www.institutodeengenharia.org.br\/site\/wp-json\/wp\/v2\/comments?post=128298"}],"version-history":[{"count":1,"href":"https:\/\/www.institutodeengenharia.org.br\/site\/wp-json\/wp\/v2\/posts\/128298\/revisions"}],"predecessor-version":[{"id":128302,"href":"https:\/\/www.institutodeengenharia.org.br\/site\/wp-json\/wp\/v2\/posts\/128298\/revisions\/128302"}],"wp:featuredmedia":[{"embeddable":true,"href":"https:\/\/www.institutodeengenharia.org.br\/site\/wp-json\/wp\/v2\/media\/128303"}],"wp:attachment":[{"href":"https:\/\/www.institutodeengenharia.org.br\/site\/wp-json\/wp\/v2\/media?parent=128298"}],"wp:term":[{"taxonomy":"category","embeddable":true,"href":"https:\/\/www.institutodeengenharia.org.br\/site\/wp-json\/wp\/v2\/categories?post=128298"},{"taxonomy":"post_tag","embeddable":true,"href":"https:\/\/www.institutodeengenharia.org.br\/site\/wp-json\/wp\/v2\/tags?post=128298"}],"curies":[{"name":"wp","href":"https:\/\/api.w.org\/{rel}","templated":true}]}}