{"id":128284,"date":"2025-04-24T11:22:04","date_gmt":"2025-04-24T14:22:04","guid":{"rendered":"https:\/\/www.institutodeengenharia.org.br\/site\/?p=128284"},"modified":"2025-04-24T11:22:04","modified_gmt":"2025-04-24T14:22:04","slug":"gt-bioeconomia-nacional-realiza-evento-em-parceria-com-a-embrapa","status":"publish","type":"post","link":"https:\/\/www.institutodeengenharia.org.br\/site\/2025\/04\/24\/gt-bioeconomia-nacional-realiza-evento-em-parceria-com-a-embrapa\/","title":{"rendered":"GT Bioeconomia Nacional realiza evento em parceria com a Embrapa"},"content":{"rendered":"<p><span style=\"font-weight: 400;\">O Instituto de Engenharia e a Empresa Brasileira de Pesquisa Agropecu\u00e1ria (Embrapa) realizaram nesta quarta (23), em Bras\u00edlia, o Painel <em>Caminhos da Bioeconomia na Amaz\u00f4nia.\u00a0<\/em><\/span><\/p>\n<p>O presidente do Instituto de Engenharia, Jos\u00e9 Eduardo Jardim, participou da abertura do evento destacando &#8220;(&#8230;) a enorme oportunidade que a Bioeconomia \u00e9 para o Brasil, com potencial para impulsionar um novo modelo de desenvolvimento sustent\u00e1vel, tendo a Engenharia como fundamento, desde a pesquisa at\u00e9 a industrializa\u00e7\u00e3o&#8221;.<\/p>\n<p><img loading=\"lazy\" decoding=\"async\" class=\"wp-image-128295 alignleft\" src=\"https:\/\/www.institutodeengenharia.org.br\/site\/wp-content\/uploads\/2025\/04\/embrapa-1.jpeg\" alt=\"\" width=\"245\" height=\"184\" srcset=\"https:\/\/www.institutodeengenharia.org.br\/site\/wp-content\/uploads\/2025\/04\/embrapa-1.jpeg 1600w, https:\/\/www.institutodeengenharia.org.br\/site\/wp-content\/uploads\/2025\/04\/embrapa-1-300x225.jpeg 300w, https:\/\/www.institutodeengenharia.org.br\/site\/wp-content\/uploads\/2025\/04\/embrapa-1-1024x768.jpeg 1024w, https:\/\/www.institutodeengenharia.org.br\/site\/wp-content\/uploads\/2025\/04\/embrapa-1-768x576.jpeg 768w, https:\/\/www.institutodeengenharia.org.br\/site\/wp-content\/uploads\/2025\/04\/embrapa-1-1536x1152.jpeg 1536w, https:\/\/www.institutodeengenharia.org.br\/site\/wp-content\/uploads\/2025\/04\/embrapa-1-560x420.jpeg 560w, https:\/\/www.institutodeengenharia.org.br\/site\/wp-content\/uploads\/2025\/04\/embrapa-1-80x60.jpeg 80w, https:\/\/www.institutodeengenharia.org.br\/site\/wp-content\/uploads\/2025\/04\/embrapa-1-696x522.jpeg 696w, https:\/\/www.institutodeengenharia.org.br\/site\/wp-content\/uploads\/2025\/04\/embrapa-1-1068x801.jpeg 1068w, https:\/\/www.institutodeengenharia.org.br\/site\/wp-content\/uploads\/2025\/04\/embrapa-1-265x198.jpeg 265w, https:\/\/www.institutodeengenharia.org.br\/site\/wp-content\/uploads\/2025\/04\/embrapa-1-600x450.jpeg 600w\" sizes=\"auto, (max-width: 245px) 100vw, 245px\" \/>Com o tema &#8220;<em><span style=\"font-weight: 400;\">Catalisando a Lideran\u00e7a Pan-Amaz\u00f4nica na Bioeconomia Global&#8221;, o coordenador do Grupo de Trabalho Bioeconomia Nacional, do IE, George Paulus, fez a apresenta\u00e7\u00e3o.\u00a0<\/span><\/em><\/p>\n<p>Por sua vez a Embrapa trouxe para apresenta\u00e7\u00e3o o <em>&#8220;<span style=\"font-weight: 400;\">Projeto BIAmazon &#8211; Diagn\u00f3stico e Plano Estrat\u00e9gico para atua\u00e7\u00e3o da Embrapa numa abordagem de Bioeconomia Inclusiva na Amaz\u00f4nia&#8221;, cuja explana\u00e7\u00e3o foi de <\/span><\/em><span style=\"font-weight: 400;\">Paulo Porro.<\/span><\/p>\n<p>Participaram tamb\u00e9m da mesa diretora, Miriana Marques, vice-presidente de Administra\u00e7\u00e3o e Finan\u00e7as do IE, e Ana Euler, d<em>iretora Executiva de Neg\u00f3cios da Embrapa.<\/em><\/p>\n","protected":false},"excerpt":{"rendered":"<p>O Instituto de Engenharia e a Empresa Brasileira de Pesquisa Agropecu\u00e1ria (Embrapa) realizaram nesta quarta (23), em Bras\u00edlia, o Painel Caminhos da Bioeconomia na Amaz\u00f4nia.\u00a0 O presidente do Instituto de Engenharia, Jos\u00e9 Eduardo Jardim, participou da abertura do evento destacando &#8220;(&#8230;) a enorme oportunidade que a Bioeconomia \u00e9 para o Brasil, com potencial para impulsionar [&hellip;]<\/p>\n","protected":false},"author":14,"featured_media":128289,"comment_status":"open","ping_status":"open","sticky":false,"template":"","format":"standard","meta":{"footnotes":""},"categories":[1119,27,141],"tags":[],"class_list":{"0":"post-128284","1":"post","2":"type-post","3":"status-publish","4":"format-standard","5":"has-post-thumbnail","7":"category-amazonia-e-bioeconomia","8":"category-instituto-de-engenharia","9":"category-noticias-menu"},"yoast_head":"<!-- This site is optimized with the Yoast SEO plugin v27.2 - https:\/\/yoast.com\/product\/yoast-seo-wordpress\/ -->\n<title>GT Bioeconomia Nacional realiza evento em parceria com a Embrapa - Instituto de Engenharia<\/title>\n<meta name=\"robots\" content=\"index, follow, max-snippet:-1, max-image-preview:large, max-video-preview:-1\" \/>\n<link rel=\"canonical\" href=\"https:\/\/www.institutodeengenharia.org.br\/site\/2025\/04\/24\/gt-bioeconomia-nacional-realiza-evento-em-parceria-com-a-embrapa\/\" \/>\n<meta property=\"og:locale\" content=\"pt_BR\" \/>\n<meta property=\"og:type\" content=\"article\" \/>\n<meta property=\"og:title\" content=\"GT Bioeconomia Nacional realiza evento em parceria com a Embrapa - Instituto de Engenharia\" \/>\n<meta property=\"og:description\" content=\"O Instituto de Engenharia e a Empresa Brasileira de Pesquisa Agropecu\u00e1ria (Embrapa) realizaram nesta quarta (23), em Bras\u00edlia, o Painel Caminhos da Bioeconomia na Amaz\u00f4nia.\u00a0 O presidente do Instituto de Engenharia, Jos\u00e9 Eduardo Jardim, participou da abertura do evento destacando &#8220;(&#8230;) a enorme oportunidade que a Bioeconomia \u00e9 para o Brasil, com potencial para impulsionar [&hellip;]\" \/>\n<meta property=\"og:url\" content=\"https:\/\/www.institutodeengenharia.org.br\/site\/2025\/04\/24\/gt-bioeconomia-nacional-realiza-evento-em-parceria-com-a-embrapa\/\" \/>\n<meta property=\"og:site_name\" content=\"Instituto de Engenharia\" \/>\n<meta property=\"article:publisher\" content=\"https:\/\/www.facebook.com\/institutodeengenharia\" \/>\n<meta property=\"article:published_time\" content=\"2025-04-24T14:22:04+00:00\" \/>\n<meta property=\"og:image\" content=\"https:\/\/www.institutodeengenharia.org.br\/site\/wp-content\/uploads\/2025\/04\/embrapa2.jpeg\" \/>\n\t<meta property=\"og:image:width\" content=\"1401\" \/>\n\t<meta property=\"og:image:height\" content=\"742\" \/>\n\t<meta property=\"og:image:type\" content=\"image\/jpeg\" \/>\n<meta name=\"author\" content=\"Isabel\" \/>\n<meta name=\"twitter:card\" content=\"summary_large_image\" \/>\n<meta name=\"twitter:creator\" content=\"@iengenharia\" \/>\n<meta name=\"twitter:site\" content=\"@iengenharia\" \/>\n<meta name=\"twitter:label1\" content=\"Escrito por\" \/>\n\t<meta name=\"twitter:data1\" content=\"Isabel\" \/>\n\t<meta name=\"twitter:label2\" content=\"Est. tempo de leitura\" \/>\n\t<meta name=\"twitter:data2\" content=\"2 minutos\" \/>\n<script type=\"application\/ld+json\" class=\"yoast-schema-graph\">{\"@context\":\"https:\/\/schema.org\",\"@graph\":[{\"@type\":\"Article\",\"@id\":\"https:\/\/www.institutodeengenharia.org.br\/site\/2025\/04\/24\/gt-bioeconomia-nacional-realiza-evento-em-parceria-com-a-embrapa\/#article\",\"isPartOf\":{\"@id\":\"https:\/\/www.institutodeengenharia.org.br\/site\/2025\/04\/24\/gt-bioeconomia-nacional-realiza-evento-em-parceria-com-a-embrapa\/\"},\"author\":{\"name\":\"Isabel\",\"@id\":\"https:\/\/www.institutodeengenharia.org.br\/site\/#\/schema\/person\/593dc356630173a4877a635d3e5fd76b\"},\"headline\":\"GT Bioeconomia Nacional realiza evento em parceria com a Embrapa\",\"datePublished\":\"2025-04-24T14:22:04+00:00\",\"mainEntityOfPage\":{\"@id\":\"https:\/\/www.institutodeengenharia.org.br\/site\/2025\/04\/24\/gt-bioeconomia-nacional-realiza-evento-em-parceria-com-a-embrapa\/\"},\"wordCount\":178,\"commentCount\":0,\"publisher\":{\"@id\":\"https:\/\/www.institutodeengenharia.org.br\/site\/#organization\"},\"image\":{\"@id\":\"https:\/\/www.institutodeengenharia.org.br\/site\/2025\/04\/24\/gt-bioeconomia-nacional-realiza-evento-em-parceria-com-a-embrapa\/#primaryimage\"},\"thumbnailUrl\":\"https:\/\/www.institutodeengenharia.org.br\/site\/wp-content\/uploads\/2025\/04\/embrapa2.jpeg\",\"articleSection\":[\"Amaz\u00f4nia e Bioeconomia\",\"Instituto de Engenharia\",\"Not\u00edcias\"],\"inLanguage\":\"pt-BR\",\"potentialAction\":[{\"@type\":\"CommentAction\",\"name\":\"Comment\",\"target\":[\"https:\/\/www.institutodeengenharia.org.br\/site\/2025\/04\/24\/gt-bioeconomia-nacional-realiza-evento-em-parceria-com-a-embrapa\/#respond\"]}]},{\"@type\":\"WebPage\",\"@id\":\"https:\/\/www.institutodeengenharia.org.br\/site\/2025\/04\/24\/gt-bioeconomia-nacional-realiza-evento-em-parceria-com-a-embrapa\/\",\"url\":\"https:\/\/www.institutodeengenharia.org.br\/site\/2025\/04\/24\/gt-bioeconomia-nacional-realiza-evento-em-parceria-com-a-embrapa\/\",\"name\":\"GT Bioeconomia Nacional realiza evento em parceria com a Embrapa - Instituto de Engenharia\",\"isPartOf\":{\"@id\":\"https:\/\/www.institutodeengenharia.org.br\/site\/#website\"},\"primaryImageOfPage\":{\"@id\":\"https:\/\/www.institutodeengenharia.org.br\/site\/2025\/04\/24\/gt-bioeconomia-nacional-realiza-evento-em-parceria-com-a-embrapa\/#primaryimage\"},\"image\":{\"@id\":\"https:\/\/www.institutodeengenharia.org.br\/site\/2025\/04\/24\/gt-bioeconomia-nacional-realiza-evento-em-parceria-com-a-embrapa\/#primaryimage\"},\"thumbnailUrl\":\"https:\/\/www.institutodeengenharia.org.br\/site\/wp-content\/uploads\/2025\/04\/embrapa2.jpeg\",\"datePublished\":\"2025-04-24T14:22:04+00:00\",\"breadcrumb\":{\"@id\":\"https:\/\/www.institutodeengenharia.org.br\/site\/2025\/04\/24\/gt-bioeconomia-nacional-realiza-evento-em-parceria-com-a-embrapa\/#breadcrumb\"},\"inLanguage\":\"pt-BR\",\"potentialAction\":[{\"@type\":\"ReadAction\",\"target\":[\"https:\/\/www.institutodeengenharia.org.br\/site\/2025\/04\/24\/gt-bioeconomia-nacional-realiza-evento-em-parceria-com-a-embrapa\/\"]}]},{\"@type\":\"ImageObject\",\"inLanguage\":\"pt-BR\",\"@id\":\"https:\/\/www.institutodeengenharia.org.br\/site\/2025\/04\/24\/gt-bioeconomia-nacional-realiza-evento-em-parceria-com-a-embrapa\/#primaryimage\",\"url\":\"https:\/\/www.institutodeengenharia.org.br\/site\/wp-content\/uploads\/2025\/04\/embrapa2.jpeg\",\"contentUrl\":\"https:\/\/www.institutodeengenharia.org.br\/site\/wp-content\/uploads\/2025\/04\/embrapa2.jpeg\",\"width\":1401,\"height\":742,\"caption\":\"Da esq. p\/ dir.: Miriana Marques, VP IE, Jos\u00e9 Eduardo Jardim, presidente IE, Ana Euler, Embrapa, e George Paulus, IE\"},{\"@type\":\"BreadcrumbList\",\"@id\":\"https:\/\/www.institutodeengenharia.org.br\/site\/2025\/04\/24\/gt-bioeconomia-nacional-realiza-evento-em-parceria-com-a-embrapa\/#breadcrumb\",\"itemListElement\":[{\"@type\":\"ListItem\",\"position\":1,\"name\":\"In\u00edcio\",\"item\":\"https:\/\/www.institutodeengenharia.org.br\/site\/\"},{\"@type\":\"ListItem\",\"position\":2,\"name\":\"GT Bioeconomia Nacional realiza evento em parceria com a Embrapa\"}]},{\"@type\":\"WebSite\",\"@id\":\"https:\/\/www.institutodeengenharia.org.br\/site\/#website\",\"url\":\"https:\/\/www.institutodeengenharia.org.br\/site\/\",\"name\":\"Instituto de Engenharia\",\"description\":\"O Instituto de Engenharia promove a Engenharia em benef\u00edcio do desenvolvimento e da qualidade de vida da sociedade.\",\"publisher\":{\"@id\":\"https:\/\/www.institutodeengenharia.org.br\/site\/#organization\"},\"potentialAction\":[{\"@type\":\"SearchAction\",\"target\":{\"@type\":\"EntryPoint\",\"urlTemplate\":\"https:\/\/www.institutodeengenharia.org.br\/site\/?s={search_term_string}\"},\"query-input\":{\"@type\":\"PropertyValueSpecification\",\"valueRequired\":true,\"valueName\":\"search_term_string\"}}],\"inLanguage\":\"pt-BR\"},{\"@type\":\"Organization\",\"@id\":\"https:\/\/www.institutodeengenharia.org.br\/site\/#organization\",\"name\":\"Instituto de Engenharia\",\"url\":\"https:\/\/www.institutodeengenharia.org.br\/site\/\",\"logo\":{\"@type\":\"ImageObject\",\"inLanguage\":\"pt-BR\",\"@id\":\"https:\/\/www.institutodeengenharia.org.br\/site\/#\/schema\/logo\/image\/\",\"url\":\"https:\/\/www.institutodeengenharia.org.br\/site\/wp-content\/uploads\/2019\/03\/logo-novo-IE2018-1.jpg\",\"contentUrl\":\"https:\/\/www.institutodeengenharia.org.br\/site\/wp-content\/uploads\/2019\/03\/logo-novo-IE2018-1.jpg\",\"width\":1486,\"height\":1879,\"caption\":\"Instituto de Engenharia\"},\"image\":{\"@id\":\"https:\/\/www.institutodeengenharia.org.br\/site\/#\/schema\/logo\/image\/\"},\"sameAs\":[\"https:\/\/www.facebook.com\/institutodeengenharia\",\"https:\/\/x.com\/iengenharia\",\"https:\/\/www.instagram.com\/institutodeengenharia\/\",\"https:\/\/www.linkedin.com\/company\/instituto-de-engenharia\/\",\"https:\/\/www.youtube.com\/channel\/UCXiCAlsSMe977vamW915HxA\"]},{\"@type\":\"Person\",\"@id\":\"https:\/\/www.institutodeengenharia.org.br\/site\/#\/schema\/person\/593dc356630173a4877a635d3e5fd76b\",\"name\":\"Isabel\",\"image\":{\"@type\":\"ImageObject\",\"inLanguage\":\"pt-BR\",\"@id\":\"https:\/\/secure.gravatar.com\/avatar\/f3c521db63ec9db17894f10a88c6a3cf95b2281d7f80eeb3cf3ef1cb091576e7?s=96&d=mm&r=g\",\"url\":\"https:\/\/secure.gravatar.com\/avatar\/f3c521db63ec9db17894f10a88c6a3cf95b2281d7f80eeb3cf3ef1cb091576e7?s=96&d=mm&r=g\",\"contentUrl\":\"https:\/\/secure.gravatar.com\/avatar\/f3c521db63ec9db17894f10a88c6a3cf95b2281d7f80eeb3cf3ef1cb091576e7?s=96&d=mm&r=g\",\"caption\":\"Isabel\"},\"url\":\"https:\/\/www.institutodeengenharia.org.br\/site\/author\/comunicacao2\/\"}]}<\/script>\n<!-- \/ Yoast SEO plugin. -->","yoast_head_json":{"title":"GT Bioeconomia Nacional realiza evento em parceria com a Embrapa - Instituto de Engenharia","robots":{"index":"index","follow":"follow","max-snippet":"max-snippet:-1","max-image-preview":"max-image-preview:large","max-video-preview":"max-video-preview:-1"},"canonical":"https:\/\/www.institutodeengenharia.org.br\/site\/2025\/04\/24\/gt-bioeconomia-nacional-realiza-evento-em-parceria-com-a-embrapa\/","og_locale":"pt_BR","og_type":"article","og_title":"GT Bioeconomia Nacional realiza evento em parceria com a Embrapa - Instituto de Engenharia","og_description":"O Instituto de Engenharia e a Empresa Brasileira de Pesquisa Agropecu\u00e1ria (Embrapa) realizaram nesta quarta (23), em Bras\u00edlia, o Painel Caminhos da Bioeconomia na Amaz\u00f4nia.\u00a0 O presidente do Instituto de Engenharia, Jos\u00e9 Eduardo Jardim, participou da abertura do evento destacando &#8220;(&#8230;) a enorme oportunidade que a Bioeconomia \u00e9 para o Brasil, com potencial para impulsionar [&hellip;]","og_url":"https:\/\/www.institutodeengenharia.org.br\/site\/2025\/04\/24\/gt-bioeconomia-nacional-realiza-evento-em-parceria-com-a-embrapa\/","og_site_name":"Instituto de Engenharia","article_publisher":"https:\/\/www.facebook.com\/institutodeengenharia","article_published_time":"2025-04-24T14:22:04+00:00","og_image":[{"width":1401,"height":742,"url":"https:\/\/www.institutodeengenharia.org.br\/site\/wp-content\/uploads\/2025\/04\/embrapa2.jpeg","type":"image\/jpeg"}],"author":"Isabel","twitter_card":"summary_large_image","twitter_creator":"@iengenharia","twitter_site":"@iengenharia","twitter_misc":{"Escrito por":"Isabel","Est. tempo de leitura":"2 minutos"},"schema":{"@context":"https:\/\/schema.org","@graph":[{"@type":"Article","@id":"https:\/\/www.institutodeengenharia.org.br\/site\/2025\/04\/24\/gt-bioeconomia-nacional-realiza-evento-em-parceria-com-a-embrapa\/#article","isPartOf":{"@id":"https:\/\/www.institutodeengenharia.org.br\/site\/2025\/04\/24\/gt-bioeconomia-nacional-realiza-evento-em-parceria-com-a-embrapa\/"},"author":{"name":"Isabel","@id":"https:\/\/www.institutodeengenharia.org.br\/site\/#\/schema\/person\/593dc356630173a4877a635d3e5fd76b"},"headline":"GT Bioeconomia Nacional realiza evento em parceria com a Embrapa","datePublished":"2025-04-24T14:22:04+00:00","mainEntityOfPage":{"@id":"https:\/\/www.institutodeengenharia.org.br\/site\/2025\/04\/24\/gt-bioeconomia-nacional-realiza-evento-em-parceria-com-a-embrapa\/"},"wordCount":178,"commentCount":0,"publisher":{"@id":"https:\/\/www.institutodeengenharia.org.br\/site\/#organization"},"image":{"@id":"https:\/\/www.institutodeengenharia.org.br\/site\/2025\/04\/24\/gt-bioeconomia-nacional-realiza-evento-em-parceria-com-a-embrapa\/#primaryimage"},"thumbnailUrl":"https:\/\/www.institutodeengenharia.org.br\/site\/wp-content\/uploads\/2025\/04\/embrapa2.jpeg","articleSection":["Amaz\u00f4nia e Bioeconomia","Instituto de Engenharia","Not\u00edcias"],"inLanguage":"pt-BR","potentialAction":[{"@type":"CommentAction","name":"Comment","target":["https:\/\/www.institutodeengenharia.org.br\/site\/2025\/04\/24\/gt-bioeconomia-nacional-realiza-evento-em-parceria-com-a-embrapa\/#respond"]}]},{"@type":"WebPage","@id":"https:\/\/www.institutodeengenharia.org.br\/site\/2025\/04\/24\/gt-bioeconomia-nacional-realiza-evento-em-parceria-com-a-embrapa\/","url":"https:\/\/www.institutodeengenharia.org.br\/site\/2025\/04\/24\/gt-bioeconomia-nacional-realiza-evento-em-parceria-com-a-embrapa\/","name":"GT Bioeconomia Nacional realiza evento em parceria com a Embrapa - Instituto de Engenharia","isPartOf":{"@id":"https:\/\/www.institutodeengenharia.org.br\/site\/#website"},"primaryImageOfPage":{"@id":"https:\/\/www.institutodeengenharia.org.br\/site\/2025\/04\/24\/gt-bioeconomia-nacional-realiza-evento-em-parceria-com-a-embrapa\/#primaryimage"},"image":{"@id":"https:\/\/www.institutodeengenharia.org.br\/site\/2025\/04\/24\/gt-bioeconomia-nacional-realiza-evento-em-parceria-com-a-embrapa\/#primaryimage"},"thumbnailUrl":"https:\/\/www.institutodeengenharia.org.br\/site\/wp-content\/uploads\/2025\/04\/embrapa2.jpeg","datePublished":"2025-04-24T14:22:04+00:00","breadcrumb":{"@id":"https:\/\/www.institutodeengenharia.org.br\/site\/2025\/04\/24\/gt-bioeconomia-nacional-realiza-evento-em-parceria-com-a-embrapa\/#breadcrumb"},"inLanguage":"pt-BR","potentialAction":[{"@type":"ReadAction","target":["https:\/\/www.institutodeengenharia.org.br\/site\/2025\/04\/24\/gt-bioeconomia-nacional-realiza-evento-em-parceria-com-a-embrapa\/"]}]},{"@type":"ImageObject","inLanguage":"pt-BR","@id":"https:\/\/www.institutodeengenharia.org.br\/site\/2025\/04\/24\/gt-bioeconomia-nacional-realiza-evento-em-parceria-com-a-embrapa\/#primaryimage","url":"https:\/\/www.institutodeengenharia.org.br\/site\/wp-content\/uploads\/2025\/04\/embrapa2.jpeg","contentUrl":"https:\/\/www.institutodeengenharia.org.br\/site\/wp-content\/uploads\/2025\/04\/embrapa2.jpeg","width":1401,"height":742,"caption":"Da esq. p\/ dir.: Miriana Marques, VP IE, Jos\u00e9 Eduardo Jardim, presidente IE, Ana Euler, Embrapa, e George Paulus, IE"},{"@type":"BreadcrumbList","@id":"https:\/\/www.institutodeengenharia.org.br\/site\/2025\/04\/24\/gt-bioeconomia-nacional-realiza-evento-em-parceria-com-a-embrapa\/#breadcrumb","itemListElement":[{"@type":"ListItem","position":1,"name":"In\u00edcio","item":"https:\/\/www.institutodeengenharia.org.br\/site\/"},{"@type":"ListItem","position":2,"name":"GT Bioeconomia Nacional realiza evento em parceria com a Embrapa"}]},{"@type":"WebSite","@id":"https:\/\/www.institutodeengenharia.org.br\/site\/#website","url":"https:\/\/www.institutodeengenharia.org.br\/site\/","name":"Instituto de Engenharia","description":"O Instituto de Engenharia promove a Engenharia em benef\u00edcio do desenvolvimento e da qualidade de vida da sociedade.","publisher":{"@id":"https:\/\/www.institutodeengenharia.org.br\/site\/#organization"},"potentialAction":[{"@type":"SearchAction","target":{"@type":"EntryPoint","urlTemplate":"https:\/\/www.institutodeengenharia.org.br\/site\/?s={search_term_string}"},"query-input":{"@type":"PropertyValueSpecification","valueRequired":true,"valueName":"search_term_string"}}],"inLanguage":"pt-BR"},{"@type":"Organization","@id":"https:\/\/www.institutodeengenharia.org.br\/site\/#organization","name":"Instituto de Engenharia","url":"https:\/\/www.institutodeengenharia.org.br\/site\/","logo":{"@type":"ImageObject","inLanguage":"pt-BR","@id":"https:\/\/www.institutodeengenharia.org.br\/site\/#\/schema\/logo\/image\/","url":"https:\/\/www.institutodeengenharia.org.br\/site\/wp-content\/uploads\/2019\/03\/logo-novo-IE2018-1.jpg","contentUrl":"https:\/\/www.institutodeengenharia.org.br\/site\/wp-content\/uploads\/2019\/03\/logo-novo-IE2018-1.jpg","width":1486,"height":1879,"caption":"Instituto de Engenharia"},"image":{"@id":"https:\/\/www.institutodeengenharia.org.br\/site\/#\/schema\/logo\/image\/"},"sameAs":["https:\/\/www.facebook.com\/institutodeengenharia","https:\/\/x.com\/iengenharia","https:\/\/www.instagram.com\/institutodeengenharia\/","https:\/\/www.linkedin.com\/company\/instituto-de-engenharia\/","https:\/\/www.youtube.com\/channel\/UCXiCAlsSMe977vamW915HxA"]},{"@type":"Person","@id":"https:\/\/www.institutodeengenharia.org.br\/site\/#\/schema\/person\/593dc356630173a4877a635d3e5fd76b","name":"Isabel","image":{"@type":"ImageObject","inLanguage":"pt-BR","@id":"https:\/\/secure.gravatar.com\/avatar\/f3c521db63ec9db17894f10a88c6a3cf95b2281d7f80eeb3cf3ef1cb091576e7?s=96&d=mm&r=g","url":"https:\/\/secure.gravatar.com\/avatar\/f3c521db63ec9db17894f10a88c6a3cf95b2281d7f80eeb3cf3ef1cb091576e7?s=96&d=mm&r=g","contentUrl":"https:\/\/secure.gravatar.com\/avatar\/f3c521db63ec9db17894f10a88c6a3cf95b2281d7f80eeb3cf3ef1cb091576e7?s=96&d=mm&r=g","caption":"Isabel"},"url":"https:\/\/www.institutodeengenharia.org.br\/site\/author\/comunicacao2\/"}]}},"_links":{"self":[{"href":"https:\/\/www.institutodeengenharia.org.br\/site\/wp-json\/wp\/v2\/posts\/128284","targetHints":{"allow":["GET"]}}],"collection":[{"href":"https:\/\/www.institutodeengenharia.org.br\/site\/wp-json\/wp\/v2\/posts"}],"about":[{"href":"https:\/\/www.institutodeengenharia.org.br\/site\/wp-json\/wp\/v2\/types\/post"}],"author":[{"embeddable":true,"href":"https:\/\/www.institutodeengenharia.org.br\/site\/wp-json\/wp\/v2\/users\/14"}],"replies":[{"embeddable":true,"href":"https:\/\/www.institutodeengenharia.org.br\/site\/wp-json\/wp\/v2\/comments?post=128284"}],"version-history":[{"count":1,"href":"https:\/\/www.institutodeengenharia.org.br\/site\/wp-json\/wp\/v2\/posts\/128284\/revisions"}],"predecessor-version":[{"id":128297,"href":"https:\/\/www.institutodeengenharia.org.br\/site\/wp-json\/wp\/v2\/posts\/128284\/revisions\/128297"}],"wp:featuredmedia":[{"embeddable":true,"href":"https:\/\/www.institutodeengenharia.org.br\/site\/wp-json\/wp\/v2\/media\/128289"}],"wp:attachment":[{"href":"https:\/\/www.institutodeengenharia.org.br\/site\/wp-json\/wp\/v2\/media?parent=128284"}],"wp:term":[{"taxonomy":"category","embeddable":true,"href":"https:\/\/www.institutodeengenharia.org.br\/site\/wp-json\/wp\/v2\/categories?post=128284"},{"taxonomy":"post_tag","embeddable":true,"href":"https:\/\/www.institutodeengenharia.org.br\/site\/wp-json\/wp\/v2\/tags?post=128284"}],"curies":[{"name":"wp","href":"https:\/\/api.w.org\/{rel}","templated":true}]}}