{"id":128086,"date":"2025-04-14T14:39:45","date_gmt":"2025-04-14T17:39:45","guid":{"rendered":"https:\/\/www.institutodeengenharia.org.br\/site\/?p=128086"},"modified":"2025-04-14T17:46:48","modified_gmt":"2025-04-14T20:46:48","slug":"presidente-do-ie-discute-qualidade-das-aguas-do-guarapiranga-com-secretario-nalini","status":"publish","type":"post","link":"https:\/\/www.institutodeengenharia.org.br\/site\/2025\/04\/14\/presidente-do-ie-discute-qualidade-das-aguas-do-guarapiranga-com-secretario-nalini\/","title":{"rendered":"Presidente do IE discute qualidade das \u00e1guas do Guarapiranga com secret\u00e1rio Nalini"},"content":{"rendered":"<p>Jos\u00e9 Eduardo Jardim, presidente do Instituto de Engenharia, esteve em 10 de abril, com Jos\u00e9\u00a0 Renato Nalini, secret\u00e1rio Especial de Mudan\u00e7as Clim\u00e1ticas, e Luciana Feldman, chefe de gabinete, para tratar de assuntos relacionados \u00e0 deteriora\u00e7\u00e3o da qualidade das \u00e1guas do Guarapiranga.<\/p>\n<p>A deteriora\u00e7\u00e3o da represa tem sido uma preocupa\u00e7\u00e3o recorrente do secret\u00e1rio, que publicou um artigo a respeito no jornal <em>O Estado de S.Paulo<\/em>, tendo inclusive citado os estudos do Instituto de Engenharia.<\/p>\n<p>Para discutir o assunto, e outros relacionados ao Meio Ambiente, estavam tamb\u00e9m presentes do IE, Jos\u00e9 Eduardo Cavalcanti, coordenador da Divis\u00e3o de \u00c1guas e Saneamento, Ivan Whately, VP de Rela\u00e7\u00f5es Externas, Alfredo Savelli, conselheiro e ex-presidente, George Paulus, coordenado do GT Bioeconomia Nacional, e o convidado Jos\u00e9 Carlos Leit\u00e3o, antigo superintendente de opera\u00e7\u00e3o da ETA.<\/p>\n<p>Como resultado da reuni\u00e3o, ficou previsto, para junho, um evento, na sede do Instituto de Engenharia, em conjunto com a Secretaria, sobre solu\u00e7\u00f5es emergenciais para tentar reverter a situa\u00e7\u00e3o de eutrofiza\u00e7\u00e3o da represa Guarapiranga.<\/p>\n<p><strong>Bioeconomia Nacional<\/strong><\/p>\n<p>Na ocasi\u00e3o, Jos\u00e9 Eduardo Jardim, entregou ao secret\u00e1rio (\u00e0 esq. na foto) o estudo \u201c<a href=\"https:\/\/www.institutodeengenharia.org.br\/site\/amazonia-e-bioeconomia\/\">Uma base de conhecimento para a estrat\u00e9gia Nacional de Bioeconomias<\/a>\u201d, desenvolvido pelo GT <img loading=\"lazy\" decoding=\"async\" class=\"alignleft wp-image-128087\" src=\"https:\/\/www.institutodeengenharia.org.br\/site\/wp-content\/uploads\/2025\/04\/WhatsApp-Image-2025-04-14-at-13.40.28.jpeg\" alt=\"\" width=\"206\" height=\"206\" srcset=\"https:\/\/www.institutodeengenharia.org.br\/site\/wp-content\/uploads\/2025\/04\/WhatsApp-Image-2025-04-14-at-13.40.28.jpeg 1280w, https:\/\/www.institutodeengenharia.org.br\/site\/wp-content\/uploads\/2025\/04\/WhatsApp-Image-2025-04-14-at-13.40.28-300x300.jpeg 300w, https:\/\/www.institutodeengenharia.org.br\/site\/wp-content\/uploads\/2025\/04\/WhatsApp-Image-2025-04-14-at-13.40.28-1024x1024.jpeg 1024w, https:\/\/www.institutodeengenharia.org.br\/site\/wp-content\/uploads\/2025\/04\/WhatsApp-Image-2025-04-14-at-13.40.28-150x150.jpeg 150w, https:\/\/www.institutodeengenharia.org.br\/site\/wp-content\/uploads\/2025\/04\/WhatsApp-Image-2025-04-14-at-13.40.28-768x768.jpeg 768w, https:\/\/www.institutodeengenharia.org.br\/site\/wp-content\/uploads\/2025\/04\/WhatsApp-Image-2025-04-14-at-13.40.28-420x420.jpeg 420w, https:\/\/www.institutodeengenharia.org.br\/site\/wp-content\/uploads\/2025\/04\/WhatsApp-Image-2025-04-14-at-13.40.28-696x696.jpeg 696w, https:\/\/www.institutodeengenharia.org.br\/site\/wp-content\/uploads\/2025\/04\/WhatsApp-Image-2025-04-14-at-13.40.28-1068x1068.jpeg 1068w, https:\/\/www.institutodeengenharia.org.br\/site\/wp-content\/uploads\/2025\/04\/WhatsApp-Image-2025-04-14-at-13.40.28-600x600.jpeg 600w, https:\/\/www.institutodeengenharia.org.br\/site\/wp-content\/uploads\/2025\/04\/WhatsApp-Image-2025-04-14-at-13.40.28-100x100.jpeg 100w\" sizes=\"auto, (max-width: 206px) 100vw, 206px\" \/>Bioeconomia Nacional do IE e apresentado, em 2024, no Painel T\u00e9cnico Cient\u00edfico e a Oficina de Trabalho, do Minist\u00e9rio do Meio Ambiente e Mudan\u00e7a do Clima, com o objetivo de auxiliar a Comiss\u00e3o Nacional de Bioeconomia no processo de elabora\u00e7\u00e3o do Plano Nacional de Desenvolvimento da Bioeconomia.<\/p>\n","protected":false},"excerpt":{"rendered":"<p>Jos\u00e9 Eduardo Jardim, presidente do Instituto de Engenharia, esteve em 10 de abril, com Jos\u00e9\u00a0 Renato Nalini, secret\u00e1rio Especial de Mudan\u00e7as Clim\u00e1ticas, e Luciana Feldman, chefe de gabinete, para tratar de assuntos relacionados \u00e0 deteriora\u00e7\u00e3o da qualidade das \u00e1guas do Guarapiranga. A deteriora\u00e7\u00e3o da represa tem sido uma preocupa\u00e7\u00e3o recorrente do secret\u00e1rio, que publicou um [&hellip;]<\/p>\n","protected":false},"author":14,"featured_media":128097,"comment_status":"open","ping_status":"open","sticky":false,"template":"","format":"standard","meta":{"footnotes":""},"categories":[1119,27,31,6],"tags":[],"class_list":{"0":"post-128086","1":"post","2":"type-post","3":"status-publish","4":"format-standard","5":"has-post-thumbnail","7":"category-amazonia-e-bioeconomia","8":"category-instituto-de-engenharia","9":"category-meio-ambiente","10":"category-noticias"},"yoast_head":"<!-- This site is optimized with the Yoast SEO plugin v27.2 - https:\/\/yoast.com\/product\/yoast-seo-wordpress\/ -->\n<title>Presidente do IE discute qualidade das \u00e1guas do Guarapiranga com secret\u00e1rio Nalini - Instituto de Engenharia<\/title>\n<meta name=\"robots\" content=\"index, follow, max-snippet:-1, max-image-preview:large, max-video-preview:-1\" \/>\n<link rel=\"canonical\" href=\"https:\/\/www.institutodeengenharia.org.br\/site\/2025\/04\/14\/presidente-do-ie-discute-qualidade-das-aguas-do-guarapiranga-com-secretario-nalini\/\" \/>\n<meta property=\"og:locale\" content=\"pt_BR\" \/>\n<meta property=\"og:type\" content=\"article\" \/>\n<meta property=\"og:title\" content=\"Presidente do IE discute qualidade das \u00e1guas do Guarapiranga com secret\u00e1rio Nalini - Instituto de Engenharia\" \/>\n<meta property=\"og:description\" content=\"Jos\u00e9 Eduardo Jardim, presidente do Instituto de Engenharia, esteve em 10 de abril, com Jos\u00e9\u00a0 Renato Nalini, secret\u00e1rio Especial de Mudan\u00e7as Clim\u00e1ticas, e Luciana Feldman, chefe de gabinete, para tratar de assuntos relacionados \u00e0 deteriora\u00e7\u00e3o da qualidade das \u00e1guas do Guarapiranga. A deteriora\u00e7\u00e3o da represa tem sido uma preocupa\u00e7\u00e3o recorrente do secret\u00e1rio, que publicou um [&hellip;]\" \/>\n<meta property=\"og:url\" content=\"https:\/\/www.institutodeengenharia.org.br\/site\/2025\/04\/14\/presidente-do-ie-discute-qualidade-das-aguas-do-guarapiranga-com-secretario-nalini\/\" \/>\n<meta property=\"og:site_name\" content=\"Instituto de Engenharia\" \/>\n<meta property=\"article:publisher\" content=\"https:\/\/www.facebook.com\/institutodeengenharia\" \/>\n<meta property=\"article:published_time\" content=\"2025-04-14T17:39:45+00:00\" \/>\n<meta property=\"article:modified_time\" content=\"2025-04-14T20:46:48+00:00\" \/>\n<meta property=\"og:image\" content=\"https:\/\/www.institutodeengenharia.org.br\/site\/wp-content\/uploads\/2025\/04\/WhatsApp-Image-2025-04-14-at-15.18.27.jpeg\" \/>\n\t<meta property=\"og:image:width\" content=\"1200\" \/>\n\t<meta property=\"og:image:height\" content=\"891\" \/>\n\t<meta property=\"og:image:type\" content=\"image\/jpeg\" \/>\n<meta name=\"author\" content=\"Isabel\" \/>\n<meta name=\"twitter:card\" content=\"summary_large_image\" \/>\n<meta name=\"twitter:creator\" content=\"@iengenharia\" \/>\n<meta name=\"twitter:site\" content=\"@iengenharia\" \/>\n<meta name=\"twitter:label1\" content=\"Escrito por\" \/>\n\t<meta name=\"twitter:data1\" content=\"Isabel\" \/>\n\t<meta name=\"twitter:label2\" content=\"Est. tempo de leitura\" \/>\n\t<meta name=\"twitter:data2\" content=\"2 minutos\" \/>\n<script type=\"application\/ld+json\" class=\"yoast-schema-graph\">{\"@context\":\"https:\/\/schema.org\",\"@graph\":[{\"@type\":\"Article\",\"@id\":\"https:\/\/www.institutodeengenharia.org.br\/site\/2025\/04\/14\/presidente-do-ie-discute-qualidade-das-aguas-do-guarapiranga-com-secretario-nalini\/#article\",\"isPartOf\":{\"@id\":\"https:\/\/www.institutodeengenharia.org.br\/site\/2025\/04\/14\/presidente-do-ie-discute-qualidade-das-aguas-do-guarapiranga-com-secretario-nalini\/\"},\"author\":{\"name\":\"Isabel\",\"@id\":\"https:\/\/www.institutodeengenharia.org.br\/site\/#\/schema\/person\/593dc356630173a4877a635d3e5fd76b\"},\"headline\":\"Presidente do IE discute qualidade das \u00e1guas do Guarapiranga com secret\u00e1rio Nalini\",\"datePublished\":\"2025-04-14T17:39:45+00:00\",\"dateModified\":\"2025-04-14T20:46:48+00:00\",\"mainEntityOfPage\":{\"@id\":\"https:\/\/www.institutodeengenharia.org.br\/site\/2025\/04\/14\/presidente-do-ie-discute-qualidade-das-aguas-do-guarapiranga-com-secretario-nalini\/\"},\"wordCount\":273,\"commentCount\":0,\"publisher\":{\"@id\":\"https:\/\/www.institutodeengenharia.org.br\/site\/#organization\"},\"image\":{\"@id\":\"https:\/\/www.institutodeengenharia.org.br\/site\/2025\/04\/14\/presidente-do-ie-discute-qualidade-das-aguas-do-guarapiranga-com-secretario-nalini\/#primaryimage\"},\"thumbnailUrl\":\"https:\/\/www.institutodeengenharia.org.br\/site\/wp-content\/uploads\/2025\/04\/WhatsApp-Image-2025-04-14-at-15.18.27.jpeg\",\"articleSection\":[\"Amaz\u00f4nia e Bioeconomia\",\"Instituto de Engenharia\",\"Meio Ambiente\",\"Not\u00edcias\"],\"inLanguage\":\"pt-BR\",\"potentialAction\":[{\"@type\":\"CommentAction\",\"name\":\"Comment\",\"target\":[\"https:\/\/www.institutodeengenharia.org.br\/site\/2025\/04\/14\/presidente-do-ie-discute-qualidade-das-aguas-do-guarapiranga-com-secretario-nalini\/#respond\"]}]},{\"@type\":\"WebPage\",\"@id\":\"https:\/\/www.institutodeengenharia.org.br\/site\/2025\/04\/14\/presidente-do-ie-discute-qualidade-das-aguas-do-guarapiranga-com-secretario-nalini\/\",\"url\":\"https:\/\/www.institutodeengenharia.org.br\/site\/2025\/04\/14\/presidente-do-ie-discute-qualidade-das-aguas-do-guarapiranga-com-secretario-nalini\/\",\"name\":\"Presidente do IE discute qualidade das \u00e1guas do Guarapiranga com secret\u00e1rio Nalini - Instituto de Engenharia\",\"isPartOf\":{\"@id\":\"https:\/\/www.institutodeengenharia.org.br\/site\/#website\"},\"primaryImageOfPage\":{\"@id\":\"https:\/\/www.institutodeengenharia.org.br\/site\/2025\/04\/14\/presidente-do-ie-discute-qualidade-das-aguas-do-guarapiranga-com-secretario-nalini\/#primaryimage\"},\"image\":{\"@id\":\"https:\/\/www.institutodeengenharia.org.br\/site\/2025\/04\/14\/presidente-do-ie-discute-qualidade-das-aguas-do-guarapiranga-com-secretario-nalini\/#primaryimage\"},\"thumbnailUrl\":\"https:\/\/www.institutodeengenharia.org.br\/site\/wp-content\/uploads\/2025\/04\/WhatsApp-Image-2025-04-14-at-15.18.27.jpeg\",\"datePublished\":\"2025-04-14T17:39:45+00:00\",\"dateModified\":\"2025-04-14T20:46:48+00:00\",\"breadcrumb\":{\"@id\":\"https:\/\/www.institutodeengenharia.org.br\/site\/2025\/04\/14\/presidente-do-ie-discute-qualidade-das-aguas-do-guarapiranga-com-secretario-nalini\/#breadcrumb\"},\"inLanguage\":\"pt-BR\",\"potentialAction\":[{\"@type\":\"ReadAction\",\"target\":[\"https:\/\/www.institutodeengenharia.org.br\/site\/2025\/04\/14\/presidente-do-ie-discute-qualidade-das-aguas-do-guarapiranga-com-secretario-nalini\/\"]}]},{\"@type\":\"ImageObject\",\"inLanguage\":\"pt-BR\",\"@id\":\"https:\/\/www.institutodeengenharia.org.br\/site\/2025\/04\/14\/presidente-do-ie-discute-qualidade-das-aguas-do-guarapiranga-com-secretario-nalini\/#primaryimage\",\"url\":\"https:\/\/www.institutodeengenharia.org.br\/site\/wp-content\/uploads\/2025\/04\/WhatsApp-Image-2025-04-14-at-15.18.27.jpeg\",\"contentUrl\":\"https:\/\/www.institutodeengenharia.org.br\/site\/wp-content\/uploads\/2025\/04\/WhatsApp-Image-2025-04-14-at-15.18.27.jpeg\",\"width\":1200,\"height\":891,\"caption\":\"Cr\u00e9dito - Gabriel Oliveira\/SECLIMA\"},{\"@type\":\"BreadcrumbList\",\"@id\":\"https:\/\/www.institutodeengenharia.org.br\/site\/2025\/04\/14\/presidente-do-ie-discute-qualidade-das-aguas-do-guarapiranga-com-secretario-nalini\/#breadcrumb\",\"itemListElement\":[{\"@type\":\"ListItem\",\"position\":1,\"name\":\"In\u00edcio\",\"item\":\"https:\/\/www.institutodeengenharia.org.br\/site\/\"},{\"@type\":\"ListItem\",\"position\":2,\"name\":\"Presidente do IE discute qualidade das \u00e1guas do Guarapiranga com secret\u00e1rio Nalini\"}]},{\"@type\":\"WebSite\",\"@id\":\"https:\/\/www.institutodeengenharia.org.br\/site\/#website\",\"url\":\"https:\/\/www.institutodeengenharia.org.br\/site\/\",\"name\":\"Instituto de Engenharia\",\"description\":\"O Instituto de Engenharia promove a Engenharia em benef\u00edcio do desenvolvimento e da qualidade de vida da sociedade.\",\"publisher\":{\"@id\":\"https:\/\/www.institutodeengenharia.org.br\/site\/#organization\"},\"potentialAction\":[{\"@type\":\"SearchAction\",\"target\":{\"@type\":\"EntryPoint\",\"urlTemplate\":\"https:\/\/www.institutodeengenharia.org.br\/site\/?s={search_term_string}\"},\"query-input\":{\"@type\":\"PropertyValueSpecification\",\"valueRequired\":true,\"valueName\":\"search_term_string\"}}],\"inLanguage\":\"pt-BR\"},{\"@type\":\"Organization\",\"@id\":\"https:\/\/www.institutodeengenharia.org.br\/site\/#organization\",\"name\":\"Instituto de Engenharia\",\"url\":\"https:\/\/www.institutodeengenharia.org.br\/site\/\",\"logo\":{\"@type\":\"ImageObject\",\"inLanguage\":\"pt-BR\",\"@id\":\"https:\/\/www.institutodeengenharia.org.br\/site\/#\/schema\/logo\/image\/\",\"url\":\"https:\/\/www.institutodeengenharia.org.br\/site\/wp-content\/uploads\/2019\/03\/logo-novo-IE2018-1.jpg\",\"contentUrl\":\"https:\/\/www.institutodeengenharia.org.br\/site\/wp-content\/uploads\/2019\/03\/logo-novo-IE2018-1.jpg\",\"width\":1486,\"height\":1879,\"caption\":\"Instituto de Engenharia\"},\"image\":{\"@id\":\"https:\/\/www.institutodeengenharia.org.br\/site\/#\/schema\/logo\/image\/\"},\"sameAs\":[\"https:\/\/www.facebook.com\/institutodeengenharia\",\"https:\/\/x.com\/iengenharia\",\"https:\/\/www.instagram.com\/institutodeengenharia\/\",\"https:\/\/www.linkedin.com\/company\/instituto-de-engenharia\/\",\"https:\/\/www.youtube.com\/channel\/UCXiCAlsSMe977vamW915HxA\"]},{\"@type\":\"Person\",\"@id\":\"https:\/\/www.institutodeengenharia.org.br\/site\/#\/schema\/person\/593dc356630173a4877a635d3e5fd76b\",\"name\":\"Isabel\",\"image\":{\"@type\":\"ImageObject\",\"inLanguage\":\"pt-BR\",\"@id\":\"https:\/\/secure.gravatar.com\/avatar\/f3c521db63ec9db17894f10a88c6a3cf95b2281d7f80eeb3cf3ef1cb091576e7?s=96&d=mm&r=g\",\"url\":\"https:\/\/secure.gravatar.com\/avatar\/f3c521db63ec9db17894f10a88c6a3cf95b2281d7f80eeb3cf3ef1cb091576e7?s=96&d=mm&r=g\",\"contentUrl\":\"https:\/\/secure.gravatar.com\/avatar\/f3c521db63ec9db17894f10a88c6a3cf95b2281d7f80eeb3cf3ef1cb091576e7?s=96&d=mm&r=g\",\"caption\":\"Isabel\"},\"url\":\"https:\/\/www.institutodeengenharia.org.br\/site\/author\/comunicacao2\/\"}]}<\/script>\n<!-- \/ Yoast SEO plugin. -->","yoast_head_json":{"title":"Presidente do IE discute qualidade das \u00e1guas do Guarapiranga com secret\u00e1rio Nalini - Instituto de Engenharia","robots":{"index":"index","follow":"follow","max-snippet":"max-snippet:-1","max-image-preview":"max-image-preview:large","max-video-preview":"max-video-preview:-1"},"canonical":"https:\/\/www.institutodeengenharia.org.br\/site\/2025\/04\/14\/presidente-do-ie-discute-qualidade-das-aguas-do-guarapiranga-com-secretario-nalini\/","og_locale":"pt_BR","og_type":"article","og_title":"Presidente do IE discute qualidade das \u00e1guas do Guarapiranga com secret\u00e1rio Nalini - Instituto de Engenharia","og_description":"Jos\u00e9 Eduardo Jardim, presidente do Instituto de Engenharia, esteve em 10 de abril, com Jos\u00e9\u00a0 Renato Nalini, secret\u00e1rio Especial de Mudan\u00e7as Clim\u00e1ticas, e Luciana Feldman, chefe de gabinete, para tratar de assuntos relacionados \u00e0 deteriora\u00e7\u00e3o da qualidade das \u00e1guas do Guarapiranga. A deteriora\u00e7\u00e3o da represa tem sido uma preocupa\u00e7\u00e3o recorrente do secret\u00e1rio, que publicou um [&hellip;]","og_url":"https:\/\/www.institutodeengenharia.org.br\/site\/2025\/04\/14\/presidente-do-ie-discute-qualidade-das-aguas-do-guarapiranga-com-secretario-nalini\/","og_site_name":"Instituto de Engenharia","article_publisher":"https:\/\/www.facebook.com\/institutodeengenharia","article_published_time":"2025-04-14T17:39:45+00:00","article_modified_time":"2025-04-14T20:46:48+00:00","og_image":[{"width":1200,"height":891,"url":"https:\/\/www.institutodeengenharia.org.br\/site\/wp-content\/uploads\/2025\/04\/WhatsApp-Image-2025-04-14-at-15.18.27.jpeg","type":"image\/jpeg"}],"author":"Isabel","twitter_card":"summary_large_image","twitter_creator":"@iengenharia","twitter_site":"@iengenharia","twitter_misc":{"Escrito por":"Isabel","Est. tempo de leitura":"2 minutos"},"schema":{"@context":"https:\/\/schema.org","@graph":[{"@type":"Article","@id":"https:\/\/www.institutodeengenharia.org.br\/site\/2025\/04\/14\/presidente-do-ie-discute-qualidade-das-aguas-do-guarapiranga-com-secretario-nalini\/#article","isPartOf":{"@id":"https:\/\/www.institutodeengenharia.org.br\/site\/2025\/04\/14\/presidente-do-ie-discute-qualidade-das-aguas-do-guarapiranga-com-secretario-nalini\/"},"author":{"name":"Isabel","@id":"https:\/\/www.institutodeengenharia.org.br\/site\/#\/schema\/person\/593dc356630173a4877a635d3e5fd76b"},"headline":"Presidente do IE discute qualidade das \u00e1guas do Guarapiranga com secret\u00e1rio Nalini","datePublished":"2025-04-14T17:39:45+00:00","dateModified":"2025-04-14T20:46:48+00:00","mainEntityOfPage":{"@id":"https:\/\/www.institutodeengenharia.org.br\/site\/2025\/04\/14\/presidente-do-ie-discute-qualidade-das-aguas-do-guarapiranga-com-secretario-nalini\/"},"wordCount":273,"commentCount":0,"publisher":{"@id":"https:\/\/www.institutodeengenharia.org.br\/site\/#organization"},"image":{"@id":"https:\/\/www.institutodeengenharia.org.br\/site\/2025\/04\/14\/presidente-do-ie-discute-qualidade-das-aguas-do-guarapiranga-com-secretario-nalini\/#primaryimage"},"thumbnailUrl":"https:\/\/www.institutodeengenharia.org.br\/site\/wp-content\/uploads\/2025\/04\/WhatsApp-Image-2025-04-14-at-15.18.27.jpeg","articleSection":["Amaz\u00f4nia e Bioeconomia","Instituto de Engenharia","Meio Ambiente","Not\u00edcias"],"inLanguage":"pt-BR","potentialAction":[{"@type":"CommentAction","name":"Comment","target":["https:\/\/www.institutodeengenharia.org.br\/site\/2025\/04\/14\/presidente-do-ie-discute-qualidade-das-aguas-do-guarapiranga-com-secretario-nalini\/#respond"]}]},{"@type":"WebPage","@id":"https:\/\/www.institutodeengenharia.org.br\/site\/2025\/04\/14\/presidente-do-ie-discute-qualidade-das-aguas-do-guarapiranga-com-secretario-nalini\/","url":"https:\/\/www.institutodeengenharia.org.br\/site\/2025\/04\/14\/presidente-do-ie-discute-qualidade-das-aguas-do-guarapiranga-com-secretario-nalini\/","name":"Presidente do IE discute qualidade das \u00e1guas do Guarapiranga com secret\u00e1rio Nalini - Instituto de Engenharia","isPartOf":{"@id":"https:\/\/www.institutodeengenharia.org.br\/site\/#website"},"primaryImageOfPage":{"@id":"https:\/\/www.institutodeengenharia.org.br\/site\/2025\/04\/14\/presidente-do-ie-discute-qualidade-das-aguas-do-guarapiranga-com-secretario-nalini\/#primaryimage"},"image":{"@id":"https:\/\/www.institutodeengenharia.org.br\/site\/2025\/04\/14\/presidente-do-ie-discute-qualidade-das-aguas-do-guarapiranga-com-secretario-nalini\/#primaryimage"},"thumbnailUrl":"https:\/\/www.institutodeengenharia.org.br\/site\/wp-content\/uploads\/2025\/04\/WhatsApp-Image-2025-04-14-at-15.18.27.jpeg","datePublished":"2025-04-14T17:39:45+00:00","dateModified":"2025-04-14T20:46:48+00:00","breadcrumb":{"@id":"https:\/\/www.institutodeengenharia.org.br\/site\/2025\/04\/14\/presidente-do-ie-discute-qualidade-das-aguas-do-guarapiranga-com-secretario-nalini\/#breadcrumb"},"inLanguage":"pt-BR","potentialAction":[{"@type":"ReadAction","target":["https:\/\/www.institutodeengenharia.org.br\/site\/2025\/04\/14\/presidente-do-ie-discute-qualidade-das-aguas-do-guarapiranga-com-secretario-nalini\/"]}]},{"@type":"ImageObject","inLanguage":"pt-BR","@id":"https:\/\/www.institutodeengenharia.org.br\/site\/2025\/04\/14\/presidente-do-ie-discute-qualidade-das-aguas-do-guarapiranga-com-secretario-nalini\/#primaryimage","url":"https:\/\/www.institutodeengenharia.org.br\/site\/wp-content\/uploads\/2025\/04\/WhatsApp-Image-2025-04-14-at-15.18.27.jpeg","contentUrl":"https:\/\/www.institutodeengenharia.org.br\/site\/wp-content\/uploads\/2025\/04\/WhatsApp-Image-2025-04-14-at-15.18.27.jpeg","width":1200,"height":891,"caption":"Cr\u00e9dito - Gabriel Oliveira\/SECLIMA"},{"@type":"BreadcrumbList","@id":"https:\/\/www.institutodeengenharia.org.br\/site\/2025\/04\/14\/presidente-do-ie-discute-qualidade-das-aguas-do-guarapiranga-com-secretario-nalini\/#breadcrumb","itemListElement":[{"@type":"ListItem","position":1,"name":"In\u00edcio","item":"https:\/\/www.institutodeengenharia.org.br\/site\/"},{"@type":"ListItem","position":2,"name":"Presidente do IE discute qualidade das \u00e1guas do Guarapiranga com secret\u00e1rio Nalini"}]},{"@type":"WebSite","@id":"https:\/\/www.institutodeengenharia.org.br\/site\/#website","url":"https:\/\/www.institutodeengenharia.org.br\/site\/","name":"Instituto de Engenharia","description":"O Instituto de Engenharia promove a Engenharia em benef\u00edcio do desenvolvimento e da qualidade de vida da sociedade.","publisher":{"@id":"https:\/\/www.institutodeengenharia.org.br\/site\/#organization"},"potentialAction":[{"@type":"SearchAction","target":{"@type":"EntryPoint","urlTemplate":"https:\/\/www.institutodeengenharia.org.br\/site\/?s={search_term_string}"},"query-input":{"@type":"PropertyValueSpecification","valueRequired":true,"valueName":"search_term_string"}}],"inLanguage":"pt-BR"},{"@type":"Organization","@id":"https:\/\/www.institutodeengenharia.org.br\/site\/#organization","name":"Instituto de Engenharia","url":"https:\/\/www.institutodeengenharia.org.br\/site\/","logo":{"@type":"ImageObject","inLanguage":"pt-BR","@id":"https:\/\/www.institutodeengenharia.org.br\/site\/#\/schema\/logo\/image\/","url":"https:\/\/www.institutodeengenharia.org.br\/site\/wp-content\/uploads\/2019\/03\/logo-novo-IE2018-1.jpg","contentUrl":"https:\/\/www.institutodeengenharia.org.br\/site\/wp-content\/uploads\/2019\/03\/logo-novo-IE2018-1.jpg","width":1486,"height":1879,"caption":"Instituto de Engenharia"},"image":{"@id":"https:\/\/www.institutodeengenharia.org.br\/site\/#\/schema\/logo\/image\/"},"sameAs":["https:\/\/www.facebook.com\/institutodeengenharia","https:\/\/x.com\/iengenharia","https:\/\/www.instagram.com\/institutodeengenharia\/","https:\/\/www.linkedin.com\/company\/instituto-de-engenharia\/","https:\/\/www.youtube.com\/channel\/UCXiCAlsSMe977vamW915HxA"]},{"@type":"Person","@id":"https:\/\/www.institutodeengenharia.org.br\/site\/#\/schema\/person\/593dc356630173a4877a635d3e5fd76b","name":"Isabel","image":{"@type":"ImageObject","inLanguage":"pt-BR","@id":"https:\/\/secure.gravatar.com\/avatar\/f3c521db63ec9db17894f10a88c6a3cf95b2281d7f80eeb3cf3ef1cb091576e7?s=96&d=mm&r=g","url":"https:\/\/secure.gravatar.com\/avatar\/f3c521db63ec9db17894f10a88c6a3cf95b2281d7f80eeb3cf3ef1cb091576e7?s=96&d=mm&r=g","contentUrl":"https:\/\/secure.gravatar.com\/avatar\/f3c521db63ec9db17894f10a88c6a3cf95b2281d7f80eeb3cf3ef1cb091576e7?s=96&d=mm&r=g","caption":"Isabel"},"url":"https:\/\/www.institutodeengenharia.org.br\/site\/author\/comunicacao2\/"}]}},"_links":{"self":[{"href":"https:\/\/www.institutodeengenharia.org.br\/site\/wp-json\/wp\/v2\/posts\/128086","targetHints":{"allow":["GET"]}}],"collection":[{"href":"https:\/\/www.institutodeengenharia.org.br\/site\/wp-json\/wp\/v2\/posts"}],"about":[{"href":"https:\/\/www.institutodeengenharia.org.br\/site\/wp-json\/wp\/v2\/types\/post"}],"author":[{"embeddable":true,"href":"https:\/\/www.institutodeengenharia.org.br\/site\/wp-json\/wp\/v2\/users\/14"}],"replies":[{"embeddable":true,"href":"https:\/\/www.institutodeengenharia.org.br\/site\/wp-json\/wp\/v2\/comments?post=128086"}],"version-history":[{"count":4,"href":"https:\/\/www.institutodeengenharia.org.br\/site\/wp-json\/wp\/v2\/posts\/128086\/revisions"}],"predecessor-version":[{"id":128104,"href":"https:\/\/www.institutodeengenharia.org.br\/site\/wp-json\/wp\/v2\/posts\/128086\/revisions\/128104"}],"wp:featuredmedia":[{"embeddable":true,"href":"https:\/\/www.institutodeengenharia.org.br\/site\/wp-json\/wp\/v2\/media\/128097"}],"wp:attachment":[{"href":"https:\/\/www.institutodeengenharia.org.br\/site\/wp-json\/wp\/v2\/media?parent=128086"}],"wp:term":[{"taxonomy":"category","embeddable":true,"href":"https:\/\/www.institutodeengenharia.org.br\/site\/wp-json\/wp\/v2\/categories?post=128086"},{"taxonomy":"post_tag","embeddable":true,"href":"https:\/\/www.institutodeengenharia.org.br\/site\/wp-json\/wp\/v2\/tags?post=128086"}],"curies":[{"name":"wp","href":"https:\/\/api.w.org\/{rel}","templated":true}]}}