{"id":127991,"date":"2025-03-19T16:42:34","date_gmt":"2025-03-19T19:42:34","guid":{"rendered":"https:\/\/www.institutodeengenharia.org.br\/site\/?p=127991"},"modified":"2025-04-10T16:28:51","modified_gmt":"2025-04-10T19:28:51","slug":"servico-de-mototaxi-em-sao-paulo","status":"publish","type":"post","link":"https:\/\/www.institutodeengenharia.org.br\/site\/2025\/03\/19\/servico-de-mototaxi-em-sao-paulo\/","title":{"rendered":"Servi\u00e7o de Motot\u00e1xi em S\u00e3o Paulo"},"content":{"rendered":"<p><strong>Assista abaixo \u00e0 grava\u00e7\u00e3o do evento:\u00a0<\/strong><\/p>\n<p><iframe loading=\"lazy\" title=\"servi\u00e7o_de_motot\u00e1xi_em_s\u00e3o_paulo (1080p)_1\" src=\"https:\/\/player.vimeo.com\/video\/1074319085?title=0&amp;byline=0&amp;portrait=0&amp;badge=0&amp;autopause=0&amp;player_id=0&amp;app_id=58479\" width=\"1920\" height=\"1080\" frameborder=\"0\"><\/iframe><\/p>\n<p><strong>+ Informa\u00e7\u00f5es:\u00a0<\/strong><\/p>\n<p>O objetivo do evento \u00e9 apresentar pontos de vista, informa\u00e7\u00f5es e experi\u00eancias de profissionais, de refer\u00eancia, relacionadas aos riscos e preju\u00edzos produzidos pelo aumento da acidentalidade com motocicletas, caso o servi\u00e7o de motot\u00e1xi venha a ser autorizado.<\/p>\n<p><strong>Programa\u00e7\u00e3o:\u00a0<\/strong><\/p>\n<p><strong>8h \u00e0s 8h45 \u2013 Caf\u00e9 de boas-vindas e credenciamento<\/strong><\/p>\n<p><strong>8h45 \u00e0s 9h \u2013 Abertura do evento<\/strong><\/p>\n<p>Jos\u00e9 Eduardo Frasc\u00e1 Poyares Jardim\u00a0\u2013 Presidente do IE<\/p>\n<p>Ivan Metran Whately \u2013 Vice-presidente do IE<\/p>\n<p>Silvia Grecco \u2013 Secret\u00e1ria Municipal da Pessoa com Defici\u00eancia de SP, representando o Prefeito Ricardo Nunes<\/p>\n<p>Orlando Morando\u00a0\u2013 Secret\u00e1rio Municipal de Seguran\u00e7a Urbana de SP<\/p>\n<p>Claudio de Senna Frederico\u00a0\u2013 Conselheiro da ANTP<\/p>\n<p><strong>9h \u00e0s 9h45 \u2013<\/strong>\u00a0<strong>1\u00ba Painel: Impactos na Seguran\u00e7a P\u00fablica<\/strong><\/p>\n<p>Moderador: Flam\u00ednio Fichmann\u00a0\u2013 Coordenador da Divis\u00e3o de Mobilidade do IE<\/p>\n<p>Debatedores:<\/p>\n<p>Silvia Grecco \u2013 Secret\u00e1ria Municipal da Pessoa com Defici\u00eancia de SP, representando o Prefeito Ricardo Nunes<\/p>\n<p>Orlando Morando\u00a0\u2013 Secret\u00e1rio Municipal de Seguran\u00e7a Urbana de SP<\/p>\n<p>Dra. Linamara Rizzo Battistella- Presidente do Conselho Diretor do IMREA Rede Lucy Montoro<\/p>\n<p><strong>9h45 \u00e0s 11h \u2013<\/strong>\u00a0<strong>2\u00ba Painel: Impactos na Mobilidade Urbana<\/strong><\/p>\n<p>Moderador: Flam\u00ednio Fichmann\u00a0\u2013 Coordenador da Divis\u00e3o de Mobilidade do IE<\/p>\n<p>Debatedores:<\/p>\n<p>Francisco Christovam \u2013 Presidente da Associa\u00e7\u00e3o Nacional das Empresas de Transportes Urbanos \u2013 NTU<\/p>\n<p>Milena Braga Romano\u00a0\u2013 Presidente do Sindicato de Transporte Coletivo do ABC<\/p>\n<p>Maria da Penha Nobre \u2013 Diretora do Depto. de Desenv. Urbano e Regional do IE<\/p>\n<p>Dr. Renato Nalini\u00a0\u2013 Secret\u00e1rio Municipal da SECLIMA (Secretaria Executiva de Mudan\u00e7as Clim\u00e1ticas) de SP<\/p>\n<p><strong>11h \u00e0s 11h30 \u2013 Intervalo \u2013 Caf\u00e9<\/strong><\/p>\n<p><strong>11h30 \u00e0s 12h30 \u2013<\/strong>\u00a0<strong>3\u00ba Painel: Impactos na Sa\u00fade<\/strong><\/p>\n<p>Moderador: Flam\u00ednio Fichmann\u00a0\u2013 Coordenador da Divis\u00e3o de Mobilidade do IE<\/p>\n<p>Debatedores:<\/p>\n<p>Senadora Mara Gabrilli\u00a0\u2013 Mensagem de v\u00eddeo<\/p>\n<p>Dr. Fernando Gomes\u00a0\u2013\u00a0Chefe do Grupo de Hidrodin\u00e2mica Cerebral do HCFMUSP<\/p>\n<p>Rafael Toniato Mangerona \u2013 Secret\u00e1rio Adjunto Municipal de Mobilidade Urbana e Transporte de SP<\/p>\n<p>Jorge dos Santos Silva \u2013 Diretor do Instituto de Ortopedia do Hospital das Cl\u00ednicas de S\u00e3o Paulo<\/p>\n<p><strong>12h30 \u00e0s 13h \u2013 Encerramento<\/strong><\/p>\n<p>Jos\u00e9 Eduardo Frasc\u00e1 Poyares Jardim\u00a0\u2013 Presidente do IE<\/p>\n<p>Ivan Metran Whately \u2013 Vice-presidente do IE<\/p>\n<p>Maria da Penha Nobre \u2013 Diretora do Depto. de Desenv. Urbano e Regional do IE<\/p>\n<p>Flam\u00ednio Fichmann \u2013 Coordenador da Divis\u00e3o de Mobilidade do IE<\/p>\n<p>Claudio de Senna Frederico\u00a0\u2013 Conselheiro da ANTP<\/p>\n<p><strong>P\u00fablico-alvo:\u00a0<\/strong><\/p>\n<p>Profissionais das \u00e1reas de Transportes, Urbanismo, Engenharia, gestores p\u00fablicos, estudantes e demais interessados no tema.<\/p>\n<p><strong>Realiza\u00e7\u00e3o:<\/strong><\/p>\n<p><img loading=\"lazy\" decoding=\"async\" class=\"wp-image-86938 alignnone alignleft td-animation-stack-type0-2\" src=\"https:\/\/www.institutodeengenharia.org.br\/site\/wp-content\/uploads\/2021\/10\/logo-news2.png\" alt=\"\" width=\"106\" height=\"154\" srcset=\"https:\/\/www.institutodeengenharia.org.br\/site\/wp-content\/uploads\/2021\/10\/logo-news2.png 553w, https:\/\/www.institutodeengenharia.org.br\/site\/wp-content\/uploads\/2021\/10\/logo-news2-207x300.png 207w, https:\/\/www.institutodeengenharia.org.br\/site\/wp-content\/uploads\/2021\/10\/logo-news2-290x420.png 290w\" sizes=\"auto, (max-width: 106px) 100vw, 106px\" \/><strong>Eng. Ivan Metran Whately<\/strong>\u00a0\u2013 Vice-presidente de Atividades T\u00e9cnicas<\/p>\n<p><strong>Arq. Maria da Penha Pereira Nobre<\/strong>\u00a0\u2013 Diretora do Departamento de Desenvolvimento Urbano e Regional<\/p>\n<p><strong>Arq. Flam\u00ednio Fichmann<\/strong>\u00a0\u2013 Coordenador da Divis\u00e3o T\u00e9cnica de Mobilidade e Log\u00edstica Urbana<\/p>\n<p>&nbsp;<\/p>\n<p><strong>Apoio Institucional:<\/strong><\/p>\n<p><img loading=\"lazy\" decoding=\"async\" class=\"alignnone size-full wp-image-127083 td-animation-stack-type0-2\" src=\"https:\/\/www.institutodeengenharia.org.br\/site\/wp-content\/uploads\/2025\/03\/logoseventomoto.png\" alt=\"\" width=\"889\" height=\"297\" srcset=\"https:\/\/www.institutodeengenharia.org.br\/site\/wp-content\/uploads\/2025\/03\/logoseventomoto.png 889w, https:\/\/www.institutodeengenharia.org.br\/site\/wp-content\/uploads\/2025\/03\/logoseventomoto-300x100.png 300w, https:\/\/www.institutodeengenharia.org.br\/site\/wp-content\/uploads\/2025\/03\/logoseventomoto-768x257.png 768w, https:\/\/www.institutodeengenharia.org.br\/site\/wp-content\/uploads\/2025\/03\/logoseventomoto-696x233.png 696w, https:\/\/www.institutodeengenharia.org.br\/site\/wp-content\/uploads\/2025\/03\/logoseventomoto-600x200.png 600w\" sizes=\"auto, (max-width: 889px) 100vw, 889px\" \/><\/p>\n<p><strong>Apoio \u00e0 forma\u00e7\u00e3o:\u00a0<\/strong><\/p>\n<p>Espa\u00e7o aberto ao CREA-SP, objetivando o aperfei\u00e7oamento dos profissionais e o aprimoramento da fiscaliza\u00e7\u00e3o das \u00e1reas abrangidas pelo Sistema Confea\/CREAs, al\u00e9m de promover a conscientiza\u00e7\u00e3o da sociedade quanto \u00e0 necessidade e obrigatoriedade de contratar um profissional devidamente habilitado.<\/p>\n","protected":false},"excerpt":{"rendered":"<p>Assista abaixo \u00e0 grava\u00e7\u00e3o do evento:\u00a0 + Informa\u00e7\u00f5es:\u00a0 O objetivo do evento \u00e9 apresentar pontos de vista, informa\u00e7\u00f5es e experi\u00eancias de profissionais, de refer\u00eancia, relacionadas aos riscos e preju\u00edzos produzidos pelo aumento da acidentalidade com motocicletas, caso o servi\u00e7o de motot\u00e1xi venha a ser autorizado. Programa\u00e7\u00e3o:\u00a0 8h \u00e0s 8h45 \u2013 Caf\u00e9 de boas-vindas e credenciamento [&hellip;]<\/p>\n","protected":false},"author":13,"featured_media":127989,"comment_status":"open","ping_status":"open","sticky":false,"template":"","format":"video","meta":{"footnotes":""},"categories":[968,969],"tags":[1176],"class_list":{"0":"post-127991","1":"post","2":"type-post","3":"status-publish","4":"format-video","5":"has-post-thumbnail","7":"category-nova-tv-engenharia","8":"category-palestra","9":"tag-video-home","10":"post_format-post-format-video"},"yoast_head":"<!-- This site is optimized with the Yoast SEO plugin v27.2 - https:\/\/yoast.com\/product\/yoast-seo-wordpress\/ -->\n<title>Servi\u00e7o de Motot\u00e1xi em S\u00e3o Paulo - Instituto de Engenharia<\/title>\n<meta name=\"robots\" content=\"index, follow, max-snippet:-1, max-image-preview:large, max-video-preview:-1\" \/>\n<link rel=\"canonical\" href=\"https:\/\/www.institutodeengenharia.org.br\/site\/2025\/03\/19\/servico-de-mototaxi-em-sao-paulo\/\" \/>\n<meta property=\"og:locale\" content=\"pt_BR\" \/>\n<meta property=\"og:type\" content=\"article\" \/>\n<meta property=\"og:title\" content=\"Servi\u00e7o de Motot\u00e1xi em S\u00e3o Paulo - Instituto de Engenharia\" \/>\n<meta property=\"og:description\" content=\"Assista abaixo \u00e0 grava\u00e7\u00e3o do evento:\u00a0 + Informa\u00e7\u00f5es:\u00a0 O objetivo do evento \u00e9 apresentar pontos de vista, informa\u00e7\u00f5es e experi\u00eancias de profissionais, de refer\u00eancia, relacionadas aos riscos e preju\u00edzos produzidos pelo aumento da acidentalidade com motocicletas, caso o servi\u00e7o de motot\u00e1xi venha a ser autorizado. Programa\u00e7\u00e3o:\u00a0 8h \u00e0s 8h45 \u2013 Caf\u00e9 de boas-vindas e credenciamento [&hellip;]\" \/>\n<meta property=\"og:url\" content=\"https:\/\/www.institutodeengenharia.org.br\/site\/2025\/03\/19\/servico-de-mototaxi-em-sao-paulo\/\" \/>\n<meta property=\"og:site_name\" content=\"Instituto de Engenharia\" \/>\n<meta property=\"article:publisher\" content=\"https:\/\/www.facebook.com\/institutodeengenharia\" \/>\n<meta property=\"article:published_time\" content=\"2025-03-19T19:42:34+00:00\" \/>\n<meta property=\"article:modified_time\" content=\"2025-04-10T19:28:51+00:00\" \/>\n<meta property=\"og:image\" content=\"https:\/\/www.institutodeengenharia.org.br\/site\/wp-content\/uploads\/2025\/04\/telao-intervalo-1024x576.png\" \/>\n\t<meta property=\"og:image:width\" content=\"1024\" \/>\n\t<meta property=\"og:image:height\" content=\"576\" \/>\n\t<meta property=\"og:image:type\" content=\"image\/png\" \/>\n<meta name=\"author\" content=\"Bianca\" \/>\n<meta name=\"twitter:card\" content=\"summary_large_image\" \/>\n<meta name=\"twitter:creator\" content=\"@iengenharia\" \/>\n<meta name=\"twitter:site\" content=\"@iengenharia\" \/>\n<meta name=\"twitter:label1\" content=\"Escrito por\" \/>\n\t<meta name=\"twitter:data1\" content=\"Bianca\" \/>\n\t<meta name=\"twitter:label2\" content=\"Est. tempo de leitura\" \/>\n\t<meta name=\"twitter:data2\" content=\"4 minutos\" \/>\n<script type=\"application\/ld+json\" class=\"yoast-schema-graph\">{\"@context\":\"https:\/\/schema.org\",\"@graph\":[{\"@type\":\"Article\",\"@id\":\"https:\/\/www.institutodeengenharia.org.br\/site\/2025\/03\/19\/servico-de-mototaxi-em-sao-paulo\/#article\",\"isPartOf\":{\"@id\":\"https:\/\/www.institutodeengenharia.org.br\/site\/2025\/03\/19\/servico-de-mototaxi-em-sao-paulo\/\"},\"author\":{\"name\":\"Bianca\",\"@id\":\"https:\/\/www.institutodeengenharia.org.br\/site\/#\/schema\/person\/aeb64951c405e100d26d30b033dd423f\"},\"headline\":\"Servi\u00e7o de Motot\u00e1xi em S\u00e3o Paulo\",\"datePublished\":\"2025-03-19T19:42:34+00:00\",\"dateModified\":\"2025-04-10T19:28:51+00:00\",\"mainEntityOfPage\":{\"@id\":\"https:\/\/www.institutodeengenharia.org.br\/site\/2025\/03\/19\/servico-de-mototaxi-em-sao-paulo\/\"},\"wordCount\":499,\"commentCount\":0,\"publisher\":{\"@id\":\"https:\/\/www.institutodeengenharia.org.br\/site\/#organization\"},\"image\":{\"@id\":\"https:\/\/www.institutodeengenharia.org.br\/site\/2025\/03\/19\/servico-de-mototaxi-em-sao-paulo\/#primaryimage\"},\"thumbnailUrl\":\"https:\/\/www.institutodeengenharia.org.br\/site\/wp-content\/uploads\/2025\/04\/telao-intervalo.png\",\"keywords\":[\"video-home\"],\"articleSection\":[\"Nova TV Engenharia\",\"Palestra\"],\"inLanguage\":\"pt-BR\",\"potentialAction\":[{\"@type\":\"CommentAction\",\"name\":\"Comment\",\"target\":[\"https:\/\/www.institutodeengenharia.org.br\/site\/2025\/03\/19\/servico-de-mototaxi-em-sao-paulo\/#respond\"]}]},{\"@type\":\"WebPage\",\"@id\":\"https:\/\/www.institutodeengenharia.org.br\/site\/2025\/03\/19\/servico-de-mototaxi-em-sao-paulo\/\",\"url\":\"https:\/\/www.institutodeengenharia.org.br\/site\/2025\/03\/19\/servico-de-mototaxi-em-sao-paulo\/\",\"name\":\"Servi\u00e7o de Motot\u00e1xi em S\u00e3o Paulo - Instituto de Engenharia\",\"isPartOf\":{\"@id\":\"https:\/\/www.institutodeengenharia.org.br\/site\/#website\"},\"primaryImageOfPage\":{\"@id\":\"https:\/\/www.institutodeengenharia.org.br\/site\/2025\/03\/19\/servico-de-mototaxi-em-sao-paulo\/#primaryimage\"},\"image\":{\"@id\":\"https:\/\/www.institutodeengenharia.org.br\/site\/2025\/03\/19\/servico-de-mototaxi-em-sao-paulo\/#primaryimage\"},\"thumbnailUrl\":\"https:\/\/www.institutodeengenharia.org.br\/site\/wp-content\/uploads\/2025\/04\/telao-intervalo.png\",\"datePublished\":\"2025-03-19T19:42:34+00:00\",\"dateModified\":\"2025-04-10T19:28:51+00:00\",\"breadcrumb\":{\"@id\":\"https:\/\/www.institutodeengenharia.org.br\/site\/2025\/03\/19\/servico-de-mototaxi-em-sao-paulo\/#breadcrumb\"},\"inLanguage\":\"pt-BR\",\"potentialAction\":[{\"@type\":\"ReadAction\",\"target\":[\"https:\/\/www.institutodeengenharia.org.br\/site\/2025\/03\/19\/servico-de-mototaxi-em-sao-paulo\/\"]}]},{\"@type\":\"ImageObject\",\"inLanguage\":\"pt-BR\",\"@id\":\"https:\/\/www.institutodeengenharia.org.br\/site\/2025\/03\/19\/servico-de-mototaxi-em-sao-paulo\/#primaryimage\",\"url\":\"https:\/\/www.institutodeengenharia.org.br\/site\/wp-content\/uploads\/2025\/04\/telao-intervalo.png\",\"contentUrl\":\"https:\/\/www.institutodeengenharia.org.br\/site\/wp-content\/uploads\/2025\/04\/telao-intervalo.png\",\"width\":1920,\"height\":1080},{\"@type\":\"BreadcrumbList\",\"@id\":\"https:\/\/www.institutodeengenharia.org.br\/site\/2025\/03\/19\/servico-de-mototaxi-em-sao-paulo\/#breadcrumb\",\"itemListElement\":[{\"@type\":\"ListItem\",\"position\":1,\"name\":\"In\u00edcio\",\"item\":\"https:\/\/www.institutodeengenharia.org.br\/site\/\"},{\"@type\":\"ListItem\",\"position\":2,\"name\":\"Servi\u00e7o de Motot\u00e1xi em S\u00e3o Paulo\"}]},{\"@type\":\"WebSite\",\"@id\":\"https:\/\/www.institutodeengenharia.org.br\/site\/#website\",\"url\":\"https:\/\/www.institutodeengenharia.org.br\/site\/\",\"name\":\"Instituto de Engenharia\",\"description\":\"O Instituto de Engenharia promove a Engenharia em benef\u00edcio do desenvolvimento e da qualidade de vida da sociedade.\",\"publisher\":{\"@id\":\"https:\/\/www.institutodeengenharia.org.br\/site\/#organization\"},\"potentialAction\":[{\"@type\":\"SearchAction\",\"target\":{\"@type\":\"EntryPoint\",\"urlTemplate\":\"https:\/\/www.institutodeengenharia.org.br\/site\/?s={search_term_string}\"},\"query-input\":{\"@type\":\"PropertyValueSpecification\",\"valueRequired\":true,\"valueName\":\"search_term_string\"}}],\"inLanguage\":\"pt-BR\"},{\"@type\":\"Organization\",\"@id\":\"https:\/\/www.institutodeengenharia.org.br\/site\/#organization\",\"name\":\"Instituto de Engenharia\",\"url\":\"https:\/\/www.institutodeengenharia.org.br\/site\/\",\"logo\":{\"@type\":\"ImageObject\",\"inLanguage\":\"pt-BR\",\"@id\":\"https:\/\/www.institutodeengenharia.org.br\/site\/#\/schema\/logo\/image\/\",\"url\":\"https:\/\/www.institutodeengenharia.org.br\/site\/wp-content\/uploads\/2019\/03\/logo-novo-IE2018-1.jpg\",\"contentUrl\":\"https:\/\/www.institutodeengenharia.org.br\/site\/wp-content\/uploads\/2019\/03\/logo-novo-IE2018-1.jpg\",\"width\":1486,\"height\":1879,\"caption\":\"Instituto de Engenharia\"},\"image\":{\"@id\":\"https:\/\/www.institutodeengenharia.org.br\/site\/#\/schema\/logo\/image\/\"},\"sameAs\":[\"https:\/\/www.facebook.com\/institutodeengenharia\",\"https:\/\/x.com\/iengenharia\",\"https:\/\/www.instagram.com\/institutodeengenharia\/\",\"https:\/\/www.linkedin.com\/company\/instituto-de-engenharia\/\",\"https:\/\/www.youtube.com\/channel\/UCXiCAlsSMe977vamW915HxA\"]},{\"@type\":\"Person\",\"@id\":\"https:\/\/www.institutodeengenharia.org.br\/site\/#\/schema\/person\/aeb64951c405e100d26d30b033dd423f\",\"name\":\"Bianca\",\"image\":{\"@type\":\"ImageObject\",\"inLanguage\":\"pt-BR\",\"@id\":\"https:\/\/secure.gravatar.com\/avatar\/a6fbe9bff57405baf4c1e2c5c1811e072b558253974a9f9508f4678900c97c2a?s=96&d=mm&r=g\",\"url\":\"https:\/\/secure.gravatar.com\/avatar\/a6fbe9bff57405baf4c1e2c5c1811e072b558253974a9f9508f4678900c97c2a?s=96&d=mm&r=g\",\"contentUrl\":\"https:\/\/secure.gravatar.com\/avatar\/a6fbe9bff57405baf4c1e2c5c1811e072b558253974a9f9508f4678900c97c2a?s=96&d=mm&r=g\",\"caption\":\"Bianca\"},\"url\":\"https:\/\/www.institutodeengenharia.org.br\/site\/author\/comunicacao1\/\"}]}<\/script>\n<!-- \/ Yoast SEO plugin. -->","yoast_head_json":{"title":"Servi\u00e7o de Motot\u00e1xi em S\u00e3o Paulo - Instituto de Engenharia","robots":{"index":"index","follow":"follow","max-snippet":"max-snippet:-1","max-image-preview":"max-image-preview:large","max-video-preview":"max-video-preview:-1"},"canonical":"https:\/\/www.institutodeengenharia.org.br\/site\/2025\/03\/19\/servico-de-mototaxi-em-sao-paulo\/","og_locale":"pt_BR","og_type":"article","og_title":"Servi\u00e7o de Motot\u00e1xi em S\u00e3o Paulo - Instituto de Engenharia","og_description":"Assista abaixo \u00e0 grava\u00e7\u00e3o do evento:\u00a0 + Informa\u00e7\u00f5es:\u00a0 O objetivo do evento \u00e9 apresentar pontos de vista, informa\u00e7\u00f5es e experi\u00eancias de profissionais, de refer\u00eancia, relacionadas aos riscos e preju\u00edzos produzidos pelo aumento da acidentalidade com motocicletas, caso o servi\u00e7o de motot\u00e1xi venha a ser autorizado. Programa\u00e7\u00e3o:\u00a0 8h \u00e0s 8h45 \u2013 Caf\u00e9 de boas-vindas e credenciamento [&hellip;]","og_url":"https:\/\/www.institutodeengenharia.org.br\/site\/2025\/03\/19\/servico-de-mototaxi-em-sao-paulo\/","og_site_name":"Instituto de Engenharia","article_publisher":"https:\/\/www.facebook.com\/institutodeengenharia","article_published_time":"2025-03-19T19:42:34+00:00","article_modified_time":"2025-04-10T19:28:51+00:00","og_image":[{"width":1024,"height":576,"url":"https:\/\/www.institutodeengenharia.org.br\/site\/wp-content\/uploads\/2025\/04\/telao-intervalo-1024x576.png","type":"image\/png"}],"author":"Bianca","twitter_card":"summary_large_image","twitter_creator":"@iengenharia","twitter_site":"@iengenharia","twitter_misc":{"Escrito por":"Bianca","Est. tempo de leitura":"4 minutos"},"schema":{"@context":"https:\/\/schema.org","@graph":[{"@type":"Article","@id":"https:\/\/www.institutodeengenharia.org.br\/site\/2025\/03\/19\/servico-de-mototaxi-em-sao-paulo\/#article","isPartOf":{"@id":"https:\/\/www.institutodeengenharia.org.br\/site\/2025\/03\/19\/servico-de-mototaxi-em-sao-paulo\/"},"author":{"name":"Bianca","@id":"https:\/\/www.institutodeengenharia.org.br\/site\/#\/schema\/person\/aeb64951c405e100d26d30b033dd423f"},"headline":"Servi\u00e7o de Motot\u00e1xi em S\u00e3o Paulo","datePublished":"2025-03-19T19:42:34+00:00","dateModified":"2025-04-10T19:28:51+00:00","mainEntityOfPage":{"@id":"https:\/\/www.institutodeengenharia.org.br\/site\/2025\/03\/19\/servico-de-mototaxi-em-sao-paulo\/"},"wordCount":499,"commentCount":0,"publisher":{"@id":"https:\/\/www.institutodeengenharia.org.br\/site\/#organization"},"image":{"@id":"https:\/\/www.institutodeengenharia.org.br\/site\/2025\/03\/19\/servico-de-mototaxi-em-sao-paulo\/#primaryimage"},"thumbnailUrl":"https:\/\/www.institutodeengenharia.org.br\/site\/wp-content\/uploads\/2025\/04\/telao-intervalo.png","keywords":["video-home"],"articleSection":["Nova TV Engenharia","Palestra"],"inLanguage":"pt-BR","potentialAction":[{"@type":"CommentAction","name":"Comment","target":["https:\/\/www.institutodeengenharia.org.br\/site\/2025\/03\/19\/servico-de-mototaxi-em-sao-paulo\/#respond"]}]},{"@type":"WebPage","@id":"https:\/\/www.institutodeengenharia.org.br\/site\/2025\/03\/19\/servico-de-mototaxi-em-sao-paulo\/","url":"https:\/\/www.institutodeengenharia.org.br\/site\/2025\/03\/19\/servico-de-mototaxi-em-sao-paulo\/","name":"Servi\u00e7o de Motot\u00e1xi em S\u00e3o Paulo - Instituto de Engenharia","isPartOf":{"@id":"https:\/\/www.institutodeengenharia.org.br\/site\/#website"},"primaryImageOfPage":{"@id":"https:\/\/www.institutodeengenharia.org.br\/site\/2025\/03\/19\/servico-de-mototaxi-em-sao-paulo\/#primaryimage"},"image":{"@id":"https:\/\/www.institutodeengenharia.org.br\/site\/2025\/03\/19\/servico-de-mototaxi-em-sao-paulo\/#primaryimage"},"thumbnailUrl":"https:\/\/www.institutodeengenharia.org.br\/site\/wp-content\/uploads\/2025\/04\/telao-intervalo.png","datePublished":"2025-03-19T19:42:34+00:00","dateModified":"2025-04-10T19:28:51+00:00","breadcrumb":{"@id":"https:\/\/www.institutodeengenharia.org.br\/site\/2025\/03\/19\/servico-de-mototaxi-em-sao-paulo\/#breadcrumb"},"inLanguage":"pt-BR","potentialAction":[{"@type":"ReadAction","target":["https:\/\/www.institutodeengenharia.org.br\/site\/2025\/03\/19\/servico-de-mototaxi-em-sao-paulo\/"]}]},{"@type":"ImageObject","inLanguage":"pt-BR","@id":"https:\/\/www.institutodeengenharia.org.br\/site\/2025\/03\/19\/servico-de-mototaxi-em-sao-paulo\/#primaryimage","url":"https:\/\/www.institutodeengenharia.org.br\/site\/wp-content\/uploads\/2025\/04\/telao-intervalo.png","contentUrl":"https:\/\/www.institutodeengenharia.org.br\/site\/wp-content\/uploads\/2025\/04\/telao-intervalo.png","width":1920,"height":1080},{"@type":"BreadcrumbList","@id":"https:\/\/www.institutodeengenharia.org.br\/site\/2025\/03\/19\/servico-de-mototaxi-em-sao-paulo\/#breadcrumb","itemListElement":[{"@type":"ListItem","position":1,"name":"In\u00edcio","item":"https:\/\/www.institutodeengenharia.org.br\/site\/"},{"@type":"ListItem","position":2,"name":"Servi\u00e7o de Motot\u00e1xi em S\u00e3o Paulo"}]},{"@type":"WebSite","@id":"https:\/\/www.institutodeengenharia.org.br\/site\/#website","url":"https:\/\/www.institutodeengenharia.org.br\/site\/","name":"Instituto de Engenharia","description":"O Instituto de Engenharia promove a Engenharia em benef\u00edcio do desenvolvimento e da qualidade de vida da sociedade.","publisher":{"@id":"https:\/\/www.institutodeengenharia.org.br\/site\/#organization"},"potentialAction":[{"@type":"SearchAction","target":{"@type":"EntryPoint","urlTemplate":"https:\/\/www.institutodeengenharia.org.br\/site\/?s={search_term_string}"},"query-input":{"@type":"PropertyValueSpecification","valueRequired":true,"valueName":"search_term_string"}}],"inLanguage":"pt-BR"},{"@type":"Organization","@id":"https:\/\/www.institutodeengenharia.org.br\/site\/#organization","name":"Instituto de Engenharia","url":"https:\/\/www.institutodeengenharia.org.br\/site\/","logo":{"@type":"ImageObject","inLanguage":"pt-BR","@id":"https:\/\/www.institutodeengenharia.org.br\/site\/#\/schema\/logo\/image\/","url":"https:\/\/www.institutodeengenharia.org.br\/site\/wp-content\/uploads\/2019\/03\/logo-novo-IE2018-1.jpg","contentUrl":"https:\/\/www.institutodeengenharia.org.br\/site\/wp-content\/uploads\/2019\/03\/logo-novo-IE2018-1.jpg","width":1486,"height":1879,"caption":"Instituto de Engenharia"},"image":{"@id":"https:\/\/www.institutodeengenharia.org.br\/site\/#\/schema\/logo\/image\/"},"sameAs":["https:\/\/www.facebook.com\/institutodeengenharia","https:\/\/x.com\/iengenharia","https:\/\/www.instagram.com\/institutodeengenharia\/","https:\/\/www.linkedin.com\/company\/instituto-de-engenharia\/","https:\/\/www.youtube.com\/channel\/UCXiCAlsSMe977vamW915HxA"]},{"@type":"Person","@id":"https:\/\/www.institutodeengenharia.org.br\/site\/#\/schema\/person\/aeb64951c405e100d26d30b033dd423f","name":"Bianca","image":{"@type":"ImageObject","inLanguage":"pt-BR","@id":"https:\/\/secure.gravatar.com\/avatar\/a6fbe9bff57405baf4c1e2c5c1811e072b558253974a9f9508f4678900c97c2a?s=96&d=mm&r=g","url":"https:\/\/secure.gravatar.com\/avatar\/a6fbe9bff57405baf4c1e2c5c1811e072b558253974a9f9508f4678900c97c2a?s=96&d=mm&r=g","contentUrl":"https:\/\/secure.gravatar.com\/avatar\/a6fbe9bff57405baf4c1e2c5c1811e072b558253974a9f9508f4678900c97c2a?s=96&d=mm&r=g","caption":"Bianca"},"url":"https:\/\/www.institutodeengenharia.org.br\/site\/author\/comunicacao1\/"}]}},"_links":{"self":[{"href":"https:\/\/www.institutodeengenharia.org.br\/site\/wp-json\/wp\/v2\/posts\/127991","targetHints":{"allow":["GET"]}}],"collection":[{"href":"https:\/\/www.institutodeengenharia.org.br\/site\/wp-json\/wp\/v2\/posts"}],"about":[{"href":"https:\/\/www.institutodeengenharia.org.br\/site\/wp-json\/wp\/v2\/types\/post"}],"author":[{"embeddable":true,"href":"https:\/\/www.institutodeengenharia.org.br\/site\/wp-json\/wp\/v2\/users\/13"}],"replies":[{"embeddable":true,"href":"https:\/\/www.institutodeengenharia.org.br\/site\/wp-json\/wp\/v2\/comments?post=127991"}],"version-history":[{"count":3,"href":"https:\/\/www.institutodeengenharia.org.br\/site\/wp-json\/wp\/v2\/posts\/127991\/revisions"}],"predecessor-version":[{"id":128041,"href":"https:\/\/www.institutodeengenharia.org.br\/site\/wp-json\/wp\/v2\/posts\/127991\/revisions\/128041"}],"wp:featuredmedia":[{"embeddable":true,"href":"https:\/\/www.institutodeengenharia.org.br\/site\/wp-json\/wp\/v2\/media\/127989"}],"wp:attachment":[{"href":"https:\/\/www.institutodeengenharia.org.br\/site\/wp-json\/wp\/v2\/media?parent=127991"}],"wp:term":[{"taxonomy":"category","embeddable":true,"href":"https:\/\/www.institutodeengenharia.org.br\/site\/wp-json\/wp\/v2\/categories?post=127991"},{"taxonomy":"post_tag","embeddable":true,"href":"https:\/\/www.institutodeengenharia.org.br\/site\/wp-json\/wp\/v2\/tags?post=127991"}],"curies":[{"name":"wp","href":"https:\/\/api.w.org\/{rel}","templated":true}]}}