{"id":127937,"date":"2025-04-08T14:53:24","date_gmt":"2025-04-08T17:53:24","guid":{"rendered":"https:\/\/www.institutodeengenharia.org.br\/site\/?p=127937"},"modified":"2025-04-11T14:28:30","modified_gmt":"2025-04-11T17:28:30","slug":"maior-programa-habitacional-da-historia-do-estado-de-sp-e-anunciado","status":"publish","type":"post","link":"https:\/\/www.institutodeengenharia.org.br\/site\/2025\/04\/08\/maior-programa-habitacional-da-historia-do-estado-de-sp-e-anunciado\/","title":{"rendered":"Maior programa habitacional da hist\u00f3ria do estado de SP \u00e9 anunciado"},"content":{"rendered":"<p>Foi realizada nesta segunda (7), no Pal\u00e1cio dos Bandeirantes, sede do Governo do Estado de S\u00e3o Paulo, a assinatura de Autorizo de Concess\u00e3o de Aporte para Unidades Habitacionais do Programa &#8220;Casa Paulista&#8221;. O presidente do Instituto de Engenharia, Jos\u00e9 Eduardo Jardim, esteve presente na solenidade.<\/p>\n<figure id=\"attachment_128053\" aria-describedby=\"caption-attachment-128053\" style=\"width: 239px\" class=\"wp-caption alignright\"><img loading=\"lazy\" decoding=\"async\" class=\"wp-image-128053\" src=\"https:\/\/www.institutodeengenharia.org.br\/site\/wp-content\/uploads\/2025\/04\/MC831880-1-scaled.jpg\" alt=\"\" width=\"239\" height=\"159\" srcset=\"https:\/\/www.institutodeengenharia.org.br\/site\/wp-content\/uploads\/2025\/04\/MC831880-1-scaled.jpg 2560w, https:\/\/www.institutodeengenharia.org.br\/site\/wp-content\/uploads\/2025\/04\/MC831880-1-300x200.jpg 300w, https:\/\/www.institutodeengenharia.org.br\/site\/wp-content\/uploads\/2025\/04\/MC831880-1-1024x683.jpg 1024w, https:\/\/www.institutodeengenharia.org.br\/site\/wp-content\/uploads\/2025\/04\/MC831880-1-768x512.jpg 768w, https:\/\/www.institutodeengenharia.org.br\/site\/wp-content\/uploads\/2025\/04\/MC831880-1-1536x1024.jpg 1536w, https:\/\/www.institutodeengenharia.org.br\/site\/wp-content\/uploads\/2025\/04\/MC831880-1-2048x1365.jpg 2048w, https:\/\/www.institutodeengenharia.org.br\/site\/wp-content\/uploads\/2025\/04\/MC831880-1-630x420.jpg 630w, https:\/\/www.institutodeengenharia.org.br\/site\/wp-content\/uploads\/2025\/04\/MC831880-1-696x464.jpg 696w, https:\/\/www.institutodeengenharia.org.br\/site\/wp-content\/uploads\/2025\/04\/MC831880-1-1068x712.jpg 1068w, https:\/\/www.institutodeengenharia.org.br\/site\/wp-content\/uploads\/2025\/04\/MC831880-1-1920x1280.jpg 1920w, https:\/\/www.institutodeengenharia.org.br\/site\/wp-content\/uploads\/2025\/04\/MC831880-1-600x400.jpg 600w\" sizes=\"auto, (max-width: 239px) 100vw, 239px\" \/><figcaption id=\"caption-attachment-128053\" class=\"wp-caption-text\">Cr\u00e9dito: Marcelo S. Camargo \/ Governo do Estado de SP<\/figcaption><\/figure>\n<p>O governador do Estado de S\u00e3o Paulo, Tarc\u00edsio de Freitas,\u00a0 firmou a assinatura, deste que \u00e9 o maior programa habitacional da hist\u00f3ria do estado paulista, com investimento de quase R$ 1 bilh\u00e3o destinado \u00e0 constru\u00e7\u00e3o de at\u00e9 30 mil novas unidades habitacionais em parceria com a Caixa Econ\u00f4mica Federal.<\/p>\n<figure id=\"attachment_127942\" aria-describedby=\"caption-attachment-127942\" style=\"width: 244px\" class=\"wp-caption alignleft\"><img loading=\"lazy\" decoding=\"async\" class=\" wp-image-127942\" src=\"https:\/\/www.institutodeengenharia.org.br\/site\/wp-content\/uploads\/2025\/04\/54437456931_fb88d4fae2_c.jpg\" alt=\"\" width=\"244\" height=\"163\" srcset=\"https:\/\/www.institutodeengenharia.org.br\/site\/wp-content\/uploads\/2025\/04\/54437456931_fb88d4fae2_c.jpg 799w, https:\/\/www.institutodeengenharia.org.br\/site\/wp-content\/uploads\/2025\/04\/54437456931_fb88d4fae2_c-300x200.jpg 300w, https:\/\/www.institutodeengenharia.org.br\/site\/wp-content\/uploads\/2025\/04\/54437456931_fb88d4fae2_c-768x512.jpg 768w, https:\/\/www.institutodeengenharia.org.br\/site\/wp-content\/uploads\/2025\/04\/54437456931_fb88d4fae2_c-630x420.jpg 630w, https:\/\/www.institutodeengenharia.org.br\/site\/wp-content\/uploads\/2025\/04\/54437456931_fb88d4fae2_c-696x464.jpg 696w, https:\/\/www.institutodeengenharia.org.br\/site\/wp-content\/uploads\/2025\/04\/54437456931_fb88d4fae2_c-600x400.jpg 600w\" sizes=\"auto, (max-width: 244px) 100vw, 244px\" \/><figcaption id=\"caption-attachment-127942\" class=\"wp-caption-text\">Marcelo Branco, secret\u00e1rio de Desenvolvimento Urbano e Habita\u00e7\u00e3o. Cr\u00e9dito: Marcelo S. Camargo \/ Governo do Estado de SP<\/figcaption><\/figure>\n<p>A solenidade reuniu diversas autoridades, incluindo o ministro das Cidades, Jader Filho, o presidente da Caixa Econ\u00f4mica Federal, Carlos Vieira, e o secret\u00e1rio de Estado de Desenvolvimento Urbano e Habita\u00e7\u00e3o, Marcelo Branco, al\u00e9m de parlamentares e representantes do setor da constru\u00e7\u00e3o civil.<\/p>\n","protected":false},"excerpt":{"rendered":"<p>Foi realizada nesta segunda (7), no Pal\u00e1cio dos Bandeirantes, sede do Governo do Estado de S\u00e3o Paulo, a assinatura de Autorizo de Concess\u00e3o de Aporte para Unidades Habitacionais do Programa &#8220;Casa Paulista&#8221;. O presidente do Instituto de Engenharia, Jos\u00e9 Eduardo Jardim, esteve presente na solenidade. O governador do Estado de S\u00e3o Paulo, Tarc\u00edsio de Freitas,\u00a0 [&hellip;]<\/p>\n","protected":false},"author":14,"featured_media":127938,"comment_status":"open","ping_status":"open","sticky":false,"template":"","format":"standard","meta":{"footnotes":""},"categories":[26,27,6],"tags":[],"class_list":{"0":"post-127937","1":"post","2":"type-post","3":"status-publish","4":"format-standard","5":"has-post-thumbnail","7":"category-infraestrutura","8":"category-instituto-de-engenharia","9":"category-noticias"},"yoast_head":"<!-- This site is optimized with the Yoast SEO plugin v27.2 - https:\/\/yoast.com\/product\/yoast-seo-wordpress\/ -->\n<title>Maior programa habitacional da hist\u00f3ria do estado de SP \u00e9 anunciado - Instituto de Engenharia<\/title>\n<meta name=\"robots\" content=\"index, follow, max-snippet:-1, max-image-preview:large, max-video-preview:-1\" \/>\n<link rel=\"canonical\" href=\"https:\/\/www.institutodeengenharia.org.br\/site\/2025\/04\/08\/maior-programa-habitacional-da-historia-do-estado-de-sp-e-anunciado\/\" \/>\n<meta property=\"og:locale\" content=\"pt_BR\" \/>\n<meta property=\"og:type\" content=\"article\" \/>\n<meta property=\"og:title\" content=\"Maior programa habitacional da hist\u00f3ria do estado de SP \u00e9 anunciado - Instituto de Engenharia\" \/>\n<meta property=\"og:description\" content=\"Foi realizada nesta segunda (7), no Pal\u00e1cio dos Bandeirantes, sede do Governo do Estado de S\u00e3o Paulo, a assinatura de Autorizo de Concess\u00e3o de Aporte para Unidades Habitacionais do Programa &#8220;Casa Paulista&#8221;. O presidente do Instituto de Engenharia, Jos\u00e9 Eduardo Jardim, esteve presente na solenidade. O governador do Estado de S\u00e3o Paulo, Tarc\u00edsio de Freitas,\u00a0 [&hellip;]\" \/>\n<meta property=\"og:url\" content=\"https:\/\/www.institutodeengenharia.org.br\/site\/2025\/04\/08\/maior-programa-habitacional-da-historia-do-estado-de-sp-e-anunciado\/\" \/>\n<meta property=\"og:site_name\" content=\"Instituto de Engenharia\" \/>\n<meta property=\"article:publisher\" content=\"https:\/\/www.facebook.com\/institutodeengenharia\" \/>\n<meta property=\"article:published_time\" content=\"2025-04-08T17:53:24+00:00\" \/>\n<meta property=\"article:modified_time\" content=\"2025-04-11T17:28:30+00:00\" \/>\n<meta property=\"og:image\" content=\"https:\/\/www.institutodeengenharia.org.br\/site\/wp-content\/uploads\/2025\/04\/54437456766_a8e5f4e500_c.jpg\" \/>\n\t<meta property=\"og:image:width\" content=\"799\" \/>\n\t<meta property=\"og:image:height\" content=\"533\" \/>\n\t<meta property=\"og:image:type\" content=\"image\/jpeg\" \/>\n<meta name=\"author\" content=\"Isabel\" \/>\n<meta name=\"twitter:card\" content=\"summary_large_image\" \/>\n<meta name=\"twitter:creator\" content=\"@iengenharia\" \/>\n<meta name=\"twitter:site\" content=\"@iengenharia\" \/>\n<meta name=\"twitter:label1\" content=\"Escrito por\" \/>\n\t<meta name=\"twitter:data1\" content=\"Isabel\" \/>\n\t<meta name=\"twitter:label2\" content=\"Est. tempo de leitura\" \/>\n\t<meta name=\"twitter:data2\" content=\"2 minutos\" \/>\n<script type=\"application\/ld+json\" class=\"yoast-schema-graph\">{\"@context\":\"https:\/\/schema.org\",\"@graph\":[{\"@type\":\"Article\",\"@id\":\"https:\/\/www.institutodeengenharia.org.br\/site\/2025\/04\/08\/maior-programa-habitacional-da-historia-do-estado-de-sp-e-anunciado\/#article\",\"isPartOf\":{\"@id\":\"https:\/\/www.institutodeengenharia.org.br\/site\/2025\/04\/08\/maior-programa-habitacional-da-historia-do-estado-de-sp-e-anunciado\/\"},\"author\":{\"name\":\"Isabel\",\"@id\":\"https:\/\/www.institutodeengenharia.org.br\/site\/#\/schema\/person\/593dc356630173a4877a635d3e5fd76b\"},\"headline\":\"Maior programa habitacional da hist\u00f3ria do estado de SP \u00e9 anunciado\",\"datePublished\":\"2025-04-08T17:53:24+00:00\",\"dateModified\":\"2025-04-11T17:28:30+00:00\",\"mainEntityOfPage\":{\"@id\":\"https:\/\/www.institutodeengenharia.org.br\/site\/2025\/04\/08\/maior-programa-habitacional-da-historia-do-estado-de-sp-e-anunciado\/\"},\"wordCount\":200,\"commentCount\":0,\"publisher\":{\"@id\":\"https:\/\/www.institutodeengenharia.org.br\/site\/#organization\"},\"image\":{\"@id\":\"https:\/\/www.institutodeengenharia.org.br\/site\/2025\/04\/08\/maior-programa-habitacional-da-historia-do-estado-de-sp-e-anunciado\/#primaryimage\"},\"thumbnailUrl\":\"https:\/\/www.institutodeengenharia.org.br\/site\/wp-content\/uploads\/2025\/04\/54437456766_a8e5f4e500_c.jpg\",\"articleSection\":[\"Infraestrutura\",\"Instituto de Engenharia\",\"Not\u00edcias\"],\"inLanguage\":\"pt-BR\",\"potentialAction\":[{\"@type\":\"CommentAction\",\"name\":\"Comment\",\"target\":[\"https:\/\/www.institutodeengenharia.org.br\/site\/2025\/04\/08\/maior-programa-habitacional-da-historia-do-estado-de-sp-e-anunciado\/#respond\"]}]},{\"@type\":\"WebPage\",\"@id\":\"https:\/\/www.institutodeengenharia.org.br\/site\/2025\/04\/08\/maior-programa-habitacional-da-historia-do-estado-de-sp-e-anunciado\/\",\"url\":\"https:\/\/www.institutodeengenharia.org.br\/site\/2025\/04\/08\/maior-programa-habitacional-da-historia-do-estado-de-sp-e-anunciado\/\",\"name\":\"Maior programa habitacional da hist\u00f3ria do estado de SP \u00e9 anunciado - Instituto de Engenharia\",\"isPartOf\":{\"@id\":\"https:\/\/www.institutodeengenharia.org.br\/site\/#website\"},\"primaryImageOfPage\":{\"@id\":\"https:\/\/www.institutodeengenharia.org.br\/site\/2025\/04\/08\/maior-programa-habitacional-da-historia-do-estado-de-sp-e-anunciado\/#primaryimage\"},\"image\":{\"@id\":\"https:\/\/www.institutodeengenharia.org.br\/site\/2025\/04\/08\/maior-programa-habitacional-da-historia-do-estado-de-sp-e-anunciado\/#primaryimage\"},\"thumbnailUrl\":\"https:\/\/www.institutodeengenharia.org.br\/site\/wp-content\/uploads\/2025\/04\/54437456766_a8e5f4e500_c.jpg\",\"datePublished\":\"2025-04-08T17:53:24+00:00\",\"dateModified\":\"2025-04-11T17:28:30+00:00\",\"breadcrumb\":{\"@id\":\"https:\/\/www.institutodeengenharia.org.br\/site\/2025\/04\/08\/maior-programa-habitacional-da-historia-do-estado-de-sp-e-anunciado\/#breadcrumb\"},\"inLanguage\":\"pt-BR\",\"potentialAction\":[{\"@type\":\"ReadAction\",\"target\":[\"https:\/\/www.institutodeengenharia.org.br\/site\/2025\/04\/08\/maior-programa-habitacional-da-historia-do-estado-de-sp-e-anunciado\/\"]}]},{\"@type\":\"ImageObject\",\"inLanguage\":\"pt-BR\",\"@id\":\"https:\/\/www.institutodeengenharia.org.br\/site\/2025\/04\/08\/maior-programa-habitacional-da-historia-do-estado-de-sp-e-anunciado\/#primaryimage\",\"url\":\"https:\/\/www.institutodeengenharia.org.br\/site\/wp-content\/uploads\/2025\/04\/54437456766_a8e5f4e500_c.jpg\",\"contentUrl\":\"https:\/\/www.institutodeengenharia.org.br\/site\/wp-content\/uploads\/2025\/04\/54437456766_a8e5f4e500_c.jpg\",\"width\":799,\"height\":533,\"caption\":\"Foto: Marcelo S. Camargo \/ Governo do Estado de SP\"},{\"@type\":\"BreadcrumbList\",\"@id\":\"https:\/\/www.institutodeengenharia.org.br\/site\/2025\/04\/08\/maior-programa-habitacional-da-historia-do-estado-de-sp-e-anunciado\/#breadcrumb\",\"itemListElement\":[{\"@type\":\"ListItem\",\"position\":1,\"name\":\"In\u00edcio\",\"item\":\"https:\/\/www.institutodeengenharia.org.br\/site\/\"},{\"@type\":\"ListItem\",\"position\":2,\"name\":\"Maior programa habitacional da hist\u00f3ria do estado de SP \u00e9 anunciado\"}]},{\"@type\":\"WebSite\",\"@id\":\"https:\/\/www.institutodeengenharia.org.br\/site\/#website\",\"url\":\"https:\/\/www.institutodeengenharia.org.br\/site\/\",\"name\":\"Instituto de Engenharia\",\"description\":\"O Instituto de Engenharia promove a Engenharia em benef\u00edcio do desenvolvimento e da qualidade de vida da sociedade.\",\"publisher\":{\"@id\":\"https:\/\/www.institutodeengenharia.org.br\/site\/#organization\"},\"potentialAction\":[{\"@type\":\"SearchAction\",\"target\":{\"@type\":\"EntryPoint\",\"urlTemplate\":\"https:\/\/www.institutodeengenharia.org.br\/site\/?s={search_term_string}\"},\"query-input\":{\"@type\":\"PropertyValueSpecification\",\"valueRequired\":true,\"valueName\":\"search_term_string\"}}],\"inLanguage\":\"pt-BR\"},{\"@type\":\"Organization\",\"@id\":\"https:\/\/www.institutodeengenharia.org.br\/site\/#organization\",\"name\":\"Instituto de Engenharia\",\"url\":\"https:\/\/www.institutodeengenharia.org.br\/site\/\",\"logo\":{\"@type\":\"ImageObject\",\"inLanguage\":\"pt-BR\",\"@id\":\"https:\/\/www.institutodeengenharia.org.br\/site\/#\/schema\/logo\/image\/\",\"url\":\"https:\/\/www.institutodeengenharia.org.br\/site\/wp-content\/uploads\/2019\/03\/logo-novo-IE2018-1.jpg\",\"contentUrl\":\"https:\/\/www.institutodeengenharia.org.br\/site\/wp-content\/uploads\/2019\/03\/logo-novo-IE2018-1.jpg\",\"width\":1486,\"height\":1879,\"caption\":\"Instituto de Engenharia\"},\"image\":{\"@id\":\"https:\/\/www.institutodeengenharia.org.br\/site\/#\/schema\/logo\/image\/\"},\"sameAs\":[\"https:\/\/www.facebook.com\/institutodeengenharia\",\"https:\/\/x.com\/iengenharia\",\"https:\/\/www.instagram.com\/institutodeengenharia\/\",\"https:\/\/www.linkedin.com\/company\/instituto-de-engenharia\/\",\"https:\/\/www.youtube.com\/channel\/UCXiCAlsSMe977vamW915HxA\"]},{\"@type\":\"Person\",\"@id\":\"https:\/\/www.institutodeengenharia.org.br\/site\/#\/schema\/person\/593dc356630173a4877a635d3e5fd76b\",\"name\":\"Isabel\",\"image\":{\"@type\":\"ImageObject\",\"inLanguage\":\"pt-BR\",\"@id\":\"https:\/\/secure.gravatar.com\/avatar\/f3c521db63ec9db17894f10a88c6a3cf95b2281d7f80eeb3cf3ef1cb091576e7?s=96&d=mm&r=g\",\"url\":\"https:\/\/secure.gravatar.com\/avatar\/f3c521db63ec9db17894f10a88c6a3cf95b2281d7f80eeb3cf3ef1cb091576e7?s=96&d=mm&r=g\",\"contentUrl\":\"https:\/\/secure.gravatar.com\/avatar\/f3c521db63ec9db17894f10a88c6a3cf95b2281d7f80eeb3cf3ef1cb091576e7?s=96&d=mm&r=g\",\"caption\":\"Isabel\"},\"url\":\"https:\/\/www.institutodeengenharia.org.br\/site\/author\/comunicacao2\/\"}]}<\/script>\n<!-- \/ Yoast SEO plugin. -->","yoast_head_json":{"title":"Maior programa habitacional da hist\u00f3ria do estado de SP \u00e9 anunciado - Instituto de Engenharia","robots":{"index":"index","follow":"follow","max-snippet":"max-snippet:-1","max-image-preview":"max-image-preview:large","max-video-preview":"max-video-preview:-1"},"canonical":"https:\/\/www.institutodeengenharia.org.br\/site\/2025\/04\/08\/maior-programa-habitacional-da-historia-do-estado-de-sp-e-anunciado\/","og_locale":"pt_BR","og_type":"article","og_title":"Maior programa habitacional da hist\u00f3ria do estado de SP \u00e9 anunciado - Instituto de Engenharia","og_description":"Foi realizada nesta segunda (7), no Pal\u00e1cio dos Bandeirantes, sede do Governo do Estado de S\u00e3o Paulo, a assinatura de Autorizo de Concess\u00e3o de Aporte para Unidades Habitacionais do Programa &#8220;Casa Paulista&#8221;. O presidente do Instituto de Engenharia, Jos\u00e9 Eduardo Jardim, esteve presente na solenidade. O governador do Estado de S\u00e3o Paulo, Tarc\u00edsio de Freitas,\u00a0 [&hellip;]","og_url":"https:\/\/www.institutodeengenharia.org.br\/site\/2025\/04\/08\/maior-programa-habitacional-da-historia-do-estado-de-sp-e-anunciado\/","og_site_name":"Instituto de Engenharia","article_publisher":"https:\/\/www.facebook.com\/institutodeengenharia","article_published_time":"2025-04-08T17:53:24+00:00","article_modified_time":"2025-04-11T17:28:30+00:00","og_image":[{"width":799,"height":533,"url":"https:\/\/www.institutodeengenharia.org.br\/site\/wp-content\/uploads\/2025\/04\/54437456766_a8e5f4e500_c.jpg","type":"image\/jpeg"}],"author":"Isabel","twitter_card":"summary_large_image","twitter_creator":"@iengenharia","twitter_site":"@iengenharia","twitter_misc":{"Escrito por":"Isabel","Est. tempo de leitura":"2 minutos"},"schema":{"@context":"https:\/\/schema.org","@graph":[{"@type":"Article","@id":"https:\/\/www.institutodeengenharia.org.br\/site\/2025\/04\/08\/maior-programa-habitacional-da-historia-do-estado-de-sp-e-anunciado\/#article","isPartOf":{"@id":"https:\/\/www.institutodeengenharia.org.br\/site\/2025\/04\/08\/maior-programa-habitacional-da-historia-do-estado-de-sp-e-anunciado\/"},"author":{"name":"Isabel","@id":"https:\/\/www.institutodeengenharia.org.br\/site\/#\/schema\/person\/593dc356630173a4877a635d3e5fd76b"},"headline":"Maior programa habitacional da hist\u00f3ria do estado de SP \u00e9 anunciado","datePublished":"2025-04-08T17:53:24+00:00","dateModified":"2025-04-11T17:28:30+00:00","mainEntityOfPage":{"@id":"https:\/\/www.institutodeengenharia.org.br\/site\/2025\/04\/08\/maior-programa-habitacional-da-historia-do-estado-de-sp-e-anunciado\/"},"wordCount":200,"commentCount":0,"publisher":{"@id":"https:\/\/www.institutodeengenharia.org.br\/site\/#organization"},"image":{"@id":"https:\/\/www.institutodeengenharia.org.br\/site\/2025\/04\/08\/maior-programa-habitacional-da-historia-do-estado-de-sp-e-anunciado\/#primaryimage"},"thumbnailUrl":"https:\/\/www.institutodeengenharia.org.br\/site\/wp-content\/uploads\/2025\/04\/54437456766_a8e5f4e500_c.jpg","articleSection":["Infraestrutura","Instituto de Engenharia","Not\u00edcias"],"inLanguage":"pt-BR","potentialAction":[{"@type":"CommentAction","name":"Comment","target":["https:\/\/www.institutodeengenharia.org.br\/site\/2025\/04\/08\/maior-programa-habitacional-da-historia-do-estado-de-sp-e-anunciado\/#respond"]}]},{"@type":"WebPage","@id":"https:\/\/www.institutodeengenharia.org.br\/site\/2025\/04\/08\/maior-programa-habitacional-da-historia-do-estado-de-sp-e-anunciado\/","url":"https:\/\/www.institutodeengenharia.org.br\/site\/2025\/04\/08\/maior-programa-habitacional-da-historia-do-estado-de-sp-e-anunciado\/","name":"Maior programa habitacional da hist\u00f3ria do estado de SP \u00e9 anunciado - Instituto de Engenharia","isPartOf":{"@id":"https:\/\/www.institutodeengenharia.org.br\/site\/#website"},"primaryImageOfPage":{"@id":"https:\/\/www.institutodeengenharia.org.br\/site\/2025\/04\/08\/maior-programa-habitacional-da-historia-do-estado-de-sp-e-anunciado\/#primaryimage"},"image":{"@id":"https:\/\/www.institutodeengenharia.org.br\/site\/2025\/04\/08\/maior-programa-habitacional-da-historia-do-estado-de-sp-e-anunciado\/#primaryimage"},"thumbnailUrl":"https:\/\/www.institutodeengenharia.org.br\/site\/wp-content\/uploads\/2025\/04\/54437456766_a8e5f4e500_c.jpg","datePublished":"2025-04-08T17:53:24+00:00","dateModified":"2025-04-11T17:28:30+00:00","breadcrumb":{"@id":"https:\/\/www.institutodeengenharia.org.br\/site\/2025\/04\/08\/maior-programa-habitacional-da-historia-do-estado-de-sp-e-anunciado\/#breadcrumb"},"inLanguage":"pt-BR","potentialAction":[{"@type":"ReadAction","target":["https:\/\/www.institutodeengenharia.org.br\/site\/2025\/04\/08\/maior-programa-habitacional-da-historia-do-estado-de-sp-e-anunciado\/"]}]},{"@type":"ImageObject","inLanguage":"pt-BR","@id":"https:\/\/www.institutodeengenharia.org.br\/site\/2025\/04\/08\/maior-programa-habitacional-da-historia-do-estado-de-sp-e-anunciado\/#primaryimage","url":"https:\/\/www.institutodeengenharia.org.br\/site\/wp-content\/uploads\/2025\/04\/54437456766_a8e5f4e500_c.jpg","contentUrl":"https:\/\/www.institutodeengenharia.org.br\/site\/wp-content\/uploads\/2025\/04\/54437456766_a8e5f4e500_c.jpg","width":799,"height":533,"caption":"Foto: Marcelo S. Camargo \/ Governo do Estado de SP"},{"@type":"BreadcrumbList","@id":"https:\/\/www.institutodeengenharia.org.br\/site\/2025\/04\/08\/maior-programa-habitacional-da-historia-do-estado-de-sp-e-anunciado\/#breadcrumb","itemListElement":[{"@type":"ListItem","position":1,"name":"In\u00edcio","item":"https:\/\/www.institutodeengenharia.org.br\/site\/"},{"@type":"ListItem","position":2,"name":"Maior programa habitacional da hist\u00f3ria do estado de SP \u00e9 anunciado"}]},{"@type":"WebSite","@id":"https:\/\/www.institutodeengenharia.org.br\/site\/#website","url":"https:\/\/www.institutodeengenharia.org.br\/site\/","name":"Instituto de Engenharia","description":"O Instituto de Engenharia promove a Engenharia em benef\u00edcio do desenvolvimento e da qualidade de vida da sociedade.","publisher":{"@id":"https:\/\/www.institutodeengenharia.org.br\/site\/#organization"},"potentialAction":[{"@type":"SearchAction","target":{"@type":"EntryPoint","urlTemplate":"https:\/\/www.institutodeengenharia.org.br\/site\/?s={search_term_string}"},"query-input":{"@type":"PropertyValueSpecification","valueRequired":true,"valueName":"search_term_string"}}],"inLanguage":"pt-BR"},{"@type":"Organization","@id":"https:\/\/www.institutodeengenharia.org.br\/site\/#organization","name":"Instituto de Engenharia","url":"https:\/\/www.institutodeengenharia.org.br\/site\/","logo":{"@type":"ImageObject","inLanguage":"pt-BR","@id":"https:\/\/www.institutodeengenharia.org.br\/site\/#\/schema\/logo\/image\/","url":"https:\/\/www.institutodeengenharia.org.br\/site\/wp-content\/uploads\/2019\/03\/logo-novo-IE2018-1.jpg","contentUrl":"https:\/\/www.institutodeengenharia.org.br\/site\/wp-content\/uploads\/2019\/03\/logo-novo-IE2018-1.jpg","width":1486,"height":1879,"caption":"Instituto de Engenharia"},"image":{"@id":"https:\/\/www.institutodeengenharia.org.br\/site\/#\/schema\/logo\/image\/"},"sameAs":["https:\/\/www.facebook.com\/institutodeengenharia","https:\/\/x.com\/iengenharia","https:\/\/www.instagram.com\/institutodeengenharia\/","https:\/\/www.linkedin.com\/company\/instituto-de-engenharia\/","https:\/\/www.youtube.com\/channel\/UCXiCAlsSMe977vamW915HxA"]},{"@type":"Person","@id":"https:\/\/www.institutodeengenharia.org.br\/site\/#\/schema\/person\/593dc356630173a4877a635d3e5fd76b","name":"Isabel","image":{"@type":"ImageObject","inLanguage":"pt-BR","@id":"https:\/\/secure.gravatar.com\/avatar\/f3c521db63ec9db17894f10a88c6a3cf95b2281d7f80eeb3cf3ef1cb091576e7?s=96&d=mm&r=g","url":"https:\/\/secure.gravatar.com\/avatar\/f3c521db63ec9db17894f10a88c6a3cf95b2281d7f80eeb3cf3ef1cb091576e7?s=96&d=mm&r=g","contentUrl":"https:\/\/secure.gravatar.com\/avatar\/f3c521db63ec9db17894f10a88c6a3cf95b2281d7f80eeb3cf3ef1cb091576e7?s=96&d=mm&r=g","caption":"Isabel"},"url":"https:\/\/www.institutodeengenharia.org.br\/site\/author\/comunicacao2\/"}]}},"_links":{"self":[{"href":"https:\/\/www.institutodeengenharia.org.br\/site\/wp-json\/wp\/v2\/posts\/127937","targetHints":{"allow":["GET"]}}],"collection":[{"href":"https:\/\/www.institutodeengenharia.org.br\/site\/wp-json\/wp\/v2\/posts"}],"about":[{"href":"https:\/\/www.institutodeengenharia.org.br\/site\/wp-json\/wp\/v2\/types\/post"}],"author":[{"embeddable":true,"href":"https:\/\/www.institutodeengenharia.org.br\/site\/wp-json\/wp\/v2\/users\/14"}],"replies":[{"embeddable":true,"href":"https:\/\/www.institutodeengenharia.org.br\/site\/wp-json\/wp\/v2\/comments?post=127937"}],"version-history":[{"count":4,"href":"https:\/\/www.institutodeengenharia.org.br\/site\/wp-json\/wp\/v2\/posts\/127937\/revisions"}],"predecessor-version":[{"id":128059,"href":"https:\/\/www.institutodeengenharia.org.br\/site\/wp-json\/wp\/v2\/posts\/127937\/revisions\/128059"}],"wp:featuredmedia":[{"embeddable":true,"href":"https:\/\/www.institutodeengenharia.org.br\/site\/wp-json\/wp\/v2\/media\/127938"}],"wp:attachment":[{"href":"https:\/\/www.institutodeengenharia.org.br\/site\/wp-json\/wp\/v2\/media?parent=127937"}],"wp:term":[{"taxonomy":"category","embeddable":true,"href":"https:\/\/www.institutodeengenharia.org.br\/site\/wp-json\/wp\/v2\/categories?post=127937"},{"taxonomy":"post_tag","embeddable":true,"href":"https:\/\/www.institutodeengenharia.org.br\/site\/wp-json\/wp\/v2\/tags?post=127937"}],"curies":[{"name":"wp","href":"https:\/\/api.w.org\/{rel}","templated":true}]}}