{"id":127856,"date":"2025-04-03T15:29:03","date_gmt":"2025-04-03T18:29:03","guid":{"rendered":"https:\/\/www.institutodeengenharia.org.br\/site\/?p=127856"},"modified":"2025-04-03T15:49:15","modified_gmt":"2025-04-03T18:49:15","slug":"foto-legenda-diretor-presidente-da-sp-urbanismo-faz-reuniao-tecnica-no-ie","status":"publish","type":"post","link":"https:\/\/www.institutodeengenharia.org.br\/site\/2025\/04\/03\/foto-legenda-diretor-presidente-da-sp-urbanismo-faz-reuniao-tecnica-no-ie\/","title":{"rendered":"Foto legenda &#8211; Diretor-presidente da SP Urbanismo faz reuni\u00e3o t\u00e9cnica no IE"},"content":{"rendered":"<p>Pedro Martin Fernandes, diretor-presidente da SP Urbanismo, foi recebido pela diretoria e corpo t\u00e9cnico do Instituto de Engenharia, para reuni\u00e3o sobre a navega\u00e7\u00e3o fluvial na cidade de S\u00e3o Paulo. O grupo discute a organiza\u00e7\u00e3o de um evento sobre o tema.<\/p>\n","protected":false},"excerpt":{"rendered":"<p>Pedro Martin Fernandes, diretor-presidente da SP Urbanismo, foi recebido pela diretoria e corpo t\u00e9cnico do Instituto de Engenharia, para reuni\u00e3o sobre a navega\u00e7\u00e3o fluvial na cidade de S\u00e3o Paulo. O grupo discute a organiza\u00e7\u00e3o de um evento sobre o tema.<\/p>\n","protected":false},"author":14,"featured_media":127858,"comment_status":"open","ping_status":"open","sticky":false,"template":"","format":"standard","meta":{"footnotes":""},"categories":[27,6,41],"tags":[],"class_list":{"0":"post-127856","1":"post","2":"type-post","3":"status-publish","4":"format-standard","5":"has-post-thumbnail","7":"category-instituto-de-engenharia","8":"category-noticias","9":"category-transportes"},"yoast_head":"<!-- This site is optimized with the Yoast SEO plugin v27.2 - https:\/\/yoast.com\/product\/yoast-seo-wordpress\/ -->\n<title>Foto legenda - Diretor-presidente da SP Urbanismo faz reuni\u00e3o t\u00e9cnica no IE - Instituto de Engenharia<\/title>\n<meta name=\"robots\" content=\"index, follow, max-snippet:-1, max-image-preview:large, max-video-preview:-1\" \/>\n<link rel=\"canonical\" href=\"https:\/\/www.institutodeengenharia.org.br\/site\/2025\/04\/03\/foto-legenda-diretor-presidente-da-sp-urbanismo-faz-reuniao-tecnica-no-ie\/\" \/>\n<meta property=\"og:locale\" content=\"pt_BR\" \/>\n<meta property=\"og:type\" content=\"article\" \/>\n<meta property=\"og:title\" content=\"Foto legenda - Diretor-presidente da SP Urbanismo faz reuni\u00e3o t\u00e9cnica no IE - Instituto de Engenharia\" \/>\n<meta property=\"og:description\" content=\"Pedro Martin Fernandes, diretor-presidente da SP Urbanismo, foi recebido pela diretoria e corpo t\u00e9cnico do Instituto de Engenharia, para reuni\u00e3o sobre a navega\u00e7\u00e3o fluvial na cidade de S\u00e3o Paulo. O grupo discute a organiza\u00e7\u00e3o de um evento sobre o tema.\" \/>\n<meta property=\"og:url\" content=\"https:\/\/www.institutodeengenharia.org.br\/site\/2025\/04\/03\/foto-legenda-diretor-presidente-da-sp-urbanismo-faz-reuniao-tecnica-no-ie\/\" \/>\n<meta property=\"og:site_name\" content=\"Instituto de Engenharia\" \/>\n<meta property=\"article:publisher\" content=\"https:\/\/www.facebook.com\/institutodeengenharia\" \/>\n<meta property=\"article:published_time\" content=\"2025-04-03T18:29:03+00:00\" \/>\n<meta property=\"article:modified_time\" content=\"2025-04-03T18:49:15+00:00\" \/>\n<meta property=\"og:image\" content=\"https:\/\/www.institutodeengenharia.org.br\/site\/wp-content\/uploads\/2025\/04\/WhatsApp-Image-2025-04-01-at-14.36.16.jpeg\" \/>\n\t<meta property=\"og:image:width\" content=\"1599\" \/>\n\t<meta property=\"og:image:height\" content=\"899\" \/>\n\t<meta property=\"og:image:type\" content=\"image\/jpeg\" \/>\n<meta name=\"author\" content=\"Isabel\" \/>\n<meta name=\"twitter:card\" content=\"summary_large_image\" \/>\n<meta name=\"twitter:creator\" content=\"@iengenharia\" \/>\n<meta name=\"twitter:site\" content=\"@iengenharia\" \/>\n<meta name=\"twitter:label1\" content=\"Escrito por\" \/>\n\t<meta name=\"twitter:data1\" content=\"Isabel\" \/>\n\t<meta name=\"twitter:label2\" content=\"Est. tempo de leitura\" \/>\n\t<meta name=\"twitter:data2\" content=\"1 minuto\" \/>\n<script type=\"application\/ld+json\" class=\"yoast-schema-graph\">{\"@context\":\"https:\/\/schema.org\",\"@graph\":[{\"@type\":\"Article\",\"@id\":\"https:\/\/www.institutodeengenharia.org.br\/site\/2025\/04\/03\/foto-legenda-diretor-presidente-da-sp-urbanismo-faz-reuniao-tecnica-no-ie\/#article\",\"isPartOf\":{\"@id\":\"https:\/\/www.institutodeengenharia.org.br\/site\/2025\/04\/03\/foto-legenda-diretor-presidente-da-sp-urbanismo-faz-reuniao-tecnica-no-ie\/\"},\"author\":{\"name\":\"Isabel\",\"@id\":\"https:\/\/www.institutodeengenharia.org.br\/site\/#\/schema\/person\/593dc356630173a4877a635d3e5fd76b\"},\"headline\":\"Foto legenda &#8211; Diretor-presidente da SP Urbanismo faz reuni\u00e3o t\u00e9cnica no IE\",\"datePublished\":\"2025-04-03T18:29:03+00:00\",\"dateModified\":\"2025-04-03T18:49:15+00:00\",\"mainEntityOfPage\":{\"@id\":\"https:\/\/www.institutodeengenharia.org.br\/site\/2025\/04\/03\/foto-legenda-diretor-presidente-da-sp-urbanismo-faz-reuniao-tecnica-no-ie\/\"},\"wordCount\":59,\"commentCount\":0,\"publisher\":{\"@id\":\"https:\/\/www.institutodeengenharia.org.br\/site\/#organization\"},\"image\":{\"@id\":\"https:\/\/www.institutodeengenharia.org.br\/site\/2025\/04\/03\/foto-legenda-diretor-presidente-da-sp-urbanismo-faz-reuniao-tecnica-no-ie\/#primaryimage\"},\"thumbnailUrl\":\"https:\/\/www.institutodeengenharia.org.br\/site\/wp-content\/uploads\/2025\/04\/WhatsApp-Image-2025-04-01-at-14.36.16.jpeg\",\"articleSection\":[\"Instituto de Engenharia\",\"Not\u00edcias\",\"Transportes\"],\"inLanguage\":\"pt-BR\",\"potentialAction\":[{\"@type\":\"CommentAction\",\"name\":\"Comment\",\"target\":[\"https:\/\/www.institutodeengenharia.org.br\/site\/2025\/04\/03\/foto-legenda-diretor-presidente-da-sp-urbanismo-faz-reuniao-tecnica-no-ie\/#respond\"]}]},{\"@type\":\"WebPage\",\"@id\":\"https:\/\/www.institutodeengenharia.org.br\/site\/2025\/04\/03\/foto-legenda-diretor-presidente-da-sp-urbanismo-faz-reuniao-tecnica-no-ie\/\",\"url\":\"https:\/\/www.institutodeengenharia.org.br\/site\/2025\/04\/03\/foto-legenda-diretor-presidente-da-sp-urbanismo-faz-reuniao-tecnica-no-ie\/\",\"name\":\"Foto legenda - Diretor-presidente da SP Urbanismo faz reuni\u00e3o t\u00e9cnica no IE - Instituto de Engenharia\",\"isPartOf\":{\"@id\":\"https:\/\/www.institutodeengenharia.org.br\/site\/#website\"},\"primaryImageOfPage\":{\"@id\":\"https:\/\/www.institutodeengenharia.org.br\/site\/2025\/04\/03\/foto-legenda-diretor-presidente-da-sp-urbanismo-faz-reuniao-tecnica-no-ie\/#primaryimage\"},\"image\":{\"@id\":\"https:\/\/www.institutodeengenharia.org.br\/site\/2025\/04\/03\/foto-legenda-diretor-presidente-da-sp-urbanismo-faz-reuniao-tecnica-no-ie\/#primaryimage\"},\"thumbnailUrl\":\"https:\/\/www.institutodeengenharia.org.br\/site\/wp-content\/uploads\/2025\/04\/WhatsApp-Image-2025-04-01-at-14.36.16.jpeg\",\"datePublished\":\"2025-04-03T18:29:03+00:00\",\"dateModified\":\"2025-04-03T18:49:15+00:00\",\"breadcrumb\":{\"@id\":\"https:\/\/www.institutodeengenharia.org.br\/site\/2025\/04\/03\/foto-legenda-diretor-presidente-da-sp-urbanismo-faz-reuniao-tecnica-no-ie\/#breadcrumb\"},\"inLanguage\":\"pt-BR\",\"potentialAction\":[{\"@type\":\"ReadAction\",\"target\":[\"https:\/\/www.institutodeengenharia.org.br\/site\/2025\/04\/03\/foto-legenda-diretor-presidente-da-sp-urbanismo-faz-reuniao-tecnica-no-ie\/\"]}]},{\"@type\":\"ImageObject\",\"inLanguage\":\"pt-BR\",\"@id\":\"https:\/\/www.institutodeengenharia.org.br\/site\/2025\/04\/03\/foto-legenda-diretor-presidente-da-sp-urbanismo-faz-reuniao-tecnica-no-ie\/#primaryimage\",\"url\":\"https:\/\/www.institutodeengenharia.org.br\/site\/wp-content\/uploads\/2025\/04\/WhatsApp-Image-2025-04-01-at-14.36.16.jpeg\",\"contentUrl\":\"https:\/\/www.institutodeengenharia.org.br\/site\/wp-content\/uploads\/2025\/04\/WhatsApp-Image-2025-04-01-at-14.36.16.jpeg\",\"width\":1599,\"height\":899,\"caption\":\"Da esq. p\/ dir.: Lawrence Koo, VP de Assuntos Internos IE, Paulo Say\u00e3o, associado convidado, Const\u00e2ncio Facci, diretor IE, Jos\u00e9 Wagner Ferreira, coord. DT de Navega\u00e7\u00e3o Interior e Portos IE, Rui Camargo, diretor da Revista Engenharia, Fernanda Quiroga, SP Urbanismo, Jos\u00e9 Eduardo Jardim, presidente IE, Camil Eid, conselheiro IE, Pedro Martin Fernandes, SP Urbanismo, Miriana Marques, VP de Adm. Finan\u00e7as IE, Ivan Whately, VP de Rela\u00e7\u00f5es Externas IE, Alfredo Savelli, conselheiro IE, Jean Pejo, diretor do Depto. Desenv. de Infraestrutura e Log\u00edstica, Flam\u00ednio Fichmann, coord. da DT de Mobilidade e Log\u00edstica Urbana, e Jer\u00f4nimo Cabral, VP de Atividades T\u00e9cnicas\"},{\"@type\":\"BreadcrumbList\",\"@id\":\"https:\/\/www.institutodeengenharia.org.br\/site\/2025\/04\/03\/foto-legenda-diretor-presidente-da-sp-urbanismo-faz-reuniao-tecnica-no-ie\/#breadcrumb\",\"itemListElement\":[{\"@type\":\"ListItem\",\"position\":1,\"name\":\"In\u00edcio\",\"item\":\"https:\/\/www.institutodeengenharia.org.br\/site\/\"},{\"@type\":\"ListItem\",\"position\":2,\"name\":\"Foto legenda &#8211; Diretor-presidente da SP Urbanismo faz reuni\u00e3o t\u00e9cnica no IE\"}]},{\"@type\":\"WebSite\",\"@id\":\"https:\/\/www.institutodeengenharia.org.br\/site\/#website\",\"url\":\"https:\/\/www.institutodeengenharia.org.br\/site\/\",\"name\":\"Instituto de Engenharia\",\"description\":\"O Instituto de Engenharia promove a Engenharia em benef\u00edcio do desenvolvimento e da qualidade de vida da sociedade.\",\"publisher\":{\"@id\":\"https:\/\/www.institutodeengenharia.org.br\/site\/#organization\"},\"potentialAction\":[{\"@type\":\"SearchAction\",\"target\":{\"@type\":\"EntryPoint\",\"urlTemplate\":\"https:\/\/www.institutodeengenharia.org.br\/site\/?s={search_term_string}\"},\"query-input\":{\"@type\":\"PropertyValueSpecification\",\"valueRequired\":true,\"valueName\":\"search_term_string\"}}],\"inLanguage\":\"pt-BR\"},{\"@type\":\"Organization\",\"@id\":\"https:\/\/www.institutodeengenharia.org.br\/site\/#organization\",\"name\":\"Instituto de Engenharia\",\"url\":\"https:\/\/www.institutodeengenharia.org.br\/site\/\",\"logo\":{\"@type\":\"ImageObject\",\"inLanguage\":\"pt-BR\",\"@id\":\"https:\/\/www.institutodeengenharia.org.br\/site\/#\/schema\/logo\/image\/\",\"url\":\"https:\/\/www.institutodeengenharia.org.br\/site\/wp-content\/uploads\/2019\/03\/logo-novo-IE2018-1.jpg\",\"contentUrl\":\"https:\/\/www.institutodeengenharia.org.br\/site\/wp-content\/uploads\/2019\/03\/logo-novo-IE2018-1.jpg\",\"width\":1486,\"height\":1879,\"caption\":\"Instituto de Engenharia\"},\"image\":{\"@id\":\"https:\/\/www.institutodeengenharia.org.br\/site\/#\/schema\/logo\/image\/\"},\"sameAs\":[\"https:\/\/www.facebook.com\/institutodeengenharia\",\"https:\/\/x.com\/iengenharia\",\"https:\/\/www.instagram.com\/institutodeengenharia\/\",\"https:\/\/www.linkedin.com\/company\/instituto-de-engenharia\/\",\"https:\/\/www.youtube.com\/channel\/UCXiCAlsSMe977vamW915HxA\"]},{\"@type\":\"Person\",\"@id\":\"https:\/\/www.institutodeengenharia.org.br\/site\/#\/schema\/person\/593dc356630173a4877a635d3e5fd76b\",\"name\":\"Isabel\",\"image\":{\"@type\":\"ImageObject\",\"inLanguage\":\"pt-BR\",\"@id\":\"https:\/\/secure.gravatar.com\/avatar\/f3c521db63ec9db17894f10a88c6a3cf95b2281d7f80eeb3cf3ef1cb091576e7?s=96&d=mm&r=g\",\"url\":\"https:\/\/secure.gravatar.com\/avatar\/f3c521db63ec9db17894f10a88c6a3cf95b2281d7f80eeb3cf3ef1cb091576e7?s=96&d=mm&r=g\",\"contentUrl\":\"https:\/\/secure.gravatar.com\/avatar\/f3c521db63ec9db17894f10a88c6a3cf95b2281d7f80eeb3cf3ef1cb091576e7?s=96&d=mm&r=g\",\"caption\":\"Isabel\"},\"url\":\"https:\/\/www.institutodeengenharia.org.br\/site\/author\/comunicacao2\/\"}]}<\/script>\n<!-- \/ Yoast SEO plugin. -->","yoast_head_json":{"title":"Foto legenda - Diretor-presidente da SP Urbanismo faz reuni\u00e3o t\u00e9cnica no IE - Instituto de Engenharia","robots":{"index":"index","follow":"follow","max-snippet":"max-snippet:-1","max-image-preview":"max-image-preview:large","max-video-preview":"max-video-preview:-1"},"canonical":"https:\/\/www.institutodeengenharia.org.br\/site\/2025\/04\/03\/foto-legenda-diretor-presidente-da-sp-urbanismo-faz-reuniao-tecnica-no-ie\/","og_locale":"pt_BR","og_type":"article","og_title":"Foto legenda - Diretor-presidente da SP Urbanismo faz reuni\u00e3o t\u00e9cnica no IE - Instituto de Engenharia","og_description":"Pedro Martin Fernandes, diretor-presidente da SP Urbanismo, foi recebido pela diretoria e corpo t\u00e9cnico do Instituto de Engenharia, para reuni\u00e3o sobre a navega\u00e7\u00e3o fluvial na cidade de S\u00e3o Paulo. O grupo discute a organiza\u00e7\u00e3o de um evento sobre o tema.","og_url":"https:\/\/www.institutodeengenharia.org.br\/site\/2025\/04\/03\/foto-legenda-diretor-presidente-da-sp-urbanismo-faz-reuniao-tecnica-no-ie\/","og_site_name":"Instituto de Engenharia","article_publisher":"https:\/\/www.facebook.com\/institutodeengenharia","article_published_time":"2025-04-03T18:29:03+00:00","article_modified_time":"2025-04-03T18:49:15+00:00","og_image":[{"width":1599,"height":899,"url":"https:\/\/www.institutodeengenharia.org.br\/site\/wp-content\/uploads\/2025\/04\/WhatsApp-Image-2025-04-01-at-14.36.16.jpeg","type":"image\/jpeg"}],"author":"Isabel","twitter_card":"summary_large_image","twitter_creator":"@iengenharia","twitter_site":"@iengenharia","twitter_misc":{"Escrito por":"Isabel","Est. tempo de leitura":"1 minuto"},"schema":{"@context":"https:\/\/schema.org","@graph":[{"@type":"Article","@id":"https:\/\/www.institutodeengenharia.org.br\/site\/2025\/04\/03\/foto-legenda-diretor-presidente-da-sp-urbanismo-faz-reuniao-tecnica-no-ie\/#article","isPartOf":{"@id":"https:\/\/www.institutodeengenharia.org.br\/site\/2025\/04\/03\/foto-legenda-diretor-presidente-da-sp-urbanismo-faz-reuniao-tecnica-no-ie\/"},"author":{"name":"Isabel","@id":"https:\/\/www.institutodeengenharia.org.br\/site\/#\/schema\/person\/593dc356630173a4877a635d3e5fd76b"},"headline":"Foto legenda &#8211; Diretor-presidente da SP Urbanismo faz reuni\u00e3o t\u00e9cnica no IE","datePublished":"2025-04-03T18:29:03+00:00","dateModified":"2025-04-03T18:49:15+00:00","mainEntityOfPage":{"@id":"https:\/\/www.institutodeengenharia.org.br\/site\/2025\/04\/03\/foto-legenda-diretor-presidente-da-sp-urbanismo-faz-reuniao-tecnica-no-ie\/"},"wordCount":59,"commentCount":0,"publisher":{"@id":"https:\/\/www.institutodeengenharia.org.br\/site\/#organization"},"image":{"@id":"https:\/\/www.institutodeengenharia.org.br\/site\/2025\/04\/03\/foto-legenda-diretor-presidente-da-sp-urbanismo-faz-reuniao-tecnica-no-ie\/#primaryimage"},"thumbnailUrl":"https:\/\/www.institutodeengenharia.org.br\/site\/wp-content\/uploads\/2025\/04\/WhatsApp-Image-2025-04-01-at-14.36.16.jpeg","articleSection":["Instituto de Engenharia","Not\u00edcias","Transportes"],"inLanguage":"pt-BR","potentialAction":[{"@type":"CommentAction","name":"Comment","target":["https:\/\/www.institutodeengenharia.org.br\/site\/2025\/04\/03\/foto-legenda-diretor-presidente-da-sp-urbanismo-faz-reuniao-tecnica-no-ie\/#respond"]}]},{"@type":"WebPage","@id":"https:\/\/www.institutodeengenharia.org.br\/site\/2025\/04\/03\/foto-legenda-diretor-presidente-da-sp-urbanismo-faz-reuniao-tecnica-no-ie\/","url":"https:\/\/www.institutodeengenharia.org.br\/site\/2025\/04\/03\/foto-legenda-diretor-presidente-da-sp-urbanismo-faz-reuniao-tecnica-no-ie\/","name":"Foto legenda - Diretor-presidente da SP Urbanismo faz reuni\u00e3o t\u00e9cnica no IE - Instituto de Engenharia","isPartOf":{"@id":"https:\/\/www.institutodeengenharia.org.br\/site\/#website"},"primaryImageOfPage":{"@id":"https:\/\/www.institutodeengenharia.org.br\/site\/2025\/04\/03\/foto-legenda-diretor-presidente-da-sp-urbanismo-faz-reuniao-tecnica-no-ie\/#primaryimage"},"image":{"@id":"https:\/\/www.institutodeengenharia.org.br\/site\/2025\/04\/03\/foto-legenda-diretor-presidente-da-sp-urbanismo-faz-reuniao-tecnica-no-ie\/#primaryimage"},"thumbnailUrl":"https:\/\/www.institutodeengenharia.org.br\/site\/wp-content\/uploads\/2025\/04\/WhatsApp-Image-2025-04-01-at-14.36.16.jpeg","datePublished":"2025-04-03T18:29:03+00:00","dateModified":"2025-04-03T18:49:15+00:00","breadcrumb":{"@id":"https:\/\/www.institutodeengenharia.org.br\/site\/2025\/04\/03\/foto-legenda-diretor-presidente-da-sp-urbanismo-faz-reuniao-tecnica-no-ie\/#breadcrumb"},"inLanguage":"pt-BR","potentialAction":[{"@type":"ReadAction","target":["https:\/\/www.institutodeengenharia.org.br\/site\/2025\/04\/03\/foto-legenda-diretor-presidente-da-sp-urbanismo-faz-reuniao-tecnica-no-ie\/"]}]},{"@type":"ImageObject","inLanguage":"pt-BR","@id":"https:\/\/www.institutodeengenharia.org.br\/site\/2025\/04\/03\/foto-legenda-diretor-presidente-da-sp-urbanismo-faz-reuniao-tecnica-no-ie\/#primaryimage","url":"https:\/\/www.institutodeengenharia.org.br\/site\/wp-content\/uploads\/2025\/04\/WhatsApp-Image-2025-04-01-at-14.36.16.jpeg","contentUrl":"https:\/\/www.institutodeengenharia.org.br\/site\/wp-content\/uploads\/2025\/04\/WhatsApp-Image-2025-04-01-at-14.36.16.jpeg","width":1599,"height":899,"caption":"Da esq. p\/ dir.: Lawrence Koo, VP de Assuntos Internos IE, Paulo Say\u00e3o, associado convidado, Const\u00e2ncio Facci, diretor IE, Jos\u00e9 Wagner Ferreira, coord. DT de Navega\u00e7\u00e3o Interior e Portos IE, Rui Camargo, diretor da Revista Engenharia, Fernanda Quiroga, SP Urbanismo, Jos\u00e9 Eduardo Jardim, presidente IE, Camil Eid, conselheiro IE, Pedro Martin Fernandes, SP Urbanismo, Miriana Marques, VP de Adm. Finan\u00e7as IE, Ivan Whately, VP de Rela\u00e7\u00f5es Externas IE, Alfredo Savelli, conselheiro IE, Jean Pejo, diretor do Depto. Desenv. de Infraestrutura e Log\u00edstica, Flam\u00ednio Fichmann, coord. da DT de Mobilidade e Log\u00edstica Urbana, e Jer\u00f4nimo Cabral, VP de Atividades T\u00e9cnicas"},{"@type":"BreadcrumbList","@id":"https:\/\/www.institutodeengenharia.org.br\/site\/2025\/04\/03\/foto-legenda-diretor-presidente-da-sp-urbanismo-faz-reuniao-tecnica-no-ie\/#breadcrumb","itemListElement":[{"@type":"ListItem","position":1,"name":"In\u00edcio","item":"https:\/\/www.institutodeengenharia.org.br\/site\/"},{"@type":"ListItem","position":2,"name":"Foto legenda &#8211; Diretor-presidente da SP Urbanismo faz reuni\u00e3o t\u00e9cnica no IE"}]},{"@type":"WebSite","@id":"https:\/\/www.institutodeengenharia.org.br\/site\/#website","url":"https:\/\/www.institutodeengenharia.org.br\/site\/","name":"Instituto de Engenharia","description":"O Instituto de Engenharia promove a Engenharia em benef\u00edcio do desenvolvimento e da qualidade de vida da sociedade.","publisher":{"@id":"https:\/\/www.institutodeengenharia.org.br\/site\/#organization"},"potentialAction":[{"@type":"SearchAction","target":{"@type":"EntryPoint","urlTemplate":"https:\/\/www.institutodeengenharia.org.br\/site\/?s={search_term_string}"},"query-input":{"@type":"PropertyValueSpecification","valueRequired":true,"valueName":"search_term_string"}}],"inLanguage":"pt-BR"},{"@type":"Organization","@id":"https:\/\/www.institutodeengenharia.org.br\/site\/#organization","name":"Instituto de Engenharia","url":"https:\/\/www.institutodeengenharia.org.br\/site\/","logo":{"@type":"ImageObject","inLanguage":"pt-BR","@id":"https:\/\/www.institutodeengenharia.org.br\/site\/#\/schema\/logo\/image\/","url":"https:\/\/www.institutodeengenharia.org.br\/site\/wp-content\/uploads\/2019\/03\/logo-novo-IE2018-1.jpg","contentUrl":"https:\/\/www.institutodeengenharia.org.br\/site\/wp-content\/uploads\/2019\/03\/logo-novo-IE2018-1.jpg","width":1486,"height":1879,"caption":"Instituto de Engenharia"},"image":{"@id":"https:\/\/www.institutodeengenharia.org.br\/site\/#\/schema\/logo\/image\/"},"sameAs":["https:\/\/www.facebook.com\/institutodeengenharia","https:\/\/x.com\/iengenharia","https:\/\/www.instagram.com\/institutodeengenharia\/","https:\/\/www.linkedin.com\/company\/instituto-de-engenharia\/","https:\/\/www.youtube.com\/channel\/UCXiCAlsSMe977vamW915HxA"]},{"@type":"Person","@id":"https:\/\/www.institutodeengenharia.org.br\/site\/#\/schema\/person\/593dc356630173a4877a635d3e5fd76b","name":"Isabel","image":{"@type":"ImageObject","inLanguage":"pt-BR","@id":"https:\/\/secure.gravatar.com\/avatar\/f3c521db63ec9db17894f10a88c6a3cf95b2281d7f80eeb3cf3ef1cb091576e7?s=96&d=mm&r=g","url":"https:\/\/secure.gravatar.com\/avatar\/f3c521db63ec9db17894f10a88c6a3cf95b2281d7f80eeb3cf3ef1cb091576e7?s=96&d=mm&r=g","contentUrl":"https:\/\/secure.gravatar.com\/avatar\/f3c521db63ec9db17894f10a88c6a3cf95b2281d7f80eeb3cf3ef1cb091576e7?s=96&d=mm&r=g","caption":"Isabel"},"url":"https:\/\/www.institutodeengenharia.org.br\/site\/author\/comunicacao2\/"}]}},"_links":{"self":[{"href":"https:\/\/www.institutodeengenharia.org.br\/site\/wp-json\/wp\/v2\/posts\/127856","targetHints":{"allow":["GET"]}}],"collection":[{"href":"https:\/\/www.institutodeengenharia.org.br\/site\/wp-json\/wp\/v2\/posts"}],"about":[{"href":"https:\/\/www.institutodeengenharia.org.br\/site\/wp-json\/wp\/v2\/types\/post"}],"author":[{"embeddable":true,"href":"https:\/\/www.institutodeengenharia.org.br\/site\/wp-json\/wp\/v2\/users\/14"}],"replies":[{"embeddable":true,"href":"https:\/\/www.institutodeengenharia.org.br\/site\/wp-json\/wp\/v2\/comments?post=127856"}],"version-history":[{"count":1,"href":"https:\/\/www.institutodeengenharia.org.br\/site\/wp-json\/wp\/v2\/posts\/127856\/revisions"}],"predecessor-version":[{"id":127859,"href":"https:\/\/www.institutodeengenharia.org.br\/site\/wp-json\/wp\/v2\/posts\/127856\/revisions\/127859"}],"wp:featuredmedia":[{"embeddable":true,"href":"https:\/\/www.institutodeengenharia.org.br\/site\/wp-json\/wp\/v2\/media\/127858"}],"wp:attachment":[{"href":"https:\/\/www.institutodeengenharia.org.br\/site\/wp-json\/wp\/v2\/media?parent=127856"}],"wp:term":[{"taxonomy":"category","embeddable":true,"href":"https:\/\/www.institutodeengenharia.org.br\/site\/wp-json\/wp\/v2\/categories?post=127856"},{"taxonomy":"post_tag","embeddable":true,"href":"https:\/\/www.institutodeengenharia.org.br\/site\/wp-json\/wp\/v2\/tags?post=127856"}],"curies":[{"name":"wp","href":"https:\/\/api.w.org\/{rel}","templated":true}]}}