{"id":127840,"date":"2025-04-03T12:42:29","date_gmt":"2025-04-03T15:42:29","guid":{"rendered":"https:\/\/www.institutodeengenharia.org.br\/site\/?p=127840"},"modified":"2025-04-03T12:44:52","modified_gmt":"2025-04-03T15:44:52","slug":"diretor-de-engenharia-do-metro-sp-recebe-nova-diretoria-do-ie","status":"publish","type":"post","link":"https:\/\/www.institutodeengenharia.org.br\/site\/2025\/04\/03\/diretor-de-engenharia-do-metro-sp-recebe-nova-diretoria-do-ie\/","title":{"rendered":"Diretor de Engenharia do Metr\u00f4 SP recebe nova diretoria do IE"},"content":{"rendered":"<p>A nova diretoria do Instituto de Engenharia foi recebida nesta quarta (2), pelo diretor de Engenharia do Metr\u00f4 de S\u00e3o Paulo, Roberto Torres Rodrigues.<\/p>\n<p>Durante o encontro, a diretoria trouxe \u00e0 tona as realiza\u00e7\u00f5es do Metropolitano de S\u00e3o Paulo em 2024 e apresentou sugest\u00f5es de eventos, que ser\u00e3o abordados com mais profundidade em almo\u00e7o marcado para o pr\u00f3ximo m\u00eas de maio.<\/p>\n<p>A segunda edi\u00e7\u00e3o da Semana Nacional da Engenharia, tamb\u00e9m foi tema da reuni\u00e3o.<\/p>\n<p>Estavam presentes do IE, Miriana Marques, VP de Administra\u00e7\u00e3o e Finan\u00e7as, Ivan Whately, VP de Rela\u00e7\u00f5es Externas, Jos\u00e9 Roberto Bernasconi e Alfredo Savelli, ex-presidentes e conselheiros, e Vitor Marques, conselheiro.<\/p>\n","protected":false},"excerpt":{"rendered":"<p>A nova diretoria do Instituto de Engenharia foi recebida nesta quarta (2), pelo diretor de Engenharia do Metr\u00f4 de S\u00e3o Paulo, Roberto Torres Rodrigues. Durante o encontro, a diretoria trouxe \u00e0 tona as realiza\u00e7\u00f5es do Metropolitano de S\u00e3o Paulo em 2024 e apresentou sugest\u00f5es de eventos, que ser\u00e3o abordados com mais profundidade em almo\u00e7o marcado [&hellip;]<\/p>\n","protected":false},"author":14,"featured_media":127841,"comment_status":"open","ping_status":"open","sticky":false,"template":"","format":"standard","meta":{"footnotes":""},"categories":[27,141,6,41],"tags":[],"class_list":{"0":"post-127840","1":"post","2":"type-post","3":"status-publish","4":"format-standard","5":"has-post-thumbnail","7":"category-instituto-de-engenharia","8":"category-noticias-menu","9":"category-noticias","10":"category-transportes"},"yoast_head":"<!-- This site is optimized with the Yoast SEO plugin v27.2 - https:\/\/yoast.com\/product\/yoast-seo-wordpress\/ -->\n<title>Diretor de Engenharia do Metr\u00f4 SP recebe nova diretoria do IE - Instituto de Engenharia<\/title>\n<meta name=\"robots\" content=\"index, follow, max-snippet:-1, max-image-preview:large, max-video-preview:-1\" \/>\n<link rel=\"canonical\" href=\"https:\/\/www.institutodeengenharia.org.br\/site\/2025\/04\/03\/diretor-de-engenharia-do-metro-sp-recebe-nova-diretoria-do-ie\/\" \/>\n<meta property=\"og:locale\" content=\"pt_BR\" \/>\n<meta property=\"og:type\" content=\"article\" \/>\n<meta property=\"og:title\" content=\"Diretor de Engenharia do Metr\u00f4 SP recebe nova diretoria do IE - Instituto de Engenharia\" \/>\n<meta property=\"og:description\" content=\"A nova diretoria do Instituto de Engenharia foi recebida nesta quarta (2), pelo diretor de Engenharia do Metr\u00f4 de S\u00e3o Paulo, Roberto Torres Rodrigues. Durante o encontro, a diretoria trouxe \u00e0 tona as realiza\u00e7\u00f5es do Metropolitano de S\u00e3o Paulo em 2024 e apresentou sugest\u00f5es de eventos, que ser\u00e3o abordados com mais profundidade em almo\u00e7o marcado [&hellip;]\" \/>\n<meta property=\"og:url\" content=\"https:\/\/www.institutodeengenharia.org.br\/site\/2025\/04\/03\/diretor-de-engenharia-do-metro-sp-recebe-nova-diretoria-do-ie\/\" \/>\n<meta property=\"og:site_name\" content=\"Instituto de Engenharia\" \/>\n<meta property=\"article:publisher\" content=\"https:\/\/www.facebook.com\/institutodeengenharia\" \/>\n<meta property=\"article:published_time\" content=\"2025-04-03T15:42:29+00:00\" \/>\n<meta property=\"article:modified_time\" content=\"2025-04-03T15:44:52+00:00\" \/>\n<meta property=\"og:image\" content=\"https:\/\/www.institutodeengenharia.org.br\/site\/wp-content\/uploads\/2025\/04\/WhatsApp-Image-2025-04-02-at-18.27.51.jpeg\" \/>\n\t<meta property=\"og:image:width\" content=\"1600\" \/>\n\t<meta property=\"og:image:height\" content=\"1200\" \/>\n\t<meta property=\"og:image:type\" content=\"image\/jpeg\" \/>\n<meta name=\"author\" content=\"Isabel\" \/>\n<meta name=\"twitter:card\" content=\"summary_large_image\" \/>\n<meta name=\"twitter:creator\" content=\"@iengenharia\" \/>\n<meta name=\"twitter:site\" content=\"@iengenharia\" \/>\n<meta name=\"twitter:label1\" content=\"Escrito por\" \/>\n\t<meta name=\"twitter:data1\" content=\"Isabel\" \/>\n\t<meta name=\"twitter:label2\" content=\"Est. tempo de leitura\" \/>\n\t<meta name=\"twitter:data2\" content=\"1 minuto\" \/>\n<script type=\"application\/ld+json\" class=\"yoast-schema-graph\">{\"@context\":\"https:\/\/schema.org\",\"@graph\":[{\"@type\":\"Article\",\"@id\":\"https:\/\/www.institutodeengenharia.org.br\/site\/2025\/04\/03\/diretor-de-engenharia-do-metro-sp-recebe-nova-diretoria-do-ie\/#article\",\"isPartOf\":{\"@id\":\"https:\/\/www.institutodeengenharia.org.br\/site\/2025\/04\/03\/diretor-de-engenharia-do-metro-sp-recebe-nova-diretoria-do-ie\/\"},\"author\":{\"name\":\"Isabel\",\"@id\":\"https:\/\/www.institutodeengenharia.org.br\/site\/#\/schema\/person\/593dc356630173a4877a635d3e5fd76b\"},\"headline\":\"Diretor de Engenharia do Metr\u00f4 SP recebe nova diretoria do IE\",\"datePublished\":\"2025-04-03T15:42:29+00:00\",\"dateModified\":\"2025-04-03T15:44:52+00:00\",\"mainEntityOfPage\":{\"@id\":\"https:\/\/www.institutodeengenharia.org.br\/site\/2025\/04\/03\/diretor-de-engenharia-do-metro-sp-recebe-nova-diretoria-do-ie\/\"},\"wordCount\":126,\"commentCount\":0,\"publisher\":{\"@id\":\"https:\/\/www.institutodeengenharia.org.br\/site\/#organization\"},\"image\":{\"@id\":\"https:\/\/www.institutodeengenharia.org.br\/site\/2025\/04\/03\/diretor-de-engenharia-do-metro-sp-recebe-nova-diretoria-do-ie\/#primaryimage\"},\"thumbnailUrl\":\"https:\/\/www.institutodeengenharia.org.br\/site\/wp-content\/uploads\/2025\/04\/WhatsApp-Image-2025-04-02-at-18.27.51.jpeg\",\"articleSection\":[\"Instituto de Engenharia\",\"Not\u00edcias\",\"Not\u00edcias\",\"Transportes\"],\"inLanguage\":\"pt-BR\",\"potentialAction\":[{\"@type\":\"CommentAction\",\"name\":\"Comment\",\"target\":[\"https:\/\/www.institutodeengenharia.org.br\/site\/2025\/04\/03\/diretor-de-engenharia-do-metro-sp-recebe-nova-diretoria-do-ie\/#respond\"]}]},{\"@type\":\"WebPage\",\"@id\":\"https:\/\/www.institutodeengenharia.org.br\/site\/2025\/04\/03\/diretor-de-engenharia-do-metro-sp-recebe-nova-diretoria-do-ie\/\",\"url\":\"https:\/\/www.institutodeengenharia.org.br\/site\/2025\/04\/03\/diretor-de-engenharia-do-metro-sp-recebe-nova-diretoria-do-ie\/\",\"name\":\"Diretor de Engenharia do Metr\u00f4 SP recebe nova diretoria do IE - Instituto de Engenharia\",\"isPartOf\":{\"@id\":\"https:\/\/www.institutodeengenharia.org.br\/site\/#website\"},\"primaryImageOfPage\":{\"@id\":\"https:\/\/www.institutodeengenharia.org.br\/site\/2025\/04\/03\/diretor-de-engenharia-do-metro-sp-recebe-nova-diretoria-do-ie\/#primaryimage\"},\"image\":{\"@id\":\"https:\/\/www.institutodeengenharia.org.br\/site\/2025\/04\/03\/diretor-de-engenharia-do-metro-sp-recebe-nova-diretoria-do-ie\/#primaryimage\"},\"thumbnailUrl\":\"https:\/\/www.institutodeengenharia.org.br\/site\/wp-content\/uploads\/2025\/04\/WhatsApp-Image-2025-04-02-at-18.27.51.jpeg\",\"datePublished\":\"2025-04-03T15:42:29+00:00\",\"dateModified\":\"2025-04-03T15:44:52+00:00\",\"breadcrumb\":{\"@id\":\"https:\/\/www.institutodeengenharia.org.br\/site\/2025\/04\/03\/diretor-de-engenharia-do-metro-sp-recebe-nova-diretoria-do-ie\/#breadcrumb\"},\"inLanguage\":\"pt-BR\",\"potentialAction\":[{\"@type\":\"ReadAction\",\"target\":[\"https:\/\/www.institutodeengenharia.org.br\/site\/2025\/04\/03\/diretor-de-engenharia-do-metro-sp-recebe-nova-diretoria-do-ie\/\"]}]},{\"@type\":\"ImageObject\",\"inLanguage\":\"pt-BR\",\"@id\":\"https:\/\/www.institutodeengenharia.org.br\/site\/2025\/04\/03\/diretor-de-engenharia-do-metro-sp-recebe-nova-diretoria-do-ie\/#primaryimage\",\"url\":\"https:\/\/www.institutodeengenharia.org.br\/site\/wp-content\/uploads\/2025\/04\/WhatsApp-Image-2025-04-02-at-18.27.51.jpeg\",\"contentUrl\":\"https:\/\/www.institutodeengenharia.org.br\/site\/wp-content\/uploads\/2025\/04\/WhatsApp-Image-2025-04-02-at-18.27.51.jpeg\",\"width\":1600,\"height\":1200,\"caption\":\"Da esq. p\/ dir.: Alfredo Savelli, Vitor Marques, Roberto Torres Rodrigues, Miriana Marques, Ivan Whately e Jos\u00e9 Roberto Bernasconi\"},{\"@type\":\"BreadcrumbList\",\"@id\":\"https:\/\/www.institutodeengenharia.org.br\/site\/2025\/04\/03\/diretor-de-engenharia-do-metro-sp-recebe-nova-diretoria-do-ie\/#breadcrumb\",\"itemListElement\":[{\"@type\":\"ListItem\",\"position\":1,\"name\":\"In\u00edcio\",\"item\":\"https:\/\/www.institutodeengenharia.org.br\/site\/\"},{\"@type\":\"ListItem\",\"position\":2,\"name\":\"Diretor de Engenharia do Metr\u00f4 SP recebe nova diretoria do IE\"}]},{\"@type\":\"WebSite\",\"@id\":\"https:\/\/www.institutodeengenharia.org.br\/site\/#website\",\"url\":\"https:\/\/www.institutodeengenharia.org.br\/site\/\",\"name\":\"Instituto de Engenharia\",\"description\":\"O Instituto de Engenharia promove a Engenharia em benef\u00edcio do desenvolvimento e da qualidade de vida da sociedade.\",\"publisher\":{\"@id\":\"https:\/\/www.institutodeengenharia.org.br\/site\/#organization\"},\"potentialAction\":[{\"@type\":\"SearchAction\",\"target\":{\"@type\":\"EntryPoint\",\"urlTemplate\":\"https:\/\/www.institutodeengenharia.org.br\/site\/?s={search_term_string}\"},\"query-input\":{\"@type\":\"PropertyValueSpecification\",\"valueRequired\":true,\"valueName\":\"search_term_string\"}}],\"inLanguage\":\"pt-BR\"},{\"@type\":\"Organization\",\"@id\":\"https:\/\/www.institutodeengenharia.org.br\/site\/#organization\",\"name\":\"Instituto de Engenharia\",\"url\":\"https:\/\/www.institutodeengenharia.org.br\/site\/\",\"logo\":{\"@type\":\"ImageObject\",\"inLanguage\":\"pt-BR\",\"@id\":\"https:\/\/www.institutodeengenharia.org.br\/site\/#\/schema\/logo\/image\/\",\"url\":\"https:\/\/www.institutodeengenharia.org.br\/site\/wp-content\/uploads\/2019\/03\/logo-novo-IE2018-1.jpg\",\"contentUrl\":\"https:\/\/www.institutodeengenharia.org.br\/site\/wp-content\/uploads\/2019\/03\/logo-novo-IE2018-1.jpg\",\"width\":1486,\"height\":1879,\"caption\":\"Instituto de Engenharia\"},\"image\":{\"@id\":\"https:\/\/www.institutodeengenharia.org.br\/site\/#\/schema\/logo\/image\/\"},\"sameAs\":[\"https:\/\/www.facebook.com\/institutodeengenharia\",\"https:\/\/x.com\/iengenharia\",\"https:\/\/www.instagram.com\/institutodeengenharia\/\",\"https:\/\/www.linkedin.com\/company\/instituto-de-engenharia\/\",\"https:\/\/www.youtube.com\/channel\/UCXiCAlsSMe977vamW915HxA\"]},{\"@type\":\"Person\",\"@id\":\"https:\/\/www.institutodeengenharia.org.br\/site\/#\/schema\/person\/593dc356630173a4877a635d3e5fd76b\",\"name\":\"Isabel\",\"image\":{\"@type\":\"ImageObject\",\"inLanguage\":\"pt-BR\",\"@id\":\"https:\/\/secure.gravatar.com\/avatar\/f3c521db63ec9db17894f10a88c6a3cf95b2281d7f80eeb3cf3ef1cb091576e7?s=96&d=mm&r=g\",\"url\":\"https:\/\/secure.gravatar.com\/avatar\/f3c521db63ec9db17894f10a88c6a3cf95b2281d7f80eeb3cf3ef1cb091576e7?s=96&d=mm&r=g\",\"contentUrl\":\"https:\/\/secure.gravatar.com\/avatar\/f3c521db63ec9db17894f10a88c6a3cf95b2281d7f80eeb3cf3ef1cb091576e7?s=96&d=mm&r=g\",\"caption\":\"Isabel\"},\"url\":\"https:\/\/www.institutodeengenharia.org.br\/site\/author\/comunicacao2\/\"}]}<\/script>\n<!-- \/ Yoast SEO plugin. -->","yoast_head_json":{"title":"Diretor de Engenharia do Metr\u00f4 SP recebe nova diretoria do IE - Instituto de Engenharia","robots":{"index":"index","follow":"follow","max-snippet":"max-snippet:-1","max-image-preview":"max-image-preview:large","max-video-preview":"max-video-preview:-1"},"canonical":"https:\/\/www.institutodeengenharia.org.br\/site\/2025\/04\/03\/diretor-de-engenharia-do-metro-sp-recebe-nova-diretoria-do-ie\/","og_locale":"pt_BR","og_type":"article","og_title":"Diretor de Engenharia do Metr\u00f4 SP recebe nova diretoria do IE - Instituto de Engenharia","og_description":"A nova diretoria do Instituto de Engenharia foi recebida nesta quarta (2), pelo diretor de Engenharia do Metr\u00f4 de S\u00e3o Paulo, Roberto Torres Rodrigues. Durante o encontro, a diretoria trouxe \u00e0 tona as realiza\u00e7\u00f5es do Metropolitano de S\u00e3o Paulo em 2024 e apresentou sugest\u00f5es de eventos, que ser\u00e3o abordados com mais profundidade em almo\u00e7o marcado [&hellip;]","og_url":"https:\/\/www.institutodeengenharia.org.br\/site\/2025\/04\/03\/diretor-de-engenharia-do-metro-sp-recebe-nova-diretoria-do-ie\/","og_site_name":"Instituto de Engenharia","article_publisher":"https:\/\/www.facebook.com\/institutodeengenharia","article_published_time":"2025-04-03T15:42:29+00:00","article_modified_time":"2025-04-03T15:44:52+00:00","og_image":[{"width":1600,"height":1200,"url":"https:\/\/www.institutodeengenharia.org.br\/site\/wp-content\/uploads\/2025\/04\/WhatsApp-Image-2025-04-02-at-18.27.51.jpeg","type":"image\/jpeg"}],"author":"Isabel","twitter_card":"summary_large_image","twitter_creator":"@iengenharia","twitter_site":"@iengenharia","twitter_misc":{"Escrito por":"Isabel","Est. tempo de leitura":"1 minuto"},"schema":{"@context":"https:\/\/schema.org","@graph":[{"@type":"Article","@id":"https:\/\/www.institutodeengenharia.org.br\/site\/2025\/04\/03\/diretor-de-engenharia-do-metro-sp-recebe-nova-diretoria-do-ie\/#article","isPartOf":{"@id":"https:\/\/www.institutodeengenharia.org.br\/site\/2025\/04\/03\/diretor-de-engenharia-do-metro-sp-recebe-nova-diretoria-do-ie\/"},"author":{"name":"Isabel","@id":"https:\/\/www.institutodeengenharia.org.br\/site\/#\/schema\/person\/593dc356630173a4877a635d3e5fd76b"},"headline":"Diretor de Engenharia do Metr\u00f4 SP recebe nova diretoria do IE","datePublished":"2025-04-03T15:42:29+00:00","dateModified":"2025-04-03T15:44:52+00:00","mainEntityOfPage":{"@id":"https:\/\/www.institutodeengenharia.org.br\/site\/2025\/04\/03\/diretor-de-engenharia-do-metro-sp-recebe-nova-diretoria-do-ie\/"},"wordCount":126,"commentCount":0,"publisher":{"@id":"https:\/\/www.institutodeengenharia.org.br\/site\/#organization"},"image":{"@id":"https:\/\/www.institutodeengenharia.org.br\/site\/2025\/04\/03\/diretor-de-engenharia-do-metro-sp-recebe-nova-diretoria-do-ie\/#primaryimage"},"thumbnailUrl":"https:\/\/www.institutodeengenharia.org.br\/site\/wp-content\/uploads\/2025\/04\/WhatsApp-Image-2025-04-02-at-18.27.51.jpeg","articleSection":["Instituto de Engenharia","Not\u00edcias","Not\u00edcias","Transportes"],"inLanguage":"pt-BR","potentialAction":[{"@type":"CommentAction","name":"Comment","target":["https:\/\/www.institutodeengenharia.org.br\/site\/2025\/04\/03\/diretor-de-engenharia-do-metro-sp-recebe-nova-diretoria-do-ie\/#respond"]}]},{"@type":"WebPage","@id":"https:\/\/www.institutodeengenharia.org.br\/site\/2025\/04\/03\/diretor-de-engenharia-do-metro-sp-recebe-nova-diretoria-do-ie\/","url":"https:\/\/www.institutodeengenharia.org.br\/site\/2025\/04\/03\/diretor-de-engenharia-do-metro-sp-recebe-nova-diretoria-do-ie\/","name":"Diretor de Engenharia do Metr\u00f4 SP recebe nova diretoria do IE - Instituto de Engenharia","isPartOf":{"@id":"https:\/\/www.institutodeengenharia.org.br\/site\/#website"},"primaryImageOfPage":{"@id":"https:\/\/www.institutodeengenharia.org.br\/site\/2025\/04\/03\/diretor-de-engenharia-do-metro-sp-recebe-nova-diretoria-do-ie\/#primaryimage"},"image":{"@id":"https:\/\/www.institutodeengenharia.org.br\/site\/2025\/04\/03\/diretor-de-engenharia-do-metro-sp-recebe-nova-diretoria-do-ie\/#primaryimage"},"thumbnailUrl":"https:\/\/www.institutodeengenharia.org.br\/site\/wp-content\/uploads\/2025\/04\/WhatsApp-Image-2025-04-02-at-18.27.51.jpeg","datePublished":"2025-04-03T15:42:29+00:00","dateModified":"2025-04-03T15:44:52+00:00","breadcrumb":{"@id":"https:\/\/www.institutodeengenharia.org.br\/site\/2025\/04\/03\/diretor-de-engenharia-do-metro-sp-recebe-nova-diretoria-do-ie\/#breadcrumb"},"inLanguage":"pt-BR","potentialAction":[{"@type":"ReadAction","target":["https:\/\/www.institutodeengenharia.org.br\/site\/2025\/04\/03\/diretor-de-engenharia-do-metro-sp-recebe-nova-diretoria-do-ie\/"]}]},{"@type":"ImageObject","inLanguage":"pt-BR","@id":"https:\/\/www.institutodeengenharia.org.br\/site\/2025\/04\/03\/diretor-de-engenharia-do-metro-sp-recebe-nova-diretoria-do-ie\/#primaryimage","url":"https:\/\/www.institutodeengenharia.org.br\/site\/wp-content\/uploads\/2025\/04\/WhatsApp-Image-2025-04-02-at-18.27.51.jpeg","contentUrl":"https:\/\/www.institutodeengenharia.org.br\/site\/wp-content\/uploads\/2025\/04\/WhatsApp-Image-2025-04-02-at-18.27.51.jpeg","width":1600,"height":1200,"caption":"Da esq. p\/ dir.: Alfredo Savelli, Vitor Marques, Roberto Torres Rodrigues, Miriana Marques, Ivan Whately e Jos\u00e9 Roberto Bernasconi"},{"@type":"BreadcrumbList","@id":"https:\/\/www.institutodeengenharia.org.br\/site\/2025\/04\/03\/diretor-de-engenharia-do-metro-sp-recebe-nova-diretoria-do-ie\/#breadcrumb","itemListElement":[{"@type":"ListItem","position":1,"name":"In\u00edcio","item":"https:\/\/www.institutodeengenharia.org.br\/site\/"},{"@type":"ListItem","position":2,"name":"Diretor de Engenharia do Metr\u00f4 SP recebe nova diretoria do IE"}]},{"@type":"WebSite","@id":"https:\/\/www.institutodeengenharia.org.br\/site\/#website","url":"https:\/\/www.institutodeengenharia.org.br\/site\/","name":"Instituto de Engenharia","description":"O Instituto de Engenharia promove a Engenharia em benef\u00edcio do desenvolvimento e da qualidade de vida da sociedade.","publisher":{"@id":"https:\/\/www.institutodeengenharia.org.br\/site\/#organization"},"potentialAction":[{"@type":"SearchAction","target":{"@type":"EntryPoint","urlTemplate":"https:\/\/www.institutodeengenharia.org.br\/site\/?s={search_term_string}"},"query-input":{"@type":"PropertyValueSpecification","valueRequired":true,"valueName":"search_term_string"}}],"inLanguage":"pt-BR"},{"@type":"Organization","@id":"https:\/\/www.institutodeengenharia.org.br\/site\/#organization","name":"Instituto de Engenharia","url":"https:\/\/www.institutodeengenharia.org.br\/site\/","logo":{"@type":"ImageObject","inLanguage":"pt-BR","@id":"https:\/\/www.institutodeengenharia.org.br\/site\/#\/schema\/logo\/image\/","url":"https:\/\/www.institutodeengenharia.org.br\/site\/wp-content\/uploads\/2019\/03\/logo-novo-IE2018-1.jpg","contentUrl":"https:\/\/www.institutodeengenharia.org.br\/site\/wp-content\/uploads\/2019\/03\/logo-novo-IE2018-1.jpg","width":1486,"height":1879,"caption":"Instituto de Engenharia"},"image":{"@id":"https:\/\/www.institutodeengenharia.org.br\/site\/#\/schema\/logo\/image\/"},"sameAs":["https:\/\/www.facebook.com\/institutodeengenharia","https:\/\/x.com\/iengenharia","https:\/\/www.instagram.com\/institutodeengenharia\/","https:\/\/www.linkedin.com\/company\/instituto-de-engenharia\/","https:\/\/www.youtube.com\/channel\/UCXiCAlsSMe977vamW915HxA"]},{"@type":"Person","@id":"https:\/\/www.institutodeengenharia.org.br\/site\/#\/schema\/person\/593dc356630173a4877a635d3e5fd76b","name":"Isabel","image":{"@type":"ImageObject","inLanguage":"pt-BR","@id":"https:\/\/secure.gravatar.com\/avatar\/f3c521db63ec9db17894f10a88c6a3cf95b2281d7f80eeb3cf3ef1cb091576e7?s=96&d=mm&r=g","url":"https:\/\/secure.gravatar.com\/avatar\/f3c521db63ec9db17894f10a88c6a3cf95b2281d7f80eeb3cf3ef1cb091576e7?s=96&d=mm&r=g","contentUrl":"https:\/\/secure.gravatar.com\/avatar\/f3c521db63ec9db17894f10a88c6a3cf95b2281d7f80eeb3cf3ef1cb091576e7?s=96&d=mm&r=g","caption":"Isabel"},"url":"https:\/\/www.institutodeengenharia.org.br\/site\/author\/comunicacao2\/"}]}},"_links":{"self":[{"href":"https:\/\/www.institutodeengenharia.org.br\/site\/wp-json\/wp\/v2\/posts\/127840","targetHints":{"allow":["GET"]}}],"collection":[{"href":"https:\/\/www.institutodeengenharia.org.br\/site\/wp-json\/wp\/v2\/posts"}],"about":[{"href":"https:\/\/www.institutodeengenharia.org.br\/site\/wp-json\/wp\/v2\/types\/post"}],"author":[{"embeddable":true,"href":"https:\/\/www.institutodeengenharia.org.br\/site\/wp-json\/wp\/v2\/users\/14"}],"replies":[{"embeddable":true,"href":"https:\/\/www.institutodeengenharia.org.br\/site\/wp-json\/wp\/v2\/comments?post=127840"}],"version-history":[{"count":2,"href":"https:\/\/www.institutodeengenharia.org.br\/site\/wp-json\/wp\/v2\/posts\/127840\/revisions"}],"predecessor-version":[{"id":127843,"href":"https:\/\/www.institutodeengenharia.org.br\/site\/wp-json\/wp\/v2\/posts\/127840\/revisions\/127843"}],"wp:featuredmedia":[{"embeddable":true,"href":"https:\/\/www.institutodeengenharia.org.br\/site\/wp-json\/wp\/v2\/media\/127841"}],"wp:attachment":[{"href":"https:\/\/www.institutodeengenharia.org.br\/site\/wp-json\/wp\/v2\/media?parent=127840"}],"wp:term":[{"taxonomy":"category","embeddable":true,"href":"https:\/\/www.institutodeengenharia.org.br\/site\/wp-json\/wp\/v2\/categories?post=127840"},{"taxonomy":"post_tag","embeddable":true,"href":"https:\/\/www.institutodeengenharia.org.br\/site\/wp-json\/wp\/v2\/tags?post=127840"}],"curies":[{"name":"wp","href":"https:\/\/api.w.org\/{rel}","templated":true}]}}