{"id":127726,"date":"2025-03-27T12:59:39","date_gmt":"2025-03-27T15:59:39","guid":{"rendered":"https:\/\/www.institutodeengenharia.org.br\/site\/?p=127726"},"modified":"2025-03-28T15:39:46","modified_gmt":"2025-03-28T18:39:46","slug":"secretario-nacional-de-hidrovias-faz-reuniao-tecnica-no-ie","status":"publish","type":"post","link":"https:\/\/www.institutodeengenharia.org.br\/site\/2025\/03\/27\/secretario-nacional-de-hidrovias-faz-reuniao-tecnica-no-ie\/","title":{"rendered":"Secret\u00e1rio Nacional de Hidrovias faz reuni\u00e3o t\u00e9cnica no IE"},"content":{"rendered":"<p>O secret\u00e1rio Nacional de Hidrovias, Dino Antunes Dias Batista, participou nesta quinta (27), de uma reuni\u00e3o com a diretoria do Instituto de Engenharia e membros da Divis\u00e3o T\u00e9cnica de Navega\u00e7\u00e3o Interior e Portos, para discutir um plano para o desenvolvimento da navega\u00e7\u00e3o interior no Brasil.<\/p>\n<p>Participaram, tamb\u00e9m, representantes da Marinha do Brasil, do Instituto de Pesquisas Tecnol\u00f3gicas (IPT), da Associa\u00e7\u00e3o dos Engenheiros e Arquitetos de Santos (AEAS) e do Sindicato das Empresas de Transportes de Carga de S\u00e3o Paulo (Setcesp).<\/p>\n<p>Ao final da reuni\u00e3o, foi combinada a organiza\u00e7\u00e3o de um evento\u00a0 -em uma coopera\u00e7\u00e3o mais efetiva da Secretaria com o Instituto de Engenharia-, para debater, entre outros temas, as quest\u00f5es ambientais que travam a concretiza\u00e7\u00e3o de um plano de navega\u00e7\u00e3o interior seguro e eficiente.<\/p>\n","protected":false},"excerpt":{"rendered":"<p>O secret\u00e1rio Nacional de Hidrovias, Dino Antunes Dias Batista, participou nesta quinta (27), de uma reuni\u00e3o com a diretoria do Instituto de Engenharia e membros da Divis\u00e3o T\u00e9cnica de Navega\u00e7\u00e3o Interior e Portos, para discutir um plano para o desenvolvimento da navega\u00e7\u00e3o interior no Brasil. Participaram, tamb\u00e9m, representantes da Marinha do Brasil, do Instituto de [&hellip;]<\/p>\n","protected":false},"author":14,"featured_media":127729,"comment_status":"open","ping_status":"open","sticky":false,"template":"","format":"standard","meta":{"footnotes":""},"categories":[27,141,6,41],"tags":[],"class_list":{"0":"post-127726","1":"post","2":"type-post","3":"status-publish","4":"format-standard","5":"has-post-thumbnail","7":"category-instituto-de-engenharia","8":"category-noticias-menu","9":"category-noticias","10":"category-transportes"},"yoast_head":"<!-- This site is optimized with the Yoast SEO plugin v27.2 - https:\/\/yoast.com\/product\/yoast-seo-wordpress\/ -->\n<title>Secret\u00e1rio Nacional de Hidrovias faz reuni\u00e3o t\u00e9cnica no IE - Instituto de Engenharia<\/title>\n<meta name=\"robots\" content=\"index, follow, max-snippet:-1, max-image-preview:large, max-video-preview:-1\" \/>\n<link rel=\"canonical\" href=\"https:\/\/www.institutodeengenharia.org.br\/site\/2025\/03\/27\/secretario-nacional-de-hidrovias-faz-reuniao-tecnica-no-ie\/\" \/>\n<meta property=\"og:locale\" content=\"pt_BR\" \/>\n<meta property=\"og:type\" content=\"article\" \/>\n<meta property=\"og:title\" content=\"Secret\u00e1rio Nacional de Hidrovias faz reuni\u00e3o t\u00e9cnica no IE - Instituto de Engenharia\" \/>\n<meta property=\"og:description\" content=\"O secret\u00e1rio Nacional de Hidrovias, Dino Antunes Dias Batista, participou nesta quinta (27), de uma reuni\u00e3o com a diretoria do Instituto de Engenharia e membros da Divis\u00e3o T\u00e9cnica de Navega\u00e7\u00e3o Interior e Portos, para discutir um plano para o desenvolvimento da navega\u00e7\u00e3o interior no Brasil. Participaram, tamb\u00e9m, representantes da Marinha do Brasil, do Instituto de [&hellip;]\" \/>\n<meta property=\"og:url\" content=\"https:\/\/www.institutodeengenharia.org.br\/site\/2025\/03\/27\/secretario-nacional-de-hidrovias-faz-reuniao-tecnica-no-ie\/\" \/>\n<meta property=\"og:site_name\" content=\"Instituto de Engenharia\" \/>\n<meta property=\"article:publisher\" content=\"https:\/\/www.facebook.com\/institutodeengenharia\" \/>\n<meta property=\"article:published_time\" content=\"2025-03-27T15:59:39+00:00\" \/>\n<meta property=\"article:modified_time\" content=\"2025-03-28T18:39:46+00:00\" \/>\n<meta property=\"og:image\" content=\"https:\/\/www.institutodeengenharia.org.br\/site\/wp-content\/uploads\/2025\/03\/Dino-Batista-no-IE-093-1-scaled.jpg\" \/>\n\t<meta property=\"og:image:width\" content=\"2560\" \/>\n\t<meta property=\"og:image:height\" content=\"1141\" \/>\n\t<meta property=\"og:image:type\" content=\"image\/jpeg\" \/>\n<meta name=\"author\" content=\"Isabel\" \/>\n<meta name=\"twitter:card\" content=\"summary_large_image\" \/>\n<meta name=\"twitter:creator\" content=\"@iengenharia\" \/>\n<meta name=\"twitter:site\" content=\"@iengenharia\" \/>\n<meta name=\"twitter:label1\" content=\"Escrito por\" \/>\n\t<meta name=\"twitter:data1\" content=\"Isabel\" \/>\n\t<meta name=\"twitter:label2\" content=\"Est. tempo de leitura\" \/>\n\t<meta name=\"twitter:data2\" content=\"1 minuto\" \/>\n<script type=\"application\/ld+json\" class=\"yoast-schema-graph\">{\"@context\":\"https:\/\/schema.org\",\"@graph\":[{\"@type\":\"Article\",\"@id\":\"https:\/\/www.institutodeengenharia.org.br\/site\/2025\/03\/27\/secretario-nacional-de-hidrovias-faz-reuniao-tecnica-no-ie\/#article\",\"isPartOf\":{\"@id\":\"https:\/\/www.institutodeengenharia.org.br\/site\/2025\/03\/27\/secretario-nacional-de-hidrovias-faz-reuniao-tecnica-no-ie\/\"},\"author\":{\"name\":\"Isabel\",\"@id\":\"https:\/\/www.institutodeengenharia.org.br\/site\/#\/schema\/person\/593dc356630173a4877a635d3e5fd76b\"},\"headline\":\"Secret\u00e1rio Nacional de Hidrovias faz reuni\u00e3o t\u00e9cnica no IE\",\"datePublished\":\"2025-03-27T15:59:39+00:00\",\"dateModified\":\"2025-03-28T18:39:46+00:00\",\"mainEntityOfPage\":{\"@id\":\"https:\/\/www.institutodeengenharia.org.br\/site\/2025\/03\/27\/secretario-nacional-de-hidrovias-faz-reuniao-tecnica-no-ie\/\"},\"wordCount\":151,\"commentCount\":0,\"publisher\":{\"@id\":\"https:\/\/www.institutodeengenharia.org.br\/site\/#organization\"},\"image\":{\"@id\":\"https:\/\/www.institutodeengenharia.org.br\/site\/2025\/03\/27\/secretario-nacional-de-hidrovias-faz-reuniao-tecnica-no-ie\/#primaryimage\"},\"thumbnailUrl\":\"https:\/\/www.institutodeengenharia.org.br\/site\/wp-content\/uploads\/2025\/03\/Dino-Batista-no-IE-093-1-scaled.jpg\",\"articleSection\":[\"Instituto de Engenharia\",\"Not\u00edcias\",\"Not\u00edcias\",\"Transportes\"],\"inLanguage\":\"pt-BR\",\"potentialAction\":[{\"@type\":\"CommentAction\",\"name\":\"Comment\",\"target\":[\"https:\/\/www.institutodeengenharia.org.br\/site\/2025\/03\/27\/secretario-nacional-de-hidrovias-faz-reuniao-tecnica-no-ie\/#respond\"]}]},{\"@type\":\"WebPage\",\"@id\":\"https:\/\/www.institutodeengenharia.org.br\/site\/2025\/03\/27\/secretario-nacional-de-hidrovias-faz-reuniao-tecnica-no-ie\/\",\"url\":\"https:\/\/www.institutodeengenharia.org.br\/site\/2025\/03\/27\/secretario-nacional-de-hidrovias-faz-reuniao-tecnica-no-ie\/\",\"name\":\"Secret\u00e1rio Nacional de Hidrovias faz reuni\u00e3o t\u00e9cnica no IE - Instituto de Engenharia\",\"isPartOf\":{\"@id\":\"https:\/\/www.institutodeengenharia.org.br\/site\/#website\"},\"primaryImageOfPage\":{\"@id\":\"https:\/\/www.institutodeengenharia.org.br\/site\/2025\/03\/27\/secretario-nacional-de-hidrovias-faz-reuniao-tecnica-no-ie\/#primaryimage\"},\"image\":{\"@id\":\"https:\/\/www.institutodeengenharia.org.br\/site\/2025\/03\/27\/secretario-nacional-de-hidrovias-faz-reuniao-tecnica-no-ie\/#primaryimage\"},\"thumbnailUrl\":\"https:\/\/www.institutodeengenharia.org.br\/site\/wp-content\/uploads\/2025\/03\/Dino-Batista-no-IE-093-1-scaled.jpg\",\"datePublished\":\"2025-03-27T15:59:39+00:00\",\"dateModified\":\"2025-03-28T18:39:46+00:00\",\"breadcrumb\":{\"@id\":\"https:\/\/www.institutodeengenharia.org.br\/site\/2025\/03\/27\/secretario-nacional-de-hidrovias-faz-reuniao-tecnica-no-ie\/#breadcrumb\"},\"inLanguage\":\"pt-BR\",\"potentialAction\":[{\"@type\":\"ReadAction\",\"target\":[\"https:\/\/www.institutodeengenharia.org.br\/site\/2025\/03\/27\/secretario-nacional-de-hidrovias-faz-reuniao-tecnica-no-ie\/\"]}]},{\"@type\":\"ImageObject\",\"inLanguage\":\"pt-BR\",\"@id\":\"https:\/\/www.institutodeengenharia.org.br\/site\/2025\/03\/27\/secretario-nacional-de-hidrovias-faz-reuniao-tecnica-no-ie\/#primaryimage\",\"url\":\"https:\/\/www.institutodeengenharia.org.br\/site\/wp-content\/uploads\/2025\/03\/Dino-Batista-no-IE-093-1-scaled.jpg\",\"contentUrl\":\"https:\/\/www.institutodeengenharia.org.br\/site\/wp-content\/uploads\/2025\/03\/Dino-Batista-no-IE-093-1-scaled.jpg\",\"width\":2560,\"height\":1141,\"caption\":\"Da esq. p\/ dir.: Andr\u00e9 Neiva, diretor do Setcesp, Fl\u00e1vio Galv\u00e3o, diretor de Portos da AEAS, Eduardo Lustroza, diretor-Adjunto de Portos AEAS, Jos\u00e9 Wagner Ferreira, coordenador da DT de Navega\u00e7\u00e3o Interior e Portos IE, Rui Camargo, conselheiro IE, Jos\u00e9 Eduardo Jardim, presidente IE, Elisabeth Paes, associada convidada, Dino Antunes, secret\u00e1rio Nacional de Hidrovias, Miriana Marques, VP Adm. Finan\u00e7as IE, Ivan Whately, VP de Atividades T\u00e9cnicas IE, Nic\u00e1cio Satiro Ara\u00fajo, Capit\u00e3o de Mar e Guerra, e Carlos Padovezzi, IPT. Cr\u00e9dito: Marcelo Justo\"},{\"@type\":\"BreadcrumbList\",\"@id\":\"https:\/\/www.institutodeengenharia.org.br\/site\/2025\/03\/27\/secretario-nacional-de-hidrovias-faz-reuniao-tecnica-no-ie\/#breadcrumb\",\"itemListElement\":[{\"@type\":\"ListItem\",\"position\":1,\"name\":\"In\u00edcio\",\"item\":\"https:\/\/www.institutodeengenharia.org.br\/site\/\"},{\"@type\":\"ListItem\",\"position\":2,\"name\":\"Secret\u00e1rio Nacional de Hidrovias faz reuni\u00e3o t\u00e9cnica no IE\"}]},{\"@type\":\"WebSite\",\"@id\":\"https:\/\/www.institutodeengenharia.org.br\/site\/#website\",\"url\":\"https:\/\/www.institutodeengenharia.org.br\/site\/\",\"name\":\"Instituto de Engenharia\",\"description\":\"O Instituto de Engenharia promove a Engenharia em benef\u00edcio do desenvolvimento e da qualidade de vida da sociedade.\",\"publisher\":{\"@id\":\"https:\/\/www.institutodeengenharia.org.br\/site\/#organization\"},\"potentialAction\":[{\"@type\":\"SearchAction\",\"target\":{\"@type\":\"EntryPoint\",\"urlTemplate\":\"https:\/\/www.institutodeengenharia.org.br\/site\/?s={search_term_string}\"},\"query-input\":{\"@type\":\"PropertyValueSpecification\",\"valueRequired\":true,\"valueName\":\"search_term_string\"}}],\"inLanguage\":\"pt-BR\"},{\"@type\":\"Organization\",\"@id\":\"https:\/\/www.institutodeengenharia.org.br\/site\/#organization\",\"name\":\"Instituto de Engenharia\",\"url\":\"https:\/\/www.institutodeengenharia.org.br\/site\/\",\"logo\":{\"@type\":\"ImageObject\",\"inLanguage\":\"pt-BR\",\"@id\":\"https:\/\/www.institutodeengenharia.org.br\/site\/#\/schema\/logo\/image\/\",\"url\":\"https:\/\/www.institutodeengenharia.org.br\/site\/wp-content\/uploads\/2019\/03\/logo-novo-IE2018-1.jpg\",\"contentUrl\":\"https:\/\/www.institutodeengenharia.org.br\/site\/wp-content\/uploads\/2019\/03\/logo-novo-IE2018-1.jpg\",\"width\":1486,\"height\":1879,\"caption\":\"Instituto de Engenharia\"},\"image\":{\"@id\":\"https:\/\/www.institutodeengenharia.org.br\/site\/#\/schema\/logo\/image\/\"},\"sameAs\":[\"https:\/\/www.facebook.com\/institutodeengenharia\",\"https:\/\/x.com\/iengenharia\",\"https:\/\/www.instagram.com\/institutodeengenharia\/\",\"https:\/\/www.linkedin.com\/company\/instituto-de-engenharia\/\",\"https:\/\/www.youtube.com\/channel\/UCXiCAlsSMe977vamW915HxA\"]},{\"@type\":\"Person\",\"@id\":\"https:\/\/www.institutodeengenharia.org.br\/site\/#\/schema\/person\/593dc356630173a4877a635d3e5fd76b\",\"name\":\"Isabel\",\"image\":{\"@type\":\"ImageObject\",\"inLanguage\":\"pt-BR\",\"@id\":\"https:\/\/secure.gravatar.com\/avatar\/f3c521db63ec9db17894f10a88c6a3cf95b2281d7f80eeb3cf3ef1cb091576e7?s=96&d=mm&r=g\",\"url\":\"https:\/\/secure.gravatar.com\/avatar\/f3c521db63ec9db17894f10a88c6a3cf95b2281d7f80eeb3cf3ef1cb091576e7?s=96&d=mm&r=g\",\"contentUrl\":\"https:\/\/secure.gravatar.com\/avatar\/f3c521db63ec9db17894f10a88c6a3cf95b2281d7f80eeb3cf3ef1cb091576e7?s=96&d=mm&r=g\",\"caption\":\"Isabel\"},\"url\":\"https:\/\/www.institutodeengenharia.org.br\/site\/author\/comunicacao2\/\"}]}<\/script>\n<!-- \/ Yoast SEO plugin. -->","yoast_head_json":{"title":"Secret\u00e1rio Nacional de Hidrovias faz reuni\u00e3o t\u00e9cnica no IE - Instituto de Engenharia","robots":{"index":"index","follow":"follow","max-snippet":"max-snippet:-1","max-image-preview":"max-image-preview:large","max-video-preview":"max-video-preview:-1"},"canonical":"https:\/\/www.institutodeengenharia.org.br\/site\/2025\/03\/27\/secretario-nacional-de-hidrovias-faz-reuniao-tecnica-no-ie\/","og_locale":"pt_BR","og_type":"article","og_title":"Secret\u00e1rio Nacional de Hidrovias faz reuni\u00e3o t\u00e9cnica no IE - Instituto de Engenharia","og_description":"O secret\u00e1rio Nacional de Hidrovias, Dino Antunes Dias Batista, participou nesta quinta (27), de uma reuni\u00e3o com a diretoria do Instituto de Engenharia e membros da Divis\u00e3o T\u00e9cnica de Navega\u00e7\u00e3o Interior e Portos, para discutir um plano para o desenvolvimento da navega\u00e7\u00e3o interior no Brasil. Participaram, tamb\u00e9m, representantes da Marinha do Brasil, do Instituto de [&hellip;]","og_url":"https:\/\/www.institutodeengenharia.org.br\/site\/2025\/03\/27\/secretario-nacional-de-hidrovias-faz-reuniao-tecnica-no-ie\/","og_site_name":"Instituto de Engenharia","article_publisher":"https:\/\/www.facebook.com\/institutodeengenharia","article_published_time":"2025-03-27T15:59:39+00:00","article_modified_time":"2025-03-28T18:39:46+00:00","og_image":[{"width":2560,"height":1141,"url":"https:\/\/www.institutodeengenharia.org.br\/site\/wp-content\/uploads\/2025\/03\/Dino-Batista-no-IE-093-1-scaled.jpg","type":"image\/jpeg"}],"author":"Isabel","twitter_card":"summary_large_image","twitter_creator":"@iengenharia","twitter_site":"@iengenharia","twitter_misc":{"Escrito por":"Isabel","Est. tempo de leitura":"1 minuto"},"schema":{"@context":"https:\/\/schema.org","@graph":[{"@type":"Article","@id":"https:\/\/www.institutodeengenharia.org.br\/site\/2025\/03\/27\/secretario-nacional-de-hidrovias-faz-reuniao-tecnica-no-ie\/#article","isPartOf":{"@id":"https:\/\/www.institutodeengenharia.org.br\/site\/2025\/03\/27\/secretario-nacional-de-hidrovias-faz-reuniao-tecnica-no-ie\/"},"author":{"name":"Isabel","@id":"https:\/\/www.institutodeengenharia.org.br\/site\/#\/schema\/person\/593dc356630173a4877a635d3e5fd76b"},"headline":"Secret\u00e1rio Nacional de Hidrovias faz reuni\u00e3o t\u00e9cnica no IE","datePublished":"2025-03-27T15:59:39+00:00","dateModified":"2025-03-28T18:39:46+00:00","mainEntityOfPage":{"@id":"https:\/\/www.institutodeengenharia.org.br\/site\/2025\/03\/27\/secretario-nacional-de-hidrovias-faz-reuniao-tecnica-no-ie\/"},"wordCount":151,"commentCount":0,"publisher":{"@id":"https:\/\/www.institutodeengenharia.org.br\/site\/#organization"},"image":{"@id":"https:\/\/www.institutodeengenharia.org.br\/site\/2025\/03\/27\/secretario-nacional-de-hidrovias-faz-reuniao-tecnica-no-ie\/#primaryimage"},"thumbnailUrl":"https:\/\/www.institutodeengenharia.org.br\/site\/wp-content\/uploads\/2025\/03\/Dino-Batista-no-IE-093-1-scaled.jpg","articleSection":["Instituto de Engenharia","Not\u00edcias","Not\u00edcias","Transportes"],"inLanguage":"pt-BR","potentialAction":[{"@type":"CommentAction","name":"Comment","target":["https:\/\/www.institutodeengenharia.org.br\/site\/2025\/03\/27\/secretario-nacional-de-hidrovias-faz-reuniao-tecnica-no-ie\/#respond"]}]},{"@type":"WebPage","@id":"https:\/\/www.institutodeengenharia.org.br\/site\/2025\/03\/27\/secretario-nacional-de-hidrovias-faz-reuniao-tecnica-no-ie\/","url":"https:\/\/www.institutodeengenharia.org.br\/site\/2025\/03\/27\/secretario-nacional-de-hidrovias-faz-reuniao-tecnica-no-ie\/","name":"Secret\u00e1rio Nacional de Hidrovias faz reuni\u00e3o t\u00e9cnica no IE - Instituto de Engenharia","isPartOf":{"@id":"https:\/\/www.institutodeengenharia.org.br\/site\/#website"},"primaryImageOfPage":{"@id":"https:\/\/www.institutodeengenharia.org.br\/site\/2025\/03\/27\/secretario-nacional-de-hidrovias-faz-reuniao-tecnica-no-ie\/#primaryimage"},"image":{"@id":"https:\/\/www.institutodeengenharia.org.br\/site\/2025\/03\/27\/secretario-nacional-de-hidrovias-faz-reuniao-tecnica-no-ie\/#primaryimage"},"thumbnailUrl":"https:\/\/www.institutodeengenharia.org.br\/site\/wp-content\/uploads\/2025\/03\/Dino-Batista-no-IE-093-1-scaled.jpg","datePublished":"2025-03-27T15:59:39+00:00","dateModified":"2025-03-28T18:39:46+00:00","breadcrumb":{"@id":"https:\/\/www.institutodeengenharia.org.br\/site\/2025\/03\/27\/secretario-nacional-de-hidrovias-faz-reuniao-tecnica-no-ie\/#breadcrumb"},"inLanguage":"pt-BR","potentialAction":[{"@type":"ReadAction","target":["https:\/\/www.institutodeengenharia.org.br\/site\/2025\/03\/27\/secretario-nacional-de-hidrovias-faz-reuniao-tecnica-no-ie\/"]}]},{"@type":"ImageObject","inLanguage":"pt-BR","@id":"https:\/\/www.institutodeengenharia.org.br\/site\/2025\/03\/27\/secretario-nacional-de-hidrovias-faz-reuniao-tecnica-no-ie\/#primaryimage","url":"https:\/\/www.institutodeengenharia.org.br\/site\/wp-content\/uploads\/2025\/03\/Dino-Batista-no-IE-093-1-scaled.jpg","contentUrl":"https:\/\/www.institutodeengenharia.org.br\/site\/wp-content\/uploads\/2025\/03\/Dino-Batista-no-IE-093-1-scaled.jpg","width":2560,"height":1141,"caption":"Da esq. p\/ dir.: Andr\u00e9 Neiva, diretor do Setcesp, Fl\u00e1vio Galv\u00e3o, diretor de Portos da AEAS, Eduardo Lustroza, diretor-Adjunto de Portos AEAS, Jos\u00e9 Wagner Ferreira, coordenador da DT de Navega\u00e7\u00e3o Interior e Portos IE, Rui Camargo, conselheiro IE, Jos\u00e9 Eduardo Jardim, presidente IE, Elisabeth Paes, associada convidada, Dino Antunes, secret\u00e1rio Nacional de Hidrovias, Miriana Marques, VP Adm. Finan\u00e7as IE, Ivan Whately, VP de Atividades T\u00e9cnicas IE, Nic\u00e1cio Satiro Ara\u00fajo, Capit\u00e3o de Mar e Guerra, e Carlos Padovezzi, IPT. Cr\u00e9dito: Marcelo Justo"},{"@type":"BreadcrumbList","@id":"https:\/\/www.institutodeengenharia.org.br\/site\/2025\/03\/27\/secretario-nacional-de-hidrovias-faz-reuniao-tecnica-no-ie\/#breadcrumb","itemListElement":[{"@type":"ListItem","position":1,"name":"In\u00edcio","item":"https:\/\/www.institutodeengenharia.org.br\/site\/"},{"@type":"ListItem","position":2,"name":"Secret\u00e1rio Nacional de Hidrovias faz reuni\u00e3o t\u00e9cnica no IE"}]},{"@type":"WebSite","@id":"https:\/\/www.institutodeengenharia.org.br\/site\/#website","url":"https:\/\/www.institutodeengenharia.org.br\/site\/","name":"Instituto de Engenharia","description":"O Instituto de Engenharia promove a Engenharia em benef\u00edcio do desenvolvimento e da qualidade de vida da sociedade.","publisher":{"@id":"https:\/\/www.institutodeengenharia.org.br\/site\/#organization"},"potentialAction":[{"@type":"SearchAction","target":{"@type":"EntryPoint","urlTemplate":"https:\/\/www.institutodeengenharia.org.br\/site\/?s={search_term_string}"},"query-input":{"@type":"PropertyValueSpecification","valueRequired":true,"valueName":"search_term_string"}}],"inLanguage":"pt-BR"},{"@type":"Organization","@id":"https:\/\/www.institutodeengenharia.org.br\/site\/#organization","name":"Instituto de Engenharia","url":"https:\/\/www.institutodeengenharia.org.br\/site\/","logo":{"@type":"ImageObject","inLanguage":"pt-BR","@id":"https:\/\/www.institutodeengenharia.org.br\/site\/#\/schema\/logo\/image\/","url":"https:\/\/www.institutodeengenharia.org.br\/site\/wp-content\/uploads\/2019\/03\/logo-novo-IE2018-1.jpg","contentUrl":"https:\/\/www.institutodeengenharia.org.br\/site\/wp-content\/uploads\/2019\/03\/logo-novo-IE2018-1.jpg","width":1486,"height":1879,"caption":"Instituto de Engenharia"},"image":{"@id":"https:\/\/www.institutodeengenharia.org.br\/site\/#\/schema\/logo\/image\/"},"sameAs":["https:\/\/www.facebook.com\/institutodeengenharia","https:\/\/x.com\/iengenharia","https:\/\/www.instagram.com\/institutodeengenharia\/","https:\/\/www.linkedin.com\/company\/instituto-de-engenharia\/","https:\/\/www.youtube.com\/channel\/UCXiCAlsSMe977vamW915HxA"]},{"@type":"Person","@id":"https:\/\/www.institutodeengenharia.org.br\/site\/#\/schema\/person\/593dc356630173a4877a635d3e5fd76b","name":"Isabel","image":{"@type":"ImageObject","inLanguage":"pt-BR","@id":"https:\/\/secure.gravatar.com\/avatar\/f3c521db63ec9db17894f10a88c6a3cf95b2281d7f80eeb3cf3ef1cb091576e7?s=96&d=mm&r=g","url":"https:\/\/secure.gravatar.com\/avatar\/f3c521db63ec9db17894f10a88c6a3cf95b2281d7f80eeb3cf3ef1cb091576e7?s=96&d=mm&r=g","contentUrl":"https:\/\/secure.gravatar.com\/avatar\/f3c521db63ec9db17894f10a88c6a3cf95b2281d7f80eeb3cf3ef1cb091576e7?s=96&d=mm&r=g","caption":"Isabel"},"url":"https:\/\/www.institutodeengenharia.org.br\/site\/author\/comunicacao2\/"}]}},"_links":{"self":[{"href":"https:\/\/www.institutodeengenharia.org.br\/site\/wp-json\/wp\/v2\/posts\/127726","targetHints":{"allow":["GET"]}}],"collection":[{"href":"https:\/\/www.institutodeengenharia.org.br\/site\/wp-json\/wp\/v2\/posts"}],"about":[{"href":"https:\/\/www.institutodeengenharia.org.br\/site\/wp-json\/wp\/v2\/types\/post"}],"author":[{"embeddable":true,"href":"https:\/\/www.institutodeengenharia.org.br\/site\/wp-json\/wp\/v2\/users\/14"}],"replies":[{"embeddable":true,"href":"https:\/\/www.institutodeengenharia.org.br\/site\/wp-json\/wp\/v2\/comments?post=127726"}],"version-history":[{"count":2,"href":"https:\/\/www.institutodeengenharia.org.br\/site\/wp-json\/wp\/v2\/posts\/127726\/revisions"}],"predecessor-version":[{"id":127734,"href":"https:\/\/www.institutodeengenharia.org.br\/site\/wp-json\/wp\/v2\/posts\/127726\/revisions\/127734"}],"wp:featuredmedia":[{"embeddable":true,"href":"https:\/\/www.institutodeengenharia.org.br\/site\/wp-json\/wp\/v2\/media\/127729"}],"wp:attachment":[{"href":"https:\/\/www.institutodeengenharia.org.br\/site\/wp-json\/wp\/v2\/media?parent=127726"}],"wp:term":[{"taxonomy":"category","embeddable":true,"href":"https:\/\/www.institutodeengenharia.org.br\/site\/wp-json\/wp\/v2\/categories?post=127726"},{"taxonomy":"post_tag","embeddable":true,"href":"https:\/\/www.institutodeengenharia.org.br\/site\/wp-json\/wp\/v2\/tags?post=127726"}],"curies":[{"name":"wp","href":"https:\/\/api.w.org\/{rel}","templated":true}]}}