{"id":127710,"date":"2025-04-01T10:20:33","date_gmt":"2025-04-01T13:20:33","guid":{"rendered":"https:\/\/www.institutodeengenharia.org.br\/site\/?p=127710"},"modified":"2025-04-08T11:52:32","modified_gmt":"2025-04-08T14:52:32","slug":"nova-diretoria-do-instituto-de-engenharia-gestao-2025-2027-e-empossada","status":"publish","type":"post","link":"https:\/\/www.institutodeengenharia.org.br\/site\/2025\/04\/01\/nova-diretoria-do-instituto-de-engenharia-gestao-2025-2027-e-empossada\/","title":{"rendered":"Empossada nova diretoria do Instituto de Engenharia &#8211; gest\u00e3o 2025\/2026"},"content":{"rendered":"<p>Nesta quinta-feira (27), durante reuni\u00e3o do Conselho Deliberativo, houve a homologa\u00e7\u00e3o e posse administrativa da nova Diretoria Executiva do Instituto de Engenharia -gest\u00e3o 2025\/2026, assim como a renova\u00e7\u00e3o dos quinze conselheiros do Conselho Deliberativo; <span data-olk-copy-source=\"MessageBody\">Conselho Fiscal e suplente do Conselho Fiscal <\/span>.<\/p>\n<p><img loading=\"lazy\" decoding=\"async\" class=\"wp-image-127718 alignleft\" src=\"https:\/\/www.institutodeengenharia.org.br\/site\/wp-content\/uploads\/2025\/03\/Jose-Eduardo-Jardim-scaled.jpg\" alt=\"\" width=\"128\" height=\"192\" srcset=\"https:\/\/www.institutodeengenharia.org.br\/site\/wp-content\/uploads\/2025\/03\/Jose-Eduardo-Jardim-scaled.jpg 1707w, https:\/\/www.institutodeengenharia.org.br\/site\/wp-content\/uploads\/2025\/03\/Jose-Eduardo-Jardim-200x300.jpg 200w, https:\/\/www.institutodeengenharia.org.br\/site\/wp-content\/uploads\/2025\/03\/Jose-Eduardo-Jardim-683x1024.jpg 683w, https:\/\/www.institutodeengenharia.org.br\/site\/wp-content\/uploads\/2025\/03\/Jose-Eduardo-Jardim-768x1152.jpg 768w, https:\/\/www.institutodeengenharia.org.br\/site\/wp-content\/uploads\/2025\/03\/Jose-Eduardo-Jardim-1024x1536.jpg 1024w, https:\/\/www.institutodeengenharia.org.br\/site\/wp-content\/uploads\/2025\/03\/Jose-Eduardo-Jardim-1365x2048.jpg 1365w, https:\/\/www.institutodeengenharia.org.br\/site\/wp-content\/uploads\/2025\/03\/Jose-Eduardo-Jardim-280x420.jpg 280w, https:\/\/www.institutodeengenharia.org.br\/site\/wp-content\/uploads\/2025\/03\/Jose-Eduardo-Jardim-696x1044.jpg 696w, https:\/\/www.institutodeengenharia.org.br\/site\/wp-content\/uploads\/2025\/03\/Jose-Eduardo-Jardim-1068x1602.jpg 1068w, https:\/\/www.institutodeengenharia.org.br\/site\/wp-content\/uploads\/2025\/03\/Jose-Eduardo-Jardim-1920x2880.jpg 1920w, https:\/\/www.institutodeengenharia.org.br\/site\/wp-content\/uploads\/2025\/03\/Jose-Eduardo-Jardim-600x900.jpg 600w\" sizes=\"auto, (max-width: 128px) 100vw, 128px\" \/>Jos\u00e9 Eduardo Frasc\u00e1 Poyares Jardim foi reeleito presidente. Engenheiro Civil pela Escola Polit\u00e9cnica da USP, \u00e9 associado ao Instituto de Engenharia desde 1961. \u00c9 presidente do Conselho Deliberativo e membro do Conselho Consultivo; representante do Instituto de Engenharia no DECONCIC &#8211; FIESP e no Grupo Reformar para Mudar. Na Associa\u00e7\u00e3o Comercial de S\u00e3o Paulo (ACSP) \u00e9 membro do Conselho Consultivo.<\/p>\n<p>Desenvolveu atividades na Constru\u00e7\u00e3o Civil. Foi s\u00f3cio-fundador das empresas Intech Engenharia Ltda., da empresa Cluster de Bioenergia S.A., da qual \u00e9 atualmente presidente do Conselho de Administra\u00e7\u00e3o, e da empresa Starfish Oil &amp; Gas S.A., da qual foi diretor e presidente do Conselho de Administra\u00e7\u00e3o.<\/p>\n<p>Na Azevedo &amp; Travassos S.A. exerceu diversas atividades, entre elas diretor, vice-presidente da Diretoria e vice-presidente do Conselho de Administra\u00e7\u00e3o. Na Azevedo &amp; Travassos Petr\u00f3leo S.A., exerceu atividades desde sua funda\u00e7\u00e3o, da qual foi diretor-superintendente at\u00e9 julho de 1996. A empresa foi a primeira companhia privada brasileira a executar prospec\u00e7\u00e3o de petr\u00f3leo em Contratos de Risco no Brasil.<\/p>\n<figure id=\"attachment_127713\" aria-describedby=\"caption-attachment-127713\" style=\"width: 1436px\" class=\"wp-caption alignnone\"><img loading=\"lazy\" decoding=\"async\" class=\"wp-image-127713 size-full\" src=\"https:\/\/www.institutodeengenharia.org.br\/site\/wp-content\/uploads\/2025\/03\/WhatsApp-Image-2025-03-28-at-10.28.42.jpeg\" alt=\"\" width=\"1436\" height=\"625\" srcset=\"https:\/\/www.institutodeengenharia.org.br\/site\/wp-content\/uploads\/2025\/03\/WhatsApp-Image-2025-03-28-at-10.28.42.jpeg 1436w, https:\/\/www.institutodeengenharia.org.br\/site\/wp-content\/uploads\/2025\/03\/WhatsApp-Image-2025-03-28-at-10.28.42-300x131.jpeg 300w, https:\/\/www.institutodeengenharia.org.br\/site\/wp-content\/uploads\/2025\/03\/WhatsApp-Image-2025-03-28-at-10.28.42-1024x446.jpeg 1024w, https:\/\/www.institutodeengenharia.org.br\/site\/wp-content\/uploads\/2025\/03\/WhatsApp-Image-2025-03-28-at-10.28.42-768x334.jpeg 768w, https:\/\/www.institutodeengenharia.org.br\/site\/wp-content\/uploads\/2025\/03\/WhatsApp-Image-2025-03-28-at-10.28.42-965x420.jpeg 965w, https:\/\/www.institutodeengenharia.org.br\/site\/wp-content\/uploads\/2025\/03\/WhatsApp-Image-2025-03-28-at-10.28.42-696x303.jpeg 696w, https:\/\/www.institutodeengenharia.org.br\/site\/wp-content\/uploads\/2025\/03\/WhatsApp-Image-2025-03-28-at-10.28.42-1068x465.jpeg 1068w, https:\/\/www.institutodeengenharia.org.br\/site\/wp-content\/uploads\/2025\/03\/WhatsApp-Image-2025-03-28-at-10.28.42-600x261.jpeg 600w\" sizes=\"auto, (max-width: 1436px) 100vw, 1436px\" \/><figcaption id=\"caption-attachment-127713\" class=\"wp-caption-text\">Diretoria e conselheiros<\/figcaption><\/figure>\n<p><strong>Conhe\u00e7a os demais empossados:<\/strong><\/p>\n<p><strong>Vice-presidente de Administra\u00e7\u00e3o e Finan\u00e7as<\/strong><br \/>\nMiriana Pereira Marques<\/p>\n<p><strong>Vice-presidente de Atividades T\u00e9cnicas<\/strong><br \/>\nJer\u00f4nimo Cabral P. Fagundes Neto<\/p>\n<p><strong>Vice-presidente de Rela\u00e7\u00f5es Externas<\/strong><br \/>\nIvan Metran Whately<br \/>\n<strong><br \/>\nVice-presidente de Assuntos Internos<\/strong><br \/>\nLawrence Chung Koo<\/p>\n<p><strong>Primeira Diretora-Secret\u00e1ria<\/strong><br \/>\nEny Kaori Uono Sanchez<\/p>\n<p><strong>Segundo Diretor-Secret\u00e1rio<\/strong><br \/>\nFernando Jos\u00e9 de Campos Marsiglia<\/p>\n<p><strong>Primeiro Diretor-Financeiro<\/strong><br \/>\nElcio Kazuaki Niwa<\/p>\n<p><strong>Segundo Diretor-Financeiro<\/strong><br \/>\nConstanzio Facci Ticeu<br \/>\n<strong><br \/>\nConselho Fiscal<\/strong><br \/>\nAristeu Zensaburo Nakamura<br \/>\nMarcos Augusto Toassa Fontealba<br \/>\nMiguel Tadeu Campos Morata<\/p>\n<p><strong>Suplente do Conselho Fiscal<\/strong><br \/>\nAurea Lucia Vendramin Georgi<\/p>\n<p><strong>Quinze membros do Conselho Deliberativo<\/strong><\/p>\n<p>Adalberto Febeliano da Costa Filho<br \/>\nAlfredo Mario Savelli<br \/>\nAlfredo Petrilli Junior<br \/>\nAluizio Guimaraes Cupertino<br \/>\nAmandio Martins<br \/>\nAngelo Sebastiao Zanini<br \/>\nCarlos Pereira de Magalhaes Neto<br \/>\nFlavia Bartkevicius Cruz<br \/>\nGeorge Paulus Pereira Dias<br \/>\nLuiz Felipe Proost De Souza<br \/>\nMarcelo Stachow Machado da Silva<br \/>\nMassimo Andrea Giavina Bianchi<br \/>\nNatalia Linhares<br \/>\nRoberto Massaru<br \/>\nVinicius Silva Caruso<\/p>\n<p><strong>Suplentes Conselho Deliberativo<\/strong><br \/>\nHabib Georges Jarrouge Neto<br \/>\nValter Boulos<\/p>\n<h4 style=\"text-align: center;\"><strong><a href=\"https:\/\/www.flickr.com\/photos\/157391345@N08\/albums\/72177720324716726\">Clique aqui <\/a>e confira as imagens da posse\u00a0<\/strong><\/h4>\n","protected":false},"excerpt":{"rendered":"<p>Nesta quinta-feira (27), durante reuni\u00e3o do Conselho Deliberativo, houve a homologa\u00e7\u00e3o e posse administrativa da nova Diretoria Executiva do Instituto de Engenharia -gest\u00e3o 2025\/2026, assim como a renova\u00e7\u00e3o dos quinze conselheiros do Conselho Deliberativo; Conselho Fiscal e suplente do Conselho Fiscal . Jos\u00e9 Eduardo Frasc\u00e1 Poyares Jardim foi reeleito presidente. Engenheiro Civil pela Escola Polit\u00e9cnica [&hellip;]<\/p>\n","protected":false},"author":14,"featured_media":127711,"comment_status":"open","ping_status":"open","sticky":false,"template":"","format":"standard","meta":{"footnotes":""},"categories":[27,6],"tags":[201],"class_list":{"0":"post-127710","1":"post","2":"type-post","3":"status-publish","4":"format-standard","5":"has-post-thumbnail","7":"category-instituto-de-engenharia","8":"category-noticias","9":"tag-destaque-topo"},"yoast_head":"<!-- This site is optimized with the Yoast SEO plugin v27.2 - https:\/\/yoast.com\/product\/yoast-seo-wordpress\/ -->\n<title>Empossada nova diretoria do Instituto de Engenharia - gest\u00e3o 2025\/2026 - Instituto de Engenharia<\/title>\n<meta name=\"robots\" content=\"index, follow, max-snippet:-1, max-image-preview:large, max-video-preview:-1\" \/>\n<link rel=\"canonical\" href=\"https:\/\/www.institutodeengenharia.org.br\/site\/2025\/04\/01\/nova-diretoria-do-instituto-de-engenharia-gestao-2025-2027-e-empossada\/\" \/>\n<meta property=\"og:locale\" content=\"pt_BR\" \/>\n<meta property=\"og:type\" content=\"article\" \/>\n<meta property=\"og:title\" content=\"Empossada nova diretoria do Instituto de Engenharia - gest\u00e3o 2025\/2026 - Instituto de Engenharia\" \/>\n<meta property=\"og:description\" content=\"Nesta quinta-feira (27), durante reuni\u00e3o do Conselho Deliberativo, houve a homologa\u00e7\u00e3o e posse administrativa da nova Diretoria Executiva do Instituto de Engenharia -gest\u00e3o 2025\/2026, assim como a renova\u00e7\u00e3o dos quinze conselheiros do Conselho Deliberativo; Conselho Fiscal e suplente do Conselho Fiscal . Jos\u00e9 Eduardo Frasc\u00e1 Poyares Jardim foi reeleito presidente. Engenheiro Civil pela Escola Polit\u00e9cnica [&hellip;]\" \/>\n<meta property=\"og:url\" content=\"https:\/\/www.institutodeengenharia.org.br\/site\/2025\/04\/01\/nova-diretoria-do-instituto-de-engenharia-gestao-2025-2027-e-empossada\/\" \/>\n<meta property=\"og:site_name\" content=\"Instituto de Engenharia\" \/>\n<meta property=\"article:publisher\" content=\"https:\/\/www.facebook.com\/institutodeengenharia\" \/>\n<meta property=\"article:published_time\" content=\"2025-04-01T13:20:33+00:00\" \/>\n<meta property=\"article:modified_time\" content=\"2025-04-08T14:52:32+00:00\" \/>\n<meta property=\"og:image\" content=\"https:\/\/www.institutodeengenharia.org.br\/site\/wp-content\/uploads\/2025\/03\/WhatsApp-Image-2025-03-28-at-10.27.46.jpeg\" \/>\n\t<meta property=\"og:image:width\" content=\"1600\" \/>\n\t<meta property=\"og:image:height\" content=\"1200\" \/>\n\t<meta property=\"og:image:type\" content=\"image\/jpeg\" \/>\n<meta name=\"author\" content=\"Isabel\" \/>\n<meta name=\"twitter:card\" content=\"summary_large_image\" \/>\n<meta name=\"twitter:creator\" content=\"@iengenharia\" \/>\n<meta name=\"twitter:site\" content=\"@iengenharia\" \/>\n<meta name=\"twitter:label1\" content=\"Escrito por\" \/>\n\t<meta name=\"twitter:data1\" content=\"Isabel\" \/>\n\t<meta name=\"twitter:label2\" content=\"Est. tempo de leitura\" \/>\n\t<meta name=\"twitter:data2\" content=\"3 minutos\" \/>\n<script type=\"application\/ld+json\" class=\"yoast-schema-graph\">{\"@context\":\"https:\/\/schema.org\",\"@graph\":[{\"@type\":\"Article\",\"@id\":\"https:\/\/www.institutodeengenharia.org.br\/site\/2025\/04\/01\/nova-diretoria-do-instituto-de-engenharia-gestao-2025-2027-e-empossada\/#article\",\"isPartOf\":{\"@id\":\"https:\/\/www.institutodeengenharia.org.br\/site\/2025\/04\/01\/nova-diretoria-do-instituto-de-engenharia-gestao-2025-2027-e-empossada\/\"},\"author\":{\"name\":\"Isabel\",\"@id\":\"https:\/\/www.institutodeengenharia.org.br\/site\/#\/schema\/person\/593dc356630173a4877a635d3e5fd76b\"},\"headline\":\"Empossada nova diretoria do Instituto de Engenharia &#8211; gest\u00e3o 2025\/2026\",\"datePublished\":\"2025-04-01T13:20:33+00:00\",\"dateModified\":\"2025-04-08T14:52:32+00:00\",\"mainEntityOfPage\":{\"@id\":\"https:\/\/www.institutodeengenharia.org.br\/site\/2025\/04\/01\/nova-diretoria-do-instituto-de-engenharia-gestao-2025-2027-e-empossada\/\"},\"wordCount\":397,\"commentCount\":0,\"publisher\":{\"@id\":\"https:\/\/www.institutodeengenharia.org.br\/site\/#organization\"},\"image\":{\"@id\":\"https:\/\/www.institutodeengenharia.org.br\/site\/2025\/04\/01\/nova-diretoria-do-instituto-de-engenharia-gestao-2025-2027-e-empossada\/#primaryimage\"},\"thumbnailUrl\":\"https:\/\/www.institutodeengenharia.org.br\/site\/wp-content\/uploads\/2025\/03\/WhatsApp-Image-2025-03-28-at-10.27.46.jpeg\",\"keywords\":[\"Destaque Topo\"],\"articleSection\":[\"Instituto de Engenharia\",\"Not\u00edcias\"],\"inLanguage\":\"pt-BR\",\"potentialAction\":[{\"@type\":\"CommentAction\",\"name\":\"Comment\",\"target\":[\"https:\/\/www.institutodeengenharia.org.br\/site\/2025\/04\/01\/nova-diretoria-do-instituto-de-engenharia-gestao-2025-2027-e-empossada\/#respond\"]}]},{\"@type\":\"WebPage\",\"@id\":\"https:\/\/www.institutodeengenharia.org.br\/site\/2025\/04\/01\/nova-diretoria-do-instituto-de-engenharia-gestao-2025-2027-e-empossada\/\",\"url\":\"https:\/\/www.institutodeengenharia.org.br\/site\/2025\/04\/01\/nova-diretoria-do-instituto-de-engenharia-gestao-2025-2027-e-empossada\/\",\"name\":\"Empossada nova diretoria do Instituto de Engenharia - gest\u00e3o 2025\/2026 - Instituto de Engenharia\",\"isPartOf\":{\"@id\":\"https:\/\/www.institutodeengenharia.org.br\/site\/#website\"},\"primaryImageOfPage\":{\"@id\":\"https:\/\/www.institutodeengenharia.org.br\/site\/2025\/04\/01\/nova-diretoria-do-instituto-de-engenharia-gestao-2025-2027-e-empossada\/#primaryimage\"},\"image\":{\"@id\":\"https:\/\/www.institutodeengenharia.org.br\/site\/2025\/04\/01\/nova-diretoria-do-instituto-de-engenharia-gestao-2025-2027-e-empossada\/#primaryimage\"},\"thumbnailUrl\":\"https:\/\/www.institutodeengenharia.org.br\/site\/wp-content\/uploads\/2025\/03\/WhatsApp-Image-2025-03-28-at-10.27.46.jpeg\",\"datePublished\":\"2025-04-01T13:20:33+00:00\",\"dateModified\":\"2025-04-08T14:52:32+00:00\",\"breadcrumb\":{\"@id\":\"https:\/\/www.institutodeengenharia.org.br\/site\/2025\/04\/01\/nova-diretoria-do-instituto-de-engenharia-gestao-2025-2027-e-empossada\/#breadcrumb\"},\"inLanguage\":\"pt-BR\",\"potentialAction\":[{\"@type\":\"ReadAction\",\"target\":[\"https:\/\/www.institutodeengenharia.org.br\/site\/2025\/04\/01\/nova-diretoria-do-instituto-de-engenharia-gestao-2025-2027-e-empossada\/\"]}]},{\"@type\":\"ImageObject\",\"inLanguage\":\"pt-BR\",\"@id\":\"https:\/\/www.institutodeengenharia.org.br\/site\/2025\/04\/01\/nova-diretoria-do-instituto-de-engenharia-gestao-2025-2027-e-empossada\/#primaryimage\",\"url\":\"https:\/\/www.institutodeengenharia.org.br\/site\/wp-content\/uploads\/2025\/03\/WhatsApp-Image-2025-03-28-at-10.27.46.jpeg\",\"contentUrl\":\"https:\/\/www.institutodeengenharia.org.br\/site\/wp-content\/uploads\/2025\/03\/WhatsApp-Image-2025-03-28-at-10.27.46.jpeg\",\"width\":1600,\"height\":1200,\"caption\":\"Diretoria Executiva. Da esq. p\/ dir.: Jer\u00f4nimo Cabral, Elcio Kazuake, Cosntanzio Facci, Eny Sanchez, Jos\u00e9 Eduardo Jardim, Miriana Marques, Ivan Whately, Fernando Marsiglia e Lawrence Koo.\"},{\"@type\":\"BreadcrumbList\",\"@id\":\"https:\/\/www.institutodeengenharia.org.br\/site\/2025\/04\/01\/nova-diretoria-do-instituto-de-engenharia-gestao-2025-2027-e-empossada\/#breadcrumb\",\"itemListElement\":[{\"@type\":\"ListItem\",\"position\":1,\"name\":\"In\u00edcio\",\"item\":\"https:\/\/www.institutodeengenharia.org.br\/site\/\"},{\"@type\":\"ListItem\",\"position\":2,\"name\":\"Empossada nova diretoria do Instituto de Engenharia &#8211; gest\u00e3o 2025\/2026\"}]},{\"@type\":\"WebSite\",\"@id\":\"https:\/\/www.institutodeengenharia.org.br\/site\/#website\",\"url\":\"https:\/\/www.institutodeengenharia.org.br\/site\/\",\"name\":\"Instituto de Engenharia\",\"description\":\"O Instituto de Engenharia promove a Engenharia em benef\u00edcio do desenvolvimento e da qualidade de vida da sociedade.\",\"publisher\":{\"@id\":\"https:\/\/www.institutodeengenharia.org.br\/site\/#organization\"},\"potentialAction\":[{\"@type\":\"SearchAction\",\"target\":{\"@type\":\"EntryPoint\",\"urlTemplate\":\"https:\/\/www.institutodeengenharia.org.br\/site\/?s={search_term_string}\"},\"query-input\":{\"@type\":\"PropertyValueSpecification\",\"valueRequired\":true,\"valueName\":\"search_term_string\"}}],\"inLanguage\":\"pt-BR\"},{\"@type\":\"Organization\",\"@id\":\"https:\/\/www.institutodeengenharia.org.br\/site\/#organization\",\"name\":\"Instituto de Engenharia\",\"url\":\"https:\/\/www.institutodeengenharia.org.br\/site\/\",\"logo\":{\"@type\":\"ImageObject\",\"inLanguage\":\"pt-BR\",\"@id\":\"https:\/\/www.institutodeengenharia.org.br\/site\/#\/schema\/logo\/image\/\",\"url\":\"https:\/\/www.institutodeengenharia.org.br\/site\/wp-content\/uploads\/2019\/03\/logo-novo-IE2018-1.jpg\",\"contentUrl\":\"https:\/\/www.institutodeengenharia.org.br\/site\/wp-content\/uploads\/2019\/03\/logo-novo-IE2018-1.jpg\",\"width\":1486,\"height\":1879,\"caption\":\"Instituto de Engenharia\"},\"image\":{\"@id\":\"https:\/\/www.institutodeengenharia.org.br\/site\/#\/schema\/logo\/image\/\"},\"sameAs\":[\"https:\/\/www.facebook.com\/institutodeengenharia\",\"https:\/\/x.com\/iengenharia\",\"https:\/\/www.instagram.com\/institutodeengenharia\/\",\"https:\/\/www.linkedin.com\/company\/instituto-de-engenharia\/\",\"https:\/\/www.youtube.com\/channel\/UCXiCAlsSMe977vamW915HxA\"]},{\"@type\":\"Person\",\"@id\":\"https:\/\/www.institutodeengenharia.org.br\/site\/#\/schema\/person\/593dc356630173a4877a635d3e5fd76b\",\"name\":\"Isabel\",\"image\":{\"@type\":\"ImageObject\",\"inLanguage\":\"pt-BR\",\"@id\":\"https:\/\/secure.gravatar.com\/avatar\/f3c521db63ec9db17894f10a88c6a3cf95b2281d7f80eeb3cf3ef1cb091576e7?s=96&d=mm&r=g\",\"url\":\"https:\/\/secure.gravatar.com\/avatar\/f3c521db63ec9db17894f10a88c6a3cf95b2281d7f80eeb3cf3ef1cb091576e7?s=96&d=mm&r=g\",\"contentUrl\":\"https:\/\/secure.gravatar.com\/avatar\/f3c521db63ec9db17894f10a88c6a3cf95b2281d7f80eeb3cf3ef1cb091576e7?s=96&d=mm&r=g\",\"caption\":\"Isabel\"},\"url\":\"https:\/\/www.institutodeengenharia.org.br\/site\/author\/comunicacao2\/\"}]}<\/script>\n<!-- \/ Yoast SEO plugin. -->","yoast_head_json":{"title":"Empossada nova diretoria do Instituto de Engenharia - gest\u00e3o 2025\/2026 - Instituto de Engenharia","robots":{"index":"index","follow":"follow","max-snippet":"max-snippet:-1","max-image-preview":"max-image-preview:large","max-video-preview":"max-video-preview:-1"},"canonical":"https:\/\/www.institutodeengenharia.org.br\/site\/2025\/04\/01\/nova-diretoria-do-instituto-de-engenharia-gestao-2025-2027-e-empossada\/","og_locale":"pt_BR","og_type":"article","og_title":"Empossada nova diretoria do Instituto de Engenharia - gest\u00e3o 2025\/2026 - Instituto de Engenharia","og_description":"Nesta quinta-feira (27), durante reuni\u00e3o do Conselho Deliberativo, houve a homologa\u00e7\u00e3o e posse administrativa da nova Diretoria Executiva do Instituto de Engenharia -gest\u00e3o 2025\/2026, assim como a renova\u00e7\u00e3o dos quinze conselheiros do Conselho Deliberativo; Conselho Fiscal e suplente do Conselho Fiscal . Jos\u00e9 Eduardo Frasc\u00e1 Poyares Jardim foi reeleito presidente. Engenheiro Civil pela Escola Polit\u00e9cnica [&hellip;]","og_url":"https:\/\/www.institutodeengenharia.org.br\/site\/2025\/04\/01\/nova-diretoria-do-instituto-de-engenharia-gestao-2025-2027-e-empossada\/","og_site_name":"Instituto de Engenharia","article_publisher":"https:\/\/www.facebook.com\/institutodeengenharia","article_published_time":"2025-04-01T13:20:33+00:00","article_modified_time":"2025-04-08T14:52:32+00:00","og_image":[{"width":1600,"height":1200,"url":"https:\/\/www.institutodeengenharia.org.br\/site\/wp-content\/uploads\/2025\/03\/WhatsApp-Image-2025-03-28-at-10.27.46.jpeg","type":"image\/jpeg"}],"author":"Isabel","twitter_card":"summary_large_image","twitter_creator":"@iengenharia","twitter_site":"@iengenharia","twitter_misc":{"Escrito por":"Isabel","Est. tempo de leitura":"3 minutos"},"schema":{"@context":"https:\/\/schema.org","@graph":[{"@type":"Article","@id":"https:\/\/www.institutodeengenharia.org.br\/site\/2025\/04\/01\/nova-diretoria-do-instituto-de-engenharia-gestao-2025-2027-e-empossada\/#article","isPartOf":{"@id":"https:\/\/www.institutodeengenharia.org.br\/site\/2025\/04\/01\/nova-diretoria-do-instituto-de-engenharia-gestao-2025-2027-e-empossada\/"},"author":{"name":"Isabel","@id":"https:\/\/www.institutodeengenharia.org.br\/site\/#\/schema\/person\/593dc356630173a4877a635d3e5fd76b"},"headline":"Empossada nova diretoria do Instituto de Engenharia &#8211; gest\u00e3o 2025\/2026","datePublished":"2025-04-01T13:20:33+00:00","dateModified":"2025-04-08T14:52:32+00:00","mainEntityOfPage":{"@id":"https:\/\/www.institutodeengenharia.org.br\/site\/2025\/04\/01\/nova-diretoria-do-instituto-de-engenharia-gestao-2025-2027-e-empossada\/"},"wordCount":397,"commentCount":0,"publisher":{"@id":"https:\/\/www.institutodeengenharia.org.br\/site\/#organization"},"image":{"@id":"https:\/\/www.institutodeengenharia.org.br\/site\/2025\/04\/01\/nova-diretoria-do-instituto-de-engenharia-gestao-2025-2027-e-empossada\/#primaryimage"},"thumbnailUrl":"https:\/\/www.institutodeengenharia.org.br\/site\/wp-content\/uploads\/2025\/03\/WhatsApp-Image-2025-03-28-at-10.27.46.jpeg","keywords":["Destaque Topo"],"articleSection":["Instituto de Engenharia","Not\u00edcias"],"inLanguage":"pt-BR","potentialAction":[{"@type":"CommentAction","name":"Comment","target":["https:\/\/www.institutodeengenharia.org.br\/site\/2025\/04\/01\/nova-diretoria-do-instituto-de-engenharia-gestao-2025-2027-e-empossada\/#respond"]}]},{"@type":"WebPage","@id":"https:\/\/www.institutodeengenharia.org.br\/site\/2025\/04\/01\/nova-diretoria-do-instituto-de-engenharia-gestao-2025-2027-e-empossada\/","url":"https:\/\/www.institutodeengenharia.org.br\/site\/2025\/04\/01\/nova-diretoria-do-instituto-de-engenharia-gestao-2025-2027-e-empossada\/","name":"Empossada nova diretoria do Instituto de Engenharia - gest\u00e3o 2025\/2026 - Instituto de Engenharia","isPartOf":{"@id":"https:\/\/www.institutodeengenharia.org.br\/site\/#website"},"primaryImageOfPage":{"@id":"https:\/\/www.institutodeengenharia.org.br\/site\/2025\/04\/01\/nova-diretoria-do-instituto-de-engenharia-gestao-2025-2027-e-empossada\/#primaryimage"},"image":{"@id":"https:\/\/www.institutodeengenharia.org.br\/site\/2025\/04\/01\/nova-diretoria-do-instituto-de-engenharia-gestao-2025-2027-e-empossada\/#primaryimage"},"thumbnailUrl":"https:\/\/www.institutodeengenharia.org.br\/site\/wp-content\/uploads\/2025\/03\/WhatsApp-Image-2025-03-28-at-10.27.46.jpeg","datePublished":"2025-04-01T13:20:33+00:00","dateModified":"2025-04-08T14:52:32+00:00","breadcrumb":{"@id":"https:\/\/www.institutodeengenharia.org.br\/site\/2025\/04\/01\/nova-diretoria-do-instituto-de-engenharia-gestao-2025-2027-e-empossada\/#breadcrumb"},"inLanguage":"pt-BR","potentialAction":[{"@type":"ReadAction","target":["https:\/\/www.institutodeengenharia.org.br\/site\/2025\/04\/01\/nova-diretoria-do-instituto-de-engenharia-gestao-2025-2027-e-empossada\/"]}]},{"@type":"ImageObject","inLanguage":"pt-BR","@id":"https:\/\/www.institutodeengenharia.org.br\/site\/2025\/04\/01\/nova-diretoria-do-instituto-de-engenharia-gestao-2025-2027-e-empossada\/#primaryimage","url":"https:\/\/www.institutodeengenharia.org.br\/site\/wp-content\/uploads\/2025\/03\/WhatsApp-Image-2025-03-28-at-10.27.46.jpeg","contentUrl":"https:\/\/www.institutodeengenharia.org.br\/site\/wp-content\/uploads\/2025\/03\/WhatsApp-Image-2025-03-28-at-10.27.46.jpeg","width":1600,"height":1200,"caption":"Diretoria Executiva. Da esq. p\/ dir.: Jer\u00f4nimo Cabral, Elcio Kazuake, Cosntanzio Facci, Eny Sanchez, Jos\u00e9 Eduardo Jardim, Miriana Marques, Ivan Whately, Fernando Marsiglia e Lawrence Koo."},{"@type":"BreadcrumbList","@id":"https:\/\/www.institutodeengenharia.org.br\/site\/2025\/04\/01\/nova-diretoria-do-instituto-de-engenharia-gestao-2025-2027-e-empossada\/#breadcrumb","itemListElement":[{"@type":"ListItem","position":1,"name":"In\u00edcio","item":"https:\/\/www.institutodeengenharia.org.br\/site\/"},{"@type":"ListItem","position":2,"name":"Empossada nova diretoria do Instituto de Engenharia &#8211; gest\u00e3o 2025\/2026"}]},{"@type":"WebSite","@id":"https:\/\/www.institutodeengenharia.org.br\/site\/#website","url":"https:\/\/www.institutodeengenharia.org.br\/site\/","name":"Instituto de Engenharia","description":"O Instituto de Engenharia promove a Engenharia em benef\u00edcio do desenvolvimento e da qualidade de vida da sociedade.","publisher":{"@id":"https:\/\/www.institutodeengenharia.org.br\/site\/#organization"},"potentialAction":[{"@type":"SearchAction","target":{"@type":"EntryPoint","urlTemplate":"https:\/\/www.institutodeengenharia.org.br\/site\/?s={search_term_string}"},"query-input":{"@type":"PropertyValueSpecification","valueRequired":true,"valueName":"search_term_string"}}],"inLanguage":"pt-BR"},{"@type":"Organization","@id":"https:\/\/www.institutodeengenharia.org.br\/site\/#organization","name":"Instituto de Engenharia","url":"https:\/\/www.institutodeengenharia.org.br\/site\/","logo":{"@type":"ImageObject","inLanguage":"pt-BR","@id":"https:\/\/www.institutodeengenharia.org.br\/site\/#\/schema\/logo\/image\/","url":"https:\/\/www.institutodeengenharia.org.br\/site\/wp-content\/uploads\/2019\/03\/logo-novo-IE2018-1.jpg","contentUrl":"https:\/\/www.institutodeengenharia.org.br\/site\/wp-content\/uploads\/2019\/03\/logo-novo-IE2018-1.jpg","width":1486,"height":1879,"caption":"Instituto de Engenharia"},"image":{"@id":"https:\/\/www.institutodeengenharia.org.br\/site\/#\/schema\/logo\/image\/"},"sameAs":["https:\/\/www.facebook.com\/institutodeengenharia","https:\/\/x.com\/iengenharia","https:\/\/www.instagram.com\/institutodeengenharia\/","https:\/\/www.linkedin.com\/company\/instituto-de-engenharia\/","https:\/\/www.youtube.com\/channel\/UCXiCAlsSMe977vamW915HxA"]},{"@type":"Person","@id":"https:\/\/www.institutodeengenharia.org.br\/site\/#\/schema\/person\/593dc356630173a4877a635d3e5fd76b","name":"Isabel","image":{"@type":"ImageObject","inLanguage":"pt-BR","@id":"https:\/\/secure.gravatar.com\/avatar\/f3c521db63ec9db17894f10a88c6a3cf95b2281d7f80eeb3cf3ef1cb091576e7?s=96&d=mm&r=g","url":"https:\/\/secure.gravatar.com\/avatar\/f3c521db63ec9db17894f10a88c6a3cf95b2281d7f80eeb3cf3ef1cb091576e7?s=96&d=mm&r=g","contentUrl":"https:\/\/secure.gravatar.com\/avatar\/f3c521db63ec9db17894f10a88c6a3cf95b2281d7f80eeb3cf3ef1cb091576e7?s=96&d=mm&r=g","caption":"Isabel"},"url":"https:\/\/www.institutodeengenharia.org.br\/site\/author\/comunicacao2\/"}]}},"_links":{"self":[{"href":"https:\/\/www.institutodeengenharia.org.br\/site\/wp-json\/wp\/v2\/posts\/127710","targetHints":{"allow":["GET"]}}],"collection":[{"href":"https:\/\/www.institutodeengenharia.org.br\/site\/wp-json\/wp\/v2\/posts"}],"about":[{"href":"https:\/\/www.institutodeengenharia.org.br\/site\/wp-json\/wp\/v2\/types\/post"}],"author":[{"embeddable":true,"href":"https:\/\/www.institutodeengenharia.org.br\/site\/wp-json\/wp\/v2\/users\/14"}],"replies":[{"embeddable":true,"href":"https:\/\/www.institutodeengenharia.org.br\/site\/wp-json\/wp\/v2\/comments?post=127710"}],"version-history":[{"count":9,"href":"https:\/\/www.institutodeengenharia.org.br\/site\/wp-json\/wp\/v2\/posts\/127710\/revisions"}],"predecessor-version":[{"id":127926,"href":"https:\/\/www.institutodeengenharia.org.br\/site\/wp-json\/wp\/v2\/posts\/127710\/revisions\/127926"}],"wp:featuredmedia":[{"embeddable":true,"href":"https:\/\/www.institutodeengenharia.org.br\/site\/wp-json\/wp\/v2\/media\/127711"}],"wp:attachment":[{"href":"https:\/\/www.institutodeengenharia.org.br\/site\/wp-json\/wp\/v2\/media?parent=127710"}],"wp:term":[{"taxonomy":"category","embeddable":true,"href":"https:\/\/www.institutodeengenharia.org.br\/site\/wp-json\/wp\/v2\/categories?post=127710"},{"taxonomy":"post_tag","embeddable":true,"href":"https:\/\/www.institutodeengenharia.org.br\/site\/wp-json\/wp\/v2\/tags?post=127710"}],"curies":[{"name":"wp","href":"https:\/\/api.w.org\/{rel}","templated":true}]}}