{"id":127520,"date":"2025-03-24T19:33:38","date_gmt":"2025-03-24T22:33:38","guid":{"rendered":"https:\/\/www.institutodeengenharia.org.br\/site\/?p=127520"},"modified":"2025-03-24T20:21:23","modified_gmt":"2025-03-24T23:21:23","slug":"eleicoes-gerais-2025-confira-os-eleitos","status":"publish","type":"post","link":"https:\/\/www.institutodeengenharia.org.br\/site\/2025\/03\/24\/eleicoes-gerais-2025-confira-os-eleitos\/","title":{"rendered":"Elei\u00e7\u00f5es Gerais 2025 &#8211; Confira os eleitos"},"content":{"rendered":"<p style=\"text-align: left;\">Conhe\u00e7a a diretoria eleita para a gest\u00e3o 2025\/2027 do Instituto de Engenharia, assim como os quinze membros eleitos para o Conselho Deliberativo e os eleitos para o Conselho Fiscal.<br \/>\nNo pr\u00f3ximo dia 27, ocorre a homologa\u00e7\u00e3o dos eleitos pelo Conselho Deliberativo, seguida da posse administrativa.<\/p>\n<p><strong>Presidente<\/strong><br \/>\nJos\u00e9 Eduardo Frasc\u00e1 Poyares Jardim<\/p>\n<p><strong>Vice-presidente de Administra\u00e7\u00e3o e Finan\u00e7as<\/strong><br \/>\nMiriana Pereira Marques<\/p>\n<p><strong>Vice-presidente de Atividades T\u00e9cnicas<\/strong><br \/>\nJer\u00f4nimo Cabral P. Fagundes Neto<\/p>\n<p><strong>Vice-presid\u00eancia de Rela\u00e7\u00f5es Externas<\/strong><br \/>\nIvan Metran Whately<br \/>\n<strong><br \/>\nVice-presid\u00eancia de Assuntos Internos<\/strong><br \/>\nLawrence Chung Koo<\/p>\n<p><strong>Primeira Diretora-Secret\u00e1ria<\/strong><br \/>\nEny Kaori Uono Sanches<\/p>\n<p><strong>Segundo Diretor-Secret\u00e1rio<\/strong><br \/>\nFernando Jos\u00e9 de Campos Marsiglia<\/p>\n<p><strong>Primeiro Diretor-Financeiro<\/strong><br \/>\nElcio Kazuaki Niwa<\/p>\n<p><strong>Segundo Diretor-Financeiro<\/strong><br \/>\nConstanzio Facci Ticeu<br \/>\n<strong><br \/>\nConselheiros do Conselho Fiscal, por ordem de vota\u00e7\u00e3o<\/strong><br \/>\nAristeu Zensaburo Nakamura<br \/>\nMiguel Tadeu Campos Morata<br \/>\nMarcos Augusto Toassa Fontealba<\/p>\n<p><strong>Suplente do Conselho Fiscal<\/strong><br \/>\nAurea Lucia Vendramin Georgi<\/p>\n<p><strong>Quinze membros do Conselho Deliberativo, por ordem de vota\u00e7\u00e3o<\/strong><\/p>\n<p>Alfredo Mario Savelli<br \/>\nAmandio Martins<br \/>\nFlavia Bartkevicius Cruz<br \/>\nNatalia Linhares<br \/>\nLuiz Felipe Proost De Souza<br \/>\nCarlos Pereira de Magalhaes Neto<br \/>\nAluizio Guimaraes Cupertino<br \/>\nRoberto Massaru Watanabe<br \/>\nAngelo Sebastiao Zanini<br \/>\nMassimo Andrea Giavina Bianchi<br \/>\nAdalberto Febeliano da Costa Filho<br \/>\nAlfredo Petrilli Junior<br \/>\nVinicius Silva Caruso<br \/>\nGeorge Paulus Pereira Dias<br \/>\nMarcelo Stachow Machado da Silva<\/p>\n<p><strong>Suplentes Conselho Deliberativo<\/strong><br \/>\nValter Boulos<br \/>\nHabib Georges Jarrouge Neto<\/p>\n","protected":false},"excerpt":{"rendered":"<p>Conhe\u00e7a a diretoria eleita para a gest\u00e3o 2025\/2027 do Instituto de Engenharia, assim como os quinze membros eleitos para o Conselho Deliberativo e os eleitos para o Conselho Fiscal. No pr\u00f3ximo dia 27, ocorre a homologa\u00e7\u00e3o dos eleitos pelo Conselho Deliberativo, seguida da posse administrativa. Presidente Jos\u00e9 Eduardo Frasc\u00e1 Poyares Jardim Vice-presidente de Administra\u00e7\u00e3o e [&hellip;]<\/p>\n","protected":false},"author":14,"featured_media":126888,"comment_status":"open","ping_status":"open","sticky":false,"template":"","format":"standard","meta":{"footnotes":""},"categories":[1479,27,141],"tags":[201],"class_list":{"0":"post-127520","1":"post","2":"type-post","3":"status-publish","4":"format-standard","5":"has-post-thumbnail","7":"category-eleicoes-instituto-de-engenharia","8":"category-instituto-de-engenharia","9":"category-noticias-menu","10":"tag-destaque-topo"},"yoast_head":"<!-- This site is optimized with the Yoast SEO plugin v27.2 - https:\/\/yoast.com\/product\/yoast-seo-wordpress\/ -->\n<title>Elei\u00e7\u00f5es Gerais 2025 - Confira os eleitos - Instituto de Engenharia<\/title>\n<meta name=\"robots\" content=\"index, follow, max-snippet:-1, max-image-preview:large, max-video-preview:-1\" \/>\n<link rel=\"canonical\" href=\"https:\/\/www.institutodeengenharia.org.br\/site\/2025\/03\/24\/eleicoes-gerais-2025-confira-os-eleitos\/\" \/>\n<meta property=\"og:locale\" content=\"pt_BR\" \/>\n<meta property=\"og:type\" content=\"article\" \/>\n<meta property=\"og:title\" content=\"Elei\u00e7\u00f5es Gerais 2025 - Confira os eleitos - Instituto de Engenharia\" \/>\n<meta property=\"og:description\" content=\"Conhe\u00e7a a diretoria eleita para a gest\u00e3o 2025\/2027 do Instituto de Engenharia, assim como os quinze membros eleitos para o Conselho Deliberativo e os eleitos para o Conselho Fiscal. No pr\u00f3ximo dia 27, ocorre a homologa\u00e7\u00e3o dos eleitos pelo Conselho Deliberativo, seguida da posse administrativa. Presidente Jos\u00e9 Eduardo Frasc\u00e1 Poyares Jardim Vice-presidente de Administra\u00e7\u00e3o e [&hellip;]\" \/>\n<meta property=\"og:url\" content=\"https:\/\/www.institutodeengenharia.org.br\/site\/2025\/03\/24\/eleicoes-gerais-2025-confira-os-eleitos\/\" \/>\n<meta property=\"og:site_name\" content=\"Instituto de Engenharia\" \/>\n<meta property=\"article:publisher\" content=\"https:\/\/www.facebook.com\/institutodeengenharia\" \/>\n<meta property=\"article:published_time\" content=\"2025-03-24T22:33:38+00:00\" \/>\n<meta property=\"article:modified_time\" content=\"2025-03-24T23:21:23+00:00\" \/>\n<meta property=\"og:image\" content=\"https:\/\/www.institutodeengenharia.org.br\/site\/wp-content\/uploads\/2025\/03\/Eleicoes-2025-1.png\" \/>\n\t<meta property=\"og:image:width\" content=\"509\" \/>\n\t<meta property=\"og:image:height\" content=\"356\" \/>\n\t<meta property=\"og:image:type\" content=\"image\/png\" \/>\n<meta name=\"author\" content=\"Isabel\" \/>\n<meta name=\"twitter:card\" content=\"summary_large_image\" \/>\n<meta name=\"twitter:creator\" content=\"@iengenharia\" \/>\n<meta name=\"twitter:site\" content=\"@iengenharia\" \/>\n<meta name=\"twitter:label1\" content=\"Escrito por\" \/>\n\t<meta name=\"twitter:data1\" content=\"Isabel\" \/>\n\t<meta name=\"twitter:label2\" content=\"Est. tempo de leitura\" \/>\n\t<meta name=\"twitter:data2\" content=\"2 minutos\" \/>\n<script type=\"application\/ld+json\" class=\"yoast-schema-graph\">{\"@context\":\"https:\/\/schema.org\",\"@graph\":[{\"@type\":\"Article\",\"@id\":\"https:\/\/www.institutodeengenharia.org.br\/site\/2025\/03\/24\/eleicoes-gerais-2025-confira-os-eleitos\/#article\",\"isPartOf\":{\"@id\":\"https:\/\/www.institutodeengenharia.org.br\/site\/2025\/03\/24\/eleicoes-gerais-2025-confira-os-eleitos\/\"},\"author\":{\"name\":\"Isabel\",\"@id\":\"https:\/\/www.institutodeengenharia.org.br\/site\/#\/schema\/person\/593dc356630173a4877a635d3e5fd76b\"},\"headline\":\"Elei\u00e7\u00f5es Gerais 2025 &#8211; Confira os eleitos\",\"datePublished\":\"2025-03-24T22:33:38+00:00\",\"dateModified\":\"2025-03-24T23:21:23+00:00\",\"mainEntityOfPage\":{\"@id\":\"https:\/\/www.institutodeengenharia.org.br\/site\/2025\/03\/24\/eleicoes-gerais-2025-confira-os-eleitos\/\"},\"wordCount\":223,\"commentCount\":0,\"publisher\":{\"@id\":\"https:\/\/www.institutodeengenharia.org.br\/site\/#organization\"},\"image\":{\"@id\":\"https:\/\/www.institutodeengenharia.org.br\/site\/2025\/03\/24\/eleicoes-gerais-2025-confira-os-eleitos\/#primaryimage\"},\"thumbnailUrl\":\"https:\/\/www.institutodeengenharia.org.br\/site\/wp-content\/uploads\/2025\/03\/Eleicoes-2025-1.png\",\"keywords\":[\"Destaque Topo\"],\"articleSection\":[\"Elei\u00e7\u00f5es Instituto de Engenharia\",\"Instituto de Engenharia\",\"Not\u00edcias\"],\"inLanguage\":\"pt-BR\",\"potentialAction\":[{\"@type\":\"CommentAction\",\"name\":\"Comment\",\"target\":[\"https:\/\/www.institutodeengenharia.org.br\/site\/2025\/03\/24\/eleicoes-gerais-2025-confira-os-eleitos\/#respond\"]}]},{\"@type\":\"WebPage\",\"@id\":\"https:\/\/www.institutodeengenharia.org.br\/site\/2025\/03\/24\/eleicoes-gerais-2025-confira-os-eleitos\/\",\"url\":\"https:\/\/www.institutodeengenharia.org.br\/site\/2025\/03\/24\/eleicoes-gerais-2025-confira-os-eleitos\/\",\"name\":\"Elei\u00e7\u00f5es Gerais 2025 - Confira os eleitos - Instituto de Engenharia\",\"isPartOf\":{\"@id\":\"https:\/\/www.institutodeengenharia.org.br\/site\/#website\"},\"primaryImageOfPage\":{\"@id\":\"https:\/\/www.institutodeengenharia.org.br\/site\/2025\/03\/24\/eleicoes-gerais-2025-confira-os-eleitos\/#primaryimage\"},\"image\":{\"@id\":\"https:\/\/www.institutodeengenharia.org.br\/site\/2025\/03\/24\/eleicoes-gerais-2025-confira-os-eleitos\/#primaryimage\"},\"thumbnailUrl\":\"https:\/\/www.institutodeengenharia.org.br\/site\/wp-content\/uploads\/2025\/03\/Eleicoes-2025-1.png\",\"datePublished\":\"2025-03-24T22:33:38+00:00\",\"dateModified\":\"2025-03-24T23:21:23+00:00\",\"breadcrumb\":{\"@id\":\"https:\/\/www.institutodeengenharia.org.br\/site\/2025\/03\/24\/eleicoes-gerais-2025-confira-os-eleitos\/#breadcrumb\"},\"inLanguage\":\"pt-BR\",\"potentialAction\":[{\"@type\":\"ReadAction\",\"target\":[\"https:\/\/www.institutodeengenharia.org.br\/site\/2025\/03\/24\/eleicoes-gerais-2025-confira-os-eleitos\/\"]}]},{\"@type\":\"ImageObject\",\"inLanguage\":\"pt-BR\",\"@id\":\"https:\/\/www.institutodeengenharia.org.br\/site\/2025\/03\/24\/eleicoes-gerais-2025-confira-os-eleitos\/#primaryimage\",\"url\":\"https:\/\/www.institutodeengenharia.org.br\/site\/wp-content\/uploads\/2025\/03\/Eleicoes-2025-1.png\",\"contentUrl\":\"https:\/\/www.institutodeengenharia.org.br\/site\/wp-content\/uploads\/2025\/03\/Eleicoes-2025-1.png\",\"width\":509,\"height\":356},{\"@type\":\"BreadcrumbList\",\"@id\":\"https:\/\/www.institutodeengenharia.org.br\/site\/2025\/03\/24\/eleicoes-gerais-2025-confira-os-eleitos\/#breadcrumb\",\"itemListElement\":[{\"@type\":\"ListItem\",\"position\":1,\"name\":\"In\u00edcio\",\"item\":\"https:\/\/www.institutodeengenharia.org.br\/site\/\"},{\"@type\":\"ListItem\",\"position\":2,\"name\":\"Elei\u00e7\u00f5es Gerais 2025 &#8211; Confira os eleitos\"}]},{\"@type\":\"WebSite\",\"@id\":\"https:\/\/www.institutodeengenharia.org.br\/site\/#website\",\"url\":\"https:\/\/www.institutodeengenharia.org.br\/site\/\",\"name\":\"Instituto de Engenharia\",\"description\":\"O Instituto de Engenharia promove a Engenharia em benef\u00edcio do desenvolvimento e da qualidade de vida da sociedade.\",\"publisher\":{\"@id\":\"https:\/\/www.institutodeengenharia.org.br\/site\/#organization\"},\"potentialAction\":[{\"@type\":\"SearchAction\",\"target\":{\"@type\":\"EntryPoint\",\"urlTemplate\":\"https:\/\/www.institutodeengenharia.org.br\/site\/?s={search_term_string}\"},\"query-input\":{\"@type\":\"PropertyValueSpecification\",\"valueRequired\":true,\"valueName\":\"search_term_string\"}}],\"inLanguage\":\"pt-BR\"},{\"@type\":\"Organization\",\"@id\":\"https:\/\/www.institutodeengenharia.org.br\/site\/#organization\",\"name\":\"Instituto de Engenharia\",\"url\":\"https:\/\/www.institutodeengenharia.org.br\/site\/\",\"logo\":{\"@type\":\"ImageObject\",\"inLanguage\":\"pt-BR\",\"@id\":\"https:\/\/www.institutodeengenharia.org.br\/site\/#\/schema\/logo\/image\/\",\"url\":\"https:\/\/www.institutodeengenharia.org.br\/site\/wp-content\/uploads\/2019\/03\/logo-novo-IE2018-1.jpg\",\"contentUrl\":\"https:\/\/www.institutodeengenharia.org.br\/site\/wp-content\/uploads\/2019\/03\/logo-novo-IE2018-1.jpg\",\"width\":1486,\"height\":1879,\"caption\":\"Instituto de Engenharia\"},\"image\":{\"@id\":\"https:\/\/www.institutodeengenharia.org.br\/site\/#\/schema\/logo\/image\/\"},\"sameAs\":[\"https:\/\/www.facebook.com\/institutodeengenharia\",\"https:\/\/x.com\/iengenharia\",\"https:\/\/www.instagram.com\/institutodeengenharia\/\",\"https:\/\/www.linkedin.com\/company\/instituto-de-engenharia\/\",\"https:\/\/www.youtube.com\/channel\/UCXiCAlsSMe977vamW915HxA\"]},{\"@type\":\"Person\",\"@id\":\"https:\/\/www.institutodeengenharia.org.br\/site\/#\/schema\/person\/593dc356630173a4877a635d3e5fd76b\",\"name\":\"Isabel\",\"image\":{\"@type\":\"ImageObject\",\"inLanguage\":\"pt-BR\",\"@id\":\"https:\/\/secure.gravatar.com\/avatar\/f3c521db63ec9db17894f10a88c6a3cf95b2281d7f80eeb3cf3ef1cb091576e7?s=96&d=mm&r=g\",\"url\":\"https:\/\/secure.gravatar.com\/avatar\/f3c521db63ec9db17894f10a88c6a3cf95b2281d7f80eeb3cf3ef1cb091576e7?s=96&d=mm&r=g\",\"contentUrl\":\"https:\/\/secure.gravatar.com\/avatar\/f3c521db63ec9db17894f10a88c6a3cf95b2281d7f80eeb3cf3ef1cb091576e7?s=96&d=mm&r=g\",\"caption\":\"Isabel\"},\"url\":\"https:\/\/www.institutodeengenharia.org.br\/site\/author\/comunicacao2\/\"}]}<\/script>\n<!-- \/ Yoast SEO plugin. -->","yoast_head_json":{"title":"Elei\u00e7\u00f5es Gerais 2025 - Confira os eleitos - Instituto de Engenharia","robots":{"index":"index","follow":"follow","max-snippet":"max-snippet:-1","max-image-preview":"max-image-preview:large","max-video-preview":"max-video-preview:-1"},"canonical":"https:\/\/www.institutodeengenharia.org.br\/site\/2025\/03\/24\/eleicoes-gerais-2025-confira-os-eleitos\/","og_locale":"pt_BR","og_type":"article","og_title":"Elei\u00e7\u00f5es Gerais 2025 - Confira os eleitos - Instituto de Engenharia","og_description":"Conhe\u00e7a a diretoria eleita para a gest\u00e3o 2025\/2027 do Instituto de Engenharia, assim como os quinze membros eleitos para o Conselho Deliberativo e os eleitos para o Conselho Fiscal. No pr\u00f3ximo dia 27, ocorre a homologa\u00e7\u00e3o dos eleitos pelo Conselho Deliberativo, seguida da posse administrativa. Presidente Jos\u00e9 Eduardo Frasc\u00e1 Poyares Jardim Vice-presidente de Administra\u00e7\u00e3o e [&hellip;]","og_url":"https:\/\/www.institutodeengenharia.org.br\/site\/2025\/03\/24\/eleicoes-gerais-2025-confira-os-eleitos\/","og_site_name":"Instituto de Engenharia","article_publisher":"https:\/\/www.facebook.com\/institutodeengenharia","article_published_time":"2025-03-24T22:33:38+00:00","article_modified_time":"2025-03-24T23:21:23+00:00","og_image":[{"width":509,"height":356,"url":"https:\/\/www.institutodeengenharia.org.br\/site\/wp-content\/uploads\/2025\/03\/Eleicoes-2025-1.png","type":"image\/png"}],"author":"Isabel","twitter_card":"summary_large_image","twitter_creator":"@iengenharia","twitter_site":"@iengenharia","twitter_misc":{"Escrito por":"Isabel","Est. tempo de leitura":"2 minutos"},"schema":{"@context":"https:\/\/schema.org","@graph":[{"@type":"Article","@id":"https:\/\/www.institutodeengenharia.org.br\/site\/2025\/03\/24\/eleicoes-gerais-2025-confira-os-eleitos\/#article","isPartOf":{"@id":"https:\/\/www.institutodeengenharia.org.br\/site\/2025\/03\/24\/eleicoes-gerais-2025-confira-os-eleitos\/"},"author":{"name":"Isabel","@id":"https:\/\/www.institutodeengenharia.org.br\/site\/#\/schema\/person\/593dc356630173a4877a635d3e5fd76b"},"headline":"Elei\u00e7\u00f5es Gerais 2025 &#8211; Confira os eleitos","datePublished":"2025-03-24T22:33:38+00:00","dateModified":"2025-03-24T23:21:23+00:00","mainEntityOfPage":{"@id":"https:\/\/www.institutodeengenharia.org.br\/site\/2025\/03\/24\/eleicoes-gerais-2025-confira-os-eleitos\/"},"wordCount":223,"commentCount":0,"publisher":{"@id":"https:\/\/www.institutodeengenharia.org.br\/site\/#organization"},"image":{"@id":"https:\/\/www.institutodeengenharia.org.br\/site\/2025\/03\/24\/eleicoes-gerais-2025-confira-os-eleitos\/#primaryimage"},"thumbnailUrl":"https:\/\/www.institutodeengenharia.org.br\/site\/wp-content\/uploads\/2025\/03\/Eleicoes-2025-1.png","keywords":["Destaque Topo"],"articleSection":["Elei\u00e7\u00f5es Instituto de Engenharia","Instituto de Engenharia","Not\u00edcias"],"inLanguage":"pt-BR","potentialAction":[{"@type":"CommentAction","name":"Comment","target":["https:\/\/www.institutodeengenharia.org.br\/site\/2025\/03\/24\/eleicoes-gerais-2025-confira-os-eleitos\/#respond"]}]},{"@type":"WebPage","@id":"https:\/\/www.institutodeengenharia.org.br\/site\/2025\/03\/24\/eleicoes-gerais-2025-confira-os-eleitos\/","url":"https:\/\/www.institutodeengenharia.org.br\/site\/2025\/03\/24\/eleicoes-gerais-2025-confira-os-eleitos\/","name":"Elei\u00e7\u00f5es Gerais 2025 - Confira os eleitos - Instituto de Engenharia","isPartOf":{"@id":"https:\/\/www.institutodeengenharia.org.br\/site\/#website"},"primaryImageOfPage":{"@id":"https:\/\/www.institutodeengenharia.org.br\/site\/2025\/03\/24\/eleicoes-gerais-2025-confira-os-eleitos\/#primaryimage"},"image":{"@id":"https:\/\/www.institutodeengenharia.org.br\/site\/2025\/03\/24\/eleicoes-gerais-2025-confira-os-eleitos\/#primaryimage"},"thumbnailUrl":"https:\/\/www.institutodeengenharia.org.br\/site\/wp-content\/uploads\/2025\/03\/Eleicoes-2025-1.png","datePublished":"2025-03-24T22:33:38+00:00","dateModified":"2025-03-24T23:21:23+00:00","breadcrumb":{"@id":"https:\/\/www.institutodeengenharia.org.br\/site\/2025\/03\/24\/eleicoes-gerais-2025-confira-os-eleitos\/#breadcrumb"},"inLanguage":"pt-BR","potentialAction":[{"@type":"ReadAction","target":["https:\/\/www.institutodeengenharia.org.br\/site\/2025\/03\/24\/eleicoes-gerais-2025-confira-os-eleitos\/"]}]},{"@type":"ImageObject","inLanguage":"pt-BR","@id":"https:\/\/www.institutodeengenharia.org.br\/site\/2025\/03\/24\/eleicoes-gerais-2025-confira-os-eleitos\/#primaryimage","url":"https:\/\/www.institutodeengenharia.org.br\/site\/wp-content\/uploads\/2025\/03\/Eleicoes-2025-1.png","contentUrl":"https:\/\/www.institutodeengenharia.org.br\/site\/wp-content\/uploads\/2025\/03\/Eleicoes-2025-1.png","width":509,"height":356},{"@type":"BreadcrumbList","@id":"https:\/\/www.institutodeengenharia.org.br\/site\/2025\/03\/24\/eleicoes-gerais-2025-confira-os-eleitos\/#breadcrumb","itemListElement":[{"@type":"ListItem","position":1,"name":"In\u00edcio","item":"https:\/\/www.institutodeengenharia.org.br\/site\/"},{"@type":"ListItem","position":2,"name":"Elei\u00e7\u00f5es Gerais 2025 &#8211; Confira os eleitos"}]},{"@type":"WebSite","@id":"https:\/\/www.institutodeengenharia.org.br\/site\/#website","url":"https:\/\/www.institutodeengenharia.org.br\/site\/","name":"Instituto de Engenharia","description":"O Instituto de Engenharia promove a Engenharia em benef\u00edcio do desenvolvimento e da qualidade de vida da sociedade.","publisher":{"@id":"https:\/\/www.institutodeengenharia.org.br\/site\/#organization"},"potentialAction":[{"@type":"SearchAction","target":{"@type":"EntryPoint","urlTemplate":"https:\/\/www.institutodeengenharia.org.br\/site\/?s={search_term_string}"},"query-input":{"@type":"PropertyValueSpecification","valueRequired":true,"valueName":"search_term_string"}}],"inLanguage":"pt-BR"},{"@type":"Organization","@id":"https:\/\/www.institutodeengenharia.org.br\/site\/#organization","name":"Instituto de Engenharia","url":"https:\/\/www.institutodeengenharia.org.br\/site\/","logo":{"@type":"ImageObject","inLanguage":"pt-BR","@id":"https:\/\/www.institutodeengenharia.org.br\/site\/#\/schema\/logo\/image\/","url":"https:\/\/www.institutodeengenharia.org.br\/site\/wp-content\/uploads\/2019\/03\/logo-novo-IE2018-1.jpg","contentUrl":"https:\/\/www.institutodeengenharia.org.br\/site\/wp-content\/uploads\/2019\/03\/logo-novo-IE2018-1.jpg","width":1486,"height":1879,"caption":"Instituto de Engenharia"},"image":{"@id":"https:\/\/www.institutodeengenharia.org.br\/site\/#\/schema\/logo\/image\/"},"sameAs":["https:\/\/www.facebook.com\/institutodeengenharia","https:\/\/x.com\/iengenharia","https:\/\/www.instagram.com\/institutodeengenharia\/","https:\/\/www.linkedin.com\/company\/instituto-de-engenharia\/","https:\/\/www.youtube.com\/channel\/UCXiCAlsSMe977vamW915HxA"]},{"@type":"Person","@id":"https:\/\/www.institutodeengenharia.org.br\/site\/#\/schema\/person\/593dc356630173a4877a635d3e5fd76b","name":"Isabel","image":{"@type":"ImageObject","inLanguage":"pt-BR","@id":"https:\/\/secure.gravatar.com\/avatar\/f3c521db63ec9db17894f10a88c6a3cf95b2281d7f80eeb3cf3ef1cb091576e7?s=96&d=mm&r=g","url":"https:\/\/secure.gravatar.com\/avatar\/f3c521db63ec9db17894f10a88c6a3cf95b2281d7f80eeb3cf3ef1cb091576e7?s=96&d=mm&r=g","contentUrl":"https:\/\/secure.gravatar.com\/avatar\/f3c521db63ec9db17894f10a88c6a3cf95b2281d7f80eeb3cf3ef1cb091576e7?s=96&d=mm&r=g","caption":"Isabel"},"url":"https:\/\/www.institutodeengenharia.org.br\/site\/author\/comunicacao2\/"}]}},"_links":{"self":[{"href":"https:\/\/www.institutodeengenharia.org.br\/site\/wp-json\/wp\/v2\/posts\/127520","targetHints":{"allow":["GET"]}}],"collection":[{"href":"https:\/\/www.institutodeengenharia.org.br\/site\/wp-json\/wp\/v2\/posts"}],"about":[{"href":"https:\/\/www.institutodeengenharia.org.br\/site\/wp-json\/wp\/v2\/types\/post"}],"author":[{"embeddable":true,"href":"https:\/\/www.institutodeengenharia.org.br\/site\/wp-json\/wp\/v2\/users\/14"}],"replies":[{"embeddable":true,"href":"https:\/\/www.institutodeengenharia.org.br\/site\/wp-json\/wp\/v2\/comments?post=127520"}],"version-history":[{"count":7,"href":"https:\/\/www.institutodeengenharia.org.br\/site\/wp-json\/wp\/v2\/posts\/127520\/revisions"}],"predecessor-version":[{"id":127547,"href":"https:\/\/www.institutodeengenharia.org.br\/site\/wp-json\/wp\/v2\/posts\/127520\/revisions\/127547"}],"wp:featuredmedia":[{"embeddable":true,"href":"https:\/\/www.institutodeengenharia.org.br\/site\/wp-json\/wp\/v2\/media\/126888"}],"wp:attachment":[{"href":"https:\/\/www.institutodeengenharia.org.br\/site\/wp-json\/wp\/v2\/media?parent=127520"}],"wp:term":[{"taxonomy":"category","embeddable":true,"href":"https:\/\/www.institutodeengenharia.org.br\/site\/wp-json\/wp\/v2\/categories?post=127520"},{"taxonomy":"post_tag","embeddable":true,"href":"https:\/\/www.institutodeengenharia.org.br\/site\/wp-json\/wp\/v2\/tags?post=127520"}],"curies":[{"name":"wp","href":"https:\/\/api.w.org\/{rel}","templated":true}]}}