{"id":127486,"date":"2025-03-21T13:49:16","date_gmt":"2025-03-21T16:49:16","guid":{"rendered":"https:\/\/www.institutodeengenharia.org.br\/site\/?p=127486"},"modified":"2025-03-25T09:30:00","modified_gmt":"2025-03-25T12:30:00","slug":"por-jose-eduardo-cavalcanti-tratamento-por-flotacao-das-aguas-dos-rios-dos-pocos-queimados-para-protecao-da-tomada-dagua-da-eta-guandu-rj","status":"publish","type":"post","link":"https:\/\/www.institutodeengenharia.org.br\/site\/2025\/03\/21\/por-jose-eduardo-cavalcanti-tratamento-por-flotacao-das-aguas-dos-rios-dos-pocos-queimados-para-protecao-da-tomada-dagua-da-eta-guandu-rj\/","title":{"rendered":"Por Jos\u00e9 Eduardo Cavalcanti \u2013 Tratamento por flota\u00e7\u00e3o das \u00e1guas dos Rios dos Po\u00e7os\/Queimados para prote\u00e7\u00e3o da tomada d&#8217;\u00e1gua da ETA Guandu, RJ"},"content":{"rendered":"<p><strong>Introdu\u00e7\u00e3o<\/strong><\/p>\n<p>Tendo em vista melhorar a qualidade da \u00e1gua da lagoa Guandu, (formada pelo represamento dos rios Po\u00e7os, seu afluente Queimados e Ipiranga, seu afluente, Cabu\u00e7u, al\u00e9m do rio Guandu), utilizada pela CEDAE como tomada d\u2019\u00e1gua para a Esta\u00e7\u00e3o de Tratamento de \u00c1gua do Guand\u00fa foram previstos dois sistemas de tratamento (UTR), um deles para depurar as \u00e1guas polu\u00eddas dos rios Po\u00e7os \/ Queimados, e o outro, de menor porte, para os rios Ipiranga\/ Cabu\u00e7u.<\/p>\n<p>Estes cursos de \u00e1gua urbanos, banham \u00e1reas densamente povoadas dos munic\u00edpios de Japeri, Queimados e Nova Igua\u00e7u com baixa infraestrutura sanit\u00e1ria, raz\u00e3o pela qual encontram-se bastante polu\u00eddos.<\/p>\n<p>O sistema de tratamento selecionado utiliza flota\u00e7\u00e3o a ar dissolvido por meio de flotadores instalados nas pr\u00f3prias calhas do rio dos Po\u00e7os (e previsto no rio Ipiranga) com suas \u00e1guas previamente condicionadas por meio de coagula\u00e7\u00e3o seguida de flocula\u00e7\u00e3o com sais de ferro e pol\u00edmeros. Como sub produto emerge um lodo f\u00edsico-qu\u00edmico misturado ao material org\u00e2nico originariamente presente na \u00e1gua, em suspens\u00e3o ou em estado coloidal.<\/p>\n<p>Em 2023, o INEA contratou o maior destes sistemas &#8211;\u00a0 Po\u00e7os\/Queimados capacitado a atender uma vaz\u00e3o em tempo seco de 2000 L\/s. A contrata\u00e7\u00e3o deste sistema foi feita por inexigibilidade de licita\u00e7\u00e3o em conson\u00e2ncia com o caput do artigo 25 da Lei Federal n\u00ba 8.666\/93, tendo em vista a inviabilidade de competi\u00e7\u00e3o, materializada pelo fato de apenas uma \u00fanica empresa estar t\u00e9cnica e legalmente habilitada para executar o objeto pretendido.<\/p>\n<p>O investimento para a implanta\u00e7\u00e3o das UTR\u2019s foi a pre\u00e7o global, conforme previsto no art. 10\u00ba, inciso II, al\u00ednea \u201ca\u201d da Lei n 8.666\/1993, uma vez que a contratada det\u00e9m propriedade intelectual, patenteada e o know-how do processo de tratamento, restando a compara\u00e7\u00e3o com contrata\u00e7\u00f5es similares.<\/p>\n<p>Este projeto foi selecionado em detrimento \u00e0 outra alternativa tamb\u00e9m estudada pela CEDAE representada pela constru\u00e7\u00e3o de um dique associado a uma estrutura hidr\u00e1ulica, de modo a impedir que as \u00e1guas polu\u00eddas dos rios Po\u00e7os\/Queimados e Cabu\u00e7\u00fa\/Ipiranga se misturem com as \u00e1guas do Rio Guandu antes da capta\u00e7\u00e3o da \u00e1gua. Esta estrutura hidr\u00e1ulica dotada de barragem, bombeamento ou de sif\u00e3o conduziria estas \u00e1guas para um des\u00e1gue a jusante da barragem principal. Edital a respeito chegou a ser publicado em mar\u00e7o de 2021 pela CEDAE.<\/p>\n<p><img loading=\"lazy\" decoding=\"async\" class=\" wp-image-127489 aligncenter\" src=\"https:\/\/www.institutodeengenharia.org.br\/site\/wp-content\/uploads\/2025\/03\/ARTIGOCAV2.png\" alt=\"\" width=\"424\" height=\"420\" srcset=\"https:\/\/www.institutodeengenharia.org.br\/site\/wp-content\/uploads\/2025\/03\/ARTIGOCAV2.png 622w, https:\/\/www.institutodeengenharia.org.br\/site\/wp-content\/uploads\/2025\/03\/ARTIGOCAV2-300x297.png 300w, https:\/\/www.institutodeengenharia.org.br\/site\/wp-content\/uploads\/2025\/03\/ARTIGOCAV2-150x150.png 150w, https:\/\/www.institutodeengenharia.org.br\/site\/wp-content\/uploads\/2025\/03\/ARTIGOCAV2-424x420.png 424w, https:\/\/www.institutodeengenharia.org.br\/site\/wp-content\/uploads\/2025\/03\/ARTIGOCAV2-600x594.png 600w, https:\/\/www.institutodeengenharia.org.br\/site\/wp-content\/uploads\/2025\/03\/ARTIGOCAV2-100x100.png 100w\" sizes=\"auto, (max-width: 424px) 100vw, 424px\" \/><\/p>\n<p><strong>Premissas adotadas<\/strong><\/p>\n<p>Segundo o detentor do processo, e respons\u00e1vel pela implanta\u00e7\u00e3o dos sistemas, UTR\u2019s FLOTFLUX\u00ae, as principais vantagens esperadas no tratamento dos rios contribuintes da Lagoa do Guandu seriam:<\/p>\n<p>\u201c <em>\u00b7<\/em><em> Opera\u00e7\u00e3o com vaz\u00f5es, n\u00edveis e polui\u00e7\u00f5es vari\u00e1veis;<\/em><\/p>\n<ul>\n<li><em> Prazo e custo de implanta\u00e7\u00e3o e opera\u00e7\u00e3o reduzidos, se comparados com outras alternativas;<\/em><\/li>\n<li><em> Redu\u00e7\u00e3o significativa dos problemas operacionais e custo de opera\u00e7\u00e3o de tratamento de \u00e1gua na ETA Guandu, principalmente os relacionados com a geosmina; <\/em><\/li>\n<li><em> Expressiva redu\u00e7\u00e3o dos nutrientes, principalmente o f\u00f3sforo, inibindo o processo de eutrofiza\u00e7\u00e3o da Lagoa do Guandu;<\/em><\/li>\n<li><em> Satura\u00e7\u00e3o de oxig\u00eanio dissolvido na \u00e1gua, permitindo o retorno da macro-vida aqu\u00e1tica; <\/em><\/li>\n<li><em> Redu\u00e7\u00e3o da mancha de polui\u00e7\u00e3o a jusante da Lagoa do Guandu, proveniente do esgoto sanit\u00e1rio n\u00e3o coletado e da carga difusa; <\/em><\/li>\n<li><em> Devido \u00e0 instala\u00e7\u00e3o de caixas de areia e de cerca de lixo a montante das UTR\u2019S, os sedimentos e o lixo poder\u00e3o ser removidos antes de chegarem \u00e0 Lagoa do Guandu, evitando o seu assoreamento e consequentes problemas hidr\u00e1ulicos; <\/em><\/li>\n<li><em> Redu\u00e7\u00e3o dos processos corrosivos decorrentes da emana\u00e7\u00e3o de g\u00e1s sulf\u00eddrico, em especial nas pontes, elevat\u00f3rias, equipamentos, tubula\u00e7\u00f5es e infraestrutura urbana;<\/em><\/li>\n<li><em> Redu\u00e7\u00e3o do n\u00edvel de toxicidade da \u00e1gua, o que beneficia diretamente o ecossistema aqu\u00e1tico;<\/em><\/li>\n<li><em> Redu\u00e7\u00e3o significativa da quantidade de UFC de E.coli;<\/em><\/li>\n<li><em> Alta efici\u00eancia na remo\u00e7\u00e3o de mat\u00e9ria org\u00e2nica e outros compostos que eventualmente possam ser lan\u00e7ados nos rios, como fen\u00f3is, \u00f3leos e graxas;<\/em><\/li>\n<li><em> Alta efici\u00eancia na remo\u00e7\u00e3o de bact\u00e9rias, v\u00edrus, oocistos de cryptosporidium, dentres outros vetores que pode causar riscos \u00e0 sa\u00fade p\u00fablica, sem a utiliza\u00e7\u00e3o de qualquer agente oxidante; <\/em><\/li>\n<li><em> Inibi\u00e7\u00e3o das rea\u00e7\u00f5es bent\u00f4nicas anaer\u00f3bias, devido \u00e0 expressiva concentra\u00e7\u00e3o de oxig\u00eanio dissolvido na \u00e1gua tratada;<\/em><\/li>\n<li><em> N\u00e3o utiliza\u00e7\u00e3o de compostos prejudiciais ao meio ambiente, s\u00e3o os mesmos produtos qu\u00edmicos utilizados para tratamento de \u00e1gua pot\u00e1vel.\u201d<\/em><\/li>\n<\/ul>\n<p>&nbsp;<\/p>\n<p><strong>Principais caracter\u00edsticas do sistema implantado<\/strong><\/p>\n<p><strong>Vaz\u00f5es<\/strong><\/p>\n<ol>\n<li>UTR Rio dos Po\u00e7os e Queimados: 2000 L\/s<\/li>\n<\/ol>\n<p><strong>Investimento total (03\/21)<\/strong><\/p>\n<p>R$ 74 394 705,75<\/p>\n<p><strong>OPEX (03\/21)<\/strong><\/p>\n<p>R$ 878 529,58<\/p>\n<p>Neste valor est\u00e3o inclu\u00eddos<strong>: <\/strong>custos de geradores el\u00e9tricos, produtos qu\u00edmicos, m\u00e3o de obra, energia el\u00e9trica e manuten\u00e7\u00f5es preventivas e corretivas.<\/p>\n<p><strong>\u00a0<\/strong><\/p>\n<p><strong>Efici\u00eancias esperadas<\/strong><\/p>\n<p>Apesar do sistema j\u00e1 estar operando h\u00e1 cerca de 2 anos, n\u00e3o foram divulgados at\u00e9 agora dados de monitoramento, consumo de reagentes, volume de gera\u00e7\u00e3o de lodos e sua destina\u00e7\u00e3o, bem como dados de performance e os impactos no tratamento de \u00e1gua da ETA Guand\u00fa.<\/p>\n<p>Contudo, diante da indisponibilidade dos dados da CEDAE, e com base nos resultados de performance de processo semelhante implantado no rio Pinheiros em S\u00e3o Paulo pela pr\u00f3pria FlotFlux, de acordo com monitoramento da Cetesb-SP, pode-se, pelo menos, antever a performance m\u00e9dia esperada do sistema implantado nos rios Po\u00e7os\/Queimados.<\/p>\n<p>Nestas condi\u00e7\u00f5es, comparativamente ao que ocorreu no rio Pinheiros, as efici\u00eancias m\u00e9dias esperadas (%) seriam tipicamente as seguintes:<\/p>\n<ul>\n<li>DBO: 42%<\/li>\n<li>Turbidez: 68%<\/li>\n<li>Nitrog\u00eanio amoniacal: 13%<\/li>\n<li>F\u00f3sforo total: 89%<\/li>\n<li>Concentra\u00e7\u00e3o de s\u00f3lidos no lodo flotado: 2%<\/li>\n<li>A toxicidade, avaliada pelo Sistema Microtox, n\u00e3o foi totalmente removida, quando a \u00e1gua que entrava no sistema se mostrava fortemente t\u00f3xica.<\/li>\n<\/ul>\n<p>Segundo o Relat\u00f3rio de \u00c1guas Interiores de Cetesb para o ano de 2008, \u201c<em>a qualidade das \u00e1guas do Rio Pinheiros em S\u00e3o Paulo, foi intimamente afetada pelos testes do Sistema de Flota\u00e7\u00e3o. Como a Cetesb monitorou pontos a montante e a jusante das esta\u00e7\u00f5es de flota\u00e7\u00e3o, foi poss\u00edvel fazer uma an\u00e1lise da efici\u00eancia do sistema, acima apresentada, para alguns indicadores de qualidade de \u00e1gua segundo os dados obtidos\u201d. Ainda de acordo com o Relat\u00f3rio da Cetesb, \u201cas amostragens realizadas em janeiro, fevereiro, mar\u00e7o, abril e setembro no rio Pinheiros ocorreram quando o sistema n\u00e3o estava em opera\u00e7\u00e3o. Portanto, o c\u00e1lculo da efici\u00eancia m\u00e9dia de cada vari\u00e1vel de qualidade, foi realizado considerando os dados da esta\u00e7\u00e3o em opera\u00e7\u00e3o\u201d.<\/em><\/p>\n<p>Entretanto, somente com os resultados anal\u00edticos e operacionais, ainda n\u00e3o divulgados pela CEDAE, ser\u00e1 poss\u00edvel fazer uma avalia\u00e7\u00e3o do cumprimento das premissas adotadas, incluindo gastos energ\u00e9ticos, consumos de reagentes, volumes e destina\u00e7\u00e3o dos lodos produzidos, intermit\u00eancia operacional, OPEX, bem como dos reais efeitos observados na opera\u00e7\u00e3o da ETA Guand\u00fa em decorr\u00eancia do tratamento na UTR Po\u00e7os\/Queimados.<\/p>\n<p>Fontes: DT ENGENHARIA &#8211; FLOTIFLUX \u2013 PROPOSTADE IMPLANTA\u00c7\u00c3O (2021), COMIT\u00ca GUANDU www.comiteguandu.org.br\/planodebacia; https:\/\/sanearioabes.com.br\/wp-content\/uploads\/2022\/04\/13.04-Mesa-01.03-Joao-.pdf e FCTH \u2013 USP &#8211; AVALIA\u00c7\u00c3O DO SISTEMA PINHEIROS-BILLINGS COM O PROT\u00d3TIPO DE FLOTA\u00c7\u00c3O &#8211; Volume 1 &#8211; Sumario_.pdf<\/p>\n<p>________________________________________________________________________<\/p>\n<p><img loading=\"lazy\" decoding=\"async\" class=\"wp-image-31353 alignleft td-animation-stack-type0-2\" src=\"https:\/\/www.institutodeengenharia.org.br\/site\/wp-content\/uploads\/2018\/02\/cavalcanti-alta2-e1547225067645.jpg\" sizes=\"auto, (max-width: 169px) 100vw, 169px\" srcset=\"https:\/\/www.institutodeengenharia.org.br\/site\/wp-content\/uploads\/2018\/02\/cavalcanti-alta2-e1547225067645.jpg 606w, https:\/\/www.institutodeengenharia.org.br\/site\/wp-content\/uploads\/2018\/02\/cavalcanti-alta2-e1547225067645-150x150.jpg 150w, https:\/\/www.institutodeengenharia.org.br\/site\/wp-content\/uploads\/2018\/02\/cavalcanti-alta2-e1547225067645-298x300.jpg 298w, https:\/\/www.institutodeengenharia.org.br\/site\/wp-content\/uploads\/2018\/02\/cavalcanti-alta2-e1547225067645-417x420.jpg 417w\" alt=\"\" width=\"169\" height=\"170\" \/><\/p>\n<p>Jos\u00e9 Eduardo Cavalcanti \u00e9 engenheiro consultor, diretor do Departamento de Engenharia da Ambiental do Brasil, diretor da Divis\u00e3o de Saneamento do Deinfra \u2013 Departamento de Infraestrutura da Federa\u00e7\u00e3o das Ind\u00fastrias do Estado de S\u00e3o Paulo (Fiesp), conselheiro do Instituto de Engenharia, e membro da Comiss\u00e3o Editorial da Revista Engenharia. E-mail:\u00a0<a href=\"mailto:cavalcanti@ambientaldobrasil.com.br\">cavalcanti@ambientaldobrasil.com.br<\/a><\/p>\n<p>*<em>Os artigos publicados com assinatura, n\u00e3o traduzem necessariamente a opini\u00e3o do Instituto de Engenharia. Sua publica\u00e7\u00e3o obedece ao prop\u00f3sito de estimular o debate dos problemas brasileiros e de refletir as diversas tend\u00eancias do pensamento contempor\u00e2neo<\/em><\/p>\n<p><em>Este artigo \u00e9 de exclusiva responsabilidade do autor.<\/em><\/p>\n<p><strong><em>\u00a0<\/em><\/strong><\/p>\n","protected":false},"excerpt":{"rendered":"<p>Introdu\u00e7\u00e3o Tendo em vista melhorar a qualidade da \u00e1gua da lagoa Guandu, (formada pelo represamento dos rios Po\u00e7os, seu afluente Queimados e Ipiranga, seu afluente, Cabu\u00e7u, al\u00e9m do rio Guandu), utilizada pela CEDAE como tomada d\u2019\u00e1gua para a Esta\u00e7\u00e3o de Tratamento de \u00c1gua do Guand\u00fa foram previstos dois sistemas de tratamento (UTR), um deles para [&hellip;]<\/p>\n","protected":false},"author":13,"featured_media":127490,"comment_status":"open","ping_status":"open","sticky":false,"template":"","format":"standard","meta":{"footnotes":""},"categories":[11,92],"tags":[],"class_list":{"0":"post-127486","1":"post","2":"type-post","3":"status-publish","4":"format-standard","5":"has-post-thumbnail","7":"category-articulistas","8":"category-jose-eduardo-cavalcanti"},"yoast_head":"<!-- This site is optimized with the Yoast SEO plugin v27.2 - https:\/\/yoast.com\/product\/yoast-seo-wordpress\/ -->\n<title>Por Jos\u00e9 Eduardo Cavalcanti \u2013 Tratamento por flota\u00e7\u00e3o das \u00e1guas dos Rios dos Po\u00e7os\/Queimados para prote\u00e7\u00e3o da tomada d&#039;\u00e1gua da ETA Guandu, RJ - Instituto de Engenharia<\/title>\n<meta name=\"robots\" content=\"index, follow, max-snippet:-1, max-image-preview:large, max-video-preview:-1\" \/>\n<link rel=\"canonical\" href=\"https:\/\/www.institutodeengenharia.org.br\/site\/2025\/03\/21\/por-jose-eduardo-cavalcanti-tratamento-por-flotacao-das-aguas-dos-rios-dos-pocos-queimados-para-protecao-da-tomada-dagua-da-eta-guandu-rj\/\" \/>\n<meta property=\"og:locale\" content=\"pt_BR\" \/>\n<meta property=\"og:type\" content=\"article\" \/>\n<meta property=\"og:title\" content=\"Por Jos\u00e9 Eduardo Cavalcanti \u2013 Tratamento por flota\u00e7\u00e3o das \u00e1guas dos Rios dos Po\u00e7os\/Queimados para prote\u00e7\u00e3o da tomada d&#039;\u00e1gua da ETA Guandu, RJ - Instituto de Engenharia\" \/>\n<meta property=\"og:description\" content=\"Introdu\u00e7\u00e3o Tendo em vista melhorar a qualidade da \u00e1gua da lagoa Guandu, (formada pelo represamento dos rios Po\u00e7os, seu afluente Queimados e Ipiranga, seu afluente, Cabu\u00e7u, al\u00e9m do rio Guandu), utilizada pela CEDAE como tomada d\u2019\u00e1gua para a Esta\u00e7\u00e3o de Tratamento de \u00c1gua do Guand\u00fa foram previstos dois sistemas de tratamento (UTR), um deles para [&hellip;]\" \/>\n<meta property=\"og:url\" content=\"https:\/\/www.institutodeengenharia.org.br\/site\/2025\/03\/21\/por-jose-eduardo-cavalcanti-tratamento-por-flotacao-das-aguas-dos-rios-dos-pocos-queimados-para-protecao-da-tomada-dagua-da-eta-guandu-rj\/\" \/>\n<meta property=\"og:site_name\" content=\"Instituto de Engenharia\" \/>\n<meta property=\"article:publisher\" content=\"https:\/\/www.facebook.com\/institutodeengenharia\" \/>\n<meta property=\"article:published_time\" content=\"2025-03-21T16:49:16+00:00\" \/>\n<meta property=\"article:modified_time\" content=\"2025-03-25T12:30:00+00:00\" \/>\n<meta property=\"og:image\" content=\"https:\/\/www.institutodeengenharia.org.br\/site\/wp-content\/uploads\/2025\/03\/ARTIGOCAV1-1.png\" \/>\n\t<meta property=\"og:image:width\" content=\"879\" \/>\n\t<meta property=\"og:image:height\" content=\"464\" \/>\n\t<meta property=\"og:image:type\" content=\"image\/png\" \/>\n<meta name=\"author\" content=\"Bianca\" \/>\n<meta name=\"twitter:card\" content=\"summary_large_image\" \/>\n<meta name=\"twitter:creator\" content=\"@iengenharia\" \/>\n<meta name=\"twitter:site\" content=\"@iengenharia\" \/>\n<meta name=\"twitter:label1\" content=\"Escrito por\" \/>\n\t<meta name=\"twitter:data1\" content=\"Bianca\" \/>\n\t<meta name=\"twitter:label2\" content=\"Est. tempo de leitura\" \/>\n\t<meta name=\"twitter:data2\" content=\"7 minutos\" \/>\n<script type=\"application\/ld+json\" class=\"yoast-schema-graph\">{\"@context\":\"https:\/\/schema.org\",\"@graph\":[{\"@type\":\"Article\",\"@id\":\"https:\/\/www.institutodeengenharia.org.br\/site\/2025\/03\/21\/por-jose-eduardo-cavalcanti-tratamento-por-flotacao-das-aguas-dos-rios-dos-pocos-queimados-para-protecao-da-tomada-dagua-da-eta-guandu-rj\/#article\",\"isPartOf\":{\"@id\":\"https:\/\/www.institutodeengenharia.org.br\/site\/2025\/03\/21\/por-jose-eduardo-cavalcanti-tratamento-por-flotacao-das-aguas-dos-rios-dos-pocos-queimados-para-protecao-da-tomada-dagua-da-eta-guandu-rj\/\"},\"author\":{\"name\":\"Bianca\",\"@id\":\"https:\/\/www.institutodeengenharia.org.br\/site\/#\/schema\/person\/aeb64951c405e100d26d30b033dd423f\"},\"headline\":\"Por Jos\u00e9 Eduardo Cavalcanti \u2013 Tratamento por flota\u00e7\u00e3o das \u00e1guas dos Rios dos Po\u00e7os\/Queimados para prote\u00e7\u00e3o da tomada d&#8217;\u00e1gua da ETA Guandu, RJ\",\"datePublished\":\"2025-03-21T16:49:16+00:00\",\"dateModified\":\"2025-03-25T12:30:00+00:00\",\"mainEntityOfPage\":{\"@id\":\"https:\/\/www.institutodeengenharia.org.br\/site\/2025\/03\/21\/por-jose-eduardo-cavalcanti-tratamento-por-flotacao-das-aguas-dos-rios-dos-pocos-queimados-para-protecao-da-tomada-dagua-da-eta-guandu-rj\/\"},\"wordCount\":1342,\"commentCount\":0,\"publisher\":{\"@id\":\"https:\/\/www.institutodeengenharia.org.br\/site\/#organization\"},\"image\":{\"@id\":\"https:\/\/www.institutodeengenharia.org.br\/site\/2025\/03\/21\/por-jose-eduardo-cavalcanti-tratamento-por-flotacao-das-aguas-dos-rios-dos-pocos-queimados-para-protecao-da-tomada-dagua-da-eta-guandu-rj\/#primaryimage\"},\"thumbnailUrl\":\"https:\/\/www.institutodeengenharia.org.br\/site\/wp-content\/uploads\/2025\/03\/ARTIGOCAV1-1.png\",\"articleSection\":[\"Articulistas\",\"Jos\u00e9 Eduardo Cavalcanti\"],\"inLanguage\":\"pt-BR\",\"potentialAction\":[{\"@type\":\"CommentAction\",\"name\":\"Comment\",\"target\":[\"https:\/\/www.institutodeengenharia.org.br\/site\/2025\/03\/21\/por-jose-eduardo-cavalcanti-tratamento-por-flotacao-das-aguas-dos-rios-dos-pocos-queimados-para-protecao-da-tomada-dagua-da-eta-guandu-rj\/#respond\"]}]},{\"@type\":\"WebPage\",\"@id\":\"https:\/\/www.institutodeengenharia.org.br\/site\/2025\/03\/21\/por-jose-eduardo-cavalcanti-tratamento-por-flotacao-das-aguas-dos-rios-dos-pocos-queimados-para-protecao-da-tomada-dagua-da-eta-guandu-rj\/\",\"url\":\"https:\/\/www.institutodeengenharia.org.br\/site\/2025\/03\/21\/por-jose-eduardo-cavalcanti-tratamento-por-flotacao-das-aguas-dos-rios-dos-pocos-queimados-para-protecao-da-tomada-dagua-da-eta-guandu-rj\/\",\"name\":\"Por Jos\u00e9 Eduardo Cavalcanti \u2013 Tratamento por flota\u00e7\u00e3o das \u00e1guas dos Rios dos Po\u00e7os\/Queimados para prote\u00e7\u00e3o da tomada d'\u00e1gua da ETA Guandu, RJ - Instituto de Engenharia\",\"isPartOf\":{\"@id\":\"https:\/\/www.institutodeengenharia.org.br\/site\/#website\"},\"primaryImageOfPage\":{\"@id\":\"https:\/\/www.institutodeengenharia.org.br\/site\/2025\/03\/21\/por-jose-eduardo-cavalcanti-tratamento-por-flotacao-das-aguas-dos-rios-dos-pocos-queimados-para-protecao-da-tomada-dagua-da-eta-guandu-rj\/#primaryimage\"},\"image\":{\"@id\":\"https:\/\/www.institutodeengenharia.org.br\/site\/2025\/03\/21\/por-jose-eduardo-cavalcanti-tratamento-por-flotacao-das-aguas-dos-rios-dos-pocos-queimados-para-protecao-da-tomada-dagua-da-eta-guandu-rj\/#primaryimage\"},\"thumbnailUrl\":\"https:\/\/www.institutodeengenharia.org.br\/site\/wp-content\/uploads\/2025\/03\/ARTIGOCAV1-1.png\",\"datePublished\":\"2025-03-21T16:49:16+00:00\",\"dateModified\":\"2025-03-25T12:30:00+00:00\",\"breadcrumb\":{\"@id\":\"https:\/\/www.institutodeengenharia.org.br\/site\/2025\/03\/21\/por-jose-eduardo-cavalcanti-tratamento-por-flotacao-das-aguas-dos-rios-dos-pocos-queimados-para-protecao-da-tomada-dagua-da-eta-guandu-rj\/#breadcrumb\"},\"inLanguage\":\"pt-BR\",\"potentialAction\":[{\"@type\":\"ReadAction\",\"target\":[\"https:\/\/www.institutodeengenharia.org.br\/site\/2025\/03\/21\/por-jose-eduardo-cavalcanti-tratamento-por-flotacao-das-aguas-dos-rios-dos-pocos-queimados-para-protecao-da-tomada-dagua-da-eta-guandu-rj\/\"]}]},{\"@type\":\"ImageObject\",\"inLanguage\":\"pt-BR\",\"@id\":\"https:\/\/www.institutodeengenharia.org.br\/site\/2025\/03\/21\/por-jose-eduardo-cavalcanti-tratamento-por-flotacao-das-aguas-dos-rios-dos-pocos-queimados-para-protecao-da-tomada-dagua-da-eta-guandu-rj\/#primaryimage\",\"url\":\"https:\/\/www.institutodeengenharia.org.br\/site\/wp-content\/uploads\/2025\/03\/ARTIGOCAV1-1.png\",\"contentUrl\":\"https:\/\/www.institutodeengenharia.org.br\/site\/wp-content\/uploads\/2025\/03\/ARTIGOCAV1-1.png\",\"width\":879,\"height\":464},{\"@type\":\"BreadcrumbList\",\"@id\":\"https:\/\/www.institutodeengenharia.org.br\/site\/2025\/03\/21\/por-jose-eduardo-cavalcanti-tratamento-por-flotacao-das-aguas-dos-rios-dos-pocos-queimados-para-protecao-da-tomada-dagua-da-eta-guandu-rj\/#breadcrumb\",\"itemListElement\":[{\"@type\":\"ListItem\",\"position\":1,\"name\":\"In\u00edcio\",\"item\":\"https:\/\/www.institutodeengenharia.org.br\/site\/\"},{\"@type\":\"ListItem\",\"position\":2,\"name\":\"Por Jos\u00e9 Eduardo Cavalcanti \u2013 Tratamento por flota\u00e7\u00e3o das \u00e1guas dos Rios dos Po\u00e7os\/Queimados para prote\u00e7\u00e3o da tomada d&#8217;\u00e1gua da ETA Guandu, RJ\"}]},{\"@type\":\"WebSite\",\"@id\":\"https:\/\/www.institutodeengenharia.org.br\/site\/#website\",\"url\":\"https:\/\/www.institutodeengenharia.org.br\/site\/\",\"name\":\"Instituto de Engenharia\",\"description\":\"O Instituto de Engenharia promove a Engenharia em benef\u00edcio do desenvolvimento e da qualidade de vida da sociedade.\",\"publisher\":{\"@id\":\"https:\/\/www.institutodeengenharia.org.br\/site\/#organization\"},\"potentialAction\":[{\"@type\":\"SearchAction\",\"target\":{\"@type\":\"EntryPoint\",\"urlTemplate\":\"https:\/\/www.institutodeengenharia.org.br\/site\/?s={search_term_string}\"},\"query-input\":{\"@type\":\"PropertyValueSpecification\",\"valueRequired\":true,\"valueName\":\"search_term_string\"}}],\"inLanguage\":\"pt-BR\"},{\"@type\":\"Organization\",\"@id\":\"https:\/\/www.institutodeengenharia.org.br\/site\/#organization\",\"name\":\"Instituto de Engenharia\",\"url\":\"https:\/\/www.institutodeengenharia.org.br\/site\/\",\"logo\":{\"@type\":\"ImageObject\",\"inLanguage\":\"pt-BR\",\"@id\":\"https:\/\/www.institutodeengenharia.org.br\/site\/#\/schema\/logo\/image\/\",\"url\":\"https:\/\/www.institutodeengenharia.org.br\/site\/wp-content\/uploads\/2019\/03\/logo-novo-IE2018-1.jpg\",\"contentUrl\":\"https:\/\/www.institutodeengenharia.org.br\/site\/wp-content\/uploads\/2019\/03\/logo-novo-IE2018-1.jpg\",\"width\":1486,\"height\":1879,\"caption\":\"Instituto de Engenharia\"},\"image\":{\"@id\":\"https:\/\/www.institutodeengenharia.org.br\/site\/#\/schema\/logo\/image\/\"},\"sameAs\":[\"https:\/\/www.facebook.com\/institutodeengenharia\",\"https:\/\/x.com\/iengenharia\",\"https:\/\/www.instagram.com\/institutodeengenharia\/\",\"https:\/\/www.linkedin.com\/company\/instituto-de-engenharia\/\",\"https:\/\/www.youtube.com\/channel\/UCXiCAlsSMe977vamW915HxA\"]},{\"@type\":\"Person\",\"@id\":\"https:\/\/www.institutodeengenharia.org.br\/site\/#\/schema\/person\/aeb64951c405e100d26d30b033dd423f\",\"name\":\"Bianca\",\"image\":{\"@type\":\"ImageObject\",\"inLanguage\":\"pt-BR\",\"@id\":\"https:\/\/secure.gravatar.com\/avatar\/a6fbe9bff57405baf4c1e2c5c1811e072b558253974a9f9508f4678900c97c2a?s=96&d=mm&r=g\",\"url\":\"https:\/\/secure.gravatar.com\/avatar\/a6fbe9bff57405baf4c1e2c5c1811e072b558253974a9f9508f4678900c97c2a?s=96&d=mm&r=g\",\"contentUrl\":\"https:\/\/secure.gravatar.com\/avatar\/a6fbe9bff57405baf4c1e2c5c1811e072b558253974a9f9508f4678900c97c2a?s=96&d=mm&r=g\",\"caption\":\"Bianca\"},\"url\":\"https:\/\/www.institutodeengenharia.org.br\/site\/author\/comunicacao1\/\"}]}<\/script>\n<!-- \/ Yoast SEO plugin. -->","yoast_head_json":{"title":"Por Jos\u00e9 Eduardo Cavalcanti \u2013 Tratamento por flota\u00e7\u00e3o das \u00e1guas dos Rios dos Po\u00e7os\/Queimados para prote\u00e7\u00e3o da tomada d'\u00e1gua da ETA Guandu, RJ - Instituto de Engenharia","robots":{"index":"index","follow":"follow","max-snippet":"max-snippet:-1","max-image-preview":"max-image-preview:large","max-video-preview":"max-video-preview:-1"},"canonical":"https:\/\/www.institutodeengenharia.org.br\/site\/2025\/03\/21\/por-jose-eduardo-cavalcanti-tratamento-por-flotacao-das-aguas-dos-rios-dos-pocos-queimados-para-protecao-da-tomada-dagua-da-eta-guandu-rj\/","og_locale":"pt_BR","og_type":"article","og_title":"Por Jos\u00e9 Eduardo Cavalcanti \u2013 Tratamento por flota\u00e7\u00e3o das \u00e1guas dos Rios dos Po\u00e7os\/Queimados para prote\u00e7\u00e3o da tomada d'\u00e1gua da ETA Guandu, RJ - Instituto de Engenharia","og_description":"Introdu\u00e7\u00e3o Tendo em vista melhorar a qualidade da \u00e1gua da lagoa Guandu, (formada pelo represamento dos rios Po\u00e7os, seu afluente Queimados e Ipiranga, seu afluente, Cabu\u00e7u, al\u00e9m do rio Guandu), utilizada pela CEDAE como tomada d\u2019\u00e1gua para a Esta\u00e7\u00e3o de Tratamento de \u00c1gua do Guand\u00fa foram previstos dois sistemas de tratamento (UTR), um deles para [&hellip;]","og_url":"https:\/\/www.institutodeengenharia.org.br\/site\/2025\/03\/21\/por-jose-eduardo-cavalcanti-tratamento-por-flotacao-das-aguas-dos-rios-dos-pocos-queimados-para-protecao-da-tomada-dagua-da-eta-guandu-rj\/","og_site_name":"Instituto de Engenharia","article_publisher":"https:\/\/www.facebook.com\/institutodeengenharia","article_published_time":"2025-03-21T16:49:16+00:00","article_modified_time":"2025-03-25T12:30:00+00:00","og_image":[{"width":879,"height":464,"url":"https:\/\/www.institutodeengenharia.org.br\/site\/wp-content\/uploads\/2025\/03\/ARTIGOCAV1-1.png","type":"image\/png"}],"author":"Bianca","twitter_card":"summary_large_image","twitter_creator":"@iengenharia","twitter_site":"@iengenharia","twitter_misc":{"Escrito por":"Bianca","Est. tempo de leitura":"7 minutos"},"schema":{"@context":"https:\/\/schema.org","@graph":[{"@type":"Article","@id":"https:\/\/www.institutodeengenharia.org.br\/site\/2025\/03\/21\/por-jose-eduardo-cavalcanti-tratamento-por-flotacao-das-aguas-dos-rios-dos-pocos-queimados-para-protecao-da-tomada-dagua-da-eta-guandu-rj\/#article","isPartOf":{"@id":"https:\/\/www.institutodeengenharia.org.br\/site\/2025\/03\/21\/por-jose-eduardo-cavalcanti-tratamento-por-flotacao-das-aguas-dos-rios-dos-pocos-queimados-para-protecao-da-tomada-dagua-da-eta-guandu-rj\/"},"author":{"name":"Bianca","@id":"https:\/\/www.institutodeengenharia.org.br\/site\/#\/schema\/person\/aeb64951c405e100d26d30b033dd423f"},"headline":"Por Jos\u00e9 Eduardo Cavalcanti \u2013 Tratamento por flota\u00e7\u00e3o das \u00e1guas dos Rios dos Po\u00e7os\/Queimados para prote\u00e7\u00e3o da tomada d&#8217;\u00e1gua da ETA Guandu, RJ","datePublished":"2025-03-21T16:49:16+00:00","dateModified":"2025-03-25T12:30:00+00:00","mainEntityOfPage":{"@id":"https:\/\/www.institutodeengenharia.org.br\/site\/2025\/03\/21\/por-jose-eduardo-cavalcanti-tratamento-por-flotacao-das-aguas-dos-rios-dos-pocos-queimados-para-protecao-da-tomada-dagua-da-eta-guandu-rj\/"},"wordCount":1342,"commentCount":0,"publisher":{"@id":"https:\/\/www.institutodeengenharia.org.br\/site\/#organization"},"image":{"@id":"https:\/\/www.institutodeengenharia.org.br\/site\/2025\/03\/21\/por-jose-eduardo-cavalcanti-tratamento-por-flotacao-das-aguas-dos-rios-dos-pocos-queimados-para-protecao-da-tomada-dagua-da-eta-guandu-rj\/#primaryimage"},"thumbnailUrl":"https:\/\/www.institutodeengenharia.org.br\/site\/wp-content\/uploads\/2025\/03\/ARTIGOCAV1-1.png","articleSection":["Articulistas","Jos\u00e9 Eduardo Cavalcanti"],"inLanguage":"pt-BR","potentialAction":[{"@type":"CommentAction","name":"Comment","target":["https:\/\/www.institutodeengenharia.org.br\/site\/2025\/03\/21\/por-jose-eduardo-cavalcanti-tratamento-por-flotacao-das-aguas-dos-rios-dos-pocos-queimados-para-protecao-da-tomada-dagua-da-eta-guandu-rj\/#respond"]}]},{"@type":"WebPage","@id":"https:\/\/www.institutodeengenharia.org.br\/site\/2025\/03\/21\/por-jose-eduardo-cavalcanti-tratamento-por-flotacao-das-aguas-dos-rios-dos-pocos-queimados-para-protecao-da-tomada-dagua-da-eta-guandu-rj\/","url":"https:\/\/www.institutodeengenharia.org.br\/site\/2025\/03\/21\/por-jose-eduardo-cavalcanti-tratamento-por-flotacao-das-aguas-dos-rios-dos-pocos-queimados-para-protecao-da-tomada-dagua-da-eta-guandu-rj\/","name":"Por Jos\u00e9 Eduardo Cavalcanti \u2013 Tratamento por flota\u00e7\u00e3o das \u00e1guas dos Rios dos Po\u00e7os\/Queimados para prote\u00e7\u00e3o da tomada d'\u00e1gua da ETA Guandu, RJ - Instituto de Engenharia","isPartOf":{"@id":"https:\/\/www.institutodeengenharia.org.br\/site\/#website"},"primaryImageOfPage":{"@id":"https:\/\/www.institutodeengenharia.org.br\/site\/2025\/03\/21\/por-jose-eduardo-cavalcanti-tratamento-por-flotacao-das-aguas-dos-rios-dos-pocos-queimados-para-protecao-da-tomada-dagua-da-eta-guandu-rj\/#primaryimage"},"image":{"@id":"https:\/\/www.institutodeengenharia.org.br\/site\/2025\/03\/21\/por-jose-eduardo-cavalcanti-tratamento-por-flotacao-das-aguas-dos-rios-dos-pocos-queimados-para-protecao-da-tomada-dagua-da-eta-guandu-rj\/#primaryimage"},"thumbnailUrl":"https:\/\/www.institutodeengenharia.org.br\/site\/wp-content\/uploads\/2025\/03\/ARTIGOCAV1-1.png","datePublished":"2025-03-21T16:49:16+00:00","dateModified":"2025-03-25T12:30:00+00:00","breadcrumb":{"@id":"https:\/\/www.institutodeengenharia.org.br\/site\/2025\/03\/21\/por-jose-eduardo-cavalcanti-tratamento-por-flotacao-das-aguas-dos-rios-dos-pocos-queimados-para-protecao-da-tomada-dagua-da-eta-guandu-rj\/#breadcrumb"},"inLanguage":"pt-BR","potentialAction":[{"@type":"ReadAction","target":["https:\/\/www.institutodeengenharia.org.br\/site\/2025\/03\/21\/por-jose-eduardo-cavalcanti-tratamento-por-flotacao-das-aguas-dos-rios-dos-pocos-queimados-para-protecao-da-tomada-dagua-da-eta-guandu-rj\/"]}]},{"@type":"ImageObject","inLanguage":"pt-BR","@id":"https:\/\/www.institutodeengenharia.org.br\/site\/2025\/03\/21\/por-jose-eduardo-cavalcanti-tratamento-por-flotacao-das-aguas-dos-rios-dos-pocos-queimados-para-protecao-da-tomada-dagua-da-eta-guandu-rj\/#primaryimage","url":"https:\/\/www.institutodeengenharia.org.br\/site\/wp-content\/uploads\/2025\/03\/ARTIGOCAV1-1.png","contentUrl":"https:\/\/www.institutodeengenharia.org.br\/site\/wp-content\/uploads\/2025\/03\/ARTIGOCAV1-1.png","width":879,"height":464},{"@type":"BreadcrumbList","@id":"https:\/\/www.institutodeengenharia.org.br\/site\/2025\/03\/21\/por-jose-eduardo-cavalcanti-tratamento-por-flotacao-das-aguas-dos-rios-dos-pocos-queimados-para-protecao-da-tomada-dagua-da-eta-guandu-rj\/#breadcrumb","itemListElement":[{"@type":"ListItem","position":1,"name":"In\u00edcio","item":"https:\/\/www.institutodeengenharia.org.br\/site\/"},{"@type":"ListItem","position":2,"name":"Por Jos\u00e9 Eduardo Cavalcanti \u2013 Tratamento por flota\u00e7\u00e3o das \u00e1guas dos Rios dos Po\u00e7os\/Queimados para prote\u00e7\u00e3o da tomada d&#8217;\u00e1gua da ETA Guandu, RJ"}]},{"@type":"WebSite","@id":"https:\/\/www.institutodeengenharia.org.br\/site\/#website","url":"https:\/\/www.institutodeengenharia.org.br\/site\/","name":"Instituto de Engenharia","description":"O Instituto de Engenharia promove a Engenharia em benef\u00edcio do desenvolvimento e da qualidade de vida da sociedade.","publisher":{"@id":"https:\/\/www.institutodeengenharia.org.br\/site\/#organization"},"potentialAction":[{"@type":"SearchAction","target":{"@type":"EntryPoint","urlTemplate":"https:\/\/www.institutodeengenharia.org.br\/site\/?s={search_term_string}"},"query-input":{"@type":"PropertyValueSpecification","valueRequired":true,"valueName":"search_term_string"}}],"inLanguage":"pt-BR"},{"@type":"Organization","@id":"https:\/\/www.institutodeengenharia.org.br\/site\/#organization","name":"Instituto de Engenharia","url":"https:\/\/www.institutodeengenharia.org.br\/site\/","logo":{"@type":"ImageObject","inLanguage":"pt-BR","@id":"https:\/\/www.institutodeengenharia.org.br\/site\/#\/schema\/logo\/image\/","url":"https:\/\/www.institutodeengenharia.org.br\/site\/wp-content\/uploads\/2019\/03\/logo-novo-IE2018-1.jpg","contentUrl":"https:\/\/www.institutodeengenharia.org.br\/site\/wp-content\/uploads\/2019\/03\/logo-novo-IE2018-1.jpg","width":1486,"height":1879,"caption":"Instituto de Engenharia"},"image":{"@id":"https:\/\/www.institutodeengenharia.org.br\/site\/#\/schema\/logo\/image\/"},"sameAs":["https:\/\/www.facebook.com\/institutodeengenharia","https:\/\/x.com\/iengenharia","https:\/\/www.instagram.com\/institutodeengenharia\/","https:\/\/www.linkedin.com\/company\/instituto-de-engenharia\/","https:\/\/www.youtube.com\/channel\/UCXiCAlsSMe977vamW915HxA"]},{"@type":"Person","@id":"https:\/\/www.institutodeengenharia.org.br\/site\/#\/schema\/person\/aeb64951c405e100d26d30b033dd423f","name":"Bianca","image":{"@type":"ImageObject","inLanguage":"pt-BR","@id":"https:\/\/secure.gravatar.com\/avatar\/a6fbe9bff57405baf4c1e2c5c1811e072b558253974a9f9508f4678900c97c2a?s=96&d=mm&r=g","url":"https:\/\/secure.gravatar.com\/avatar\/a6fbe9bff57405baf4c1e2c5c1811e072b558253974a9f9508f4678900c97c2a?s=96&d=mm&r=g","contentUrl":"https:\/\/secure.gravatar.com\/avatar\/a6fbe9bff57405baf4c1e2c5c1811e072b558253974a9f9508f4678900c97c2a?s=96&d=mm&r=g","caption":"Bianca"},"url":"https:\/\/www.institutodeengenharia.org.br\/site\/author\/comunicacao1\/"}]}},"_links":{"self":[{"href":"https:\/\/www.institutodeengenharia.org.br\/site\/wp-json\/wp\/v2\/posts\/127486","targetHints":{"allow":["GET"]}}],"collection":[{"href":"https:\/\/www.institutodeengenharia.org.br\/site\/wp-json\/wp\/v2\/posts"}],"about":[{"href":"https:\/\/www.institutodeengenharia.org.br\/site\/wp-json\/wp\/v2\/types\/post"}],"author":[{"embeddable":true,"href":"https:\/\/www.institutodeengenharia.org.br\/site\/wp-json\/wp\/v2\/users\/13"}],"replies":[{"embeddable":true,"href":"https:\/\/www.institutodeengenharia.org.br\/site\/wp-json\/wp\/v2\/comments?post=127486"}],"version-history":[{"count":2,"href":"https:\/\/www.institutodeengenharia.org.br\/site\/wp-json\/wp\/v2\/posts\/127486\/revisions"}],"predecessor-version":[{"id":127565,"href":"https:\/\/www.institutodeengenharia.org.br\/site\/wp-json\/wp\/v2\/posts\/127486\/revisions\/127565"}],"wp:featuredmedia":[{"embeddable":true,"href":"https:\/\/www.institutodeengenharia.org.br\/site\/wp-json\/wp\/v2\/media\/127490"}],"wp:attachment":[{"href":"https:\/\/www.institutodeengenharia.org.br\/site\/wp-json\/wp\/v2\/media?parent=127486"}],"wp:term":[{"taxonomy":"category","embeddable":true,"href":"https:\/\/www.institutodeengenharia.org.br\/site\/wp-json\/wp\/v2\/categories?post=127486"},{"taxonomy":"post_tag","embeddable":true,"href":"https:\/\/www.institutodeengenharia.org.br\/site\/wp-json\/wp\/v2\/tags?post=127486"}],"curies":[{"name":"wp","href":"https:\/\/api.w.org\/{rel}","templated":true}]}}