{"id":127376,"date":"2025-03-18T10:55:10","date_gmt":"2025-03-18T13:55:10","guid":{"rendered":"https:\/\/www.institutodeengenharia.org.br\/site\/?p=127376"},"modified":"2025-03-18T10:56:26","modified_gmt":"2025-03-18T13:56:26","slug":"instituto-de-engenharia-apresenta-proposta-para-construcao-de-consensos-sobre-bioeconomia-na-pan-amazonia","status":"publish","type":"post","link":"https:\/\/www.institutodeengenharia.org.br\/site\/2025\/03\/18\/instituto-de-engenharia-apresenta-proposta-para-construcao-de-consensos-sobre-bioeconomia-na-pan-amazonia\/","title":{"rendered":"Instituto de Engenharia apresenta proposta para constru\u00e7\u00e3o de consensos sobre Bioeconomia na Pan-Amaz\u00f4nia"},"content":{"rendered":"<p>Em continuidade \u00e0s discuss\u00f5es sobre Bioeconomia no contexto da COP30, o Instituto de Engenharia apresentou, nesta segunda-feira (17), no Itamaraty, os desdobramentos do projeto &#8220;<em>Uma Base de Conhecimento para a Estrat\u00e9gia Nacional de Bioeconomias<\/em>&#8220;, conclu\u00eddo em 2024. A nova etapa da iniciativa ter\u00e1 foco na Amaz\u00f4nia, buscando a constru\u00e7\u00e3o de consensos entre os pa\u00edses da Pan-Amaz\u00f4nia antes da Confer\u00eancia do Clima.<\/p>\n<p>A reuni\u00e3o contou com a participa\u00e7\u00e3o da ex-senadora e atual diretora-executiva da Organiza\u00e7\u00e3o do Tratado de Coopera\u00e7\u00e3o Amaz\u00f4nica (OTCA), Vanessa Grazziotin, do coordenador de Meio Ambiente da OTCA, Carlos Salinas, e do chefe da Divis\u00e3o de Integra\u00e7\u00e3o de Infraestrutura do Minist\u00e9rio das Rela\u00e7\u00f5es Exteriores, Jo\u00e3o Carlos Parkinson.<\/p>\n<p>Durante o encontro, foram discutidas estrat\u00e9gias para fortalecer a coopera\u00e7\u00e3o regional e alinhar propostas conjuntas entre os pa\u00edses amaz\u00f4nicos, refor\u00e7ando o papel da bioeconomia na agenda clim\u00e1tica da COP30, que ser\u00e1 realizada em Bel\u00e9m.<\/p>\n<p>Os representantes destacaram a import\u00e2ncia de integrar conhecimento t\u00e9cnico e diplomacia para que a Pan-Amaz\u00f4nia apresente uma posi\u00e7\u00e3o coesa na confer\u00eancia, alinhada \u00e0s prioridades de desenvolvimento sustent\u00e1vel da regi\u00e3o.<\/p>\n<h6><em>Com informa\u00e7\u00f5es de George Paulus\u00a0<\/em><\/h6>\n","protected":false},"excerpt":{"rendered":"<p>Em continuidade \u00e0s discuss\u00f5es sobre Bioeconomia no contexto da COP30, o Instituto de Engenharia apresentou, nesta segunda-feira (17), no Itamaraty, os desdobramentos do projeto &#8220;Uma Base de Conhecimento para a Estrat\u00e9gia Nacional de Bioeconomias&#8220;, conclu\u00eddo em 2024. A nova etapa da iniciativa ter\u00e1 foco na Amaz\u00f4nia, buscando a constru\u00e7\u00e3o de consensos entre os pa\u00edses da [&hellip;]<\/p>\n","protected":false},"author":14,"featured_media":127372,"comment_status":"open","ping_status":"open","sticky":false,"template":"","format":"standard","meta":{"footnotes":""},"categories":[1119,27,6],"tags":[],"class_list":{"0":"post-127376","1":"post","2":"type-post","3":"status-publish","4":"format-standard","5":"has-post-thumbnail","7":"category-amazonia-e-bioeconomia","8":"category-instituto-de-engenharia","9":"category-noticias"},"yoast_head":"<!-- This site is optimized with the Yoast SEO plugin v27.2 - https:\/\/yoast.com\/product\/yoast-seo-wordpress\/ -->\n<title>Instituto de Engenharia apresenta proposta para constru\u00e7\u00e3o de consensos sobre Bioeconomia na Pan-Amaz\u00f4nia - Instituto de Engenharia<\/title>\n<meta name=\"robots\" content=\"index, follow, max-snippet:-1, max-image-preview:large, max-video-preview:-1\" \/>\n<link rel=\"canonical\" href=\"https:\/\/www.institutodeengenharia.org.br\/site\/2025\/03\/18\/instituto-de-engenharia-apresenta-proposta-para-construcao-de-consensos-sobre-bioeconomia-na-pan-amazonia\/\" \/>\n<meta property=\"og:locale\" content=\"pt_BR\" \/>\n<meta property=\"og:type\" content=\"article\" \/>\n<meta property=\"og:title\" content=\"Instituto de Engenharia apresenta proposta para constru\u00e7\u00e3o de consensos sobre Bioeconomia na Pan-Amaz\u00f4nia - Instituto de Engenharia\" \/>\n<meta property=\"og:description\" content=\"Em continuidade \u00e0s discuss\u00f5es sobre Bioeconomia no contexto da COP30, o Instituto de Engenharia apresentou, nesta segunda-feira (17), no Itamaraty, os desdobramentos do projeto &#8220;Uma Base de Conhecimento para a Estrat\u00e9gia Nacional de Bioeconomias&#8220;, conclu\u00eddo em 2024. A nova etapa da iniciativa ter\u00e1 foco na Amaz\u00f4nia, buscando a constru\u00e7\u00e3o de consensos entre os pa\u00edses da [&hellip;]\" \/>\n<meta property=\"og:url\" content=\"https:\/\/www.institutodeengenharia.org.br\/site\/2025\/03\/18\/instituto-de-engenharia-apresenta-proposta-para-construcao-de-consensos-sobre-bioeconomia-na-pan-amazonia\/\" \/>\n<meta property=\"og:site_name\" content=\"Instituto de Engenharia\" \/>\n<meta property=\"article:publisher\" content=\"https:\/\/www.facebook.com\/institutodeengenharia\" \/>\n<meta property=\"article:published_time\" content=\"2025-03-18T13:55:10+00:00\" \/>\n<meta property=\"article:modified_time\" content=\"2025-03-18T13:56:26+00:00\" \/>\n<meta property=\"og:image\" content=\"https:\/\/www.institutodeengenharia.org.br\/site\/wp-content\/uploads\/2025\/03\/WhatsApp-Image-2025-03-18-at-10.05.03.jpeg\" \/>\n\t<meta property=\"og:image:width\" content=\"1280\" \/>\n\t<meta property=\"og:image:height\" content=\"853\" \/>\n\t<meta property=\"og:image:type\" content=\"image\/jpeg\" \/>\n<meta name=\"author\" content=\"Isabel\" \/>\n<meta name=\"twitter:card\" content=\"summary_large_image\" \/>\n<meta name=\"twitter:creator\" content=\"@iengenharia\" \/>\n<meta name=\"twitter:site\" content=\"@iengenharia\" \/>\n<meta name=\"twitter:label1\" content=\"Escrito por\" \/>\n\t<meta name=\"twitter:data1\" content=\"Isabel\" \/>\n\t<meta name=\"twitter:label2\" content=\"Est. tempo de leitura\" \/>\n\t<meta name=\"twitter:data2\" content=\"2 minutos\" \/>\n<script type=\"application\/ld+json\" class=\"yoast-schema-graph\">{\"@context\":\"https:\/\/schema.org\",\"@graph\":[{\"@type\":\"Article\",\"@id\":\"https:\/\/www.institutodeengenharia.org.br\/site\/2025\/03\/18\/instituto-de-engenharia-apresenta-proposta-para-construcao-de-consensos-sobre-bioeconomia-na-pan-amazonia\/#article\",\"isPartOf\":{\"@id\":\"https:\/\/www.institutodeengenharia.org.br\/site\/2025\/03\/18\/instituto-de-engenharia-apresenta-proposta-para-construcao-de-consensos-sobre-bioeconomia-na-pan-amazonia\/\"},\"author\":{\"name\":\"Isabel\",\"@id\":\"https:\/\/www.institutodeengenharia.org.br\/site\/#\/schema\/person\/593dc356630173a4877a635d3e5fd76b\"},\"headline\":\"Instituto de Engenharia apresenta proposta para constru\u00e7\u00e3o de consensos sobre Bioeconomia na Pan-Amaz\u00f4nia\",\"datePublished\":\"2025-03-18T13:55:10+00:00\",\"dateModified\":\"2025-03-18T13:56:26+00:00\",\"mainEntityOfPage\":{\"@id\":\"https:\/\/www.institutodeengenharia.org.br\/site\/2025\/03\/18\/instituto-de-engenharia-apresenta-proposta-para-construcao-de-consensos-sobre-bioeconomia-na-pan-amazonia\/\"},\"wordCount\":222,\"commentCount\":0,\"publisher\":{\"@id\":\"https:\/\/www.institutodeengenharia.org.br\/site\/#organization\"},\"image\":{\"@id\":\"https:\/\/www.institutodeengenharia.org.br\/site\/2025\/03\/18\/instituto-de-engenharia-apresenta-proposta-para-construcao-de-consensos-sobre-bioeconomia-na-pan-amazonia\/#primaryimage\"},\"thumbnailUrl\":\"https:\/\/www.institutodeengenharia.org.br\/site\/wp-content\/uploads\/2025\/03\/WhatsApp-Image-2025-03-18-at-10.05.03.jpeg\",\"articleSection\":[\"Amaz\u00f4nia e Bioeconomia\",\"Instituto de Engenharia\",\"Not\u00edcias\"],\"inLanguage\":\"pt-BR\",\"potentialAction\":[{\"@type\":\"CommentAction\",\"name\":\"Comment\",\"target\":[\"https:\/\/www.institutodeengenharia.org.br\/site\/2025\/03\/18\/instituto-de-engenharia-apresenta-proposta-para-construcao-de-consensos-sobre-bioeconomia-na-pan-amazonia\/#respond\"]}]},{\"@type\":\"WebPage\",\"@id\":\"https:\/\/www.institutodeengenharia.org.br\/site\/2025\/03\/18\/instituto-de-engenharia-apresenta-proposta-para-construcao-de-consensos-sobre-bioeconomia-na-pan-amazonia\/\",\"url\":\"https:\/\/www.institutodeengenharia.org.br\/site\/2025\/03\/18\/instituto-de-engenharia-apresenta-proposta-para-construcao-de-consensos-sobre-bioeconomia-na-pan-amazonia\/\",\"name\":\"Instituto de Engenharia apresenta proposta para constru\u00e7\u00e3o de consensos sobre Bioeconomia na Pan-Amaz\u00f4nia - Instituto de Engenharia\",\"isPartOf\":{\"@id\":\"https:\/\/www.institutodeengenharia.org.br\/site\/#website\"},\"primaryImageOfPage\":{\"@id\":\"https:\/\/www.institutodeengenharia.org.br\/site\/2025\/03\/18\/instituto-de-engenharia-apresenta-proposta-para-construcao-de-consensos-sobre-bioeconomia-na-pan-amazonia\/#primaryimage\"},\"image\":{\"@id\":\"https:\/\/www.institutodeengenharia.org.br\/site\/2025\/03\/18\/instituto-de-engenharia-apresenta-proposta-para-construcao-de-consensos-sobre-bioeconomia-na-pan-amazonia\/#primaryimage\"},\"thumbnailUrl\":\"https:\/\/www.institutodeengenharia.org.br\/site\/wp-content\/uploads\/2025\/03\/WhatsApp-Image-2025-03-18-at-10.05.03.jpeg\",\"datePublished\":\"2025-03-18T13:55:10+00:00\",\"dateModified\":\"2025-03-18T13:56:26+00:00\",\"breadcrumb\":{\"@id\":\"https:\/\/www.institutodeengenharia.org.br\/site\/2025\/03\/18\/instituto-de-engenharia-apresenta-proposta-para-construcao-de-consensos-sobre-bioeconomia-na-pan-amazonia\/#breadcrumb\"},\"inLanguage\":\"pt-BR\",\"potentialAction\":[{\"@type\":\"ReadAction\",\"target\":[\"https:\/\/www.institutodeengenharia.org.br\/site\/2025\/03\/18\/instituto-de-engenharia-apresenta-proposta-para-construcao-de-consensos-sobre-bioeconomia-na-pan-amazonia\/\"]}]},{\"@type\":\"ImageObject\",\"inLanguage\":\"pt-BR\",\"@id\":\"https:\/\/www.institutodeengenharia.org.br\/site\/2025\/03\/18\/instituto-de-engenharia-apresenta-proposta-para-construcao-de-consensos-sobre-bioeconomia-na-pan-amazonia\/#primaryimage\",\"url\":\"https:\/\/www.institutodeengenharia.org.br\/site\/wp-content\/uploads\/2025\/03\/WhatsApp-Image-2025-03-18-at-10.05.03.jpeg\",\"contentUrl\":\"https:\/\/www.institutodeengenharia.org.br\/site\/wp-content\/uploads\/2025\/03\/WhatsApp-Image-2025-03-18-at-10.05.03.jpeg\",\"width\":1280,\"height\":853,\"caption\":\"Minist\u00e9rio de Rela\u00e7\u00f5es Exteriores - da esq. p\/ dir.: George Paulus, coordenador do GT Bioeconomia Nacional, Jos\u00e9 Eduardo Jardim, presidente do Instituto de Engenharia, Vanessa Grazziotin, diretora Executiva, Jo\u00e3o Carlos Parkinson, coordenador de Meio Ambiente, e Carlos Salinas, coordenador Tem\u00e1tico sobre Meio Ambiente\"},{\"@type\":\"BreadcrumbList\",\"@id\":\"https:\/\/www.institutodeengenharia.org.br\/site\/2025\/03\/18\/instituto-de-engenharia-apresenta-proposta-para-construcao-de-consensos-sobre-bioeconomia-na-pan-amazonia\/#breadcrumb\",\"itemListElement\":[{\"@type\":\"ListItem\",\"position\":1,\"name\":\"In\u00edcio\",\"item\":\"https:\/\/www.institutodeengenharia.org.br\/site\/\"},{\"@type\":\"ListItem\",\"position\":2,\"name\":\"Instituto de Engenharia apresenta proposta para constru\u00e7\u00e3o de consensos sobre Bioeconomia na Pan-Amaz\u00f4nia\"}]},{\"@type\":\"WebSite\",\"@id\":\"https:\/\/www.institutodeengenharia.org.br\/site\/#website\",\"url\":\"https:\/\/www.institutodeengenharia.org.br\/site\/\",\"name\":\"Instituto de Engenharia\",\"description\":\"O Instituto de Engenharia promove a Engenharia em benef\u00edcio do desenvolvimento e da qualidade de vida da sociedade.\",\"publisher\":{\"@id\":\"https:\/\/www.institutodeengenharia.org.br\/site\/#organization\"},\"potentialAction\":[{\"@type\":\"SearchAction\",\"target\":{\"@type\":\"EntryPoint\",\"urlTemplate\":\"https:\/\/www.institutodeengenharia.org.br\/site\/?s={search_term_string}\"},\"query-input\":{\"@type\":\"PropertyValueSpecification\",\"valueRequired\":true,\"valueName\":\"search_term_string\"}}],\"inLanguage\":\"pt-BR\"},{\"@type\":\"Organization\",\"@id\":\"https:\/\/www.institutodeengenharia.org.br\/site\/#organization\",\"name\":\"Instituto de Engenharia\",\"url\":\"https:\/\/www.institutodeengenharia.org.br\/site\/\",\"logo\":{\"@type\":\"ImageObject\",\"inLanguage\":\"pt-BR\",\"@id\":\"https:\/\/www.institutodeengenharia.org.br\/site\/#\/schema\/logo\/image\/\",\"url\":\"https:\/\/www.institutodeengenharia.org.br\/site\/wp-content\/uploads\/2019\/03\/logo-novo-IE2018-1.jpg\",\"contentUrl\":\"https:\/\/www.institutodeengenharia.org.br\/site\/wp-content\/uploads\/2019\/03\/logo-novo-IE2018-1.jpg\",\"width\":1486,\"height\":1879,\"caption\":\"Instituto de Engenharia\"},\"image\":{\"@id\":\"https:\/\/www.institutodeengenharia.org.br\/site\/#\/schema\/logo\/image\/\"},\"sameAs\":[\"https:\/\/www.facebook.com\/institutodeengenharia\",\"https:\/\/x.com\/iengenharia\",\"https:\/\/www.instagram.com\/institutodeengenharia\/\",\"https:\/\/www.linkedin.com\/company\/instituto-de-engenharia\/\",\"https:\/\/www.youtube.com\/channel\/UCXiCAlsSMe977vamW915HxA\"]},{\"@type\":\"Person\",\"@id\":\"https:\/\/www.institutodeengenharia.org.br\/site\/#\/schema\/person\/593dc356630173a4877a635d3e5fd76b\",\"name\":\"Isabel\",\"image\":{\"@type\":\"ImageObject\",\"inLanguage\":\"pt-BR\",\"@id\":\"https:\/\/secure.gravatar.com\/avatar\/f3c521db63ec9db17894f10a88c6a3cf95b2281d7f80eeb3cf3ef1cb091576e7?s=96&d=mm&r=g\",\"url\":\"https:\/\/secure.gravatar.com\/avatar\/f3c521db63ec9db17894f10a88c6a3cf95b2281d7f80eeb3cf3ef1cb091576e7?s=96&d=mm&r=g\",\"contentUrl\":\"https:\/\/secure.gravatar.com\/avatar\/f3c521db63ec9db17894f10a88c6a3cf95b2281d7f80eeb3cf3ef1cb091576e7?s=96&d=mm&r=g\",\"caption\":\"Isabel\"},\"url\":\"https:\/\/www.institutodeengenharia.org.br\/site\/author\/comunicacao2\/\"}]}<\/script>\n<!-- \/ Yoast SEO plugin. -->","yoast_head_json":{"title":"Instituto de Engenharia apresenta proposta para constru\u00e7\u00e3o de consensos sobre Bioeconomia na Pan-Amaz\u00f4nia - Instituto de Engenharia","robots":{"index":"index","follow":"follow","max-snippet":"max-snippet:-1","max-image-preview":"max-image-preview:large","max-video-preview":"max-video-preview:-1"},"canonical":"https:\/\/www.institutodeengenharia.org.br\/site\/2025\/03\/18\/instituto-de-engenharia-apresenta-proposta-para-construcao-de-consensos-sobre-bioeconomia-na-pan-amazonia\/","og_locale":"pt_BR","og_type":"article","og_title":"Instituto de Engenharia apresenta proposta para constru\u00e7\u00e3o de consensos sobre Bioeconomia na Pan-Amaz\u00f4nia - Instituto de Engenharia","og_description":"Em continuidade \u00e0s discuss\u00f5es sobre Bioeconomia no contexto da COP30, o Instituto de Engenharia apresentou, nesta segunda-feira (17), no Itamaraty, os desdobramentos do projeto &#8220;Uma Base de Conhecimento para a Estrat\u00e9gia Nacional de Bioeconomias&#8220;, conclu\u00eddo em 2024. A nova etapa da iniciativa ter\u00e1 foco na Amaz\u00f4nia, buscando a constru\u00e7\u00e3o de consensos entre os pa\u00edses da [&hellip;]","og_url":"https:\/\/www.institutodeengenharia.org.br\/site\/2025\/03\/18\/instituto-de-engenharia-apresenta-proposta-para-construcao-de-consensos-sobre-bioeconomia-na-pan-amazonia\/","og_site_name":"Instituto de Engenharia","article_publisher":"https:\/\/www.facebook.com\/institutodeengenharia","article_published_time":"2025-03-18T13:55:10+00:00","article_modified_time":"2025-03-18T13:56:26+00:00","og_image":[{"width":1280,"height":853,"url":"https:\/\/www.institutodeengenharia.org.br\/site\/wp-content\/uploads\/2025\/03\/WhatsApp-Image-2025-03-18-at-10.05.03.jpeg","type":"image\/jpeg"}],"author":"Isabel","twitter_card":"summary_large_image","twitter_creator":"@iengenharia","twitter_site":"@iengenharia","twitter_misc":{"Escrito por":"Isabel","Est. tempo de leitura":"2 minutos"},"schema":{"@context":"https:\/\/schema.org","@graph":[{"@type":"Article","@id":"https:\/\/www.institutodeengenharia.org.br\/site\/2025\/03\/18\/instituto-de-engenharia-apresenta-proposta-para-construcao-de-consensos-sobre-bioeconomia-na-pan-amazonia\/#article","isPartOf":{"@id":"https:\/\/www.institutodeengenharia.org.br\/site\/2025\/03\/18\/instituto-de-engenharia-apresenta-proposta-para-construcao-de-consensos-sobre-bioeconomia-na-pan-amazonia\/"},"author":{"name":"Isabel","@id":"https:\/\/www.institutodeengenharia.org.br\/site\/#\/schema\/person\/593dc356630173a4877a635d3e5fd76b"},"headline":"Instituto de Engenharia apresenta proposta para constru\u00e7\u00e3o de consensos sobre Bioeconomia na Pan-Amaz\u00f4nia","datePublished":"2025-03-18T13:55:10+00:00","dateModified":"2025-03-18T13:56:26+00:00","mainEntityOfPage":{"@id":"https:\/\/www.institutodeengenharia.org.br\/site\/2025\/03\/18\/instituto-de-engenharia-apresenta-proposta-para-construcao-de-consensos-sobre-bioeconomia-na-pan-amazonia\/"},"wordCount":222,"commentCount":0,"publisher":{"@id":"https:\/\/www.institutodeengenharia.org.br\/site\/#organization"},"image":{"@id":"https:\/\/www.institutodeengenharia.org.br\/site\/2025\/03\/18\/instituto-de-engenharia-apresenta-proposta-para-construcao-de-consensos-sobre-bioeconomia-na-pan-amazonia\/#primaryimage"},"thumbnailUrl":"https:\/\/www.institutodeengenharia.org.br\/site\/wp-content\/uploads\/2025\/03\/WhatsApp-Image-2025-03-18-at-10.05.03.jpeg","articleSection":["Amaz\u00f4nia e Bioeconomia","Instituto de Engenharia","Not\u00edcias"],"inLanguage":"pt-BR","potentialAction":[{"@type":"CommentAction","name":"Comment","target":["https:\/\/www.institutodeengenharia.org.br\/site\/2025\/03\/18\/instituto-de-engenharia-apresenta-proposta-para-construcao-de-consensos-sobre-bioeconomia-na-pan-amazonia\/#respond"]}]},{"@type":"WebPage","@id":"https:\/\/www.institutodeengenharia.org.br\/site\/2025\/03\/18\/instituto-de-engenharia-apresenta-proposta-para-construcao-de-consensos-sobre-bioeconomia-na-pan-amazonia\/","url":"https:\/\/www.institutodeengenharia.org.br\/site\/2025\/03\/18\/instituto-de-engenharia-apresenta-proposta-para-construcao-de-consensos-sobre-bioeconomia-na-pan-amazonia\/","name":"Instituto de Engenharia apresenta proposta para constru\u00e7\u00e3o de consensos sobre Bioeconomia na Pan-Amaz\u00f4nia - Instituto de Engenharia","isPartOf":{"@id":"https:\/\/www.institutodeengenharia.org.br\/site\/#website"},"primaryImageOfPage":{"@id":"https:\/\/www.institutodeengenharia.org.br\/site\/2025\/03\/18\/instituto-de-engenharia-apresenta-proposta-para-construcao-de-consensos-sobre-bioeconomia-na-pan-amazonia\/#primaryimage"},"image":{"@id":"https:\/\/www.institutodeengenharia.org.br\/site\/2025\/03\/18\/instituto-de-engenharia-apresenta-proposta-para-construcao-de-consensos-sobre-bioeconomia-na-pan-amazonia\/#primaryimage"},"thumbnailUrl":"https:\/\/www.institutodeengenharia.org.br\/site\/wp-content\/uploads\/2025\/03\/WhatsApp-Image-2025-03-18-at-10.05.03.jpeg","datePublished":"2025-03-18T13:55:10+00:00","dateModified":"2025-03-18T13:56:26+00:00","breadcrumb":{"@id":"https:\/\/www.institutodeengenharia.org.br\/site\/2025\/03\/18\/instituto-de-engenharia-apresenta-proposta-para-construcao-de-consensos-sobre-bioeconomia-na-pan-amazonia\/#breadcrumb"},"inLanguage":"pt-BR","potentialAction":[{"@type":"ReadAction","target":["https:\/\/www.institutodeengenharia.org.br\/site\/2025\/03\/18\/instituto-de-engenharia-apresenta-proposta-para-construcao-de-consensos-sobre-bioeconomia-na-pan-amazonia\/"]}]},{"@type":"ImageObject","inLanguage":"pt-BR","@id":"https:\/\/www.institutodeengenharia.org.br\/site\/2025\/03\/18\/instituto-de-engenharia-apresenta-proposta-para-construcao-de-consensos-sobre-bioeconomia-na-pan-amazonia\/#primaryimage","url":"https:\/\/www.institutodeengenharia.org.br\/site\/wp-content\/uploads\/2025\/03\/WhatsApp-Image-2025-03-18-at-10.05.03.jpeg","contentUrl":"https:\/\/www.institutodeengenharia.org.br\/site\/wp-content\/uploads\/2025\/03\/WhatsApp-Image-2025-03-18-at-10.05.03.jpeg","width":1280,"height":853,"caption":"Minist\u00e9rio de Rela\u00e7\u00f5es Exteriores - da esq. p\/ dir.: George Paulus, coordenador do GT Bioeconomia Nacional, Jos\u00e9 Eduardo Jardim, presidente do Instituto de Engenharia, Vanessa Grazziotin, diretora Executiva, Jo\u00e3o Carlos Parkinson, coordenador de Meio Ambiente, e Carlos Salinas, coordenador Tem\u00e1tico sobre Meio Ambiente"},{"@type":"BreadcrumbList","@id":"https:\/\/www.institutodeengenharia.org.br\/site\/2025\/03\/18\/instituto-de-engenharia-apresenta-proposta-para-construcao-de-consensos-sobre-bioeconomia-na-pan-amazonia\/#breadcrumb","itemListElement":[{"@type":"ListItem","position":1,"name":"In\u00edcio","item":"https:\/\/www.institutodeengenharia.org.br\/site\/"},{"@type":"ListItem","position":2,"name":"Instituto de Engenharia apresenta proposta para constru\u00e7\u00e3o de consensos sobre Bioeconomia na Pan-Amaz\u00f4nia"}]},{"@type":"WebSite","@id":"https:\/\/www.institutodeengenharia.org.br\/site\/#website","url":"https:\/\/www.institutodeengenharia.org.br\/site\/","name":"Instituto de Engenharia","description":"O Instituto de Engenharia promove a Engenharia em benef\u00edcio do desenvolvimento e da qualidade de vida da sociedade.","publisher":{"@id":"https:\/\/www.institutodeengenharia.org.br\/site\/#organization"},"potentialAction":[{"@type":"SearchAction","target":{"@type":"EntryPoint","urlTemplate":"https:\/\/www.institutodeengenharia.org.br\/site\/?s={search_term_string}"},"query-input":{"@type":"PropertyValueSpecification","valueRequired":true,"valueName":"search_term_string"}}],"inLanguage":"pt-BR"},{"@type":"Organization","@id":"https:\/\/www.institutodeengenharia.org.br\/site\/#organization","name":"Instituto de Engenharia","url":"https:\/\/www.institutodeengenharia.org.br\/site\/","logo":{"@type":"ImageObject","inLanguage":"pt-BR","@id":"https:\/\/www.institutodeengenharia.org.br\/site\/#\/schema\/logo\/image\/","url":"https:\/\/www.institutodeengenharia.org.br\/site\/wp-content\/uploads\/2019\/03\/logo-novo-IE2018-1.jpg","contentUrl":"https:\/\/www.institutodeengenharia.org.br\/site\/wp-content\/uploads\/2019\/03\/logo-novo-IE2018-1.jpg","width":1486,"height":1879,"caption":"Instituto de Engenharia"},"image":{"@id":"https:\/\/www.institutodeengenharia.org.br\/site\/#\/schema\/logo\/image\/"},"sameAs":["https:\/\/www.facebook.com\/institutodeengenharia","https:\/\/x.com\/iengenharia","https:\/\/www.instagram.com\/institutodeengenharia\/","https:\/\/www.linkedin.com\/company\/instituto-de-engenharia\/","https:\/\/www.youtube.com\/channel\/UCXiCAlsSMe977vamW915HxA"]},{"@type":"Person","@id":"https:\/\/www.institutodeengenharia.org.br\/site\/#\/schema\/person\/593dc356630173a4877a635d3e5fd76b","name":"Isabel","image":{"@type":"ImageObject","inLanguage":"pt-BR","@id":"https:\/\/secure.gravatar.com\/avatar\/f3c521db63ec9db17894f10a88c6a3cf95b2281d7f80eeb3cf3ef1cb091576e7?s=96&d=mm&r=g","url":"https:\/\/secure.gravatar.com\/avatar\/f3c521db63ec9db17894f10a88c6a3cf95b2281d7f80eeb3cf3ef1cb091576e7?s=96&d=mm&r=g","contentUrl":"https:\/\/secure.gravatar.com\/avatar\/f3c521db63ec9db17894f10a88c6a3cf95b2281d7f80eeb3cf3ef1cb091576e7?s=96&d=mm&r=g","caption":"Isabel"},"url":"https:\/\/www.institutodeengenharia.org.br\/site\/author\/comunicacao2\/"}]}},"_links":{"self":[{"href":"https:\/\/www.institutodeengenharia.org.br\/site\/wp-json\/wp\/v2\/posts\/127376","targetHints":{"allow":["GET"]}}],"collection":[{"href":"https:\/\/www.institutodeengenharia.org.br\/site\/wp-json\/wp\/v2\/posts"}],"about":[{"href":"https:\/\/www.institutodeengenharia.org.br\/site\/wp-json\/wp\/v2\/types\/post"}],"author":[{"embeddable":true,"href":"https:\/\/www.institutodeengenharia.org.br\/site\/wp-json\/wp\/v2\/users\/14"}],"replies":[{"embeddable":true,"href":"https:\/\/www.institutodeengenharia.org.br\/site\/wp-json\/wp\/v2\/comments?post=127376"}],"version-history":[{"count":2,"href":"https:\/\/www.institutodeengenharia.org.br\/site\/wp-json\/wp\/v2\/posts\/127376\/revisions"}],"predecessor-version":[{"id":127380,"href":"https:\/\/www.institutodeengenharia.org.br\/site\/wp-json\/wp\/v2\/posts\/127376\/revisions\/127380"}],"wp:featuredmedia":[{"embeddable":true,"href":"https:\/\/www.institutodeengenharia.org.br\/site\/wp-json\/wp\/v2\/media\/127372"}],"wp:attachment":[{"href":"https:\/\/www.institutodeengenharia.org.br\/site\/wp-json\/wp\/v2\/media?parent=127376"}],"wp:term":[{"taxonomy":"category","embeddable":true,"href":"https:\/\/www.institutodeengenharia.org.br\/site\/wp-json\/wp\/v2\/categories?post=127376"},{"taxonomy":"post_tag","embeddable":true,"href":"https:\/\/www.institutodeengenharia.org.br\/site\/wp-json\/wp\/v2\/tags?post=127376"}],"curies":[{"name":"wp","href":"https:\/\/api.w.org\/{rel}","templated":true}]}}