{"id":127343,"date":"2025-03-17T16:03:31","date_gmt":"2025-03-17T19:03:31","guid":{"rendered":"https:\/\/www.institutodeengenharia.org.br\/site\/?p=127343"},"modified":"2025-03-18T10:56:21","modified_gmt":"2025-03-18T13:56:21","slug":"foto-legenda-ie-prestigia-posse-da-diretoria-da-federacao-nacional-dos-engenheiros","status":"publish","type":"post","link":"https:\/\/www.institutodeengenharia.org.br\/site\/2025\/03\/17\/foto-legenda-ie-prestigia-posse-da-diretoria-da-federacao-nacional-dos-engenheiros\/","title":{"rendered":"Foto legenda &#8211; IE prestigia posse da diretoria da Federa\u00e7\u00e3o Nacional dos Engenheiros"},"content":{"rendered":"<p><em>Lawrence Koo, VP de Rela\u00e7\u00f5es Externas do Instituto de Engenharia, representou o presidente da Casa, Jos\u00e9 Eduardo Jardim, na cerim\u00f4nia de posse da diretoria da Federa\u00e7\u00e3o Nacional dos Engenheiros &#8211; gest\u00e3o 2025\/2028-, que aconteceu nesta segunda (17), no audit\u00f3rio do SEESP. A cerim\u00f4nia contou, tamb\u00e9m, com a presen\u00e7a do vice-governador de S\u00e3o Paulo, Fel\u00edcio Ramuth.<\/em><\/p>\n<p><a href=\"https:\/\/www.fne.org.br\/index.php\/todas-as-noticias\/7312-vice-governador-parlamentares-e-liderancas-prestigiarao-posse-da-fne\">Clique aqui<\/a> e confira a diretoria completa.<\/p>\n","protected":false},"excerpt":{"rendered":"<p>Lawrence Koo, VP de Rela\u00e7\u00f5es Externas do Instituto de Engenharia, representou o presidente da Casa, Jos\u00e9 Eduardo Jardim, na cerim\u00f4nia de posse da diretoria da Federa\u00e7\u00e3o Nacional dos Engenheiros &#8211; gest\u00e3o 2025\/2028-, que aconteceu nesta segunda (17), no audit\u00f3rio do SEESP. A cerim\u00f4nia contou, tamb\u00e9m, com a presen\u00e7a do vice-governador de S\u00e3o Paulo, Fel\u00edcio Ramuth. [&hellip;]<\/p>\n","protected":false},"author":14,"featured_media":127344,"comment_status":"open","ping_status":"open","sticky":false,"template":"","format":"standard","meta":{"footnotes":""},"categories":[27,141],"tags":[],"class_list":{"0":"post-127343","1":"post","2":"type-post","3":"status-publish","4":"format-standard","5":"has-post-thumbnail","7":"category-instituto-de-engenharia","8":"category-noticias-menu"},"yoast_head":"<!-- This site is optimized with the Yoast SEO plugin v27.2 - https:\/\/yoast.com\/product\/yoast-seo-wordpress\/ -->\n<title>Foto legenda - IE prestigia posse da diretoria da Federa\u00e7\u00e3o Nacional dos Engenheiros - Instituto de Engenharia<\/title>\n<meta name=\"robots\" content=\"index, follow, max-snippet:-1, max-image-preview:large, max-video-preview:-1\" \/>\n<link rel=\"canonical\" href=\"https:\/\/www.institutodeengenharia.org.br\/site\/2025\/03\/17\/foto-legenda-ie-prestigia-posse-da-diretoria-da-federacao-nacional-dos-engenheiros\/\" \/>\n<meta property=\"og:locale\" content=\"pt_BR\" \/>\n<meta property=\"og:type\" content=\"article\" \/>\n<meta property=\"og:title\" content=\"Foto legenda - IE prestigia posse da diretoria da Federa\u00e7\u00e3o Nacional dos Engenheiros - Instituto de Engenharia\" \/>\n<meta property=\"og:description\" content=\"Lawrence Koo, VP de Rela\u00e7\u00f5es Externas do Instituto de Engenharia, representou o presidente da Casa, Jos\u00e9 Eduardo Jardim, na cerim\u00f4nia de posse da diretoria da Federa\u00e7\u00e3o Nacional dos Engenheiros &#8211; gest\u00e3o 2025\/2028-, que aconteceu nesta segunda (17), no audit\u00f3rio do SEESP. A cerim\u00f4nia contou, tamb\u00e9m, com a presen\u00e7a do vice-governador de S\u00e3o Paulo, Fel\u00edcio Ramuth. [&hellip;]\" \/>\n<meta property=\"og:url\" content=\"https:\/\/www.institutodeengenharia.org.br\/site\/2025\/03\/17\/foto-legenda-ie-prestigia-posse-da-diretoria-da-federacao-nacional-dos-engenheiros\/\" \/>\n<meta property=\"og:site_name\" content=\"Instituto de Engenharia\" \/>\n<meta property=\"article:publisher\" content=\"https:\/\/www.facebook.com\/institutodeengenharia\" \/>\n<meta property=\"article:published_time\" content=\"2025-03-17T19:03:31+00:00\" \/>\n<meta property=\"article:modified_time\" content=\"2025-03-18T13:56:21+00:00\" \/>\n<meta property=\"og:image\" content=\"https:\/\/www.institutodeengenharia.org.br\/site\/wp-content\/uploads\/2025\/03\/WhatsApp-Image-2025-03-17-at-15.57.19.jpeg\" \/>\n\t<meta property=\"og:image:width\" content=\"1600\" \/>\n\t<meta property=\"og:image:height\" content=\"747\" \/>\n\t<meta property=\"og:image:type\" content=\"image\/jpeg\" \/>\n<meta name=\"author\" content=\"Isabel\" \/>\n<meta name=\"twitter:card\" content=\"summary_large_image\" \/>\n<meta name=\"twitter:creator\" content=\"@iengenharia\" \/>\n<meta name=\"twitter:site\" content=\"@iengenharia\" \/>\n<meta name=\"twitter:label1\" content=\"Escrito por\" \/>\n\t<meta name=\"twitter:data1\" content=\"Isabel\" \/>\n\t<meta name=\"twitter:label2\" content=\"Est. tempo de leitura\" \/>\n\t<meta name=\"twitter:data2\" content=\"1 minuto\" \/>\n<script type=\"application\/ld+json\" class=\"yoast-schema-graph\">{\"@context\":\"https:\/\/schema.org\",\"@graph\":[{\"@type\":\"Article\",\"@id\":\"https:\/\/www.institutodeengenharia.org.br\/site\/2025\/03\/17\/foto-legenda-ie-prestigia-posse-da-diretoria-da-federacao-nacional-dos-engenheiros\/#article\",\"isPartOf\":{\"@id\":\"https:\/\/www.institutodeengenharia.org.br\/site\/2025\/03\/17\/foto-legenda-ie-prestigia-posse-da-diretoria-da-federacao-nacional-dos-engenheiros\/\"},\"author\":{\"name\":\"Isabel\",\"@id\":\"https:\/\/www.institutodeengenharia.org.br\/site\/#\/schema\/person\/593dc356630173a4877a635d3e5fd76b\"},\"headline\":\"Foto legenda &#8211; IE prestigia posse da diretoria da Federa\u00e7\u00e3o Nacional dos Engenheiros\",\"datePublished\":\"2025-03-17T19:03:31+00:00\",\"dateModified\":\"2025-03-18T13:56:21+00:00\",\"mainEntityOfPage\":{\"@id\":\"https:\/\/www.institutodeengenharia.org.br\/site\/2025\/03\/17\/foto-legenda-ie-prestigia-posse-da-diretoria-da-federacao-nacional-dos-engenheiros\/\"},\"wordCount\":85,\"commentCount\":0,\"publisher\":{\"@id\":\"https:\/\/www.institutodeengenharia.org.br\/site\/#organization\"},\"image\":{\"@id\":\"https:\/\/www.institutodeengenharia.org.br\/site\/2025\/03\/17\/foto-legenda-ie-prestigia-posse-da-diretoria-da-federacao-nacional-dos-engenheiros\/#primaryimage\"},\"thumbnailUrl\":\"https:\/\/www.institutodeengenharia.org.br\/site\/wp-content\/uploads\/2025\/03\/WhatsApp-Image-2025-03-17-at-15.57.19.jpeg\",\"articleSection\":[\"Instituto de Engenharia\",\"Not\u00edcias\"],\"inLanguage\":\"pt-BR\",\"potentialAction\":[{\"@type\":\"CommentAction\",\"name\":\"Comment\",\"target\":[\"https:\/\/www.institutodeengenharia.org.br\/site\/2025\/03\/17\/foto-legenda-ie-prestigia-posse-da-diretoria-da-federacao-nacional-dos-engenheiros\/#respond\"]}]},{\"@type\":\"WebPage\",\"@id\":\"https:\/\/www.institutodeengenharia.org.br\/site\/2025\/03\/17\/foto-legenda-ie-prestigia-posse-da-diretoria-da-federacao-nacional-dos-engenheiros\/\",\"url\":\"https:\/\/www.institutodeengenharia.org.br\/site\/2025\/03\/17\/foto-legenda-ie-prestigia-posse-da-diretoria-da-federacao-nacional-dos-engenheiros\/\",\"name\":\"Foto legenda - IE prestigia posse da diretoria da Federa\u00e7\u00e3o Nacional dos Engenheiros - Instituto de Engenharia\",\"isPartOf\":{\"@id\":\"https:\/\/www.institutodeengenharia.org.br\/site\/#website\"},\"primaryImageOfPage\":{\"@id\":\"https:\/\/www.institutodeengenharia.org.br\/site\/2025\/03\/17\/foto-legenda-ie-prestigia-posse-da-diretoria-da-federacao-nacional-dos-engenheiros\/#primaryimage\"},\"image\":{\"@id\":\"https:\/\/www.institutodeengenharia.org.br\/site\/2025\/03\/17\/foto-legenda-ie-prestigia-posse-da-diretoria-da-federacao-nacional-dos-engenheiros\/#primaryimage\"},\"thumbnailUrl\":\"https:\/\/www.institutodeengenharia.org.br\/site\/wp-content\/uploads\/2025\/03\/WhatsApp-Image-2025-03-17-at-15.57.19.jpeg\",\"datePublished\":\"2025-03-17T19:03:31+00:00\",\"dateModified\":\"2025-03-18T13:56:21+00:00\",\"breadcrumb\":{\"@id\":\"https:\/\/www.institutodeengenharia.org.br\/site\/2025\/03\/17\/foto-legenda-ie-prestigia-posse-da-diretoria-da-federacao-nacional-dos-engenheiros\/#breadcrumb\"},\"inLanguage\":\"pt-BR\",\"potentialAction\":[{\"@type\":\"ReadAction\",\"target\":[\"https:\/\/www.institutodeengenharia.org.br\/site\/2025\/03\/17\/foto-legenda-ie-prestigia-posse-da-diretoria-da-federacao-nacional-dos-engenheiros\/\"]}]},{\"@type\":\"ImageObject\",\"inLanguage\":\"pt-BR\",\"@id\":\"https:\/\/www.institutodeengenharia.org.br\/site\/2025\/03\/17\/foto-legenda-ie-prestigia-posse-da-diretoria-da-federacao-nacional-dos-engenheiros\/#primaryimage\",\"url\":\"https:\/\/www.institutodeengenharia.org.br\/site\/wp-content\/uploads\/2025\/03\/WhatsApp-Image-2025-03-17-at-15.57.19.jpeg\",\"contentUrl\":\"https:\/\/www.institutodeengenharia.org.br\/site\/wp-content\/uploads\/2025\/03\/WhatsApp-Image-2025-03-17-at-15.57.19.jpeg\",\"width\":1600,\"height\":747},{\"@type\":\"BreadcrumbList\",\"@id\":\"https:\/\/www.institutodeengenharia.org.br\/site\/2025\/03\/17\/foto-legenda-ie-prestigia-posse-da-diretoria-da-federacao-nacional-dos-engenheiros\/#breadcrumb\",\"itemListElement\":[{\"@type\":\"ListItem\",\"position\":1,\"name\":\"In\u00edcio\",\"item\":\"https:\/\/www.institutodeengenharia.org.br\/site\/\"},{\"@type\":\"ListItem\",\"position\":2,\"name\":\"Foto legenda &#8211; IE prestigia posse da diretoria da Federa\u00e7\u00e3o Nacional dos Engenheiros\"}]},{\"@type\":\"WebSite\",\"@id\":\"https:\/\/www.institutodeengenharia.org.br\/site\/#website\",\"url\":\"https:\/\/www.institutodeengenharia.org.br\/site\/\",\"name\":\"Instituto de Engenharia\",\"description\":\"O Instituto de Engenharia promove a Engenharia em benef\u00edcio do desenvolvimento e da qualidade de vida da sociedade.\",\"publisher\":{\"@id\":\"https:\/\/www.institutodeengenharia.org.br\/site\/#organization\"},\"potentialAction\":[{\"@type\":\"SearchAction\",\"target\":{\"@type\":\"EntryPoint\",\"urlTemplate\":\"https:\/\/www.institutodeengenharia.org.br\/site\/?s={search_term_string}\"},\"query-input\":{\"@type\":\"PropertyValueSpecification\",\"valueRequired\":true,\"valueName\":\"search_term_string\"}}],\"inLanguage\":\"pt-BR\"},{\"@type\":\"Organization\",\"@id\":\"https:\/\/www.institutodeengenharia.org.br\/site\/#organization\",\"name\":\"Instituto de Engenharia\",\"url\":\"https:\/\/www.institutodeengenharia.org.br\/site\/\",\"logo\":{\"@type\":\"ImageObject\",\"inLanguage\":\"pt-BR\",\"@id\":\"https:\/\/www.institutodeengenharia.org.br\/site\/#\/schema\/logo\/image\/\",\"url\":\"https:\/\/www.institutodeengenharia.org.br\/site\/wp-content\/uploads\/2019\/03\/logo-novo-IE2018-1.jpg\",\"contentUrl\":\"https:\/\/www.institutodeengenharia.org.br\/site\/wp-content\/uploads\/2019\/03\/logo-novo-IE2018-1.jpg\",\"width\":1486,\"height\":1879,\"caption\":\"Instituto de Engenharia\"},\"image\":{\"@id\":\"https:\/\/www.institutodeengenharia.org.br\/site\/#\/schema\/logo\/image\/\"},\"sameAs\":[\"https:\/\/www.facebook.com\/institutodeengenharia\",\"https:\/\/x.com\/iengenharia\",\"https:\/\/www.instagram.com\/institutodeengenharia\/\",\"https:\/\/www.linkedin.com\/company\/instituto-de-engenharia\/\",\"https:\/\/www.youtube.com\/channel\/UCXiCAlsSMe977vamW915HxA\"]},{\"@type\":\"Person\",\"@id\":\"https:\/\/www.institutodeengenharia.org.br\/site\/#\/schema\/person\/593dc356630173a4877a635d3e5fd76b\",\"name\":\"Isabel\",\"image\":{\"@type\":\"ImageObject\",\"inLanguage\":\"pt-BR\",\"@id\":\"https:\/\/secure.gravatar.com\/avatar\/f3c521db63ec9db17894f10a88c6a3cf95b2281d7f80eeb3cf3ef1cb091576e7?s=96&d=mm&r=g\",\"url\":\"https:\/\/secure.gravatar.com\/avatar\/f3c521db63ec9db17894f10a88c6a3cf95b2281d7f80eeb3cf3ef1cb091576e7?s=96&d=mm&r=g\",\"contentUrl\":\"https:\/\/secure.gravatar.com\/avatar\/f3c521db63ec9db17894f10a88c6a3cf95b2281d7f80eeb3cf3ef1cb091576e7?s=96&d=mm&r=g\",\"caption\":\"Isabel\"},\"url\":\"https:\/\/www.institutodeengenharia.org.br\/site\/author\/comunicacao2\/\"}]}<\/script>\n<!-- \/ Yoast SEO plugin. -->","yoast_head_json":{"title":"Foto legenda - IE prestigia posse da diretoria da Federa\u00e7\u00e3o Nacional dos Engenheiros - Instituto de Engenharia","robots":{"index":"index","follow":"follow","max-snippet":"max-snippet:-1","max-image-preview":"max-image-preview:large","max-video-preview":"max-video-preview:-1"},"canonical":"https:\/\/www.institutodeengenharia.org.br\/site\/2025\/03\/17\/foto-legenda-ie-prestigia-posse-da-diretoria-da-federacao-nacional-dos-engenheiros\/","og_locale":"pt_BR","og_type":"article","og_title":"Foto legenda - IE prestigia posse da diretoria da Federa\u00e7\u00e3o Nacional dos Engenheiros - Instituto de Engenharia","og_description":"Lawrence Koo, VP de Rela\u00e7\u00f5es Externas do Instituto de Engenharia, representou o presidente da Casa, Jos\u00e9 Eduardo Jardim, na cerim\u00f4nia de posse da diretoria da Federa\u00e7\u00e3o Nacional dos Engenheiros &#8211; gest\u00e3o 2025\/2028-, que aconteceu nesta segunda (17), no audit\u00f3rio do SEESP. A cerim\u00f4nia contou, tamb\u00e9m, com a presen\u00e7a do vice-governador de S\u00e3o Paulo, Fel\u00edcio Ramuth. [&hellip;]","og_url":"https:\/\/www.institutodeengenharia.org.br\/site\/2025\/03\/17\/foto-legenda-ie-prestigia-posse-da-diretoria-da-federacao-nacional-dos-engenheiros\/","og_site_name":"Instituto de Engenharia","article_publisher":"https:\/\/www.facebook.com\/institutodeengenharia","article_published_time":"2025-03-17T19:03:31+00:00","article_modified_time":"2025-03-18T13:56:21+00:00","og_image":[{"width":1600,"height":747,"url":"https:\/\/www.institutodeengenharia.org.br\/site\/wp-content\/uploads\/2025\/03\/WhatsApp-Image-2025-03-17-at-15.57.19.jpeg","type":"image\/jpeg"}],"author":"Isabel","twitter_card":"summary_large_image","twitter_creator":"@iengenharia","twitter_site":"@iengenharia","twitter_misc":{"Escrito por":"Isabel","Est. tempo de leitura":"1 minuto"},"schema":{"@context":"https:\/\/schema.org","@graph":[{"@type":"Article","@id":"https:\/\/www.institutodeengenharia.org.br\/site\/2025\/03\/17\/foto-legenda-ie-prestigia-posse-da-diretoria-da-federacao-nacional-dos-engenheiros\/#article","isPartOf":{"@id":"https:\/\/www.institutodeengenharia.org.br\/site\/2025\/03\/17\/foto-legenda-ie-prestigia-posse-da-diretoria-da-federacao-nacional-dos-engenheiros\/"},"author":{"name":"Isabel","@id":"https:\/\/www.institutodeengenharia.org.br\/site\/#\/schema\/person\/593dc356630173a4877a635d3e5fd76b"},"headline":"Foto legenda &#8211; IE prestigia posse da diretoria da Federa\u00e7\u00e3o Nacional dos Engenheiros","datePublished":"2025-03-17T19:03:31+00:00","dateModified":"2025-03-18T13:56:21+00:00","mainEntityOfPage":{"@id":"https:\/\/www.institutodeengenharia.org.br\/site\/2025\/03\/17\/foto-legenda-ie-prestigia-posse-da-diretoria-da-federacao-nacional-dos-engenheiros\/"},"wordCount":85,"commentCount":0,"publisher":{"@id":"https:\/\/www.institutodeengenharia.org.br\/site\/#organization"},"image":{"@id":"https:\/\/www.institutodeengenharia.org.br\/site\/2025\/03\/17\/foto-legenda-ie-prestigia-posse-da-diretoria-da-federacao-nacional-dos-engenheiros\/#primaryimage"},"thumbnailUrl":"https:\/\/www.institutodeengenharia.org.br\/site\/wp-content\/uploads\/2025\/03\/WhatsApp-Image-2025-03-17-at-15.57.19.jpeg","articleSection":["Instituto de Engenharia","Not\u00edcias"],"inLanguage":"pt-BR","potentialAction":[{"@type":"CommentAction","name":"Comment","target":["https:\/\/www.institutodeengenharia.org.br\/site\/2025\/03\/17\/foto-legenda-ie-prestigia-posse-da-diretoria-da-federacao-nacional-dos-engenheiros\/#respond"]}]},{"@type":"WebPage","@id":"https:\/\/www.institutodeengenharia.org.br\/site\/2025\/03\/17\/foto-legenda-ie-prestigia-posse-da-diretoria-da-federacao-nacional-dos-engenheiros\/","url":"https:\/\/www.institutodeengenharia.org.br\/site\/2025\/03\/17\/foto-legenda-ie-prestigia-posse-da-diretoria-da-federacao-nacional-dos-engenheiros\/","name":"Foto legenda - IE prestigia posse da diretoria da Federa\u00e7\u00e3o Nacional dos Engenheiros - Instituto de Engenharia","isPartOf":{"@id":"https:\/\/www.institutodeengenharia.org.br\/site\/#website"},"primaryImageOfPage":{"@id":"https:\/\/www.institutodeengenharia.org.br\/site\/2025\/03\/17\/foto-legenda-ie-prestigia-posse-da-diretoria-da-federacao-nacional-dos-engenheiros\/#primaryimage"},"image":{"@id":"https:\/\/www.institutodeengenharia.org.br\/site\/2025\/03\/17\/foto-legenda-ie-prestigia-posse-da-diretoria-da-federacao-nacional-dos-engenheiros\/#primaryimage"},"thumbnailUrl":"https:\/\/www.institutodeengenharia.org.br\/site\/wp-content\/uploads\/2025\/03\/WhatsApp-Image-2025-03-17-at-15.57.19.jpeg","datePublished":"2025-03-17T19:03:31+00:00","dateModified":"2025-03-18T13:56:21+00:00","breadcrumb":{"@id":"https:\/\/www.institutodeengenharia.org.br\/site\/2025\/03\/17\/foto-legenda-ie-prestigia-posse-da-diretoria-da-federacao-nacional-dos-engenheiros\/#breadcrumb"},"inLanguage":"pt-BR","potentialAction":[{"@type":"ReadAction","target":["https:\/\/www.institutodeengenharia.org.br\/site\/2025\/03\/17\/foto-legenda-ie-prestigia-posse-da-diretoria-da-federacao-nacional-dos-engenheiros\/"]}]},{"@type":"ImageObject","inLanguage":"pt-BR","@id":"https:\/\/www.institutodeengenharia.org.br\/site\/2025\/03\/17\/foto-legenda-ie-prestigia-posse-da-diretoria-da-federacao-nacional-dos-engenheiros\/#primaryimage","url":"https:\/\/www.institutodeengenharia.org.br\/site\/wp-content\/uploads\/2025\/03\/WhatsApp-Image-2025-03-17-at-15.57.19.jpeg","contentUrl":"https:\/\/www.institutodeengenharia.org.br\/site\/wp-content\/uploads\/2025\/03\/WhatsApp-Image-2025-03-17-at-15.57.19.jpeg","width":1600,"height":747},{"@type":"BreadcrumbList","@id":"https:\/\/www.institutodeengenharia.org.br\/site\/2025\/03\/17\/foto-legenda-ie-prestigia-posse-da-diretoria-da-federacao-nacional-dos-engenheiros\/#breadcrumb","itemListElement":[{"@type":"ListItem","position":1,"name":"In\u00edcio","item":"https:\/\/www.institutodeengenharia.org.br\/site\/"},{"@type":"ListItem","position":2,"name":"Foto legenda &#8211; IE prestigia posse da diretoria da Federa\u00e7\u00e3o Nacional dos Engenheiros"}]},{"@type":"WebSite","@id":"https:\/\/www.institutodeengenharia.org.br\/site\/#website","url":"https:\/\/www.institutodeengenharia.org.br\/site\/","name":"Instituto de Engenharia","description":"O Instituto de Engenharia promove a Engenharia em benef\u00edcio do desenvolvimento e da qualidade de vida da sociedade.","publisher":{"@id":"https:\/\/www.institutodeengenharia.org.br\/site\/#organization"},"potentialAction":[{"@type":"SearchAction","target":{"@type":"EntryPoint","urlTemplate":"https:\/\/www.institutodeengenharia.org.br\/site\/?s={search_term_string}"},"query-input":{"@type":"PropertyValueSpecification","valueRequired":true,"valueName":"search_term_string"}}],"inLanguage":"pt-BR"},{"@type":"Organization","@id":"https:\/\/www.institutodeengenharia.org.br\/site\/#organization","name":"Instituto de Engenharia","url":"https:\/\/www.institutodeengenharia.org.br\/site\/","logo":{"@type":"ImageObject","inLanguage":"pt-BR","@id":"https:\/\/www.institutodeengenharia.org.br\/site\/#\/schema\/logo\/image\/","url":"https:\/\/www.institutodeengenharia.org.br\/site\/wp-content\/uploads\/2019\/03\/logo-novo-IE2018-1.jpg","contentUrl":"https:\/\/www.institutodeengenharia.org.br\/site\/wp-content\/uploads\/2019\/03\/logo-novo-IE2018-1.jpg","width":1486,"height":1879,"caption":"Instituto de Engenharia"},"image":{"@id":"https:\/\/www.institutodeengenharia.org.br\/site\/#\/schema\/logo\/image\/"},"sameAs":["https:\/\/www.facebook.com\/institutodeengenharia","https:\/\/x.com\/iengenharia","https:\/\/www.instagram.com\/institutodeengenharia\/","https:\/\/www.linkedin.com\/company\/instituto-de-engenharia\/","https:\/\/www.youtube.com\/channel\/UCXiCAlsSMe977vamW915HxA"]},{"@type":"Person","@id":"https:\/\/www.institutodeengenharia.org.br\/site\/#\/schema\/person\/593dc356630173a4877a635d3e5fd76b","name":"Isabel","image":{"@type":"ImageObject","inLanguage":"pt-BR","@id":"https:\/\/secure.gravatar.com\/avatar\/f3c521db63ec9db17894f10a88c6a3cf95b2281d7f80eeb3cf3ef1cb091576e7?s=96&d=mm&r=g","url":"https:\/\/secure.gravatar.com\/avatar\/f3c521db63ec9db17894f10a88c6a3cf95b2281d7f80eeb3cf3ef1cb091576e7?s=96&d=mm&r=g","contentUrl":"https:\/\/secure.gravatar.com\/avatar\/f3c521db63ec9db17894f10a88c6a3cf95b2281d7f80eeb3cf3ef1cb091576e7?s=96&d=mm&r=g","caption":"Isabel"},"url":"https:\/\/www.institutodeengenharia.org.br\/site\/author\/comunicacao2\/"}]}},"_links":{"self":[{"href":"https:\/\/www.institutodeengenharia.org.br\/site\/wp-json\/wp\/v2\/posts\/127343","targetHints":{"allow":["GET"]}}],"collection":[{"href":"https:\/\/www.institutodeengenharia.org.br\/site\/wp-json\/wp\/v2\/posts"}],"about":[{"href":"https:\/\/www.institutodeengenharia.org.br\/site\/wp-json\/wp\/v2\/types\/post"}],"author":[{"embeddable":true,"href":"https:\/\/www.institutodeengenharia.org.br\/site\/wp-json\/wp\/v2\/users\/14"}],"replies":[{"embeddable":true,"href":"https:\/\/www.institutodeengenharia.org.br\/site\/wp-json\/wp\/v2\/comments?post=127343"}],"version-history":[{"count":7,"href":"https:\/\/www.institutodeengenharia.org.br\/site\/wp-json\/wp\/v2\/posts\/127343\/revisions"}],"predecessor-version":[{"id":127379,"href":"https:\/\/www.institutodeengenharia.org.br\/site\/wp-json\/wp\/v2\/posts\/127343\/revisions\/127379"}],"wp:featuredmedia":[{"embeddable":true,"href":"https:\/\/www.institutodeengenharia.org.br\/site\/wp-json\/wp\/v2\/media\/127344"}],"wp:attachment":[{"href":"https:\/\/www.institutodeengenharia.org.br\/site\/wp-json\/wp\/v2\/media?parent=127343"}],"wp:term":[{"taxonomy":"category","embeddable":true,"href":"https:\/\/www.institutodeengenharia.org.br\/site\/wp-json\/wp\/v2\/categories?post=127343"},{"taxonomy":"post_tag","embeddable":true,"href":"https:\/\/www.institutodeengenharia.org.br\/site\/wp-json\/wp\/v2\/tags?post=127343"}],"curies":[{"name":"wp","href":"https:\/\/api.w.org\/{rel}","templated":true}]}}