{"id":127029,"date":"2025-03-10T15:22:30","date_gmt":"2025-03-10T18:22:30","guid":{"rendered":"https:\/\/www.institutodeengenharia.org.br\/site\/?p=127029"},"modified":"2025-03-11T15:14:37","modified_gmt":"2025-03-11T18:14:37","slug":"comeca-o-6oongresso-brasileiro-de-tuneis-presidente-do-ie-participa-da-mesa-de-abertur","status":"publish","type":"post","link":"https:\/\/www.institutodeengenharia.org.br\/site\/2025\/03\/10\/comeca-o-6oongresso-brasileiro-de-tuneis-presidente-do-ie-participa-da-mesa-de-abertur\/","title":{"rendered":"Come\u00e7a o 6\u00ba Congresso Brasileiro de T\u00faneis. Presidente do IE participa da mesa de abertura"},"content":{"rendered":"<p>Jos\u00e9 Eduardo Jardim, presidente do Instituto de Engenharia, participou da abertura do 6\u00ba Congresso Brasileiro de T\u00faneis e Estruturas Subterr\u00e2neas, que acontece at\u00e9 o pr\u00f3ximo dia 12, no Centro de Conven\u00e7\u00f5es Frei Caneca.<\/p>\n<p>O assessor especial do Departamento de Desenvolvimento de Projeto e Servi\u00e7os de Infraestrutura, do Instituto de Engenharia, Roberto Kochen (na foto acima, \u00e0 esq.), foi o presidente da Sess\u00e3o T\u00e9cnica 2 &#8211; &#8220;T\u00faneis e Po\u00e7os: Modelagem, Investiga\u00e7\u00f5es e Modelos Geol\u00f3gicos Geot\u00e9cnicos&#8221;, que aconteceu nesta ter\u00e7a, \u00e0s 11h.<\/p>\n<p>O tema dessa edi\u00e7\u00e3o \u00e9 &#8220;Desenvolvimento e Sustentabilidade por meio de T\u00faneis e Estruturas Subterr\u00e2neas&#8221; e re\u00fane especialistas da ind\u00fastria de t\u00faneis mundial. Ser\u00e3o apresentadas novas tecnologias e tend\u00eancias nas \u00e1reas de projeto, constru\u00e7\u00e3o, manuten\u00e7\u00e3o e opera\u00e7\u00e3o de t\u00faneis, al\u00e9m de debates, interc\u00e2mbio de experi\u00eancias e atualiza\u00e7\u00e3o t\u00e9cnica.<\/p>\n<p>O Instituto de Engenharia \u00e9 apoiador institucional do <a href=\"https:\/\/6cbt.tuneis.org.br\/\">evento<\/a>.<\/p>\n","protected":false},"excerpt":{"rendered":"<p>Jos\u00e9 Eduardo Jardim, presidente do Instituto de Engenharia, participou da abertura do 6\u00ba Congresso Brasileiro de T\u00faneis e Estruturas Subterr\u00e2neas, que acontece at\u00e9 o pr\u00f3ximo dia 12, no Centro de Conven\u00e7\u00f5es Frei Caneca. O assessor especial do Departamento de Desenvolvimento de Projeto e Servi\u00e7os de Infraestrutura, do Instituto de Engenharia, Roberto Kochen (na foto acima, [&hellip;]<\/p>\n","protected":false},"author":14,"featured_media":127075,"comment_status":"open","ping_status":"open","sticky":false,"template":"","format":"standard","meta":{"footnotes":""},"categories":[27,141],"tags":[],"class_list":{"0":"post-127029","1":"post","2":"type-post","3":"status-publish","4":"format-standard","5":"has-post-thumbnail","7":"category-instituto-de-engenharia","8":"category-noticias-menu"},"yoast_head":"<!-- This site is optimized with the Yoast SEO plugin v27.2 - https:\/\/yoast.com\/product\/yoast-seo-wordpress\/ -->\n<title>Come\u00e7a o 6\u00ba Congresso Brasileiro de T\u00faneis. Presidente do IE participa da mesa de abertura - Instituto de Engenharia<\/title>\n<meta name=\"robots\" content=\"index, follow, max-snippet:-1, max-image-preview:large, max-video-preview:-1\" \/>\n<link rel=\"canonical\" href=\"https:\/\/www.institutodeengenharia.org.br\/site\/2025\/03\/10\/comeca-o-6oongresso-brasileiro-de-tuneis-presidente-do-ie-participa-da-mesa-de-abertur\/\" \/>\n<meta property=\"og:locale\" content=\"pt_BR\" \/>\n<meta property=\"og:type\" content=\"article\" \/>\n<meta property=\"og:title\" content=\"Come\u00e7a o 6\u00ba Congresso Brasileiro de T\u00faneis. Presidente do IE participa da mesa de abertura - Instituto de Engenharia\" \/>\n<meta property=\"og:description\" content=\"Jos\u00e9 Eduardo Jardim, presidente do Instituto de Engenharia, participou da abertura do 6\u00ba Congresso Brasileiro de T\u00faneis e Estruturas Subterr\u00e2neas, que acontece at\u00e9 o pr\u00f3ximo dia 12, no Centro de Conven\u00e7\u00f5es Frei Caneca. O assessor especial do Departamento de Desenvolvimento de Projeto e Servi\u00e7os de Infraestrutura, do Instituto de Engenharia, Roberto Kochen (na foto acima, [&hellip;]\" \/>\n<meta property=\"og:url\" content=\"https:\/\/www.institutodeengenharia.org.br\/site\/2025\/03\/10\/comeca-o-6oongresso-brasileiro-de-tuneis-presidente-do-ie-participa-da-mesa-de-abertur\/\" \/>\n<meta property=\"og:site_name\" content=\"Instituto de Engenharia\" \/>\n<meta property=\"article:publisher\" content=\"https:\/\/www.facebook.com\/institutodeengenharia\" \/>\n<meta property=\"article:published_time\" content=\"2025-03-10T18:22:30+00:00\" \/>\n<meta property=\"article:modified_time\" content=\"2025-03-11T18:14:37+00:00\" \/>\n<meta property=\"og:image\" content=\"https:\/\/www.institutodeengenharia.org.br\/site\/wp-content\/uploads\/2025\/03\/kochen.png\" \/>\n\t<meta property=\"og:image:width\" content=\"1085\" \/>\n\t<meta property=\"og:image:height\" content=\"821\" \/>\n\t<meta property=\"og:image:type\" content=\"image\/png\" \/>\n<meta name=\"author\" content=\"Isabel\" \/>\n<meta name=\"twitter:card\" content=\"summary_large_image\" \/>\n<meta name=\"twitter:creator\" content=\"@iengenharia\" \/>\n<meta name=\"twitter:site\" content=\"@iengenharia\" \/>\n<meta name=\"twitter:label1\" content=\"Escrito por\" \/>\n\t<meta name=\"twitter:data1\" content=\"Isabel\" \/>\n\t<meta name=\"twitter:label2\" content=\"Est. tempo de leitura\" \/>\n\t<meta name=\"twitter:data2\" content=\"1 minuto\" \/>\n<script type=\"application\/ld+json\" class=\"yoast-schema-graph\">{\"@context\":\"https:\/\/schema.org\",\"@graph\":[{\"@type\":\"Article\",\"@id\":\"https:\/\/www.institutodeengenharia.org.br\/site\/2025\/03\/10\/comeca-o-6oongresso-brasileiro-de-tuneis-presidente-do-ie-participa-da-mesa-de-abertur\/#article\",\"isPartOf\":{\"@id\":\"https:\/\/www.institutodeengenharia.org.br\/site\/2025\/03\/10\/comeca-o-6oongresso-brasileiro-de-tuneis-presidente-do-ie-participa-da-mesa-de-abertur\/\"},\"author\":{\"name\":\"Isabel\",\"@id\":\"https:\/\/www.institutodeengenharia.org.br\/site\/#\/schema\/person\/593dc356630173a4877a635d3e5fd76b\"},\"headline\":\"Come\u00e7a o 6\u00ba Congresso Brasileiro de T\u00faneis. Presidente do IE participa da mesa de abertura\",\"datePublished\":\"2025-03-10T18:22:30+00:00\",\"dateModified\":\"2025-03-11T18:14:37+00:00\",\"mainEntityOfPage\":{\"@id\":\"https:\/\/www.institutodeengenharia.org.br\/site\/2025\/03\/10\/comeca-o-6oongresso-brasileiro-de-tuneis-presidente-do-ie-participa-da-mesa-de-abertur\/\"},\"wordCount\":177,\"commentCount\":0,\"publisher\":{\"@id\":\"https:\/\/www.institutodeengenharia.org.br\/site\/#organization\"},\"image\":{\"@id\":\"https:\/\/www.institutodeengenharia.org.br\/site\/2025\/03\/10\/comeca-o-6oongresso-brasileiro-de-tuneis-presidente-do-ie-participa-da-mesa-de-abertur\/#primaryimage\"},\"thumbnailUrl\":\"https:\/\/www.institutodeengenharia.org.br\/site\/wp-content\/uploads\/2025\/03\/kochen.png\",\"articleSection\":[\"Instituto de Engenharia\",\"Not\u00edcias\"],\"inLanguage\":\"pt-BR\",\"potentialAction\":[{\"@type\":\"CommentAction\",\"name\":\"Comment\",\"target\":[\"https:\/\/www.institutodeengenharia.org.br\/site\/2025\/03\/10\/comeca-o-6oongresso-brasileiro-de-tuneis-presidente-do-ie-participa-da-mesa-de-abertur\/#respond\"]}]},{\"@type\":\"WebPage\",\"@id\":\"https:\/\/www.institutodeengenharia.org.br\/site\/2025\/03\/10\/comeca-o-6oongresso-brasileiro-de-tuneis-presidente-do-ie-participa-da-mesa-de-abertur\/\",\"url\":\"https:\/\/www.institutodeengenharia.org.br\/site\/2025\/03\/10\/comeca-o-6oongresso-brasileiro-de-tuneis-presidente-do-ie-participa-da-mesa-de-abertur\/\",\"name\":\"Come\u00e7a o 6\u00ba Congresso Brasileiro de T\u00faneis. Presidente do IE participa da mesa de abertura - Instituto de Engenharia\",\"isPartOf\":{\"@id\":\"https:\/\/www.institutodeengenharia.org.br\/site\/#website\"},\"primaryImageOfPage\":{\"@id\":\"https:\/\/www.institutodeengenharia.org.br\/site\/2025\/03\/10\/comeca-o-6oongresso-brasileiro-de-tuneis-presidente-do-ie-participa-da-mesa-de-abertur\/#primaryimage\"},\"image\":{\"@id\":\"https:\/\/www.institutodeengenharia.org.br\/site\/2025\/03\/10\/comeca-o-6oongresso-brasileiro-de-tuneis-presidente-do-ie-participa-da-mesa-de-abertur\/#primaryimage\"},\"thumbnailUrl\":\"https:\/\/www.institutodeengenharia.org.br\/site\/wp-content\/uploads\/2025\/03\/kochen.png\",\"datePublished\":\"2025-03-10T18:22:30+00:00\",\"dateModified\":\"2025-03-11T18:14:37+00:00\",\"breadcrumb\":{\"@id\":\"https:\/\/www.institutodeengenharia.org.br\/site\/2025\/03\/10\/comeca-o-6oongresso-brasileiro-de-tuneis-presidente-do-ie-participa-da-mesa-de-abertur\/#breadcrumb\"},\"inLanguage\":\"pt-BR\",\"potentialAction\":[{\"@type\":\"ReadAction\",\"target\":[\"https:\/\/www.institutodeengenharia.org.br\/site\/2025\/03\/10\/comeca-o-6oongresso-brasileiro-de-tuneis-presidente-do-ie-participa-da-mesa-de-abertur\/\"]}]},{\"@type\":\"ImageObject\",\"inLanguage\":\"pt-BR\",\"@id\":\"https:\/\/www.institutodeengenharia.org.br\/site\/2025\/03\/10\/comeca-o-6oongresso-brasileiro-de-tuneis-presidente-do-ie-participa-da-mesa-de-abertur\/#primaryimage\",\"url\":\"https:\/\/www.institutodeengenharia.org.br\/site\/wp-content\/uploads\/2025\/03\/kochen.png\",\"contentUrl\":\"https:\/\/www.institutodeengenharia.org.br\/site\/wp-content\/uploads\/2025\/03\/kochen.png\",\"width\":1085,\"height\":821},{\"@type\":\"BreadcrumbList\",\"@id\":\"https:\/\/www.institutodeengenharia.org.br\/site\/2025\/03\/10\/comeca-o-6oongresso-brasileiro-de-tuneis-presidente-do-ie-participa-da-mesa-de-abertur\/#breadcrumb\",\"itemListElement\":[{\"@type\":\"ListItem\",\"position\":1,\"name\":\"In\u00edcio\",\"item\":\"https:\/\/www.institutodeengenharia.org.br\/site\/\"},{\"@type\":\"ListItem\",\"position\":2,\"name\":\"Come\u00e7a o 6\u00ba Congresso Brasileiro de T\u00faneis. Presidente do IE participa da mesa de abertura\"}]},{\"@type\":\"WebSite\",\"@id\":\"https:\/\/www.institutodeengenharia.org.br\/site\/#website\",\"url\":\"https:\/\/www.institutodeengenharia.org.br\/site\/\",\"name\":\"Instituto de Engenharia\",\"description\":\"O Instituto de Engenharia promove a Engenharia em benef\u00edcio do desenvolvimento e da qualidade de vida da sociedade.\",\"publisher\":{\"@id\":\"https:\/\/www.institutodeengenharia.org.br\/site\/#organization\"},\"potentialAction\":[{\"@type\":\"SearchAction\",\"target\":{\"@type\":\"EntryPoint\",\"urlTemplate\":\"https:\/\/www.institutodeengenharia.org.br\/site\/?s={search_term_string}\"},\"query-input\":{\"@type\":\"PropertyValueSpecification\",\"valueRequired\":true,\"valueName\":\"search_term_string\"}}],\"inLanguage\":\"pt-BR\"},{\"@type\":\"Organization\",\"@id\":\"https:\/\/www.institutodeengenharia.org.br\/site\/#organization\",\"name\":\"Instituto de Engenharia\",\"url\":\"https:\/\/www.institutodeengenharia.org.br\/site\/\",\"logo\":{\"@type\":\"ImageObject\",\"inLanguage\":\"pt-BR\",\"@id\":\"https:\/\/www.institutodeengenharia.org.br\/site\/#\/schema\/logo\/image\/\",\"url\":\"https:\/\/www.institutodeengenharia.org.br\/site\/wp-content\/uploads\/2019\/03\/logo-novo-IE2018-1.jpg\",\"contentUrl\":\"https:\/\/www.institutodeengenharia.org.br\/site\/wp-content\/uploads\/2019\/03\/logo-novo-IE2018-1.jpg\",\"width\":1486,\"height\":1879,\"caption\":\"Instituto de Engenharia\"},\"image\":{\"@id\":\"https:\/\/www.institutodeengenharia.org.br\/site\/#\/schema\/logo\/image\/\"},\"sameAs\":[\"https:\/\/www.facebook.com\/institutodeengenharia\",\"https:\/\/x.com\/iengenharia\",\"https:\/\/www.instagram.com\/institutodeengenharia\/\",\"https:\/\/www.linkedin.com\/company\/instituto-de-engenharia\/\",\"https:\/\/www.youtube.com\/channel\/UCXiCAlsSMe977vamW915HxA\"]},{\"@type\":\"Person\",\"@id\":\"https:\/\/www.institutodeengenharia.org.br\/site\/#\/schema\/person\/593dc356630173a4877a635d3e5fd76b\",\"name\":\"Isabel\",\"image\":{\"@type\":\"ImageObject\",\"inLanguage\":\"pt-BR\",\"@id\":\"https:\/\/secure.gravatar.com\/avatar\/f3c521db63ec9db17894f10a88c6a3cf95b2281d7f80eeb3cf3ef1cb091576e7?s=96&d=mm&r=g\",\"url\":\"https:\/\/secure.gravatar.com\/avatar\/f3c521db63ec9db17894f10a88c6a3cf95b2281d7f80eeb3cf3ef1cb091576e7?s=96&d=mm&r=g\",\"contentUrl\":\"https:\/\/secure.gravatar.com\/avatar\/f3c521db63ec9db17894f10a88c6a3cf95b2281d7f80eeb3cf3ef1cb091576e7?s=96&d=mm&r=g\",\"caption\":\"Isabel\"},\"url\":\"https:\/\/www.institutodeengenharia.org.br\/site\/author\/comunicacao2\/\"}]}<\/script>\n<!-- \/ Yoast SEO plugin. -->","yoast_head_json":{"title":"Come\u00e7a o 6\u00ba Congresso Brasileiro de T\u00faneis. Presidente do IE participa da mesa de abertura - Instituto de Engenharia","robots":{"index":"index","follow":"follow","max-snippet":"max-snippet:-1","max-image-preview":"max-image-preview:large","max-video-preview":"max-video-preview:-1"},"canonical":"https:\/\/www.institutodeengenharia.org.br\/site\/2025\/03\/10\/comeca-o-6oongresso-brasileiro-de-tuneis-presidente-do-ie-participa-da-mesa-de-abertur\/","og_locale":"pt_BR","og_type":"article","og_title":"Come\u00e7a o 6\u00ba Congresso Brasileiro de T\u00faneis. Presidente do IE participa da mesa de abertura - Instituto de Engenharia","og_description":"Jos\u00e9 Eduardo Jardim, presidente do Instituto de Engenharia, participou da abertura do 6\u00ba Congresso Brasileiro de T\u00faneis e Estruturas Subterr\u00e2neas, que acontece at\u00e9 o pr\u00f3ximo dia 12, no Centro de Conven\u00e7\u00f5es Frei Caneca. O assessor especial do Departamento de Desenvolvimento de Projeto e Servi\u00e7os de Infraestrutura, do Instituto de Engenharia, Roberto Kochen (na foto acima, [&hellip;]","og_url":"https:\/\/www.institutodeengenharia.org.br\/site\/2025\/03\/10\/comeca-o-6oongresso-brasileiro-de-tuneis-presidente-do-ie-participa-da-mesa-de-abertur\/","og_site_name":"Instituto de Engenharia","article_publisher":"https:\/\/www.facebook.com\/institutodeengenharia","article_published_time":"2025-03-10T18:22:30+00:00","article_modified_time":"2025-03-11T18:14:37+00:00","og_image":[{"width":1085,"height":821,"url":"https:\/\/www.institutodeengenharia.org.br\/site\/wp-content\/uploads\/2025\/03\/kochen.png","type":"image\/png"}],"author":"Isabel","twitter_card":"summary_large_image","twitter_creator":"@iengenharia","twitter_site":"@iengenharia","twitter_misc":{"Escrito por":"Isabel","Est. tempo de leitura":"1 minuto"},"schema":{"@context":"https:\/\/schema.org","@graph":[{"@type":"Article","@id":"https:\/\/www.institutodeengenharia.org.br\/site\/2025\/03\/10\/comeca-o-6oongresso-brasileiro-de-tuneis-presidente-do-ie-participa-da-mesa-de-abertur\/#article","isPartOf":{"@id":"https:\/\/www.institutodeengenharia.org.br\/site\/2025\/03\/10\/comeca-o-6oongresso-brasileiro-de-tuneis-presidente-do-ie-participa-da-mesa-de-abertur\/"},"author":{"name":"Isabel","@id":"https:\/\/www.institutodeengenharia.org.br\/site\/#\/schema\/person\/593dc356630173a4877a635d3e5fd76b"},"headline":"Come\u00e7a o 6\u00ba Congresso Brasileiro de T\u00faneis. Presidente do IE participa da mesa de abertura","datePublished":"2025-03-10T18:22:30+00:00","dateModified":"2025-03-11T18:14:37+00:00","mainEntityOfPage":{"@id":"https:\/\/www.institutodeengenharia.org.br\/site\/2025\/03\/10\/comeca-o-6oongresso-brasileiro-de-tuneis-presidente-do-ie-participa-da-mesa-de-abertur\/"},"wordCount":177,"commentCount":0,"publisher":{"@id":"https:\/\/www.institutodeengenharia.org.br\/site\/#organization"},"image":{"@id":"https:\/\/www.institutodeengenharia.org.br\/site\/2025\/03\/10\/comeca-o-6oongresso-brasileiro-de-tuneis-presidente-do-ie-participa-da-mesa-de-abertur\/#primaryimage"},"thumbnailUrl":"https:\/\/www.institutodeengenharia.org.br\/site\/wp-content\/uploads\/2025\/03\/kochen.png","articleSection":["Instituto de Engenharia","Not\u00edcias"],"inLanguage":"pt-BR","potentialAction":[{"@type":"CommentAction","name":"Comment","target":["https:\/\/www.institutodeengenharia.org.br\/site\/2025\/03\/10\/comeca-o-6oongresso-brasileiro-de-tuneis-presidente-do-ie-participa-da-mesa-de-abertur\/#respond"]}]},{"@type":"WebPage","@id":"https:\/\/www.institutodeengenharia.org.br\/site\/2025\/03\/10\/comeca-o-6oongresso-brasileiro-de-tuneis-presidente-do-ie-participa-da-mesa-de-abertur\/","url":"https:\/\/www.institutodeengenharia.org.br\/site\/2025\/03\/10\/comeca-o-6oongresso-brasileiro-de-tuneis-presidente-do-ie-participa-da-mesa-de-abertur\/","name":"Come\u00e7a o 6\u00ba Congresso Brasileiro de T\u00faneis. Presidente do IE participa da mesa de abertura - Instituto de Engenharia","isPartOf":{"@id":"https:\/\/www.institutodeengenharia.org.br\/site\/#website"},"primaryImageOfPage":{"@id":"https:\/\/www.institutodeengenharia.org.br\/site\/2025\/03\/10\/comeca-o-6oongresso-brasileiro-de-tuneis-presidente-do-ie-participa-da-mesa-de-abertur\/#primaryimage"},"image":{"@id":"https:\/\/www.institutodeengenharia.org.br\/site\/2025\/03\/10\/comeca-o-6oongresso-brasileiro-de-tuneis-presidente-do-ie-participa-da-mesa-de-abertur\/#primaryimage"},"thumbnailUrl":"https:\/\/www.institutodeengenharia.org.br\/site\/wp-content\/uploads\/2025\/03\/kochen.png","datePublished":"2025-03-10T18:22:30+00:00","dateModified":"2025-03-11T18:14:37+00:00","breadcrumb":{"@id":"https:\/\/www.institutodeengenharia.org.br\/site\/2025\/03\/10\/comeca-o-6oongresso-brasileiro-de-tuneis-presidente-do-ie-participa-da-mesa-de-abertur\/#breadcrumb"},"inLanguage":"pt-BR","potentialAction":[{"@type":"ReadAction","target":["https:\/\/www.institutodeengenharia.org.br\/site\/2025\/03\/10\/comeca-o-6oongresso-brasileiro-de-tuneis-presidente-do-ie-participa-da-mesa-de-abertur\/"]}]},{"@type":"ImageObject","inLanguage":"pt-BR","@id":"https:\/\/www.institutodeengenharia.org.br\/site\/2025\/03\/10\/comeca-o-6oongresso-brasileiro-de-tuneis-presidente-do-ie-participa-da-mesa-de-abertur\/#primaryimage","url":"https:\/\/www.institutodeengenharia.org.br\/site\/wp-content\/uploads\/2025\/03\/kochen.png","contentUrl":"https:\/\/www.institutodeengenharia.org.br\/site\/wp-content\/uploads\/2025\/03\/kochen.png","width":1085,"height":821},{"@type":"BreadcrumbList","@id":"https:\/\/www.institutodeengenharia.org.br\/site\/2025\/03\/10\/comeca-o-6oongresso-brasileiro-de-tuneis-presidente-do-ie-participa-da-mesa-de-abertur\/#breadcrumb","itemListElement":[{"@type":"ListItem","position":1,"name":"In\u00edcio","item":"https:\/\/www.institutodeengenharia.org.br\/site\/"},{"@type":"ListItem","position":2,"name":"Come\u00e7a o 6\u00ba Congresso Brasileiro de T\u00faneis. Presidente do IE participa da mesa de abertura"}]},{"@type":"WebSite","@id":"https:\/\/www.institutodeengenharia.org.br\/site\/#website","url":"https:\/\/www.institutodeengenharia.org.br\/site\/","name":"Instituto de Engenharia","description":"O Instituto de Engenharia promove a Engenharia em benef\u00edcio do desenvolvimento e da qualidade de vida da sociedade.","publisher":{"@id":"https:\/\/www.institutodeengenharia.org.br\/site\/#organization"},"potentialAction":[{"@type":"SearchAction","target":{"@type":"EntryPoint","urlTemplate":"https:\/\/www.institutodeengenharia.org.br\/site\/?s={search_term_string}"},"query-input":{"@type":"PropertyValueSpecification","valueRequired":true,"valueName":"search_term_string"}}],"inLanguage":"pt-BR"},{"@type":"Organization","@id":"https:\/\/www.institutodeengenharia.org.br\/site\/#organization","name":"Instituto de Engenharia","url":"https:\/\/www.institutodeengenharia.org.br\/site\/","logo":{"@type":"ImageObject","inLanguage":"pt-BR","@id":"https:\/\/www.institutodeengenharia.org.br\/site\/#\/schema\/logo\/image\/","url":"https:\/\/www.institutodeengenharia.org.br\/site\/wp-content\/uploads\/2019\/03\/logo-novo-IE2018-1.jpg","contentUrl":"https:\/\/www.institutodeengenharia.org.br\/site\/wp-content\/uploads\/2019\/03\/logo-novo-IE2018-1.jpg","width":1486,"height":1879,"caption":"Instituto de Engenharia"},"image":{"@id":"https:\/\/www.institutodeengenharia.org.br\/site\/#\/schema\/logo\/image\/"},"sameAs":["https:\/\/www.facebook.com\/institutodeengenharia","https:\/\/x.com\/iengenharia","https:\/\/www.instagram.com\/institutodeengenharia\/","https:\/\/www.linkedin.com\/company\/instituto-de-engenharia\/","https:\/\/www.youtube.com\/channel\/UCXiCAlsSMe977vamW915HxA"]},{"@type":"Person","@id":"https:\/\/www.institutodeengenharia.org.br\/site\/#\/schema\/person\/593dc356630173a4877a635d3e5fd76b","name":"Isabel","image":{"@type":"ImageObject","inLanguage":"pt-BR","@id":"https:\/\/secure.gravatar.com\/avatar\/f3c521db63ec9db17894f10a88c6a3cf95b2281d7f80eeb3cf3ef1cb091576e7?s=96&d=mm&r=g","url":"https:\/\/secure.gravatar.com\/avatar\/f3c521db63ec9db17894f10a88c6a3cf95b2281d7f80eeb3cf3ef1cb091576e7?s=96&d=mm&r=g","contentUrl":"https:\/\/secure.gravatar.com\/avatar\/f3c521db63ec9db17894f10a88c6a3cf95b2281d7f80eeb3cf3ef1cb091576e7?s=96&d=mm&r=g","caption":"Isabel"},"url":"https:\/\/www.institutodeengenharia.org.br\/site\/author\/comunicacao2\/"}]}},"_links":{"self":[{"href":"https:\/\/www.institutodeengenharia.org.br\/site\/wp-json\/wp\/v2\/posts\/127029","targetHints":{"allow":["GET"]}}],"collection":[{"href":"https:\/\/www.institutodeengenharia.org.br\/site\/wp-json\/wp\/v2\/posts"}],"about":[{"href":"https:\/\/www.institutodeengenharia.org.br\/site\/wp-json\/wp\/v2\/types\/post"}],"author":[{"embeddable":true,"href":"https:\/\/www.institutodeengenharia.org.br\/site\/wp-json\/wp\/v2\/users\/14"}],"replies":[{"embeddable":true,"href":"https:\/\/www.institutodeengenharia.org.br\/site\/wp-json\/wp\/v2\/comments?post=127029"}],"version-history":[{"count":6,"href":"https:\/\/www.institutodeengenharia.org.br\/site\/wp-json\/wp\/v2\/posts\/127029\/revisions"}],"predecessor-version":[{"id":127077,"href":"https:\/\/www.institutodeengenharia.org.br\/site\/wp-json\/wp\/v2\/posts\/127029\/revisions\/127077"}],"wp:featuredmedia":[{"embeddable":true,"href":"https:\/\/www.institutodeengenharia.org.br\/site\/wp-json\/wp\/v2\/media\/127075"}],"wp:attachment":[{"href":"https:\/\/www.institutodeengenharia.org.br\/site\/wp-json\/wp\/v2\/media?parent=127029"}],"wp:term":[{"taxonomy":"category","embeddable":true,"href":"https:\/\/www.institutodeengenharia.org.br\/site\/wp-json\/wp\/v2\/categories?post=127029"},{"taxonomy":"post_tag","embeddable":true,"href":"https:\/\/www.institutodeengenharia.org.br\/site\/wp-json\/wp\/v2\/tags?post=127029"}],"curies":[{"name":"wp","href":"https:\/\/api.w.org\/{rel}","templated":true}]}}