{"id":126878,"date":"2025-03-19T12:40:11","date_gmt":"2025-03-19T15:40:11","guid":{"rendered":"https:\/\/www.institutodeengenharia.org.br\/site\/?p=126878"},"modified":"2025-03-24T16:53:09","modified_gmt":"2025-03-24T19:53:09","slug":"eleicoes-gerais-2025-conheca-os-candidatos","status":"publish","type":"post","link":"https:\/\/www.institutodeengenharia.org.br\/site\/2025\/03\/19\/eleicoes-gerais-2025-conheca-os-candidatos\/","title":{"rendered":"Elei\u00e7\u00f5es Gerais 2025 &#8211; Conhe\u00e7a os Candidatos"},"content":{"rendered":"<p>Ser\u00e3o realizadas de 17 a 24 de mar\u00e7o as Elei\u00e7\u00f5es Gerais 2025 do Instituto de Engenharia.\u00a0 No per\u00edodo, o *associado poder\u00e1 votar pela internet (em breve voc\u00ea receber\u00e1 as instru\u00e7\u00f5es de voto e senha) e, no \u00faltimo dia, a vota\u00e7\u00e3o poder\u00e1 ser feita, tamb\u00e9m, na sede da entidade.<br \/>\nA seguir, veja quem s\u00e3o os candidatos que concorrer\u00e3o aos seguintes cargos:<\/p>\n<p>Presidente do Instituto de Engenharia<br \/>\nVice-presidente de Administra\u00e7\u00e3o e Finan\u00e7as<br \/>\nVice-presidente de Atividades T\u00e9cnicas<br \/>\nVice-presidente de Rela\u00e7\u00f5es Externas<br \/>\nVice-presidente de Assuntos Internos<br \/>\nPrimeiro diretor-secret\u00e1rio<br \/>\nSegundo diretor-secret\u00e1rio<br \/>\nPrimeiro diretor-financeiro<br \/>\nSegundo diretor-financeiro<br \/>\nQuinze conselheiros do Conselho Deliberativo<br \/>\nTr\u00eas conselheiros do Conselho Fiscal<br \/>\nTr\u00eas suplentes do Conselho Fiscal<\/p>\n<p style=\"text-align: center;\"><b><a href=\"https:\/\/www.institutodeengenharia.org.br\/site\/eleicoes-gerais-2025\/\">Clique aqui<\/a> e conhe\u00e7a mais sobre os (as) candidatos (as).<\/b><\/p>\n<p><strong>Candidato \u00e0 presidente<\/strong><br \/>\nJos\u00e9 Eduardo Frasc\u00e1 Poyares Jardim<\/p>\n<p><strong>Candidata \u00e0 vice-presidente de Administra\u00e7\u00e3o e Finan\u00e7as<\/strong><br \/>\nMiriana Pereira Marques<\/p>\n<p><strong>Candidato \u00e0 vice-presidente de atividades t\u00e9cnicas<\/strong><br \/>\nJer\u00f4nimo Cabral Pereira Fagundes Neto<\/p>\n<p><strong>Candidato \u00e0 vice-presidente de rela\u00e7\u00f5es externas<\/strong><br \/>\nIvan Metran Whately<\/p>\n<p><strong>Candidato \u00e0 vice-presidente de Assuntos Internos<\/strong><br \/>\nLawrence Chung Koo<\/p>\n<p><strong>Candidata a primeira diretora-secret\u00e1ria<\/strong><br \/>\nEny Kaori Uono Sanchez<\/p>\n<p><strong>Candidato a segundo diretor-secret\u00e1rio<\/strong><br \/>\nFernando Jos\u00e9 de Campos Marsiglia<\/p>\n<p><strong>Candidato a primeiro diretor-financeiro<\/strong><br \/>\nElcio Kazuaki Niwa<\/p>\n<p><strong>Candidato a segundo diretor-financeiro<\/strong><br \/>\nConstanzio Facci Ticeu<\/p>\n<p><strong>Candidatos ao Conselho Fiscal<\/strong><br \/>\nMiguel Tadeu Campos Morata<br \/>\nAristeu Zensaburo Nakamura<br \/>\nMarcos Augusto Toassa Fontealba<\/p>\n<p><strong>Candidata \u00e0 suplente do Conselho Fiscal<\/strong><br \/>\nAurea Lucia Vendramin Georgi<\/p>\n<p><strong>Candidatos ao Conselho Deliberativo <\/strong><br \/>\nAdalberto Febeliano da Costa Filho<br \/>\nAlfredo Mario Savelli<br \/>\nAlfredo Petrilli Junior<br \/>\nAlu\u00edzio Guimar\u00e3es Cupertino<br \/>\nAm\u00e2ndio Martins<br \/>\nAngelo Sebasti\u00e3o Zanini<br \/>\nCarlos Pereira Magalh\u00e3es Neto<br \/>\nFlavia Bartkevicius Cruz<br \/>\nGeorge Paulus Pereira Dias<br \/>\nHabib Georges J. Neto<br \/>\nLuiz Felipe Proost de Souza<br \/>\nMarcelo Stachow Machado da Silva<br \/>\nMassimo Andrea Giavina Bianchi<br \/>\nNat\u00e1lia Linhares<br \/>\nRoberto Massaru Watanabe<br \/>\nValter Boulos<br \/>\nVinicius Silva Caruso<\/p>\n<p>*S\u00f3 poder\u00e3o votar os associados titulares em pleno gozo de seus direitos estatut\u00e1rios, conforme Artigo 13, letra b, do <a href=\"https:\/\/www.institutodeengenharia.org.br\/site\/estatuto\/\">Estatuto<\/a>.<\/p>\n<p><strong>Em caso de d\u00favidas, favor entrar em contato pelos telefones 11.3466.9291 (Fabiana) ou 11.3466.9267 (Lucas).<\/strong><\/p>\n","protected":false},"excerpt":{"rendered":"<p>Ser\u00e3o realizadas de 17 a 24 de mar\u00e7o as Elei\u00e7\u00f5es Gerais 2025 do Instituto de Engenharia.\u00a0 No per\u00edodo, o *associado poder\u00e1 votar pela internet (em breve voc\u00ea receber\u00e1 as instru\u00e7\u00f5es de voto e senha) e, no \u00faltimo dia, a vota\u00e7\u00e3o poder\u00e1 ser feita, tamb\u00e9m, na sede da entidade. A seguir, veja quem s\u00e3o os candidatos [&hellip;]<\/p>\n","protected":false},"author":14,"featured_media":126888,"comment_status":"open","ping_status":"open","sticky":false,"template":"","format":"standard","meta":{"footnotes":""},"categories":[1479,27,6],"tags":[],"class_list":{"0":"post-126878","1":"post","2":"type-post","3":"status-publish","4":"format-standard","5":"has-post-thumbnail","7":"category-eleicoes-instituto-de-engenharia","8":"category-instituto-de-engenharia","9":"category-noticias"},"yoast_head":"<!-- This site is optimized with the Yoast SEO plugin v27.2 - https:\/\/yoast.com\/product\/yoast-seo-wordpress\/ -->\n<title>Elei\u00e7\u00f5es Gerais 2025 - Conhe\u00e7a os Candidatos - Instituto de Engenharia<\/title>\n<meta name=\"robots\" content=\"index, follow, max-snippet:-1, max-image-preview:large, max-video-preview:-1\" \/>\n<link rel=\"canonical\" href=\"https:\/\/www.institutodeengenharia.org.br\/site\/2025\/03\/19\/eleicoes-gerais-2025-conheca-os-candidatos\/\" \/>\n<meta property=\"og:locale\" content=\"pt_BR\" \/>\n<meta property=\"og:type\" content=\"article\" \/>\n<meta property=\"og:title\" content=\"Elei\u00e7\u00f5es Gerais 2025 - Conhe\u00e7a os Candidatos - Instituto de Engenharia\" \/>\n<meta property=\"og:description\" content=\"Ser\u00e3o realizadas de 17 a 24 de mar\u00e7o as Elei\u00e7\u00f5es Gerais 2025 do Instituto de Engenharia.\u00a0 No per\u00edodo, o *associado poder\u00e1 votar pela internet (em breve voc\u00ea receber\u00e1 as instru\u00e7\u00f5es de voto e senha) e, no \u00faltimo dia, a vota\u00e7\u00e3o poder\u00e1 ser feita, tamb\u00e9m, na sede da entidade. A seguir, veja quem s\u00e3o os candidatos [&hellip;]\" \/>\n<meta property=\"og:url\" content=\"https:\/\/www.institutodeengenharia.org.br\/site\/2025\/03\/19\/eleicoes-gerais-2025-conheca-os-candidatos\/\" \/>\n<meta property=\"og:site_name\" content=\"Instituto de Engenharia\" \/>\n<meta property=\"article:publisher\" content=\"https:\/\/www.facebook.com\/institutodeengenharia\" \/>\n<meta property=\"article:published_time\" content=\"2025-03-19T15:40:11+00:00\" \/>\n<meta property=\"article:modified_time\" content=\"2025-03-24T19:53:09+00:00\" \/>\n<meta property=\"og:image\" content=\"https:\/\/www.institutodeengenharia.org.br\/site\/wp-content\/uploads\/2025\/03\/Eleicoes-2025-1.png\" \/>\n\t<meta property=\"og:image:width\" content=\"509\" \/>\n\t<meta property=\"og:image:height\" content=\"356\" \/>\n\t<meta property=\"og:image:type\" content=\"image\/png\" \/>\n<meta name=\"author\" content=\"Isabel\" \/>\n<meta name=\"twitter:card\" content=\"summary_large_image\" \/>\n<meta name=\"twitter:creator\" content=\"@iengenharia\" \/>\n<meta name=\"twitter:site\" content=\"@iengenharia\" \/>\n<meta name=\"twitter:label1\" content=\"Escrito por\" \/>\n\t<meta name=\"twitter:data1\" content=\"Isabel\" \/>\n\t<meta name=\"twitter:label2\" content=\"Est. tempo de leitura\" \/>\n\t<meta name=\"twitter:data2\" content=\"2 minutos\" \/>\n<script type=\"application\/ld+json\" class=\"yoast-schema-graph\">{\"@context\":\"https:\/\/schema.org\",\"@graph\":[{\"@type\":\"Article\",\"@id\":\"https:\/\/www.institutodeengenharia.org.br\/site\/2025\/03\/19\/eleicoes-gerais-2025-conheca-os-candidatos\/#article\",\"isPartOf\":{\"@id\":\"https:\/\/www.institutodeengenharia.org.br\/site\/2025\/03\/19\/eleicoes-gerais-2025-conheca-os-candidatos\/\"},\"author\":{\"name\":\"Isabel\",\"@id\":\"https:\/\/www.institutodeengenharia.org.br\/site\/#\/schema\/person\/593dc356630173a4877a635d3e5fd76b\"},\"headline\":\"Elei\u00e7\u00f5es Gerais 2025 &#8211; Conhe\u00e7a os Candidatos\",\"datePublished\":\"2025-03-19T15:40:11+00:00\",\"dateModified\":\"2025-03-24T19:53:09+00:00\",\"mainEntityOfPage\":{\"@id\":\"https:\/\/www.institutodeengenharia.org.br\/site\/2025\/03\/19\/eleicoes-gerais-2025-conheca-os-candidatos\/\"},\"wordCount\":345,\"commentCount\":0,\"publisher\":{\"@id\":\"https:\/\/www.institutodeengenharia.org.br\/site\/#organization\"},\"image\":{\"@id\":\"https:\/\/www.institutodeengenharia.org.br\/site\/2025\/03\/19\/eleicoes-gerais-2025-conheca-os-candidatos\/#primaryimage\"},\"thumbnailUrl\":\"https:\/\/www.institutodeengenharia.org.br\/site\/wp-content\/uploads\/2025\/03\/Eleicoes-2025-1.png\",\"articleSection\":[\"Elei\u00e7\u00f5es Instituto de Engenharia\",\"Instituto de Engenharia\",\"Not\u00edcias\"],\"inLanguage\":\"pt-BR\",\"potentialAction\":[{\"@type\":\"CommentAction\",\"name\":\"Comment\",\"target\":[\"https:\/\/www.institutodeengenharia.org.br\/site\/2025\/03\/19\/eleicoes-gerais-2025-conheca-os-candidatos\/#respond\"]}]},{\"@type\":\"WebPage\",\"@id\":\"https:\/\/www.institutodeengenharia.org.br\/site\/2025\/03\/19\/eleicoes-gerais-2025-conheca-os-candidatos\/\",\"url\":\"https:\/\/www.institutodeengenharia.org.br\/site\/2025\/03\/19\/eleicoes-gerais-2025-conheca-os-candidatos\/\",\"name\":\"Elei\u00e7\u00f5es Gerais 2025 - Conhe\u00e7a os Candidatos - Instituto de Engenharia\",\"isPartOf\":{\"@id\":\"https:\/\/www.institutodeengenharia.org.br\/site\/#website\"},\"primaryImageOfPage\":{\"@id\":\"https:\/\/www.institutodeengenharia.org.br\/site\/2025\/03\/19\/eleicoes-gerais-2025-conheca-os-candidatos\/#primaryimage\"},\"image\":{\"@id\":\"https:\/\/www.institutodeengenharia.org.br\/site\/2025\/03\/19\/eleicoes-gerais-2025-conheca-os-candidatos\/#primaryimage\"},\"thumbnailUrl\":\"https:\/\/www.institutodeengenharia.org.br\/site\/wp-content\/uploads\/2025\/03\/Eleicoes-2025-1.png\",\"datePublished\":\"2025-03-19T15:40:11+00:00\",\"dateModified\":\"2025-03-24T19:53:09+00:00\",\"breadcrumb\":{\"@id\":\"https:\/\/www.institutodeengenharia.org.br\/site\/2025\/03\/19\/eleicoes-gerais-2025-conheca-os-candidatos\/#breadcrumb\"},\"inLanguage\":\"pt-BR\",\"potentialAction\":[{\"@type\":\"ReadAction\",\"target\":[\"https:\/\/www.institutodeengenharia.org.br\/site\/2025\/03\/19\/eleicoes-gerais-2025-conheca-os-candidatos\/\"]}]},{\"@type\":\"ImageObject\",\"inLanguage\":\"pt-BR\",\"@id\":\"https:\/\/www.institutodeengenharia.org.br\/site\/2025\/03\/19\/eleicoes-gerais-2025-conheca-os-candidatos\/#primaryimage\",\"url\":\"https:\/\/www.institutodeengenharia.org.br\/site\/wp-content\/uploads\/2025\/03\/Eleicoes-2025-1.png\",\"contentUrl\":\"https:\/\/www.institutodeengenharia.org.br\/site\/wp-content\/uploads\/2025\/03\/Eleicoes-2025-1.png\",\"width\":509,\"height\":356},{\"@type\":\"BreadcrumbList\",\"@id\":\"https:\/\/www.institutodeengenharia.org.br\/site\/2025\/03\/19\/eleicoes-gerais-2025-conheca-os-candidatos\/#breadcrumb\",\"itemListElement\":[{\"@type\":\"ListItem\",\"position\":1,\"name\":\"In\u00edcio\",\"item\":\"https:\/\/www.institutodeengenharia.org.br\/site\/\"},{\"@type\":\"ListItem\",\"position\":2,\"name\":\"Elei\u00e7\u00f5es Gerais 2025 &#8211; Conhe\u00e7a os Candidatos\"}]},{\"@type\":\"WebSite\",\"@id\":\"https:\/\/www.institutodeengenharia.org.br\/site\/#website\",\"url\":\"https:\/\/www.institutodeengenharia.org.br\/site\/\",\"name\":\"Instituto de Engenharia\",\"description\":\"O Instituto de Engenharia promove a Engenharia em benef\u00edcio do desenvolvimento e da qualidade de vida da sociedade.\",\"publisher\":{\"@id\":\"https:\/\/www.institutodeengenharia.org.br\/site\/#organization\"},\"potentialAction\":[{\"@type\":\"SearchAction\",\"target\":{\"@type\":\"EntryPoint\",\"urlTemplate\":\"https:\/\/www.institutodeengenharia.org.br\/site\/?s={search_term_string}\"},\"query-input\":{\"@type\":\"PropertyValueSpecification\",\"valueRequired\":true,\"valueName\":\"search_term_string\"}}],\"inLanguage\":\"pt-BR\"},{\"@type\":\"Organization\",\"@id\":\"https:\/\/www.institutodeengenharia.org.br\/site\/#organization\",\"name\":\"Instituto de Engenharia\",\"url\":\"https:\/\/www.institutodeengenharia.org.br\/site\/\",\"logo\":{\"@type\":\"ImageObject\",\"inLanguage\":\"pt-BR\",\"@id\":\"https:\/\/www.institutodeengenharia.org.br\/site\/#\/schema\/logo\/image\/\",\"url\":\"https:\/\/www.institutodeengenharia.org.br\/site\/wp-content\/uploads\/2019\/03\/logo-novo-IE2018-1.jpg\",\"contentUrl\":\"https:\/\/www.institutodeengenharia.org.br\/site\/wp-content\/uploads\/2019\/03\/logo-novo-IE2018-1.jpg\",\"width\":1486,\"height\":1879,\"caption\":\"Instituto de Engenharia\"},\"image\":{\"@id\":\"https:\/\/www.institutodeengenharia.org.br\/site\/#\/schema\/logo\/image\/\"},\"sameAs\":[\"https:\/\/www.facebook.com\/institutodeengenharia\",\"https:\/\/x.com\/iengenharia\",\"https:\/\/www.instagram.com\/institutodeengenharia\/\",\"https:\/\/www.linkedin.com\/company\/instituto-de-engenharia\/\",\"https:\/\/www.youtube.com\/channel\/UCXiCAlsSMe977vamW915HxA\"]},{\"@type\":\"Person\",\"@id\":\"https:\/\/www.institutodeengenharia.org.br\/site\/#\/schema\/person\/593dc356630173a4877a635d3e5fd76b\",\"name\":\"Isabel\",\"image\":{\"@type\":\"ImageObject\",\"inLanguage\":\"pt-BR\",\"@id\":\"https:\/\/secure.gravatar.com\/avatar\/f3c521db63ec9db17894f10a88c6a3cf95b2281d7f80eeb3cf3ef1cb091576e7?s=96&d=mm&r=g\",\"url\":\"https:\/\/secure.gravatar.com\/avatar\/f3c521db63ec9db17894f10a88c6a3cf95b2281d7f80eeb3cf3ef1cb091576e7?s=96&d=mm&r=g\",\"contentUrl\":\"https:\/\/secure.gravatar.com\/avatar\/f3c521db63ec9db17894f10a88c6a3cf95b2281d7f80eeb3cf3ef1cb091576e7?s=96&d=mm&r=g\",\"caption\":\"Isabel\"},\"url\":\"https:\/\/www.institutodeengenharia.org.br\/site\/author\/comunicacao2\/\"}]}<\/script>\n<!-- \/ Yoast SEO plugin. -->","yoast_head_json":{"title":"Elei\u00e7\u00f5es Gerais 2025 - Conhe\u00e7a os Candidatos - Instituto de Engenharia","robots":{"index":"index","follow":"follow","max-snippet":"max-snippet:-1","max-image-preview":"max-image-preview:large","max-video-preview":"max-video-preview:-1"},"canonical":"https:\/\/www.institutodeengenharia.org.br\/site\/2025\/03\/19\/eleicoes-gerais-2025-conheca-os-candidatos\/","og_locale":"pt_BR","og_type":"article","og_title":"Elei\u00e7\u00f5es Gerais 2025 - Conhe\u00e7a os Candidatos - Instituto de Engenharia","og_description":"Ser\u00e3o realizadas de 17 a 24 de mar\u00e7o as Elei\u00e7\u00f5es Gerais 2025 do Instituto de Engenharia.\u00a0 No per\u00edodo, o *associado poder\u00e1 votar pela internet (em breve voc\u00ea receber\u00e1 as instru\u00e7\u00f5es de voto e senha) e, no \u00faltimo dia, a vota\u00e7\u00e3o poder\u00e1 ser feita, tamb\u00e9m, na sede da entidade. A seguir, veja quem s\u00e3o os candidatos [&hellip;]","og_url":"https:\/\/www.institutodeengenharia.org.br\/site\/2025\/03\/19\/eleicoes-gerais-2025-conheca-os-candidatos\/","og_site_name":"Instituto de Engenharia","article_publisher":"https:\/\/www.facebook.com\/institutodeengenharia","article_published_time":"2025-03-19T15:40:11+00:00","article_modified_time":"2025-03-24T19:53:09+00:00","og_image":[{"width":509,"height":356,"url":"https:\/\/www.institutodeengenharia.org.br\/site\/wp-content\/uploads\/2025\/03\/Eleicoes-2025-1.png","type":"image\/png"}],"author":"Isabel","twitter_card":"summary_large_image","twitter_creator":"@iengenharia","twitter_site":"@iengenharia","twitter_misc":{"Escrito por":"Isabel","Est. tempo de leitura":"2 minutos"},"schema":{"@context":"https:\/\/schema.org","@graph":[{"@type":"Article","@id":"https:\/\/www.institutodeengenharia.org.br\/site\/2025\/03\/19\/eleicoes-gerais-2025-conheca-os-candidatos\/#article","isPartOf":{"@id":"https:\/\/www.institutodeengenharia.org.br\/site\/2025\/03\/19\/eleicoes-gerais-2025-conheca-os-candidatos\/"},"author":{"name":"Isabel","@id":"https:\/\/www.institutodeengenharia.org.br\/site\/#\/schema\/person\/593dc356630173a4877a635d3e5fd76b"},"headline":"Elei\u00e7\u00f5es Gerais 2025 &#8211; Conhe\u00e7a os Candidatos","datePublished":"2025-03-19T15:40:11+00:00","dateModified":"2025-03-24T19:53:09+00:00","mainEntityOfPage":{"@id":"https:\/\/www.institutodeengenharia.org.br\/site\/2025\/03\/19\/eleicoes-gerais-2025-conheca-os-candidatos\/"},"wordCount":345,"commentCount":0,"publisher":{"@id":"https:\/\/www.institutodeengenharia.org.br\/site\/#organization"},"image":{"@id":"https:\/\/www.institutodeengenharia.org.br\/site\/2025\/03\/19\/eleicoes-gerais-2025-conheca-os-candidatos\/#primaryimage"},"thumbnailUrl":"https:\/\/www.institutodeengenharia.org.br\/site\/wp-content\/uploads\/2025\/03\/Eleicoes-2025-1.png","articleSection":["Elei\u00e7\u00f5es Instituto de Engenharia","Instituto de Engenharia","Not\u00edcias"],"inLanguage":"pt-BR","potentialAction":[{"@type":"CommentAction","name":"Comment","target":["https:\/\/www.institutodeengenharia.org.br\/site\/2025\/03\/19\/eleicoes-gerais-2025-conheca-os-candidatos\/#respond"]}]},{"@type":"WebPage","@id":"https:\/\/www.institutodeengenharia.org.br\/site\/2025\/03\/19\/eleicoes-gerais-2025-conheca-os-candidatos\/","url":"https:\/\/www.institutodeengenharia.org.br\/site\/2025\/03\/19\/eleicoes-gerais-2025-conheca-os-candidatos\/","name":"Elei\u00e7\u00f5es Gerais 2025 - Conhe\u00e7a os Candidatos - Instituto de Engenharia","isPartOf":{"@id":"https:\/\/www.institutodeengenharia.org.br\/site\/#website"},"primaryImageOfPage":{"@id":"https:\/\/www.institutodeengenharia.org.br\/site\/2025\/03\/19\/eleicoes-gerais-2025-conheca-os-candidatos\/#primaryimage"},"image":{"@id":"https:\/\/www.institutodeengenharia.org.br\/site\/2025\/03\/19\/eleicoes-gerais-2025-conheca-os-candidatos\/#primaryimage"},"thumbnailUrl":"https:\/\/www.institutodeengenharia.org.br\/site\/wp-content\/uploads\/2025\/03\/Eleicoes-2025-1.png","datePublished":"2025-03-19T15:40:11+00:00","dateModified":"2025-03-24T19:53:09+00:00","breadcrumb":{"@id":"https:\/\/www.institutodeengenharia.org.br\/site\/2025\/03\/19\/eleicoes-gerais-2025-conheca-os-candidatos\/#breadcrumb"},"inLanguage":"pt-BR","potentialAction":[{"@type":"ReadAction","target":["https:\/\/www.institutodeengenharia.org.br\/site\/2025\/03\/19\/eleicoes-gerais-2025-conheca-os-candidatos\/"]}]},{"@type":"ImageObject","inLanguage":"pt-BR","@id":"https:\/\/www.institutodeengenharia.org.br\/site\/2025\/03\/19\/eleicoes-gerais-2025-conheca-os-candidatos\/#primaryimage","url":"https:\/\/www.institutodeengenharia.org.br\/site\/wp-content\/uploads\/2025\/03\/Eleicoes-2025-1.png","contentUrl":"https:\/\/www.institutodeengenharia.org.br\/site\/wp-content\/uploads\/2025\/03\/Eleicoes-2025-1.png","width":509,"height":356},{"@type":"BreadcrumbList","@id":"https:\/\/www.institutodeengenharia.org.br\/site\/2025\/03\/19\/eleicoes-gerais-2025-conheca-os-candidatos\/#breadcrumb","itemListElement":[{"@type":"ListItem","position":1,"name":"In\u00edcio","item":"https:\/\/www.institutodeengenharia.org.br\/site\/"},{"@type":"ListItem","position":2,"name":"Elei\u00e7\u00f5es Gerais 2025 &#8211; Conhe\u00e7a os Candidatos"}]},{"@type":"WebSite","@id":"https:\/\/www.institutodeengenharia.org.br\/site\/#website","url":"https:\/\/www.institutodeengenharia.org.br\/site\/","name":"Instituto de Engenharia","description":"O Instituto de Engenharia promove a Engenharia em benef\u00edcio do desenvolvimento e da qualidade de vida da sociedade.","publisher":{"@id":"https:\/\/www.institutodeengenharia.org.br\/site\/#organization"},"potentialAction":[{"@type":"SearchAction","target":{"@type":"EntryPoint","urlTemplate":"https:\/\/www.institutodeengenharia.org.br\/site\/?s={search_term_string}"},"query-input":{"@type":"PropertyValueSpecification","valueRequired":true,"valueName":"search_term_string"}}],"inLanguage":"pt-BR"},{"@type":"Organization","@id":"https:\/\/www.institutodeengenharia.org.br\/site\/#organization","name":"Instituto de Engenharia","url":"https:\/\/www.institutodeengenharia.org.br\/site\/","logo":{"@type":"ImageObject","inLanguage":"pt-BR","@id":"https:\/\/www.institutodeengenharia.org.br\/site\/#\/schema\/logo\/image\/","url":"https:\/\/www.institutodeengenharia.org.br\/site\/wp-content\/uploads\/2019\/03\/logo-novo-IE2018-1.jpg","contentUrl":"https:\/\/www.institutodeengenharia.org.br\/site\/wp-content\/uploads\/2019\/03\/logo-novo-IE2018-1.jpg","width":1486,"height":1879,"caption":"Instituto de Engenharia"},"image":{"@id":"https:\/\/www.institutodeengenharia.org.br\/site\/#\/schema\/logo\/image\/"},"sameAs":["https:\/\/www.facebook.com\/institutodeengenharia","https:\/\/x.com\/iengenharia","https:\/\/www.instagram.com\/institutodeengenharia\/","https:\/\/www.linkedin.com\/company\/instituto-de-engenharia\/","https:\/\/www.youtube.com\/channel\/UCXiCAlsSMe977vamW915HxA"]},{"@type":"Person","@id":"https:\/\/www.institutodeengenharia.org.br\/site\/#\/schema\/person\/593dc356630173a4877a635d3e5fd76b","name":"Isabel","image":{"@type":"ImageObject","inLanguage":"pt-BR","@id":"https:\/\/secure.gravatar.com\/avatar\/f3c521db63ec9db17894f10a88c6a3cf95b2281d7f80eeb3cf3ef1cb091576e7?s=96&d=mm&r=g","url":"https:\/\/secure.gravatar.com\/avatar\/f3c521db63ec9db17894f10a88c6a3cf95b2281d7f80eeb3cf3ef1cb091576e7?s=96&d=mm&r=g","contentUrl":"https:\/\/secure.gravatar.com\/avatar\/f3c521db63ec9db17894f10a88c6a3cf95b2281d7f80eeb3cf3ef1cb091576e7?s=96&d=mm&r=g","caption":"Isabel"},"url":"https:\/\/www.institutodeengenharia.org.br\/site\/author\/comunicacao2\/"}]}},"_links":{"self":[{"href":"https:\/\/www.institutodeengenharia.org.br\/site\/wp-json\/wp\/v2\/posts\/126878","targetHints":{"allow":["GET"]}}],"collection":[{"href":"https:\/\/www.institutodeengenharia.org.br\/site\/wp-json\/wp\/v2\/posts"}],"about":[{"href":"https:\/\/www.institutodeengenharia.org.br\/site\/wp-json\/wp\/v2\/types\/post"}],"author":[{"embeddable":true,"href":"https:\/\/www.institutodeengenharia.org.br\/site\/wp-json\/wp\/v2\/users\/14"}],"replies":[{"embeddable":true,"href":"https:\/\/www.institutodeengenharia.org.br\/site\/wp-json\/wp\/v2\/comments?post=126878"}],"version-history":[{"count":3,"href":"https:\/\/www.institutodeengenharia.org.br\/site\/wp-json\/wp\/v2\/posts\/126878\/revisions"}],"predecessor-version":[{"id":126884,"href":"https:\/\/www.institutodeengenharia.org.br\/site\/wp-json\/wp\/v2\/posts\/126878\/revisions\/126884"}],"wp:featuredmedia":[{"embeddable":true,"href":"https:\/\/www.institutodeengenharia.org.br\/site\/wp-json\/wp\/v2\/media\/126888"}],"wp:attachment":[{"href":"https:\/\/www.institutodeengenharia.org.br\/site\/wp-json\/wp\/v2\/media?parent=126878"}],"wp:term":[{"taxonomy":"category","embeddable":true,"href":"https:\/\/www.institutodeengenharia.org.br\/site\/wp-json\/wp\/v2\/categories?post=126878"},{"taxonomy":"post_tag","embeddable":true,"href":"https:\/\/www.institutodeengenharia.org.br\/site\/wp-json\/wp\/v2\/tags?post=126878"}],"curies":[{"name":"wp","href":"https:\/\/api.w.org\/{rel}","templated":true}]}}