{"id":126653,"date":"2025-02-25T10:16:46","date_gmt":"2025-02-25T13:16:46","guid":{"rendered":"https:\/\/www.institutodeengenharia.org.br\/site\/?p=126653"},"modified":"2025-02-25T11:59:14","modified_gmt":"2025-02-25T14:59:14","slug":"projeto-etica-imortal-recebe-o-poeta-carlos-nejar","status":"publish","type":"post","link":"https:\/\/www.institutodeengenharia.org.br\/site\/2025\/02\/25\/projeto-etica-imortal-recebe-o-poeta-carlos-nejar\/","title":{"rendered":"Projeto \u00c9tica Imortal recebe o poeta Carlos Nejar"},"content":{"rendered":"<p>Nesta segunda (24), foi realizada no Instituto de Engenharia a quinta grava\u00e7\u00e3o do projeto <em>\u00c9tica Imortal<\/em>, idealizado pelo Instituto N\u00e3o Aceito Corrup\u00e7\u00e3o (INAC) e realizado em parceria com a Academia Brasileira de Letras e TV Cultura.<\/p>\n<figure id=\"attachment_126655\" aria-describedby=\"caption-attachment-126655\" style=\"width: 136px\" class=\"wp-caption alignleft\"><img loading=\"lazy\" decoding=\"async\" class=\"wp-image-126655\" src=\"https:\/\/www.institutodeengenharia.org.br\/site\/wp-content\/uploads\/2025\/02\/carlos-nejar.png\" alt=\"\" width=\"136\" height=\"265\" srcset=\"https:\/\/www.institutodeengenharia.org.br\/site\/wp-content\/uploads\/2025\/02\/carlos-nejar.png 655w, https:\/\/www.institutodeengenharia.org.br\/site\/wp-content\/uploads\/2025\/02\/carlos-nejar-154x300.png 154w, https:\/\/www.institutodeengenharia.org.br\/site\/wp-content\/uploads\/2025\/02\/carlos-nejar-526x1024.png 526w, https:\/\/www.institutodeengenharia.org.br\/site\/wp-content\/uploads\/2025\/02\/carlos-nejar-216x420.png 216w, https:\/\/www.institutodeengenharia.org.br\/site\/wp-content\/uploads\/2025\/02\/carlos-nejar-600x1168.png 600w\" sizes=\"auto, (max-width: 136px) 100vw, 136px\" \/><figcaption id=\"caption-attachment-126655\" class=\"wp-caption-text\">Jos\u00e9 Eduardo Jardim com o poeta, Carlos Nejar<\/figcaption><\/figure>\n<p>O primeiro encontro, em nossa sede, foi com o grande poeta e imortal, Carlos Nejar, que explanou sobre \u00e9tica e cultura.\u00a0Considerado um dos 37 escritores-chaves do s\u00e9culo, entre 300 autores memor\u00e1veis, no per\u00edodo compreendido de 1890-1990, Carlos Nejar foi indicado, em 2017, para o Pr\u00eamio Nobel de Literatura.<\/p>\n<p>&#8220;\u00c9 muito especial para o Instituto de Engenharia sediar esses encontros e receber nesta noite o poeta Carlos Nejar, que o Brasil aprendeu a admirar&#8221;, ressaltou Jos\u00e9 Eduardo Jardim, presidente do Instituto de Engenharia, na abertura do encontro.<\/p>\n<p>Ser\u00e3o dez palestras presenciais, sendo seis gravadas no audit\u00f3rio do<img loading=\"lazy\" decoding=\"async\" class=\"wp-image-126656 alignright\" src=\"https:\/\/www.institutodeengenharia.org.br\/site\/wp-content\/uploads\/2025\/02\/WhatsApp-Image-2025-02-25-at-10.05.56.jpeg\" alt=\"\" width=\"218\" height=\"291\" srcset=\"https:\/\/www.institutodeengenharia.org.br\/site\/wp-content\/uploads\/2025\/02\/WhatsApp-Image-2025-02-25-at-10.05.56.jpeg 1200w, https:\/\/www.institutodeengenharia.org.br\/site\/wp-content\/uploads\/2025\/02\/WhatsApp-Image-2025-02-25-at-10.05.56-225x300.jpeg 225w, https:\/\/www.institutodeengenharia.org.br\/site\/wp-content\/uploads\/2025\/02\/WhatsApp-Image-2025-02-25-at-10.05.56-768x1024.jpeg 768w, https:\/\/www.institutodeengenharia.org.br\/site\/wp-content\/uploads\/2025\/02\/WhatsApp-Image-2025-02-25-at-10.05.56-1152x1536.jpeg 1152w, https:\/\/www.institutodeengenharia.org.br\/site\/wp-content\/uploads\/2025\/02\/WhatsApp-Image-2025-02-25-at-10.05.56-315x420.jpeg 315w, https:\/\/www.institutodeengenharia.org.br\/site\/wp-content\/uploads\/2025\/02\/WhatsApp-Image-2025-02-25-at-10.05.56-696x928.jpeg 696w, https:\/\/www.institutodeengenharia.org.br\/site\/wp-content\/uploads\/2025\/02\/WhatsApp-Image-2025-02-25-at-10.05.56-1068x1424.jpeg 1068w, https:\/\/www.institutodeengenharia.org.br\/site\/wp-content\/uploads\/2025\/02\/WhatsApp-Image-2025-02-25-at-10.05.56-600x800.jpeg 600w\" sizes=\"auto, (max-width: 218px) 100vw, 218px\" \/> Instituto, sempre na \u00faltima segunda-feira do m\u00eas, at\u00e9 julho.<\/p>\n<p><strong>Para assistir aos encontros, <a href=\"https:\/\/www.naoaceitocorrupcao.org.br\/etica-imortal\">clique aqui<\/a>.\u00a0<\/strong><\/p>\n<p>&nbsp;<\/p>\n<p>&nbsp;<\/p>\n<p>&nbsp;<\/p>\n","protected":false},"excerpt":{"rendered":"<p>Nesta segunda (24), foi realizada no Instituto de Engenharia a quinta grava\u00e7\u00e3o do projeto \u00c9tica Imortal, idealizado pelo Instituto N\u00e3o Aceito Corrup\u00e7\u00e3o (INAC) e realizado em parceria com a Academia Brasileira de Letras e TV Cultura. O primeiro encontro, em nossa sede, foi com o grande poeta e imortal, Carlos Nejar, que explanou sobre \u00e9tica [&hellip;]<\/p>\n","protected":false},"author":14,"featured_media":126654,"comment_status":"open","ping_status":"open","sticky":false,"template":"","format":"standard","meta":{"footnotes":""},"categories":[27,6],"tags":[],"class_list":{"0":"post-126653","1":"post","2":"type-post","3":"status-publish","4":"format-standard","5":"has-post-thumbnail","7":"category-instituto-de-engenharia","8":"category-noticias"},"yoast_head":"<!-- This site is optimized with the Yoast SEO plugin v27.2 - https:\/\/yoast.com\/product\/yoast-seo-wordpress\/ -->\n<title>Projeto \u00c9tica Imortal recebe o poeta Carlos Nejar - Instituto de Engenharia<\/title>\n<meta name=\"robots\" content=\"index, follow, max-snippet:-1, max-image-preview:large, max-video-preview:-1\" \/>\n<link rel=\"canonical\" href=\"https:\/\/www.institutodeengenharia.org.br\/site\/2025\/02\/25\/projeto-etica-imortal-recebe-o-poeta-carlos-nejar\/\" \/>\n<meta property=\"og:locale\" content=\"pt_BR\" \/>\n<meta property=\"og:type\" content=\"article\" \/>\n<meta property=\"og:title\" content=\"Projeto \u00c9tica Imortal recebe o poeta Carlos Nejar - Instituto de Engenharia\" \/>\n<meta property=\"og:description\" content=\"Nesta segunda (24), foi realizada no Instituto de Engenharia a quinta grava\u00e7\u00e3o do projeto \u00c9tica Imortal, idealizado pelo Instituto N\u00e3o Aceito Corrup\u00e7\u00e3o (INAC) e realizado em parceria com a Academia Brasileira de Letras e TV Cultura. O primeiro encontro, em nossa sede, foi com o grande poeta e imortal, Carlos Nejar, que explanou sobre \u00e9tica [&hellip;]\" \/>\n<meta property=\"og:url\" content=\"https:\/\/www.institutodeengenharia.org.br\/site\/2025\/02\/25\/projeto-etica-imortal-recebe-o-poeta-carlos-nejar\/\" \/>\n<meta property=\"og:site_name\" content=\"Instituto de Engenharia\" \/>\n<meta property=\"article:publisher\" content=\"https:\/\/www.facebook.com\/institutodeengenharia\" \/>\n<meta property=\"article:published_time\" content=\"2025-02-25T13:16:46+00:00\" \/>\n<meta property=\"article:modified_time\" content=\"2025-02-25T14:59:14+00:00\" \/>\n<meta property=\"og:image\" content=\"https:\/\/www.institutodeengenharia.org.br\/site\/wp-content\/uploads\/2025\/02\/WhatsApp-Image-2025-02-25-at-10.05.11.jpeg\" \/>\n\t<meta property=\"og:image:width\" content=\"1600\" \/>\n\t<meta property=\"og:image:height\" content=\"1200\" \/>\n\t<meta property=\"og:image:type\" content=\"image\/jpeg\" \/>\n<meta name=\"author\" content=\"Isabel\" \/>\n<meta name=\"twitter:card\" content=\"summary_large_image\" \/>\n<meta name=\"twitter:creator\" content=\"@iengenharia\" \/>\n<meta name=\"twitter:site\" content=\"@iengenharia\" \/>\n<meta name=\"twitter:label1\" content=\"Escrito por\" \/>\n\t<meta name=\"twitter:data1\" content=\"Isabel\" \/>\n\t<meta name=\"twitter:label2\" content=\"Est. tempo de leitura\" \/>\n\t<meta name=\"twitter:data2\" content=\"2 minutos\" \/>\n<script type=\"application\/ld+json\" class=\"yoast-schema-graph\">{\"@context\":\"https:\/\/schema.org\",\"@graph\":[{\"@type\":\"Article\",\"@id\":\"https:\/\/www.institutodeengenharia.org.br\/site\/2025\/02\/25\/projeto-etica-imortal-recebe-o-poeta-carlos-nejar\/#article\",\"isPartOf\":{\"@id\":\"https:\/\/www.institutodeengenharia.org.br\/site\/2025\/02\/25\/projeto-etica-imortal-recebe-o-poeta-carlos-nejar\/\"},\"author\":{\"name\":\"Isabel\",\"@id\":\"https:\/\/www.institutodeengenharia.org.br\/site\/#\/schema\/person\/593dc356630173a4877a635d3e5fd76b\"},\"headline\":\"Projeto \u00c9tica Imortal recebe o poeta Carlos Nejar\",\"datePublished\":\"2025-02-25T13:16:46+00:00\",\"dateModified\":\"2025-02-25T14:59:14+00:00\",\"mainEntityOfPage\":{\"@id\":\"https:\/\/www.institutodeengenharia.org.br\/site\/2025\/02\/25\/projeto-etica-imortal-recebe-o-poeta-carlos-nejar\/\"},\"wordCount\":179,\"commentCount\":0,\"publisher\":{\"@id\":\"https:\/\/www.institutodeengenharia.org.br\/site\/#organization\"},\"image\":{\"@id\":\"https:\/\/www.institutodeengenharia.org.br\/site\/2025\/02\/25\/projeto-etica-imortal-recebe-o-poeta-carlos-nejar\/#primaryimage\"},\"thumbnailUrl\":\"https:\/\/www.institutodeengenharia.org.br\/site\/wp-content\/uploads\/2025\/02\/WhatsApp-Image-2025-02-25-at-10.05.11.jpeg\",\"articleSection\":[\"Instituto de Engenharia\",\"Not\u00edcias\"],\"inLanguage\":\"pt-BR\",\"potentialAction\":[{\"@type\":\"CommentAction\",\"name\":\"Comment\",\"target\":[\"https:\/\/www.institutodeengenharia.org.br\/site\/2025\/02\/25\/projeto-etica-imortal-recebe-o-poeta-carlos-nejar\/#respond\"]}]},{\"@type\":\"WebPage\",\"@id\":\"https:\/\/www.institutodeengenharia.org.br\/site\/2025\/02\/25\/projeto-etica-imortal-recebe-o-poeta-carlos-nejar\/\",\"url\":\"https:\/\/www.institutodeengenharia.org.br\/site\/2025\/02\/25\/projeto-etica-imortal-recebe-o-poeta-carlos-nejar\/\",\"name\":\"Projeto \u00c9tica Imortal recebe o poeta Carlos Nejar - Instituto de Engenharia\",\"isPartOf\":{\"@id\":\"https:\/\/www.institutodeengenharia.org.br\/site\/#website\"},\"primaryImageOfPage\":{\"@id\":\"https:\/\/www.institutodeengenharia.org.br\/site\/2025\/02\/25\/projeto-etica-imortal-recebe-o-poeta-carlos-nejar\/#primaryimage\"},\"image\":{\"@id\":\"https:\/\/www.institutodeengenharia.org.br\/site\/2025\/02\/25\/projeto-etica-imortal-recebe-o-poeta-carlos-nejar\/#primaryimage\"},\"thumbnailUrl\":\"https:\/\/www.institutodeengenharia.org.br\/site\/wp-content\/uploads\/2025\/02\/WhatsApp-Image-2025-02-25-at-10.05.11.jpeg\",\"datePublished\":\"2025-02-25T13:16:46+00:00\",\"dateModified\":\"2025-02-25T14:59:14+00:00\",\"breadcrumb\":{\"@id\":\"https:\/\/www.institutodeengenharia.org.br\/site\/2025\/02\/25\/projeto-etica-imortal-recebe-o-poeta-carlos-nejar\/#breadcrumb\"},\"inLanguage\":\"pt-BR\",\"potentialAction\":[{\"@type\":\"ReadAction\",\"target\":[\"https:\/\/www.institutodeengenharia.org.br\/site\/2025\/02\/25\/projeto-etica-imortal-recebe-o-poeta-carlos-nejar\/\"]}]},{\"@type\":\"ImageObject\",\"inLanguage\":\"pt-BR\",\"@id\":\"https:\/\/www.institutodeengenharia.org.br\/site\/2025\/02\/25\/projeto-etica-imortal-recebe-o-poeta-carlos-nejar\/#primaryimage\",\"url\":\"https:\/\/www.institutodeengenharia.org.br\/site\/wp-content\/uploads\/2025\/02\/WhatsApp-Image-2025-02-25-at-10.05.11.jpeg\",\"contentUrl\":\"https:\/\/www.institutodeengenharia.org.br\/site\/wp-content\/uploads\/2025\/02\/WhatsApp-Image-2025-02-25-at-10.05.11.jpeg\",\"width\":1600,\"height\":1200,\"caption\":\"Da esq. p\/ dir.: Carlos Nejar, Roberto Livianu, presidente do INAC, Jos\u00e9 Eduardo Jardim, e Joyce Ribeiro, jornalista TV Cultura\"},{\"@type\":\"BreadcrumbList\",\"@id\":\"https:\/\/www.institutodeengenharia.org.br\/site\/2025\/02\/25\/projeto-etica-imortal-recebe-o-poeta-carlos-nejar\/#breadcrumb\",\"itemListElement\":[{\"@type\":\"ListItem\",\"position\":1,\"name\":\"In\u00edcio\",\"item\":\"https:\/\/www.institutodeengenharia.org.br\/site\/\"},{\"@type\":\"ListItem\",\"position\":2,\"name\":\"Projeto \u00c9tica Imortal recebe o poeta Carlos Nejar\"}]},{\"@type\":\"WebSite\",\"@id\":\"https:\/\/www.institutodeengenharia.org.br\/site\/#website\",\"url\":\"https:\/\/www.institutodeengenharia.org.br\/site\/\",\"name\":\"Instituto de Engenharia\",\"description\":\"O Instituto de Engenharia promove a Engenharia em benef\u00edcio do desenvolvimento e da qualidade de vida da sociedade.\",\"publisher\":{\"@id\":\"https:\/\/www.institutodeengenharia.org.br\/site\/#organization\"},\"potentialAction\":[{\"@type\":\"SearchAction\",\"target\":{\"@type\":\"EntryPoint\",\"urlTemplate\":\"https:\/\/www.institutodeengenharia.org.br\/site\/?s={search_term_string}\"},\"query-input\":{\"@type\":\"PropertyValueSpecification\",\"valueRequired\":true,\"valueName\":\"search_term_string\"}}],\"inLanguage\":\"pt-BR\"},{\"@type\":\"Organization\",\"@id\":\"https:\/\/www.institutodeengenharia.org.br\/site\/#organization\",\"name\":\"Instituto de Engenharia\",\"url\":\"https:\/\/www.institutodeengenharia.org.br\/site\/\",\"logo\":{\"@type\":\"ImageObject\",\"inLanguage\":\"pt-BR\",\"@id\":\"https:\/\/www.institutodeengenharia.org.br\/site\/#\/schema\/logo\/image\/\",\"url\":\"https:\/\/www.institutodeengenharia.org.br\/site\/wp-content\/uploads\/2019\/03\/logo-novo-IE2018-1.jpg\",\"contentUrl\":\"https:\/\/www.institutodeengenharia.org.br\/site\/wp-content\/uploads\/2019\/03\/logo-novo-IE2018-1.jpg\",\"width\":1486,\"height\":1879,\"caption\":\"Instituto de Engenharia\"},\"image\":{\"@id\":\"https:\/\/www.institutodeengenharia.org.br\/site\/#\/schema\/logo\/image\/\"},\"sameAs\":[\"https:\/\/www.facebook.com\/institutodeengenharia\",\"https:\/\/x.com\/iengenharia\",\"https:\/\/www.instagram.com\/institutodeengenharia\/\",\"https:\/\/www.linkedin.com\/company\/instituto-de-engenharia\/\",\"https:\/\/www.youtube.com\/channel\/UCXiCAlsSMe977vamW915HxA\"]},{\"@type\":\"Person\",\"@id\":\"https:\/\/www.institutodeengenharia.org.br\/site\/#\/schema\/person\/593dc356630173a4877a635d3e5fd76b\",\"name\":\"Isabel\",\"image\":{\"@type\":\"ImageObject\",\"inLanguage\":\"pt-BR\",\"@id\":\"https:\/\/secure.gravatar.com\/avatar\/f3c521db63ec9db17894f10a88c6a3cf95b2281d7f80eeb3cf3ef1cb091576e7?s=96&d=mm&r=g\",\"url\":\"https:\/\/secure.gravatar.com\/avatar\/f3c521db63ec9db17894f10a88c6a3cf95b2281d7f80eeb3cf3ef1cb091576e7?s=96&d=mm&r=g\",\"contentUrl\":\"https:\/\/secure.gravatar.com\/avatar\/f3c521db63ec9db17894f10a88c6a3cf95b2281d7f80eeb3cf3ef1cb091576e7?s=96&d=mm&r=g\",\"caption\":\"Isabel\"},\"url\":\"https:\/\/www.institutodeengenharia.org.br\/site\/author\/comunicacao2\/\"}]}<\/script>\n<!-- \/ Yoast SEO plugin. -->","yoast_head_json":{"title":"Projeto \u00c9tica Imortal recebe o poeta Carlos Nejar - Instituto de Engenharia","robots":{"index":"index","follow":"follow","max-snippet":"max-snippet:-1","max-image-preview":"max-image-preview:large","max-video-preview":"max-video-preview:-1"},"canonical":"https:\/\/www.institutodeengenharia.org.br\/site\/2025\/02\/25\/projeto-etica-imortal-recebe-o-poeta-carlos-nejar\/","og_locale":"pt_BR","og_type":"article","og_title":"Projeto \u00c9tica Imortal recebe o poeta Carlos Nejar - Instituto de Engenharia","og_description":"Nesta segunda (24), foi realizada no Instituto de Engenharia a quinta grava\u00e7\u00e3o do projeto \u00c9tica Imortal, idealizado pelo Instituto N\u00e3o Aceito Corrup\u00e7\u00e3o (INAC) e realizado em parceria com a Academia Brasileira de Letras e TV Cultura. O primeiro encontro, em nossa sede, foi com o grande poeta e imortal, Carlos Nejar, que explanou sobre \u00e9tica [&hellip;]","og_url":"https:\/\/www.institutodeengenharia.org.br\/site\/2025\/02\/25\/projeto-etica-imortal-recebe-o-poeta-carlos-nejar\/","og_site_name":"Instituto de Engenharia","article_publisher":"https:\/\/www.facebook.com\/institutodeengenharia","article_published_time":"2025-02-25T13:16:46+00:00","article_modified_time":"2025-02-25T14:59:14+00:00","og_image":[{"width":1600,"height":1200,"url":"https:\/\/www.institutodeengenharia.org.br\/site\/wp-content\/uploads\/2025\/02\/WhatsApp-Image-2025-02-25-at-10.05.11.jpeg","type":"image\/jpeg"}],"author":"Isabel","twitter_card":"summary_large_image","twitter_creator":"@iengenharia","twitter_site":"@iengenharia","twitter_misc":{"Escrito por":"Isabel","Est. tempo de leitura":"2 minutos"},"schema":{"@context":"https:\/\/schema.org","@graph":[{"@type":"Article","@id":"https:\/\/www.institutodeengenharia.org.br\/site\/2025\/02\/25\/projeto-etica-imortal-recebe-o-poeta-carlos-nejar\/#article","isPartOf":{"@id":"https:\/\/www.institutodeengenharia.org.br\/site\/2025\/02\/25\/projeto-etica-imortal-recebe-o-poeta-carlos-nejar\/"},"author":{"name":"Isabel","@id":"https:\/\/www.institutodeengenharia.org.br\/site\/#\/schema\/person\/593dc356630173a4877a635d3e5fd76b"},"headline":"Projeto \u00c9tica Imortal recebe o poeta Carlos Nejar","datePublished":"2025-02-25T13:16:46+00:00","dateModified":"2025-02-25T14:59:14+00:00","mainEntityOfPage":{"@id":"https:\/\/www.institutodeengenharia.org.br\/site\/2025\/02\/25\/projeto-etica-imortal-recebe-o-poeta-carlos-nejar\/"},"wordCount":179,"commentCount":0,"publisher":{"@id":"https:\/\/www.institutodeengenharia.org.br\/site\/#organization"},"image":{"@id":"https:\/\/www.institutodeengenharia.org.br\/site\/2025\/02\/25\/projeto-etica-imortal-recebe-o-poeta-carlos-nejar\/#primaryimage"},"thumbnailUrl":"https:\/\/www.institutodeengenharia.org.br\/site\/wp-content\/uploads\/2025\/02\/WhatsApp-Image-2025-02-25-at-10.05.11.jpeg","articleSection":["Instituto de Engenharia","Not\u00edcias"],"inLanguage":"pt-BR","potentialAction":[{"@type":"CommentAction","name":"Comment","target":["https:\/\/www.institutodeengenharia.org.br\/site\/2025\/02\/25\/projeto-etica-imortal-recebe-o-poeta-carlos-nejar\/#respond"]}]},{"@type":"WebPage","@id":"https:\/\/www.institutodeengenharia.org.br\/site\/2025\/02\/25\/projeto-etica-imortal-recebe-o-poeta-carlos-nejar\/","url":"https:\/\/www.institutodeengenharia.org.br\/site\/2025\/02\/25\/projeto-etica-imortal-recebe-o-poeta-carlos-nejar\/","name":"Projeto \u00c9tica Imortal recebe o poeta Carlos Nejar - Instituto de Engenharia","isPartOf":{"@id":"https:\/\/www.institutodeengenharia.org.br\/site\/#website"},"primaryImageOfPage":{"@id":"https:\/\/www.institutodeengenharia.org.br\/site\/2025\/02\/25\/projeto-etica-imortal-recebe-o-poeta-carlos-nejar\/#primaryimage"},"image":{"@id":"https:\/\/www.institutodeengenharia.org.br\/site\/2025\/02\/25\/projeto-etica-imortal-recebe-o-poeta-carlos-nejar\/#primaryimage"},"thumbnailUrl":"https:\/\/www.institutodeengenharia.org.br\/site\/wp-content\/uploads\/2025\/02\/WhatsApp-Image-2025-02-25-at-10.05.11.jpeg","datePublished":"2025-02-25T13:16:46+00:00","dateModified":"2025-02-25T14:59:14+00:00","breadcrumb":{"@id":"https:\/\/www.institutodeengenharia.org.br\/site\/2025\/02\/25\/projeto-etica-imortal-recebe-o-poeta-carlos-nejar\/#breadcrumb"},"inLanguage":"pt-BR","potentialAction":[{"@type":"ReadAction","target":["https:\/\/www.institutodeengenharia.org.br\/site\/2025\/02\/25\/projeto-etica-imortal-recebe-o-poeta-carlos-nejar\/"]}]},{"@type":"ImageObject","inLanguage":"pt-BR","@id":"https:\/\/www.institutodeengenharia.org.br\/site\/2025\/02\/25\/projeto-etica-imortal-recebe-o-poeta-carlos-nejar\/#primaryimage","url":"https:\/\/www.institutodeengenharia.org.br\/site\/wp-content\/uploads\/2025\/02\/WhatsApp-Image-2025-02-25-at-10.05.11.jpeg","contentUrl":"https:\/\/www.institutodeengenharia.org.br\/site\/wp-content\/uploads\/2025\/02\/WhatsApp-Image-2025-02-25-at-10.05.11.jpeg","width":1600,"height":1200,"caption":"Da esq. p\/ dir.: Carlos Nejar, Roberto Livianu, presidente do INAC, Jos\u00e9 Eduardo Jardim, e Joyce Ribeiro, jornalista TV Cultura"},{"@type":"BreadcrumbList","@id":"https:\/\/www.institutodeengenharia.org.br\/site\/2025\/02\/25\/projeto-etica-imortal-recebe-o-poeta-carlos-nejar\/#breadcrumb","itemListElement":[{"@type":"ListItem","position":1,"name":"In\u00edcio","item":"https:\/\/www.institutodeengenharia.org.br\/site\/"},{"@type":"ListItem","position":2,"name":"Projeto \u00c9tica Imortal recebe o poeta Carlos Nejar"}]},{"@type":"WebSite","@id":"https:\/\/www.institutodeengenharia.org.br\/site\/#website","url":"https:\/\/www.institutodeengenharia.org.br\/site\/","name":"Instituto de Engenharia","description":"O Instituto de Engenharia promove a Engenharia em benef\u00edcio do desenvolvimento e da qualidade de vida da sociedade.","publisher":{"@id":"https:\/\/www.institutodeengenharia.org.br\/site\/#organization"},"potentialAction":[{"@type":"SearchAction","target":{"@type":"EntryPoint","urlTemplate":"https:\/\/www.institutodeengenharia.org.br\/site\/?s={search_term_string}"},"query-input":{"@type":"PropertyValueSpecification","valueRequired":true,"valueName":"search_term_string"}}],"inLanguage":"pt-BR"},{"@type":"Organization","@id":"https:\/\/www.institutodeengenharia.org.br\/site\/#organization","name":"Instituto de Engenharia","url":"https:\/\/www.institutodeengenharia.org.br\/site\/","logo":{"@type":"ImageObject","inLanguage":"pt-BR","@id":"https:\/\/www.institutodeengenharia.org.br\/site\/#\/schema\/logo\/image\/","url":"https:\/\/www.institutodeengenharia.org.br\/site\/wp-content\/uploads\/2019\/03\/logo-novo-IE2018-1.jpg","contentUrl":"https:\/\/www.institutodeengenharia.org.br\/site\/wp-content\/uploads\/2019\/03\/logo-novo-IE2018-1.jpg","width":1486,"height":1879,"caption":"Instituto de Engenharia"},"image":{"@id":"https:\/\/www.institutodeengenharia.org.br\/site\/#\/schema\/logo\/image\/"},"sameAs":["https:\/\/www.facebook.com\/institutodeengenharia","https:\/\/x.com\/iengenharia","https:\/\/www.instagram.com\/institutodeengenharia\/","https:\/\/www.linkedin.com\/company\/instituto-de-engenharia\/","https:\/\/www.youtube.com\/channel\/UCXiCAlsSMe977vamW915HxA"]},{"@type":"Person","@id":"https:\/\/www.institutodeengenharia.org.br\/site\/#\/schema\/person\/593dc356630173a4877a635d3e5fd76b","name":"Isabel","image":{"@type":"ImageObject","inLanguage":"pt-BR","@id":"https:\/\/secure.gravatar.com\/avatar\/f3c521db63ec9db17894f10a88c6a3cf95b2281d7f80eeb3cf3ef1cb091576e7?s=96&d=mm&r=g","url":"https:\/\/secure.gravatar.com\/avatar\/f3c521db63ec9db17894f10a88c6a3cf95b2281d7f80eeb3cf3ef1cb091576e7?s=96&d=mm&r=g","contentUrl":"https:\/\/secure.gravatar.com\/avatar\/f3c521db63ec9db17894f10a88c6a3cf95b2281d7f80eeb3cf3ef1cb091576e7?s=96&d=mm&r=g","caption":"Isabel"},"url":"https:\/\/www.institutodeengenharia.org.br\/site\/author\/comunicacao2\/"}]}},"_links":{"self":[{"href":"https:\/\/www.institutodeengenharia.org.br\/site\/wp-json\/wp\/v2\/posts\/126653","targetHints":{"allow":["GET"]}}],"collection":[{"href":"https:\/\/www.institutodeengenharia.org.br\/site\/wp-json\/wp\/v2\/posts"}],"about":[{"href":"https:\/\/www.institutodeengenharia.org.br\/site\/wp-json\/wp\/v2\/types\/post"}],"author":[{"embeddable":true,"href":"https:\/\/www.institutodeengenharia.org.br\/site\/wp-json\/wp\/v2\/users\/14"}],"replies":[{"embeddable":true,"href":"https:\/\/www.institutodeengenharia.org.br\/site\/wp-json\/wp\/v2\/comments?post=126653"}],"version-history":[{"count":4,"href":"https:\/\/www.institutodeengenharia.org.br\/site\/wp-json\/wp\/v2\/posts\/126653\/revisions"}],"predecessor-version":[{"id":126668,"href":"https:\/\/www.institutodeengenharia.org.br\/site\/wp-json\/wp\/v2\/posts\/126653\/revisions\/126668"}],"wp:featuredmedia":[{"embeddable":true,"href":"https:\/\/www.institutodeengenharia.org.br\/site\/wp-json\/wp\/v2\/media\/126654"}],"wp:attachment":[{"href":"https:\/\/www.institutodeengenharia.org.br\/site\/wp-json\/wp\/v2\/media?parent=126653"}],"wp:term":[{"taxonomy":"category","embeddable":true,"href":"https:\/\/www.institutodeengenharia.org.br\/site\/wp-json\/wp\/v2\/categories?post=126653"},{"taxonomy":"post_tag","embeddable":true,"href":"https:\/\/www.institutodeengenharia.org.br\/site\/wp-json\/wp\/v2\/tags?post=126653"}],"curies":[{"name":"wp","href":"https:\/\/api.w.org\/{rel}","templated":true}]}}