{"id":126625,"date":"2025-02-24T10:45:27","date_gmt":"2025-02-24T13:45:27","guid":{"rendered":"https:\/\/www.institutodeengenharia.org.br\/site\/?p=126625"},"modified":"2025-02-26T10:50:06","modified_gmt":"2025-02-26T13:50:06","slug":"irradiacao-alimentar-e-tema-de-reuniao-com-diretora-do-ipen","status":"publish","type":"post","link":"https:\/\/www.institutodeengenharia.org.br\/site\/2025\/02\/24\/irradiacao-alimentar-e-tema-de-reuniao-com-diretora-do-ipen\/","title":{"rendered":"Irradia\u00e7\u00e3o alimentar \u00e9 tema de reuni\u00e3o com diretora do Ipen"},"content":{"rendered":"<p>O presidente do Instituto de Engenharia, Jos\u00e9 Eduardo Jardim, e membros da diretoria e conselhos receberam, na \u00faltima sexta (21), a diretora do Instituto de Pesquisas Energ\u00e9ticas e Nucleares -Ipen, Isolda Costa.<\/p>\n<p>Durante o encontro foi discutida a urg\u00eancia de o Brasil viabilizar, em termos conjunturais e atendendo os requisitos sanit\u00e1rios, o uso da irradia\u00e7\u00e3o como meio de descontamina\u00e7\u00e3o, para garantir a seguran\u00e7a alimentar e aquecer e exporta\u00e7\u00e3o de produtos.<\/p>\n<p>Entender como funciona o sistema \u00e9 primordial para ser ter um programa de conscientiza\u00e7\u00e3o, para isso, na ocasi\u00e3o tamb\u00e9m foi levantada a necessidade de organizar eventos &#8211; no Ipen e IE &#8211; para esclarecimento do tema e sua import\u00e2ncia para a economia do Pa\u00eds.<\/p>\n<p><strong>Quer saber mais sobre o tema, <a href=\"https:\/\/www.institutodeengenharia.org.br\/site\/2020\/06\/08\/seguranca-dos-alimentos-com-uso-de-radiacao-ionizante\/\">clique aqui<\/a>.<\/strong><\/p>\n<p>&nbsp;<\/p>\n","protected":false},"excerpt":{"rendered":"<p>O presidente do Instituto de Engenharia, Jos\u00e9 Eduardo Jardim, e membros da diretoria e conselhos receberam, na \u00faltima sexta (21), a diretora do Instituto de Pesquisas Energ\u00e9ticas e Nucleares -Ipen, Isolda Costa. Durante o encontro foi discutida a urg\u00eancia de o Brasil viabilizar, em termos conjunturais e atendendo os requisitos sanit\u00e1rios, o uso da irradia\u00e7\u00e3o [&hellip;]<\/p>\n","protected":false},"author":14,"featured_media":126631,"comment_status":"open","ping_status":"open","sticky":false,"template":"","format":"standard","meta":{"footnotes":""},"categories":[27,141],"tags":[],"class_list":{"0":"post-126625","1":"post","2":"type-post","3":"status-publish","4":"format-standard","5":"has-post-thumbnail","7":"category-instituto-de-engenharia","8":"category-noticias-menu"},"yoast_head":"<!-- This site is optimized with the Yoast SEO plugin v27.2 - https:\/\/yoast.com\/product\/yoast-seo-wordpress\/ -->\n<title>Irradia\u00e7\u00e3o alimentar \u00e9 tema de reuni\u00e3o com diretora do Ipen - Instituto de Engenharia<\/title>\n<meta name=\"robots\" content=\"index, follow, max-snippet:-1, max-image-preview:large, max-video-preview:-1\" \/>\n<link rel=\"canonical\" href=\"https:\/\/www.institutodeengenharia.org.br\/site\/2025\/02\/24\/irradiacao-alimentar-e-tema-de-reuniao-com-diretora-do-ipen\/\" \/>\n<meta property=\"og:locale\" content=\"pt_BR\" \/>\n<meta property=\"og:type\" content=\"article\" \/>\n<meta property=\"og:title\" content=\"Irradia\u00e7\u00e3o alimentar \u00e9 tema de reuni\u00e3o com diretora do Ipen - Instituto de Engenharia\" \/>\n<meta property=\"og:description\" content=\"O presidente do Instituto de Engenharia, Jos\u00e9 Eduardo Jardim, e membros da diretoria e conselhos receberam, na \u00faltima sexta (21), a diretora do Instituto de Pesquisas Energ\u00e9ticas e Nucleares -Ipen, Isolda Costa. Durante o encontro foi discutida a urg\u00eancia de o Brasil viabilizar, em termos conjunturais e atendendo os requisitos sanit\u00e1rios, o uso da irradia\u00e7\u00e3o [&hellip;]\" \/>\n<meta property=\"og:url\" content=\"https:\/\/www.institutodeengenharia.org.br\/site\/2025\/02\/24\/irradiacao-alimentar-e-tema-de-reuniao-com-diretora-do-ipen\/\" \/>\n<meta property=\"og:site_name\" content=\"Instituto de Engenharia\" \/>\n<meta property=\"article:publisher\" content=\"https:\/\/www.facebook.com\/institutodeengenharia\" \/>\n<meta property=\"article:published_time\" content=\"2025-02-24T13:45:27+00:00\" \/>\n<meta property=\"article:modified_time\" content=\"2025-02-26T13:50:06+00:00\" \/>\n<meta property=\"og:image\" content=\"https:\/\/www.institutodeengenharia.org.br\/site\/wp-content\/uploads\/2025\/02\/ipen.png\" \/>\n\t<meta property=\"og:image:width\" content=\"1212\" \/>\n\t<meta property=\"og:image:height\" content=\"373\" \/>\n\t<meta property=\"og:image:type\" content=\"image\/png\" \/>\n<meta name=\"author\" content=\"Isabel\" \/>\n<meta name=\"twitter:card\" content=\"summary_large_image\" \/>\n<meta name=\"twitter:creator\" content=\"@iengenharia\" \/>\n<meta name=\"twitter:site\" content=\"@iengenharia\" \/>\n<meta name=\"twitter:label1\" content=\"Escrito por\" \/>\n\t<meta name=\"twitter:data1\" content=\"Isabel\" \/>\n\t<meta name=\"twitter:label2\" content=\"Est. tempo de leitura\" \/>\n\t<meta name=\"twitter:data2\" content=\"1 minuto\" \/>\n<script type=\"application\/ld+json\" class=\"yoast-schema-graph\">{\"@context\":\"https:\/\/schema.org\",\"@graph\":[{\"@type\":\"Article\",\"@id\":\"https:\/\/www.institutodeengenharia.org.br\/site\/2025\/02\/24\/irradiacao-alimentar-e-tema-de-reuniao-com-diretora-do-ipen\/#article\",\"isPartOf\":{\"@id\":\"https:\/\/www.institutodeengenharia.org.br\/site\/2025\/02\/24\/irradiacao-alimentar-e-tema-de-reuniao-com-diretora-do-ipen\/\"},\"author\":{\"name\":\"Isabel\",\"@id\":\"https:\/\/www.institutodeengenharia.org.br\/site\/#\/schema\/person\/593dc356630173a4877a635d3e5fd76b\"},\"headline\":\"Irradia\u00e7\u00e3o alimentar \u00e9 tema de reuni\u00e3o com diretora do Ipen\",\"datePublished\":\"2025-02-24T13:45:27+00:00\",\"dateModified\":\"2025-02-26T13:50:06+00:00\",\"mainEntityOfPage\":{\"@id\":\"https:\/\/www.institutodeengenharia.org.br\/site\/2025\/02\/24\/irradiacao-alimentar-e-tema-de-reuniao-com-diretora-do-ipen\/\"},\"wordCount\":144,\"commentCount\":0,\"publisher\":{\"@id\":\"https:\/\/www.institutodeengenharia.org.br\/site\/#organization\"},\"image\":{\"@id\":\"https:\/\/www.institutodeengenharia.org.br\/site\/2025\/02\/24\/irradiacao-alimentar-e-tema-de-reuniao-com-diretora-do-ipen\/#primaryimage\"},\"thumbnailUrl\":\"https:\/\/www.institutodeengenharia.org.br\/site\/wp-content\/uploads\/2025\/02\/ipen.png\",\"articleSection\":[\"Instituto de Engenharia\",\"Not\u00edcias\"],\"inLanguage\":\"pt-BR\",\"potentialAction\":[{\"@type\":\"CommentAction\",\"name\":\"Comment\",\"target\":[\"https:\/\/www.institutodeengenharia.org.br\/site\/2025\/02\/24\/irradiacao-alimentar-e-tema-de-reuniao-com-diretora-do-ipen\/#respond\"]}]},{\"@type\":\"WebPage\",\"@id\":\"https:\/\/www.institutodeengenharia.org.br\/site\/2025\/02\/24\/irradiacao-alimentar-e-tema-de-reuniao-com-diretora-do-ipen\/\",\"url\":\"https:\/\/www.institutodeengenharia.org.br\/site\/2025\/02\/24\/irradiacao-alimentar-e-tema-de-reuniao-com-diretora-do-ipen\/\",\"name\":\"Irradia\u00e7\u00e3o alimentar \u00e9 tema de reuni\u00e3o com diretora do Ipen - Instituto de Engenharia\",\"isPartOf\":{\"@id\":\"https:\/\/www.institutodeengenharia.org.br\/site\/#website\"},\"primaryImageOfPage\":{\"@id\":\"https:\/\/www.institutodeengenharia.org.br\/site\/2025\/02\/24\/irradiacao-alimentar-e-tema-de-reuniao-com-diretora-do-ipen\/#primaryimage\"},\"image\":{\"@id\":\"https:\/\/www.institutodeengenharia.org.br\/site\/2025\/02\/24\/irradiacao-alimentar-e-tema-de-reuniao-com-diretora-do-ipen\/#primaryimage\"},\"thumbnailUrl\":\"https:\/\/www.institutodeengenharia.org.br\/site\/wp-content\/uploads\/2025\/02\/ipen.png\",\"datePublished\":\"2025-02-24T13:45:27+00:00\",\"dateModified\":\"2025-02-26T13:50:06+00:00\",\"breadcrumb\":{\"@id\":\"https:\/\/www.institutodeengenharia.org.br\/site\/2025\/02\/24\/irradiacao-alimentar-e-tema-de-reuniao-com-diretora-do-ipen\/#breadcrumb\"},\"inLanguage\":\"pt-BR\",\"potentialAction\":[{\"@type\":\"ReadAction\",\"target\":[\"https:\/\/www.institutodeengenharia.org.br\/site\/2025\/02\/24\/irradiacao-alimentar-e-tema-de-reuniao-com-diretora-do-ipen\/\"]}]},{\"@type\":\"ImageObject\",\"inLanguage\":\"pt-BR\",\"@id\":\"https:\/\/www.institutodeengenharia.org.br\/site\/2025\/02\/24\/irradiacao-alimentar-e-tema-de-reuniao-com-diretora-do-ipen\/#primaryimage\",\"url\":\"https:\/\/www.institutodeengenharia.org.br\/site\/wp-content\/uploads\/2025\/02\/ipen.png\",\"contentUrl\":\"https:\/\/www.institutodeengenharia.org.br\/site\/wp-content\/uploads\/2025\/02\/ipen.png\",\"width\":1212,\"height\":373,\"caption\":\"Da esq. p\/ dir.: Elcio Kazuaki Niwa, 1\u00ba diretor-Financeiro, Ricardo Kenzo, conselheiro, Jos\u00e9 Ol\u00edmpio Dias de Faria, conselheiro, Francisco Christovam, conselheiro, Marcelo Rozenberg, conselheiro, Jos\u00e9 Eduardo Jardim, presidente, Isolda Costa, Ipen, Lawrence Koo, VP Rela\u00e7\u00f5es Externas, Miriana Marques, VP Adm. Finan\u00e7as, e Celso Matsuda, associado convidado\"},{\"@type\":\"BreadcrumbList\",\"@id\":\"https:\/\/www.institutodeengenharia.org.br\/site\/2025\/02\/24\/irradiacao-alimentar-e-tema-de-reuniao-com-diretora-do-ipen\/#breadcrumb\",\"itemListElement\":[{\"@type\":\"ListItem\",\"position\":1,\"name\":\"In\u00edcio\",\"item\":\"https:\/\/www.institutodeengenharia.org.br\/site\/\"},{\"@type\":\"ListItem\",\"position\":2,\"name\":\"Irradia\u00e7\u00e3o alimentar \u00e9 tema de reuni\u00e3o com diretora do Ipen\"}]},{\"@type\":\"WebSite\",\"@id\":\"https:\/\/www.institutodeengenharia.org.br\/site\/#website\",\"url\":\"https:\/\/www.institutodeengenharia.org.br\/site\/\",\"name\":\"Instituto de Engenharia\",\"description\":\"O Instituto de Engenharia promove a Engenharia em benef\u00edcio do desenvolvimento e da qualidade de vida da sociedade.\",\"publisher\":{\"@id\":\"https:\/\/www.institutodeengenharia.org.br\/site\/#organization\"},\"potentialAction\":[{\"@type\":\"SearchAction\",\"target\":{\"@type\":\"EntryPoint\",\"urlTemplate\":\"https:\/\/www.institutodeengenharia.org.br\/site\/?s={search_term_string}\"},\"query-input\":{\"@type\":\"PropertyValueSpecification\",\"valueRequired\":true,\"valueName\":\"search_term_string\"}}],\"inLanguage\":\"pt-BR\"},{\"@type\":\"Organization\",\"@id\":\"https:\/\/www.institutodeengenharia.org.br\/site\/#organization\",\"name\":\"Instituto de Engenharia\",\"url\":\"https:\/\/www.institutodeengenharia.org.br\/site\/\",\"logo\":{\"@type\":\"ImageObject\",\"inLanguage\":\"pt-BR\",\"@id\":\"https:\/\/www.institutodeengenharia.org.br\/site\/#\/schema\/logo\/image\/\",\"url\":\"https:\/\/www.institutodeengenharia.org.br\/site\/wp-content\/uploads\/2019\/03\/logo-novo-IE2018-1.jpg\",\"contentUrl\":\"https:\/\/www.institutodeengenharia.org.br\/site\/wp-content\/uploads\/2019\/03\/logo-novo-IE2018-1.jpg\",\"width\":1486,\"height\":1879,\"caption\":\"Instituto de Engenharia\"},\"image\":{\"@id\":\"https:\/\/www.institutodeengenharia.org.br\/site\/#\/schema\/logo\/image\/\"},\"sameAs\":[\"https:\/\/www.facebook.com\/institutodeengenharia\",\"https:\/\/x.com\/iengenharia\",\"https:\/\/www.instagram.com\/institutodeengenharia\/\",\"https:\/\/www.linkedin.com\/company\/instituto-de-engenharia\/\",\"https:\/\/www.youtube.com\/channel\/UCXiCAlsSMe977vamW915HxA\"]},{\"@type\":\"Person\",\"@id\":\"https:\/\/www.institutodeengenharia.org.br\/site\/#\/schema\/person\/593dc356630173a4877a635d3e5fd76b\",\"name\":\"Isabel\",\"image\":{\"@type\":\"ImageObject\",\"inLanguage\":\"pt-BR\",\"@id\":\"https:\/\/secure.gravatar.com\/avatar\/f3c521db63ec9db17894f10a88c6a3cf95b2281d7f80eeb3cf3ef1cb091576e7?s=96&d=mm&r=g\",\"url\":\"https:\/\/secure.gravatar.com\/avatar\/f3c521db63ec9db17894f10a88c6a3cf95b2281d7f80eeb3cf3ef1cb091576e7?s=96&d=mm&r=g\",\"contentUrl\":\"https:\/\/secure.gravatar.com\/avatar\/f3c521db63ec9db17894f10a88c6a3cf95b2281d7f80eeb3cf3ef1cb091576e7?s=96&d=mm&r=g\",\"caption\":\"Isabel\"},\"url\":\"https:\/\/www.institutodeengenharia.org.br\/site\/author\/comunicacao2\/\"}]}<\/script>\n<!-- \/ Yoast SEO plugin. -->","yoast_head_json":{"title":"Irradia\u00e7\u00e3o alimentar \u00e9 tema de reuni\u00e3o com diretora do Ipen - Instituto de Engenharia","robots":{"index":"index","follow":"follow","max-snippet":"max-snippet:-1","max-image-preview":"max-image-preview:large","max-video-preview":"max-video-preview:-1"},"canonical":"https:\/\/www.institutodeengenharia.org.br\/site\/2025\/02\/24\/irradiacao-alimentar-e-tema-de-reuniao-com-diretora-do-ipen\/","og_locale":"pt_BR","og_type":"article","og_title":"Irradia\u00e7\u00e3o alimentar \u00e9 tema de reuni\u00e3o com diretora do Ipen - Instituto de Engenharia","og_description":"O presidente do Instituto de Engenharia, Jos\u00e9 Eduardo Jardim, e membros da diretoria e conselhos receberam, na \u00faltima sexta (21), a diretora do Instituto de Pesquisas Energ\u00e9ticas e Nucleares -Ipen, Isolda Costa. Durante o encontro foi discutida a urg\u00eancia de o Brasil viabilizar, em termos conjunturais e atendendo os requisitos sanit\u00e1rios, o uso da irradia\u00e7\u00e3o [&hellip;]","og_url":"https:\/\/www.institutodeengenharia.org.br\/site\/2025\/02\/24\/irradiacao-alimentar-e-tema-de-reuniao-com-diretora-do-ipen\/","og_site_name":"Instituto de Engenharia","article_publisher":"https:\/\/www.facebook.com\/institutodeengenharia","article_published_time":"2025-02-24T13:45:27+00:00","article_modified_time":"2025-02-26T13:50:06+00:00","og_image":[{"width":1212,"height":373,"url":"https:\/\/www.institutodeengenharia.org.br\/site\/wp-content\/uploads\/2025\/02\/ipen.png","type":"image\/png"}],"author":"Isabel","twitter_card":"summary_large_image","twitter_creator":"@iengenharia","twitter_site":"@iengenharia","twitter_misc":{"Escrito por":"Isabel","Est. tempo de leitura":"1 minuto"},"schema":{"@context":"https:\/\/schema.org","@graph":[{"@type":"Article","@id":"https:\/\/www.institutodeengenharia.org.br\/site\/2025\/02\/24\/irradiacao-alimentar-e-tema-de-reuniao-com-diretora-do-ipen\/#article","isPartOf":{"@id":"https:\/\/www.institutodeengenharia.org.br\/site\/2025\/02\/24\/irradiacao-alimentar-e-tema-de-reuniao-com-diretora-do-ipen\/"},"author":{"name":"Isabel","@id":"https:\/\/www.institutodeengenharia.org.br\/site\/#\/schema\/person\/593dc356630173a4877a635d3e5fd76b"},"headline":"Irradia\u00e7\u00e3o alimentar \u00e9 tema de reuni\u00e3o com diretora do Ipen","datePublished":"2025-02-24T13:45:27+00:00","dateModified":"2025-02-26T13:50:06+00:00","mainEntityOfPage":{"@id":"https:\/\/www.institutodeengenharia.org.br\/site\/2025\/02\/24\/irradiacao-alimentar-e-tema-de-reuniao-com-diretora-do-ipen\/"},"wordCount":144,"commentCount":0,"publisher":{"@id":"https:\/\/www.institutodeengenharia.org.br\/site\/#organization"},"image":{"@id":"https:\/\/www.institutodeengenharia.org.br\/site\/2025\/02\/24\/irradiacao-alimentar-e-tema-de-reuniao-com-diretora-do-ipen\/#primaryimage"},"thumbnailUrl":"https:\/\/www.institutodeengenharia.org.br\/site\/wp-content\/uploads\/2025\/02\/ipen.png","articleSection":["Instituto de Engenharia","Not\u00edcias"],"inLanguage":"pt-BR","potentialAction":[{"@type":"CommentAction","name":"Comment","target":["https:\/\/www.institutodeengenharia.org.br\/site\/2025\/02\/24\/irradiacao-alimentar-e-tema-de-reuniao-com-diretora-do-ipen\/#respond"]}]},{"@type":"WebPage","@id":"https:\/\/www.institutodeengenharia.org.br\/site\/2025\/02\/24\/irradiacao-alimentar-e-tema-de-reuniao-com-diretora-do-ipen\/","url":"https:\/\/www.institutodeengenharia.org.br\/site\/2025\/02\/24\/irradiacao-alimentar-e-tema-de-reuniao-com-diretora-do-ipen\/","name":"Irradia\u00e7\u00e3o alimentar \u00e9 tema de reuni\u00e3o com diretora do Ipen - Instituto de Engenharia","isPartOf":{"@id":"https:\/\/www.institutodeengenharia.org.br\/site\/#website"},"primaryImageOfPage":{"@id":"https:\/\/www.institutodeengenharia.org.br\/site\/2025\/02\/24\/irradiacao-alimentar-e-tema-de-reuniao-com-diretora-do-ipen\/#primaryimage"},"image":{"@id":"https:\/\/www.institutodeengenharia.org.br\/site\/2025\/02\/24\/irradiacao-alimentar-e-tema-de-reuniao-com-diretora-do-ipen\/#primaryimage"},"thumbnailUrl":"https:\/\/www.institutodeengenharia.org.br\/site\/wp-content\/uploads\/2025\/02\/ipen.png","datePublished":"2025-02-24T13:45:27+00:00","dateModified":"2025-02-26T13:50:06+00:00","breadcrumb":{"@id":"https:\/\/www.institutodeengenharia.org.br\/site\/2025\/02\/24\/irradiacao-alimentar-e-tema-de-reuniao-com-diretora-do-ipen\/#breadcrumb"},"inLanguage":"pt-BR","potentialAction":[{"@type":"ReadAction","target":["https:\/\/www.institutodeengenharia.org.br\/site\/2025\/02\/24\/irradiacao-alimentar-e-tema-de-reuniao-com-diretora-do-ipen\/"]}]},{"@type":"ImageObject","inLanguage":"pt-BR","@id":"https:\/\/www.institutodeengenharia.org.br\/site\/2025\/02\/24\/irradiacao-alimentar-e-tema-de-reuniao-com-diretora-do-ipen\/#primaryimage","url":"https:\/\/www.institutodeengenharia.org.br\/site\/wp-content\/uploads\/2025\/02\/ipen.png","contentUrl":"https:\/\/www.institutodeengenharia.org.br\/site\/wp-content\/uploads\/2025\/02\/ipen.png","width":1212,"height":373,"caption":"Da esq. p\/ dir.: Elcio Kazuaki Niwa, 1\u00ba diretor-Financeiro, Ricardo Kenzo, conselheiro, Jos\u00e9 Ol\u00edmpio Dias de Faria, conselheiro, Francisco Christovam, conselheiro, Marcelo Rozenberg, conselheiro, Jos\u00e9 Eduardo Jardim, presidente, Isolda Costa, Ipen, Lawrence Koo, VP Rela\u00e7\u00f5es Externas, Miriana Marques, VP Adm. Finan\u00e7as, e Celso Matsuda, associado convidado"},{"@type":"BreadcrumbList","@id":"https:\/\/www.institutodeengenharia.org.br\/site\/2025\/02\/24\/irradiacao-alimentar-e-tema-de-reuniao-com-diretora-do-ipen\/#breadcrumb","itemListElement":[{"@type":"ListItem","position":1,"name":"In\u00edcio","item":"https:\/\/www.institutodeengenharia.org.br\/site\/"},{"@type":"ListItem","position":2,"name":"Irradia\u00e7\u00e3o alimentar \u00e9 tema de reuni\u00e3o com diretora do Ipen"}]},{"@type":"WebSite","@id":"https:\/\/www.institutodeengenharia.org.br\/site\/#website","url":"https:\/\/www.institutodeengenharia.org.br\/site\/","name":"Instituto de Engenharia","description":"O Instituto de Engenharia promove a Engenharia em benef\u00edcio do desenvolvimento e da qualidade de vida da sociedade.","publisher":{"@id":"https:\/\/www.institutodeengenharia.org.br\/site\/#organization"},"potentialAction":[{"@type":"SearchAction","target":{"@type":"EntryPoint","urlTemplate":"https:\/\/www.institutodeengenharia.org.br\/site\/?s={search_term_string}"},"query-input":{"@type":"PropertyValueSpecification","valueRequired":true,"valueName":"search_term_string"}}],"inLanguage":"pt-BR"},{"@type":"Organization","@id":"https:\/\/www.institutodeengenharia.org.br\/site\/#organization","name":"Instituto de Engenharia","url":"https:\/\/www.institutodeengenharia.org.br\/site\/","logo":{"@type":"ImageObject","inLanguage":"pt-BR","@id":"https:\/\/www.institutodeengenharia.org.br\/site\/#\/schema\/logo\/image\/","url":"https:\/\/www.institutodeengenharia.org.br\/site\/wp-content\/uploads\/2019\/03\/logo-novo-IE2018-1.jpg","contentUrl":"https:\/\/www.institutodeengenharia.org.br\/site\/wp-content\/uploads\/2019\/03\/logo-novo-IE2018-1.jpg","width":1486,"height":1879,"caption":"Instituto de Engenharia"},"image":{"@id":"https:\/\/www.institutodeengenharia.org.br\/site\/#\/schema\/logo\/image\/"},"sameAs":["https:\/\/www.facebook.com\/institutodeengenharia","https:\/\/x.com\/iengenharia","https:\/\/www.instagram.com\/institutodeengenharia\/","https:\/\/www.linkedin.com\/company\/instituto-de-engenharia\/","https:\/\/www.youtube.com\/channel\/UCXiCAlsSMe977vamW915HxA"]},{"@type":"Person","@id":"https:\/\/www.institutodeengenharia.org.br\/site\/#\/schema\/person\/593dc356630173a4877a635d3e5fd76b","name":"Isabel","image":{"@type":"ImageObject","inLanguage":"pt-BR","@id":"https:\/\/secure.gravatar.com\/avatar\/f3c521db63ec9db17894f10a88c6a3cf95b2281d7f80eeb3cf3ef1cb091576e7?s=96&d=mm&r=g","url":"https:\/\/secure.gravatar.com\/avatar\/f3c521db63ec9db17894f10a88c6a3cf95b2281d7f80eeb3cf3ef1cb091576e7?s=96&d=mm&r=g","contentUrl":"https:\/\/secure.gravatar.com\/avatar\/f3c521db63ec9db17894f10a88c6a3cf95b2281d7f80eeb3cf3ef1cb091576e7?s=96&d=mm&r=g","caption":"Isabel"},"url":"https:\/\/www.institutodeengenharia.org.br\/site\/author\/comunicacao2\/"}]}},"_links":{"self":[{"href":"https:\/\/www.institutodeengenharia.org.br\/site\/wp-json\/wp\/v2\/posts\/126625","targetHints":{"allow":["GET"]}}],"collection":[{"href":"https:\/\/www.institutodeengenharia.org.br\/site\/wp-json\/wp\/v2\/posts"}],"about":[{"href":"https:\/\/www.institutodeengenharia.org.br\/site\/wp-json\/wp\/v2\/types\/post"}],"author":[{"embeddable":true,"href":"https:\/\/www.institutodeengenharia.org.br\/site\/wp-json\/wp\/v2\/users\/14"}],"replies":[{"embeddable":true,"href":"https:\/\/www.institutodeengenharia.org.br\/site\/wp-json\/wp\/v2\/comments?post=126625"}],"version-history":[{"count":4,"href":"https:\/\/www.institutodeengenharia.org.br\/site\/wp-json\/wp\/v2\/posts\/126625\/revisions"}],"predecessor-version":[{"id":126731,"href":"https:\/\/www.institutodeengenharia.org.br\/site\/wp-json\/wp\/v2\/posts\/126625\/revisions\/126731"}],"wp:featuredmedia":[{"embeddable":true,"href":"https:\/\/www.institutodeengenharia.org.br\/site\/wp-json\/wp\/v2\/media\/126631"}],"wp:attachment":[{"href":"https:\/\/www.institutodeengenharia.org.br\/site\/wp-json\/wp\/v2\/media?parent=126625"}],"wp:term":[{"taxonomy":"category","embeddable":true,"href":"https:\/\/www.institutodeengenharia.org.br\/site\/wp-json\/wp\/v2\/categories?post=126625"},{"taxonomy":"post_tag","embeddable":true,"href":"https:\/\/www.institutodeengenharia.org.br\/site\/wp-json\/wp\/v2\/tags?post=126625"}],"curies":[{"name":"wp","href":"https:\/\/api.w.org\/{rel}","templated":true}]}}