{"id":126544,"date":"2025-02-19T17:29:46","date_gmt":"2025-02-19T20:29:46","guid":{"rendered":"https:\/\/www.institutodeengenharia.org.br\/site\/?p=126544"},"modified":"2025-02-20T09:51:25","modified_gmt":"2025-02-20T12:51:25","slug":"presidente-do-tcmsp-e-secretario-do-verde-e-ma-sao-recebidos-pela-diretoria-e-conselheiros-do-ie","status":"publish","type":"post","link":"https:\/\/www.institutodeengenharia.org.br\/site\/2025\/02\/19\/presidente-do-tcmsp-e-secretario-do-verde-e-ma-sao-recebidos-pela-diretoria-e-conselheiros-do-ie\/","title":{"rendered":"Presidente do TCMSP e secret\u00e1rio do Verde e MA s\u00e3o recebidos pela diretoria e conselheiros do IE"},"content":{"rendered":"<p>O presidente do Tribunal de Contas do Munic\u00edpio de S\u00e3o Paulo (TCMSP), engenheiro Domingos Dissei, e o secret\u00e1rio municipal do Verde e do Meio Ambiente da cidade de S\u00e3o Paulo, o vice-presidente do TCMSP, Ricardo Torres, e o engenheiro Rodrigo Ashiuchi, foram recebidos nesta quarta (19), em um almo\u00e7o na sede do Instituto de Engenharia, pelo presidente, Jos\u00e9 Eduardo Jardim, diretoria, ex-presidentes e conselheiros da Casa.<\/p>\n<p><img loading=\"lazy\" decoding=\"async\" class=\"wp-image-126549 alignleft\" src=\"https:\/\/www.institutodeengenharia.org.br\/site\/wp-content\/uploads\/2025\/02\/WhatsApp-Image-2025-02-19-at-16.40.47.jpeg\" alt=\"\" width=\"199\" height=\"265\" srcset=\"https:\/\/www.institutodeengenharia.org.br\/site\/wp-content\/uploads\/2025\/02\/WhatsApp-Image-2025-02-19-at-16.40.47.jpeg 1200w, https:\/\/www.institutodeengenharia.org.br\/site\/wp-content\/uploads\/2025\/02\/WhatsApp-Image-2025-02-19-at-16.40.47-225x300.jpeg 225w, https:\/\/www.institutodeengenharia.org.br\/site\/wp-content\/uploads\/2025\/02\/WhatsApp-Image-2025-02-19-at-16.40.47-768x1024.jpeg 768w, https:\/\/www.institutodeengenharia.org.br\/site\/wp-content\/uploads\/2025\/02\/WhatsApp-Image-2025-02-19-at-16.40.47-1152x1536.jpeg 1152w, https:\/\/www.institutodeengenharia.org.br\/site\/wp-content\/uploads\/2025\/02\/WhatsApp-Image-2025-02-19-at-16.40.47-315x420.jpeg 315w, https:\/\/www.institutodeengenharia.org.br\/site\/wp-content\/uploads\/2025\/02\/WhatsApp-Image-2025-02-19-at-16.40.47-696x928.jpeg 696w, https:\/\/www.institutodeengenharia.org.br\/site\/wp-content\/uploads\/2025\/02\/WhatsApp-Image-2025-02-19-at-16.40.47-1068x1424.jpeg 1068w, https:\/\/www.institutodeengenharia.org.br\/site\/wp-content\/uploads\/2025\/02\/WhatsApp-Image-2025-02-19-at-16.40.47-600x800.jpeg 600w\" sizes=\"auto, (max-width: 199px) 100vw, 199px\" \/><\/p>\n<p>Dissei iniciou o encontro enfatizando a import\u00e2ncia do Instituto de Engenharia: &#8220;Ningu\u00e9m dura mais de um centen\u00e1rio se n\u00e3o for um bom t\u00e9cnico. E voc\u00eas est\u00e3o de parab\u00e9ns pelos assuntos que sa\u00edram daqui, como o desenvolvimento ferrovi\u00e1rio. Estamos \u00e0 disposi\u00e7\u00e3o para formar um conv\u00eanio&#8221;.<\/p>\n<p>Na sequ\u00eancia, Dissei apresentou o\u00a0v\u00eddeo institucional do TCMSP (foto \u00e0 esq.)<\/p>\n<p>&nbsp;<\/p>\n<figure id=\"attachment_126547\" aria-describedby=\"caption-attachment-126547\" style=\"width: 404px\" class=\"wp-caption aligncenter\"><img loading=\"lazy\" decoding=\"async\" class=\"wp-image-126547\" src=\"https:\/\/www.institutodeengenharia.org.br\/site\/wp-content\/uploads\/2025\/02\/WhatsApp-Image-2025-02-19-at-16.43.21-scaled.jpeg\" alt=\"\" width=\"404\" height=\"303\" srcset=\"https:\/\/www.institutodeengenharia.org.br\/site\/wp-content\/uploads\/2025\/02\/WhatsApp-Image-2025-02-19-at-16.43.21-scaled.jpeg 2560w, https:\/\/www.institutodeengenharia.org.br\/site\/wp-content\/uploads\/2025\/02\/WhatsApp-Image-2025-02-19-at-16.43.21-300x225.jpeg 300w, https:\/\/www.institutodeengenharia.org.br\/site\/wp-content\/uploads\/2025\/02\/WhatsApp-Image-2025-02-19-at-16.43.21-1024x768.jpeg 1024w, https:\/\/www.institutodeengenharia.org.br\/site\/wp-content\/uploads\/2025\/02\/WhatsApp-Image-2025-02-19-at-16.43.21-768x576.jpeg 768w, https:\/\/www.institutodeengenharia.org.br\/site\/wp-content\/uploads\/2025\/02\/WhatsApp-Image-2025-02-19-at-16.43.21-1536x1152.jpeg 1536w, https:\/\/www.institutodeengenharia.org.br\/site\/wp-content\/uploads\/2025\/02\/WhatsApp-Image-2025-02-19-at-16.43.21-2048x1536.jpeg 2048w, https:\/\/www.institutodeengenharia.org.br\/site\/wp-content\/uploads\/2025\/02\/WhatsApp-Image-2025-02-19-at-16.43.21-560x420.jpeg 560w, https:\/\/www.institutodeengenharia.org.br\/site\/wp-content\/uploads\/2025\/02\/WhatsApp-Image-2025-02-19-at-16.43.21-80x60.jpeg 80w, https:\/\/www.institutodeengenharia.org.br\/site\/wp-content\/uploads\/2025\/02\/WhatsApp-Image-2025-02-19-at-16.43.21-696x522.jpeg 696w, https:\/\/www.institutodeengenharia.org.br\/site\/wp-content\/uploads\/2025\/02\/WhatsApp-Image-2025-02-19-at-16.43.21-1068x801.jpeg 1068w, https:\/\/www.institutodeengenharia.org.br\/site\/wp-content\/uploads\/2025\/02\/WhatsApp-Image-2025-02-19-at-16.43.21-1920x1440.jpeg 1920w, https:\/\/www.institutodeengenharia.org.br\/site\/wp-content\/uploads\/2025\/02\/WhatsApp-Image-2025-02-19-at-16.43.21-265x198.jpeg 265w, https:\/\/www.institutodeengenharia.org.br\/site\/wp-content\/uploads\/2025\/02\/WhatsApp-Image-2025-02-19-at-16.43.21-600x450.jpeg 600w\" sizes=\"auto, (max-width: 404px) 100vw, 404px\" \/><figcaption id=\"caption-attachment-126547\" class=\"wp-caption-text\">Cr\u00e9dito &#8211; Secretaria Municipal do Verde e do Meio Ambiente da cidade de S\u00e3o Paulo<\/figcaption><\/figure>\n<p>O vice-presidente de Atividades T\u00e9cnicas do IE, Ivan Whately, comentou sobre a visita e o projeto sobre navega\u00e7\u00e3o urbana apresentado por Pedro Martin Fernandes, presidente da SPUrbanismo, e a\u00a0 import\u00e2ncia de se analisar profundamente essa quest\u00e3o. Outro assunto lembrado por Whately foi o funcionamento do ITS (Sistema de Transporte Inteligente) para planejamento multimodal, da SPTrans, para melhoria do tr\u00e2nsito e mobilidade urbana.<\/p>\n<p>O presidente do Instituto de Engenharia, Jos\u00e9 Eduardo Jardim, se mostrou preocupado com a Educa\u00e7\u00e3o levantando para Dissei a quest\u00e3o de como o IE pode trabalhar por essa causa.<\/p>\n<p>Domingos Dissei \u00e9 o primeiro engenheiro a presidir o Tribunal de Contas do Munic\u00edpio de S\u00e3o Paulo. Formado pela Escola de Engenharia Mau\u00e1,\u00a0 Dissei presta servi\u00e7os \u00e0 cidade\u00a0 desde 1996, como vereador reeleito por quatro mandatos, Subprefeito, Secret\u00e1rio e, desde 2012, atuou como conselheiro da Corte de Contas no TCMSP.<\/p>\n<figure id=\"attachment_126548\" aria-describedby=\"caption-attachment-126548\" style=\"width: 388px\" class=\"wp-caption alignright\"><img loading=\"lazy\" decoding=\"async\" class=\" wp-image-126548\" src=\"https:\/\/www.institutodeengenharia.org.br\/site\/wp-content\/uploads\/2025\/02\/WhatsApp-Image-2025-02-19-at-16.43.13-scaled.jpeg\" alt=\"\" width=\"388\" height=\"291\" srcset=\"https:\/\/www.institutodeengenharia.org.br\/site\/wp-content\/uploads\/2025\/02\/WhatsApp-Image-2025-02-19-at-16.43.13-scaled.jpeg 2560w, https:\/\/www.institutodeengenharia.org.br\/site\/wp-content\/uploads\/2025\/02\/WhatsApp-Image-2025-02-19-at-16.43.13-300x225.jpeg 300w, https:\/\/www.institutodeengenharia.org.br\/site\/wp-content\/uploads\/2025\/02\/WhatsApp-Image-2025-02-19-at-16.43.13-1024x768.jpeg 1024w, https:\/\/www.institutodeengenharia.org.br\/site\/wp-content\/uploads\/2025\/02\/WhatsApp-Image-2025-02-19-at-16.43.13-768x576.jpeg 768w, https:\/\/www.institutodeengenharia.org.br\/site\/wp-content\/uploads\/2025\/02\/WhatsApp-Image-2025-02-19-at-16.43.13-1536x1152.jpeg 1536w, https:\/\/www.institutodeengenharia.org.br\/site\/wp-content\/uploads\/2025\/02\/WhatsApp-Image-2025-02-19-at-16.43.13-2048x1536.jpeg 2048w, https:\/\/www.institutodeengenharia.org.br\/site\/wp-content\/uploads\/2025\/02\/WhatsApp-Image-2025-02-19-at-16.43.13-560x420.jpeg 560w, https:\/\/www.institutodeengenharia.org.br\/site\/wp-content\/uploads\/2025\/02\/WhatsApp-Image-2025-02-19-at-16.43.13-80x60.jpeg 80w, https:\/\/www.institutodeengenharia.org.br\/site\/wp-content\/uploads\/2025\/02\/WhatsApp-Image-2025-02-19-at-16.43.13-696x522.jpeg 696w, https:\/\/www.institutodeengenharia.org.br\/site\/wp-content\/uploads\/2025\/02\/WhatsApp-Image-2025-02-19-at-16.43.13-1068x801.jpeg 1068w, https:\/\/www.institutodeengenharia.org.br\/site\/wp-content\/uploads\/2025\/02\/WhatsApp-Image-2025-02-19-at-16.43.13-1920x1440.jpeg 1920w, https:\/\/www.institutodeengenharia.org.br\/site\/wp-content\/uploads\/2025\/02\/WhatsApp-Image-2025-02-19-at-16.43.13-265x198.jpeg 265w, https:\/\/www.institutodeengenharia.org.br\/site\/wp-content\/uploads\/2025\/02\/WhatsApp-Image-2025-02-19-at-16.43.13-600x450.jpeg 600w\" sizes=\"auto, (max-width: 388px) 100vw, 388px\" \/><figcaption id=\"caption-attachment-126548\" class=\"wp-caption-text\">Da esq. p\/ dir. Jos\u00e9 Eduardo Jardim, presidente IE, Rodrigo Ashiuchi, secret\u00e1rio do Verde e MA, e Miriana Marques, VP Adm. e Finan\u00e7as IE<\/figcaption><\/figure>\n<p>Rodrigo Ashiuchi tamb\u00e9m \u00e9 engenheiro, ex-prefeito de Suzano e, quando prefeito, em 2023, nos deu a honra de participar do Workshop: Debate sobre uma nova liga\u00e7\u00e3o do planalto \u00e0 baixada santista, promovido pelo IE.<\/p>\n","protected":false},"excerpt":{"rendered":"<p>O presidente do Tribunal de Contas do Munic\u00edpio de S\u00e3o Paulo (TCMSP), engenheiro Domingos Dissei, e o secret\u00e1rio municipal do Verde e do Meio Ambiente da cidade de S\u00e3o Paulo, o vice-presidente do TCMSP, Ricardo Torres, e o engenheiro Rodrigo Ashiuchi, foram recebidos nesta quarta (19), em um almo\u00e7o na sede do Instituto de Engenharia, [&hellip;]<\/p>\n","protected":false},"author":14,"featured_media":126546,"comment_status":"open","ping_status":"open","sticky":false,"template":"","format":"standard","meta":{"footnotes":""},"categories":[27,6],"tags":[],"class_list":{"0":"post-126544","1":"post","2":"type-post","3":"status-publish","4":"format-standard","5":"has-post-thumbnail","7":"category-instituto-de-engenharia","8":"category-noticias"},"yoast_head":"<!-- This site is optimized with the Yoast SEO plugin v27.2 - https:\/\/yoast.com\/product\/yoast-seo-wordpress\/ -->\n<title>Presidente do TCMSP e secret\u00e1rio do Verde e MA s\u00e3o recebidos pela diretoria e conselheiros do IE - Instituto de Engenharia<\/title>\n<meta name=\"robots\" content=\"index, follow, max-snippet:-1, max-image-preview:large, max-video-preview:-1\" \/>\n<link rel=\"canonical\" href=\"https:\/\/www.institutodeengenharia.org.br\/site\/2025\/02\/19\/presidente-do-tcmsp-e-secretario-do-verde-e-ma-sao-recebidos-pela-diretoria-e-conselheiros-do-ie\/\" \/>\n<meta property=\"og:locale\" content=\"pt_BR\" \/>\n<meta property=\"og:type\" content=\"article\" \/>\n<meta property=\"og:title\" content=\"Presidente do TCMSP e secret\u00e1rio do Verde e MA s\u00e3o recebidos pela diretoria e conselheiros do IE - Instituto de Engenharia\" \/>\n<meta property=\"og:description\" content=\"O presidente do Tribunal de Contas do Munic\u00edpio de S\u00e3o Paulo (TCMSP), engenheiro Domingos Dissei, e o secret\u00e1rio municipal do Verde e do Meio Ambiente da cidade de S\u00e3o Paulo, o vice-presidente do TCMSP, Ricardo Torres, e o engenheiro Rodrigo Ashiuchi, foram recebidos nesta quarta (19), em um almo\u00e7o na sede do Instituto de Engenharia, [&hellip;]\" \/>\n<meta property=\"og:url\" content=\"https:\/\/www.institutodeengenharia.org.br\/site\/2025\/02\/19\/presidente-do-tcmsp-e-secretario-do-verde-e-ma-sao-recebidos-pela-diretoria-e-conselheiros-do-ie\/\" \/>\n<meta property=\"og:site_name\" content=\"Instituto de Engenharia\" \/>\n<meta property=\"article:publisher\" content=\"https:\/\/www.facebook.com\/institutodeengenharia\" \/>\n<meta property=\"article:published_time\" content=\"2025-02-19T20:29:46+00:00\" \/>\n<meta property=\"article:modified_time\" content=\"2025-02-20T12:51:25+00:00\" \/>\n<meta property=\"og:image\" content=\"https:\/\/www.institutodeengenharia.org.br\/site\/wp-content\/uploads\/2025\/02\/WhatsApp-Image-2025-02-19-at-16.42.58.jpeg\" \/>\n\t<meta property=\"og:image:width\" content=\"1600\" \/>\n\t<meta property=\"og:image:height\" content=\"1200\" \/>\n\t<meta property=\"og:image:type\" content=\"image\/jpeg\" \/>\n<meta name=\"author\" content=\"Isabel\" \/>\n<meta name=\"twitter:card\" content=\"summary_large_image\" \/>\n<meta name=\"twitter:creator\" content=\"@iengenharia\" \/>\n<meta name=\"twitter:site\" content=\"@iengenharia\" \/>\n<meta name=\"twitter:label1\" content=\"Escrito por\" \/>\n\t<meta name=\"twitter:data1\" content=\"Isabel\" \/>\n\t<meta name=\"twitter:label2\" content=\"Est. tempo de leitura\" \/>\n\t<meta name=\"twitter:data2\" content=\"3 minutos\" \/>\n<script type=\"application\/ld+json\" class=\"yoast-schema-graph\">{\"@context\":\"https:\/\/schema.org\",\"@graph\":[{\"@type\":\"Article\",\"@id\":\"https:\/\/www.institutodeengenharia.org.br\/site\/2025\/02\/19\/presidente-do-tcmsp-e-secretario-do-verde-e-ma-sao-recebidos-pela-diretoria-e-conselheiros-do-ie\/#article\",\"isPartOf\":{\"@id\":\"https:\/\/www.institutodeengenharia.org.br\/site\/2025\/02\/19\/presidente-do-tcmsp-e-secretario-do-verde-e-ma-sao-recebidos-pela-diretoria-e-conselheiros-do-ie\/\"},\"author\":{\"name\":\"Isabel\",\"@id\":\"https:\/\/www.institutodeengenharia.org.br\/site\/#\/schema\/person\/593dc356630173a4877a635d3e5fd76b\"},\"headline\":\"Presidente do TCMSP e secret\u00e1rio do Verde e MA s\u00e3o recebidos pela diretoria e conselheiros do IE\",\"datePublished\":\"2025-02-19T20:29:46+00:00\",\"dateModified\":\"2025-02-20T12:51:25+00:00\",\"mainEntityOfPage\":{\"@id\":\"https:\/\/www.institutodeengenharia.org.br\/site\/2025\/02\/19\/presidente-do-tcmsp-e-secretario-do-verde-e-ma-sao-recebidos-pela-diretoria-e-conselheiros-do-ie\/\"},\"wordCount\":396,\"commentCount\":0,\"publisher\":{\"@id\":\"https:\/\/www.institutodeengenharia.org.br\/site\/#organization\"},\"image\":{\"@id\":\"https:\/\/www.institutodeengenharia.org.br\/site\/2025\/02\/19\/presidente-do-tcmsp-e-secretario-do-verde-e-ma-sao-recebidos-pela-diretoria-e-conselheiros-do-ie\/#primaryimage\"},\"thumbnailUrl\":\"https:\/\/www.institutodeengenharia.org.br\/site\/wp-content\/uploads\/2025\/02\/WhatsApp-Image-2025-02-19-at-16.42.58.jpeg\",\"articleSection\":[\"Instituto de Engenharia\",\"Not\u00edcias\"],\"inLanguage\":\"pt-BR\",\"potentialAction\":[{\"@type\":\"CommentAction\",\"name\":\"Comment\",\"target\":[\"https:\/\/www.institutodeengenharia.org.br\/site\/2025\/02\/19\/presidente-do-tcmsp-e-secretario-do-verde-e-ma-sao-recebidos-pela-diretoria-e-conselheiros-do-ie\/#respond\"]}]},{\"@type\":\"WebPage\",\"@id\":\"https:\/\/www.institutodeengenharia.org.br\/site\/2025\/02\/19\/presidente-do-tcmsp-e-secretario-do-verde-e-ma-sao-recebidos-pela-diretoria-e-conselheiros-do-ie\/\",\"url\":\"https:\/\/www.institutodeengenharia.org.br\/site\/2025\/02\/19\/presidente-do-tcmsp-e-secretario-do-verde-e-ma-sao-recebidos-pela-diretoria-e-conselheiros-do-ie\/\",\"name\":\"Presidente do TCMSP e secret\u00e1rio do Verde e MA s\u00e3o recebidos pela diretoria e conselheiros do IE - Instituto de Engenharia\",\"isPartOf\":{\"@id\":\"https:\/\/www.institutodeengenharia.org.br\/site\/#website\"},\"primaryImageOfPage\":{\"@id\":\"https:\/\/www.institutodeengenharia.org.br\/site\/2025\/02\/19\/presidente-do-tcmsp-e-secretario-do-verde-e-ma-sao-recebidos-pela-diretoria-e-conselheiros-do-ie\/#primaryimage\"},\"image\":{\"@id\":\"https:\/\/www.institutodeengenharia.org.br\/site\/2025\/02\/19\/presidente-do-tcmsp-e-secretario-do-verde-e-ma-sao-recebidos-pela-diretoria-e-conselheiros-do-ie\/#primaryimage\"},\"thumbnailUrl\":\"https:\/\/www.institutodeengenharia.org.br\/site\/wp-content\/uploads\/2025\/02\/WhatsApp-Image-2025-02-19-at-16.42.58.jpeg\",\"datePublished\":\"2025-02-19T20:29:46+00:00\",\"dateModified\":\"2025-02-20T12:51:25+00:00\",\"breadcrumb\":{\"@id\":\"https:\/\/www.institutodeengenharia.org.br\/site\/2025\/02\/19\/presidente-do-tcmsp-e-secretario-do-verde-e-ma-sao-recebidos-pela-diretoria-e-conselheiros-do-ie\/#breadcrumb\"},\"inLanguage\":\"pt-BR\",\"potentialAction\":[{\"@type\":\"ReadAction\",\"target\":[\"https:\/\/www.institutodeengenharia.org.br\/site\/2025\/02\/19\/presidente-do-tcmsp-e-secretario-do-verde-e-ma-sao-recebidos-pela-diretoria-e-conselheiros-do-ie\/\"]}]},{\"@type\":\"ImageObject\",\"inLanguage\":\"pt-BR\",\"@id\":\"https:\/\/www.institutodeengenharia.org.br\/site\/2025\/02\/19\/presidente-do-tcmsp-e-secretario-do-verde-e-ma-sao-recebidos-pela-diretoria-e-conselheiros-do-ie\/#primaryimage\",\"url\":\"https:\/\/www.institutodeengenharia.org.br\/site\/wp-content\/uploads\/2025\/02\/WhatsApp-Image-2025-02-19-at-16.42.58.jpeg\",\"contentUrl\":\"https:\/\/www.institutodeengenharia.org.br\/site\/wp-content\/uploads\/2025\/02\/WhatsApp-Image-2025-02-19-at-16.42.58.jpeg\",\"width\":1600,\"height\":1200},{\"@type\":\"BreadcrumbList\",\"@id\":\"https:\/\/www.institutodeengenharia.org.br\/site\/2025\/02\/19\/presidente-do-tcmsp-e-secretario-do-verde-e-ma-sao-recebidos-pela-diretoria-e-conselheiros-do-ie\/#breadcrumb\",\"itemListElement\":[{\"@type\":\"ListItem\",\"position\":1,\"name\":\"In\u00edcio\",\"item\":\"https:\/\/www.institutodeengenharia.org.br\/site\/\"},{\"@type\":\"ListItem\",\"position\":2,\"name\":\"Presidente do TCMSP e secret\u00e1rio do Verde e MA s\u00e3o recebidos pela diretoria e conselheiros do IE\"}]},{\"@type\":\"WebSite\",\"@id\":\"https:\/\/www.institutodeengenharia.org.br\/site\/#website\",\"url\":\"https:\/\/www.institutodeengenharia.org.br\/site\/\",\"name\":\"Instituto de Engenharia\",\"description\":\"O Instituto de Engenharia promove a Engenharia em benef\u00edcio do desenvolvimento e da qualidade de vida da sociedade.\",\"publisher\":{\"@id\":\"https:\/\/www.institutodeengenharia.org.br\/site\/#organization\"},\"potentialAction\":[{\"@type\":\"SearchAction\",\"target\":{\"@type\":\"EntryPoint\",\"urlTemplate\":\"https:\/\/www.institutodeengenharia.org.br\/site\/?s={search_term_string}\"},\"query-input\":{\"@type\":\"PropertyValueSpecification\",\"valueRequired\":true,\"valueName\":\"search_term_string\"}}],\"inLanguage\":\"pt-BR\"},{\"@type\":\"Organization\",\"@id\":\"https:\/\/www.institutodeengenharia.org.br\/site\/#organization\",\"name\":\"Instituto de Engenharia\",\"url\":\"https:\/\/www.institutodeengenharia.org.br\/site\/\",\"logo\":{\"@type\":\"ImageObject\",\"inLanguage\":\"pt-BR\",\"@id\":\"https:\/\/www.institutodeengenharia.org.br\/site\/#\/schema\/logo\/image\/\",\"url\":\"https:\/\/www.institutodeengenharia.org.br\/site\/wp-content\/uploads\/2019\/03\/logo-novo-IE2018-1.jpg\",\"contentUrl\":\"https:\/\/www.institutodeengenharia.org.br\/site\/wp-content\/uploads\/2019\/03\/logo-novo-IE2018-1.jpg\",\"width\":1486,\"height\":1879,\"caption\":\"Instituto de Engenharia\"},\"image\":{\"@id\":\"https:\/\/www.institutodeengenharia.org.br\/site\/#\/schema\/logo\/image\/\"},\"sameAs\":[\"https:\/\/www.facebook.com\/institutodeengenharia\",\"https:\/\/x.com\/iengenharia\",\"https:\/\/www.instagram.com\/institutodeengenharia\/\",\"https:\/\/www.linkedin.com\/company\/instituto-de-engenharia\/\",\"https:\/\/www.youtube.com\/channel\/UCXiCAlsSMe977vamW915HxA\"]},{\"@type\":\"Person\",\"@id\":\"https:\/\/www.institutodeengenharia.org.br\/site\/#\/schema\/person\/593dc356630173a4877a635d3e5fd76b\",\"name\":\"Isabel\",\"image\":{\"@type\":\"ImageObject\",\"inLanguage\":\"pt-BR\",\"@id\":\"https:\/\/secure.gravatar.com\/avatar\/f3c521db63ec9db17894f10a88c6a3cf95b2281d7f80eeb3cf3ef1cb091576e7?s=96&d=mm&r=g\",\"url\":\"https:\/\/secure.gravatar.com\/avatar\/f3c521db63ec9db17894f10a88c6a3cf95b2281d7f80eeb3cf3ef1cb091576e7?s=96&d=mm&r=g\",\"contentUrl\":\"https:\/\/secure.gravatar.com\/avatar\/f3c521db63ec9db17894f10a88c6a3cf95b2281d7f80eeb3cf3ef1cb091576e7?s=96&d=mm&r=g\",\"caption\":\"Isabel\"},\"url\":\"https:\/\/www.institutodeengenharia.org.br\/site\/author\/comunicacao2\/\"}]}<\/script>\n<!-- \/ Yoast SEO plugin. -->","yoast_head_json":{"title":"Presidente do TCMSP e secret\u00e1rio do Verde e MA s\u00e3o recebidos pela diretoria e conselheiros do IE - Instituto de Engenharia","robots":{"index":"index","follow":"follow","max-snippet":"max-snippet:-1","max-image-preview":"max-image-preview:large","max-video-preview":"max-video-preview:-1"},"canonical":"https:\/\/www.institutodeengenharia.org.br\/site\/2025\/02\/19\/presidente-do-tcmsp-e-secretario-do-verde-e-ma-sao-recebidos-pela-diretoria-e-conselheiros-do-ie\/","og_locale":"pt_BR","og_type":"article","og_title":"Presidente do TCMSP e secret\u00e1rio do Verde e MA s\u00e3o recebidos pela diretoria e conselheiros do IE - Instituto de Engenharia","og_description":"O presidente do Tribunal de Contas do Munic\u00edpio de S\u00e3o Paulo (TCMSP), engenheiro Domingos Dissei, e o secret\u00e1rio municipal do Verde e do Meio Ambiente da cidade de S\u00e3o Paulo, o vice-presidente do TCMSP, Ricardo Torres, e o engenheiro Rodrigo Ashiuchi, foram recebidos nesta quarta (19), em um almo\u00e7o na sede do Instituto de Engenharia, [&hellip;]","og_url":"https:\/\/www.institutodeengenharia.org.br\/site\/2025\/02\/19\/presidente-do-tcmsp-e-secretario-do-verde-e-ma-sao-recebidos-pela-diretoria-e-conselheiros-do-ie\/","og_site_name":"Instituto de Engenharia","article_publisher":"https:\/\/www.facebook.com\/institutodeengenharia","article_published_time":"2025-02-19T20:29:46+00:00","article_modified_time":"2025-02-20T12:51:25+00:00","og_image":[{"width":1600,"height":1200,"url":"https:\/\/www.institutodeengenharia.org.br\/site\/wp-content\/uploads\/2025\/02\/WhatsApp-Image-2025-02-19-at-16.42.58.jpeg","type":"image\/jpeg"}],"author":"Isabel","twitter_card":"summary_large_image","twitter_creator":"@iengenharia","twitter_site":"@iengenharia","twitter_misc":{"Escrito por":"Isabel","Est. tempo de leitura":"3 minutos"},"schema":{"@context":"https:\/\/schema.org","@graph":[{"@type":"Article","@id":"https:\/\/www.institutodeengenharia.org.br\/site\/2025\/02\/19\/presidente-do-tcmsp-e-secretario-do-verde-e-ma-sao-recebidos-pela-diretoria-e-conselheiros-do-ie\/#article","isPartOf":{"@id":"https:\/\/www.institutodeengenharia.org.br\/site\/2025\/02\/19\/presidente-do-tcmsp-e-secretario-do-verde-e-ma-sao-recebidos-pela-diretoria-e-conselheiros-do-ie\/"},"author":{"name":"Isabel","@id":"https:\/\/www.institutodeengenharia.org.br\/site\/#\/schema\/person\/593dc356630173a4877a635d3e5fd76b"},"headline":"Presidente do TCMSP e secret\u00e1rio do Verde e MA s\u00e3o recebidos pela diretoria e conselheiros do IE","datePublished":"2025-02-19T20:29:46+00:00","dateModified":"2025-02-20T12:51:25+00:00","mainEntityOfPage":{"@id":"https:\/\/www.institutodeengenharia.org.br\/site\/2025\/02\/19\/presidente-do-tcmsp-e-secretario-do-verde-e-ma-sao-recebidos-pela-diretoria-e-conselheiros-do-ie\/"},"wordCount":396,"commentCount":0,"publisher":{"@id":"https:\/\/www.institutodeengenharia.org.br\/site\/#organization"},"image":{"@id":"https:\/\/www.institutodeengenharia.org.br\/site\/2025\/02\/19\/presidente-do-tcmsp-e-secretario-do-verde-e-ma-sao-recebidos-pela-diretoria-e-conselheiros-do-ie\/#primaryimage"},"thumbnailUrl":"https:\/\/www.institutodeengenharia.org.br\/site\/wp-content\/uploads\/2025\/02\/WhatsApp-Image-2025-02-19-at-16.42.58.jpeg","articleSection":["Instituto de Engenharia","Not\u00edcias"],"inLanguage":"pt-BR","potentialAction":[{"@type":"CommentAction","name":"Comment","target":["https:\/\/www.institutodeengenharia.org.br\/site\/2025\/02\/19\/presidente-do-tcmsp-e-secretario-do-verde-e-ma-sao-recebidos-pela-diretoria-e-conselheiros-do-ie\/#respond"]}]},{"@type":"WebPage","@id":"https:\/\/www.institutodeengenharia.org.br\/site\/2025\/02\/19\/presidente-do-tcmsp-e-secretario-do-verde-e-ma-sao-recebidos-pela-diretoria-e-conselheiros-do-ie\/","url":"https:\/\/www.institutodeengenharia.org.br\/site\/2025\/02\/19\/presidente-do-tcmsp-e-secretario-do-verde-e-ma-sao-recebidos-pela-diretoria-e-conselheiros-do-ie\/","name":"Presidente do TCMSP e secret\u00e1rio do Verde e MA s\u00e3o recebidos pela diretoria e conselheiros do IE - Instituto de Engenharia","isPartOf":{"@id":"https:\/\/www.institutodeengenharia.org.br\/site\/#website"},"primaryImageOfPage":{"@id":"https:\/\/www.institutodeengenharia.org.br\/site\/2025\/02\/19\/presidente-do-tcmsp-e-secretario-do-verde-e-ma-sao-recebidos-pela-diretoria-e-conselheiros-do-ie\/#primaryimage"},"image":{"@id":"https:\/\/www.institutodeengenharia.org.br\/site\/2025\/02\/19\/presidente-do-tcmsp-e-secretario-do-verde-e-ma-sao-recebidos-pela-diretoria-e-conselheiros-do-ie\/#primaryimage"},"thumbnailUrl":"https:\/\/www.institutodeengenharia.org.br\/site\/wp-content\/uploads\/2025\/02\/WhatsApp-Image-2025-02-19-at-16.42.58.jpeg","datePublished":"2025-02-19T20:29:46+00:00","dateModified":"2025-02-20T12:51:25+00:00","breadcrumb":{"@id":"https:\/\/www.institutodeengenharia.org.br\/site\/2025\/02\/19\/presidente-do-tcmsp-e-secretario-do-verde-e-ma-sao-recebidos-pela-diretoria-e-conselheiros-do-ie\/#breadcrumb"},"inLanguage":"pt-BR","potentialAction":[{"@type":"ReadAction","target":["https:\/\/www.institutodeengenharia.org.br\/site\/2025\/02\/19\/presidente-do-tcmsp-e-secretario-do-verde-e-ma-sao-recebidos-pela-diretoria-e-conselheiros-do-ie\/"]}]},{"@type":"ImageObject","inLanguage":"pt-BR","@id":"https:\/\/www.institutodeengenharia.org.br\/site\/2025\/02\/19\/presidente-do-tcmsp-e-secretario-do-verde-e-ma-sao-recebidos-pela-diretoria-e-conselheiros-do-ie\/#primaryimage","url":"https:\/\/www.institutodeengenharia.org.br\/site\/wp-content\/uploads\/2025\/02\/WhatsApp-Image-2025-02-19-at-16.42.58.jpeg","contentUrl":"https:\/\/www.institutodeengenharia.org.br\/site\/wp-content\/uploads\/2025\/02\/WhatsApp-Image-2025-02-19-at-16.42.58.jpeg","width":1600,"height":1200},{"@type":"BreadcrumbList","@id":"https:\/\/www.institutodeengenharia.org.br\/site\/2025\/02\/19\/presidente-do-tcmsp-e-secretario-do-verde-e-ma-sao-recebidos-pela-diretoria-e-conselheiros-do-ie\/#breadcrumb","itemListElement":[{"@type":"ListItem","position":1,"name":"In\u00edcio","item":"https:\/\/www.institutodeengenharia.org.br\/site\/"},{"@type":"ListItem","position":2,"name":"Presidente do TCMSP e secret\u00e1rio do Verde e MA s\u00e3o recebidos pela diretoria e conselheiros do IE"}]},{"@type":"WebSite","@id":"https:\/\/www.institutodeengenharia.org.br\/site\/#website","url":"https:\/\/www.institutodeengenharia.org.br\/site\/","name":"Instituto de Engenharia","description":"O Instituto de Engenharia promove a Engenharia em benef\u00edcio do desenvolvimento e da qualidade de vida da sociedade.","publisher":{"@id":"https:\/\/www.institutodeengenharia.org.br\/site\/#organization"},"potentialAction":[{"@type":"SearchAction","target":{"@type":"EntryPoint","urlTemplate":"https:\/\/www.institutodeengenharia.org.br\/site\/?s={search_term_string}"},"query-input":{"@type":"PropertyValueSpecification","valueRequired":true,"valueName":"search_term_string"}}],"inLanguage":"pt-BR"},{"@type":"Organization","@id":"https:\/\/www.institutodeengenharia.org.br\/site\/#organization","name":"Instituto de Engenharia","url":"https:\/\/www.institutodeengenharia.org.br\/site\/","logo":{"@type":"ImageObject","inLanguage":"pt-BR","@id":"https:\/\/www.institutodeengenharia.org.br\/site\/#\/schema\/logo\/image\/","url":"https:\/\/www.institutodeengenharia.org.br\/site\/wp-content\/uploads\/2019\/03\/logo-novo-IE2018-1.jpg","contentUrl":"https:\/\/www.institutodeengenharia.org.br\/site\/wp-content\/uploads\/2019\/03\/logo-novo-IE2018-1.jpg","width":1486,"height":1879,"caption":"Instituto de Engenharia"},"image":{"@id":"https:\/\/www.institutodeengenharia.org.br\/site\/#\/schema\/logo\/image\/"},"sameAs":["https:\/\/www.facebook.com\/institutodeengenharia","https:\/\/x.com\/iengenharia","https:\/\/www.instagram.com\/institutodeengenharia\/","https:\/\/www.linkedin.com\/company\/instituto-de-engenharia\/","https:\/\/www.youtube.com\/channel\/UCXiCAlsSMe977vamW915HxA"]},{"@type":"Person","@id":"https:\/\/www.institutodeengenharia.org.br\/site\/#\/schema\/person\/593dc356630173a4877a635d3e5fd76b","name":"Isabel","image":{"@type":"ImageObject","inLanguage":"pt-BR","@id":"https:\/\/secure.gravatar.com\/avatar\/f3c521db63ec9db17894f10a88c6a3cf95b2281d7f80eeb3cf3ef1cb091576e7?s=96&d=mm&r=g","url":"https:\/\/secure.gravatar.com\/avatar\/f3c521db63ec9db17894f10a88c6a3cf95b2281d7f80eeb3cf3ef1cb091576e7?s=96&d=mm&r=g","contentUrl":"https:\/\/secure.gravatar.com\/avatar\/f3c521db63ec9db17894f10a88c6a3cf95b2281d7f80eeb3cf3ef1cb091576e7?s=96&d=mm&r=g","caption":"Isabel"},"url":"https:\/\/www.institutodeengenharia.org.br\/site\/author\/comunicacao2\/"}]}},"_links":{"self":[{"href":"https:\/\/www.institutodeengenharia.org.br\/site\/wp-json\/wp\/v2\/posts\/126544","targetHints":{"allow":["GET"]}}],"collection":[{"href":"https:\/\/www.institutodeengenharia.org.br\/site\/wp-json\/wp\/v2\/posts"}],"about":[{"href":"https:\/\/www.institutodeengenharia.org.br\/site\/wp-json\/wp\/v2\/types\/post"}],"author":[{"embeddable":true,"href":"https:\/\/www.institutodeengenharia.org.br\/site\/wp-json\/wp\/v2\/users\/14"}],"replies":[{"embeddable":true,"href":"https:\/\/www.institutodeengenharia.org.br\/site\/wp-json\/wp\/v2\/comments?post=126544"}],"version-history":[{"count":4,"href":"https:\/\/www.institutodeengenharia.org.br\/site\/wp-json\/wp\/v2\/posts\/126544\/revisions"}],"predecessor-version":[{"id":126567,"href":"https:\/\/www.institutodeengenharia.org.br\/site\/wp-json\/wp\/v2\/posts\/126544\/revisions\/126567"}],"wp:featuredmedia":[{"embeddable":true,"href":"https:\/\/www.institutodeengenharia.org.br\/site\/wp-json\/wp\/v2\/media\/126546"}],"wp:attachment":[{"href":"https:\/\/www.institutodeengenharia.org.br\/site\/wp-json\/wp\/v2\/media?parent=126544"}],"wp:term":[{"taxonomy":"category","embeddable":true,"href":"https:\/\/www.institutodeengenharia.org.br\/site\/wp-json\/wp\/v2\/categories?post=126544"},{"taxonomy":"post_tag","embeddable":true,"href":"https:\/\/www.institutodeengenharia.org.br\/site\/wp-json\/wp\/v2\/tags?post=126544"}],"curies":[{"name":"wp","href":"https:\/\/api.w.org\/{rel}","templated":true}]}}