{"id":126499,"date":"2025-02-18T15:21:03","date_gmt":"2025-02-18T18:21:03","guid":{"rendered":"https:\/\/www.institutodeengenharia.org.br\/site\/?p=126499"},"modified":"2025-02-18T15:21:03","modified_gmt":"2025-02-18T18:21:03","slug":"matematica-no-metro-estacao-ana-rosa-da-linha-2-verde-tera-plantao-gratuito-de-matematica","status":"publish","type":"post","link":"https:\/\/www.institutodeengenharia.org.br\/site\/2025\/02\/18\/matematica-no-metro-estacao-ana-rosa-da-linha-2-verde-tera-plantao-gratuito-de-matematica\/","title":{"rendered":"Matem\u00e1tica no Metr\u00f4: Esta\u00e7\u00e3o Ana Rosa, da linha 2-Verde, ter\u00e1 plant\u00e3o gratuito de matem\u00e1tica"},"content":{"rendered":"<p style=\"text-align: center;\"><em>A\u00e7\u00e3o gratuita contar\u00e1 com orientadores universit\u00e1rios e ser\u00e1 realiza na \u00e1rea livre da esta\u00e7\u00e3o toda segunda-feira do m\u00eas<\/em><\/p>\n<p>O Metr\u00f4 preparou uma programa\u00e7\u00e3o de volta \u00e0s aulas para estudantes do ensino m\u00e9dio que utilizam as linhas da Companhia. Por meio do projeto Matem\u00e1tica no Metr\u00f4, toda segunda-feira de fevereiro, a \u00e1rea gratuita da esta\u00e7\u00e3o Ana Rosa (Linha 2-Verde), ter\u00e1 um espa\u00e7o preparado com instrutores para todos os alunos que desejem esclarecer d\u00favidas de matem\u00e1tica.<\/p>\n<p>O plant\u00e3o de matem\u00e1tica estar\u00e1 aberto ao p\u00fablico a partir de segunda (03), das 16h30 \u00e0s 20h00, para todos os estudantes e passageiros que desejam esclarecer suas d\u00favidas. O projeto \u00e9 feito em parceria com o Instituto de Engenharia, que selecionou estudantes volunt\u00e1rios do 1\u00ba ano do curso de Engenharia da Escola de Engenharia Mau\u00e1 para atuarem como instrutores.<\/p>\n<p>O plant\u00e3o tamb\u00e9m ser\u00e1 acompanhado por funcion\u00e1rios da esta\u00e7\u00e3o, que v\u00e3o conceder acesso aos banheiros e copa para os alunos e volunt\u00e1rios participantes do projeto.<\/p>\n<p>O objetivo do projeto \u00e9 proporcionar aos estudantes do ensino m\u00e9dio, usu\u00e1rios do transporte metropolitano, um refor\u00e7o no ensino de matem\u00e1tica de forma acess\u00edvel em um local estrat\u00e9gico. A esta\u00e7\u00e3o Ana Rosa foi escolhida para facilitar o acesso ao p\u00fablico, incluindo jovens e adultos que desejam aprimorar suas habilidades matem\u00e1ticas. Al\u00e9m de contribuir para o desempenho escolar, o projeto pode visa estimular o racioc\u00ednio l\u00f3gico, aumentar a confian\u00e7a dos alunos e promover a inclus\u00e3o social por meio da educa\u00e7\u00e3o.<\/p>\n<p>O projeto faz parte do leque de a\u00e7\u00f5es sociais do Metr\u00f4, que disponibiliza aos passageiros uma s\u00e9rie de eventos e a\u00e7\u00f5es de sa\u00fade, sociais, educacionais e culturais todos os anos. Confira abaixo a programa\u00e7\u00e3o do projeto para fevereiro:<\/p>\n<p><strong>PROGRAMA\u00c7\u00c3O<\/strong><\/p>\n<p>Esta\u00e7\u00e3o Ana Rosa<br \/>\nDias 03, 10, 17 e 24 de fevereiro \u2013 16h30 \u00e0s 20h<\/p>\n<p><em>Fonte: Metr\u00f4 SP<\/em><\/p>\n","protected":false},"excerpt":{"rendered":"<p>A\u00e7\u00e3o gratuita contar\u00e1 com orientadores universit\u00e1rios e ser\u00e1 realiza na \u00e1rea livre da esta\u00e7\u00e3o toda segunda-feira do m\u00eas O Metr\u00f4 preparou uma programa\u00e7\u00e3o de volta \u00e0s aulas para estudantes do ensino m\u00e9dio que utilizam as linhas da Companhia. Por meio do projeto Matem\u00e1tica no Metr\u00f4, toda segunda-feira de fevereiro, a \u00e1rea gratuita da esta\u00e7\u00e3o Ana [&hellip;]<\/p>\n","protected":false},"author":14,"featured_media":126500,"comment_status":"open","ping_status":"open","sticky":false,"template":"","format":"standard","meta":{"footnotes":""},"categories":[23,27,6],"tags":[],"class_list":{"0":"post-126499","1":"post","2":"type-post","3":"status-publish","4":"format-standard","5":"has-post-thumbnail","7":"category-educacao","8":"category-instituto-de-engenharia","9":"category-noticias"},"yoast_head":"<!-- This site is optimized with the Yoast SEO plugin v27.2 - https:\/\/yoast.com\/product\/yoast-seo-wordpress\/ -->\n<title>Matem\u00e1tica no Metr\u00f4: Esta\u00e7\u00e3o Ana Rosa, da linha 2-Verde, ter\u00e1 plant\u00e3o gratuito de matem\u00e1tica - Instituto de Engenharia<\/title>\n<meta name=\"robots\" content=\"index, follow, max-snippet:-1, max-image-preview:large, max-video-preview:-1\" \/>\n<link rel=\"canonical\" href=\"https:\/\/www.institutodeengenharia.org.br\/site\/2025\/02\/18\/matematica-no-metro-estacao-ana-rosa-da-linha-2-verde-tera-plantao-gratuito-de-matematica\/\" \/>\n<meta property=\"og:locale\" content=\"pt_BR\" \/>\n<meta property=\"og:type\" content=\"article\" \/>\n<meta property=\"og:title\" content=\"Matem\u00e1tica no Metr\u00f4: Esta\u00e7\u00e3o Ana Rosa, da linha 2-Verde, ter\u00e1 plant\u00e3o gratuito de matem\u00e1tica - Instituto de Engenharia\" \/>\n<meta property=\"og:description\" content=\"A\u00e7\u00e3o gratuita contar\u00e1 com orientadores universit\u00e1rios e ser\u00e1 realiza na \u00e1rea livre da esta\u00e7\u00e3o toda segunda-feira do m\u00eas O Metr\u00f4 preparou uma programa\u00e7\u00e3o de volta \u00e0s aulas para estudantes do ensino m\u00e9dio que utilizam as linhas da Companhia. Por meio do projeto Matem\u00e1tica no Metr\u00f4, toda segunda-feira de fevereiro, a \u00e1rea gratuita da esta\u00e7\u00e3o Ana [&hellip;]\" \/>\n<meta property=\"og:url\" content=\"https:\/\/www.institutodeengenharia.org.br\/site\/2025\/02\/18\/matematica-no-metro-estacao-ana-rosa-da-linha-2-verde-tera-plantao-gratuito-de-matematica\/\" \/>\n<meta property=\"og:site_name\" content=\"Instituto de Engenharia\" \/>\n<meta property=\"article:publisher\" content=\"https:\/\/www.facebook.com\/institutodeengenharia\" \/>\n<meta property=\"article:published_time\" content=\"2025-02-18T18:21:03+00:00\" \/>\n<meta property=\"og:image\" content=\"https:\/\/www.institutodeengenharia.org.br\/site\/wp-content\/uploads\/2025\/02\/WhatsApp-Image-2025-02-11-at-14.09.44.jpeg\" \/>\n\t<meta property=\"og:image:width\" content=\"1600\" \/>\n\t<meta property=\"og:image:height\" content=\"1200\" \/>\n\t<meta property=\"og:image:type\" content=\"image\/jpeg\" \/>\n<meta name=\"author\" content=\"Isabel\" \/>\n<meta name=\"twitter:card\" content=\"summary_large_image\" \/>\n<meta name=\"twitter:creator\" content=\"@iengenharia\" \/>\n<meta name=\"twitter:site\" content=\"@iengenharia\" \/>\n<meta name=\"twitter:label1\" content=\"Escrito por\" \/>\n\t<meta name=\"twitter:data1\" content=\"Isabel\" \/>\n\t<meta name=\"twitter:label2\" content=\"Est. tempo de leitura\" \/>\n\t<meta name=\"twitter:data2\" content=\"2 minutos\" \/>\n<script type=\"application\/ld+json\" class=\"yoast-schema-graph\">{\"@context\":\"https:\/\/schema.org\",\"@graph\":[{\"@type\":\"Article\",\"@id\":\"https:\/\/www.institutodeengenharia.org.br\/site\/2025\/02\/18\/matematica-no-metro-estacao-ana-rosa-da-linha-2-verde-tera-plantao-gratuito-de-matematica\/#article\",\"isPartOf\":{\"@id\":\"https:\/\/www.institutodeengenharia.org.br\/site\/2025\/02\/18\/matematica-no-metro-estacao-ana-rosa-da-linha-2-verde-tera-plantao-gratuito-de-matematica\/\"},\"author\":{\"name\":\"Isabel\",\"@id\":\"https:\/\/www.institutodeengenharia.org.br\/site\/#\/schema\/person\/593dc356630173a4877a635d3e5fd76b\"},\"headline\":\"Matem\u00e1tica no Metr\u00f4: Esta\u00e7\u00e3o Ana Rosa, da linha 2-Verde, ter\u00e1 plant\u00e3o gratuito de matem\u00e1tica\",\"datePublished\":\"2025-02-18T18:21:03+00:00\",\"mainEntityOfPage\":{\"@id\":\"https:\/\/www.institutodeengenharia.org.br\/site\/2025\/02\/18\/matematica-no-metro-estacao-ana-rosa-da-linha-2-verde-tera-plantao-gratuito-de-matematica\/\"},\"wordCount\":347,\"commentCount\":0,\"publisher\":{\"@id\":\"https:\/\/www.institutodeengenharia.org.br\/site\/#organization\"},\"image\":{\"@id\":\"https:\/\/www.institutodeengenharia.org.br\/site\/2025\/02\/18\/matematica-no-metro-estacao-ana-rosa-da-linha-2-verde-tera-plantao-gratuito-de-matematica\/#primaryimage\"},\"thumbnailUrl\":\"https:\/\/www.institutodeengenharia.org.br\/site\/wp-content\/uploads\/2025\/02\/WhatsApp-Image-2025-02-11-at-14.09.44.jpeg\",\"articleSection\":[\"Educa\u00e7\u00e3o\",\"Instituto de Engenharia\",\"Not\u00edcias\"],\"inLanguage\":\"pt-BR\",\"potentialAction\":[{\"@type\":\"CommentAction\",\"name\":\"Comment\",\"target\":[\"https:\/\/www.institutodeengenharia.org.br\/site\/2025\/02\/18\/matematica-no-metro-estacao-ana-rosa-da-linha-2-verde-tera-plantao-gratuito-de-matematica\/#respond\"]}]},{\"@type\":\"WebPage\",\"@id\":\"https:\/\/www.institutodeengenharia.org.br\/site\/2025\/02\/18\/matematica-no-metro-estacao-ana-rosa-da-linha-2-verde-tera-plantao-gratuito-de-matematica\/\",\"url\":\"https:\/\/www.institutodeengenharia.org.br\/site\/2025\/02\/18\/matematica-no-metro-estacao-ana-rosa-da-linha-2-verde-tera-plantao-gratuito-de-matematica\/\",\"name\":\"Matem\u00e1tica no Metr\u00f4: Esta\u00e7\u00e3o Ana Rosa, da linha 2-Verde, ter\u00e1 plant\u00e3o gratuito de matem\u00e1tica - Instituto de Engenharia\",\"isPartOf\":{\"@id\":\"https:\/\/www.institutodeengenharia.org.br\/site\/#website\"},\"primaryImageOfPage\":{\"@id\":\"https:\/\/www.institutodeengenharia.org.br\/site\/2025\/02\/18\/matematica-no-metro-estacao-ana-rosa-da-linha-2-verde-tera-plantao-gratuito-de-matematica\/#primaryimage\"},\"image\":{\"@id\":\"https:\/\/www.institutodeengenharia.org.br\/site\/2025\/02\/18\/matematica-no-metro-estacao-ana-rosa-da-linha-2-verde-tera-plantao-gratuito-de-matematica\/#primaryimage\"},\"thumbnailUrl\":\"https:\/\/www.institutodeengenharia.org.br\/site\/wp-content\/uploads\/2025\/02\/WhatsApp-Image-2025-02-11-at-14.09.44.jpeg\",\"datePublished\":\"2025-02-18T18:21:03+00:00\",\"breadcrumb\":{\"@id\":\"https:\/\/www.institutodeengenharia.org.br\/site\/2025\/02\/18\/matematica-no-metro-estacao-ana-rosa-da-linha-2-verde-tera-plantao-gratuito-de-matematica\/#breadcrumb\"},\"inLanguage\":\"pt-BR\",\"potentialAction\":[{\"@type\":\"ReadAction\",\"target\":[\"https:\/\/www.institutodeengenharia.org.br\/site\/2025\/02\/18\/matematica-no-metro-estacao-ana-rosa-da-linha-2-verde-tera-plantao-gratuito-de-matematica\/\"]}]},{\"@type\":\"ImageObject\",\"inLanguage\":\"pt-BR\",\"@id\":\"https:\/\/www.institutodeengenharia.org.br\/site\/2025\/02\/18\/matematica-no-metro-estacao-ana-rosa-da-linha-2-verde-tera-plantao-gratuito-de-matematica\/#primaryimage\",\"url\":\"https:\/\/www.institutodeengenharia.org.br\/site\/wp-content\/uploads\/2025\/02\/WhatsApp-Image-2025-02-11-at-14.09.44.jpeg\",\"contentUrl\":\"https:\/\/www.institutodeengenharia.org.br\/site\/wp-content\/uploads\/2025\/02\/WhatsApp-Image-2025-02-11-at-14.09.44.jpeg\",\"width\":1600,\"height\":1200},{\"@type\":\"BreadcrumbList\",\"@id\":\"https:\/\/www.institutodeengenharia.org.br\/site\/2025\/02\/18\/matematica-no-metro-estacao-ana-rosa-da-linha-2-verde-tera-plantao-gratuito-de-matematica\/#breadcrumb\",\"itemListElement\":[{\"@type\":\"ListItem\",\"position\":1,\"name\":\"In\u00edcio\",\"item\":\"https:\/\/www.institutodeengenharia.org.br\/site\/\"},{\"@type\":\"ListItem\",\"position\":2,\"name\":\"Matem\u00e1tica no Metr\u00f4: Esta\u00e7\u00e3o Ana Rosa, da linha 2-Verde, ter\u00e1 plant\u00e3o gratuito de matem\u00e1tica\"}]},{\"@type\":\"WebSite\",\"@id\":\"https:\/\/www.institutodeengenharia.org.br\/site\/#website\",\"url\":\"https:\/\/www.institutodeengenharia.org.br\/site\/\",\"name\":\"Instituto de Engenharia\",\"description\":\"O Instituto de Engenharia promove a Engenharia em benef\u00edcio do desenvolvimento e da qualidade de vida da sociedade.\",\"publisher\":{\"@id\":\"https:\/\/www.institutodeengenharia.org.br\/site\/#organization\"},\"potentialAction\":[{\"@type\":\"SearchAction\",\"target\":{\"@type\":\"EntryPoint\",\"urlTemplate\":\"https:\/\/www.institutodeengenharia.org.br\/site\/?s={search_term_string}\"},\"query-input\":{\"@type\":\"PropertyValueSpecification\",\"valueRequired\":true,\"valueName\":\"search_term_string\"}}],\"inLanguage\":\"pt-BR\"},{\"@type\":\"Organization\",\"@id\":\"https:\/\/www.institutodeengenharia.org.br\/site\/#organization\",\"name\":\"Instituto de Engenharia\",\"url\":\"https:\/\/www.institutodeengenharia.org.br\/site\/\",\"logo\":{\"@type\":\"ImageObject\",\"inLanguage\":\"pt-BR\",\"@id\":\"https:\/\/www.institutodeengenharia.org.br\/site\/#\/schema\/logo\/image\/\",\"url\":\"https:\/\/www.institutodeengenharia.org.br\/site\/wp-content\/uploads\/2019\/03\/logo-novo-IE2018-1.jpg\",\"contentUrl\":\"https:\/\/www.institutodeengenharia.org.br\/site\/wp-content\/uploads\/2019\/03\/logo-novo-IE2018-1.jpg\",\"width\":1486,\"height\":1879,\"caption\":\"Instituto de Engenharia\"},\"image\":{\"@id\":\"https:\/\/www.institutodeengenharia.org.br\/site\/#\/schema\/logo\/image\/\"},\"sameAs\":[\"https:\/\/www.facebook.com\/institutodeengenharia\",\"https:\/\/x.com\/iengenharia\",\"https:\/\/www.instagram.com\/institutodeengenharia\/\",\"https:\/\/www.linkedin.com\/company\/instituto-de-engenharia\/\",\"https:\/\/www.youtube.com\/channel\/UCXiCAlsSMe977vamW915HxA\"]},{\"@type\":\"Person\",\"@id\":\"https:\/\/www.institutodeengenharia.org.br\/site\/#\/schema\/person\/593dc356630173a4877a635d3e5fd76b\",\"name\":\"Isabel\",\"image\":{\"@type\":\"ImageObject\",\"inLanguage\":\"pt-BR\",\"@id\":\"https:\/\/secure.gravatar.com\/avatar\/f3c521db63ec9db17894f10a88c6a3cf95b2281d7f80eeb3cf3ef1cb091576e7?s=96&d=mm&r=g\",\"url\":\"https:\/\/secure.gravatar.com\/avatar\/f3c521db63ec9db17894f10a88c6a3cf95b2281d7f80eeb3cf3ef1cb091576e7?s=96&d=mm&r=g\",\"contentUrl\":\"https:\/\/secure.gravatar.com\/avatar\/f3c521db63ec9db17894f10a88c6a3cf95b2281d7f80eeb3cf3ef1cb091576e7?s=96&d=mm&r=g\",\"caption\":\"Isabel\"},\"url\":\"https:\/\/www.institutodeengenharia.org.br\/site\/author\/comunicacao2\/\"}]}<\/script>\n<!-- \/ Yoast SEO plugin. -->","yoast_head_json":{"title":"Matem\u00e1tica no Metr\u00f4: Esta\u00e7\u00e3o Ana Rosa, da linha 2-Verde, ter\u00e1 plant\u00e3o gratuito de matem\u00e1tica - Instituto de Engenharia","robots":{"index":"index","follow":"follow","max-snippet":"max-snippet:-1","max-image-preview":"max-image-preview:large","max-video-preview":"max-video-preview:-1"},"canonical":"https:\/\/www.institutodeengenharia.org.br\/site\/2025\/02\/18\/matematica-no-metro-estacao-ana-rosa-da-linha-2-verde-tera-plantao-gratuito-de-matematica\/","og_locale":"pt_BR","og_type":"article","og_title":"Matem\u00e1tica no Metr\u00f4: Esta\u00e7\u00e3o Ana Rosa, da linha 2-Verde, ter\u00e1 plant\u00e3o gratuito de matem\u00e1tica - Instituto de Engenharia","og_description":"A\u00e7\u00e3o gratuita contar\u00e1 com orientadores universit\u00e1rios e ser\u00e1 realiza na \u00e1rea livre da esta\u00e7\u00e3o toda segunda-feira do m\u00eas O Metr\u00f4 preparou uma programa\u00e7\u00e3o de volta \u00e0s aulas para estudantes do ensino m\u00e9dio que utilizam as linhas da Companhia. Por meio do projeto Matem\u00e1tica no Metr\u00f4, toda segunda-feira de fevereiro, a \u00e1rea gratuita da esta\u00e7\u00e3o Ana [&hellip;]","og_url":"https:\/\/www.institutodeengenharia.org.br\/site\/2025\/02\/18\/matematica-no-metro-estacao-ana-rosa-da-linha-2-verde-tera-plantao-gratuito-de-matematica\/","og_site_name":"Instituto de Engenharia","article_publisher":"https:\/\/www.facebook.com\/institutodeengenharia","article_published_time":"2025-02-18T18:21:03+00:00","og_image":[{"width":1600,"height":1200,"url":"https:\/\/www.institutodeengenharia.org.br\/site\/wp-content\/uploads\/2025\/02\/WhatsApp-Image-2025-02-11-at-14.09.44.jpeg","type":"image\/jpeg"}],"author":"Isabel","twitter_card":"summary_large_image","twitter_creator":"@iengenharia","twitter_site":"@iengenharia","twitter_misc":{"Escrito por":"Isabel","Est. tempo de leitura":"2 minutos"},"schema":{"@context":"https:\/\/schema.org","@graph":[{"@type":"Article","@id":"https:\/\/www.institutodeengenharia.org.br\/site\/2025\/02\/18\/matematica-no-metro-estacao-ana-rosa-da-linha-2-verde-tera-plantao-gratuito-de-matematica\/#article","isPartOf":{"@id":"https:\/\/www.institutodeengenharia.org.br\/site\/2025\/02\/18\/matematica-no-metro-estacao-ana-rosa-da-linha-2-verde-tera-plantao-gratuito-de-matematica\/"},"author":{"name":"Isabel","@id":"https:\/\/www.institutodeengenharia.org.br\/site\/#\/schema\/person\/593dc356630173a4877a635d3e5fd76b"},"headline":"Matem\u00e1tica no Metr\u00f4: Esta\u00e7\u00e3o Ana Rosa, da linha 2-Verde, ter\u00e1 plant\u00e3o gratuito de matem\u00e1tica","datePublished":"2025-02-18T18:21:03+00:00","mainEntityOfPage":{"@id":"https:\/\/www.institutodeengenharia.org.br\/site\/2025\/02\/18\/matematica-no-metro-estacao-ana-rosa-da-linha-2-verde-tera-plantao-gratuito-de-matematica\/"},"wordCount":347,"commentCount":0,"publisher":{"@id":"https:\/\/www.institutodeengenharia.org.br\/site\/#organization"},"image":{"@id":"https:\/\/www.institutodeengenharia.org.br\/site\/2025\/02\/18\/matematica-no-metro-estacao-ana-rosa-da-linha-2-verde-tera-plantao-gratuito-de-matematica\/#primaryimage"},"thumbnailUrl":"https:\/\/www.institutodeengenharia.org.br\/site\/wp-content\/uploads\/2025\/02\/WhatsApp-Image-2025-02-11-at-14.09.44.jpeg","articleSection":["Educa\u00e7\u00e3o","Instituto de Engenharia","Not\u00edcias"],"inLanguage":"pt-BR","potentialAction":[{"@type":"CommentAction","name":"Comment","target":["https:\/\/www.institutodeengenharia.org.br\/site\/2025\/02\/18\/matematica-no-metro-estacao-ana-rosa-da-linha-2-verde-tera-plantao-gratuito-de-matematica\/#respond"]}]},{"@type":"WebPage","@id":"https:\/\/www.institutodeengenharia.org.br\/site\/2025\/02\/18\/matematica-no-metro-estacao-ana-rosa-da-linha-2-verde-tera-plantao-gratuito-de-matematica\/","url":"https:\/\/www.institutodeengenharia.org.br\/site\/2025\/02\/18\/matematica-no-metro-estacao-ana-rosa-da-linha-2-verde-tera-plantao-gratuito-de-matematica\/","name":"Matem\u00e1tica no Metr\u00f4: Esta\u00e7\u00e3o Ana Rosa, da linha 2-Verde, ter\u00e1 plant\u00e3o gratuito de matem\u00e1tica - Instituto de Engenharia","isPartOf":{"@id":"https:\/\/www.institutodeengenharia.org.br\/site\/#website"},"primaryImageOfPage":{"@id":"https:\/\/www.institutodeengenharia.org.br\/site\/2025\/02\/18\/matematica-no-metro-estacao-ana-rosa-da-linha-2-verde-tera-plantao-gratuito-de-matematica\/#primaryimage"},"image":{"@id":"https:\/\/www.institutodeengenharia.org.br\/site\/2025\/02\/18\/matematica-no-metro-estacao-ana-rosa-da-linha-2-verde-tera-plantao-gratuito-de-matematica\/#primaryimage"},"thumbnailUrl":"https:\/\/www.institutodeengenharia.org.br\/site\/wp-content\/uploads\/2025\/02\/WhatsApp-Image-2025-02-11-at-14.09.44.jpeg","datePublished":"2025-02-18T18:21:03+00:00","breadcrumb":{"@id":"https:\/\/www.institutodeengenharia.org.br\/site\/2025\/02\/18\/matematica-no-metro-estacao-ana-rosa-da-linha-2-verde-tera-plantao-gratuito-de-matematica\/#breadcrumb"},"inLanguage":"pt-BR","potentialAction":[{"@type":"ReadAction","target":["https:\/\/www.institutodeengenharia.org.br\/site\/2025\/02\/18\/matematica-no-metro-estacao-ana-rosa-da-linha-2-verde-tera-plantao-gratuito-de-matematica\/"]}]},{"@type":"ImageObject","inLanguage":"pt-BR","@id":"https:\/\/www.institutodeengenharia.org.br\/site\/2025\/02\/18\/matematica-no-metro-estacao-ana-rosa-da-linha-2-verde-tera-plantao-gratuito-de-matematica\/#primaryimage","url":"https:\/\/www.institutodeengenharia.org.br\/site\/wp-content\/uploads\/2025\/02\/WhatsApp-Image-2025-02-11-at-14.09.44.jpeg","contentUrl":"https:\/\/www.institutodeengenharia.org.br\/site\/wp-content\/uploads\/2025\/02\/WhatsApp-Image-2025-02-11-at-14.09.44.jpeg","width":1600,"height":1200},{"@type":"BreadcrumbList","@id":"https:\/\/www.institutodeengenharia.org.br\/site\/2025\/02\/18\/matematica-no-metro-estacao-ana-rosa-da-linha-2-verde-tera-plantao-gratuito-de-matematica\/#breadcrumb","itemListElement":[{"@type":"ListItem","position":1,"name":"In\u00edcio","item":"https:\/\/www.institutodeengenharia.org.br\/site\/"},{"@type":"ListItem","position":2,"name":"Matem\u00e1tica no Metr\u00f4: Esta\u00e7\u00e3o Ana Rosa, da linha 2-Verde, ter\u00e1 plant\u00e3o gratuito de matem\u00e1tica"}]},{"@type":"WebSite","@id":"https:\/\/www.institutodeengenharia.org.br\/site\/#website","url":"https:\/\/www.institutodeengenharia.org.br\/site\/","name":"Instituto de Engenharia","description":"O Instituto de Engenharia promove a Engenharia em benef\u00edcio do desenvolvimento e da qualidade de vida da sociedade.","publisher":{"@id":"https:\/\/www.institutodeengenharia.org.br\/site\/#organization"},"potentialAction":[{"@type":"SearchAction","target":{"@type":"EntryPoint","urlTemplate":"https:\/\/www.institutodeengenharia.org.br\/site\/?s={search_term_string}"},"query-input":{"@type":"PropertyValueSpecification","valueRequired":true,"valueName":"search_term_string"}}],"inLanguage":"pt-BR"},{"@type":"Organization","@id":"https:\/\/www.institutodeengenharia.org.br\/site\/#organization","name":"Instituto de Engenharia","url":"https:\/\/www.institutodeengenharia.org.br\/site\/","logo":{"@type":"ImageObject","inLanguage":"pt-BR","@id":"https:\/\/www.institutodeengenharia.org.br\/site\/#\/schema\/logo\/image\/","url":"https:\/\/www.institutodeengenharia.org.br\/site\/wp-content\/uploads\/2019\/03\/logo-novo-IE2018-1.jpg","contentUrl":"https:\/\/www.institutodeengenharia.org.br\/site\/wp-content\/uploads\/2019\/03\/logo-novo-IE2018-1.jpg","width":1486,"height":1879,"caption":"Instituto de Engenharia"},"image":{"@id":"https:\/\/www.institutodeengenharia.org.br\/site\/#\/schema\/logo\/image\/"},"sameAs":["https:\/\/www.facebook.com\/institutodeengenharia","https:\/\/x.com\/iengenharia","https:\/\/www.instagram.com\/institutodeengenharia\/","https:\/\/www.linkedin.com\/company\/instituto-de-engenharia\/","https:\/\/www.youtube.com\/channel\/UCXiCAlsSMe977vamW915HxA"]},{"@type":"Person","@id":"https:\/\/www.institutodeengenharia.org.br\/site\/#\/schema\/person\/593dc356630173a4877a635d3e5fd76b","name":"Isabel","image":{"@type":"ImageObject","inLanguage":"pt-BR","@id":"https:\/\/secure.gravatar.com\/avatar\/f3c521db63ec9db17894f10a88c6a3cf95b2281d7f80eeb3cf3ef1cb091576e7?s=96&d=mm&r=g","url":"https:\/\/secure.gravatar.com\/avatar\/f3c521db63ec9db17894f10a88c6a3cf95b2281d7f80eeb3cf3ef1cb091576e7?s=96&d=mm&r=g","contentUrl":"https:\/\/secure.gravatar.com\/avatar\/f3c521db63ec9db17894f10a88c6a3cf95b2281d7f80eeb3cf3ef1cb091576e7?s=96&d=mm&r=g","caption":"Isabel"},"url":"https:\/\/www.institutodeengenharia.org.br\/site\/author\/comunicacao2\/"}]}},"_links":{"self":[{"href":"https:\/\/www.institutodeengenharia.org.br\/site\/wp-json\/wp\/v2\/posts\/126499","targetHints":{"allow":["GET"]}}],"collection":[{"href":"https:\/\/www.institutodeengenharia.org.br\/site\/wp-json\/wp\/v2\/posts"}],"about":[{"href":"https:\/\/www.institutodeengenharia.org.br\/site\/wp-json\/wp\/v2\/types\/post"}],"author":[{"embeddable":true,"href":"https:\/\/www.institutodeengenharia.org.br\/site\/wp-json\/wp\/v2\/users\/14"}],"replies":[{"embeddable":true,"href":"https:\/\/www.institutodeengenharia.org.br\/site\/wp-json\/wp\/v2\/comments?post=126499"}],"version-history":[{"count":1,"href":"https:\/\/www.institutodeengenharia.org.br\/site\/wp-json\/wp\/v2\/posts\/126499\/revisions"}],"predecessor-version":[{"id":126501,"href":"https:\/\/www.institutodeengenharia.org.br\/site\/wp-json\/wp\/v2\/posts\/126499\/revisions\/126501"}],"wp:featuredmedia":[{"embeddable":true,"href":"https:\/\/www.institutodeengenharia.org.br\/site\/wp-json\/wp\/v2\/media\/126500"}],"wp:attachment":[{"href":"https:\/\/www.institutodeengenharia.org.br\/site\/wp-json\/wp\/v2\/media?parent=126499"}],"wp:term":[{"taxonomy":"category","embeddable":true,"href":"https:\/\/www.institutodeengenharia.org.br\/site\/wp-json\/wp\/v2\/categories?post=126499"},{"taxonomy":"post_tag","embeddable":true,"href":"https:\/\/www.institutodeengenharia.org.br\/site\/wp-json\/wp\/v2\/tags?post=126499"}],"curies":[{"name":"wp","href":"https:\/\/api.w.org\/{rel}","templated":true}]}}