{"id":126185,"date":"2025-02-06T15:22:21","date_gmt":"2025-02-06T18:22:21","guid":{"rendered":"https:\/\/www.institutodeengenharia.org.br\/site\/?p=126185"},"modified":"2025-02-06T16:57:36","modified_gmt":"2025-02-06T19:57:36","slug":"transportes-e-infraestrutura-sao-temas-discutidos-em-brasilia-por-diretoria-do-ie","status":"publish","type":"post","link":"https:\/\/www.institutodeengenharia.org.br\/site\/2025\/02\/06\/transportes-e-infraestrutura-sao-temas-discutidos-em-brasilia-por-diretoria-do-ie\/","title":{"rendered":"Transportes e Infraestrutura s\u00e3o temas discutidos em Bras\u00edlia por diretoria do IE"},"content":{"rendered":"<p>A diretoria do Instituto de Engenharia foi a Bras\u00edlia, nesta quarta (5), para uma s\u00e9rie de reuni\u00f5es cujos temas foram a Import\u00e2ncia da Engenharia, Navega\u00e7\u00e3o Interior e Infraestrutura de Transporte.<\/p>\n<p>A primeiro encontro foi no Minist\u00e9rio de Rela\u00e7\u00f5es Exteriores, com Jo\u00e3o Carlos Parkinson de Castro. Os assuntos tratados foram o Corredor Bioce\u00e2nico, a import\u00e2ncia do Porto de Shankai, constru\u00eddo pela China, no Pac\u00edfico (implantado na Costa Peruana) e a integra\u00e7\u00e3o do Brasil com o Cone Norte de forma Interdependente do Canal do Panam\u00e1, bem como a necessidade de defini\u00e7\u00e3o de uma Estrat\u00e9gia Nacional para Infraestrutura de Transporte.<\/p>\n<p>Segundo Jos\u00e9 Wagner Ferreira, coordenador da Divis\u00e3o de Navega\u00e7\u00e3o Interior e Portos do Instituto de Engenharia, precisamos retomar os estudos das vias naveg\u00e1veis da Amaz\u00f4nia e a interliga\u00e7\u00e3o com os pa\u00edses da regi\u00e3o.\u00a0 \u201cA proposta do Minist\u00e9rio de Rela\u00e7\u00f5es Exteriores \u00e9 um trabalho conjunto com o Instituto de Engenharia\u201d, afirma.<\/p>\n<figure id=\"attachment_126188\" aria-describedby=\"caption-attachment-126188\" style=\"width: 318px\" class=\"wp-caption alignleft\"><img loading=\"lazy\" decoding=\"async\" class=\"wp-image-126188\" src=\"https:\/\/www.institutodeengenharia.org.br\/site\/wp-content\/uploads\/2025\/02\/MRE_brasilia-cinco-fev.png\" alt=\"\" width=\"318\" height=\"174\" srcset=\"https:\/\/www.institutodeengenharia.org.br\/site\/wp-content\/uploads\/2025\/02\/MRE_brasilia-cinco-fev.png 1142w, https:\/\/www.institutodeengenharia.org.br\/site\/wp-content\/uploads\/2025\/02\/MRE_brasilia-cinco-fev-300x164.png 300w, https:\/\/www.institutodeengenharia.org.br\/site\/wp-content\/uploads\/2025\/02\/MRE_brasilia-cinco-fev-1024x560.png 1024w, https:\/\/www.institutodeengenharia.org.br\/site\/wp-content\/uploads\/2025\/02\/MRE_brasilia-cinco-fev-768x420.png 768w, https:\/\/www.institutodeengenharia.org.br\/site\/wp-content\/uploads\/2025\/02\/MRE_brasilia-cinco-fev-767x420.png 767w, https:\/\/www.institutodeengenharia.org.br\/site\/wp-content\/uploads\/2025\/02\/MRE_brasilia-cinco-fev-696x381.png 696w, https:\/\/www.institutodeengenharia.org.br\/site\/wp-content\/uploads\/2025\/02\/MRE_brasilia-cinco-fev-1068x580.png 1068w, https:\/\/www.institutodeengenharia.org.br\/site\/wp-content\/uploads\/2025\/02\/MRE_brasilia-cinco-fev-600x328.png 600w\" sizes=\"auto, (max-width: 318px) 100vw, 318px\" \/><figcaption id=\"caption-attachment-126188\" class=\"wp-caption-text\">Minist\u00e9rio de Rela\u00e7\u00f5es Exteriores. Comitiva do IE e Jo\u00e3o Carlos Parkinson de Castro, chefe de Integra\u00e7\u00e3o de Infraestrutura<\/figcaption><\/figure>\n<p>Minist\u00e9rio de Rela\u00e7\u00f5es Exteriores. Comitiva do IE e Jo\u00e3o Carlos Parkinson de Castro, chefe de Integra\u00e7\u00e3o de Infraestrutura<\/p>\n<p>Na sequ\u00eancia, houve uma reuni\u00e3o com Dino Ant\u00f4nio Batista, secret\u00e1rio Nacional de Hidrovias e Navega\u00e7\u00e3o, no Minist\u00e9rio de Portos e Aeroportos. O foco do encontro foi a articula\u00e7\u00e3o de um semin\u00e1rio na sede do IE, com o tema Navega\u00e7\u00e3o Interior na matriz de transportes e a elabora\u00e7\u00e3o de um Documento T\u00e9cnico com as Pol\u00edticas para o Setor.<\/p>\n<figure id=\"attachment_126189\" aria-describedby=\"caption-attachment-126189\" style=\"width: 324px\" class=\"wp-caption alignright\"><img loading=\"lazy\" decoding=\"async\" class=\"wp-image-126189\" style=\"text-align: center; color: #222222; font-size: 15px;\" src=\"https:\/\/www.institutodeengenharia.org.br\/site\/wp-content\/uploads\/2025\/02\/ministerio-portos-aeroportos.png\" alt=\"\" width=\"324\" height=\"188\" srcset=\"https:\/\/www.institutodeengenharia.org.br\/site\/wp-content\/uploads\/2025\/02\/ministerio-portos-aeroportos.png 1402w, https:\/\/www.institutodeengenharia.org.br\/site\/wp-content\/uploads\/2025\/02\/ministerio-portos-aeroportos-300x174.png 300w, https:\/\/www.institutodeengenharia.org.br\/site\/wp-content\/uploads\/2025\/02\/ministerio-portos-aeroportos-1024x593.png 1024w, https:\/\/www.institutodeengenharia.org.br\/site\/wp-content\/uploads\/2025\/02\/ministerio-portos-aeroportos-768x445.png 768w, https:\/\/www.institutodeengenharia.org.br\/site\/wp-content\/uploads\/2025\/02\/ministerio-portos-aeroportos-725x420.png 725w, https:\/\/www.institutodeengenharia.org.br\/site\/wp-content\/uploads\/2025\/02\/ministerio-portos-aeroportos-696x403.png 696w, https:\/\/www.institutodeengenharia.org.br\/site\/wp-content\/uploads\/2025\/02\/ministerio-portos-aeroportos-1068x619.png 1068w, https:\/\/www.institutodeengenharia.org.br\/site\/wp-content\/uploads\/2025\/02\/ministerio-portos-aeroportos-600x348.png 600w\" sizes=\"auto, (max-width: 324px) 100vw, 324px\" \/><figcaption id=\"caption-attachment-126189\" class=\"wp-caption-text\">Minist\u00e9rio de Portos e Aeroportos. Comitiva IE e Dino Antunes Dias Batista, secret\u00e1rio Nacional de Hidrovias e Navega\u00e7\u00e3o<\/figcaption><\/figure>\n<p>No Minist\u00e9rio dos Transportes, a reuni\u00e3o foi com o ministro Jos\u00e9 Renan Calheiros Filho, quando, inicialmente, o presidente do Instituto de Engenharia, Jos\u00e9 Eduardo Jardim, apresentou a nossa institui\u00e7\u00e3o, bem como ressaltou a import\u00e2ncia da Engenharia para o Desenvolvimento Nacional e a manuten\u00e7\u00e3o da Infraestrutura.<\/p>\n<p>O vice-presidente de Atividades T\u00e9cnicas, Ivan Whately, reportou a experi\u00eancia da nossa parceria com a Prefeitura de S\u00e3o Paulo, que resultou na assinatura de um TAC (Termo de Ajustamento de Conduta) reunindo a prefeitura e o Minist\u00e9rio P\u00fablico no compromisso de manuten\u00e7\u00e3o das obras de arte da Cidade. Foi, tamb\u00e9m, discutida a proposta de uma nova liga\u00e7\u00e3o entre do o Planalto com e Baixada Santista.<\/p>\n<figure id=\"attachment_126191\" aria-describedby=\"caption-attachment-126191\" style=\"width: 320px\" class=\"wp-caption aligncenter\"><img loading=\"lazy\" decoding=\"async\" class=\"wp-image-126191\" src=\"https:\/\/www.institutodeengenharia.org.br\/site\/wp-content\/uploads\/2025\/02\/ministerio-dos-transportes-renan-filho.png\" alt=\"\" width=\"320\" height=\"176\" srcset=\"https:\/\/www.institutodeengenharia.org.br\/site\/wp-content\/uploads\/2025\/02\/ministerio-dos-transportes-renan-filho.png 1478w, https:\/\/www.institutodeengenharia.org.br\/site\/wp-content\/uploads\/2025\/02\/ministerio-dos-transportes-renan-filho-300x165.png 300w, https:\/\/www.institutodeengenharia.org.br\/site\/wp-content\/uploads\/2025\/02\/ministerio-dos-transportes-renan-filho-1024x563.png 1024w, https:\/\/www.institutodeengenharia.org.br\/site\/wp-content\/uploads\/2025\/02\/ministerio-dos-transportes-renan-filho-768x422.png 768w, https:\/\/www.institutodeengenharia.org.br\/site\/wp-content\/uploads\/2025\/02\/ministerio-dos-transportes-renan-filho-764x420.png 764w, https:\/\/www.institutodeengenharia.org.br\/site\/wp-content\/uploads\/2025\/02\/ministerio-dos-transportes-renan-filho-696x385.png 696w, https:\/\/www.institutodeengenharia.org.br\/site\/wp-content\/uploads\/2025\/02\/ministerio-dos-transportes-renan-filho-1068x587.png 1068w, https:\/\/www.institutodeengenharia.org.br\/site\/wp-content\/uploads\/2025\/02\/ministerio-dos-transportes-renan-filho-600x330.png 600w\" sizes=\"auto, (max-width: 320px) 100vw, 320px\" \/><figcaption id=\"caption-attachment-126191\" class=\"wp-caption-text\">Minist\u00e9rio dos Transportes. Comitiva do IE. Renan Calheiros Filho e Fabr\u00edcio Galv\u00e3o, diretor Geral do DNIT<\/figcaption><\/figure>\n<p style=\"text-align: left;\">\u201cEsse assunto foi objeto de semin\u00e1rio e \u00e9 discutido pelo corpo t\u00e9cnico do Instituto de Engenharia h\u00e1 alguns anos. Levar o tema ao ministro dos Transportes foi de suma import\u00e2ncia para o andamento das discuss\u00f5es t\u00e9cnicas sobre esse ponto t\u00e3o primordial para a mobilidade\u201d, enfatizou o presidente do Instituto de Engenharia, Jos\u00e9 Eduardo Jardim.<\/p>\n<p>O Ministro apresentou para a diretoria o seu Plano de Manuten\u00e7\u00e3o da Infraestrutura de Transporte e as provid\u00eancias tomadas imediatamente por sua equipe para reconstru\u00e7\u00e3o da Ponte Tocantins.<\/p>\n<p>Na oportunidade, Ivan Whately colocou \u00e0 disposi\u00e7\u00e3o do Ministro a <em>Revista Engenharia<\/em>, para divulga\u00e7\u00e3o e colabora\u00e7\u00e3o do IE ao programa de recupera\u00e7\u00e3o de pontes e viadutos no Brasil \u2013 manuten\u00e7\u00e3o e adequa\u00e7\u00e3o.<\/p>\n<p>\u201cEm todas as reuni\u00f5es a tradi\u00e7\u00e3o e a isen\u00e7\u00e3o de nossa entidade foram reconhecidas e fundamentais para o di\u00e1logo que, tamb\u00e9m, culminou no compromisso de receber o ministro, o embaixador e o secret\u00e1rio em nossa sede para a apresenta\u00e7\u00e3o das a\u00e7\u00f5es das suas institui\u00e7\u00f5es\u201d, lembra Jardim.<\/p>\n<p>Fizeram parte da comitiva do Instituto de Engenharia, o presidente, Jos\u00e9 Eduardo Jardim, a vice-presidente de Administra\u00e7\u00e3o e Finan\u00e7as, Miriana Marques, o vice-presidente de Atividades T\u00e9cnicas, Ivan Whately, o conselheiro, Alfredo Savelli, o coordenador da Divis\u00e3o T\u00e9cnica de Navega\u00e7\u00e3o Interior, Jos\u00e9 Wagner Ferreira, e o diretor Regional do IE &#8211; em Bras\u00edlia-, Wellington Sarmento.<\/p>\n<p>&nbsp;<\/p>\n","protected":false},"excerpt":{"rendered":"<p>A diretoria do Instituto de Engenharia foi a Bras\u00edlia, nesta quarta (5), para uma s\u00e9rie de reuni\u00f5es cujos temas foram a Import\u00e2ncia da Engenharia, Navega\u00e7\u00e3o Interior e Infraestrutura de Transporte. A primeiro encontro foi no Minist\u00e9rio de Rela\u00e7\u00f5es Exteriores, com Jo\u00e3o Carlos Parkinson de Castro. Os assuntos tratados foram o Corredor Bioce\u00e2nico, a import\u00e2ncia do [&hellip;]<\/p>\n","protected":false},"author":14,"featured_media":126187,"comment_status":"open","ping_status":"open","sticky":false,"template":"","format":"standard","meta":{"footnotes":""},"categories":[26,27,6,1,41],"tags":[],"class_list":{"0":"post-126185","1":"post","2":"type-post","3":"status-publish","4":"format-standard","5":"has-post-thumbnail","7":"category-infraestrutura","8":"category-instituto-de-engenharia","9":"category-noticias","10":"category-sem-categoria","11":"category-transportes"},"yoast_head":"<!-- This site is optimized with the Yoast SEO plugin v27.2 - https:\/\/yoast.com\/product\/yoast-seo-wordpress\/ -->\n<title>Transportes e Infraestrutura s\u00e3o temas discutidos em Bras\u00edlia por diretoria do IE - Instituto de Engenharia<\/title>\n<meta name=\"robots\" content=\"index, follow, max-snippet:-1, max-image-preview:large, max-video-preview:-1\" \/>\n<link rel=\"canonical\" href=\"https:\/\/www.institutodeengenharia.org.br\/site\/2025\/02\/06\/transportes-e-infraestrutura-sao-temas-discutidos-em-brasilia-por-diretoria-do-ie\/\" \/>\n<meta property=\"og:locale\" content=\"pt_BR\" \/>\n<meta property=\"og:type\" content=\"article\" \/>\n<meta property=\"og:title\" content=\"Transportes e Infraestrutura s\u00e3o temas discutidos em Bras\u00edlia por diretoria do IE - Instituto de Engenharia\" \/>\n<meta property=\"og:description\" content=\"A diretoria do Instituto de Engenharia foi a Bras\u00edlia, nesta quarta (5), para uma s\u00e9rie de reuni\u00f5es cujos temas foram a Import\u00e2ncia da Engenharia, Navega\u00e7\u00e3o Interior e Infraestrutura de Transporte. A primeiro encontro foi no Minist\u00e9rio de Rela\u00e7\u00f5es Exteriores, com Jo\u00e3o Carlos Parkinson de Castro. Os assuntos tratados foram o Corredor Bioce\u00e2nico, a import\u00e2ncia do [&hellip;]\" \/>\n<meta property=\"og:url\" content=\"https:\/\/www.institutodeengenharia.org.br\/site\/2025\/02\/06\/transportes-e-infraestrutura-sao-temas-discutidos-em-brasilia-por-diretoria-do-ie\/\" \/>\n<meta property=\"og:site_name\" content=\"Instituto de Engenharia\" \/>\n<meta property=\"article:publisher\" content=\"https:\/\/www.facebook.com\/institutodeengenharia\" \/>\n<meta property=\"article:published_time\" content=\"2025-02-06T18:22:21+00:00\" \/>\n<meta property=\"article:modified_time\" content=\"2025-02-06T19:57:36+00:00\" \/>\n<meta property=\"og:image\" content=\"https:\/\/www.institutodeengenharia.org.br\/site\/wp-content\/uploads\/2025\/02\/WhatsApp-Image-2025-02-05-at-21.34.24-scaled.jpeg\" \/>\n\t<meta property=\"og:image:width\" content=\"2560\" \/>\n\t<meta property=\"og:image:height\" content=\"1706\" \/>\n\t<meta property=\"og:image:type\" content=\"image\/jpeg\" \/>\n<meta name=\"author\" content=\"Isabel\" \/>\n<meta name=\"twitter:card\" content=\"summary_large_image\" \/>\n<meta name=\"twitter:creator\" content=\"@iengenharia\" \/>\n<meta name=\"twitter:site\" content=\"@iengenharia\" \/>\n<meta name=\"twitter:label1\" content=\"Escrito por\" \/>\n\t<meta name=\"twitter:data1\" content=\"Isabel\" \/>\n\t<meta name=\"twitter:label2\" content=\"Est. tempo de leitura\" \/>\n\t<meta name=\"twitter:data2\" content=\"5 minutos\" \/>\n<script type=\"application\/ld+json\" class=\"yoast-schema-graph\">{\"@context\":\"https:\/\/schema.org\",\"@graph\":[{\"@type\":\"Article\",\"@id\":\"https:\/\/www.institutodeengenharia.org.br\/site\/2025\/02\/06\/transportes-e-infraestrutura-sao-temas-discutidos-em-brasilia-por-diretoria-do-ie\/#article\",\"isPartOf\":{\"@id\":\"https:\/\/www.institutodeengenharia.org.br\/site\/2025\/02\/06\/transportes-e-infraestrutura-sao-temas-discutidos-em-brasilia-por-diretoria-do-ie\/\"},\"author\":{\"name\":\"Isabel\",\"@id\":\"https:\/\/www.institutodeengenharia.org.br\/site\/#\/schema\/person\/593dc356630173a4877a635d3e5fd76b\"},\"headline\":\"Transportes e Infraestrutura s\u00e3o temas discutidos em Bras\u00edlia por diretoria do IE\",\"datePublished\":\"2025-02-06T18:22:21+00:00\",\"dateModified\":\"2025-02-06T19:57:36+00:00\",\"mainEntityOfPage\":{\"@id\":\"https:\/\/www.institutodeengenharia.org.br\/site\/2025\/02\/06\/transportes-e-infraestrutura-sao-temas-discutidos-em-brasilia-por-diretoria-do-ie\/\"},\"wordCount\":723,\"commentCount\":0,\"publisher\":{\"@id\":\"https:\/\/www.institutodeengenharia.org.br\/site\/#organization\"},\"image\":{\"@id\":\"https:\/\/www.institutodeengenharia.org.br\/site\/2025\/02\/06\/transportes-e-infraestrutura-sao-temas-discutidos-em-brasilia-por-diretoria-do-ie\/#primaryimage\"},\"thumbnailUrl\":\"https:\/\/www.institutodeengenharia.org.br\/site\/wp-content\/uploads\/2025\/02\/WhatsApp-Image-2025-02-05-at-21.34.24-scaled.jpeg\",\"articleSection\":{\"0\":\"Infraestrutura\",\"1\":\"Instituto de Engenharia\",\"2\":\"Not\u00edcias\",\"4\":\"Transportes\"},\"inLanguage\":\"pt-BR\",\"potentialAction\":[{\"@type\":\"CommentAction\",\"name\":\"Comment\",\"target\":[\"https:\/\/www.institutodeengenharia.org.br\/site\/2025\/02\/06\/transportes-e-infraestrutura-sao-temas-discutidos-em-brasilia-por-diretoria-do-ie\/#respond\"]}]},{\"@type\":\"WebPage\",\"@id\":\"https:\/\/www.institutodeengenharia.org.br\/site\/2025\/02\/06\/transportes-e-infraestrutura-sao-temas-discutidos-em-brasilia-por-diretoria-do-ie\/\",\"url\":\"https:\/\/www.institutodeengenharia.org.br\/site\/2025\/02\/06\/transportes-e-infraestrutura-sao-temas-discutidos-em-brasilia-por-diretoria-do-ie\/\",\"name\":\"Transportes e Infraestrutura s\u00e3o temas discutidos em Bras\u00edlia por diretoria do IE - Instituto de Engenharia\",\"isPartOf\":{\"@id\":\"https:\/\/www.institutodeengenharia.org.br\/site\/#website\"},\"primaryImageOfPage\":{\"@id\":\"https:\/\/www.institutodeengenharia.org.br\/site\/2025\/02\/06\/transportes-e-infraestrutura-sao-temas-discutidos-em-brasilia-por-diretoria-do-ie\/#primaryimage\"},\"image\":{\"@id\":\"https:\/\/www.institutodeengenharia.org.br\/site\/2025\/02\/06\/transportes-e-infraestrutura-sao-temas-discutidos-em-brasilia-por-diretoria-do-ie\/#primaryimage\"},\"thumbnailUrl\":\"https:\/\/www.institutodeengenharia.org.br\/site\/wp-content\/uploads\/2025\/02\/WhatsApp-Image-2025-02-05-at-21.34.24-scaled.jpeg\",\"datePublished\":\"2025-02-06T18:22:21+00:00\",\"dateModified\":\"2025-02-06T19:57:36+00:00\",\"breadcrumb\":{\"@id\":\"https:\/\/www.institutodeengenharia.org.br\/site\/2025\/02\/06\/transportes-e-infraestrutura-sao-temas-discutidos-em-brasilia-por-diretoria-do-ie\/#breadcrumb\"},\"inLanguage\":\"pt-BR\",\"potentialAction\":[{\"@type\":\"ReadAction\",\"target\":[\"https:\/\/www.institutodeengenharia.org.br\/site\/2025\/02\/06\/transportes-e-infraestrutura-sao-temas-discutidos-em-brasilia-por-diretoria-do-ie\/\"]}]},{\"@type\":\"ImageObject\",\"inLanguage\":\"pt-BR\",\"@id\":\"https:\/\/www.institutodeengenharia.org.br\/site\/2025\/02\/06\/transportes-e-infraestrutura-sao-temas-discutidos-em-brasilia-por-diretoria-do-ie\/#primaryimage\",\"url\":\"https:\/\/www.institutodeengenharia.org.br\/site\/wp-content\/uploads\/2025\/02\/WhatsApp-Image-2025-02-05-at-21.34.24-scaled.jpeg\",\"contentUrl\":\"https:\/\/www.institutodeengenharia.org.br\/site\/wp-content\/uploads\/2025\/02\/WhatsApp-Image-2025-02-05-at-21.34.24-scaled.jpeg\",\"width\":2560,\"height\":1706,\"caption\":\"Da esq. p\/ dir.: Viviane Esse, secretaria Nacional de Transporte Rodovi\u00e1rio, Jos\u00e9 Eduardo Jardim, presidente IE, Ivan Whately, VP Atividades T\u00e9cnicas IE, Jos\u00e9 Wagner Ferreira, coordenador DT Navega\u00e7\u00e3o Interior e Portos, Renan Calheiros Filho, ministro, Miriana Marques, VP Adm. e Finan\u00e7as IE, Wellington Sarmento, representante do IE em Bras\u00edlia, Andr\u00e9 Luis Neiva, conselheiro da FETCESP, Alfredo Savelli, conselheiro e ex-presidente IE, e Fabr\u00edcio Galv\u00e3o, diretor Geral do DNIT.\"},{\"@type\":\"BreadcrumbList\",\"@id\":\"https:\/\/www.institutodeengenharia.org.br\/site\/2025\/02\/06\/transportes-e-infraestrutura-sao-temas-discutidos-em-brasilia-por-diretoria-do-ie\/#breadcrumb\",\"itemListElement\":[{\"@type\":\"ListItem\",\"position\":1,\"name\":\"In\u00edcio\",\"item\":\"https:\/\/www.institutodeengenharia.org.br\/site\/\"},{\"@type\":\"ListItem\",\"position\":2,\"name\":\"Transportes e Infraestrutura s\u00e3o temas discutidos em Bras\u00edlia por diretoria do IE\"}]},{\"@type\":\"WebSite\",\"@id\":\"https:\/\/www.institutodeengenharia.org.br\/site\/#website\",\"url\":\"https:\/\/www.institutodeengenharia.org.br\/site\/\",\"name\":\"Instituto de Engenharia\",\"description\":\"O Instituto de Engenharia promove a Engenharia em benef\u00edcio do desenvolvimento e da qualidade de vida da sociedade.\",\"publisher\":{\"@id\":\"https:\/\/www.institutodeengenharia.org.br\/site\/#organization\"},\"potentialAction\":[{\"@type\":\"SearchAction\",\"target\":{\"@type\":\"EntryPoint\",\"urlTemplate\":\"https:\/\/www.institutodeengenharia.org.br\/site\/?s={search_term_string}\"},\"query-input\":{\"@type\":\"PropertyValueSpecification\",\"valueRequired\":true,\"valueName\":\"search_term_string\"}}],\"inLanguage\":\"pt-BR\"},{\"@type\":\"Organization\",\"@id\":\"https:\/\/www.institutodeengenharia.org.br\/site\/#organization\",\"name\":\"Instituto de Engenharia\",\"url\":\"https:\/\/www.institutodeengenharia.org.br\/site\/\",\"logo\":{\"@type\":\"ImageObject\",\"inLanguage\":\"pt-BR\",\"@id\":\"https:\/\/www.institutodeengenharia.org.br\/site\/#\/schema\/logo\/image\/\",\"url\":\"https:\/\/www.institutodeengenharia.org.br\/site\/wp-content\/uploads\/2019\/03\/logo-novo-IE2018-1.jpg\",\"contentUrl\":\"https:\/\/www.institutodeengenharia.org.br\/site\/wp-content\/uploads\/2019\/03\/logo-novo-IE2018-1.jpg\",\"width\":1486,\"height\":1879,\"caption\":\"Instituto de Engenharia\"},\"image\":{\"@id\":\"https:\/\/www.institutodeengenharia.org.br\/site\/#\/schema\/logo\/image\/\"},\"sameAs\":[\"https:\/\/www.facebook.com\/institutodeengenharia\",\"https:\/\/x.com\/iengenharia\",\"https:\/\/www.instagram.com\/institutodeengenharia\/\",\"https:\/\/www.linkedin.com\/company\/instituto-de-engenharia\/\",\"https:\/\/www.youtube.com\/channel\/UCXiCAlsSMe977vamW915HxA\"]},{\"@type\":\"Person\",\"@id\":\"https:\/\/www.institutodeengenharia.org.br\/site\/#\/schema\/person\/593dc356630173a4877a635d3e5fd76b\",\"name\":\"Isabel\",\"image\":{\"@type\":\"ImageObject\",\"inLanguage\":\"pt-BR\",\"@id\":\"https:\/\/secure.gravatar.com\/avatar\/f3c521db63ec9db17894f10a88c6a3cf95b2281d7f80eeb3cf3ef1cb091576e7?s=96&d=mm&r=g\",\"url\":\"https:\/\/secure.gravatar.com\/avatar\/f3c521db63ec9db17894f10a88c6a3cf95b2281d7f80eeb3cf3ef1cb091576e7?s=96&d=mm&r=g\",\"contentUrl\":\"https:\/\/secure.gravatar.com\/avatar\/f3c521db63ec9db17894f10a88c6a3cf95b2281d7f80eeb3cf3ef1cb091576e7?s=96&d=mm&r=g\",\"caption\":\"Isabel\"},\"url\":\"https:\/\/www.institutodeengenharia.org.br\/site\/author\/comunicacao2\/\"}]}<\/script>\n<!-- \/ Yoast SEO plugin. -->","yoast_head_json":{"title":"Transportes e Infraestrutura s\u00e3o temas discutidos em Bras\u00edlia por diretoria do IE - Instituto de Engenharia","robots":{"index":"index","follow":"follow","max-snippet":"max-snippet:-1","max-image-preview":"max-image-preview:large","max-video-preview":"max-video-preview:-1"},"canonical":"https:\/\/www.institutodeengenharia.org.br\/site\/2025\/02\/06\/transportes-e-infraestrutura-sao-temas-discutidos-em-brasilia-por-diretoria-do-ie\/","og_locale":"pt_BR","og_type":"article","og_title":"Transportes e Infraestrutura s\u00e3o temas discutidos em Bras\u00edlia por diretoria do IE - Instituto de Engenharia","og_description":"A diretoria do Instituto de Engenharia foi a Bras\u00edlia, nesta quarta (5), para uma s\u00e9rie de reuni\u00f5es cujos temas foram a Import\u00e2ncia da Engenharia, Navega\u00e7\u00e3o Interior e Infraestrutura de Transporte. A primeiro encontro foi no Minist\u00e9rio de Rela\u00e7\u00f5es Exteriores, com Jo\u00e3o Carlos Parkinson de Castro. Os assuntos tratados foram o Corredor Bioce\u00e2nico, a import\u00e2ncia do [&hellip;]","og_url":"https:\/\/www.institutodeengenharia.org.br\/site\/2025\/02\/06\/transportes-e-infraestrutura-sao-temas-discutidos-em-brasilia-por-diretoria-do-ie\/","og_site_name":"Instituto de Engenharia","article_publisher":"https:\/\/www.facebook.com\/institutodeengenharia","article_published_time":"2025-02-06T18:22:21+00:00","article_modified_time":"2025-02-06T19:57:36+00:00","og_image":[{"width":2560,"height":1706,"url":"https:\/\/www.institutodeengenharia.org.br\/site\/wp-content\/uploads\/2025\/02\/WhatsApp-Image-2025-02-05-at-21.34.24-scaled.jpeg","type":"image\/jpeg"}],"author":"Isabel","twitter_card":"summary_large_image","twitter_creator":"@iengenharia","twitter_site":"@iengenharia","twitter_misc":{"Escrito por":"Isabel","Est. tempo de leitura":"5 minutos"},"schema":{"@context":"https:\/\/schema.org","@graph":[{"@type":"Article","@id":"https:\/\/www.institutodeengenharia.org.br\/site\/2025\/02\/06\/transportes-e-infraestrutura-sao-temas-discutidos-em-brasilia-por-diretoria-do-ie\/#article","isPartOf":{"@id":"https:\/\/www.institutodeengenharia.org.br\/site\/2025\/02\/06\/transportes-e-infraestrutura-sao-temas-discutidos-em-brasilia-por-diretoria-do-ie\/"},"author":{"name":"Isabel","@id":"https:\/\/www.institutodeengenharia.org.br\/site\/#\/schema\/person\/593dc356630173a4877a635d3e5fd76b"},"headline":"Transportes e Infraestrutura s\u00e3o temas discutidos em Bras\u00edlia por diretoria do IE","datePublished":"2025-02-06T18:22:21+00:00","dateModified":"2025-02-06T19:57:36+00:00","mainEntityOfPage":{"@id":"https:\/\/www.institutodeengenharia.org.br\/site\/2025\/02\/06\/transportes-e-infraestrutura-sao-temas-discutidos-em-brasilia-por-diretoria-do-ie\/"},"wordCount":723,"commentCount":0,"publisher":{"@id":"https:\/\/www.institutodeengenharia.org.br\/site\/#organization"},"image":{"@id":"https:\/\/www.institutodeengenharia.org.br\/site\/2025\/02\/06\/transportes-e-infraestrutura-sao-temas-discutidos-em-brasilia-por-diretoria-do-ie\/#primaryimage"},"thumbnailUrl":"https:\/\/www.institutodeengenharia.org.br\/site\/wp-content\/uploads\/2025\/02\/WhatsApp-Image-2025-02-05-at-21.34.24-scaled.jpeg","articleSection":{"0":"Infraestrutura","1":"Instituto de Engenharia","2":"Not\u00edcias","4":"Transportes"},"inLanguage":"pt-BR","potentialAction":[{"@type":"CommentAction","name":"Comment","target":["https:\/\/www.institutodeengenharia.org.br\/site\/2025\/02\/06\/transportes-e-infraestrutura-sao-temas-discutidos-em-brasilia-por-diretoria-do-ie\/#respond"]}]},{"@type":"WebPage","@id":"https:\/\/www.institutodeengenharia.org.br\/site\/2025\/02\/06\/transportes-e-infraestrutura-sao-temas-discutidos-em-brasilia-por-diretoria-do-ie\/","url":"https:\/\/www.institutodeengenharia.org.br\/site\/2025\/02\/06\/transportes-e-infraestrutura-sao-temas-discutidos-em-brasilia-por-diretoria-do-ie\/","name":"Transportes e Infraestrutura s\u00e3o temas discutidos em Bras\u00edlia por diretoria do IE - Instituto de Engenharia","isPartOf":{"@id":"https:\/\/www.institutodeengenharia.org.br\/site\/#website"},"primaryImageOfPage":{"@id":"https:\/\/www.institutodeengenharia.org.br\/site\/2025\/02\/06\/transportes-e-infraestrutura-sao-temas-discutidos-em-brasilia-por-diretoria-do-ie\/#primaryimage"},"image":{"@id":"https:\/\/www.institutodeengenharia.org.br\/site\/2025\/02\/06\/transportes-e-infraestrutura-sao-temas-discutidos-em-brasilia-por-diretoria-do-ie\/#primaryimage"},"thumbnailUrl":"https:\/\/www.institutodeengenharia.org.br\/site\/wp-content\/uploads\/2025\/02\/WhatsApp-Image-2025-02-05-at-21.34.24-scaled.jpeg","datePublished":"2025-02-06T18:22:21+00:00","dateModified":"2025-02-06T19:57:36+00:00","breadcrumb":{"@id":"https:\/\/www.institutodeengenharia.org.br\/site\/2025\/02\/06\/transportes-e-infraestrutura-sao-temas-discutidos-em-brasilia-por-diretoria-do-ie\/#breadcrumb"},"inLanguage":"pt-BR","potentialAction":[{"@type":"ReadAction","target":["https:\/\/www.institutodeengenharia.org.br\/site\/2025\/02\/06\/transportes-e-infraestrutura-sao-temas-discutidos-em-brasilia-por-diretoria-do-ie\/"]}]},{"@type":"ImageObject","inLanguage":"pt-BR","@id":"https:\/\/www.institutodeengenharia.org.br\/site\/2025\/02\/06\/transportes-e-infraestrutura-sao-temas-discutidos-em-brasilia-por-diretoria-do-ie\/#primaryimage","url":"https:\/\/www.institutodeengenharia.org.br\/site\/wp-content\/uploads\/2025\/02\/WhatsApp-Image-2025-02-05-at-21.34.24-scaled.jpeg","contentUrl":"https:\/\/www.institutodeengenharia.org.br\/site\/wp-content\/uploads\/2025\/02\/WhatsApp-Image-2025-02-05-at-21.34.24-scaled.jpeg","width":2560,"height":1706,"caption":"Da esq. p\/ dir.: Viviane Esse, secretaria Nacional de Transporte Rodovi\u00e1rio, Jos\u00e9 Eduardo Jardim, presidente IE, Ivan Whately, VP Atividades T\u00e9cnicas IE, Jos\u00e9 Wagner Ferreira, coordenador DT Navega\u00e7\u00e3o Interior e Portos, Renan Calheiros Filho, ministro, Miriana Marques, VP Adm. e Finan\u00e7as IE, Wellington Sarmento, representante do IE em Bras\u00edlia, Andr\u00e9 Luis Neiva, conselheiro da FETCESP, Alfredo Savelli, conselheiro e ex-presidente IE, e Fabr\u00edcio Galv\u00e3o, diretor Geral do DNIT."},{"@type":"BreadcrumbList","@id":"https:\/\/www.institutodeengenharia.org.br\/site\/2025\/02\/06\/transportes-e-infraestrutura-sao-temas-discutidos-em-brasilia-por-diretoria-do-ie\/#breadcrumb","itemListElement":[{"@type":"ListItem","position":1,"name":"In\u00edcio","item":"https:\/\/www.institutodeengenharia.org.br\/site\/"},{"@type":"ListItem","position":2,"name":"Transportes e Infraestrutura s\u00e3o temas discutidos em Bras\u00edlia por diretoria do IE"}]},{"@type":"WebSite","@id":"https:\/\/www.institutodeengenharia.org.br\/site\/#website","url":"https:\/\/www.institutodeengenharia.org.br\/site\/","name":"Instituto de Engenharia","description":"O Instituto de Engenharia promove a Engenharia em benef\u00edcio do desenvolvimento e da qualidade de vida da sociedade.","publisher":{"@id":"https:\/\/www.institutodeengenharia.org.br\/site\/#organization"},"potentialAction":[{"@type":"SearchAction","target":{"@type":"EntryPoint","urlTemplate":"https:\/\/www.institutodeengenharia.org.br\/site\/?s={search_term_string}"},"query-input":{"@type":"PropertyValueSpecification","valueRequired":true,"valueName":"search_term_string"}}],"inLanguage":"pt-BR"},{"@type":"Organization","@id":"https:\/\/www.institutodeengenharia.org.br\/site\/#organization","name":"Instituto de Engenharia","url":"https:\/\/www.institutodeengenharia.org.br\/site\/","logo":{"@type":"ImageObject","inLanguage":"pt-BR","@id":"https:\/\/www.institutodeengenharia.org.br\/site\/#\/schema\/logo\/image\/","url":"https:\/\/www.institutodeengenharia.org.br\/site\/wp-content\/uploads\/2019\/03\/logo-novo-IE2018-1.jpg","contentUrl":"https:\/\/www.institutodeengenharia.org.br\/site\/wp-content\/uploads\/2019\/03\/logo-novo-IE2018-1.jpg","width":1486,"height":1879,"caption":"Instituto de Engenharia"},"image":{"@id":"https:\/\/www.institutodeengenharia.org.br\/site\/#\/schema\/logo\/image\/"},"sameAs":["https:\/\/www.facebook.com\/institutodeengenharia","https:\/\/x.com\/iengenharia","https:\/\/www.instagram.com\/institutodeengenharia\/","https:\/\/www.linkedin.com\/company\/instituto-de-engenharia\/","https:\/\/www.youtube.com\/channel\/UCXiCAlsSMe977vamW915HxA"]},{"@type":"Person","@id":"https:\/\/www.institutodeengenharia.org.br\/site\/#\/schema\/person\/593dc356630173a4877a635d3e5fd76b","name":"Isabel","image":{"@type":"ImageObject","inLanguage":"pt-BR","@id":"https:\/\/secure.gravatar.com\/avatar\/f3c521db63ec9db17894f10a88c6a3cf95b2281d7f80eeb3cf3ef1cb091576e7?s=96&d=mm&r=g","url":"https:\/\/secure.gravatar.com\/avatar\/f3c521db63ec9db17894f10a88c6a3cf95b2281d7f80eeb3cf3ef1cb091576e7?s=96&d=mm&r=g","contentUrl":"https:\/\/secure.gravatar.com\/avatar\/f3c521db63ec9db17894f10a88c6a3cf95b2281d7f80eeb3cf3ef1cb091576e7?s=96&d=mm&r=g","caption":"Isabel"},"url":"https:\/\/www.institutodeengenharia.org.br\/site\/author\/comunicacao2\/"}]}},"_links":{"self":[{"href":"https:\/\/www.institutodeengenharia.org.br\/site\/wp-json\/wp\/v2\/posts\/126185","targetHints":{"allow":["GET"]}}],"collection":[{"href":"https:\/\/www.institutodeengenharia.org.br\/site\/wp-json\/wp\/v2\/posts"}],"about":[{"href":"https:\/\/www.institutodeengenharia.org.br\/site\/wp-json\/wp\/v2\/types\/post"}],"author":[{"embeddable":true,"href":"https:\/\/www.institutodeengenharia.org.br\/site\/wp-json\/wp\/v2\/users\/14"}],"replies":[{"embeddable":true,"href":"https:\/\/www.institutodeengenharia.org.br\/site\/wp-json\/wp\/v2\/comments?post=126185"}],"version-history":[{"count":8,"href":"https:\/\/www.institutodeengenharia.org.br\/site\/wp-json\/wp\/v2\/posts\/126185\/revisions"}],"predecessor-version":[{"id":126199,"href":"https:\/\/www.institutodeengenharia.org.br\/site\/wp-json\/wp\/v2\/posts\/126185\/revisions\/126199"}],"wp:featuredmedia":[{"embeddable":true,"href":"https:\/\/www.institutodeengenharia.org.br\/site\/wp-json\/wp\/v2\/media\/126187"}],"wp:attachment":[{"href":"https:\/\/www.institutodeengenharia.org.br\/site\/wp-json\/wp\/v2\/media?parent=126185"}],"wp:term":[{"taxonomy":"category","embeddable":true,"href":"https:\/\/www.institutodeengenharia.org.br\/site\/wp-json\/wp\/v2\/categories?post=126185"},{"taxonomy":"post_tag","embeddable":true,"href":"https:\/\/www.institutodeengenharia.org.br\/site\/wp-json\/wp\/v2\/tags?post=126185"}],"curies":[{"name":"wp","href":"https:\/\/api.w.org\/{rel}","templated":true}]}}