{"id":125947,"date":"2025-01-30T16:41:34","date_gmt":"2025-01-30T19:41:34","guid":{"rendered":"https:\/\/www.institutodeengenharia.org.br\/site\/?p=125947"},"modified":"2025-01-31T15:38:40","modified_gmt":"2025-01-31T18:38:40","slug":"obras-contra-alagamentos-nao-evitam-que-chuvas-continuem-a-matar-e-a-destruir-em-sao-paulo","status":"publish","type":"post","link":"https:\/\/www.institutodeengenharia.org.br\/site\/2025\/01\/30\/obras-contra-alagamentos-nao-evitam-que-chuvas-continuem-a-matar-e-a-destruir-em-sao-paulo\/","title":{"rendered":"O Globo &#8211; Obras contra alagamentos n\u00e3o evitam que chuvas continuem a matar e a destruir em S\u00e3o Paulo"},"content":{"rendered":"<p style=\"text-align: center;\"><em>Levantamento mostra que interven\u00e7\u00f5es para conter enchentes feitas pelo prefeito Ricardo Nunes (MDB) diminuiram as inunda\u00e7\u00f5es nas \u00e1reas centrais da capital paulista, mas n\u00e3o nas periferias<\/em><\/p>\n<p>Em 2008, o pintor Rodolpho Tamanini Netto retratou uma cena que conhecia bem a partir da casa onde sempre viveu na Vila Madalena: \u201cA Enchente\u201d mostrava uma rua amarelada pela lama, personagens com guarda-chuvas, um caminh\u00e3o e um \u00f4nibus com os pneus cobertos pela \u00e1gua. Na sexta-feira, um temporal incomum em S\u00e3o Paulo fez Tamanini morrer em uma cheia parecida com a que ele pintou \u2014 em uma demonstra\u00e7\u00e3o do quanto as enchentes permanecem um problema na maior cidade do Brasil, mesmo com os investimentos em obras para evit\u00e1-las.<\/p>\n<div class=\"mc-column content-text active-extra-styles \" data-block-type=\"unstyled\" data-block-weight=\"65\" data-block-id=\"4\">\n<p class=\" content-text__container \" data-track-category=\"Link no Texto\" data-track-links=\"\" data-mrf-recirculation=\"Article links\">\u2014 Era um assunto que ele tinha na cabe\u00e7a, que fazia parte da vida dele \u2014 lembra o amigo e curador Jacques Ardies, diretor da galeria de artes onde Rodolpho expunha as obras, explicando que o port\u00e3o instalado na casa de Tamanini para conter enchentes foi derrubado por um carro levado pela correnteza, permitindo que a \u00e1gua entrasse e chegasse a dois metros de altura.<\/p>\n<\/div>\n<div class=\"mc-column content-text active-extra-styles \" data-block-type=\"unstyled\" data-block-weight=\"75\" data-block-id=\"5\">\n<p class=\" content-text__container \" data-track-category=\"Link no Texto\" data-track-links=\"\" data-mrf-recirculation=\"Article links\">Al\u00e9m de Tamanini, outras duas pessoas morreram na regi\u00e3o metropolitana por causa da chuva intensa que durou apenas meia hora. Uma crian\u00e7a de 7 anos foi arrastada quando brincava em uma galeria de \u00e1guas pluviais em um parque municipal em Embu das Artes. O motociclista Bruno Anselmo Santana, de 27 anos, caiu com sua moto em um c\u00f3rrego ap\u00f3s ser atingido por uma enxurrada. Com eles, as chuvas mataram 17 pessoas entre dezembro e janeiro.<\/p>\n<div class=\"mc-column content-text active-extra-styles\" data-block-type=\"raw\" data-block-weight=\"2\" data-block-id=\"6\">\n<div class=\"content-intertitle\">\n<h2>Melhoria parcial<\/h2>\n<\/div>\n<p>Um levantamento feito pelo GLOBO mostra que as obras contra as enchentes feitas na primeira gest\u00e3o do prefeito Ricardo Nunes (MDB), entre 2020 e 2024, apesar de terem diminu\u00eddo as inunda\u00e7\u00f5es nas \u00e1reas centrais da capital paulista, est\u00e3o longe de resolv\u00ea-las nas periferias.<\/p>\n<\/div>\n<div class=\"mc-column content-text active-extra-styles \" data-block-type=\"unstyled\" data-block-weight=\"62\" data-block-id=\"8\">\n<p class=\" content-text__container \" data-track-category=\"Link no Texto\" data-track-links=\"\" data-mrf-recirculation=\"Article links\">No ano passado, S\u00e3o Paulo registrou 451 alagamentos e inunda\u00e7\u00f5es, segundo dados da plataforma Geosampa, da prefeitura. Em compara\u00e7\u00e3o com 2020, quando ocorreram 632 alagamentos, a maior redu\u00e7\u00e3o foi na Zona Oeste, com 58% a menos. \u00c9 onde est\u00e3o bairros nobres como Pinheiros, Perdizes, Itaim e a Vila Madalena. Atualmente, a Zona Oeste tem apenas 7% dos registros de alagamento do munic\u00edpio.<\/p>\n<p data-track-category=\"Link no Texto\" data-track-links=\"\" data-mrf-recirculation=\"Article links\">Ao mesmo tempo, o distrito que acumula mais pontos de alagamentos \u00e9 o Jardim Helena, no extremo da Zona Leste, regi\u00e3o que mais sofre com o problema \u2014 no ano passado, ela concentrou 54% das ocorr\u00eancias da cidade. Nos \u00faltimos cinc<\/p>\n<div class=\"mc-column content-text active-extra-styles \" data-block-type=\"unstyled\" data-block-weight=\"64\" data-block-id=\"11\">\n<p class=\" content-text__container \" data-track-category=\"Link no Texto\" data-track-links=\"\" data-mrf-recirculation=\"Article links\">\u00c9 no Jardim Helena que fica o Jardim Pantanal, \u00e1rea de S\u00e3o Paulo onde os alagamentos s\u00e3o mais frequentes. Maria das Gra\u00e7as de Souza, de 58 anos, presidente da Associa\u00e7\u00e3o Clube de M\u00e3es do bairro, j\u00e1 morava em Jardim Pantanal na enchente de 1997, quando algumas casas ficaram tomadas pela \u00e1gua por quase 20 dias. Segundo ela, a comunidade enfrenta transtornos todos os anos.<\/p>\n<\/div>\n<div class=\"mc-column content-text active-extra-styles \" data-block-type=\"unstyled\" data-block-weight=\"26\" data-block-id=\"12\">\n<p class=\" content-text__container \" data-track-category=\"Link no Texto\" data-track-links=\"\" data-mrf-recirculation=\"Article links\">\u2014 Quando chega janeiro, a gente j\u00e1 tem que levantar todos os m\u00f3veis da casa. \u00c9 muito triste perder as coisas todos os anos \u2014 lamenta.<\/p>\n<\/div>\n<div class=\"mc-column content-text active-extra-styles \" data-block-type=\"unstyled\" data-block-weight=\"29\" data-block-id=\"13\">\n<p class=\" content-text__container \" data-track-category=\"Link no Texto\" data-track-links=\"\" data-mrf-recirculation=\"Article links\">A prefeitura afirma que investiu R$ 7,8 bilh\u00f5es desde 2021 no combate a enchentes. Al\u00e9m de obras, subiu de 24 para 60 os caminh\u00f5es de hidrojateamento que desobstruem bueiros.<\/p>\n<\/div>\n<div class=\"mc-column content-text active-extra-styles \" data-block-type=\"unstyled\" data-block-weight=\"46\" data-block-id=\"14\">\n<p class=\" content-text__container \" data-track-category=\"Link no Texto\" data-track-links=\"\" data-mrf-recirculation=\"Article links\">Nas \u00faltimas d\u00e9cadas, a principal arma dos prefeitos para combater as enchentes foram os piscin\u00f5es, \u00e1reas secas que recebem o excesso de \u00e1guas das chuvas nos temporais. Atualmente, a cidade tem 54, dos quais cinco foram entregues na gest\u00e3o de Nunes. Outros oito est\u00e3o em constru\u00e7\u00e3o.<\/p>\n<\/div>\n<div class=\"mc-column content-text active-extra-styles \" data-block-type=\"unstyled\" data-block-weight=\"97\" data-block-id=\"16\">\n<p class=\" content-text__container \" data-track-category=\"Link no Texto\" data-track-links=\"\" data-mrf-recirculation=\"Article links\">\u2014 H\u00e1 30 anos, decidiu-se pensar em uma nova solu\u00e7\u00e3o. Optaram pelos piscin\u00f5es, um modelo que veio da Fran\u00e7a. Quando (Paulo) Maluf era prefeito, fez o primeiro, no bairro do Pacaembu. Depois que isso resolveu as inunda\u00e7\u00f5es da avenida Pacaembu, decidiram fazer na cidade inteira \u2014 recorda Liliane Frosini Armelin, doutora em Engenharia Hidr\u00e1ulica e Saneamento pela USP e professora da Universidade Presbiteriana Mackenzie, ressaltando que o recurso sozinho n\u00e3o soluciona o problema. \u2014 Eles ajudam. Mas deveriam vir outras medidas, como um melhor controle da urbaniza\u00e7\u00e3o, provendo espa\u00e7os para escoamento da vaz\u00e3o de cheias \u2014 recomenda.<\/p>\n<\/div>\n<div class=\"mc-column content-text active-extra-styles \" data-block-type=\"unstyled\" data-block-weight=\"19\" data-block-id=\"17\">\n<p class=\" content-text__container \" data-track-category=\"Link no Texto\" data-track-links=\"\" data-mrf-recirculation=\"Article links\">Para especialistas, a impermeabiliza\u00e7\u00e3o do solo e os eventos clim\u00e1ticos ser\u00e3o os maiores desafios da cidade nos pr\u00f3ximos anos.<\/p>\n<\/div>\n<div class=\"mc-column content-text active-extra-styles \" data-block-type=\"unstyled\" data-block-weight=\"33\" data-block-id=\"18\">\n<p class=\" content-text__container \" data-track-category=\"Link no Texto\" data-track-links=\"\" data-mrf-recirculation=\"Article links\">\u2014 A cidade enterrou e canalizou seus rios. Quando chove, o \u00fanico caminho que sobra para a \u00e1gua \u00e9 correr sobre concreto e asfalto \u2014 diz Ricardo Cardim, mestre em bot\u00e2nica pela USP.<\/p>\n<\/div>\n<div class=\"mc-column content-text active-extra-styles \" data-block-type=\"unstyled\" data-block-weight=\"20\" data-block-id=\"19\">\n<p class=\" content-text__container \" data-track-category=\"Link no Texto\" data-track-links=\"\" data-mrf-recirculation=\"Article links\">\u2014 O Centro, por exemplo, est\u00e1 todo impermeabilizado \u2014 completa Ivan Whately, vice-presidente de Atividades T\u00e9cnicas do Instituto de Engenharia.<\/p>\n<\/div>\n<div class=\"show-flourish-embed-block\">\n<div class=\"show-flourish-embed-block__container show-flourish-embed-block__container--visualization\" data-flourish-embed=\"\" data-flourish-content-type=\"visualization\">\n<div class=\"mc-column content-text active-extra-styles\" data-block-type=\"raw\" data-block-weight=\"4\" data-block-id=\"20\">\n<div class=\"content-intertitle\">\n<h2>Ilha urbana de calor<\/h2>\n<\/div>\n<p>O climatologista Carlos Nobre, titular da C\u00e1tedra Clima e Sustentabilidade do Instituto de Estudos Avan\u00e7ados da USP, diz que o grau de urbaniza\u00e7\u00e3o da cidade, com pouca vegeta\u00e7\u00e3o remanescente, potencializa os eventos extremos decorrentes de mudan\u00e7as clim\u00e1ticas:<\/p>\n<\/div>\n<div class=\"content-ads content-ads--reveal\" data-block-type=\"ads\" data-block-id=\"22\">\n<div id=\"banner_materia__153ca375-d274-44c4-85fd-b4f221ab6358\" class=\"tag-manager-publicidade-container mc-has-reveal mc-has-ad-lazyload tag-manager-publicidade-banner_materia__153ca375-d274-44c4-85fd-b4f221ab6358 tag-manager-publicidade-container--carregado tag-manager-publicidade-container--visivel\" data-id=\"banner_materia__153ca375-d274-44c4-85fd-b4f221ab6358\" data-google-query-id=\"CKKc1sSYnosDFQ5V3QIdAFYX6g\">\n<div class=\"mc-column content-text active-extra-styles \" data-block-type=\"unstyled\" data-block-weight=\"64\" data-block-id=\"23\">\n<p class=\" content-text__container \" data-track-category=\"Link no Texto\" data-track-links=\"\" data-mrf-recirculation=\"Article links\">\u2014 Mesmo se a gente tivesse zero aquecimento global, haveria eventos extremos na cidade. Nas matas, grande parte da energia solar serve para fazer a \u00e1gua do solo evaporar. Quando n\u00e3o se tem vegeta\u00e7\u00e3o, cria-se uma ilha de calor: a energia solar leva ao aquecimento, que faz o ar \u00famido subir muito r\u00e1pido e formar mega nuvens, que causam tempestades com rajadas de vento.<\/p>\n<\/div>\n<div class=\"mc-column content-text active-extra-styles \" data-block-type=\"unstyled\" data-block-weight=\"30\" data-block-id=\"24\">\n<p class=\" content-text__container \" data-track-category=\"Link no Texto\" data-track-links=\"\" data-mrf-recirculation=\"Article links\">Nobre diz que S\u00e3o Paulo deixou de ser a \u201cterra da garoa\u201d, e avalia que temporais violentos como o da \u00faltima sexta-feira pode se tornar o \u201cnovo normal\u201d na cidade.<\/p>\n<\/div>\n<div data-track-category=\"multicontent\" data-track-action=\"ultimo chunk conteudo\" data-track-noninteraction=\"false\" data-track-scroll=\"view\">\n<div class=\"mc-column content-text active-extra-styles \" data-block-type=\"unstyled\" data-block-weight=\"52\" data-block-id=\"25\">\n<p class=\" content-text__container \" data-track-category=\"Link no Texto\" data-track-links=\"\" data-mrf-recirculation=\"Article links\">\u2014 At\u00e9 a d\u00e9cada de 1970, todo dia garoava por volta das 15h em S\u00e3o Paulo. Acontecia em mais de 200 dias por ano. Agora, o ar que evapora do mar forma garoas no topo da Serra, mas quando chega \u00e0 cidade \u00e9 t\u00e3o quente que as got\u00edculas evaporam \u2014 ele explica.<\/p>\n<p data-track-category=\"Link no Texto\" data-track-links=\"\" data-mrf-recirculation=\"Article links\"><em><strong><a href=\"https:\/\/oglobo.globo.com\/brasil\/noticia\/2025\/01\/28\/obras-contra-alagamentos-nao-evitam-que-chuvas-continuem-a-matar-e-a-destruir-em-sao-paulo.ghtml\">Fonte &#8211; O Globo<\/a><\/strong><\/em><\/p>\n<\/div>\n<\/div>\n<\/div>\n<\/div>\n<\/div>\n<\/div>\n<\/div>\n<\/div>\n","protected":false},"excerpt":{"rendered":"<p>Levantamento mostra que interven\u00e7\u00f5es para conter enchentes feitas pelo prefeito Ricardo Nunes (MDB) diminuiram as inunda\u00e7\u00f5es nas \u00e1reas centrais da capital paulista, mas n\u00e3o nas periferias Em 2008, o pintor Rodolpho Tamanini Netto retratou uma cena que conhecia bem a partir da casa onde sempre viveu na Vila Madalena: \u201cA Enchente\u201d mostrava uma rua amarelada [&hellip;]<\/p>\n","protected":false},"author":14,"featured_media":125949,"comment_status":"open","ping_status":"open","sticky":false,"template":"","format":"standard","meta":{"footnotes":""},"categories":[28,141,41],"tags":[1171],"class_list":{"0":"post-125947","1":"post","2":"type-post","3":"status-publish","4":"format-standard","5":"has-post-thumbnail","7":"category-ie-na-midia","8":"category-noticias-menu","9":"category-transportes","10":"tag-destaque-abaixo"},"yoast_head":"<!-- This site is optimized with the Yoast SEO plugin v27.2 - https:\/\/yoast.com\/product\/yoast-seo-wordpress\/ -->\n<title>O Globo - Obras contra alagamentos n\u00e3o evitam que chuvas continuem a matar e a destruir em S\u00e3o Paulo - Instituto de Engenharia<\/title>\n<meta name=\"robots\" content=\"index, follow, max-snippet:-1, max-image-preview:large, max-video-preview:-1\" \/>\n<link rel=\"canonical\" href=\"https:\/\/www.institutodeengenharia.org.br\/site\/2025\/01\/30\/obras-contra-alagamentos-nao-evitam-que-chuvas-continuem-a-matar-e-a-destruir-em-sao-paulo\/\" \/>\n<meta property=\"og:locale\" content=\"pt_BR\" \/>\n<meta property=\"og:type\" content=\"article\" \/>\n<meta property=\"og:title\" content=\"O Globo - Obras contra alagamentos n\u00e3o evitam que chuvas continuem a matar e a destruir em S\u00e3o Paulo - Instituto de Engenharia\" \/>\n<meta property=\"og:description\" content=\"Levantamento mostra que interven\u00e7\u00f5es para conter enchentes feitas pelo prefeito Ricardo Nunes (MDB) diminuiram as inunda\u00e7\u00f5es nas \u00e1reas centrais da capital paulista, mas n\u00e3o nas periferias Em 2008, o pintor Rodolpho Tamanini Netto retratou uma cena que conhecia bem a partir da casa onde sempre viveu na Vila Madalena: \u201cA Enchente\u201d mostrava uma rua amarelada [&hellip;]\" \/>\n<meta property=\"og:url\" content=\"https:\/\/www.institutodeengenharia.org.br\/site\/2025\/01\/30\/obras-contra-alagamentos-nao-evitam-que-chuvas-continuem-a-matar-e-a-destruir-em-sao-paulo\/\" \/>\n<meta property=\"og:site_name\" content=\"Instituto de Engenharia\" \/>\n<meta property=\"article:publisher\" content=\"https:\/\/www.facebook.com\/institutodeengenharia\" \/>\n<meta property=\"article:published_time\" content=\"2025-01-30T19:41:34+00:00\" \/>\n<meta property=\"article:modified_time\" content=\"2025-01-31T18:38:40+00:00\" \/>\n<meta property=\"og:image\" content=\"https:\/\/www.institutodeengenharia.org.br\/site\/wp-content\/uploads\/2025\/01\/entrevista-1.jpg\" \/>\n\t<meta property=\"og:image:width\" content=\"1920\" \/>\n\t<meta property=\"og:image:height\" content=\"1080\" \/>\n\t<meta property=\"og:image:type\" content=\"image\/jpeg\" \/>\n<meta name=\"author\" content=\"Isabel\" \/>\n<meta name=\"twitter:card\" content=\"summary_large_image\" \/>\n<meta name=\"twitter:creator\" content=\"@iengenharia\" \/>\n<meta name=\"twitter:site\" content=\"@iengenharia\" \/>\n<meta name=\"twitter:label1\" content=\"Escrito por\" \/>\n\t<meta name=\"twitter:data1\" content=\"Isabel\" \/>\n\t<meta name=\"twitter:label2\" content=\"Est. tempo de leitura\" \/>\n\t<meta name=\"twitter:data2\" content=\"6 minutos\" \/>\n<script type=\"application\/ld+json\" class=\"yoast-schema-graph\">{\"@context\":\"https:\/\/schema.org\",\"@graph\":[{\"@type\":\"Article\",\"@id\":\"https:\/\/www.institutodeengenharia.org.br\/site\/2025\/01\/30\/obras-contra-alagamentos-nao-evitam-que-chuvas-continuem-a-matar-e-a-destruir-em-sao-paulo\/#article\",\"isPartOf\":{\"@id\":\"https:\/\/www.institutodeengenharia.org.br\/site\/2025\/01\/30\/obras-contra-alagamentos-nao-evitam-que-chuvas-continuem-a-matar-e-a-destruir-em-sao-paulo\/\"},\"author\":{\"name\":\"Isabel\",\"@id\":\"https:\/\/www.institutodeengenharia.org.br\/site\/#\/schema\/person\/593dc356630173a4877a635d3e5fd76b\"},\"headline\":\"O Globo &#8211; Obras contra alagamentos n\u00e3o evitam que chuvas continuem a matar e a destruir em S\u00e3o Paulo\",\"datePublished\":\"2025-01-30T19:41:34+00:00\",\"dateModified\":\"2025-01-31T18:38:40+00:00\",\"mainEntityOfPage\":{\"@id\":\"https:\/\/www.institutodeengenharia.org.br\/site\/2025\/01\/30\/obras-contra-alagamentos-nao-evitam-que-chuvas-continuem-a-matar-e-a-destruir-em-sao-paulo\/\"},\"wordCount\":972,\"commentCount\":0,\"publisher\":{\"@id\":\"https:\/\/www.institutodeengenharia.org.br\/site\/#organization\"},\"image\":{\"@id\":\"https:\/\/www.institutodeengenharia.org.br\/site\/2025\/01\/30\/obras-contra-alagamentos-nao-evitam-que-chuvas-continuem-a-matar-e-a-destruir-em-sao-paulo\/#primaryimage\"},\"thumbnailUrl\":\"https:\/\/www.institutodeengenharia.org.br\/site\/wp-content\/uploads\/2025\/01\/entrevista-1.jpg\",\"keywords\":[\"destaque-abaixo\"],\"articleSection\":[\"IE NA M\u00cdDIA\",\"Not\u00edcias\",\"Transportes\"],\"inLanguage\":\"pt-BR\",\"potentialAction\":[{\"@type\":\"CommentAction\",\"name\":\"Comment\",\"target\":[\"https:\/\/www.institutodeengenharia.org.br\/site\/2025\/01\/30\/obras-contra-alagamentos-nao-evitam-que-chuvas-continuem-a-matar-e-a-destruir-em-sao-paulo\/#respond\"]}]},{\"@type\":\"WebPage\",\"@id\":\"https:\/\/www.institutodeengenharia.org.br\/site\/2025\/01\/30\/obras-contra-alagamentos-nao-evitam-que-chuvas-continuem-a-matar-e-a-destruir-em-sao-paulo\/\",\"url\":\"https:\/\/www.institutodeengenharia.org.br\/site\/2025\/01\/30\/obras-contra-alagamentos-nao-evitam-que-chuvas-continuem-a-matar-e-a-destruir-em-sao-paulo\/\",\"name\":\"O Globo - Obras contra alagamentos n\u00e3o evitam que chuvas continuem a matar e a destruir em S\u00e3o Paulo - Instituto de Engenharia\",\"isPartOf\":{\"@id\":\"https:\/\/www.institutodeengenharia.org.br\/site\/#website\"},\"primaryImageOfPage\":{\"@id\":\"https:\/\/www.institutodeengenharia.org.br\/site\/2025\/01\/30\/obras-contra-alagamentos-nao-evitam-que-chuvas-continuem-a-matar-e-a-destruir-em-sao-paulo\/#primaryimage\"},\"image\":{\"@id\":\"https:\/\/www.institutodeengenharia.org.br\/site\/2025\/01\/30\/obras-contra-alagamentos-nao-evitam-que-chuvas-continuem-a-matar-e-a-destruir-em-sao-paulo\/#primaryimage\"},\"thumbnailUrl\":\"https:\/\/www.institutodeengenharia.org.br\/site\/wp-content\/uploads\/2025\/01\/entrevista-1.jpg\",\"datePublished\":\"2025-01-30T19:41:34+00:00\",\"dateModified\":\"2025-01-31T18:38:40+00:00\",\"breadcrumb\":{\"@id\":\"https:\/\/www.institutodeengenharia.org.br\/site\/2025\/01\/30\/obras-contra-alagamentos-nao-evitam-que-chuvas-continuem-a-matar-e-a-destruir-em-sao-paulo\/#breadcrumb\"},\"inLanguage\":\"pt-BR\",\"potentialAction\":[{\"@type\":\"ReadAction\",\"target\":[\"https:\/\/www.institutodeengenharia.org.br\/site\/2025\/01\/30\/obras-contra-alagamentos-nao-evitam-que-chuvas-continuem-a-matar-e-a-destruir-em-sao-paulo\/\"]}]},{\"@type\":\"ImageObject\",\"inLanguage\":\"pt-BR\",\"@id\":\"https:\/\/www.institutodeengenharia.org.br\/site\/2025\/01\/30\/obras-contra-alagamentos-nao-evitam-que-chuvas-continuem-a-matar-e-a-destruir-em-sao-paulo\/#primaryimage\",\"url\":\"https:\/\/www.institutodeengenharia.org.br\/site\/wp-content\/uploads\/2025\/01\/entrevista-1.jpg\",\"contentUrl\":\"https:\/\/www.institutodeengenharia.org.br\/site\/wp-content\/uploads\/2025\/01\/entrevista-1.jpg\",\"width\":1920,\"height\":1080},{\"@type\":\"BreadcrumbList\",\"@id\":\"https:\/\/www.institutodeengenharia.org.br\/site\/2025\/01\/30\/obras-contra-alagamentos-nao-evitam-que-chuvas-continuem-a-matar-e-a-destruir-em-sao-paulo\/#breadcrumb\",\"itemListElement\":[{\"@type\":\"ListItem\",\"position\":1,\"name\":\"In\u00edcio\",\"item\":\"https:\/\/www.institutodeengenharia.org.br\/site\/\"},{\"@type\":\"ListItem\",\"position\":2,\"name\":\"O Globo &#8211; Obras contra alagamentos n\u00e3o evitam que chuvas continuem a matar e a destruir em S\u00e3o Paulo\"}]},{\"@type\":\"WebSite\",\"@id\":\"https:\/\/www.institutodeengenharia.org.br\/site\/#website\",\"url\":\"https:\/\/www.institutodeengenharia.org.br\/site\/\",\"name\":\"Instituto de Engenharia\",\"description\":\"O Instituto de Engenharia promove a Engenharia em benef\u00edcio do desenvolvimento e da qualidade de vida da sociedade.\",\"publisher\":{\"@id\":\"https:\/\/www.institutodeengenharia.org.br\/site\/#organization\"},\"potentialAction\":[{\"@type\":\"SearchAction\",\"target\":{\"@type\":\"EntryPoint\",\"urlTemplate\":\"https:\/\/www.institutodeengenharia.org.br\/site\/?s={search_term_string}\"},\"query-input\":{\"@type\":\"PropertyValueSpecification\",\"valueRequired\":true,\"valueName\":\"search_term_string\"}}],\"inLanguage\":\"pt-BR\"},{\"@type\":\"Organization\",\"@id\":\"https:\/\/www.institutodeengenharia.org.br\/site\/#organization\",\"name\":\"Instituto de Engenharia\",\"url\":\"https:\/\/www.institutodeengenharia.org.br\/site\/\",\"logo\":{\"@type\":\"ImageObject\",\"inLanguage\":\"pt-BR\",\"@id\":\"https:\/\/www.institutodeengenharia.org.br\/site\/#\/schema\/logo\/image\/\",\"url\":\"https:\/\/www.institutodeengenharia.org.br\/site\/wp-content\/uploads\/2019\/03\/logo-novo-IE2018-1.jpg\",\"contentUrl\":\"https:\/\/www.institutodeengenharia.org.br\/site\/wp-content\/uploads\/2019\/03\/logo-novo-IE2018-1.jpg\",\"width\":1486,\"height\":1879,\"caption\":\"Instituto de Engenharia\"},\"image\":{\"@id\":\"https:\/\/www.institutodeengenharia.org.br\/site\/#\/schema\/logo\/image\/\"},\"sameAs\":[\"https:\/\/www.facebook.com\/institutodeengenharia\",\"https:\/\/x.com\/iengenharia\",\"https:\/\/www.instagram.com\/institutodeengenharia\/\",\"https:\/\/www.linkedin.com\/company\/instituto-de-engenharia\/\",\"https:\/\/www.youtube.com\/channel\/UCXiCAlsSMe977vamW915HxA\"]},{\"@type\":\"Person\",\"@id\":\"https:\/\/www.institutodeengenharia.org.br\/site\/#\/schema\/person\/593dc356630173a4877a635d3e5fd76b\",\"name\":\"Isabel\",\"image\":{\"@type\":\"ImageObject\",\"inLanguage\":\"pt-BR\",\"@id\":\"https:\/\/secure.gravatar.com\/avatar\/f3c521db63ec9db17894f10a88c6a3cf95b2281d7f80eeb3cf3ef1cb091576e7?s=96&d=mm&r=g\",\"url\":\"https:\/\/secure.gravatar.com\/avatar\/f3c521db63ec9db17894f10a88c6a3cf95b2281d7f80eeb3cf3ef1cb091576e7?s=96&d=mm&r=g\",\"contentUrl\":\"https:\/\/secure.gravatar.com\/avatar\/f3c521db63ec9db17894f10a88c6a3cf95b2281d7f80eeb3cf3ef1cb091576e7?s=96&d=mm&r=g\",\"caption\":\"Isabel\"},\"url\":\"https:\/\/www.institutodeengenharia.org.br\/site\/author\/comunicacao2\/\"}]}<\/script>\n<!-- \/ Yoast SEO plugin. -->","yoast_head_json":{"title":"O Globo - Obras contra alagamentos n\u00e3o evitam que chuvas continuem a matar e a destruir em S\u00e3o Paulo - Instituto de Engenharia","robots":{"index":"index","follow":"follow","max-snippet":"max-snippet:-1","max-image-preview":"max-image-preview:large","max-video-preview":"max-video-preview:-1"},"canonical":"https:\/\/www.institutodeengenharia.org.br\/site\/2025\/01\/30\/obras-contra-alagamentos-nao-evitam-que-chuvas-continuem-a-matar-e-a-destruir-em-sao-paulo\/","og_locale":"pt_BR","og_type":"article","og_title":"O Globo - Obras contra alagamentos n\u00e3o evitam que chuvas continuem a matar e a destruir em S\u00e3o Paulo - Instituto de Engenharia","og_description":"Levantamento mostra que interven\u00e7\u00f5es para conter enchentes feitas pelo prefeito Ricardo Nunes (MDB) diminuiram as inunda\u00e7\u00f5es nas \u00e1reas centrais da capital paulista, mas n\u00e3o nas periferias Em 2008, o pintor Rodolpho Tamanini Netto retratou uma cena que conhecia bem a partir da casa onde sempre viveu na Vila Madalena: \u201cA Enchente\u201d mostrava uma rua amarelada [&hellip;]","og_url":"https:\/\/www.institutodeengenharia.org.br\/site\/2025\/01\/30\/obras-contra-alagamentos-nao-evitam-que-chuvas-continuem-a-matar-e-a-destruir-em-sao-paulo\/","og_site_name":"Instituto de Engenharia","article_publisher":"https:\/\/www.facebook.com\/institutodeengenharia","article_published_time":"2025-01-30T19:41:34+00:00","article_modified_time":"2025-01-31T18:38:40+00:00","og_image":[{"width":1920,"height":1080,"url":"https:\/\/www.institutodeengenharia.org.br\/site\/wp-content\/uploads\/2025\/01\/entrevista-1.jpg","type":"image\/jpeg"}],"author":"Isabel","twitter_card":"summary_large_image","twitter_creator":"@iengenharia","twitter_site":"@iengenharia","twitter_misc":{"Escrito por":"Isabel","Est. tempo de leitura":"6 minutos"},"schema":{"@context":"https:\/\/schema.org","@graph":[{"@type":"Article","@id":"https:\/\/www.institutodeengenharia.org.br\/site\/2025\/01\/30\/obras-contra-alagamentos-nao-evitam-que-chuvas-continuem-a-matar-e-a-destruir-em-sao-paulo\/#article","isPartOf":{"@id":"https:\/\/www.institutodeengenharia.org.br\/site\/2025\/01\/30\/obras-contra-alagamentos-nao-evitam-que-chuvas-continuem-a-matar-e-a-destruir-em-sao-paulo\/"},"author":{"name":"Isabel","@id":"https:\/\/www.institutodeengenharia.org.br\/site\/#\/schema\/person\/593dc356630173a4877a635d3e5fd76b"},"headline":"O Globo &#8211; Obras contra alagamentos n\u00e3o evitam que chuvas continuem a matar e a destruir em S\u00e3o Paulo","datePublished":"2025-01-30T19:41:34+00:00","dateModified":"2025-01-31T18:38:40+00:00","mainEntityOfPage":{"@id":"https:\/\/www.institutodeengenharia.org.br\/site\/2025\/01\/30\/obras-contra-alagamentos-nao-evitam-que-chuvas-continuem-a-matar-e-a-destruir-em-sao-paulo\/"},"wordCount":972,"commentCount":0,"publisher":{"@id":"https:\/\/www.institutodeengenharia.org.br\/site\/#organization"},"image":{"@id":"https:\/\/www.institutodeengenharia.org.br\/site\/2025\/01\/30\/obras-contra-alagamentos-nao-evitam-que-chuvas-continuem-a-matar-e-a-destruir-em-sao-paulo\/#primaryimage"},"thumbnailUrl":"https:\/\/www.institutodeengenharia.org.br\/site\/wp-content\/uploads\/2025\/01\/entrevista-1.jpg","keywords":["destaque-abaixo"],"articleSection":["IE NA M\u00cdDIA","Not\u00edcias","Transportes"],"inLanguage":"pt-BR","potentialAction":[{"@type":"CommentAction","name":"Comment","target":["https:\/\/www.institutodeengenharia.org.br\/site\/2025\/01\/30\/obras-contra-alagamentos-nao-evitam-que-chuvas-continuem-a-matar-e-a-destruir-em-sao-paulo\/#respond"]}]},{"@type":"WebPage","@id":"https:\/\/www.institutodeengenharia.org.br\/site\/2025\/01\/30\/obras-contra-alagamentos-nao-evitam-que-chuvas-continuem-a-matar-e-a-destruir-em-sao-paulo\/","url":"https:\/\/www.institutodeengenharia.org.br\/site\/2025\/01\/30\/obras-contra-alagamentos-nao-evitam-que-chuvas-continuem-a-matar-e-a-destruir-em-sao-paulo\/","name":"O Globo - Obras contra alagamentos n\u00e3o evitam que chuvas continuem a matar e a destruir em S\u00e3o Paulo - Instituto de Engenharia","isPartOf":{"@id":"https:\/\/www.institutodeengenharia.org.br\/site\/#website"},"primaryImageOfPage":{"@id":"https:\/\/www.institutodeengenharia.org.br\/site\/2025\/01\/30\/obras-contra-alagamentos-nao-evitam-que-chuvas-continuem-a-matar-e-a-destruir-em-sao-paulo\/#primaryimage"},"image":{"@id":"https:\/\/www.institutodeengenharia.org.br\/site\/2025\/01\/30\/obras-contra-alagamentos-nao-evitam-que-chuvas-continuem-a-matar-e-a-destruir-em-sao-paulo\/#primaryimage"},"thumbnailUrl":"https:\/\/www.institutodeengenharia.org.br\/site\/wp-content\/uploads\/2025\/01\/entrevista-1.jpg","datePublished":"2025-01-30T19:41:34+00:00","dateModified":"2025-01-31T18:38:40+00:00","breadcrumb":{"@id":"https:\/\/www.institutodeengenharia.org.br\/site\/2025\/01\/30\/obras-contra-alagamentos-nao-evitam-que-chuvas-continuem-a-matar-e-a-destruir-em-sao-paulo\/#breadcrumb"},"inLanguage":"pt-BR","potentialAction":[{"@type":"ReadAction","target":["https:\/\/www.institutodeengenharia.org.br\/site\/2025\/01\/30\/obras-contra-alagamentos-nao-evitam-que-chuvas-continuem-a-matar-e-a-destruir-em-sao-paulo\/"]}]},{"@type":"ImageObject","inLanguage":"pt-BR","@id":"https:\/\/www.institutodeengenharia.org.br\/site\/2025\/01\/30\/obras-contra-alagamentos-nao-evitam-que-chuvas-continuem-a-matar-e-a-destruir-em-sao-paulo\/#primaryimage","url":"https:\/\/www.institutodeengenharia.org.br\/site\/wp-content\/uploads\/2025\/01\/entrevista-1.jpg","contentUrl":"https:\/\/www.institutodeengenharia.org.br\/site\/wp-content\/uploads\/2025\/01\/entrevista-1.jpg","width":1920,"height":1080},{"@type":"BreadcrumbList","@id":"https:\/\/www.institutodeengenharia.org.br\/site\/2025\/01\/30\/obras-contra-alagamentos-nao-evitam-que-chuvas-continuem-a-matar-e-a-destruir-em-sao-paulo\/#breadcrumb","itemListElement":[{"@type":"ListItem","position":1,"name":"In\u00edcio","item":"https:\/\/www.institutodeengenharia.org.br\/site\/"},{"@type":"ListItem","position":2,"name":"O Globo &#8211; Obras contra alagamentos n\u00e3o evitam que chuvas continuem a matar e a destruir em S\u00e3o Paulo"}]},{"@type":"WebSite","@id":"https:\/\/www.institutodeengenharia.org.br\/site\/#website","url":"https:\/\/www.institutodeengenharia.org.br\/site\/","name":"Instituto de Engenharia","description":"O Instituto de Engenharia promove a Engenharia em benef\u00edcio do desenvolvimento e da qualidade de vida da sociedade.","publisher":{"@id":"https:\/\/www.institutodeengenharia.org.br\/site\/#organization"},"potentialAction":[{"@type":"SearchAction","target":{"@type":"EntryPoint","urlTemplate":"https:\/\/www.institutodeengenharia.org.br\/site\/?s={search_term_string}"},"query-input":{"@type":"PropertyValueSpecification","valueRequired":true,"valueName":"search_term_string"}}],"inLanguage":"pt-BR"},{"@type":"Organization","@id":"https:\/\/www.institutodeengenharia.org.br\/site\/#organization","name":"Instituto de Engenharia","url":"https:\/\/www.institutodeengenharia.org.br\/site\/","logo":{"@type":"ImageObject","inLanguage":"pt-BR","@id":"https:\/\/www.institutodeengenharia.org.br\/site\/#\/schema\/logo\/image\/","url":"https:\/\/www.institutodeengenharia.org.br\/site\/wp-content\/uploads\/2019\/03\/logo-novo-IE2018-1.jpg","contentUrl":"https:\/\/www.institutodeengenharia.org.br\/site\/wp-content\/uploads\/2019\/03\/logo-novo-IE2018-1.jpg","width":1486,"height":1879,"caption":"Instituto de Engenharia"},"image":{"@id":"https:\/\/www.institutodeengenharia.org.br\/site\/#\/schema\/logo\/image\/"},"sameAs":["https:\/\/www.facebook.com\/institutodeengenharia","https:\/\/x.com\/iengenharia","https:\/\/www.instagram.com\/institutodeengenharia\/","https:\/\/www.linkedin.com\/company\/instituto-de-engenharia\/","https:\/\/www.youtube.com\/channel\/UCXiCAlsSMe977vamW915HxA"]},{"@type":"Person","@id":"https:\/\/www.institutodeengenharia.org.br\/site\/#\/schema\/person\/593dc356630173a4877a635d3e5fd76b","name":"Isabel","image":{"@type":"ImageObject","inLanguage":"pt-BR","@id":"https:\/\/secure.gravatar.com\/avatar\/f3c521db63ec9db17894f10a88c6a3cf95b2281d7f80eeb3cf3ef1cb091576e7?s=96&d=mm&r=g","url":"https:\/\/secure.gravatar.com\/avatar\/f3c521db63ec9db17894f10a88c6a3cf95b2281d7f80eeb3cf3ef1cb091576e7?s=96&d=mm&r=g","contentUrl":"https:\/\/secure.gravatar.com\/avatar\/f3c521db63ec9db17894f10a88c6a3cf95b2281d7f80eeb3cf3ef1cb091576e7?s=96&d=mm&r=g","caption":"Isabel"},"url":"https:\/\/www.institutodeengenharia.org.br\/site\/author\/comunicacao2\/"}]}},"_links":{"self":[{"href":"https:\/\/www.institutodeengenharia.org.br\/site\/wp-json\/wp\/v2\/posts\/125947","targetHints":{"allow":["GET"]}}],"collection":[{"href":"https:\/\/www.institutodeengenharia.org.br\/site\/wp-json\/wp\/v2\/posts"}],"about":[{"href":"https:\/\/www.institutodeengenharia.org.br\/site\/wp-json\/wp\/v2\/types\/post"}],"author":[{"embeddable":true,"href":"https:\/\/www.institutodeengenharia.org.br\/site\/wp-json\/wp\/v2\/users\/14"}],"replies":[{"embeddable":true,"href":"https:\/\/www.institutodeengenharia.org.br\/site\/wp-json\/wp\/v2\/comments?post=125947"}],"version-history":[{"count":2,"href":"https:\/\/www.institutodeengenharia.org.br\/site\/wp-json\/wp\/v2\/posts\/125947\/revisions"}],"predecessor-version":[{"id":125970,"href":"https:\/\/www.institutodeengenharia.org.br\/site\/wp-json\/wp\/v2\/posts\/125947\/revisions\/125970"}],"wp:featuredmedia":[{"embeddable":true,"href":"https:\/\/www.institutodeengenharia.org.br\/site\/wp-json\/wp\/v2\/media\/125949"}],"wp:attachment":[{"href":"https:\/\/www.institutodeengenharia.org.br\/site\/wp-json\/wp\/v2\/media?parent=125947"}],"wp:term":[{"taxonomy":"category","embeddable":true,"href":"https:\/\/www.institutodeengenharia.org.br\/site\/wp-json\/wp\/v2\/categories?post=125947"},{"taxonomy":"post_tag","embeddable":true,"href":"https:\/\/www.institutodeengenharia.org.br\/site\/wp-json\/wp\/v2\/tags?post=125947"}],"curies":[{"name":"wp","href":"https:\/\/api.w.org\/{rel}","templated":true}]}}