{"id":125893,"date":"2025-01-29T15:38:37","date_gmt":"2025-01-29T18:38:37","guid":{"rendered":"https:\/\/www.institutodeengenharia.org.br\/site\/?p=125893"},"modified":"2025-01-29T15:40:03","modified_gmt":"2025-01-29T18:40:03","slug":"domingos-dissei-e-o-primeiro-engenheiro-a-presidir-o-tcmsp","status":"publish","type":"post","link":"https:\/\/www.institutodeengenharia.org.br\/site\/2025\/01\/29\/domingos-dissei-e-o-primeiro-engenheiro-a-presidir-o-tcmsp\/","title":{"rendered":"Domingos Dissei \u00e9 o primeiro engenheiro a presidir o TCMSP"},"content":{"rendered":"<p>A diretoria do Instituto de Engenharia prestigiou na manh\u00e3 desta quarta (29) a posse dos novos dirigentes do Tribunal de contas do Munic\u00edpio de S\u00e3o Paulo (TCMSP).<\/p>\n<p>Domingos Dissei \u00e9 o primeiro engenheiro a assumir a presid\u00eancia do Tribunal de Contas. Engenheiro Civil, formado pela Escola de Engenharia Mau\u00e1, em 1977,\u00a0 Dissei presta servi\u00e7os \u00e0 cidade de S\u00e3o Paulo desde 1996, como vereador reeleito por quatro mandatos, Subprefeito, Secret\u00e1rio e, desde 2012, atuou como conselheiro da Corte de Contas no TCMSP.<\/p>\n<p>Foram empossados tamb\u00e9m Ricardo Torres, vice-presidente, Roberto Braguim, corregedor, Jo\u00e3o Antonio da Silva Filho, supervisor da Escola de Gest\u00e3o e Contas, e Eduardo Tuma, diretor do N\u00facleo de Tecnologia da Informa\u00e7\u00e3o.<\/p>\n<h6><strong>Fonte- <a href=\"https:\/\/portal.tcm.sp.gov.br\/Pagina\/74302\">portal.tcm.sp.gov.br<\/a><\/strong><\/h6>\n","protected":false},"excerpt":{"rendered":"<p>A diretoria do Instituto de Engenharia prestigiou na manh\u00e3 desta quarta (29) a posse dos novos dirigentes do Tribunal de contas do Munic\u00edpio de S\u00e3o Paulo (TCMSP). Domingos Dissei \u00e9 o primeiro engenheiro a assumir a presid\u00eancia do Tribunal de Contas. Engenheiro Civil, formado pela Escola de Engenharia Mau\u00e1, em 1977,\u00a0 Dissei presta servi\u00e7os \u00e0 [&hellip;]<\/p>\n","protected":false},"author":14,"featured_media":125894,"comment_status":"open","ping_status":"open","sticky":false,"template":"","format":"standard","meta":{"footnotes":""},"categories":[27,6,141],"tags":[],"class_list":{"0":"post-125893","1":"post","2":"type-post","3":"status-publish","4":"format-standard","5":"has-post-thumbnail","7":"category-instituto-de-engenharia","8":"category-noticias","9":"category-noticias-menu"},"yoast_head":"<!-- This site is optimized with the Yoast SEO plugin v27.2 - https:\/\/yoast.com\/product\/yoast-seo-wordpress\/ -->\n<title>Domingos Dissei \u00e9 o primeiro engenheiro a presidir o TCMSP - Instituto de Engenharia<\/title>\n<meta name=\"robots\" content=\"index, follow, max-snippet:-1, max-image-preview:large, max-video-preview:-1\" \/>\n<link rel=\"canonical\" href=\"https:\/\/www.institutodeengenharia.org.br\/site\/2025\/01\/29\/domingos-dissei-e-o-primeiro-engenheiro-a-presidir-o-tcmsp\/\" \/>\n<meta property=\"og:locale\" content=\"pt_BR\" \/>\n<meta property=\"og:type\" content=\"article\" \/>\n<meta property=\"og:title\" content=\"Domingos Dissei \u00e9 o primeiro engenheiro a presidir o TCMSP - Instituto de Engenharia\" \/>\n<meta property=\"og:description\" content=\"A diretoria do Instituto de Engenharia prestigiou na manh\u00e3 desta quarta (29) a posse dos novos dirigentes do Tribunal de contas do Munic\u00edpio de S\u00e3o Paulo (TCMSP). Domingos Dissei \u00e9 o primeiro engenheiro a assumir a presid\u00eancia do Tribunal de Contas. Engenheiro Civil, formado pela Escola de Engenharia Mau\u00e1, em 1977,\u00a0 Dissei presta servi\u00e7os \u00e0 [&hellip;]\" \/>\n<meta property=\"og:url\" content=\"https:\/\/www.institutodeengenharia.org.br\/site\/2025\/01\/29\/domingos-dissei-e-o-primeiro-engenheiro-a-presidir-o-tcmsp\/\" \/>\n<meta property=\"og:site_name\" content=\"Instituto de Engenharia\" \/>\n<meta property=\"article:publisher\" content=\"https:\/\/www.facebook.com\/institutodeengenharia\" \/>\n<meta property=\"article:published_time\" content=\"2025-01-29T18:38:37+00:00\" \/>\n<meta property=\"article:modified_time\" content=\"2025-01-29T18:40:03+00:00\" \/>\n<meta property=\"og:image\" content=\"https:\/\/www.institutodeengenharia.org.br\/site\/wp-content\/uploads\/2025\/01\/WhatsApp-Image-2025-01-29-at-12.43.25.jpeg\" \/>\n\t<meta property=\"og:image:width\" content=\"1600\" \/>\n\t<meta property=\"og:image:height\" content=\"1200\" \/>\n\t<meta property=\"og:image:type\" content=\"image\/jpeg\" \/>\n<meta name=\"author\" content=\"Isabel\" \/>\n<meta name=\"twitter:card\" content=\"summary_large_image\" \/>\n<meta name=\"twitter:creator\" content=\"@iengenharia\" \/>\n<meta name=\"twitter:site\" content=\"@iengenharia\" \/>\n<meta name=\"twitter:label1\" content=\"Escrito por\" \/>\n\t<meta name=\"twitter:data1\" content=\"Isabel\" \/>\n\t<meta name=\"twitter:label2\" content=\"Est. tempo de leitura\" \/>\n\t<meta name=\"twitter:data2\" content=\"1 minuto\" \/>\n<script type=\"application\/ld+json\" class=\"yoast-schema-graph\">{\"@context\":\"https:\/\/schema.org\",\"@graph\":[{\"@type\":\"Article\",\"@id\":\"https:\/\/www.institutodeengenharia.org.br\/site\/2025\/01\/29\/domingos-dissei-e-o-primeiro-engenheiro-a-presidir-o-tcmsp\/#article\",\"isPartOf\":{\"@id\":\"https:\/\/www.institutodeengenharia.org.br\/site\/2025\/01\/29\/domingos-dissei-e-o-primeiro-engenheiro-a-presidir-o-tcmsp\/\"},\"author\":{\"name\":\"Isabel\",\"@id\":\"https:\/\/www.institutodeengenharia.org.br\/site\/#\/schema\/person\/593dc356630173a4877a635d3e5fd76b\"},\"headline\":\"Domingos Dissei \u00e9 o primeiro engenheiro a presidir o TCMSP\",\"datePublished\":\"2025-01-29T18:38:37+00:00\",\"dateModified\":\"2025-01-29T18:40:03+00:00\",\"mainEntityOfPage\":{\"@id\":\"https:\/\/www.institutodeengenharia.org.br\/site\/2025\/01\/29\/domingos-dissei-e-o-primeiro-engenheiro-a-presidir-o-tcmsp\/\"},\"wordCount\":132,\"commentCount\":0,\"publisher\":{\"@id\":\"https:\/\/www.institutodeengenharia.org.br\/site\/#organization\"},\"image\":{\"@id\":\"https:\/\/www.institutodeengenharia.org.br\/site\/2025\/01\/29\/domingos-dissei-e-o-primeiro-engenheiro-a-presidir-o-tcmsp\/#primaryimage\"},\"thumbnailUrl\":\"https:\/\/www.institutodeengenharia.org.br\/site\/wp-content\/uploads\/2025\/01\/WhatsApp-Image-2025-01-29-at-12.43.25.jpeg\",\"articleSection\":[\"Instituto de Engenharia\",\"Not\u00edcias\",\"Not\u00edcias\"],\"inLanguage\":\"pt-BR\",\"potentialAction\":[{\"@type\":\"CommentAction\",\"name\":\"Comment\",\"target\":[\"https:\/\/www.institutodeengenharia.org.br\/site\/2025\/01\/29\/domingos-dissei-e-o-primeiro-engenheiro-a-presidir-o-tcmsp\/#respond\"]}]},{\"@type\":\"WebPage\",\"@id\":\"https:\/\/www.institutodeengenharia.org.br\/site\/2025\/01\/29\/domingos-dissei-e-o-primeiro-engenheiro-a-presidir-o-tcmsp\/\",\"url\":\"https:\/\/www.institutodeengenharia.org.br\/site\/2025\/01\/29\/domingos-dissei-e-o-primeiro-engenheiro-a-presidir-o-tcmsp\/\",\"name\":\"Domingos Dissei \u00e9 o primeiro engenheiro a presidir o TCMSP - Instituto de Engenharia\",\"isPartOf\":{\"@id\":\"https:\/\/www.institutodeengenharia.org.br\/site\/#website\"},\"primaryImageOfPage\":{\"@id\":\"https:\/\/www.institutodeengenharia.org.br\/site\/2025\/01\/29\/domingos-dissei-e-o-primeiro-engenheiro-a-presidir-o-tcmsp\/#primaryimage\"},\"image\":{\"@id\":\"https:\/\/www.institutodeengenharia.org.br\/site\/2025\/01\/29\/domingos-dissei-e-o-primeiro-engenheiro-a-presidir-o-tcmsp\/#primaryimage\"},\"thumbnailUrl\":\"https:\/\/www.institutodeengenharia.org.br\/site\/wp-content\/uploads\/2025\/01\/WhatsApp-Image-2025-01-29-at-12.43.25.jpeg\",\"datePublished\":\"2025-01-29T18:38:37+00:00\",\"dateModified\":\"2025-01-29T18:40:03+00:00\",\"breadcrumb\":{\"@id\":\"https:\/\/www.institutodeengenharia.org.br\/site\/2025\/01\/29\/domingos-dissei-e-o-primeiro-engenheiro-a-presidir-o-tcmsp\/#breadcrumb\"},\"inLanguage\":\"pt-BR\",\"potentialAction\":[{\"@type\":\"ReadAction\",\"target\":[\"https:\/\/www.institutodeengenharia.org.br\/site\/2025\/01\/29\/domingos-dissei-e-o-primeiro-engenheiro-a-presidir-o-tcmsp\/\"]}]},{\"@type\":\"ImageObject\",\"inLanguage\":\"pt-BR\",\"@id\":\"https:\/\/www.institutodeengenharia.org.br\/site\/2025\/01\/29\/domingos-dissei-e-o-primeiro-engenheiro-a-presidir-o-tcmsp\/#primaryimage\",\"url\":\"https:\/\/www.institutodeengenharia.org.br\/site\/wp-content\/uploads\/2025\/01\/WhatsApp-Image-2025-01-29-at-12.43.25.jpeg\",\"contentUrl\":\"https:\/\/www.institutodeengenharia.org.br\/site\/wp-content\/uploads\/2025\/01\/WhatsApp-Image-2025-01-29-at-12.43.25.jpeg\",\"width\":1600,\"height\":1200,\"caption\":\"Da esq. p\/ dir.: Alfredo Savelli, conselheiro e ex-presidente IE, Jos\u00e9 Eduardo Jardim, presidente IE, Domingos Dissei, presidente TCMSP, Miriana Marques, VP Adm. Finan\u00e7as IE, Lawrence Koo, VP Rela\u00e7\u00f5es Externas IE, e Const\u00e2nzio Ticeu, diretor IE\"},{\"@type\":\"BreadcrumbList\",\"@id\":\"https:\/\/www.institutodeengenharia.org.br\/site\/2025\/01\/29\/domingos-dissei-e-o-primeiro-engenheiro-a-presidir-o-tcmsp\/#breadcrumb\",\"itemListElement\":[{\"@type\":\"ListItem\",\"position\":1,\"name\":\"In\u00edcio\",\"item\":\"https:\/\/www.institutodeengenharia.org.br\/site\/\"},{\"@type\":\"ListItem\",\"position\":2,\"name\":\"Domingos Dissei \u00e9 o primeiro engenheiro a presidir o TCMSP\"}]},{\"@type\":\"WebSite\",\"@id\":\"https:\/\/www.institutodeengenharia.org.br\/site\/#website\",\"url\":\"https:\/\/www.institutodeengenharia.org.br\/site\/\",\"name\":\"Instituto de Engenharia\",\"description\":\"O Instituto de Engenharia promove a Engenharia em benef\u00edcio do desenvolvimento e da qualidade de vida da sociedade.\",\"publisher\":{\"@id\":\"https:\/\/www.institutodeengenharia.org.br\/site\/#organization\"},\"potentialAction\":[{\"@type\":\"SearchAction\",\"target\":{\"@type\":\"EntryPoint\",\"urlTemplate\":\"https:\/\/www.institutodeengenharia.org.br\/site\/?s={search_term_string}\"},\"query-input\":{\"@type\":\"PropertyValueSpecification\",\"valueRequired\":true,\"valueName\":\"search_term_string\"}}],\"inLanguage\":\"pt-BR\"},{\"@type\":\"Organization\",\"@id\":\"https:\/\/www.institutodeengenharia.org.br\/site\/#organization\",\"name\":\"Instituto de Engenharia\",\"url\":\"https:\/\/www.institutodeengenharia.org.br\/site\/\",\"logo\":{\"@type\":\"ImageObject\",\"inLanguage\":\"pt-BR\",\"@id\":\"https:\/\/www.institutodeengenharia.org.br\/site\/#\/schema\/logo\/image\/\",\"url\":\"https:\/\/www.institutodeengenharia.org.br\/site\/wp-content\/uploads\/2019\/03\/logo-novo-IE2018-1.jpg\",\"contentUrl\":\"https:\/\/www.institutodeengenharia.org.br\/site\/wp-content\/uploads\/2019\/03\/logo-novo-IE2018-1.jpg\",\"width\":1486,\"height\":1879,\"caption\":\"Instituto de Engenharia\"},\"image\":{\"@id\":\"https:\/\/www.institutodeengenharia.org.br\/site\/#\/schema\/logo\/image\/\"},\"sameAs\":[\"https:\/\/www.facebook.com\/institutodeengenharia\",\"https:\/\/x.com\/iengenharia\",\"https:\/\/www.instagram.com\/institutodeengenharia\/\",\"https:\/\/www.linkedin.com\/company\/instituto-de-engenharia\/\",\"https:\/\/www.youtube.com\/channel\/UCXiCAlsSMe977vamW915HxA\"]},{\"@type\":\"Person\",\"@id\":\"https:\/\/www.institutodeengenharia.org.br\/site\/#\/schema\/person\/593dc356630173a4877a635d3e5fd76b\",\"name\":\"Isabel\",\"image\":{\"@type\":\"ImageObject\",\"inLanguage\":\"pt-BR\",\"@id\":\"https:\/\/secure.gravatar.com\/avatar\/f3c521db63ec9db17894f10a88c6a3cf95b2281d7f80eeb3cf3ef1cb091576e7?s=96&d=mm&r=g\",\"url\":\"https:\/\/secure.gravatar.com\/avatar\/f3c521db63ec9db17894f10a88c6a3cf95b2281d7f80eeb3cf3ef1cb091576e7?s=96&d=mm&r=g\",\"contentUrl\":\"https:\/\/secure.gravatar.com\/avatar\/f3c521db63ec9db17894f10a88c6a3cf95b2281d7f80eeb3cf3ef1cb091576e7?s=96&d=mm&r=g\",\"caption\":\"Isabel\"},\"url\":\"https:\/\/www.institutodeengenharia.org.br\/site\/author\/comunicacao2\/\"}]}<\/script>\n<!-- \/ Yoast SEO plugin. -->","yoast_head_json":{"title":"Domingos Dissei \u00e9 o primeiro engenheiro a presidir o TCMSP - Instituto de Engenharia","robots":{"index":"index","follow":"follow","max-snippet":"max-snippet:-1","max-image-preview":"max-image-preview:large","max-video-preview":"max-video-preview:-1"},"canonical":"https:\/\/www.institutodeengenharia.org.br\/site\/2025\/01\/29\/domingos-dissei-e-o-primeiro-engenheiro-a-presidir-o-tcmsp\/","og_locale":"pt_BR","og_type":"article","og_title":"Domingos Dissei \u00e9 o primeiro engenheiro a presidir o TCMSP - Instituto de Engenharia","og_description":"A diretoria do Instituto de Engenharia prestigiou na manh\u00e3 desta quarta (29) a posse dos novos dirigentes do Tribunal de contas do Munic\u00edpio de S\u00e3o Paulo (TCMSP). Domingos Dissei \u00e9 o primeiro engenheiro a assumir a presid\u00eancia do Tribunal de Contas. Engenheiro Civil, formado pela Escola de Engenharia Mau\u00e1, em 1977,\u00a0 Dissei presta servi\u00e7os \u00e0 [&hellip;]","og_url":"https:\/\/www.institutodeengenharia.org.br\/site\/2025\/01\/29\/domingos-dissei-e-o-primeiro-engenheiro-a-presidir-o-tcmsp\/","og_site_name":"Instituto de Engenharia","article_publisher":"https:\/\/www.facebook.com\/institutodeengenharia","article_published_time":"2025-01-29T18:38:37+00:00","article_modified_time":"2025-01-29T18:40:03+00:00","og_image":[{"width":1600,"height":1200,"url":"https:\/\/www.institutodeengenharia.org.br\/site\/wp-content\/uploads\/2025\/01\/WhatsApp-Image-2025-01-29-at-12.43.25.jpeg","type":"image\/jpeg"}],"author":"Isabel","twitter_card":"summary_large_image","twitter_creator":"@iengenharia","twitter_site":"@iengenharia","twitter_misc":{"Escrito por":"Isabel","Est. tempo de leitura":"1 minuto"},"schema":{"@context":"https:\/\/schema.org","@graph":[{"@type":"Article","@id":"https:\/\/www.institutodeengenharia.org.br\/site\/2025\/01\/29\/domingos-dissei-e-o-primeiro-engenheiro-a-presidir-o-tcmsp\/#article","isPartOf":{"@id":"https:\/\/www.institutodeengenharia.org.br\/site\/2025\/01\/29\/domingos-dissei-e-o-primeiro-engenheiro-a-presidir-o-tcmsp\/"},"author":{"name":"Isabel","@id":"https:\/\/www.institutodeengenharia.org.br\/site\/#\/schema\/person\/593dc356630173a4877a635d3e5fd76b"},"headline":"Domingos Dissei \u00e9 o primeiro engenheiro a presidir o TCMSP","datePublished":"2025-01-29T18:38:37+00:00","dateModified":"2025-01-29T18:40:03+00:00","mainEntityOfPage":{"@id":"https:\/\/www.institutodeengenharia.org.br\/site\/2025\/01\/29\/domingos-dissei-e-o-primeiro-engenheiro-a-presidir-o-tcmsp\/"},"wordCount":132,"commentCount":0,"publisher":{"@id":"https:\/\/www.institutodeengenharia.org.br\/site\/#organization"},"image":{"@id":"https:\/\/www.institutodeengenharia.org.br\/site\/2025\/01\/29\/domingos-dissei-e-o-primeiro-engenheiro-a-presidir-o-tcmsp\/#primaryimage"},"thumbnailUrl":"https:\/\/www.institutodeengenharia.org.br\/site\/wp-content\/uploads\/2025\/01\/WhatsApp-Image-2025-01-29-at-12.43.25.jpeg","articleSection":["Instituto de Engenharia","Not\u00edcias","Not\u00edcias"],"inLanguage":"pt-BR","potentialAction":[{"@type":"CommentAction","name":"Comment","target":["https:\/\/www.institutodeengenharia.org.br\/site\/2025\/01\/29\/domingos-dissei-e-o-primeiro-engenheiro-a-presidir-o-tcmsp\/#respond"]}]},{"@type":"WebPage","@id":"https:\/\/www.institutodeengenharia.org.br\/site\/2025\/01\/29\/domingos-dissei-e-o-primeiro-engenheiro-a-presidir-o-tcmsp\/","url":"https:\/\/www.institutodeengenharia.org.br\/site\/2025\/01\/29\/domingos-dissei-e-o-primeiro-engenheiro-a-presidir-o-tcmsp\/","name":"Domingos Dissei \u00e9 o primeiro engenheiro a presidir o TCMSP - Instituto de Engenharia","isPartOf":{"@id":"https:\/\/www.institutodeengenharia.org.br\/site\/#website"},"primaryImageOfPage":{"@id":"https:\/\/www.institutodeengenharia.org.br\/site\/2025\/01\/29\/domingos-dissei-e-o-primeiro-engenheiro-a-presidir-o-tcmsp\/#primaryimage"},"image":{"@id":"https:\/\/www.institutodeengenharia.org.br\/site\/2025\/01\/29\/domingos-dissei-e-o-primeiro-engenheiro-a-presidir-o-tcmsp\/#primaryimage"},"thumbnailUrl":"https:\/\/www.institutodeengenharia.org.br\/site\/wp-content\/uploads\/2025\/01\/WhatsApp-Image-2025-01-29-at-12.43.25.jpeg","datePublished":"2025-01-29T18:38:37+00:00","dateModified":"2025-01-29T18:40:03+00:00","breadcrumb":{"@id":"https:\/\/www.institutodeengenharia.org.br\/site\/2025\/01\/29\/domingos-dissei-e-o-primeiro-engenheiro-a-presidir-o-tcmsp\/#breadcrumb"},"inLanguage":"pt-BR","potentialAction":[{"@type":"ReadAction","target":["https:\/\/www.institutodeengenharia.org.br\/site\/2025\/01\/29\/domingos-dissei-e-o-primeiro-engenheiro-a-presidir-o-tcmsp\/"]}]},{"@type":"ImageObject","inLanguage":"pt-BR","@id":"https:\/\/www.institutodeengenharia.org.br\/site\/2025\/01\/29\/domingos-dissei-e-o-primeiro-engenheiro-a-presidir-o-tcmsp\/#primaryimage","url":"https:\/\/www.institutodeengenharia.org.br\/site\/wp-content\/uploads\/2025\/01\/WhatsApp-Image-2025-01-29-at-12.43.25.jpeg","contentUrl":"https:\/\/www.institutodeengenharia.org.br\/site\/wp-content\/uploads\/2025\/01\/WhatsApp-Image-2025-01-29-at-12.43.25.jpeg","width":1600,"height":1200,"caption":"Da esq. p\/ dir.: Alfredo Savelli, conselheiro e ex-presidente IE, Jos\u00e9 Eduardo Jardim, presidente IE, Domingos Dissei, presidente TCMSP, Miriana Marques, VP Adm. Finan\u00e7as IE, Lawrence Koo, VP Rela\u00e7\u00f5es Externas IE, e Const\u00e2nzio Ticeu, diretor IE"},{"@type":"BreadcrumbList","@id":"https:\/\/www.institutodeengenharia.org.br\/site\/2025\/01\/29\/domingos-dissei-e-o-primeiro-engenheiro-a-presidir-o-tcmsp\/#breadcrumb","itemListElement":[{"@type":"ListItem","position":1,"name":"In\u00edcio","item":"https:\/\/www.institutodeengenharia.org.br\/site\/"},{"@type":"ListItem","position":2,"name":"Domingos Dissei \u00e9 o primeiro engenheiro a presidir o TCMSP"}]},{"@type":"WebSite","@id":"https:\/\/www.institutodeengenharia.org.br\/site\/#website","url":"https:\/\/www.institutodeengenharia.org.br\/site\/","name":"Instituto de Engenharia","description":"O Instituto de Engenharia promove a Engenharia em benef\u00edcio do desenvolvimento e da qualidade de vida da sociedade.","publisher":{"@id":"https:\/\/www.institutodeengenharia.org.br\/site\/#organization"},"potentialAction":[{"@type":"SearchAction","target":{"@type":"EntryPoint","urlTemplate":"https:\/\/www.institutodeengenharia.org.br\/site\/?s={search_term_string}"},"query-input":{"@type":"PropertyValueSpecification","valueRequired":true,"valueName":"search_term_string"}}],"inLanguage":"pt-BR"},{"@type":"Organization","@id":"https:\/\/www.institutodeengenharia.org.br\/site\/#organization","name":"Instituto de Engenharia","url":"https:\/\/www.institutodeengenharia.org.br\/site\/","logo":{"@type":"ImageObject","inLanguage":"pt-BR","@id":"https:\/\/www.institutodeengenharia.org.br\/site\/#\/schema\/logo\/image\/","url":"https:\/\/www.institutodeengenharia.org.br\/site\/wp-content\/uploads\/2019\/03\/logo-novo-IE2018-1.jpg","contentUrl":"https:\/\/www.institutodeengenharia.org.br\/site\/wp-content\/uploads\/2019\/03\/logo-novo-IE2018-1.jpg","width":1486,"height":1879,"caption":"Instituto de Engenharia"},"image":{"@id":"https:\/\/www.institutodeengenharia.org.br\/site\/#\/schema\/logo\/image\/"},"sameAs":["https:\/\/www.facebook.com\/institutodeengenharia","https:\/\/x.com\/iengenharia","https:\/\/www.instagram.com\/institutodeengenharia\/","https:\/\/www.linkedin.com\/company\/instituto-de-engenharia\/","https:\/\/www.youtube.com\/channel\/UCXiCAlsSMe977vamW915HxA"]},{"@type":"Person","@id":"https:\/\/www.institutodeengenharia.org.br\/site\/#\/schema\/person\/593dc356630173a4877a635d3e5fd76b","name":"Isabel","image":{"@type":"ImageObject","inLanguage":"pt-BR","@id":"https:\/\/secure.gravatar.com\/avatar\/f3c521db63ec9db17894f10a88c6a3cf95b2281d7f80eeb3cf3ef1cb091576e7?s=96&d=mm&r=g","url":"https:\/\/secure.gravatar.com\/avatar\/f3c521db63ec9db17894f10a88c6a3cf95b2281d7f80eeb3cf3ef1cb091576e7?s=96&d=mm&r=g","contentUrl":"https:\/\/secure.gravatar.com\/avatar\/f3c521db63ec9db17894f10a88c6a3cf95b2281d7f80eeb3cf3ef1cb091576e7?s=96&d=mm&r=g","caption":"Isabel"},"url":"https:\/\/www.institutodeengenharia.org.br\/site\/author\/comunicacao2\/"}]}},"_links":{"self":[{"href":"https:\/\/www.institutodeengenharia.org.br\/site\/wp-json\/wp\/v2\/posts\/125893","targetHints":{"allow":["GET"]}}],"collection":[{"href":"https:\/\/www.institutodeengenharia.org.br\/site\/wp-json\/wp\/v2\/posts"}],"about":[{"href":"https:\/\/www.institutodeengenharia.org.br\/site\/wp-json\/wp\/v2\/types\/post"}],"author":[{"embeddable":true,"href":"https:\/\/www.institutodeengenharia.org.br\/site\/wp-json\/wp\/v2\/users\/14"}],"replies":[{"embeddable":true,"href":"https:\/\/www.institutodeengenharia.org.br\/site\/wp-json\/wp\/v2\/comments?post=125893"}],"version-history":[{"count":1,"href":"https:\/\/www.institutodeengenharia.org.br\/site\/wp-json\/wp\/v2\/posts\/125893\/revisions"}],"predecessor-version":[{"id":125895,"href":"https:\/\/www.institutodeengenharia.org.br\/site\/wp-json\/wp\/v2\/posts\/125893\/revisions\/125895"}],"wp:featuredmedia":[{"embeddable":true,"href":"https:\/\/www.institutodeengenharia.org.br\/site\/wp-json\/wp\/v2\/media\/125894"}],"wp:attachment":[{"href":"https:\/\/www.institutodeengenharia.org.br\/site\/wp-json\/wp\/v2\/media?parent=125893"}],"wp:term":[{"taxonomy":"category","embeddable":true,"href":"https:\/\/www.institutodeengenharia.org.br\/site\/wp-json\/wp\/v2\/categories?post=125893"},{"taxonomy":"post_tag","embeddable":true,"href":"https:\/\/www.institutodeengenharia.org.br\/site\/wp-json\/wp\/v2\/tags?post=125893"}],"curies":[{"name":"wp","href":"https:\/\/api.w.org\/{rel}","templated":true}]}}