{"id":125604,"date":"2024-12-16T15:36:29","date_gmt":"2024-12-16T18:36:29","guid":{"rendered":"https:\/\/www.institutodeengenharia.org.br\/site\/?p=125604"},"modified":"2024-12-16T15:50:15","modified_gmt":"2024-12-16T18:50:15","slug":"instituto-de-engenharia-e-imt-assinam-termo-de-cooperacao-tecnico-cientifico","status":"publish","type":"post","link":"https:\/\/www.institutodeengenharia.org.br\/site\/2024\/12\/16\/instituto-de-engenharia-e-imt-assinam-termo-de-cooperacao-tecnico-cientifico\/","title":{"rendered":"Instituto de Engenharia e IMT assinam Termo de Coopera\u00e7\u00e3o T\u00e9cnico-Cient\u00edfico"},"content":{"rendered":"<p>A diretoria do Instituto de Engenharia foi recebida nesta manh\u00e3 (16), por\u00a0 Irineu Gianesi, superintendente-geral, do Instituto Mau\u00e1 de Tecnologia (IMT), e por Jos\u00e9 Carlos de Souza Junior, superintendente de Desenvolvimento Institucional e Acad\u00eamico.<\/p>\n<p><img loading=\"lazy\" decoding=\"async\" class=\"wp-image-125606 alignleft\" src=\"https:\/\/www.institutodeengenharia.org.br\/site\/wp-content\/uploads\/2024\/12\/WhatsApp-Image-2024-12-16-at-15.18.18.jpeg\" alt=\"\" width=\"216\" height=\"288\" srcset=\"https:\/\/www.institutodeengenharia.org.br\/site\/wp-content\/uploads\/2024\/12\/WhatsApp-Image-2024-12-16-at-15.18.18.jpeg 1200w, https:\/\/www.institutodeengenharia.org.br\/site\/wp-content\/uploads\/2024\/12\/WhatsApp-Image-2024-12-16-at-15.18.18-225x300.jpeg 225w, https:\/\/www.institutodeengenharia.org.br\/site\/wp-content\/uploads\/2024\/12\/WhatsApp-Image-2024-12-16-at-15.18.18-768x1024.jpeg 768w, https:\/\/www.institutodeengenharia.org.br\/site\/wp-content\/uploads\/2024\/12\/WhatsApp-Image-2024-12-16-at-15.18.18-1152x1536.jpeg 1152w, https:\/\/www.institutodeengenharia.org.br\/site\/wp-content\/uploads\/2024\/12\/WhatsApp-Image-2024-12-16-at-15.18.18-315x420.jpeg 315w, https:\/\/www.institutodeengenharia.org.br\/site\/wp-content\/uploads\/2024\/12\/WhatsApp-Image-2024-12-16-at-15.18.18-696x928.jpeg 696w, https:\/\/www.institutodeengenharia.org.br\/site\/wp-content\/uploads\/2024\/12\/WhatsApp-Image-2024-12-16-at-15.18.18-1068x1424.jpeg 1068w, https:\/\/www.institutodeengenharia.org.br\/site\/wp-content\/uploads\/2024\/12\/WhatsApp-Image-2024-12-16-at-15.18.18-600x800.jpeg 600w\" sizes=\"auto, (max-width: 216px) 100vw, 216px\" \/><\/p>\n<p>Ap\u00f3s a apresenta\u00e7\u00e3o da hist\u00f3ria do Instituto Mau\u00e1, por Jos\u00e9 Carlos, o grupo do IE, que tamb\u00e9m contava com a presen\u00e7a de Conselheiros, foi conduzida para a sala onde foi feita a assinatura do Termo de Coopera\u00e7\u00e3o T\u00e9cnico-Cient\u00edfico e Educacional entre o IE e o IMT, pelo presidente do Instituto de Engenharia, Jos\u00e9 Eduardo Jardim, e Irineu Gianesi, do IMT.<\/p>\n<p>O objetivo do Termo \u00e9 promover e desenvolver esta coopera\u00e7\u00e3o por meio de atividades de extens\u00e3o universit\u00e1ria, com foco na troca de experi\u00eancias e conhecimentos nas \u00e1reas em que o IMT oferece cursos de gradua\u00e7\u00e3o.<\/p>\n<p><strong>Hist\u00f3ria de longa data e outras parcerias<\/strong><\/p>\n<p>O Instituto Mau\u00e1 de Tecnologia &#8220;nasceu&#8221; no Instituto de Engenharia, na d\u00e9cada de 60. Atualmente, al\u00e9m de associado ao IE, o IMT \u00e9 parceiro do Instituto de Engenharia no projeto &#8220;Resolva aqui suas d\u00favidas de Matem\u00e1tica&#8221;, em parceria com o Metr\u00f4 de S\u00e3o Paulo. Com alunos instrutores do IMT, o projeto atende estudantes do Ensino M\u00e9dio (ou quem precisar), que queiram tirar d\u00favidas de matem\u00e1tica. O atendimento acontece \u00e0s segundas- feiras, nas esta\u00e7\u00f5es Sacom\u00e3, na Linha 2 Verde, e Ana Rosa, Linha 1 Azul.<\/p>\n<p>Em novembro, o IMT, entre outras escolas de Engenharia, assinou um Memorando de Entendimentos, que tem por objetivo o estabelecimento e a manuten\u00e7\u00e3o de a\u00e7\u00f5es conjuntas entre as institui\u00e7\u00f5es, visando a coopera\u00e7\u00e3o m\u00fatua para melhorar a percep\u00e7\u00e3o das \u00e1reas de Ci\u00eancias, Tecnologia, Engenharia e Matem\u00e1tica ao p\u00fablico jovem.<\/p>\n<p>&nbsp;<\/p>\n<p>&nbsp;<\/p>\n","protected":false},"excerpt":{"rendered":"<p>A diretoria do Instituto de Engenharia foi recebida nesta manh\u00e3 (16), por\u00a0 Irineu Gianesi, superintendente-geral, do Instituto Mau\u00e1 de Tecnologia (IMT), e por Jos\u00e9 Carlos de Souza Junior, superintendente de Desenvolvimento Institucional e Acad\u00eamico. Ap\u00f3s a apresenta\u00e7\u00e3o da hist\u00f3ria do Instituto Mau\u00e1, por Jos\u00e9 Carlos, o grupo do IE, que tamb\u00e9m contava com a presen\u00e7a [&hellip;]<\/p>\n","protected":false},"author":14,"featured_media":125610,"comment_status":"open","ping_status":"open","sticky":false,"template":"","format":"standard","meta":{"footnotes":""},"categories":[23,27,6],"tags":[],"class_list":{"0":"post-125604","1":"post","2":"type-post","3":"status-publish","4":"format-standard","5":"has-post-thumbnail","7":"category-educacao","8":"category-instituto-de-engenharia","9":"category-noticias"},"yoast_head":"<!-- This site is optimized with the Yoast SEO plugin v27.2 - https:\/\/yoast.com\/product\/yoast-seo-wordpress\/ -->\n<title>Instituto de Engenharia e IMT assinam Termo de Coopera\u00e7\u00e3o T\u00e9cnico-Cient\u00edfico - Instituto de Engenharia<\/title>\n<meta name=\"robots\" content=\"index, follow, max-snippet:-1, max-image-preview:large, max-video-preview:-1\" \/>\n<link rel=\"canonical\" href=\"https:\/\/www.institutodeengenharia.org.br\/site\/2024\/12\/16\/instituto-de-engenharia-e-imt-assinam-termo-de-cooperacao-tecnico-cientifico\/\" \/>\n<meta property=\"og:locale\" content=\"pt_BR\" \/>\n<meta property=\"og:type\" content=\"article\" \/>\n<meta property=\"og:title\" content=\"Instituto de Engenharia e IMT assinam Termo de Coopera\u00e7\u00e3o T\u00e9cnico-Cient\u00edfico - Instituto de Engenharia\" \/>\n<meta property=\"og:description\" content=\"A diretoria do Instituto de Engenharia foi recebida nesta manh\u00e3 (16), por\u00a0 Irineu Gianesi, superintendente-geral, do Instituto Mau\u00e1 de Tecnologia (IMT), e por Jos\u00e9 Carlos de Souza Junior, superintendente de Desenvolvimento Institucional e Acad\u00eamico. Ap\u00f3s a apresenta\u00e7\u00e3o da hist\u00f3ria do Instituto Mau\u00e1, por Jos\u00e9 Carlos, o grupo do IE, que tamb\u00e9m contava com a presen\u00e7a [&hellip;]\" \/>\n<meta property=\"og:url\" content=\"https:\/\/www.institutodeengenharia.org.br\/site\/2024\/12\/16\/instituto-de-engenharia-e-imt-assinam-termo-de-cooperacao-tecnico-cientifico\/\" \/>\n<meta property=\"og:site_name\" content=\"Instituto de Engenharia\" \/>\n<meta property=\"article:publisher\" content=\"https:\/\/www.facebook.com\/institutodeengenharia\" \/>\n<meta property=\"article:published_time\" content=\"2024-12-16T18:36:29+00:00\" \/>\n<meta property=\"article:modified_time\" content=\"2024-12-16T18:50:15+00:00\" \/>\n<meta property=\"og:image\" content=\"https:\/\/www.institutodeengenharia.org.br\/site\/wp-content\/uploads\/2024\/12\/WhatsApp-Image-2024-12-16-at-15.17.49-1.jpeg\" \/>\n\t<meta property=\"og:image:width\" content=\"1200\" \/>\n\t<meta property=\"og:image:height\" content=\"994\" \/>\n\t<meta property=\"og:image:type\" content=\"image\/jpeg\" \/>\n<meta name=\"author\" content=\"Isabel\" \/>\n<meta name=\"twitter:card\" content=\"summary_large_image\" \/>\n<meta name=\"twitter:creator\" content=\"@iengenharia\" \/>\n<meta name=\"twitter:site\" content=\"@iengenharia\" \/>\n<meta name=\"twitter:label1\" content=\"Escrito por\" \/>\n\t<meta name=\"twitter:data1\" content=\"Isabel\" \/>\n\t<meta name=\"twitter:label2\" content=\"Est. tempo de leitura\" \/>\n\t<meta name=\"twitter:data2\" content=\"2 minutos\" \/>\n<script type=\"application\/ld+json\" class=\"yoast-schema-graph\">{\"@context\":\"https:\/\/schema.org\",\"@graph\":[{\"@type\":\"Article\",\"@id\":\"https:\/\/www.institutodeengenharia.org.br\/site\/2024\/12\/16\/instituto-de-engenharia-e-imt-assinam-termo-de-cooperacao-tecnico-cientifico\/#article\",\"isPartOf\":{\"@id\":\"https:\/\/www.institutodeengenharia.org.br\/site\/2024\/12\/16\/instituto-de-engenharia-e-imt-assinam-termo-de-cooperacao-tecnico-cientifico\/\"},\"author\":{\"name\":\"Isabel\",\"@id\":\"https:\/\/www.institutodeengenharia.org.br\/site\/#\/schema\/person\/593dc356630173a4877a635d3e5fd76b\"},\"headline\":\"Instituto de Engenharia e IMT assinam Termo de Coopera\u00e7\u00e3o T\u00e9cnico-Cient\u00edfico\",\"datePublished\":\"2024-12-16T18:36:29+00:00\",\"dateModified\":\"2024-12-16T18:50:15+00:00\",\"mainEntityOfPage\":{\"@id\":\"https:\/\/www.institutodeengenharia.org.br\/site\/2024\/12\/16\/instituto-de-engenharia-e-imt-assinam-termo-de-cooperacao-tecnico-cientifico\/\"},\"wordCount\":310,\"commentCount\":0,\"publisher\":{\"@id\":\"https:\/\/www.institutodeengenharia.org.br\/site\/#organization\"},\"image\":{\"@id\":\"https:\/\/www.institutodeengenharia.org.br\/site\/2024\/12\/16\/instituto-de-engenharia-e-imt-assinam-termo-de-cooperacao-tecnico-cientifico\/#primaryimage\"},\"thumbnailUrl\":\"https:\/\/www.institutodeengenharia.org.br\/site\/wp-content\/uploads\/2024\/12\/WhatsApp-Image-2024-12-16-at-15.17.49-1.jpeg\",\"articleSection\":[\"Educa\u00e7\u00e3o\",\"Instituto de Engenharia\",\"Not\u00edcias\"],\"inLanguage\":\"pt-BR\",\"potentialAction\":[{\"@type\":\"CommentAction\",\"name\":\"Comment\",\"target\":[\"https:\/\/www.institutodeengenharia.org.br\/site\/2024\/12\/16\/instituto-de-engenharia-e-imt-assinam-termo-de-cooperacao-tecnico-cientifico\/#respond\"]}]},{\"@type\":\"WebPage\",\"@id\":\"https:\/\/www.institutodeengenharia.org.br\/site\/2024\/12\/16\/instituto-de-engenharia-e-imt-assinam-termo-de-cooperacao-tecnico-cientifico\/\",\"url\":\"https:\/\/www.institutodeengenharia.org.br\/site\/2024\/12\/16\/instituto-de-engenharia-e-imt-assinam-termo-de-cooperacao-tecnico-cientifico\/\",\"name\":\"Instituto de Engenharia e IMT assinam Termo de Coopera\u00e7\u00e3o T\u00e9cnico-Cient\u00edfico - Instituto de Engenharia\",\"isPartOf\":{\"@id\":\"https:\/\/www.institutodeengenharia.org.br\/site\/#website\"},\"primaryImageOfPage\":{\"@id\":\"https:\/\/www.institutodeengenharia.org.br\/site\/2024\/12\/16\/instituto-de-engenharia-e-imt-assinam-termo-de-cooperacao-tecnico-cientifico\/#primaryimage\"},\"image\":{\"@id\":\"https:\/\/www.institutodeengenharia.org.br\/site\/2024\/12\/16\/instituto-de-engenharia-e-imt-assinam-termo-de-cooperacao-tecnico-cientifico\/#primaryimage\"},\"thumbnailUrl\":\"https:\/\/www.institutodeengenharia.org.br\/site\/wp-content\/uploads\/2024\/12\/WhatsApp-Image-2024-12-16-at-15.17.49-1.jpeg\",\"datePublished\":\"2024-12-16T18:36:29+00:00\",\"dateModified\":\"2024-12-16T18:50:15+00:00\",\"breadcrumb\":{\"@id\":\"https:\/\/www.institutodeengenharia.org.br\/site\/2024\/12\/16\/instituto-de-engenharia-e-imt-assinam-termo-de-cooperacao-tecnico-cientifico\/#breadcrumb\"},\"inLanguage\":\"pt-BR\",\"potentialAction\":[{\"@type\":\"ReadAction\",\"target\":[\"https:\/\/www.institutodeengenharia.org.br\/site\/2024\/12\/16\/instituto-de-engenharia-e-imt-assinam-termo-de-cooperacao-tecnico-cientifico\/\"]}]},{\"@type\":\"ImageObject\",\"inLanguage\":\"pt-BR\",\"@id\":\"https:\/\/www.institutodeengenharia.org.br\/site\/2024\/12\/16\/instituto-de-engenharia-e-imt-assinam-termo-de-cooperacao-tecnico-cientifico\/#primaryimage\",\"url\":\"https:\/\/www.institutodeengenharia.org.br\/site\/wp-content\/uploads\/2024\/12\/WhatsApp-Image-2024-12-16-at-15.17.49-1.jpeg\",\"contentUrl\":\"https:\/\/www.institutodeengenharia.org.br\/site\/wp-content\/uploads\/2024\/12\/WhatsApp-Image-2024-12-16-at-15.17.49-1.jpeg\",\"width\":1200,\"height\":994,\"caption\":\"\u00c0 esq., Irineu Gianesi, superintendente-geral, do IMT, assina com Jos\u00e9 Eduardo Jardim, presidente do IE, Termo de Coopera\u00e7\u00e3o\"},{\"@type\":\"BreadcrumbList\",\"@id\":\"https:\/\/www.institutodeengenharia.org.br\/site\/2024\/12\/16\/instituto-de-engenharia-e-imt-assinam-termo-de-cooperacao-tecnico-cientifico\/#breadcrumb\",\"itemListElement\":[{\"@type\":\"ListItem\",\"position\":1,\"name\":\"In\u00edcio\",\"item\":\"https:\/\/www.institutodeengenharia.org.br\/site\/\"},{\"@type\":\"ListItem\",\"position\":2,\"name\":\"Instituto de Engenharia e IMT assinam Termo de Coopera\u00e7\u00e3o T\u00e9cnico-Cient\u00edfico\"}]},{\"@type\":\"WebSite\",\"@id\":\"https:\/\/www.institutodeengenharia.org.br\/site\/#website\",\"url\":\"https:\/\/www.institutodeengenharia.org.br\/site\/\",\"name\":\"Instituto de Engenharia\",\"description\":\"O Instituto de Engenharia promove a Engenharia em benef\u00edcio do desenvolvimento e da qualidade de vida da sociedade.\",\"publisher\":{\"@id\":\"https:\/\/www.institutodeengenharia.org.br\/site\/#organization\"},\"potentialAction\":[{\"@type\":\"SearchAction\",\"target\":{\"@type\":\"EntryPoint\",\"urlTemplate\":\"https:\/\/www.institutodeengenharia.org.br\/site\/?s={search_term_string}\"},\"query-input\":{\"@type\":\"PropertyValueSpecification\",\"valueRequired\":true,\"valueName\":\"search_term_string\"}}],\"inLanguage\":\"pt-BR\"},{\"@type\":\"Organization\",\"@id\":\"https:\/\/www.institutodeengenharia.org.br\/site\/#organization\",\"name\":\"Instituto de Engenharia\",\"url\":\"https:\/\/www.institutodeengenharia.org.br\/site\/\",\"logo\":{\"@type\":\"ImageObject\",\"inLanguage\":\"pt-BR\",\"@id\":\"https:\/\/www.institutodeengenharia.org.br\/site\/#\/schema\/logo\/image\/\",\"url\":\"https:\/\/www.institutodeengenharia.org.br\/site\/wp-content\/uploads\/2019\/03\/logo-novo-IE2018-1.jpg\",\"contentUrl\":\"https:\/\/www.institutodeengenharia.org.br\/site\/wp-content\/uploads\/2019\/03\/logo-novo-IE2018-1.jpg\",\"width\":1486,\"height\":1879,\"caption\":\"Instituto de Engenharia\"},\"image\":{\"@id\":\"https:\/\/www.institutodeengenharia.org.br\/site\/#\/schema\/logo\/image\/\"},\"sameAs\":[\"https:\/\/www.facebook.com\/institutodeengenharia\",\"https:\/\/x.com\/iengenharia\",\"https:\/\/www.instagram.com\/institutodeengenharia\/\",\"https:\/\/www.linkedin.com\/company\/instituto-de-engenharia\/\",\"https:\/\/www.youtube.com\/channel\/UCXiCAlsSMe977vamW915HxA\"]},{\"@type\":\"Person\",\"@id\":\"https:\/\/www.institutodeengenharia.org.br\/site\/#\/schema\/person\/593dc356630173a4877a635d3e5fd76b\",\"name\":\"Isabel\",\"image\":{\"@type\":\"ImageObject\",\"inLanguage\":\"pt-BR\",\"@id\":\"https:\/\/secure.gravatar.com\/avatar\/f3c521db63ec9db17894f10a88c6a3cf95b2281d7f80eeb3cf3ef1cb091576e7?s=96&d=mm&r=g\",\"url\":\"https:\/\/secure.gravatar.com\/avatar\/f3c521db63ec9db17894f10a88c6a3cf95b2281d7f80eeb3cf3ef1cb091576e7?s=96&d=mm&r=g\",\"contentUrl\":\"https:\/\/secure.gravatar.com\/avatar\/f3c521db63ec9db17894f10a88c6a3cf95b2281d7f80eeb3cf3ef1cb091576e7?s=96&d=mm&r=g\",\"caption\":\"Isabel\"},\"url\":\"https:\/\/www.institutodeengenharia.org.br\/site\/author\/comunicacao2\/\"}]}<\/script>\n<!-- \/ Yoast SEO plugin. -->","yoast_head_json":{"title":"Instituto de Engenharia e IMT assinam Termo de Coopera\u00e7\u00e3o T\u00e9cnico-Cient\u00edfico - Instituto de Engenharia","robots":{"index":"index","follow":"follow","max-snippet":"max-snippet:-1","max-image-preview":"max-image-preview:large","max-video-preview":"max-video-preview:-1"},"canonical":"https:\/\/www.institutodeengenharia.org.br\/site\/2024\/12\/16\/instituto-de-engenharia-e-imt-assinam-termo-de-cooperacao-tecnico-cientifico\/","og_locale":"pt_BR","og_type":"article","og_title":"Instituto de Engenharia e IMT assinam Termo de Coopera\u00e7\u00e3o T\u00e9cnico-Cient\u00edfico - Instituto de Engenharia","og_description":"A diretoria do Instituto de Engenharia foi recebida nesta manh\u00e3 (16), por\u00a0 Irineu Gianesi, superintendente-geral, do Instituto Mau\u00e1 de Tecnologia (IMT), e por Jos\u00e9 Carlos de Souza Junior, superintendente de Desenvolvimento Institucional e Acad\u00eamico. Ap\u00f3s a apresenta\u00e7\u00e3o da hist\u00f3ria do Instituto Mau\u00e1, por Jos\u00e9 Carlos, o grupo do IE, que tamb\u00e9m contava com a presen\u00e7a [&hellip;]","og_url":"https:\/\/www.institutodeengenharia.org.br\/site\/2024\/12\/16\/instituto-de-engenharia-e-imt-assinam-termo-de-cooperacao-tecnico-cientifico\/","og_site_name":"Instituto de Engenharia","article_publisher":"https:\/\/www.facebook.com\/institutodeengenharia","article_published_time":"2024-12-16T18:36:29+00:00","article_modified_time":"2024-12-16T18:50:15+00:00","og_image":[{"width":1200,"height":994,"url":"https:\/\/www.institutodeengenharia.org.br\/site\/wp-content\/uploads\/2024\/12\/WhatsApp-Image-2024-12-16-at-15.17.49-1.jpeg","type":"image\/jpeg"}],"author":"Isabel","twitter_card":"summary_large_image","twitter_creator":"@iengenharia","twitter_site":"@iengenharia","twitter_misc":{"Escrito por":"Isabel","Est. tempo de leitura":"2 minutos"},"schema":{"@context":"https:\/\/schema.org","@graph":[{"@type":"Article","@id":"https:\/\/www.institutodeengenharia.org.br\/site\/2024\/12\/16\/instituto-de-engenharia-e-imt-assinam-termo-de-cooperacao-tecnico-cientifico\/#article","isPartOf":{"@id":"https:\/\/www.institutodeengenharia.org.br\/site\/2024\/12\/16\/instituto-de-engenharia-e-imt-assinam-termo-de-cooperacao-tecnico-cientifico\/"},"author":{"name":"Isabel","@id":"https:\/\/www.institutodeengenharia.org.br\/site\/#\/schema\/person\/593dc356630173a4877a635d3e5fd76b"},"headline":"Instituto de Engenharia e IMT assinam Termo de Coopera\u00e7\u00e3o T\u00e9cnico-Cient\u00edfico","datePublished":"2024-12-16T18:36:29+00:00","dateModified":"2024-12-16T18:50:15+00:00","mainEntityOfPage":{"@id":"https:\/\/www.institutodeengenharia.org.br\/site\/2024\/12\/16\/instituto-de-engenharia-e-imt-assinam-termo-de-cooperacao-tecnico-cientifico\/"},"wordCount":310,"commentCount":0,"publisher":{"@id":"https:\/\/www.institutodeengenharia.org.br\/site\/#organization"},"image":{"@id":"https:\/\/www.institutodeengenharia.org.br\/site\/2024\/12\/16\/instituto-de-engenharia-e-imt-assinam-termo-de-cooperacao-tecnico-cientifico\/#primaryimage"},"thumbnailUrl":"https:\/\/www.institutodeengenharia.org.br\/site\/wp-content\/uploads\/2024\/12\/WhatsApp-Image-2024-12-16-at-15.17.49-1.jpeg","articleSection":["Educa\u00e7\u00e3o","Instituto de Engenharia","Not\u00edcias"],"inLanguage":"pt-BR","potentialAction":[{"@type":"CommentAction","name":"Comment","target":["https:\/\/www.institutodeengenharia.org.br\/site\/2024\/12\/16\/instituto-de-engenharia-e-imt-assinam-termo-de-cooperacao-tecnico-cientifico\/#respond"]}]},{"@type":"WebPage","@id":"https:\/\/www.institutodeengenharia.org.br\/site\/2024\/12\/16\/instituto-de-engenharia-e-imt-assinam-termo-de-cooperacao-tecnico-cientifico\/","url":"https:\/\/www.institutodeengenharia.org.br\/site\/2024\/12\/16\/instituto-de-engenharia-e-imt-assinam-termo-de-cooperacao-tecnico-cientifico\/","name":"Instituto de Engenharia e IMT assinam Termo de Coopera\u00e7\u00e3o T\u00e9cnico-Cient\u00edfico - Instituto de Engenharia","isPartOf":{"@id":"https:\/\/www.institutodeengenharia.org.br\/site\/#website"},"primaryImageOfPage":{"@id":"https:\/\/www.institutodeengenharia.org.br\/site\/2024\/12\/16\/instituto-de-engenharia-e-imt-assinam-termo-de-cooperacao-tecnico-cientifico\/#primaryimage"},"image":{"@id":"https:\/\/www.institutodeengenharia.org.br\/site\/2024\/12\/16\/instituto-de-engenharia-e-imt-assinam-termo-de-cooperacao-tecnico-cientifico\/#primaryimage"},"thumbnailUrl":"https:\/\/www.institutodeengenharia.org.br\/site\/wp-content\/uploads\/2024\/12\/WhatsApp-Image-2024-12-16-at-15.17.49-1.jpeg","datePublished":"2024-12-16T18:36:29+00:00","dateModified":"2024-12-16T18:50:15+00:00","breadcrumb":{"@id":"https:\/\/www.institutodeengenharia.org.br\/site\/2024\/12\/16\/instituto-de-engenharia-e-imt-assinam-termo-de-cooperacao-tecnico-cientifico\/#breadcrumb"},"inLanguage":"pt-BR","potentialAction":[{"@type":"ReadAction","target":["https:\/\/www.institutodeengenharia.org.br\/site\/2024\/12\/16\/instituto-de-engenharia-e-imt-assinam-termo-de-cooperacao-tecnico-cientifico\/"]}]},{"@type":"ImageObject","inLanguage":"pt-BR","@id":"https:\/\/www.institutodeengenharia.org.br\/site\/2024\/12\/16\/instituto-de-engenharia-e-imt-assinam-termo-de-cooperacao-tecnico-cientifico\/#primaryimage","url":"https:\/\/www.institutodeengenharia.org.br\/site\/wp-content\/uploads\/2024\/12\/WhatsApp-Image-2024-12-16-at-15.17.49-1.jpeg","contentUrl":"https:\/\/www.institutodeengenharia.org.br\/site\/wp-content\/uploads\/2024\/12\/WhatsApp-Image-2024-12-16-at-15.17.49-1.jpeg","width":1200,"height":994,"caption":"\u00c0 esq., Irineu Gianesi, superintendente-geral, do IMT, assina com Jos\u00e9 Eduardo Jardim, presidente do IE, Termo de Coopera\u00e7\u00e3o"},{"@type":"BreadcrumbList","@id":"https:\/\/www.institutodeengenharia.org.br\/site\/2024\/12\/16\/instituto-de-engenharia-e-imt-assinam-termo-de-cooperacao-tecnico-cientifico\/#breadcrumb","itemListElement":[{"@type":"ListItem","position":1,"name":"In\u00edcio","item":"https:\/\/www.institutodeengenharia.org.br\/site\/"},{"@type":"ListItem","position":2,"name":"Instituto de Engenharia e IMT assinam Termo de Coopera\u00e7\u00e3o T\u00e9cnico-Cient\u00edfico"}]},{"@type":"WebSite","@id":"https:\/\/www.institutodeengenharia.org.br\/site\/#website","url":"https:\/\/www.institutodeengenharia.org.br\/site\/","name":"Instituto de Engenharia","description":"O Instituto de Engenharia promove a Engenharia em benef\u00edcio do desenvolvimento e da qualidade de vida da sociedade.","publisher":{"@id":"https:\/\/www.institutodeengenharia.org.br\/site\/#organization"},"potentialAction":[{"@type":"SearchAction","target":{"@type":"EntryPoint","urlTemplate":"https:\/\/www.institutodeengenharia.org.br\/site\/?s={search_term_string}"},"query-input":{"@type":"PropertyValueSpecification","valueRequired":true,"valueName":"search_term_string"}}],"inLanguage":"pt-BR"},{"@type":"Organization","@id":"https:\/\/www.institutodeengenharia.org.br\/site\/#organization","name":"Instituto de Engenharia","url":"https:\/\/www.institutodeengenharia.org.br\/site\/","logo":{"@type":"ImageObject","inLanguage":"pt-BR","@id":"https:\/\/www.institutodeengenharia.org.br\/site\/#\/schema\/logo\/image\/","url":"https:\/\/www.institutodeengenharia.org.br\/site\/wp-content\/uploads\/2019\/03\/logo-novo-IE2018-1.jpg","contentUrl":"https:\/\/www.institutodeengenharia.org.br\/site\/wp-content\/uploads\/2019\/03\/logo-novo-IE2018-1.jpg","width":1486,"height":1879,"caption":"Instituto de Engenharia"},"image":{"@id":"https:\/\/www.institutodeengenharia.org.br\/site\/#\/schema\/logo\/image\/"},"sameAs":["https:\/\/www.facebook.com\/institutodeengenharia","https:\/\/x.com\/iengenharia","https:\/\/www.instagram.com\/institutodeengenharia\/","https:\/\/www.linkedin.com\/company\/instituto-de-engenharia\/","https:\/\/www.youtube.com\/channel\/UCXiCAlsSMe977vamW915HxA"]},{"@type":"Person","@id":"https:\/\/www.institutodeengenharia.org.br\/site\/#\/schema\/person\/593dc356630173a4877a635d3e5fd76b","name":"Isabel","image":{"@type":"ImageObject","inLanguage":"pt-BR","@id":"https:\/\/secure.gravatar.com\/avatar\/f3c521db63ec9db17894f10a88c6a3cf95b2281d7f80eeb3cf3ef1cb091576e7?s=96&d=mm&r=g","url":"https:\/\/secure.gravatar.com\/avatar\/f3c521db63ec9db17894f10a88c6a3cf95b2281d7f80eeb3cf3ef1cb091576e7?s=96&d=mm&r=g","contentUrl":"https:\/\/secure.gravatar.com\/avatar\/f3c521db63ec9db17894f10a88c6a3cf95b2281d7f80eeb3cf3ef1cb091576e7?s=96&d=mm&r=g","caption":"Isabel"},"url":"https:\/\/www.institutodeengenharia.org.br\/site\/author\/comunicacao2\/"}]}},"_links":{"self":[{"href":"https:\/\/www.institutodeengenharia.org.br\/site\/wp-json\/wp\/v2\/posts\/125604","targetHints":{"allow":["GET"]}}],"collection":[{"href":"https:\/\/www.institutodeengenharia.org.br\/site\/wp-json\/wp\/v2\/posts"}],"about":[{"href":"https:\/\/www.institutodeengenharia.org.br\/site\/wp-json\/wp\/v2\/types\/post"}],"author":[{"embeddable":true,"href":"https:\/\/www.institutodeengenharia.org.br\/site\/wp-json\/wp\/v2\/users\/14"}],"replies":[{"embeddable":true,"href":"https:\/\/www.institutodeengenharia.org.br\/site\/wp-json\/wp\/v2\/comments?post=125604"}],"version-history":[{"count":1,"href":"https:\/\/www.institutodeengenharia.org.br\/site\/wp-json\/wp\/v2\/posts\/125604\/revisions"}],"predecessor-version":[{"id":125608,"href":"https:\/\/www.institutodeengenharia.org.br\/site\/wp-json\/wp\/v2\/posts\/125604\/revisions\/125608"}],"wp:featuredmedia":[{"embeddable":true,"href":"https:\/\/www.institutodeengenharia.org.br\/site\/wp-json\/wp\/v2\/media\/125610"}],"wp:attachment":[{"href":"https:\/\/www.institutodeengenharia.org.br\/site\/wp-json\/wp\/v2\/media?parent=125604"}],"wp:term":[{"taxonomy":"category","embeddable":true,"href":"https:\/\/www.institutodeengenharia.org.br\/site\/wp-json\/wp\/v2\/categories?post=125604"},{"taxonomy":"post_tag","embeddable":true,"href":"https:\/\/www.institutodeengenharia.org.br\/site\/wp-json\/wp\/v2\/tags?post=125604"}],"curies":[{"name":"wp","href":"https:\/\/api.w.org\/{rel}","templated":true}]}}