{"id":125440,"date":"2024-12-02T14:37:51","date_gmt":"2024-12-02T17:37:51","guid":{"rendered":"https:\/\/www.institutodeengenharia.org.br\/site\/?p=125440"},"modified":"2024-12-02T14:38:16","modified_gmt":"2024-12-02T17:38:16","slug":"ie-prestigia-solenidade-pelos-50-anos-da-aciesp","status":"publish","type":"post","link":"https:\/\/www.institutodeengenharia.org.br\/site\/2024\/12\/02\/ie-prestigia-solenidade-pelos-50-anos-da-aciesp\/","title":{"rendered":"IE prestigia solenidade pelos 50 anos da ACIESP"},"content":{"rendered":"<p>O presidente do Instituto de Engenharia, Jos\u00e9 Eduardo Jardim, prestigiou a solenidade em comemora\u00e7\u00e3o aos 50 anos da Academia de Ci\u00eancias do Estado de S\u00e3o Paulo\u00a0(ACIESP), nesta segunda (2), na Assembleia Legislativa do Estado de S\u00e3o Paulo.<\/p>\n<p>Com cinco d\u00e9cadas de dedica\u00e7\u00e3o ao desenvolvimento cient\u00edfico, tecnol\u00f3gico e educacional do estado, a ACIESP foi fundada em 8 de outubro de 1974, na cidade de S\u00e3o Carlos, e se consolidou como uma das mais importantes institui\u00e7\u00f5es cient\u00edficas do Pa\u00eds, reunindo em seu corpo de acad\u00eamicos cientistas de not\u00e1vel reconhecimento nacional e internacional.<\/p>\n<p>O Instituto de Engenharia parabeniza a ACIESP e deseja uma longa trajet\u00f3ria de sucesso e contribui\u00e7\u00e3o \u00e0 ci\u00eancia nacional.<\/p>\n<p><em><strong><a href=\"https:\/\/aciesp.org.br\/50-anos-de-aciesp\/\">Fonte &#8211; ACIESP<\/a><\/strong><\/em><\/p>\n","protected":false},"excerpt":{"rendered":"<p>O presidente do Instituto de Engenharia, Jos\u00e9 Eduardo Jardim, prestigiou a solenidade em comemora\u00e7\u00e3o aos 50 anos da Academia de Ci\u00eancias do Estado de S\u00e3o Paulo\u00a0(ACIESP), nesta segunda (2), na Assembleia Legislativa do Estado de S\u00e3o Paulo. Com cinco d\u00e9cadas de dedica\u00e7\u00e3o ao desenvolvimento cient\u00edfico, tecnol\u00f3gico e educacional do estado, a ACIESP foi fundada em [&hellip;]<\/p>\n","protected":false},"author":14,"featured_media":125442,"comment_status":"open","ping_status":"open","sticky":false,"template":"","format":"standard","meta":{"footnotes":""},"categories":[27,6],"tags":[],"class_list":{"0":"post-125440","1":"post","2":"type-post","3":"status-publish","4":"format-standard","5":"has-post-thumbnail","7":"category-instituto-de-engenharia","8":"category-noticias"},"yoast_head":"<!-- This site is optimized with the Yoast SEO plugin v27.2 - https:\/\/yoast.com\/product\/yoast-seo-wordpress\/ -->\n<title>IE prestigia solenidade pelos 50 anos da ACIESP - Instituto de Engenharia<\/title>\n<meta name=\"robots\" content=\"index, follow, max-snippet:-1, max-image-preview:large, max-video-preview:-1\" \/>\n<link rel=\"canonical\" href=\"https:\/\/www.institutodeengenharia.org.br\/site\/2024\/12\/02\/ie-prestigia-solenidade-pelos-50-anos-da-aciesp\/\" \/>\n<meta property=\"og:locale\" content=\"pt_BR\" \/>\n<meta property=\"og:type\" content=\"article\" \/>\n<meta property=\"og:title\" content=\"IE prestigia solenidade pelos 50 anos da ACIESP - Instituto de Engenharia\" \/>\n<meta property=\"og:description\" content=\"O presidente do Instituto de Engenharia, Jos\u00e9 Eduardo Jardim, prestigiou a solenidade em comemora\u00e7\u00e3o aos 50 anos da Academia de Ci\u00eancias do Estado de S\u00e3o Paulo\u00a0(ACIESP), nesta segunda (2), na Assembleia Legislativa do Estado de S\u00e3o Paulo. Com cinco d\u00e9cadas de dedica\u00e7\u00e3o ao desenvolvimento cient\u00edfico, tecnol\u00f3gico e educacional do estado, a ACIESP foi fundada em [&hellip;]\" \/>\n<meta property=\"og:url\" content=\"https:\/\/www.institutodeengenharia.org.br\/site\/2024\/12\/02\/ie-prestigia-solenidade-pelos-50-anos-da-aciesp\/\" \/>\n<meta property=\"og:site_name\" content=\"Instituto de Engenharia\" \/>\n<meta property=\"article:publisher\" content=\"https:\/\/www.facebook.com\/institutodeengenharia\" \/>\n<meta property=\"article:published_time\" content=\"2024-12-02T17:37:51+00:00\" \/>\n<meta property=\"article:modified_time\" content=\"2024-12-02T17:38:16+00:00\" \/>\n<meta property=\"og:image\" content=\"https:\/\/www.institutodeengenharia.org.br\/site\/wp-content\/uploads\/2024\/12\/WhatsApp-Image-2024-12-02-at-10.21.46.jpeg\" \/>\n\t<meta property=\"og:image:width\" content=\"1599\" \/>\n\t<meta property=\"og:image:height\" content=\"1200\" \/>\n\t<meta property=\"og:image:type\" content=\"image\/jpeg\" \/>\n<meta name=\"author\" content=\"Isabel\" \/>\n<meta name=\"twitter:card\" content=\"summary_large_image\" \/>\n<meta name=\"twitter:creator\" content=\"@iengenharia\" \/>\n<meta name=\"twitter:site\" content=\"@iengenharia\" \/>\n<meta name=\"twitter:label1\" content=\"Escrito por\" \/>\n\t<meta name=\"twitter:data1\" content=\"Isabel\" \/>\n\t<meta name=\"twitter:label2\" content=\"Est. tempo de leitura\" \/>\n\t<meta name=\"twitter:data2\" content=\"1 minuto\" \/>\n<script type=\"application\/ld+json\" class=\"yoast-schema-graph\">{\"@context\":\"https:\/\/schema.org\",\"@graph\":[{\"@type\":\"Article\",\"@id\":\"https:\/\/www.institutodeengenharia.org.br\/site\/2024\/12\/02\/ie-prestigia-solenidade-pelos-50-anos-da-aciesp\/#article\",\"isPartOf\":{\"@id\":\"https:\/\/www.institutodeengenharia.org.br\/site\/2024\/12\/02\/ie-prestigia-solenidade-pelos-50-anos-da-aciesp\/\"},\"author\":{\"name\":\"Isabel\",\"@id\":\"https:\/\/www.institutodeengenharia.org.br\/site\/#\/schema\/person\/593dc356630173a4877a635d3e5fd76b\"},\"headline\":\"IE prestigia solenidade pelos 50 anos da ACIESP\",\"datePublished\":\"2024-12-02T17:37:51+00:00\",\"dateModified\":\"2024-12-02T17:38:16+00:00\",\"mainEntityOfPage\":{\"@id\":\"https:\/\/www.institutodeengenharia.org.br\/site\/2024\/12\/02\/ie-prestigia-solenidade-pelos-50-anos-da-aciesp\/\"},\"wordCount\":132,\"commentCount\":0,\"publisher\":{\"@id\":\"https:\/\/www.institutodeengenharia.org.br\/site\/#organization\"},\"image\":{\"@id\":\"https:\/\/www.institutodeengenharia.org.br\/site\/2024\/12\/02\/ie-prestigia-solenidade-pelos-50-anos-da-aciesp\/#primaryimage\"},\"thumbnailUrl\":\"https:\/\/www.institutodeengenharia.org.br\/site\/wp-content\/uploads\/2024\/12\/WhatsApp-Image-2024-12-02-at-10.21.46.jpeg\",\"articleSection\":[\"Instituto de Engenharia\",\"Not\u00edcias\"],\"inLanguage\":\"pt-BR\",\"potentialAction\":[{\"@type\":\"CommentAction\",\"name\":\"Comment\",\"target\":[\"https:\/\/www.institutodeengenharia.org.br\/site\/2024\/12\/02\/ie-prestigia-solenidade-pelos-50-anos-da-aciesp\/#respond\"]}]},{\"@type\":\"WebPage\",\"@id\":\"https:\/\/www.institutodeengenharia.org.br\/site\/2024\/12\/02\/ie-prestigia-solenidade-pelos-50-anos-da-aciesp\/\",\"url\":\"https:\/\/www.institutodeengenharia.org.br\/site\/2024\/12\/02\/ie-prestigia-solenidade-pelos-50-anos-da-aciesp\/\",\"name\":\"IE prestigia solenidade pelos 50 anos da ACIESP - Instituto de Engenharia\",\"isPartOf\":{\"@id\":\"https:\/\/www.institutodeengenharia.org.br\/site\/#website\"},\"primaryImageOfPage\":{\"@id\":\"https:\/\/www.institutodeengenharia.org.br\/site\/2024\/12\/02\/ie-prestigia-solenidade-pelos-50-anos-da-aciesp\/#primaryimage\"},\"image\":{\"@id\":\"https:\/\/www.institutodeengenharia.org.br\/site\/2024\/12\/02\/ie-prestigia-solenidade-pelos-50-anos-da-aciesp\/#primaryimage\"},\"thumbnailUrl\":\"https:\/\/www.institutodeengenharia.org.br\/site\/wp-content\/uploads\/2024\/12\/WhatsApp-Image-2024-12-02-at-10.21.46.jpeg\",\"datePublished\":\"2024-12-02T17:37:51+00:00\",\"dateModified\":\"2024-12-02T17:38:16+00:00\",\"breadcrumb\":{\"@id\":\"https:\/\/www.institutodeengenharia.org.br\/site\/2024\/12\/02\/ie-prestigia-solenidade-pelos-50-anos-da-aciesp\/#breadcrumb\"},\"inLanguage\":\"pt-BR\",\"potentialAction\":[{\"@type\":\"ReadAction\",\"target\":[\"https:\/\/www.institutodeengenharia.org.br\/site\/2024\/12\/02\/ie-prestigia-solenidade-pelos-50-anos-da-aciesp\/\"]}]},{\"@type\":\"ImageObject\",\"inLanguage\":\"pt-BR\",\"@id\":\"https:\/\/www.institutodeengenharia.org.br\/site\/2024\/12\/02\/ie-prestigia-solenidade-pelos-50-anos-da-aciesp\/#primaryimage\",\"url\":\"https:\/\/www.institutodeengenharia.org.br\/site\/wp-content\/uploads\/2024\/12\/WhatsApp-Image-2024-12-02-at-10.21.46.jpeg\",\"contentUrl\":\"https:\/\/www.institutodeengenharia.org.br\/site\/wp-content\/uploads\/2024\/12\/WhatsApp-Image-2024-12-02-at-10.21.46.jpeg\",\"width\":1599,\"height\":1200},{\"@type\":\"BreadcrumbList\",\"@id\":\"https:\/\/www.institutodeengenharia.org.br\/site\/2024\/12\/02\/ie-prestigia-solenidade-pelos-50-anos-da-aciesp\/#breadcrumb\",\"itemListElement\":[{\"@type\":\"ListItem\",\"position\":1,\"name\":\"In\u00edcio\",\"item\":\"https:\/\/www.institutodeengenharia.org.br\/site\/\"},{\"@type\":\"ListItem\",\"position\":2,\"name\":\"IE prestigia solenidade pelos 50 anos da ACIESP\"}]},{\"@type\":\"WebSite\",\"@id\":\"https:\/\/www.institutodeengenharia.org.br\/site\/#website\",\"url\":\"https:\/\/www.institutodeengenharia.org.br\/site\/\",\"name\":\"Instituto de Engenharia\",\"description\":\"O Instituto de Engenharia promove a Engenharia em benef\u00edcio do desenvolvimento e da qualidade de vida da sociedade.\",\"publisher\":{\"@id\":\"https:\/\/www.institutodeengenharia.org.br\/site\/#organization\"},\"potentialAction\":[{\"@type\":\"SearchAction\",\"target\":{\"@type\":\"EntryPoint\",\"urlTemplate\":\"https:\/\/www.institutodeengenharia.org.br\/site\/?s={search_term_string}\"},\"query-input\":{\"@type\":\"PropertyValueSpecification\",\"valueRequired\":true,\"valueName\":\"search_term_string\"}}],\"inLanguage\":\"pt-BR\"},{\"@type\":\"Organization\",\"@id\":\"https:\/\/www.institutodeengenharia.org.br\/site\/#organization\",\"name\":\"Instituto de Engenharia\",\"url\":\"https:\/\/www.institutodeengenharia.org.br\/site\/\",\"logo\":{\"@type\":\"ImageObject\",\"inLanguage\":\"pt-BR\",\"@id\":\"https:\/\/www.institutodeengenharia.org.br\/site\/#\/schema\/logo\/image\/\",\"url\":\"https:\/\/www.institutodeengenharia.org.br\/site\/wp-content\/uploads\/2019\/03\/logo-novo-IE2018-1.jpg\",\"contentUrl\":\"https:\/\/www.institutodeengenharia.org.br\/site\/wp-content\/uploads\/2019\/03\/logo-novo-IE2018-1.jpg\",\"width\":1486,\"height\":1879,\"caption\":\"Instituto de Engenharia\"},\"image\":{\"@id\":\"https:\/\/www.institutodeengenharia.org.br\/site\/#\/schema\/logo\/image\/\"},\"sameAs\":[\"https:\/\/www.facebook.com\/institutodeengenharia\",\"https:\/\/x.com\/iengenharia\",\"https:\/\/www.instagram.com\/institutodeengenharia\/\",\"https:\/\/www.linkedin.com\/company\/instituto-de-engenharia\/\",\"https:\/\/www.youtube.com\/channel\/UCXiCAlsSMe977vamW915HxA\"]},{\"@type\":\"Person\",\"@id\":\"https:\/\/www.institutodeengenharia.org.br\/site\/#\/schema\/person\/593dc356630173a4877a635d3e5fd76b\",\"name\":\"Isabel\",\"image\":{\"@type\":\"ImageObject\",\"inLanguage\":\"pt-BR\",\"@id\":\"https:\/\/secure.gravatar.com\/avatar\/f3c521db63ec9db17894f10a88c6a3cf95b2281d7f80eeb3cf3ef1cb091576e7?s=96&d=mm&r=g\",\"url\":\"https:\/\/secure.gravatar.com\/avatar\/f3c521db63ec9db17894f10a88c6a3cf95b2281d7f80eeb3cf3ef1cb091576e7?s=96&d=mm&r=g\",\"contentUrl\":\"https:\/\/secure.gravatar.com\/avatar\/f3c521db63ec9db17894f10a88c6a3cf95b2281d7f80eeb3cf3ef1cb091576e7?s=96&d=mm&r=g\",\"caption\":\"Isabel\"},\"url\":\"https:\/\/www.institutodeengenharia.org.br\/site\/author\/comunicacao2\/\"}]}<\/script>\n<!-- \/ Yoast SEO plugin. -->","yoast_head_json":{"title":"IE prestigia solenidade pelos 50 anos da ACIESP - Instituto de Engenharia","robots":{"index":"index","follow":"follow","max-snippet":"max-snippet:-1","max-image-preview":"max-image-preview:large","max-video-preview":"max-video-preview:-1"},"canonical":"https:\/\/www.institutodeengenharia.org.br\/site\/2024\/12\/02\/ie-prestigia-solenidade-pelos-50-anos-da-aciesp\/","og_locale":"pt_BR","og_type":"article","og_title":"IE prestigia solenidade pelos 50 anos da ACIESP - Instituto de Engenharia","og_description":"O presidente do Instituto de Engenharia, Jos\u00e9 Eduardo Jardim, prestigiou a solenidade em comemora\u00e7\u00e3o aos 50 anos da Academia de Ci\u00eancias do Estado de S\u00e3o Paulo\u00a0(ACIESP), nesta segunda (2), na Assembleia Legislativa do Estado de S\u00e3o Paulo. Com cinco d\u00e9cadas de dedica\u00e7\u00e3o ao desenvolvimento cient\u00edfico, tecnol\u00f3gico e educacional do estado, a ACIESP foi fundada em [&hellip;]","og_url":"https:\/\/www.institutodeengenharia.org.br\/site\/2024\/12\/02\/ie-prestigia-solenidade-pelos-50-anos-da-aciesp\/","og_site_name":"Instituto de Engenharia","article_publisher":"https:\/\/www.facebook.com\/institutodeengenharia","article_published_time":"2024-12-02T17:37:51+00:00","article_modified_time":"2024-12-02T17:38:16+00:00","og_image":[{"width":1599,"height":1200,"url":"https:\/\/www.institutodeengenharia.org.br\/site\/wp-content\/uploads\/2024\/12\/WhatsApp-Image-2024-12-02-at-10.21.46.jpeg","type":"image\/jpeg"}],"author":"Isabel","twitter_card":"summary_large_image","twitter_creator":"@iengenharia","twitter_site":"@iengenharia","twitter_misc":{"Escrito por":"Isabel","Est. tempo de leitura":"1 minuto"},"schema":{"@context":"https:\/\/schema.org","@graph":[{"@type":"Article","@id":"https:\/\/www.institutodeengenharia.org.br\/site\/2024\/12\/02\/ie-prestigia-solenidade-pelos-50-anos-da-aciesp\/#article","isPartOf":{"@id":"https:\/\/www.institutodeengenharia.org.br\/site\/2024\/12\/02\/ie-prestigia-solenidade-pelos-50-anos-da-aciesp\/"},"author":{"name":"Isabel","@id":"https:\/\/www.institutodeengenharia.org.br\/site\/#\/schema\/person\/593dc356630173a4877a635d3e5fd76b"},"headline":"IE prestigia solenidade pelos 50 anos da ACIESP","datePublished":"2024-12-02T17:37:51+00:00","dateModified":"2024-12-02T17:38:16+00:00","mainEntityOfPage":{"@id":"https:\/\/www.institutodeengenharia.org.br\/site\/2024\/12\/02\/ie-prestigia-solenidade-pelos-50-anos-da-aciesp\/"},"wordCount":132,"commentCount":0,"publisher":{"@id":"https:\/\/www.institutodeengenharia.org.br\/site\/#organization"},"image":{"@id":"https:\/\/www.institutodeengenharia.org.br\/site\/2024\/12\/02\/ie-prestigia-solenidade-pelos-50-anos-da-aciesp\/#primaryimage"},"thumbnailUrl":"https:\/\/www.institutodeengenharia.org.br\/site\/wp-content\/uploads\/2024\/12\/WhatsApp-Image-2024-12-02-at-10.21.46.jpeg","articleSection":["Instituto de Engenharia","Not\u00edcias"],"inLanguage":"pt-BR","potentialAction":[{"@type":"CommentAction","name":"Comment","target":["https:\/\/www.institutodeengenharia.org.br\/site\/2024\/12\/02\/ie-prestigia-solenidade-pelos-50-anos-da-aciesp\/#respond"]}]},{"@type":"WebPage","@id":"https:\/\/www.institutodeengenharia.org.br\/site\/2024\/12\/02\/ie-prestigia-solenidade-pelos-50-anos-da-aciesp\/","url":"https:\/\/www.institutodeengenharia.org.br\/site\/2024\/12\/02\/ie-prestigia-solenidade-pelos-50-anos-da-aciesp\/","name":"IE prestigia solenidade pelos 50 anos da ACIESP - Instituto de Engenharia","isPartOf":{"@id":"https:\/\/www.institutodeengenharia.org.br\/site\/#website"},"primaryImageOfPage":{"@id":"https:\/\/www.institutodeengenharia.org.br\/site\/2024\/12\/02\/ie-prestigia-solenidade-pelos-50-anos-da-aciesp\/#primaryimage"},"image":{"@id":"https:\/\/www.institutodeengenharia.org.br\/site\/2024\/12\/02\/ie-prestigia-solenidade-pelos-50-anos-da-aciesp\/#primaryimage"},"thumbnailUrl":"https:\/\/www.institutodeengenharia.org.br\/site\/wp-content\/uploads\/2024\/12\/WhatsApp-Image-2024-12-02-at-10.21.46.jpeg","datePublished":"2024-12-02T17:37:51+00:00","dateModified":"2024-12-02T17:38:16+00:00","breadcrumb":{"@id":"https:\/\/www.institutodeengenharia.org.br\/site\/2024\/12\/02\/ie-prestigia-solenidade-pelos-50-anos-da-aciesp\/#breadcrumb"},"inLanguage":"pt-BR","potentialAction":[{"@type":"ReadAction","target":["https:\/\/www.institutodeengenharia.org.br\/site\/2024\/12\/02\/ie-prestigia-solenidade-pelos-50-anos-da-aciesp\/"]}]},{"@type":"ImageObject","inLanguage":"pt-BR","@id":"https:\/\/www.institutodeengenharia.org.br\/site\/2024\/12\/02\/ie-prestigia-solenidade-pelos-50-anos-da-aciesp\/#primaryimage","url":"https:\/\/www.institutodeengenharia.org.br\/site\/wp-content\/uploads\/2024\/12\/WhatsApp-Image-2024-12-02-at-10.21.46.jpeg","contentUrl":"https:\/\/www.institutodeengenharia.org.br\/site\/wp-content\/uploads\/2024\/12\/WhatsApp-Image-2024-12-02-at-10.21.46.jpeg","width":1599,"height":1200},{"@type":"BreadcrumbList","@id":"https:\/\/www.institutodeengenharia.org.br\/site\/2024\/12\/02\/ie-prestigia-solenidade-pelos-50-anos-da-aciesp\/#breadcrumb","itemListElement":[{"@type":"ListItem","position":1,"name":"In\u00edcio","item":"https:\/\/www.institutodeengenharia.org.br\/site\/"},{"@type":"ListItem","position":2,"name":"IE prestigia solenidade pelos 50 anos da ACIESP"}]},{"@type":"WebSite","@id":"https:\/\/www.institutodeengenharia.org.br\/site\/#website","url":"https:\/\/www.institutodeengenharia.org.br\/site\/","name":"Instituto de Engenharia","description":"O Instituto de Engenharia promove a Engenharia em benef\u00edcio do desenvolvimento e da qualidade de vida da sociedade.","publisher":{"@id":"https:\/\/www.institutodeengenharia.org.br\/site\/#organization"},"potentialAction":[{"@type":"SearchAction","target":{"@type":"EntryPoint","urlTemplate":"https:\/\/www.institutodeengenharia.org.br\/site\/?s={search_term_string}"},"query-input":{"@type":"PropertyValueSpecification","valueRequired":true,"valueName":"search_term_string"}}],"inLanguage":"pt-BR"},{"@type":"Organization","@id":"https:\/\/www.institutodeengenharia.org.br\/site\/#organization","name":"Instituto de Engenharia","url":"https:\/\/www.institutodeengenharia.org.br\/site\/","logo":{"@type":"ImageObject","inLanguage":"pt-BR","@id":"https:\/\/www.institutodeengenharia.org.br\/site\/#\/schema\/logo\/image\/","url":"https:\/\/www.institutodeengenharia.org.br\/site\/wp-content\/uploads\/2019\/03\/logo-novo-IE2018-1.jpg","contentUrl":"https:\/\/www.institutodeengenharia.org.br\/site\/wp-content\/uploads\/2019\/03\/logo-novo-IE2018-1.jpg","width":1486,"height":1879,"caption":"Instituto de Engenharia"},"image":{"@id":"https:\/\/www.institutodeengenharia.org.br\/site\/#\/schema\/logo\/image\/"},"sameAs":["https:\/\/www.facebook.com\/institutodeengenharia","https:\/\/x.com\/iengenharia","https:\/\/www.instagram.com\/institutodeengenharia\/","https:\/\/www.linkedin.com\/company\/instituto-de-engenharia\/","https:\/\/www.youtube.com\/channel\/UCXiCAlsSMe977vamW915HxA"]},{"@type":"Person","@id":"https:\/\/www.institutodeengenharia.org.br\/site\/#\/schema\/person\/593dc356630173a4877a635d3e5fd76b","name":"Isabel","image":{"@type":"ImageObject","inLanguage":"pt-BR","@id":"https:\/\/secure.gravatar.com\/avatar\/f3c521db63ec9db17894f10a88c6a3cf95b2281d7f80eeb3cf3ef1cb091576e7?s=96&d=mm&r=g","url":"https:\/\/secure.gravatar.com\/avatar\/f3c521db63ec9db17894f10a88c6a3cf95b2281d7f80eeb3cf3ef1cb091576e7?s=96&d=mm&r=g","contentUrl":"https:\/\/secure.gravatar.com\/avatar\/f3c521db63ec9db17894f10a88c6a3cf95b2281d7f80eeb3cf3ef1cb091576e7?s=96&d=mm&r=g","caption":"Isabel"},"url":"https:\/\/www.institutodeengenharia.org.br\/site\/author\/comunicacao2\/"}]}},"_links":{"self":[{"href":"https:\/\/www.institutodeengenharia.org.br\/site\/wp-json\/wp\/v2\/posts\/125440","targetHints":{"allow":["GET"]}}],"collection":[{"href":"https:\/\/www.institutodeengenharia.org.br\/site\/wp-json\/wp\/v2\/posts"}],"about":[{"href":"https:\/\/www.institutodeengenharia.org.br\/site\/wp-json\/wp\/v2\/types\/post"}],"author":[{"embeddable":true,"href":"https:\/\/www.institutodeengenharia.org.br\/site\/wp-json\/wp\/v2\/users\/14"}],"replies":[{"embeddable":true,"href":"https:\/\/www.institutodeengenharia.org.br\/site\/wp-json\/wp\/v2\/comments?post=125440"}],"version-history":[{"count":2,"href":"https:\/\/www.institutodeengenharia.org.br\/site\/wp-json\/wp\/v2\/posts\/125440\/revisions"}],"predecessor-version":[{"id":125444,"href":"https:\/\/www.institutodeengenharia.org.br\/site\/wp-json\/wp\/v2\/posts\/125440\/revisions\/125444"}],"wp:featuredmedia":[{"embeddable":true,"href":"https:\/\/www.institutodeengenharia.org.br\/site\/wp-json\/wp\/v2\/media\/125442"}],"wp:attachment":[{"href":"https:\/\/www.institutodeengenharia.org.br\/site\/wp-json\/wp\/v2\/media?parent=125440"}],"wp:term":[{"taxonomy":"category","embeddable":true,"href":"https:\/\/www.institutodeengenharia.org.br\/site\/wp-json\/wp\/v2\/categories?post=125440"},{"taxonomy":"post_tag","embeddable":true,"href":"https:\/\/www.institutodeengenharia.org.br\/site\/wp-json\/wp\/v2\/tags?post=125440"}],"curies":[{"name":"wp","href":"https:\/\/api.w.org\/{rel}","templated":true}]}}