{"id":125388,"date":"2024-11-27T16:03:21","date_gmt":"2024-11-27T19:03:21","guid":{"rendered":"https:\/\/www.institutodeengenharia.org.br\/site\/?p=125388"},"modified":"2024-11-27T16:04:54","modified_gmt":"2024-11-27T19:04:54","slug":"ie-participa-de-debate-na-acsp-e-comemora-o-centenario-da-verticalizacao-de-sao-paulo","status":"publish","type":"post","link":"https:\/\/www.institutodeengenharia.org.br\/site\/2024\/11\/27\/ie-participa-de-debate-na-acsp-e-comemora-o-centenario-da-verticalizacao-de-sao-paulo\/","title":{"rendered":"IE participa de debate na ACSP e comemora o centen\u00e1rio da verticaliza\u00e7\u00e3o de S\u00e3o Paulo"},"content":{"rendered":"<p>O Comit\u00ea de Civismo e Cidadania (COCCID), da Associa\u00e7\u00e3o Comercial de S\u00e3o Paulo (ACSP), realizou na tarde de ontem (26) sua \u00faltima reuni\u00e3o do ano debatendo e comemorando os\u00a0<em>\u201c100 anos da verticaliza\u00e7\u00e3o da cidade de S\u00e3o Paulo\u201d.<\/em> O encontro, em parceria com o Conselho de Pol\u00edtica Urbana (CPU), teve como convidado especial o palestrante Geraldo Nunes, um dos pioneiros dos sobrevoos pela cidade como rep\u00f3rter a\u00e9reo, al\u00e9m Jos\u00e9 Eduardo Jardim, presidente do Instituto de Engenharia, e Alfredo Savelli, ex-presidente e diretor de patrim\u00f4nio do Instituto de Engenharia.<\/p>\n<p>Iniciando os debates, Samir Nakhle Khoury, vice-presidente da ACSP e coordenador do COCCID agradeceu a presen\u00e7a de todos e deu as boas-vindas aos palestrantes, ressaltando a satisfa\u00e7\u00e3o e import\u00e2ncia da tem\u00e1tica para a compreens\u00e3o do crescimento vertical da capital paulista, seus desdobramentos e desafios. \u201cAonde vamos parar? Precisamos debater a quest\u00e3o da permeabilidade do solo [para suportar toda essa expans\u00e3o]\u201d, pontuou.<\/p>\n<p>Na sequ\u00eancia, Jo\u00e3o Tom\u00e1s do Amaral, presidente do Instituto Hist\u00f3rico e Geogr\u00e1fico de S\u00e3o Paulo (IHGSP) iniciou o encontro contextualizando o perfil da cidade antes de 1924, ano em que a metr\u00f3pole deixa de crescer horizontalmente com a constru\u00e7\u00e3o de casas e edif\u00edcios baixos e d\u00e1 prefer\u00eancia para os grandes pr\u00e9dios.<\/p>\n<p>Geraldo Nunes, o segundo a falar, jornalista com mais de 20 anos de experi\u00eancia em observar a cidade do alto, expos, por etapas, os per\u00edodos mais marcantes de S\u00e3o Paulo no que se refere \u00e0 verticaliza\u00e7\u00e3o, de 1924 a 2024. O profissional esmiu\u00e7ou os per\u00edodos marcantes de 1930-1961, com a Vila Normanda, que desapareceu do centro para ceder lugar a edif\u00edcios como o Copan; de 1952-1966, destacando o lan\u00e7amento do Copan e Conjunto Nacional, na avenida Paulista; e foi abordando outras edifica\u00e7\u00f5es ic\u00f4nicas, tais como: Edif\u00edcio Viadutos (1950-196); Mirante do Vale (1959-1966); Edif\u00edcio\u00a0<em>Circolo<\/em>\u00a0Italiano (1956-1965); at\u00e9 chegar ao debate do Plano de Diretor, de 1972.<\/p>\n<p>\u201cA cidade \u00e9 muito confusa para quem vem de fora, mas atraente a todos os que aqui chegam\u201d, esclareceu Nunes, finalizando sua apresenta\u00e7\u00e3o sinalizando o futuro dos arranha-c\u00e9us com o lan\u00e7amento das torres, como o Edif\u00edcio Alto das Na\u00e7\u00f5es, em Santo Amaro, em 2025, que ter\u00e1 219 metros de altura, 320 mil metros quadrados de \u00e1rea privativa, centro comercial com hipermercado e muitos outros estabelecimentos, al\u00e9m de garagem subterr\u00e2nea com capacidade para mais de 700 vagas no estacionamento. \u201cUma obra que \u00e9 motivo de orgulho para todos n\u00f3s e ser\u00e1 o edif\u00edcio corporativo mais alto do Brasil\u201d, declarou.<\/p>\n<p>N\u00e3o h\u00e1 como falar de verticaliza\u00e7\u00e3o da cidade sem mencionar o Metr\u00f4, que, neste ano, completa cinco d\u00e9cadas de exist\u00eancia, e, segundo Alfredo Savelli, foi \u201cindutor\u201d desse processo. Savelli, que participou ativamente da constru\u00e7\u00e3o das primeiras linhas da Companhia do Metropolitano de S\u00e3o Paulo, abordou, rapidamente, em sua apresenta\u00e7\u00e3o, a hist\u00f3ria da companhia, de 1974 a 2024, passando por curiosidades sobre as esta\u00e7\u00f5es da Linha1-Azul (Norte-Sul), a primeira a ser inaugurada, depois a Linha3 (Leste-Oeste), monotrilhos, integra\u00e7\u00e3o com a CPTM, e indicando o lan\u00e7amento de outras linhas de monotrilho, como a que ligar\u00e1 Freguesia do \u00d3 \u00e0 esta\u00e7\u00e3o S\u00e3o Joaquim.<\/p>\n<p>\u201cO Metr\u00f4 \u00e9 a nossa satisfa\u00e7\u00e3o e orgulho, e por onde passa, nascem centros comerciais, e amplia a vida p\u00fablica nas periferias com as esta\u00e7\u00f5es que inaugura\u201d, informou.<\/p>\n<p>Encerrando o evento, Ant\u00f4nio Carlos Pela, coordenador do CPU, e Beatriz Messeder Sanches Jalbut, coordenadora t\u00e9cnica daquele conselho, falaram sobre a revitaliza\u00e7\u00e3o e requalifica\u00e7\u00e3o do Centro Hist\u00f3rico de S\u00e3o Paulo e acerca do \u201cNovo Centro Administrativo\u201d, sempre os interligando \u00e0 tem\u00e1tica em quest\u00e3o da verticaliza\u00e7\u00e3o, que resvala nas tratativas das diversas edi\u00e7\u00f5es do Plano Diretor apresentadas pelo poder p\u00fablico.<\/p>\n<p>Beatriz citou as interven\u00e7\u00f5es urban\u00edsticas que j\u00e1 foram previstas para o Centro, desde a gest\u00e3o do prefeito Olavo Setubal at\u00e9 a do atual chefe do executivo municipal, Ricardo Nunes. Ela mencionou a mudan\u00e7a da sede da prefeitura do Ibirapuera para o Pal\u00e1cio das Ind\u00fastrias, com Luiza Erundina; abordou a cria\u00e7\u00e3o do \u201cConcurso para o Centro Novo de S\u00e3o Paulo\u201d, com Paulo Maluf-Celso Pitta; o \u201cReconstruir Centro\u201d, de Marta Suplicy; a \u201cLei Cidade Limpa\u201d, de Gilberto Kassab; at\u00e9 chegar \u00e0 \u201cLei do Retrofit\u201d, com Nunes, e o retorno da sede do governo estadual para Campos El\u00edseos.<\/p>\n<p><em><a href=\"https:\/\/acsp.com.br\/publicacao\/s\/coccid-debate-e-comemora-o-centenario-da-verticalizacao-de-sao-paulo\">Fonte &#8211; ACSP<\/a><\/em><\/p>\n","protected":false},"excerpt":{"rendered":"<p>O Comit\u00ea de Civismo e Cidadania (COCCID), da Associa\u00e7\u00e3o Comercial de S\u00e3o Paulo (ACSP), realizou na tarde de ontem (26) sua \u00faltima reuni\u00e3o do ano debatendo e comemorando os\u00a0\u201c100 anos da verticaliza\u00e7\u00e3o da cidade de S\u00e3o Paulo\u201d. O encontro, em parceria com o Conselho de Pol\u00edtica Urbana (CPU), teve como convidado especial o palestrante Geraldo [&hellip;]<\/p>\n","protected":false},"author":14,"featured_media":125389,"comment_status":"open","ping_status":"open","sticky":false,"template":"","format":"standard","meta":{"footnotes":""},"categories":[27,6],"tags":[],"class_list":{"0":"post-125388","1":"post","2":"type-post","3":"status-publish","4":"format-standard","5":"has-post-thumbnail","7":"category-instituto-de-engenharia","8":"category-noticias"},"yoast_head":"<!-- This site is optimized with the Yoast SEO plugin v27.2 - https:\/\/yoast.com\/product\/yoast-seo-wordpress\/ -->\n<title>IE participa de debate na ACSP e comemora o centen\u00e1rio da verticaliza\u00e7\u00e3o de S\u00e3o Paulo - Instituto de Engenharia<\/title>\n<meta name=\"robots\" content=\"index, follow, max-snippet:-1, max-image-preview:large, max-video-preview:-1\" \/>\n<link rel=\"canonical\" href=\"https:\/\/www.institutodeengenharia.org.br\/site\/2024\/11\/27\/ie-participa-de-debate-na-acsp-e-comemora-o-centenario-da-verticalizacao-de-sao-paulo\/\" \/>\n<meta property=\"og:locale\" content=\"pt_BR\" \/>\n<meta property=\"og:type\" content=\"article\" \/>\n<meta property=\"og:title\" content=\"IE participa de debate na ACSP e comemora o centen\u00e1rio da verticaliza\u00e7\u00e3o de S\u00e3o Paulo - Instituto de Engenharia\" \/>\n<meta property=\"og:description\" content=\"O Comit\u00ea de Civismo e Cidadania (COCCID), da Associa\u00e7\u00e3o Comercial de S\u00e3o Paulo (ACSP), realizou na tarde de ontem (26) sua \u00faltima reuni\u00e3o do ano debatendo e comemorando os\u00a0\u201c100 anos da verticaliza\u00e7\u00e3o da cidade de S\u00e3o Paulo\u201d. O encontro, em parceria com o Conselho de Pol\u00edtica Urbana (CPU), teve como convidado especial o palestrante Geraldo [&hellip;]\" \/>\n<meta property=\"og:url\" content=\"https:\/\/www.institutodeengenharia.org.br\/site\/2024\/11\/27\/ie-participa-de-debate-na-acsp-e-comemora-o-centenario-da-verticalizacao-de-sao-paulo\/\" \/>\n<meta property=\"og:site_name\" content=\"Instituto de Engenharia\" \/>\n<meta property=\"article:publisher\" content=\"https:\/\/www.facebook.com\/institutodeengenharia\" \/>\n<meta property=\"article:published_time\" content=\"2024-11-27T19:03:21+00:00\" \/>\n<meta property=\"article:modified_time\" content=\"2024-11-27T19:04:54+00:00\" \/>\n<meta property=\"og:image\" content=\"https:\/\/www.institutodeengenharia.org.br\/site\/wp-content\/uploads\/2024\/11\/WhatsApp-Image-2024-11-26-at-15.23.33.jpeg\" \/>\n\t<meta property=\"og:image:width\" content=\"1599\" \/>\n\t<meta property=\"og:image:height\" content=\"1200\" \/>\n\t<meta property=\"og:image:type\" content=\"image\/jpeg\" \/>\n<meta name=\"author\" content=\"Isabel\" \/>\n<meta name=\"twitter:card\" content=\"summary_large_image\" \/>\n<meta name=\"twitter:creator\" content=\"@iengenharia\" \/>\n<meta name=\"twitter:site\" content=\"@iengenharia\" \/>\n<meta name=\"twitter:label1\" content=\"Escrito por\" \/>\n\t<meta name=\"twitter:data1\" content=\"Isabel\" \/>\n\t<meta name=\"twitter:label2\" content=\"Est. tempo de leitura\" \/>\n\t<meta name=\"twitter:data2\" content=\"5 minutos\" \/>\n<script type=\"application\/ld+json\" class=\"yoast-schema-graph\">{\"@context\":\"https:\/\/schema.org\",\"@graph\":[{\"@type\":\"Article\",\"@id\":\"https:\/\/www.institutodeengenharia.org.br\/site\/2024\/11\/27\/ie-participa-de-debate-na-acsp-e-comemora-o-centenario-da-verticalizacao-de-sao-paulo\/#article\",\"isPartOf\":{\"@id\":\"https:\/\/www.institutodeengenharia.org.br\/site\/2024\/11\/27\/ie-participa-de-debate-na-acsp-e-comemora-o-centenario-da-verticalizacao-de-sao-paulo\/\"},\"author\":{\"name\":\"Isabel\",\"@id\":\"https:\/\/www.institutodeengenharia.org.br\/site\/#\/schema\/person\/593dc356630173a4877a635d3e5fd76b\"},\"headline\":\"IE participa de debate na ACSP e comemora o centen\u00e1rio da verticaliza\u00e7\u00e3o de S\u00e3o Paulo\",\"datePublished\":\"2024-11-27T19:03:21+00:00\",\"dateModified\":\"2024-11-27T19:04:54+00:00\",\"mainEntityOfPage\":{\"@id\":\"https:\/\/www.institutodeengenharia.org.br\/site\/2024\/11\/27\/ie-participa-de-debate-na-acsp-e-comemora-o-centenario-da-verticalizacao-de-sao-paulo\/\"},\"wordCount\":772,\"commentCount\":0,\"publisher\":{\"@id\":\"https:\/\/www.institutodeengenharia.org.br\/site\/#organization\"},\"image\":{\"@id\":\"https:\/\/www.institutodeengenharia.org.br\/site\/2024\/11\/27\/ie-participa-de-debate-na-acsp-e-comemora-o-centenario-da-verticalizacao-de-sao-paulo\/#primaryimage\"},\"thumbnailUrl\":\"https:\/\/www.institutodeengenharia.org.br\/site\/wp-content\/uploads\/2024\/11\/WhatsApp-Image-2024-11-26-at-15.23.33.jpeg\",\"articleSection\":[\"Instituto de Engenharia\",\"Not\u00edcias\"],\"inLanguage\":\"pt-BR\",\"potentialAction\":[{\"@type\":\"CommentAction\",\"name\":\"Comment\",\"target\":[\"https:\/\/www.institutodeengenharia.org.br\/site\/2024\/11\/27\/ie-participa-de-debate-na-acsp-e-comemora-o-centenario-da-verticalizacao-de-sao-paulo\/#respond\"]}]},{\"@type\":\"WebPage\",\"@id\":\"https:\/\/www.institutodeengenharia.org.br\/site\/2024\/11\/27\/ie-participa-de-debate-na-acsp-e-comemora-o-centenario-da-verticalizacao-de-sao-paulo\/\",\"url\":\"https:\/\/www.institutodeengenharia.org.br\/site\/2024\/11\/27\/ie-participa-de-debate-na-acsp-e-comemora-o-centenario-da-verticalizacao-de-sao-paulo\/\",\"name\":\"IE participa de debate na ACSP e comemora o centen\u00e1rio da verticaliza\u00e7\u00e3o de S\u00e3o Paulo - Instituto de Engenharia\",\"isPartOf\":{\"@id\":\"https:\/\/www.institutodeengenharia.org.br\/site\/#website\"},\"primaryImageOfPage\":{\"@id\":\"https:\/\/www.institutodeengenharia.org.br\/site\/2024\/11\/27\/ie-participa-de-debate-na-acsp-e-comemora-o-centenario-da-verticalizacao-de-sao-paulo\/#primaryimage\"},\"image\":{\"@id\":\"https:\/\/www.institutodeengenharia.org.br\/site\/2024\/11\/27\/ie-participa-de-debate-na-acsp-e-comemora-o-centenario-da-verticalizacao-de-sao-paulo\/#primaryimage\"},\"thumbnailUrl\":\"https:\/\/www.institutodeengenharia.org.br\/site\/wp-content\/uploads\/2024\/11\/WhatsApp-Image-2024-11-26-at-15.23.33.jpeg\",\"datePublished\":\"2024-11-27T19:03:21+00:00\",\"dateModified\":\"2024-11-27T19:04:54+00:00\",\"breadcrumb\":{\"@id\":\"https:\/\/www.institutodeengenharia.org.br\/site\/2024\/11\/27\/ie-participa-de-debate-na-acsp-e-comemora-o-centenario-da-verticalizacao-de-sao-paulo\/#breadcrumb\"},\"inLanguage\":\"pt-BR\",\"potentialAction\":[{\"@type\":\"ReadAction\",\"target\":[\"https:\/\/www.institutodeengenharia.org.br\/site\/2024\/11\/27\/ie-participa-de-debate-na-acsp-e-comemora-o-centenario-da-verticalizacao-de-sao-paulo\/\"]}]},{\"@type\":\"ImageObject\",\"inLanguage\":\"pt-BR\",\"@id\":\"https:\/\/www.institutodeengenharia.org.br\/site\/2024\/11\/27\/ie-participa-de-debate-na-acsp-e-comemora-o-centenario-da-verticalizacao-de-sao-paulo\/#primaryimage\",\"url\":\"https:\/\/www.institutodeengenharia.org.br\/site\/wp-content\/uploads\/2024\/11\/WhatsApp-Image-2024-11-26-at-15.23.33.jpeg\",\"contentUrl\":\"https:\/\/www.institutodeengenharia.org.br\/site\/wp-content\/uploads\/2024\/11\/WhatsApp-Image-2024-11-26-at-15.23.33.jpeg\",\"width\":1599,\"height\":1200},{\"@type\":\"BreadcrumbList\",\"@id\":\"https:\/\/www.institutodeengenharia.org.br\/site\/2024\/11\/27\/ie-participa-de-debate-na-acsp-e-comemora-o-centenario-da-verticalizacao-de-sao-paulo\/#breadcrumb\",\"itemListElement\":[{\"@type\":\"ListItem\",\"position\":1,\"name\":\"In\u00edcio\",\"item\":\"https:\/\/www.institutodeengenharia.org.br\/site\/\"},{\"@type\":\"ListItem\",\"position\":2,\"name\":\"IE participa de debate na ACSP e comemora o centen\u00e1rio da verticaliza\u00e7\u00e3o de S\u00e3o Paulo\"}]},{\"@type\":\"WebSite\",\"@id\":\"https:\/\/www.institutodeengenharia.org.br\/site\/#website\",\"url\":\"https:\/\/www.institutodeengenharia.org.br\/site\/\",\"name\":\"Instituto de Engenharia\",\"description\":\"O Instituto de Engenharia promove a Engenharia em benef\u00edcio do desenvolvimento e da qualidade de vida da sociedade.\",\"publisher\":{\"@id\":\"https:\/\/www.institutodeengenharia.org.br\/site\/#organization\"},\"potentialAction\":[{\"@type\":\"SearchAction\",\"target\":{\"@type\":\"EntryPoint\",\"urlTemplate\":\"https:\/\/www.institutodeengenharia.org.br\/site\/?s={search_term_string}\"},\"query-input\":{\"@type\":\"PropertyValueSpecification\",\"valueRequired\":true,\"valueName\":\"search_term_string\"}}],\"inLanguage\":\"pt-BR\"},{\"@type\":\"Organization\",\"@id\":\"https:\/\/www.institutodeengenharia.org.br\/site\/#organization\",\"name\":\"Instituto de Engenharia\",\"url\":\"https:\/\/www.institutodeengenharia.org.br\/site\/\",\"logo\":{\"@type\":\"ImageObject\",\"inLanguage\":\"pt-BR\",\"@id\":\"https:\/\/www.institutodeengenharia.org.br\/site\/#\/schema\/logo\/image\/\",\"url\":\"https:\/\/www.institutodeengenharia.org.br\/site\/wp-content\/uploads\/2019\/03\/logo-novo-IE2018-1.jpg\",\"contentUrl\":\"https:\/\/www.institutodeengenharia.org.br\/site\/wp-content\/uploads\/2019\/03\/logo-novo-IE2018-1.jpg\",\"width\":1486,\"height\":1879,\"caption\":\"Instituto de Engenharia\"},\"image\":{\"@id\":\"https:\/\/www.institutodeengenharia.org.br\/site\/#\/schema\/logo\/image\/\"},\"sameAs\":[\"https:\/\/www.facebook.com\/institutodeengenharia\",\"https:\/\/x.com\/iengenharia\",\"https:\/\/www.instagram.com\/institutodeengenharia\/\",\"https:\/\/www.linkedin.com\/company\/instituto-de-engenharia\/\",\"https:\/\/www.youtube.com\/channel\/UCXiCAlsSMe977vamW915HxA\"]},{\"@type\":\"Person\",\"@id\":\"https:\/\/www.institutodeengenharia.org.br\/site\/#\/schema\/person\/593dc356630173a4877a635d3e5fd76b\",\"name\":\"Isabel\",\"image\":{\"@type\":\"ImageObject\",\"inLanguage\":\"pt-BR\",\"@id\":\"https:\/\/secure.gravatar.com\/avatar\/f3c521db63ec9db17894f10a88c6a3cf95b2281d7f80eeb3cf3ef1cb091576e7?s=96&d=mm&r=g\",\"url\":\"https:\/\/secure.gravatar.com\/avatar\/f3c521db63ec9db17894f10a88c6a3cf95b2281d7f80eeb3cf3ef1cb091576e7?s=96&d=mm&r=g\",\"contentUrl\":\"https:\/\/secure.gravatar.com\/avatar\/f3c521db63ec9db17894f10a88c6a3cf95b2281d7f80eeb3cf3ef1cb091576e7?s=96&d=mm&r=g\",\"caption\":\"Isabel\"},\"url\":\"https:\/\/www.institutodeengenharia.org.br\/site\/author\/comunicacao2\/\"}]}<\/script>\n<!-- \/ Yoast SEO plugin. -->","yoast_head_json":{"title":"IE participa de debate na ACSP e comemora o centen\u00e1rio da verticaliza\u00e7\u00e3o de S\u00e3o Paulo - Instituto de Engenharia","robots":{"index":"index","follow":"follow","max-snippet":"max-snippet:-1","max-image-preview":"max-image-preview:large","max-video-preview":"max-video-preview:-1"},"canonical":"https:\/\/www.institutodeengenharia.org.br\/site\/2024\/11\/27\/ie-participa-de-debate-na-acsp-e-comemora-o-centenario-da-verticalizacao-de-sao-paulo\/","og_locale":"pt_BR","og_type":"article","og_title":"IE participa de debate na ACSP e comemora o centen\u00e1rio da verticaliza\u00e7\u00e3o de S\u00e3o Paulo - Instituto de Engenharia","og_description":"O Comit\u00ea de Civismo e Cidadania (COCCID), da Associa\u00e7\u00e3o Comercial de S\u00e3o Paulo (ACSP), realizou na tarde de ontem (26) sua \u00faltima reuni\u00e3o do ano debatendo e comemorando os\u00a0\u201c100 anos da verticaliza\u00e7\u00e3o da cidade de S\u00e3o Paulo\u201d. O encontro, em parceria com o Conselho de Pol\u00edtica Urbana (CPU), teve como convidado especial o palestrante Geraldo [&hellip;]","og_url":"https:\/\/www.institutodeengenharia.org.br\/site\/2024\/11\/27\/ie-participa-de-debate-na-acsp-e-comemora-o-centenario-da-verticalizacao-de-sao-paulo\/","og_site_name":"Instituto de Engenharia","article_publisher":"https:\/\/www.facebook.com\/institutodeengenharia","article_published_time":"2024-11-27T19:03:21+00:00","article_modified_time":"2024-11-27T19:04:54+00:00","og_image":[{"width":1599,"height":1200,"url":"https:\/\/www.institutodeengenharia.org.br\/site\/wp-content\/uploads\/2024\/11\/WhatsApp-Image-2024-11-26-at-15.23.33.jpeg","type":"image\/jpeg"}],"author":"Isabel","twitter_card":"summary_large_image","twitter_creator":"@iengenharia","twitter_site":"@iengenharia","twitter_misc":{"Escrito por":"Isabel","Est. tempo de leitura":"5 minutos"},"schema":{"@context":"https:\/\/schema.org","@graph":[{"@type":"Article","@id":"https:\/\/www.institutodeengenharia.org.br\/site\/2024\/11\/27\/ie-participa-de-debate-na-acsp-e-comemora-o-centenario-da-verticalizacao-de-sao-paulo\/#article","isPartOf":{"@id":"https:\/\/www.institutodeengenharia.org.br\/site\/2024\/11\/27\/ie-participa-de-debate-na-acsp-e-comemora-o-centenario-da-verticalizacao-de-sao-paulo\/"},"author":{"name":"Isabel","@id":"https:\/\/www.institutodeengenharia.org.br\/site\/#\/schema\/person\/593dc356630173a4877a635d3e5fd76b"},"headline":"IE participa de debate na ACSP e comemora o centen\u00e1rio da verticaliza\u00e7\u00e3o de S\u00e3o Paulo","datePublished":"2024-11-27T19:03:21+00:00","dateModified":"2024-11-27T19:04:54+00:00","mainEntityOfPage":{"@id":"https:\/\/www.institutodeengenharia.org.br\/site\/2024\/11\/27\/ie-participa-de-debate-na-acsp-e-comemora-o-centenario-da-verticalizacao-de-sao-paulo\/"},"wordCount":772,"commentCount":0,"publisher":{"@id":"https:\/\/www.institutodeengenharia.org.br\/site\/#organization"},"image":{"@id":"https:\/\/www.institutodeengenharia.org.br\/site\/2024\/11\/27\/ie-participa-de-debate-na-acsp-e-comemora-o-centenario-da-verticalizacao-de-sao-paulo\/#primaryimage"},"thumbnailUrl":"https:\/\/www.institutodeengenharia.org.br\/site\/wp-content\/uploads\/2024\/11\/WhatsApp-Image-2024-11-26-at-15.23.33.jpeg","articleSection":["Instituto de Engenharia","Not\u00edcias"],"inLanguage":"pt-BR","potentialAction":[{"@type":"CommentAction","name":"Comment","target":["https:\/\/www.institutodeengenharia.org.br\/site\/2024\/11\/27\/ie-participa-de-debate-na-acsp-e-comemora-o-centenario-da-verticalizacao-de-sao-paulo\/#respond"]}]},{"@type":"WebPage","@id":"https:\/\/www.institutodeengenharia.org.br\/site\/2024\/11\/27\/ie-participa-de-debate-na-acsp-e-comemora-o-centenario-da-verticalizacao-de-sao-paulo\/","url":"https:\/\/www.institutodeengenharia.org.br\/site\/2024\/11\/27\/ie-participa-de-debate-na-acsp-e-comemora-o-centenario-da-verticalizacao-de-sao-paulo\/","name":"IE participa de debate na ACSP e comemora o centen\u00e1rio da verticaliza\u00e7\u00e3o de S\u00e3o Paulo - Instituto de Engenharia","isPartOf":{"@id":"https:\/\/www.institutodeengenharia.org.br\/site\/#website"},"primaryImageOfPage":{"@id":"https:\/\/www.institutodeengenharia.org.br\/site\/2024\/11\/27\/ie-participa-de-debate-na-acsp-e-comemora-o-centenario-da-verticalizacao-de-sao-paulo\/#primaryimage"},"image":{"@id":"https:\/\/www.institutodeengenharia.org.br\/site\/2024\/11\/27\/ie-participa-de-debate-na-acsp-e-comemora-o-centenario-da-verticalizacao-de-sao-paulo\/#primaryimage"},"thumbnailUrl":"https:\/\/www.institutodeengenharia.org.br\/site\/wp-content\/uploads\/2024\/11\/WhatsApp-Image-2024-11-26-at-15.23.33.jpeg","datePublished":"2024-11-27T19:03:21+00:00","dateModified":"2024-11-27T19:04:54+00:00","breadcrumb":{"@id":"https:\/\/www.institutodeengenharia.org.br\/site\/2024\/11\/27\/ie-participa-de-debate-na-acsp-e-comemora-o-centenario-da-verticalizacao-de-sao-paulo\/#breadcrumb"},"inLanguage":"pt-BR","potentialAction":[{"@type":"ReadAction","target":["https:\/\/www.institutodeengenharia.org.br\/site\/2024\/11\/27\/ie-participa-de-debate-na-acsp-e-comemora-o-centenario-da-verticalizacao-de-sao-paulo\/"]}]},{"@type":"ImageObject","inLanguage":"pt-BR","@id":"https:\/\/www.institutodeengenharia.org.br\/site\/2024\/11\/27\/ie-participa-de-debate-na-acsp-e-comemora-o-centenario-da-verticalizacao-de-sao-paulo\/#primaryimage","url":"https:\/\/www.institutodeengenharia.org.br\/site\/wp-content\/uploads\/2024\/11\/WhatsApp-Image-2024-11-26-at-15.23.33.jpeg","contentUrl":"https:\/\/www.institutodeengenharia.org.br\/site\/wp-content\/uploads\/2024\/11\/WhatsApp-Image-2024-11-26-at-15.23.33.jpeg","width":1599,"height":1200},{"@type":"BreadcrumbList","@id":"https:\/\/www.institutodeengenharia.org.br\/site\/2024\/11\/27\/ie-participa-de-debate-na-acsp-e-comemora-o-centenario-da-verticalizacao-de-sao-paulo\/#breadcrumb","itemListElement":[{"@type":"ListItem","position":1,"name":"In\u00edcio","item":"https:\/\/www.institutodeengenharia.org.br\/site\/"},{"@type":"ListItem","position":2,"name":"IE participa de debate na ACSP e comemora o centen\u00e1rio da verticaliza\u00e7\u00e3o de S\u00e3o Paulo"}]},{"@type":"WebSite","@id":"https:\/\/www.institutodeengenharia.org.br\/site\/#website","url":"https:\/\/www.institutodeengenharia.org.br\/site\/","name":"Instituto de Engenharia","description":"O Instituto de Engenharia promove a Engenharia em benef\u00edcio do desenvolvimento e da qualidade de vida da sociedade.","publisher":{"@id":"https:\/\/www.institutodeengenharia.org.br\/site\/#organization"},"potentialAction":[{"@type":"SearchAction","target":{"@type":"EntryPoint","urlTemplate":"https:\/\/www.institutodeengenharia.org.br\/site\/?s={search_term_string}"},"query-input":{"@type":"PropertyValueSpecification","valueRequired":true,"valueName":"search_term_string"}}],"inLanguage":"pt-BR"},{"@type":"Organization","@id":"https:\/\/www.institutodeengenharia.org.br\/site\/#organization","name":"Instituto de Engenharia","url":"https:\/\/www.institutodeengenharia.org.br\/site\/","logo":{"@type":"ImageObject","inLanguage":"pt-BR","@id":"https:\/\/www.institutodeengenharia.org.br\/site\/#\/schema\/logo\/image\/","url":"https:\/\/www.institutodeengenharia.org.br\/site\/wp-content\/uploads\/2019\/03\/logo-novo-IE2018-1.jpg","contentUrl":"https:\/\/www.institutodeengenharia.org.br\/site\/wp-content\/uploads\/2019\/03\/logo-novo-IE2018-1.jpg","width":1486,"height":1879,"caption":"Instituto de Engenharia"},"image":{"@id":"https:\/\/www.institutodeengenharia.org.br\/site\/#\/schema\/logo\/image\/"},"sameAs":["https:\/\/www.facebook.com\/institutodeengenharia","https:\/\/x.com\/iengenharia","https:\/\/www.instagram.com\/institutodeengenharia\/","https:\/\/www.linkedin.com\/company\/instituto-de-engenharia\/","https:\/\/www.youtube.com\/channel\/UCXiCAlsSMe977vamW915HxA"]},{"@type":"Person","@id":"https:\/\/www.institutodeengenharia.org.br\/site\/#\/schema\/person\/593dc356630173a4877a635d3e5fd76b","name":"Isabel","image":{"@type":"ImageObject","inLanguage":"pt-BR","@id":"https:\/\/secure.gravatar.com\/avatar\/f3c521db63ec9db17894f10a88c6a3cf95b2281d7f80eeb3cf3ef1cb091576e7?s=96&d=mm&r=g","url":"https:\/\/secure.gravatar.com\/avatar\/f3c521db63ec9db17894f10a88c6a3cf95b2281d7f80eeb3cf3ef1cb091576e7?s=96&d=mm&r=g","contentUrl":"https:\/\/secure.gravatar.com\/avatar\/f3c521db63ec9db17894f10a88c6a3cf95b2281d7f80eeb3cf3ef1cb091576e7?s=96&d=mm&r=g","caption":"Isabel"},"url":"https:\/\/www.institutodeengenharia.org.br\/site\/author\/comunicacao2\/"}]}},"_links":{"self":[{"href":"https:\/\/www.institutodeengenharia.org.br\/site\/wp-json\/wp\/v2\/posts\/125388","targetHints":{"allow":["GET"]}}],"collection":[{"href":"https:\/\/www.institutodeengenharia.org.br\/site\/wp-json\/wp\/v2\/posts"}],"about":[{"href":"https:\/\/www.institutodeengenharia.org.br\/site\/wp-json\/wp\/v2\/types\/post"}],"author":[{"embeddable":true,"href":"https:\/\/www.institutodeengenharia.org.br\/site\/wp-json\/wp\/v2\/users\/14"}],"replies":[{"embeddable":true,"href":"https:\/\/www.institutodeengenharia.org.br\/site\/wp-json\/wp\/v2\/comments?post=125388"}],"version-history":[{"count":1,"href":"https:\/\/www.institutodeengenharia.org.br\/site\/wp-json\/wp\/v2\/posts\/125388\/revisions"}],"predecessor-version":[{"id":125390,"href":"https:\/\/www.institutodeengenharia.org.br\/site\/wp-json\/wp\/v2\/posts\/125388\/revisions\/125390"}],"wp:featuredmedia":[{"embeddable":true,"href":"https:\/\/www.institutodeengenharia.org.br\/site\/wp-json\/wp\/v2\/media\/125389"}],"wp:attachment":[{"href":"https:\/\/www.institutodeengenharia.org.br\/site\/wp-json\/wp\/v2\/media?parent=125388"}],"wp:term":[{"taxonomy":"category","embeddable":true,"href":"https:\/\/www.institutodeengenharia.org.br\/site\/wp-json\/wp\/v2\/categories?post=125388"},{"taxonomy":"post_tag","embeddable":true,"href":"https:\/\/www.institutodeengenharia.org.br\/site\/wp-json\/wp\/v2\/tags?post=125388"}],"curies":[{"name":"wp","href":"https:\/\/api.w.org\/{rel}","templated":true}]}}