{"id":125375,"date":"2024-11-27T12:40:32","date_gmt":"2024-11-27T15:40:32","guid":{"rendered":"https:\/\/www.institutodeengenharia.org.br\/site\/?p=125375"},"modified":"2024-11-27T12:41:35","modified_gmt":"2024-11-27T15:41:35","slug":"presidente-do-ie-articula-com-banco-de-fomento-desenvolve","status":"publish","type":"post","link":"https:\/\/www.institutodeengenharia.org.br\/site\/2024\/11\/27\/presidente-do-ie-articula-com-banco-de-fomento-desenvolve\/","title":{"rendered":"Presidente do IE articula com Banco de Fomento Desenvolve"},"content":{"rendered":"<p>Jos\u00e9 Eduardo Jardim, presidente do IE, e o VP de Rela\u00e7\u00f5es Externas, Laurence Koo, estiveram nesta manh\u00e3 (27\/11), na sede do Banco de Fomento Desenvolve, para uma reuni\u00e3o com Gustavo Jos\u00e9 de Melo, diretor de Neg\u00f3cios e Fomento, e Ma\u00edra Moraes, assessora da Diretoria.<\/p>\n<p>O encontro foi para a articula\u00e7\u00e3o de iniciativas para atingir objetivos comuns de desenvolvimento.<\/p>\n<p>Estavam tamb\u00e9m presentes o ex-presidente do IE e conselheiro, Alfredo Savelli, o associado IE, Alfredo Petrilli Junior, e Maciel Alves do Santos, assistente Jur\u00eddico IE.<\/p>\n","protected":false},"excerpt":{"rendered":"<p>Jos\u00e9 Eduardo Jardim, presidente do IE, e o VP de Rela\u00e7\u00f5es Externas, Laurence Koo, estiveram nesta manh\u00e3 (27\/11), na sede do Banco de Fomento Desenvolve, para uma reuni\u00e3o com Gustavo Jos\u00e9 de Melo, diretor de Neg\u00f3cios e Fomento, e Ma\u00edra Moraes, assessora da Diretoria. O encontro foi para a articula\u00e7\u00e3o de iniciativas para atingir objetivos [&hellip;]<\/p>\n","protected":false},"author":14,"featured_media":125376,"comment_status":"open","ping_status":"open","sticky":false,"template":"","format":"standard","meta":{"footnotes":""},"categories":[27,6],"tags":[],"class_list":{"0":"post-125375","1":"post","2":"type-post","3":"status-publish","4":"format-standard","5":"has-post-thumbnail","7":"category-instituto-de-engenharia","8":"category-noticias"},"yoast_head":"<!-- This site is optimized with the Yoast SEO plugin v27.2 - https:\/\/yoast.com\/product\/yoast-seo-wordpress\/ -->\n<title>Presidente do IE articula com Banco de Fomento Desenvolve - Instituto de Engenharia<\/title>\n<meta name=\"robots\" content=\"index, follow, max-snippet:-1, max-image-preview:large, max-video-preview:-1\" \/>\n<link rel=\"canonical\" href=\"https:\/\/www.institutodeengenharia.org.br\/site\/2024\/11\/27\/presidente-do-ie-articula-com-banco-de-fomento-desenvolve\/\" \/>\n<meta property=\"og:locale\" content=\"pt_BR\" \/>\n<meta property=\"og:type\" content=\"article\" \/>\n<meta property=\"og:title\" content=\"Presidente do IE articula com Banco de Fomento Desenvolve - Instituto de Engenharia\" \/>\n<meta property=\"og:description\" content=\"Jos\u00e9 Eduardo Jardim, presidente do IE, e o VP de Rela\u00e7\u00f5es Externas, Laurence Koo, estiveram nesta manh\u00e3 (27\/11), na sede do Banco de Fomento Desenvolve, para uma reuni\u00e3o com Gustavo Jos\u00e9 de Melo, diretor de Neg\u00f3cios e Fomento, e Ma\u00edra Moraes, assessora da Diretoria. O encontro foi para a articula\u00e7\u00e3o de iniciativas para atingir objetivos [&hellip;]\" \/>\n<meta property=\"og:url\" content=\"https:\/\/www.institutodeengenharia.org.br\/site\/2024\/11\/27\/presidente-do-ie-articula-com-banco-de-fomento-desenvolve\/\" \/>\n<meta property=\"og:site_name\" content=\"Instituto de Engenharia\" \/>\n<meta property=\"article:publisher\" content=\"https:\/\/www.facebook.com\/institutodeengenharia\" \/>\n<meta property=\"article:published_time\" content=\"2024-11-27T15:40:32+00:00\" \/>\n<meta property=\"article:modified_time\" content=\"2024-11-27T15:41:35+00:00\" \/>\n<meta property=\"og:image\" content=\"https:\/\/www.institutodeengenharia.org.br\/site\/wp-content\/uploads\/2024\/11\/banco-desenvolvimento.jpeg\" \/>\n\t<meta property=\"og:image:width\" content=\"1311\" \/>\n\t<meta property=\"og:image:height\" content=\"763\" \/>\n\t<meta property=\"og:image:type\" content=\"image\/jpeg\" \/>\n<meta name=\"author\" content=\"Isabel\" \/>\n<meta name=\"twitter:card\" content=\"summary_large_image\" \/>\n<meta name=\"twitter:creator\" content=\"@iengenharia\" \/>\n<meta name=\"twitter:site\" content=\"@iengenharia\" \/>\n<meta name=\"twitter:label1\" content=\"Escrito por\" \/>\n\t<meta name=\"twitter:data1\" content=\"Isabel\" \/>\n\t<meta name=\"twitter:label2\" content=\"Est. tempo de leitura\" \/>\n\t<meta name=\"twitter:data2\" content=\"1 minuto\" \/>\n<script type=\"application\/ld+json\" class=\"yoast-schema-graph\">{\"@context\":\"https:\/\/schema.org\",\"@graph\":[{\"@type\":\"Article\",\"@id\":\"https:\/\/www.institutodeengenharia.org.br\/site\/2024\/11\/27\/presidente-do-ie-articula-com-banco-de-fomento-desenvolve\/#article\",\"isPartOf\":{\"@id\":\"https:\/\/www.institutodeengenharia.org.br\/site\/2024\/11\/27\/presidente-do-ie-articula-com-banco-de-fomento-desenvolve\/\"},\"author\":{\"name\":\"Isabel\",\"@id\":\"https:\/\/www.institutodeengenharia.org.br\/site\/#\/schema\/person\/593dc356630173a4877a635d3e5fd76b\"},\"headline\":\"Presidente do IE articula com Banco de Fomento Desenvolve\",\"datePublished\":\"2024-11-27T15:40:32+00:00\",\"dateModified\":\"2024-11-27T15:41:35+00:00\",\"mainEntityOfPage\":{\"@id\":\"https:\/\/www.institutodeengenharia.org.br\/site\/2024\/11\/27\/presidente-do-ie-articula-com-banco-de-fomento-desenvolve\/\"},\"wordCount\":98,\"commentCount\":0,\"publisher\":{\"@id\":\"https:\/\/www.institutodeengenharia.org.br\/site\/#organization\"},\"image\":{\"@id\":\"https:\/\/www.institutodeengenharia.org.br\/site\/2024\/11\/27\/presidente-do-ie-articula-com-banco-de-fomento-desenvolve\/#primaryimage\"},\"thumbnailUrl\":\"https:\/\/www.institutodeengenharia.org.br\/site\/wp-content\/uploads\/2024\/11\/banco-desenvolvimento.jpeg\",\"articleSection\":[\"Instituto de Engenharia\",\"Not\u00edcias\"],\"inLanguage\":\"pt-BR\",\"potentialAction\":[{\"@type\":\"CommentAction\",\"name\":\"Comment\",\"target\":[\"https:\/\/www.institutodeengenharia.org.br\/site\/2024\/11\/27\/presidente-do-ie-articula-com-banco-de-fomento-desenvolve\/#respond\"]}]},{\"@type\":\"WebPage\",\"@id\":\"https:\/\/www.institutodeengenharia.org.br\/site\/2024\/11\/27\/presidente-do-ie-articula-com-banco-de-fomento-desenvolve\/\",\"url\":\"https:\/\/www.institutodeengenharia.org.br\/site\/2024\/11\/27\/presidente-do-ie-articula-com-banco-de-fomento-desenvolve\/\",\"name\":\"Presidente do IE articula com Banco de Fomento Desenvolve - Instituto de Engenharia\",\"isPartOf\":{\"@id\":\"https:\/\/www.institutodeengenharia.org.br\/site\/#website\"},\"primaryImageOfPage\":{\"@id\":\"https:\/\/www.institutodeengenharia.org.br\/site\/2024\/11\/27\/presidente-do-ie-articula-com-banco-de-fomento-desenvolve\/#primaryimage\"},\"image\":{\"@id\":\"https:\/\/www.institutodeengenharia.org.br\/site\/2024\/11\/27\/presidente-do-ie-articula-com-banco-de-fomento-desenvolve\/#primaryimage\"},\"thumbnailUrl\":\"https:\/\/www.institutodeengenharia.org.br\/site\/wp-content\/uploads\/2024\/11\/banco-desenvolvimento.jpeg\",\"datePublished\":\"2024-11-27T15:40:32+00:00\",\"dateModified\":\"2024-11-27T15:41:35+00:00\",\"breadcrumb\":{\"@id\":\"https:\/\/www.institutodeengenharia.org.br\/site\/2024\/11\/27\/presidente-do-ie-articula-com-banco-de-fomento-desenvolve\/#breadcrumb\"},\"inLanguage\":\"pt-BR\",\"potentialAction\":[{\"@type\":\"ReadAction\",\"target\":[\"https:\/\/www.institutodeengenharia.org.br\/site\/2024\/11\/27\/presidente-do-ie-articula-com-banco-de-fomento-desenvolve\/\"]}]},{\"@type\":\"ImageObject\",\"inLanguage\":\"pt-BR\",\"@id\":\"https:\/\/www.institutodeengenharia.org.br\/site\/2024\/11\/27\/presidente-do-ie-articula-com-banco-de-fomento-desenvolve\/#primaryimage\",\"url\":\"https:\/\/www.institutodeengenharia.org.br\/site\/wp-content\/uploads\/2024\/11\/banco-desenvolvimento.jpeg\",\"contentUrl\":\"https:\/\/www.institutodeengenharia.org.br\/site\/wp-content\/uploads\/2024\/11\/banco-desenvolvimento.jpeg\",\"width\":1311,\"height\":763,\"caption\":\"Da esq. p\/ dir.: Alfredo Savelli, Lawrence Koo, Ma\u00edra Moraes, Jos\u00e9 Eduardo Jardim, Gustavo Jos\u00e9 de Melo, Alfredo Petrilli Junior, e Maciel Alves do Santos.\"},{\"@type\":\"BreadcrumbList\",\"@id\":\"https:\/\/www.institutodeengenharia.org.br\/site\/2024\/11\/27\/presidente-do-ie-articula-com-banco-de-fomento-desenvolve\/#breadcrumb\",\"itemListElement\":[{\"@type\":\"ListItem\",\"position\":1,\"name\":\"In\u00edcio\",\"item\":\"https:\/\/www.institutodeengenharia.org.br\/site\/\"},{\"@type\":\"ListItem\",\"position\":2,\"name\":\"Presidente do IE articula com Banco de Fomento Desenvolve\"}]},{\"@type\":\"WebSite\",\"@id\":\"https:\/\/www.institutodeengenharia.org.br\/site\/#website\",\"url\":\"https:\/\/www.institutodeengenharia.org.br\/site\/\",\"name\":\"Instituto de Engenharia\",\"description\":\"O Instituto de Engenharia promove a Engenharia em benef\u00edcio do desenvolvimento e da qualidade de vida da sociedade.\",\"publisher\":{\"@id\":\"https:\/\/www.institutodeengenharia.org.br\/site\/#organization\"},\"potentialAction\":[{\"@type\":\"SearchAction\",\"target\":{\"@type\":\"EntryPoint\",\"urlTemplate\":\"https:\/\/www.institutodeengenharia.org.br\/site\/?s={search_term_string}\"},\"query-input\":{\"@type\":\"PropertyValueSpecification\",\"valueRequired\":true,\"valueName\":\"search_term_string\"}}],\"inLanguage\":\"pt-BR\"},{\"@type\":\"Organization\",\"@id\":\"https:\/\/www.institutodeengenharia.org.br\/site\/#organization\",\"name\":\"Instituto de Engenharia\",\"url\":\"https:\/\/www.institutodeengenharia.org.br\/site\/\",\"logo\":{\"@type\":\"ImageObject\",\"inLanguage\":\"pt-BR\",\"@id\":\"https:\/\/www.institutodeengenharia.org.br\/site\/#\/schema\/logo\/image\/\",\"url\":\"https:\/\/www.institutodeengenharia.org.br\/site\/wp-content\/uploads\/2019\/03\/logo-novo-IE2018-1.jpg\",\"contentUrl\":\"https:\/\/www.institutodeengenharia.org.br\/site\/wp-content\/uploads\/2019\/03\/logo-novo-IE2018-1.jpg\",\"width\":1486,\"height\":1879,\"caption\":\"Instituto de Engenharia\"},\"image\":{\"@id\":\"https:\/\/www.institutodeengenharia.org.br\/site\/#\/schema\/logo\/image\/\"},\"sameAs\":[\"https:\/\/www.facebook.com\/institutodeengenharia\",\"https:\/\/x.com\/iengenharia\",\"https:\/\/www.instagram.com\/institutodeengenharia\/\",\"https:\/\/www.linkedin.com\/company\/instituto-de-engenharia\/\",\"https:\/\/www.youtube.com\/channel\/UCXiCAlsSMe977vamW915HxA\"]},{\"@type\":\"Person\",\"@id\":\"https:\/\/www.institutodeengenharia.org.br\/site\/#\/schema\/person\/593dc356630173a4877a635d3e5fd76b\",\"name\":\"Isabel\",\"image\":{\"@type\":\"ImageObject\",\"inLanguage\":\"pt-BR\",\"@id\":\"https:\/\/secure.gravatar.com\/avatar\/f3c521db63ec9db17894f10a88c6a3cf95b2281d7f80eeb3cf3ef1cb091576e7?s=96&d=mm&r=g\",\"url\":\"https:\/\/secure.gravatar.com\/avatar\/f3c521db63ec9db17894f10a88c6a3cf95b2281d7f80eeb3cf3ef1cb091576e7?s=96&d=mm&r=g\",\"contentUrl\":\"https:\/\/secure.gravatar.com\/avatar\/f3c521db63ec9db17894f10a88c6a3cf95b2281d7f80eeb3cf3ef1cb091576e7?s=96&d=mm&r=g\",\"caption\":\"Isabel\"},\"url\":\"https:\/\/www.institutodeengenharia.org.br\/site\/author\/comunicacao2\/\"}]}<\/script>\n<!-- \/ Yoast SEO plugin. -->","yoast_head_json":{"title":"Presidente do IE articula com Banco de Fomento Desenvolve - Instituto de Engenharia","robots":{"index":"index","follow":"follow","max-snippet":"max-snippet:-1","max-image-preview":"max-image-preview:large","max-video-preview":"max-video-preview:-1"},"canonical":"https:\/\/www.institutodeengenharia.org.br\/site\/2024\/11\/27\/presidente-do-ie-articula-com-banco-de-fomento-desenvolve\/","og_locale":"pt_BR","og_type":"article","og_title":"Presidente do IE articula com Banco de Fomento Desenvolve - Instituto de Engenharia","og_description":"Jos\u00e9 Eduardo Jardim, presidente do IE, e o VP de Rela\u00e7\u00f5es Externas, Laurence Koo, estiveram nesta manh\u00e3 (27\/11), na sede do Banco de Fomento Desenvolve, para uma reuni\u00e3o com Gustavo Jos\u00e9 de Melo, diretor de Neg\u00f3cios e Fomento, e Ma\u00edra Moraes, assessora da Diretoria. O encontro foi para a articula\u00e7\u00e3o de iniciativas para atingir objetivos [&hellip;]","og_url":"https:\/\/www.institutodeengenharia.org.br\/site\/2024\/11\/27\/presidente-do-ie-articula-com-banco-de-fomento-desenvolve\/","og_site_name":"Instituto de Engenharia","article_publisher":"https:\/\/www.facebook.com\/institutodeengenharia","article_published_time":"2024-11-27T15:40:32+00:00","article_modified_time":"2024-11-27T15:41:35+00:00","og_image":[{"width":1311,"height":763,"url":"https:\/\/www.institutodeengenharia.org.br\/site\/wp-content\/uploads\/2024\/11\/banco-desenvolvimento.jpeg","type":"image\/jpeg"}],"author":"Isabel","twitter_card":"summary_large_image","twitter_creator":"@iengenharia","twitter_site":"@iengenharia","twitter_misc":{"Escrito por":"Isabel","Est. tempo de leitura":"1 minuto"},"schema":{"@context":"https:\/\/schema.org","@graph":[{"@type":"Article","@id":"https:\/\/www.institutodeengenharia.org.br\/site\/2024\/11\/27\/presidente-do-ie-articula-com-banco-de-fomento-desenvolve\/#article","isPartOf":{"@id":"https:\/\/www.institutodeengenharia.org.br\/site\/2024\/11\/27\/presidente-do-ie-articula-com-banco-de-fomento-desenvolve\/"},"author":{"name":"Isabel","@id":"https:\/\/www.institutodeengenharia.org.br\/site\/#\/schema\/person\/593dc356630173a4877a635d3e5fd76b"},"headline":"Presidente do IE articula com Banco de Fomento Desenvolve","datePublished":"2024-11-27T15:40:32+00:00","dateModified":"2024-11-27T15:41:35+00:00","mainEntityOfPage":{"@id":"https:\/\/www.institutodeengenharia.org.br\/site\/2024\/11\/27\/presidente-do-ie-articula-com-banco-de-fomento-desenvolve\/"},"wordCount":98,"commentCount":0,"publisher":{"@id":"https:\/\/www.institutodeengenharia.org.br\/site\/#organization"},"image":{"@id":"https:\/\/www.institutodeengenharia.org.br\/site\/2024\/11\/27\/presidente-do-ie-articula-com-banco-de-fomento-desenvolve\/#primaryimage"},"thumbnailUrl":"https:\/\/www.institutodeengenharia.org.br\/site\/wp-content\/uploads\/2024\/11\/banco-desenvolvimento.jpeg","articleSection":["Instituto de Engenharia","Not\u00edcias"],"inLanguage":"pt-BR","potentialAction":[{"@type":"CommentAction","name":"Comment","target":["https:\/\/www.institutodeengenharia.org.br\/site\/2024\/11\/27\/presidente-do-ie-articula-com-banco-de-fomento-desenvolve\/#respond"]}]},{"@type":"WebPage","@id":"https:\/\/www.institutodeengenharia.org.br\/site\/2024\/11\/27\/presidente-do-ie-articula-com-banco-de-fomento-desenvolve\/","url":"https:\/\/www.institutodeengenharia.org.br\/site\/2024\/11\/27\/presidente-do-ie-articula-com-banco-de-fomento-desenvolve\/","name":"Presidente do IE articula com Banco de Fomento Desenvolve - Instituto de Engenharia","isPartOf":{"@id":"https:\/\/www.institutodeengenharia.org.br\/site\/#website"},"primaryImageOfPage":{"@id":"https:\/\/www.institutodeengenharia.org.br\/site\/2024\/11\/27\/presidente-do-ie-articula-com-banco-de-fomento-desenvolve\/#primaryimage"},"image":{"@id":"https:\/\/www.institutodeengenharia.org.br\/site\/2024\/11\/27\/presidente-do-ie-articula-com-banco-de-fomento-desenvolve\/#primaryimage"},"thumbnailUrl":"https:\/\/www.institutodeengenharia.org.br\/site\/wp-content\/uploads\/2024\/11\/banco-desenvolvimento.jpeg","datePublished":"2024-11-27T15:40:32+00:00","dateModified":"2024-11-27T15:41:35+00:00","breadcrumb":{"@id":"https:\/\/www.institutodeengenharia.org.br\/site\/2024\/11\/27\/presidente-do-ie-articula-com-banco-de-fomento-desenvolve\/#breadcrumb"},"inLanguage":"pt-BR","potentialAction":[{"@type":"ReadAction","target":["https:\/\/www.institutodeengenharia.org.br\/site\/2024\/11\/27\/presidente-do-ie-articula-com-banco-de-fomento-desenvolve\/"]}]},{"@type":"ImageObject","inLanguage":"pt-BR","@id":"https:\/\/www.institutodeengenharia.org.br\/site\/2024\/11\/27\/presidente-do-ie-articula-com-banco-de-fomento-desenvolve\/#primaryimage","url":"https:\/\/www.institutodeengenharia.org.br\/site\/wp-content\/uploads\/2024\/11\/banco-desenvolvimento.jpeg","contentUrl":"https:\/\/www.institutodeengenharia.org.br\/site\/wp-content\/uploads\/2024\/11\/banco-desenvolvimento.jpeg","width":1311,"height":763,"caption":"Da esq. p\/ dir.: Alfredo Savelli, Lawrence Koo, Ma\u00edra Moraes, Jos\u00e9 Eduardo Jardim, Gustavo Jos\u00e9 de Melo, Alfredo Petrilli Junior, e Maciel Alves do Santos."},{"@type":"BreadcrumbList","@id":"https:\/\/www.institutodeengenharia.org.br\/site\/2024\/11\/27\/presidente-do-ie-articula-com-banco-de-fomento-desenvolve\/#breadcrumb","itemListElement":[{"@type":"ListItem","position":1,"name":"In\u00edcio","item":"https:\/\/www.institutodeengenharia.org.br\/site\/"},{"@type":"ListItem","position":2,"name":"Presidente do IE articula com Banco de Fomento Desenvolve"}]},{"@type":"WebSite","@id":"https:\/\/www.institutodeengenharia.org.br\/site\/#website","url":"https:\/\/www.institutodeengenharia.org.br\/site\/","name":"Instituto de Engenharia","description":"O Instituto de Engenharia promove a Engenharia em benef\u00edcio do desenvolvimento e da qualidade de vida da sociedade.","publisher":{"@id":"https:\/\/www.institutodeengenharia.org.br\/site\/#organization"},"potentialAction":[{"@type":"SearchAction","target":{"@type":"EntryPoint","urlTemplate":"https:\/\/www.institutodeengenharia.org.br\/site\/?s={search_term_string}"},"query-input":{"@type":"PropertyValueSpecification","valueRequired":true,"valueName":"search_term_string"}}],"inLanguage":"pt-BR"},{"@type":"Organization","@id":"https:\/\/www.institutodeengenharia.org.br\/site\/#organization","name":"Instituto de Engenharia","url":"https:\/\/www.institutodeengenharia.org.br\/site\/","logo":{"@type":"ImageObject","inLanguage":"pt-BR","@id":"https:\/\/www.institutodeengenharia.org.br\/site\/#\/schema\/logo\/image\/","url":"https:\/\/www.institutodeengenharia.org.br\/site\/wp-content\/uploads\/2019\/03\/logo-novo-IE2018-1.jpg","contentUrl":"https:\/\/www.institutodeengenharia.org.br\/site\/wp-content\/uploads\/2019\/03\/logo-novo-IE2018-1.jpg","width":1486,"height":1879,"caption":"Instituto de Engenharia"},"image":{"@id":"https:\/\/www.institutodeengenharia.org.br\/site\/#\/schema\/logo\/image\/"},"sameAs":["https:\/\/www.facebook.com\/institutodeengenharia","https:\/\/x.com\/iengenharia","https:\/\/www.instagram.com\/institutodeengenharia\/","https:\/\/www.linkedin.com\/company\/instituto-de-engenharia\/","https:\/\/www.youtube.com\/channel\/UCXiCAlsSMe977vamW915HxA"]},{"@type":"Person","@id":"https:\/\/www.institutodeengenharia.org.br\/site\/#\/schema\/person\/593dc356630173a4877a635d3e5fd76b","name":"Isabel","image":{"@type":"ImageObject","inLanguage":"pt-BR","@id":"https:\/\/secure.gravatar.com\/avatar\/f3c521db63ec9db17894f10a88c6a3cf95b2281d7f80eeb3cf3ef1cb091576e7?s=96&d=mm&r=g","url":"https:\/\/secure.gravatar.com\/avatar\/f3c521db63ec9db17894f10a88c6a3cf95b2281d7f80eeb3cf3ef1cb091576e7?s=96&d=mm&r=g","contentUrl":"https:\/\/secure.gravatar.com\/avatar\/f3c521db63ec9db17894f10a88c6a3cf95b2281d7f80eeb3cf3ef1cb091576e7?s=96&d=mm&r=g","caption":"Isabel"},"url":"https:\/\/www.institutodeengenharia.org.br\/site\/author\/comunicacao2\/"}]}},"_links":{"self":[{"href":"https:\/\/www.institutodeengenharia.org.br\/site\/wp-json\/wp\/v2\/posts\/125375","targetHints":{"allow":["GET"]}}],"collection":[{"href":"https:\/\/www.institutodeengenharia.org.br\/site\/wp-json\/wp\/v2\/posts"}],"about":[{"href":"https:\/\/www.institutodeengenharia.org.br\/site\/wp-json\/wp\/v2\/types\/post"}],"author":[{"embeddable":true,"href":"https:\/\/www.institutodeengenharia.org.br\/site\/wp-json\/wp\/v2\/users\/14"}],"replies":[{"embeddable":true,"href":"https:\/\/www.institutodeengenharia.org.br\/site\/wp-json\/wp\/v2\/comments?post=125375"}],"version-history":[{"count":1,"href":"https:\/\/www.institutodeengenharia.org.br\/site\/wp-json\/wp\/v2\/posts\/125375\/revisions"}],"predecessor-version":[{"id":125377,"href":"https:\/\/www.institutodeengenharia.org.br\/site\/wp-json\/wp\/v2\/posts\/125375\/revisions\/125377"}],"wp:featuredmedia":[{"embeddable":true,"href":"https:\/\/www.institutodeengenharia.org.br\/site\/wp-json\/wp\/v2\/media\/125376"}],"wp:attachment":[{"href":"https:\/\/www.institutodeengenharia.org.br\/site\/wp-json\/wp\/v2\/media?parent=125375"}],"wp:term":[{"taxonomy":"category","embeddable":true,"href":"https:\/\/www.institutodeengenharia.org.br\/site\/wp-json\/wp\/v2\/categories?post=125375"},{"taxonomy":"post_tag","embeddable":true,"href":"https:\/\/www.institutodeengenharia.org.br\/site\/wp-json\/wp\/v2\/tags?post=125375"}],"curies":[{"name":"wp","href":"https:\/\/api.w.org\/{rel}","templated":true}]}}