{"id":125369,"date":"2024-11-25T12:12:48","date_gmt":"2024-11-25T15:12:48","guid":{"rendered":"https:\/\/www.institutodeengenharia.org.br\/site\/?p=125369"},"modified":"2024-11-27T15:19:34","modified_gmt":"2024-11-27T18:19:34","slug":"projeto-matematica-no-metro-chega-a-estacao-ana-rosa-do-metro-sp","status":"publish","type":"post","link":"https:\/\/www.institutodeengenharia.org.br\/site\/2024\/11\/25\/projeto-matematica-no-metro-chega-a-estacao-ana-rosa-do-metro-sp\/","title":{"rendered":"Projeto &#8220;Matem\u00e1tica no Metr\u00f4&#8221; chega \u00e0 esta\u00e7\u00e3o Ana Rosa do Metr\u00f4-SP"},"content":{"rendered":"<p>O projeto \u201cResolva aqui suas d\u00favidas de Matem\u00e1tica\u201d chegou \u00e0 esta\u00e7\u00e3o Ana Rosa, do Metr\u00f4 de S\u00e3o Paulo. Uma iniciativa do Instituto de Engenharia em parceria com o Instituto Mau\u00e1 de Tecnologia e Metr\u00f4-SP.<\/p>\n<p>As atividades come\u00e7aram h\u00e1 um ano na esta\u00e7\u00e3o Sacom\u00e3, na linha 2 Verde. E a procura foi t\u00e3o grande, que se estendeu para a linha 1-Azul.<\/p>\n<p>Segundo o idealizador do projeto, o conselheiro do Instituto de Engenharia, Jos\u00e9 Eduardo Cavalcanti, \u201ca matem\u00e1tica \u00e9 o principal pilar da Engenharia e est\u00e1 presente em suas diversas especialidades, fazendo parte do cotidiano do profissional. Quando mal absorvida, provoca nos jovens estudantes do ensino m\u00e9dio frusta\u00e7\u00f5es e horror \u00e0 mat\u00e9ria a ponto de desestimula-los a seguir carreiras t\u00e9cnicas, notadamente a Engenharia.\u201d<\/p>\n<p>Ele ainda destaca que, ao longo destes 12 meses do projeto, foi constatada que as d\u00favidas se relacionaram \u00e0 matem\u00e1tica elementar, diferentemente daquilo que era esperado inicialmente, em que as dificuldades seriam sobre conceitos matem\u00e1ticos t\u00edpicos do ensino m\u00e9dio, como limites, equa\u00e7\u00f5es, derivadas, trigonometria e outros que exigem racioc\u00ednio l\u00f3gico.<\/p>\n<p><img loading=\"lazy\" decoding=\"async\" class=\"wp-image-125380 alignleft\" src=\"https:\/\/www.institutodeengenharia.org.br\/site\/wp-content\/uploads\/2024\/11\/WhatsApp-Image-2024-11-27-at-12.17.01.jpeg\" alt=\"\" width=\"434\" height=\"326\" srcset=\"https:\/\/www.institutodeengenharia.org.br\/site\/wp-content\/uploads\/2024\/11\/WhatsApp-Image-2024-11-27-at-12.17.01.jpeg 1600w, https:\/\/www.institutodeengenharia.org.br\/site\/wp-content\/uploads\/2024\/11\/WhatsApp-Image-2024-11-27-at-12.17.01-300x225.jpeg 300w, https:\/\/www.institutodeengenharia.org.br\/site\/wp-content\/uploads\/2024\/11\/WhatsApp-Image-2024-11-27-at-12.17.01-1024x768.jpeg 1024w, https:\/\/www.institutodeengenharia.org.br\/site\/wp-content\/uploads\/2024\/11\/WhatsApp-Image-2024-11-27-at-12.17.01-768x576.jpeg 768w, https:\/\/www.institutodeengenharia.org.br\/site\/wp-content\/uploads\/2024\/11\/WhatsApp-Image-2024-11-27-at-12.17.01-1536x1152.jpeg 1536w, https:\/\/www.institutodeengenharia.org.br\/site\/wp-content\/uploads\/2024\/11\/WhatsApp-Image-2024-11-27-at-12.17.01-560x420.jpeg 560w, https:\/\/www.institutodeengenharia.org.br\/site\/wp-content\/uploads\/2024\/11\/WhatsApp-Image-2024-11-27-at-12.17.01-80x60.jpeg 80w, https:\/\/www.institutodeengenharia.org.br\/site\/wp-content\/uploads\/2024\/11\/WhatsApp-Image-2024-11-27-at-12.17.01-696x522.jpeg 696w, https:\/\/www.institutodeengenharia.org.br\/site\/wp-content\/uploads\/2024\/11\/WhatsApp-Image-2024-11-27-at-12.17.01-1068x801.jpeg 1068w, https:\/\/www.institutodeengenharia.org.br\/site\/wp-content\/uploads\/2024\/11\/WhatsApp-Image-2024-11-27-at-12.17.01-265x198.jpeg 265w, https:\/\/www.institutodeengenharia.org.br\/site\/wp-content\/uploads\/2024\/11\/WhatsApp-Image-2024-11-27-at-12.17.01-600x450.jpeg 600w\" sizes=\"auto, (max-width: 434px) 100vw, 434px\" \/><\/p>\n<p>No primeiro dia na esta\u00e7\u00e3o Ana Rosa, o presidente do Instituto de Engenharia, Jos\u00e9 Eduardo Jardim, e o vice-presidente de Atividades T\u00e9cnicas, Ivan Whately, foram prestigiar.<\/p>\n<p><strong>O Matem\u00e1tica no Metr\u00f4 acontece todas \u00e0s segundas-feiras, das 16h30 \u00e0s 19h30, nas estac\u00f5es Sacom\u00e3, na Linha 2 Verde, e Ana Rosa, Linha 1 Azul, com a instru\u00e7\u00e3o de alunos do Instituto Mau\u00e1 de Tecnologia.<\/strong><\/p>\n","protected":false},"excerpt":{"rendered":"<p>O projeto \u201cResolva aqui suas d\u00favidas de Matem\u00e1tica\u201d chegou \u00e0 esta\u00e7\u00e3o Ana Rosa, do Metr\u00f4 de S\u00e3o Paulo. Uma iniciativa do Instituto de Engenharia em parceria com o Instituto Mau\u00e1 de Tecnologia e Metr\u00f4-SP. As atividades come\u00e7aram h\u00e1 um ano na esta\u00e7\u00e3o Sacom\u00e3, na linha 2 Verde. E a procura foi t\u00e3o grande, que se [&hellip;]<\/p>\n","protected":false},"author":14,"featured_media":125370,"comment_status":"open","ping_status":"open","sticky":false,"template":"","format":"standard","meta":{"footnotes":""},"categories":[23,27,6],"tags":[],"class_list":{"0":"post-125369","1":"post","2":"type-post","3":"status-publish","4":"format-standard","5":"has-post-thumbnail","7":"category-educacao","8":"category-instituto-de-engenharia","9":"category-noticias"},"yoast_head":"<!-- This site is optimized with the Yoast SEO plugin v27.2 - https:\/\/yoast.com\/product\/yoast-seo-wordpress\/ -->\n<title>Projeto &quot;Matem\u00e1tica no Metr\u00f4&quot; chega \u00e0 esta\u00e7\u00e3o Ana Rosa do Metr\u00f4-SP - Instituto de Engenharia<\/title>\n<meta name=\"robots\" content=\"index, follow, max-snippet:-1, max-image-preview:large, max-video-preview:-1\" \/>\n<link rel=\"canonical\" href=\"https:\/\/www.institutodeengenharia.org.br\/site\/2024\/11\/25\/projeto-matematica-no-metro-chega-a-estacao-ana-rosa-do-metro-sp\/\" \/>\n<meta property=\"og:locale\" content=\"pt_BR\" \/>\n<meta property=\"og:type\" content=\"article\" \/>\n<meta property=\"og:title\" content=\"Projeto &quot;Matem\u00e1tica no Metr\u00f4&quot; chega \u00e0 esta\u00e7\u00e3o Ana Rosa do Metr\u00f4-SP - Instituto de Engenharia\" \/>\n<meta property=\"og:description\" content=\"O projeto \u201cResolva aqui suas d\u00favidas de Matem\u00e1tica\u201d chegou \u00e0 esta\u00e7\u00e3o Ana Rosa, do Metr\u00f4 de S\u00e3o Paulo. Uma iniciativa do Instituto de Engenharia em parceria com o Instituto Mau\u00e1 de Tecnologia e Metr\u00f4-SP. As atividades come\u00e7aram h\u00e1 um ano na esta\u00e7\u00e3o Sacom\u00e3, na linha 2 Verde. E a procura foi t\u00e3o grande, que se [&hellip;]\" \/>\n<meta property=\"og:url\" content=\"https:\/\/www.institutodeengenharia.org.br\/site\/2024\/11\/25\/projeto-matematica-no-metro-chega-a-estacao-ana-rosa-do-metro-sp\/\" \/>\n<meta property=\"og:site_name\" content=\"Instituto de Engenharia\" \/>\n<meta property=\"article:publisher\" content=\"https:\/\/www.facebook.com\/institutodeengenharia\" \/>\n<meta property=\"article:published_time\" content=\"2024-11-25T15:12:48+00:00\" \/>\n<meta property=\"article:modified_time\" content=\"2024-11-27T18:19:34+00:00\" \/>\n<meta property=\"og:image\" content=\"https:\/\/www.institutodeengenharia.org.br\/site\/wp-content\/uploads\/2024\/11\/WhatsApp-Image-2024-11-27-at-12.16.36.jpeg\" \/>\n\t<meta property=\"og:image:width\" content=\"1600\" \/>\n\t<meta property=\"og:image:height\" content=\"1200\" \/>\n\t<meta property=\"og:image:type\" content=\"image\/jpeg\" \/>\n<meta name=\"author\" content=\"Isabel\" \/>\n<meta name=\"twitter:card\" content=\"summary_large_image\" \/>\n<meta name=\"twitter:creator\" content=\"@iengenharia\" \/>\n<meta name=\"twitter:site\" content=\"@iengenharia\" \/>\n<meta name=\"twitter:label1\" content=\"Escrito por\" \/>\n\t<meta name=\"twitter:data1\" content=\"Isabel\" \/>\n\t<meta name=\"twitter:label2\" content=\"Est. tempo de leitura\" \/>\n\t<meta name=\"twitter:data2\" content=\"2 minutos\" \/>\n<script type=\"application\/ld+json\" class=\"yoast-schema-graph\">{\"@context\":\"https:\/\/schema.org\",\"@graph\":[{\"@type\":\"Article\",\"@id\":\"https:\/\/www.institutodeengenharia.org.br\/site\/2024\/11\/25\/projeto-matematica-no-metro-chega-a-estacao-ana-rosa-do-metro-sp\/#article\",\"isPartOf\":{\"@id\":\"https:\/\/www.institutodeengenharia.org.br\/site\/2024\/11\/25\/projeto-matematica-no-metro-chega-a-estacao-ana-rosa-do-metro-sp\/\"},\"author\":{\"name\":\"Isabel\",\"@id\":\"https:\/\/www.institutodeengenharia.org.br\/site\/#\/schema\/person\/593dc356630173a4877a635d3e5fd76b\"},\"headline\":\"Projeto &#8220;Matem\u00e1tica no Metr\u00f4&#8221; chega \u00e0 esta\u00e7\u00e3o Ana Rosa do Metr\u00f4-SP\",\"datePublished\":\"2024-11-25T15:12:48+00:00\",\"dateModified\":\"2024-11-27T18:19:34+00:00\",\"mainEntityOfPage\":{\"@id\":\"https:\/\/www.institutodeengenharia.org.br\/site\/2024\/11\/25\/projeto-matematica-no-metro-chega-a-estacao-ana-rosa-do-metro-sp\/\"},\"wordCount\":263,\"commentCount\":0,\"publisher\":{\"@id\":\"https:\/\/www.institutodeengenharia.org.br\/site\/#organization\"},\"image\":{\"@id\":\"https:\/\/www.institutodeengenharia.org.br\/site\/2024\/11\/25\/projeto-matematica-no-metro-chega-a-estacao-ana-rosa-do-metro-sp\/#primaryimage\"},\"thumbnailUrl\":\"https:\/\/www.institutodeengenharia.org.br\/site\/wp-content\/uploads\/2024\/11\/WhatsApp-Image-2024-11-27-at-12.16.36.jpeg\",\"articleSection\":[\"Educa\u00e7\u00e3o\",\"Instituto de Engenharia\",\"Not\u00edcias\"],\"inLanguage\":\"pt-BR\",\"potentialAction\":[{\"@type\":\"CommentAction\",\"name\":\"Comment\",\"target\":[\"https:\/\/www.institutodeengenharia.org.br\/site\/2024\/11\/25\/projeto-matematica-no-metro-chega-a-estacao-ana-rosa-do-metro-sp\/#respond\"]}]},{\"@type\":\"WebPage\",\"@id\":\"https:\/\/www.institutodeengenharia.org.br\/site\/2024\/11\/25\/projeto-matematica-no-metro-chega-a-estacao-ana-rosa-do-metro-sp\/\",\"url\":\"https:\/\/www.institutodeengenharia.org.br\/site\/2024\/11\/25\/projeto-matematica-no-metro-chega-a-estacao-ana-rosa-do-metro-sp\/\",\"name\":\"Projeto \\\"Matem\u00e1tica no Metr\u00f4\\\" chega \u00e0 esta\u00e7\u00e3o Ana Rosa do Metr\u00f4-SP - Instituto de Engenharia\",\"isPartOf\":{\"@id\":\"https:\/\/www.institutodeengenharia.org.br\/site\/#website\"},\"primaryImageOfPage\":{\"@id\":\"https:\/\/www.institutodeengenharia.org.br\/site\/2024\/11\/25\/projeto-matematica-no-metro-chega-a-estacao-ana-rosa-do-metro-sp\/#primaryimage\"},\"image\":{\"@id\":\"https:\/\/www.institutodeengenharia.org.br\/site\/2024\/11\/25\/projeto-matematica-no-metro-chega-a-estacao-ana-rosa-do-metro-sp\/#primaryimage\"},\"thumbnailUrl\":\"https:\/\/www.institutodeengenharia.org.br\/site\/wp-content\/uploads\/2024\/11\/WhatsApp-Image-2024-11-27-at-12.16.36.jpeg\",\"datePublished\":\"2024-11-25T15:12:48+00:00\",\"dateModified\":\"2024-11-27T18:19:34+00:00\",\"breadcrumb\":{\"@id\":\"https:\/\/www.institutodeengenharia.org.br\/site\/2024\/11\/25\/projeto-matematica-no-metro-chega-a-estacao-ana-rosa-do-metro-sp\/#breadcrumb\"},\"inLanguage\":\"pt-BR\",\"potentialAction\":[{\"@type\":\"ReadAction\",\"target\":[\"https:\/\/www.institutodeengenharia.org.br\/site\/2024\/11\/25\/projeto-matematica-no-metro-chega-a-estacao-ana-rosa-do-metro-sp\/\"]}]},{\"@type\":\"ImageObject\",\"inLanguage\":\"pt-BR\",\"@id\":\"https:\/\/www.institutodeengenharia.org.br\/site\/2024\/11\/25\/projeto-matematica-no-metro-chega-a-estacao-ana-rosa-do-metro-sp\/#primaryimage\",\"url\":\"https:\/\/www.institutodeengenharia.org.br\/site\/wp-content\/uploads\/2024\/11\/WhatsApp-Image-2024-11-27-at-12.16.36.jpeg\",\"contentUrl\":\"https:\/\/www.institutodeengenharia.org.br\/site\/wp-content\/uploads\/2024\/11\/WhatsApp-Image-2024-11-27-at-12.16.36.jpeg\",\"width\":1600,\"height\":1200,\"caption\":\"Da esq. p\/ dir.: Ivan Whately, Welton Duarte Fernandes Supervisor Metrovi\u00e1rio, Jos\u00e9 Eduardo Jardim, Jos\u00e9 Eduardo Cavalcanti.\"},{\"@type\":\"BreadcrumbList\",\"@id\":\"https:\/\/www.institutodeengenharia.org.br\/site\/2024\/11\/25\/projeto-matematica-no-metro-chega-a-estacao-ana-rosa-do-metro-sp\/#breadcrumb\",\"itemListElement\":[{\"@type\":\"ListItem\",\"position\":1,\"name\":\"In\u00edcio\",\"item\":\"https:\/\/www.institutodeengenharia.org.br\/site\/\"},{\"@type\":\"ListItem\",\"position\":2,\"name\":\"Projeto &#8220;Matem\u00e1tica no Metr\u00f4&#8221; chega \u00e0 esta\u00e7\u00e3o Ana Rosa do Metr\u00f4-SP\"}]},{\"@type\":\"WebSite\",\"@id\":\"https:\/\/www.institutodeengenharia.org.br\/site\/#website\",\"url\":\"https:\/\/www.institutodeengenharia.org.br\/site\/\",\"name\":\"Instituto de Engenharia\",\"description\":\"O Instituto de Engenharia promove a Engenharia em benef\u00edcio do desenvolvimento e da qualidade de vida da sociedade.\",\"publisher\":{\"@id\":\"https:\/\/www.institutodeengenharia.org.br\/site\/#organization\"},\"potentialAction\":[{\"@type\":\"SearchAction\",\"target\":{\"@type\":\"EntryPoint\",\"urlTemplate\":\"https:\/\/www.institutodeengenharia.org.br\/site\/?s={search_term_string}\"},\"query-input\":{\"@type\":\"PropertyValueSpecification\",\"valueRequired\":true,\"valueName\":\"search_term_string\"}}],\"inLanguage\":\"pt-BR\"},{\"@type\":\"Organization\",\"@id\":\"https:\/\/www.institutodeengenharia.org.br\/site\/#organization\",\"name\":\"Instituto de Engenharia\",\"url\":\"https:\/\/www.institutodeengenharia.org.br\/site\/\",\"logo\":{\"@type\":\"ImageObject\",\"inLanguage\":\"pt-BR\",\"@id\":\"https:\/\/www.institutodeengenharia.org.br\/site\/#\/schema\/logo\/image\/\",\"url\":\"https:\/\/www.institutodeengenharia.org.br\/site\/wp-content\/uploads\/2019\/03\/logo-novo-IE2018-1.jpg\",\"contentUrl\":\"https:\/\/www.institutodeengenharia.org.br\/site\/wp-content\/uploads\/2019\/03\/logo-novo-IE2018-1.jpg\",\"width\":1486,\"height\":1879,\"caption\":\"Instituto de Engenharia\"},\"image\":{\"@id\":\"https:\/\/www.institutodeengenharia.org.br\/site\/#\/schema\/logo\/image\/\"},\"sameAs\":[\"https:\/\/www.facebook.com\/institutodeengenharia\",\"https:\/\/x.com\/iengenharia\",\"https:\/\/www.instagram.com\/institutodeengenharia\/\",\"https:\/\/www.linkedin.com\/company\/instituto-de-engenharia\/\",\"https:\/\/www.youtube.com\/channel\/UCXiCAlsSMe977vamW915HxA\"]},{\"@type\":\"Person\",\"@id\":\"https:\/\/www.institutodeengenharia.org.br\/site\/#\/schema\/person\/593dc356630173a4877a635d3e5fd76b\",\"name\":\"Isabel\",\"image\":{\"@type\":\"ImageObject\",\"inLanguage\":\"pt-BR\",\"@id\":\"https:\/\/secure.gravatar.com\/avatar\/f3c521db63ec9db17894f10a88c6a3cf95b2281d7f80eeb3cf3ef1cb091576e7?s=96&d=mm&r=g\",\"url\":\"https:\/\/secure.gravatar.com\/avatar\/f3c521db63ec9db17894f10a88c6a3cf95b2281d7f80eeb3cf3ef1cb091576e7?s=96&d=mm&r=g\",\"contentUrl\":\"https:\/\/secure.gravatar.com\/avatar\/f3c521db63ec9db17894f10a88c6a3cf95b2281d7f80eeb3cf3ef1cb091576e7?s=96&d=mm&r=g\",\"caption\":\"Isabel\"},\"url\":\"https:\/\/www.institutodeengenharia.org.br\/site\/author\/comunicacao2\/\"}]}<\/script>\n<!-- \/ Yoast SEO plugin. -->","yoast_head_json":{"title":"Projeto \"Matem\u00e1tica no Metr\u00f4\" chega \u00e0 esta\u00e7\u00e3o Ana Rosa do Metr\u00f4-SP - Instituto de Engenharia","robots":{"index":"index","follow":"follow","max-snippet":"max-snippet:-1","max-image-preview":"max-image-preview:large","max-video-preview":"max-video-preview:-1"},"canonical":"https:\/\/www.institutodeengenharia.org.br\/site\/2024\/11\/25\/projeto-matematica-no-metro-chega-a-estacao-ana-rosa-do-metro-sp\/","og_locale":"pt_BR","og_type":"article","og_title":"Projeto \"Matem\u00e1tica no Metr\u00f4\" chega \u00e0 esta\u00e7\u00e3o Ana Rosa do Metr\u00f4-SP - Instituto de Engenharia","og_description":"O projeto \u201cResolva aqui suas d\u00favidas de Matem\u00e1tica\u201d chegou \u00e0 esta\u00e7\u00e3o Ana Rosa, do Metr\u00f4 de S\u00e3o Paulo. Uma iniciativa do Instituto de Engenharia em parceria com o Instituto Mau\u00e1 de Tecnologia e Metr\u00f4-SP. As atividades come\u00e7aram h\u00e1 um ano na esta\u00e7\u00e3o Sacom\u00e3, na linha 2 Verde. E a procura foi t\u00e3o grande, que se [&hellip;]","og_url":"https:\/\/www.institutodeengenharia.org.br\/site\/2024\/11\/25\/projeto-matematica-no-metro-chega-a-estacao-ana-rosa-do-metro-sp\/","og_site_name":"Instituto de Engenharia","article_publisher":"https:\/\/www.facebook.com\/institutodeengenharia","article_published_time":"2024-11-25T15:12:48+00:00","article_modified_time":"2024-11-27T18:19:34+00:00","og_image":[{"width":1600,"height":1200,"url":"https:\/\/www.institutodeengenharia.org.br\/site\/wp-content\/uploads\/2024\/11\/WhatsApp-Image-2024-11-27-at-12.16.36.jpeg","type":"image\/jpeg"}],"author":"Isabel","twitter_card":"summary_large_image","twitter_creator":"@iengenharia","twitter_site":"@iengenharia","twitter_misc":{"Escrito por":"Isabel","Est. tempo de leitura":"2 minutos"},"schema":{"@context":"https:\/\/schema.org","@graph":[{"@type":"Article","@id":"https:\/\/www.institutodeengenharia.org.br\/site\/2024\/11\/25\/projeto-matematica-no-metro-chega-a-estacao-ana-rosa-do-metro-sp\/#article","isPartOf":{"@id":"https:\/\/www.institutodeengenharia.org.br\/site\/2024\/11\/25\/projeto-matematica-no-metro-chega-a-estacao-ana-rosa-do-metro-sp\/"},"author":{"name":"Isabel","@id":"https:\/\/www.institutodeengenharia.org.br\/site\/#\/schema\/person\/593dc356630173a4877a635d3e5fd76b"},"headline":"Projeto &#8220;Matem\u00e1tica no Metr\u00f4&#8221; chega \u00e0 esta\u00e7\u00e3o Ana Rosa do Metr\u00f4-SP","datePublished":"2024-11-25T15:12:48+00:00","dateModified":"2024-11-27T18:19:34+00:00","mainEntityOfPage":{"@id":"https:\/\/www.institutodeengenharia.org.br\/site\/2024\/11\/25\/projeto-matematica-no-metro-chega-a-estacao-ana-rosa-do-metro-sp\/"},"wordCount":263,"commentCount":0,"publisher":{"@id":"https:\/\/www.institutodeengenharia.org.br\/site\/#organization"},"image":{"@id":"https:\/\/www.institutodeengenharia.org.br\/site\/2024\/11\/25\/projeto-matematica-no-metro-chega-a-estacao-ana-rosa-do-metro-sp\/#primaryimage"},"thumbnailUrl":"https:\/\/www.institutodeengenharia.org.br\/site\/wp-content\/uploads\/2024\/11\/WhatsApp-Image-2024-11-27-at-12.16.36.jpeg","articleSection":["Educa\u00e7\u00e3o","Instituto de Engenharia","Not\u00edcias"],"inLanguage":"pt-BR","potentialAction":[{"@type":"CommentAction","name":"Comment","target":["https:\/\/www.institutodeengenharia.org.br\/site\/2024\/11\/25\/projeto-matematica-no-metro-chega-a-estacao-ana-rosa-do-metro-sp\/#respond"]}]},{"@type":"WebPage","@id":"https:\/\/www.institutodeengenharia.org.br\/site\/2024\/11\/25\/projeto-matematica-no-metro-chega-a-estacao-ana-rosa-do-metro-sp\/","url":"https:\/\/www.institutodeengenharia.org.br\/site\/2024\/11\/25\/projeto-matematica-no-metro-chega-a-estacao-ana-rosa-do-metro-sp\/","name":"Projeto \"Matem\u00e1tica no Metr\u00f4\" chega \u00e0 esta\u00e7\u00e3o Ana Rosa do Metr\u00f4-SP - Instituto de Engenharia","isPartOf":{"@id":"https:\/\/www.institutodeengenharia.org.br\/site\/#website"},"primaryImageOfPage":{"@id":"https:\/\/www.institutodeengenharia.org.br\/site\/2024\/11\/25\/projeto-matematica-no-metro-chega-a-estacao-ana-rosa-do-metro-sp\/#primaryimage"},"image":{"@id":"https:\/\/www.institutodeengenharia.org.br\/site\/2024\/11\/25\/projeto-matematica-no-metro-chega-a-estacao-ana-rosa-do-metro-sp\/#primaryimage"},"thumbnailUrl":"https:\/\/www.institutodeengenharia.org.br\/site\/wp-content\/uploads\/2024\/11\/WhatsApp-Image-2024-11-27-at-12.16.36.jpeg","datePublished":"2024-11-25T15:12:48+00:00","dateModified":"2024-11-27T18:19:34+00:00","breadcrumb":{"@id":"https:\/\/www.institutodeengenharia.org.br\/site\/2024\/11\/25\/projeto-matematica-no-metro-chega-a-estacao-ana-rosa-do-metro-sp\/#breadcrumb"},"inLanguage":"pt-BR","potentialAction":[{"@type":"ReadAction","target":["https:\/\/www.institutodeengenharia.org.br\/site\/2024\/11\/25\/projeto-matematica-no-metro-chega-a-estacao-ana-rosa-do-metro-sp\/"]}]},{"@type":"ImageObject","inLanguage":"pt-BR","@id":"https:\/\/www.institutodeengenharia.org.br\/site\/2024\/11\/25\/projeto-matematica-no-metro-chega-a-estacao-ana-rosa-do-metro-sp\/#primaryimage","url":"https:\/\/www.institutodeengenharia.org.br\/site\/wp-content\/uploads\/2024\/11\/WhatsApp-Image-2024-11-27-at-12.16.36.jpeg","contentUrl":"https:\/\/www.institutodeengenharia.org.br\/site\/wp-content\/uploads\/2024\/11\/WhatsApp-Image-2024-11-27-at-12.16.36.jpeg","width":1600,"height":1200,"caption":"Da esq. p\/ dir.: Ivan Whately, Welton Duarte Fernandes Supervisor Metrovi\u00e1rio, Jos\u00e9 Eduardo Jardim, Jos\u00e9 Eduardo Cavalcanti."},{"@type":"BreadcrumbList","@id":"https:\/\/www.institutodeengenharia.org.br\/site\/2024\/11\/25\/projeto-matematica-no-metro-chega-a-estacao-ana-rosa-do-metro-sp\/#breadcrumb","itemListElement":[{"@type":"ListItem","position":1,"name":"In\u00edcio","item":"https:\/\/www.institutodeengenharia.org.br\/site\/"},{"@type":"ListItem","position":2,"name":"Projeto &#8220;Matem\u00e1tica no Metr\u00f4&#8221; chega \u00e0 esta\u00e7\u00e3o Ana Rosa do Metr\u00f4-SP"}]},{"@type":"WebSite","@id":"https:\/\/www.institutodeengenharia.org.br\/site\/#website","url":"https:\/\/www.institutodeengenharia.org.br\/site\/","name":"Instituto de Engenharia","description":"O Instituto de Engenharia promove a Engenharia em benef\u00edcio do desenvolvimento e da qualidade de vida da sociedade.","publisher":{"@id":"https:\/\/www.institutodeengenharia.org.br\/site\/#organization"},"potentialAction":[{"@type":"SearchAction","target":{"@type":"EntryPoint","urlTemplate":"https:\/\/www.institutodeengenharia.org.br\/site\/?s={search_term_string}"},"query-input":{"@type":"PropertyValueSpecification","valueRequired":true,"valueName":"search_term_string"}}],"inLanguage":"pt-BR"},{"@type":"Organization","@id":"https:\/\/www.institutodeengenharia.org.br\/site\/#organization","name":"Instituto de Engenharia","url":"https:\/\/www.institutodeengenharia.org.br\/site\/","logo":{"@type":"ImageObject","inLanguage":"pt-BR","@id":"https:\/\/www.institutodeengenharia.org.br\/site\/#\/schema\/logo\/image\/","url":"https:\/\/www.institutodeengenharia.org.br\/site\/wp-content\/uploads\/2019\/03\/logo-novo-IE2018-1.jpg","contentUrl":"https:\/\/www.institutodeengenharia.org.br\/site\/wp-content\/uploads\/2019\/03\/logo-novo-IE2018-1.jpg","width":1486,"height":1879,"caption":"Instituto de Engenharia"},"image":{"@id":"https:\/\/www.institutodeengenharia.org.br\/site\/#\/schema\/logo\/image\/"},"sameAs":["https:\/\/www.facebook.com\/institutodeengenharia","https:\/\/x.com\/iengenharia","https:\/\/www.instagram.com\/institutodeengenharia\/","https:\/\/www.linkedin.com\/company\/instituto-de-engenharia\/","https:\/\/www.youtube.com\/channel\/UCXiCAlsSMe977vamW915HxA"]},{"@type":"Person","@id":"https:\/\/www.institutodeengenharia.org.br\/site\/#\/schema\/person\/593dc356630173a4877a635d3e5fd76b","name":"Isabel","image":{"@type":"ImageObject","inLanguage":"pt-BR","@id":"https:\/\/secure.gravatar.com\/avatar\/f3c521db63ec9db17894f10a88c6a3cf95b2281d7f80eeb3cf3ef1cb091576e7?s=96&d=mm&r=g","url":"https:\/\/secure.gravatar.com\/avatar\/f3c521db63ec9db17894f10a88c6a3cf95b2281d7f80eeb3cf3ef1cb091576e7?s=96&d=mm&r=g","contentUrl":"https:\/\/secure.gravatar.com\/avatar\/f3c521db63ec9db17894f10a88c6a3cf95b2281d7f80eeb3cf3ef1cb091576e7?s=96&d=mm&r=g","caption":"Isabel"},"url":"https:\/\/www.institutodeengenharia.org.br\/site\/author\/comunicacao2\/"}]}},"_links":{"self":[{"href":"https:\/\/www.institutodeengenharia.org.br\/site\/wp-json\/wp\/v2\/posts\/125369","targetHints":{"allow":["GET"]}}],"collection":[{"href":"https:\/\/www.institutodeengenharia.org.br\/site\/wp-json\/wp\/v2\/posts"}],"about":[{"href":"https:\/\/www.institutodeengenharia.org.br\/site\/wp-json\/wp\/v2\/types\/post"}],"author":[{"embeddable":true,"href":"https:\/\/www.institutodeengenharia.org.br\/site\/wp-json\/wp\/v2\/users\/14"}],"replies":[{"embeddable":true,"href":"https:\/\/www.institutodeengenharia.org.br\/site\/wp-json\/wp\/v2\/comments?post=125369"}],"version-history":[{"count":3,"href":"https:\/\/www.institutodeengenharia.org.br\/site\/wp-json\/wp\/v2\/posts\/125369\/revisions"}],"predecessor-version":[{"id":125381,"href":"https:\/\/www.institutodeengenharia.org.br\/site\/wp-json\/wp\/v2\/posts\/125369\/revisions\/125381"}],"wp:featuredmedia":[{"embeddable":true,"href":"https:\/\/www.institutodeengenharia.org.br\/site\/wp-json\/wp\/v2\/media\/125370"}],"wp:attachment":[{"href":"https:\/\/www.institutodeengenharia.org.br\/site\/wp-json\/wp\/v2\/media?parent=125369"}],"wp:term":[{"taxonomy":"category","embeddable":true,"href":"https:\/\/www.institutodeengenharia.org.br\/site\/wp-json\/wp\/v2\/categories?post=125369"},{"taxonomy":"post_tag","embeddable":true,"href":"https:\/\/www.institutodeengenharia.org.br\/site\/wp-json\/wp\/v2\/tags?post=125369"}],"curies":[{"name":"wp","href":"https:\/\/api.w.org\/{rel}","templated":true}]}}