{"id":125317,"date":"2024-11-22T09:50:21","date_gmt":"2024-11-22T12:50:21","guid":{"rendered":"https:\/\/www.institutodeengenharia.org.br\/site\/?p=125317"},"modified":"2024-11-22T15:18:47","modified_gmt":"2024-11-22T18:18:47","slug":"presidente-do-banco-central-do-brasil-realiza-palestra-na-acsp","status":"publish","type":"post","link":"https:\/\/www.institutodeengenharia.org.br\/site\/2024\/11\/22\/presidente-do-banco-central-do-brasil-realiza-palestra-na-acsp\/","title":{"rendered":"Presidente do Banco Central do Brasil realiza palestra na ACSP"},"content":{"rendered":"<p>Nesta ter\u00e7a (19), o presidente do Banco Central do Brasil, Roberto Campos Neto, proferiu a palestra &#8220;Economia: Cen\u00e1rios &amp; Tend\u00eancias para 2025&#8221;, na sede da Associa\u00e7\u00e3o Comercial de S\u00e3o Paulo (ACSP).<\/p>\n<p>O diagn\u00f3stico do presidente do Banco Central, Roberto Campos Neto, \u00e9 claro: o Brasil precisa de um \u201cchoque positivo\u201d em rela\u00e7\u00e3o aos gastos, tem que mostrar \u201cum controle que precisa afetar expectativas\u201d. O sistema financeiro \u00e9 diretamente ligado a expectativas, observa. Ao mesmo tempo, ele afirma que o governo busca ir nessa dire\u00e7\u00e3o, enquanto se espera o pacote de corte de gastos. \u201cA gente reconhece que o ministro Fernando Haddad tem feito um esfor\u00e7o enorme\u201d, afirmou Campos Neto, durante semin\u00e1rio na Associa\u00e7\u00e3o Comercial de S\u00e3o Paulo (ACSP), nesta ter\u00e7a-feira (19), o primeiro promovido pela Ag\u00eancia de Not\u00edcias DC NEWS. O presidente da autoridade monet\u00e1ria tamb\u00e9m se posiciona contra a proposta de redu\u00e7\u00e3o de jornada em debate no Congresso, argumentando que a medida vai contra a moderniza\u00e7\u00e3o iniciada com a Reforma Trabalhista de 2017. \u201cPa\u00edses que t\u00eam rela\u00e7\u00e3o de trabalho mais flex\u00edvel tendem a ter custo mais baixo.\u201d\u00a0<a href=\"https:\/\/www.bcb.gov.br\/conteudo\/home-ptbr\/TextosApresentacoes\/Apresentacao_RCN_ACSP.19.11.24.pdf\" target=\"_blank\" rel=\"noreferrer noopener\" data-type=\"link\" data-id=\"https:\/\/www.bcb.gov.br\/conteudo\/home-ptbr\/TextosApresentacoes\/Apresentacao_RCN_ACSP.19.11.24.pdf\">Confira aqui a \u00edntegra da exposi\u00e7\u00e3o.<\/a><\/p>\n<p>Campos Neto tem mais 41 dias \u00e0 frente do BC. A partir de 1\u00ba de janeiro, a institui\u00e7\u00e3o ser\u00e1 comandada por Gabriel Gal\u00edpolo, 42 anos, diretor de Pol\u00edtica Monet\u00e1ria, e ex-secret\u00e1rio-executivo do Minist\u00e9rio da Fazenda. O atual presidente escapuliu da pergunta feita pelo editor-chefe da DC NEWS, Edson Rossi, sobre seu destino de janeiro em diante. \u201cProvavelmente, alguma coisa ligada a tecnologia e finan\u00e7as\u201d, afirmou. E tamb\u00e9m reagiu com humor a um coment\u00e1rio de Nelson Felipe Kheiralla, um dos vice-presidentes da ACSP, sobre n\u00e3o querer \u201cestar na pele\u201d do sucessor de Campos Neto, devido ao \u00eaxito de sua gest\u00e3o. Segundo o ainda presidente, disseram a mesma coisa quando ele assumiu o cargo, em 28 de fevereiro de 2019, no lugar de Ilan Goldfajn, atual presidente do Banco Interamericano de Desenvolvimento (BID).<\/p>\n<p>Uma gest\u00e3o marcada pelos habituais embates pol\u00edticos devido \u00e0 taxa de juros e, sobretudo, pelo in\u00edcio do processo de moderniza\u00e7\u00e3o da intermedia\u00e7\u00e3o financeira. O exemplo mais not\u00f3rio e palp\u00e1vel \u00e9 o Pix, desenvolvimento pela equipe de Campos Neto. \u201cO que engaja as pessoas? Pagamentos\u201d, disse Campos Neto em sua exposi\u00e7\u00e3o.\u00a0<a href=\"https:\/\/www.bcb.gov.br\/estabilidadefinanceira\/estatisticaspix\" target=\"_blank\" rel=\"noreferrer noopener\" data-type=\"link\" data-id=\"https:\/\/www.bcb.gov.br\/estabilidadefinanceira\/estatisticaspix\">No \u00faltimo dia de outubro, o Brasil chegou a 805,6 milh\u00f5es de chaves Pix, sendo 766,3 milh\u00f5es de pessoas f\u00edsicas.<\/a>\u00a0Foram quase 5,8 bilh\u00f5es de transa\u00e7\u00f5es no m\u00eas passado, ante 2,5 bilh\u00f5es apenas dois anos atr\u00e1s. E a implementa\u00e7\u00e3o do Open Finance. \u201cO Drex \u00e9 pegar tudo isso que a gente faz em termos de digitaliza\u00e7\u00e3o e dar mais um passo\u201d, afirmou o presidente do BC, que trouxe um exemplo dom\u00e9stico da populariza\u00e7\u00e3o dos sistemas de pagamento: \u201cMeu filho [de 12 anos] outro dia veio pedir dinheiro para comprar lanche e j\u00e1 veio com o QR Code\u201d.<\/p>\n<p>Segundo ele, o mundo ir\u00e1 enfrentar uma fase \u201cbastante desafiadora\u201d devido a mudan\u00e7as no cen\u00e1rio global (\u201cAs empresas est\u00e3o se organizando em torno de suas cadeias produtivas\u201d). E, ainda, consequ\u00eancias da pandemia, em que pa\u00edses avan\u00e7ados gastaram o equivalente a 20% do PIB, os emergentes, em torno de 10% e os mais pobres, 4%. \u201cA gente teve um programa de enfrentamento \u00e0 covid bastante desequilibrado. O mundo est\u00e1 muito endividado, mas o custo \u00e9 muito maior. \u00c9 um problema global. No Brasil, a gente parte de um ponto bem pior.\u201d Al\u00e9m de uma \u201ctransi\u00e7\u00e3o energ\u00e9tica que precisa ser paga\u201d, h\u00e1 um processo que ele chamou de \u201cfragmenta\u00e7\u00e3o\u201d do com\u00e9rcio global e aumento acelerado da idade m\u00e9dia. \u201cPrecisamos de mais reformas para ter ganho de produtividade.\u201d<\/p>\n<p><strong>DESINFLA\u00c7\u00c3O<\/strong>\u00a0\u2013 Assim, esse cen\u00e1rio mostra de 50% a 60% dos pa\u00edses com o n\u00facleo da infla\u00e7\u00e3o acima da meta. \u201cO mundo desinflacionou, essa desinfla\u00e7\u00e3o parou um pouco de cair e o desafio \u00e9 identificar os fatores que v\u00e3o levar \u00e0 desinfla\u00e7\u00e3o daqui pra frente\u201d, disse Campos Neto, aproveitando para rebater uma cr\u00edtica espec\u00edfica em rela\u00e7\u00e3o \u00e0 meta no Brasil, cujo centro \u00e9 de 3%, fixada pelo Conselho Monet\u00e1rio Nacional (CMN). \u201cSempre ou\u00e7o falar que a meta da infla\u00e7\u00e3o \u00e9 muito alta\u201d, disse, ao lembrar que o percentual brasileiro est\u00e1 em linha com a m\u00e9dia mundial \u2013 exce\u00e7\u00e3o da \u00cdndia, que vai a 4%.<\/p>\n<p>O \u00edndice oficial da infla\u00e7\u00e3o no pa\u00eds, o IPCA, subiu 0,56% em outubro \u2013 a pr\u00f3xima divulga\u00e7\u00e3o ser\u00e1 em 10 de dezembro, mesmo dia em que o Comit\u00ea de Pol\u00edtica Monet\u00e1ria do BC inicia a \u00faltima reuni\u00e3o do ano e sob o comando de Campos Neto. Agora, soma 4,76% em 12 meses, acima do teto da meta (4,5%, considerada a toler\u00e2ncia de 1,5 ponto percentual). Essa aparente maior resist\u00eancia da infla\u00e7\u00e3o foi tema do\u00a0<a href=\"https:\/\/www.bcb.gov.br\/publicacoes\/ri\" target=\"_blank\" rel=\"noreferrer noopener\" data-type=\"link\" data-id=\"https:\/\/www.bcb.gov.br\/publicacoes\/ri\">relat\u00f3rio de infla\u00e7\u00e3o<\/a>\u00a0mais recente do BC, al\u00e9m da cobran\u00e7a de maior rigor fiscal: \u201cUma pol\u00edtica fiscal cr\u00edvel e comprometida com a sustentabilidade da d\u00edvida contribui para a ancoragem das expectativas de infla\u00e7\u00e3o e para a redu\u00e7\u00e3o dos pr\u00eamios de risco dos ativos financeiros\u201d. Neste momento, disse o presidente do BC, a desconfian\u00e7a do mercado em rela\u00e7\u00e3o ao controle fiscal levou a uma \u201celeva\u00e7\u00e3o do pr\u00eamio de risco\u201d. E isso vem n\u00e3o apenas dos \u201ceconomistas da Faria Lima\u201d, acrescentou, em refer\u00eancia, a termo usado para se referir ao sistema financeiro e ao \u201cmercado\u201d como um todo. \u201cOs agentes do mundo real tamb\u00e9m tiveram essa percep\u00e7\u00e3o.\u201d O Brasil cresceu acima do esperado, n\u00e3o s\u00f3 pelo componente fiscal, segundo ele, mas tamb\u00e9m pelas reformas feitas nos \u00faltimos anos. \u201cMuita gente est\u00e1 revisando o crescimento estrutural para cima\u201d, disse. Por outro lado, o crescimento e o mercado de trabalho aquecido (\u201cNingu\u00e9m acertou\u201d) trazem press\u00f5es inflacion\u00e1rias. \u201cGrande parte dos pa\u00edses est\u00e1 aguardando queda dos juros. O Brasil est\u00e1 na contram\u00e3o, infelizmente\u201d, afirmou, para refor\u00e7ar: \u201cA gente precisa gerar um choque positivo\u201d. O Copom aumentou juros nas duas \u00faltimas reuni\u00f5es \u2013 0,25 e 0,50 ponto percentual, respectivamente \u2013, para 11,25% ao ano.<\/p>\n<p>Do lado externo, expectativa quanto ao novo governo dos Estados Unidos. At\u00e9 agora, segundo Campos Neto, \u201ctanto a esquerda como a direita t\u00eam adotado uma pol\u00edtica expansionista no fiscal\u201d. S\u00e3o esperadas mais medidas protecionistas e contra imigrantes, com deporta\u00e7\u00e3o em grande escala. Mesmo no \u201ccen\u00e1rio Trump\u201d, a d\u00edvida p\u00fablica continuaria crescendo. E h\u00e1 a rela\u00e7\u00e3o mundial ao modelo econ\u00f4mico chin\u00eas, com aumento de tarifas. Estados Unidos, Europa e Jap\u00e3o concentram dois ter\u00e7os da d\u00edvida mundial \u2013 a um custo tr\u00eas vezes maior. \u201cA sa\u00edda seria se o mundo ficasse mais produtivo\u201d, afirmou, citando ainda a quest\u00e3o do envelhecimento e a redu\u00e7\u00e3o da fertilidade. De acordo com o economista, daqui a 15 anos, dos 193 pa\u00edses membros das Na\u00e7\u00f5es Unidas, somente sete ter\u00e3o popula\u00e7\u00e3o maior que a atual.<\/p>\n<p>A mesa do semin\u00e1rio promovido pela DC NEWS teve tamb\u00e9m a presen\u00e7a do presidente da ACSP, Roberto Mateus Ordine, e do deputado federal Danilo Forte (Uni\u00e3o Brasil-CE). Na plateia, entre outros, o ex-senador Her\u00e1clito Fortes, coordenador do Conselho Pol\u00edtico e Social (Cops), o ex-ministro de Minas e Energia Bento Albuquerque e o professor Jos\u00e9 Pastore. Campos Neto foi homenageado pela Associa\u00e7\u00e3o Comercial por \u201crelevantes servi\u00e7os\u201d prestados ao pa\u00eds, como primeiro presidente do BC aut\u00f4nomo.<\/p>\n<p>O presidente do Instituto de Engenharia, Jos\u00e9 Eduardo Jardim, que \u00e9 membro do Conselho Consultivo da ACSP, tamb\u00e9m esteve presente representando nossa entidade.<\/p>\n<p><a href=\"https:\/\/acsp.com.br\/publicacao\/s\/brasil-precisa-mostrar-controle-de-gastos-que-afete-expectativas-diz-campos-neto\"><em><strong>Fonte e informa\u00e7\u00f5es: ACSP<\/strong><\/em><\/a><\/p>\n","protected":false},"excerpt":{"rendered":"<p>Nesta ter\u00e7a (19), o presidente do Banco Central do Brasil, Roberto Campos Neto, proferiu a palestra &#8220;Economia: Cen\u00e1rios &amp; Tend\u00eancias para 2025&#8221;, na sede da Associa\u00e7\u00e3o Comercial de S\u00e3o Paulo (ACSP). O diagn\u00f3stico do presidente do Banco Central, Roberto Campos Neto, \u00e9 claro: o Brasil precisa de um \u201cchoque positivo\u201d em rela\u00e7\u00e3o aos gastos, tem [&hellip;]<\/p>\n","protected":false},"author":13,"featured_media":125318,"comment_status":"open","ping_status":"open","sticky":false,"template":"","format":"standard","meta":{"footnotes":""},"categories":[27,6],"tags":[],"class_list":{"0":"post-125317","1":"post","2":"type-post","3":"status-publish","4":"format-standard","5":"has-post-thumbnail","7":"category-instituto-de-engenharia","8":"category-noticias"},"yoast_head":"<!-- This site is optimized with the Yoast SEO plugin v27.2 - https:\/\/yoast.com\/product\/yoast-seo-wordpress\/ -->\n<title>Presidente do Banco Central do Brasil realiza palestra na ACSP - Instituto de Engenharia<\/title>\n<meta name=\"robots\" content=\"index, follow, max-snippet:-1, max-image-preview:large, max-video-preview:-1\" \/>\n<link rel=\"canonical\" href=\"https:\/\/www.institutodeengenharia.org.br\/site\/2024\/11\/22\/presidente-do-banco-central-do-brasil-realiza-palestra-na-acsp\/\" \/>\n<meta property=\"og:locale\" content=\"pt_BR\" \/>\n<meta property=\"og:type\" content=\"article\" \/>\n<meta property=\"og:title\" content=\"Presidente do Banco Central do Brasil realiza palestra na ACSP - Instituto de Engenharia\" \/>\n<meta property=\"og:description\" content=\"Nesta ter\u00e7a (19), o presidente do Banco Central do Brasil, Roberto Campos Neto, proferiu a palestra &#8220;Economia: Cen\u00e1rios &amp; Tend\u00eancias para 2025&#8221;, na sede da Associa\u00e7\u00e3o Comercial de S\u00e3o Paulo (ACSP). O diagn\u00f3stico do presidente do Banco Central, Roberto Campos Neto, \u00e9 claro: o Brasil precisa de um \u201cchoque positivo\u201d em rela\u00e7\u00e3o aos gastos, tem [&hellip;]\" \/>\n<meta property=\"og:url\" content=\"https:\/\/www.institutodeengenharia.org.br\/site\/2024\/11\/22\/presidente-do-banco-central-do-brasil-realiza-palestra-na-acsp\/\" \/>\n<meta property=\"og:site_name\" content=\"Instituto de Engenharia\" \/>\n<meta property=\"article:publisher\" content=\"https:\/\/www.facebook.com\/institutodeengenharia\" \/>\n<meta property=\"article:published_time\" content=\"2024-11-22T12:50:21+00:00\" \/>\n<meta property=\"article:modified_time\" content=\"2024-11-22T18:18:47+00:00\" \/>\n<meta property=\"og:image\" content=\"https:\/\/www.institutodeengenharia.org.br\/site\/wp-content\/uploads\/2024\/11\/unnamed-2024-11-22T093338.591-e1732299519412.jpg\" \/>\n\t<meta property=\"og:image:width\" content=\"900\" \/>\n\t<meta property=\"og:image:height\" content=\"729\" \/>\n\t<meta property=\"og:image:type\" content=\"image\/jpeg\" \/>\n<meta name=\"author\" content=\"Bianca\" \/>\n<meta name=\"twitter:card\" content=\"summary_large_image\" \/>\n<meta name=\"twitter:creator\" content=\"@iengenharia\" \/>\n<meta name=\"twitter:site\" content=\"@iengenharia\" \/>\n<meta name=\"twitter:label1\" content=\"Escrito por\" \/>\n\t<meta name=\"twitter:data1\" content=\"Bianca\" \/>\n\t<meta name=\"twitter:label2\" content=\"Est. tempo de leitura\" \/>\n\t<meta name=\"twitter:data2\" content=\"7 minutos\" \/>\n<script type=\"application\/ld+json\" class=\"yoast-schema-graph\">{\"@context\":\"https:\/\/schema.org\",\"@graph\":[{\"@type\":\"Article\",\"@id\":\"https:\/\/www.institutodeengenharia.org.br\/site\/2024\/11\/22\/presidente-do-banco-central-do-brasil-realiza-palestra-na-acsp\/#article\",\"isPartOf\":{\"@id\":\"https:\/\/www.institutodeengenharia.org.br\/site\/2024\/11\/22\/presidente-do-banco-central-do-brasil-realiza-palestra-na-acsp\/\"},\"author\":{\"name\":\"Bianca\",\"@id\":\"https:\/\/www.institutodeengenharia.org.br\/site\/#\/schema\/person\/aeb64951c405e100d26d30b033dd423f\"},\"headline\":\"Presidente do Banco Central do Brasil realiza palestra na ACSP\",\"datePublished\":\"2024-11-22T12:50:21+00:00\",\"dateModified\":\"2024-11-22T18:18:47+00:00\",\"mainEntityOfPage\":{\"@id\":\"https:\/\/www.institutodeengenharia.org.br\/site\/2024\/11\/22\/presidente-do-banco-central-do-brasil-realiza-palestra-na-acsp\/\"},\"wordCount\":1300,\"commentCount\":0,\"publisher\":{\"@id\":\"https:\/\/www.institutodeengenharia.org.br\/site\/#organization\"},\"image\":{\"@id\":\"https:\/\/www.institutodeengenharia.org.br\/site\/2024\/11\/22\/presidente-do-banco-central-do-brasil-realiza-palestra-na-acsp\/#primaryimage\"},\"thumbnailUrl\":\"https:\/\/www.institutodeengenharia.org.br\/site\/wp-content\/uploads\/2024\/11\/unnamed-2024-11-22T093338.591-e1732299519412.jpg\",\"articleSection\":[\"Instituto de Engenharia\",\"Not\u00edcias\"],\"inLanguage\":\"pt-BR\",\"potentialAction\":[{\"@type\":\"CommentAction\",\"name\":\"Comment\",\"target\":[\"https:\/\/www.institutodeengenharia.org.br\/site\/2024\/11\/22\/presidente-do-banco-central-do-brasil-realiza-palestra-na-acsp\/#respond\"]}]},{\"@type\":\"WebPage\",\"@id\":\"https:\/\/www.institutodeengenharia.org.br\/site\/2024\/11\/22\/presidente-do-banco-central-do-brasil-realiza-palestra-na-acsp\/\",\"url\":\"https:\/\/www.institutodeengenharia.org.br\/site\/2024\/11\/22\/presidente-do-banco-central-do-brasil-realiza-palestra-na-acsp\/\",\"name\":\"Presidente do Banco Central do Brasil realiza palestra na ACSP - Instituto de Engenharia\",\"isPartOf\":{\"@id\":\"https:\/\/www.institutodeengenharia.org.br\/site\/#website\"},\"primaryImageOfPage\":{\"@id\":\"https:\/\/www.institutodeengenharia.org.br\/site\/2024\/11\/22\/presidente-do-banco-central-do-brasil-realiza-palestra-na-acsp\/#primaryimage\"},\"image\":{\"@id\":\"https:\/\/www.institutodeengenharia.org.br\/site\/2024\/11\/22\/presidente-do-banco-central-do-brasil-realiza-palestra-na-acsp\/#primaryimage\"},\"thumbnailUrl\":\"https:\/\/www.institutodeengenharia.org.br\/site\/wp-content\/uploads\/2024\/11\/unnamed-2024-11-22T093338.591-e1732299519412.jpg\",\"datePublished\":\"2024-11-22T12:50:21+00:00\",\"dateModified\":\"2024-11-22T18:18:47+00:00\",\"breadcrumb\":{\"@id\":\"https:\/\/www.institutodeengenharia.org.br\/site\/2024\/11\/22\/presidente-do-banco-central-do-brasil-realiza-palestra-na-acsp\/#breadcrumb\"},\"inLanguage\":\"pt-BR\",\"potentialAction\":[{\"@type\":\"ReadAction\",\"target\":[\"https:\/\/www.institutodeengenharia.org.br\/site\/2024\/11\/22\/presidente-do-banco-central-do-brasil-realiza-palestra-na-acsp\/\"]}]},{\"@type\":\"ImageObject\",\"inLanguage\":\"pt-BR\",\"@id\":\"https:\/\/www.institutodeengenharia.org.br\/site\/2024\/11\/22\/presidente-do-banco-central-do-brasil-realiza-palestra-na-acsp\/#primaryimage\",\"url\":\"https:\/\/www.institutodeengenharia.org.br\/site\/wp-content\/uploads\/2024\/11\/unnamed-2024-11-22T093338.591-e1732299519412.jpg\",\"contentUrl\":\"https:\/\/www.institutodeengenharia.org.br\/site\/wp-content\/uploads\/2024\/11\/unnamed-2024-11-22T093338.591-e1732299519412.jpg\",\"width\":900,\"height\":729,\"caption\":\"\u00c0 esq., Roberto Campos Neto, presidente do Banco Central do Brasil, com Jos\u00e9 Eduardo Jardim, presidente do Instituto de Engenharia\"},{\"@type\":\"BreadcrumbList\",\"@id\":\"https:\/\/www.institutodeengenharia.org.br\/site\/2024\/11\/22\/presidente-do-banco-central-do-brasil-realiza-palestra-na-acsp\/#breadcrumb\",\"itemListElement\":[{\"@type\":\"ListItem\",\"position\":1,\"name\":\"In\u00edcio\",\"item\":\"https:\/\/www.institutodeengenharia.org.br\/site\/\"},{\"@type\":\"ListItem\",\"position\":2,\"name\":\"Presidente do Banco Central do Brasil realiza palestra na ACSP\"}]},{\"@type\":\"WebSite\",\"@id\":\"https:\/\/www.institutodeengenharia.org.br\/site\/#website\",\"url\":\"https:\/\/www.institutodeengenharia.org.br\/site\/\",\"name\":\"Instituto de Engenharia\",\"description\":\"O Instituto de Engenharia promove a Engenharia em benef\u00edcio do desenvolvimento e da qualidade de vida da sociedade.\",\"publisher\":{\"@id\":\"https:\/\/www.institutodeengenharia.org.br\/site\/#organization\"},\"potentialAction\":[{\"@type\":\"SearchAction\",\"target\":{\"@type\":\"EntryPoint\",\"urlTemplate\":\"https:\/\/www.institutodeengenharia.org.br\/site\/?s={search_term_string}\"},\"query-input\":{\"@type\":\"PropertyValueSpecification\",\"valueRequired\":true,\"valueName\":\"search_term_string\"}}],\"inLanguage\":\"pt-BR\"},{\"@type\":\"Organization\",\"@id\":\"https:\/\/www.institutodeengenharia.org.br\/site\/#organization\",\"name\":\"Instituto de Engenharia\",\"url\":\"https:\/\/www.institutodeengenharia.org.br\/site\/\",\"logo\":{\"@type\":\"ImageObject\",\"inLanguage\":\"pt-BR\",\"@id\":\"https:\/\/www.institutodeengenharia.org.br\/site\/#\/schema\/logo\/image\/\",\"url\":\"https:\/\/www.institutodeengenharia.org.br\/site\/wp-content\/uploads\/2019\/03\/logo-novo-IE2018-1.jpg\",\"contentUrl\":\"https:\/\/www.institutodeengenharia.org.br\/site\/wp-content\/uploads\/2019\/03\/logo-novo-IE2018-1.jpg\",\"width\":1486,\"height\":1879,\"caption\":\"Instituto de Engenharia\"},\"image\":{\"@id\":\"https:\/\/www.institutodeengenharia.org.br\/site\/#\/schema\/logo\/image\/\"},\"sameAs\":[\"https:\/\/www.facebook.com\/institutodeengenharia\",\"https:\/\/x.com\/iengenharia\",\"https:\/\/www.instagram.com\/institutodeengenharia\/\",\"https:\/\/www.linkedin.com\/company\/instituto-de-engenharia\/\",\"https:\/\/www.youtube.com\/channel\/UCXiCAlsSMe977vamW915HxA\"]},{\"@type\":\"Person\",\"@id\":\"https:\/\/www.institutodeengenharia.org.br\/site\/#\/schema\/person\/aeb64951c405e100d26d30b033dd423f\",\"name\":\"Bianca\",\"image\":{\"@type\":\"ImageObject\",\"inLanguage\":\"pt-BR\",\"@id\":\"https:\/\/secure.gravatar.com\/avatar\/a6fbe9bff57405baf4c1e2c5c1811e072b558253974a9f9508f4678900c97c2a?s=96&d=mm&r=g\",\"url\":\"https:\/\/secure.gravatar.com\/avatar\/a6fbe9bff57405baf4c1e2c5c1811e072b558253974a9f9508f4678900c97c2a?s=96&d=mm&r=g\",\"contentUrl\":\"https:\/\/secure.gravatar.com\/avatar\/a6fbe9bff57405baf4c1e2c5c1811e072b558253974a9f9508f4678900c97c2a?s=96&d=mm&r=g\",\"caption\":\"Bianca\"},\"url\":\"https:\/\/www.institutodeengenharia.org.br\/site\/author\/comunicacao1\/\"}]}<\/script>\n<!-- \/ Yoast SEO plugin. -->","yoast_head_json":{"title":"Presidente do Banco Central do Brasil realiza palestra na ACSP - Instituto de Engenharia","robots":{"index":"index","follow":"follow","max-snippet":"max-snippet:-1","max-image-preview":"max-image-preview:large","max-video-preview":"max-video-preview:-1"},"canonical":"https:\/\/www.institutodeengenharia.org.br\/site\/2024\/11\/22\/presidente-do-banco-central-do-brasil-realiza-palestra-na-acsp\/","og_locale":"pt_BR","og_type":"article","og_title":"Presidente do Banco Central do Brasil realiza palestra na ACSP - Instituto de Engenharia","og_description":"Nesta ter\u00e7a (19), o presidente do Banco Central do Brasil, Roberto Campos Neto, proferiu a palestra &#8220;Economia: Cen\u00e1rios &amp; Tend\u00eancias para 2025&#8221;, na sede da Associa\u00e7\u00e3o Comercial de S\u00e3o Paulo (ACSP). O diagn\u00f3stico do presidente do Banco Central, Roberto Campos Neto, \u00e9 claro: o Brasil precisa de um \u201cchoque positivo\u201d em rela\u00e7\u00e3o aos gastos, tem [&hellip;]","og_url":"https:\/\/www.institutodeengenharia.org.br\/site\/2024\/11\/22\/presidente-do-banco-central-do-brasil-realiza-palestra-na-acsp\/","og_site_name":"Instituto de Engenharia","article_publisher":"https:\/\/www.facebook.com\/institutodeengenharia","article_published_time":"2024-11-22T12:50:21+00:00","article_modified_time":"2024-11-22T18:18:47+00:00","og_image":[{"width":900,"height":729,"url":"https:\/\/www.institutodeengenharia.org.br\/site\/wp-content\/uploads\/2024\/11\/unnamed-2024-11-22T093338.591-e1732299519412.jpg","type":"image\/jpeg"}],"author":"Bianca","twitter_card":"summary_large_image","twitter_creator":"@iengenharia","twitter_site":"@iengenharia","twitter_misc":{"Escrito por":"Bianca","Est. tempo de leitura":"7 minutos"},"schema":{"@context":"https:\/\/schema.org","@graph":[{"@type":"Article","@id":"https:\/\/www.institutodeengenharia.org.br\/site\/2024\/11\/22\/presidente-do-banco-central-do-brasil-realiza-palestra-na-acsp\/#article","isPartOf":{"@id":"https:\/\/www.institutodeengenharia.org.br\/site\/2024\/11\/22\/presidente-do-banco-central-do-brasil-realiza-palestra-na-acsp\/"},"author":{"name":"Bianca","@id":"https:\/\/www.institutodeengenharia.org.br\/site\/#\/schema\/person\/aeb64951c405e100d26d30b033dd423f"},"headline":"Presidente do Banco Central do Brasil realiza palestra na ACSP","datePublished":"2024-11-22T12:50:21+00:00","dateModified":"2024-11-22T18:18:47+00:00","mainEntityOfPage":{"@id":"https:\/\/www.institutodeengenharia.org.br\/site\/2024\/11\/22\/presidente-do-banco-central-do-brasil-realiza-palestra-na-acsp\/"},"wordCount":1300,"commentCount":0,"publisher":{"@id":"https:\/\/www.institutodeengenharia.org.br\/site\/#organization"},"image":{"@id":"https:\/\/www.institutodeengenharia.org.br\/site\/2024\/11\/22\/presidente-do-banco-central-do-brasil-realiza-palestra-na-acsp\/#primaryimage"},"thumbnailUrl":"https:\/\/www.institutodeengenharia.org.br\/site\/wp-content\/uploads\/2024\/11\/unnamed-2024-11-22T093338.591-e1732299519412.jpg","articleSection":["Instituto de Engenharia","Not\u00edcias"],"inLanguage":"pt-BR","potentialAction":[{"@type":"CommentAction","name":"Comment","target":["https:\/\/www.institutodeengenharia.org.br\/site\/2024\/11\/22\/presidente-do-banco-central-do-brasil-realiza-palestra-na-acsp\/#respond"]}]},{"@type":"WebPage","@id":"https:\/\/www.institutodeengenharia.org.br\/site\/2024\/11\/22\/presidente-do-banco-central-do-brasil-realiza-palestra-na-acsp\/","url":"https:\/\/www.institutodeengenharia.org.br\/site\/2024\/11\/22\/presidente-do-banco-central-do-brasil-realiza-palestra-na-acsp\/","name":"Presidente do Banco Central do Brasil realiza palestra na ACSP - Instituto de Engenharia","isPartOf":{"@id":"https:\/\/www.institutodeengenharia.org.br\/site\/#website"},"primaryImageOfPage":{"@id":"https:\/\/www.institutodeengenharia.org.br\/site\/2024\/11\/22\/presidente-do-banco-central-do-brasil-realiza-palestra-na-acsp\/#primaryimage"},"image":{"@id":"https:\/\/www.institutodeengenharia.org.br\/site\/2024\/11\/22\/presidente-do-banco-central-do-brasil-realiza-palestra-na-acsp\/#primaryimage"},"thumbnailUrl":"https:\/\/www.institutodeengenharia.org.br\/site\/wp-content\/uploads\/2024\/11\/unnamed-2024-11-22T093338.591-e1732299519412.jpg","datePublished":"2024-11-22T12:50:21+00:00","dateModified":"2024-11-22T18:18:47+00:00","breadcrumb":{"@id":"https:\/\/www.institutodeengenharia.org.br\/site\/2024\/11\/22\/presidente-do-banco-central-do-brasil-realiza-palestra-na-acsp\/#breadcrumb"},"inLanguage":"pt-BR","potentialAction":[{"@type":"ReadAction","target":["https:\/\/www.institutodeengenharia.org.br\/site\/2024\/11\/22\/presidente-do-banco-central-do-brasil-realiza-palestra-na-acsp\/"]}]},{"@type":"ImageObject","inLanguage":"pt-BR","@id":"https:\/\/www.institutodeengenharia.org.br\/site\/2024\/11\/22\/presidente-do-banco-central-do-brasil-realiza-palestra-na-acsp\/#primaryimage","url":"https:\/\/www.institutodeengenharia.org.br\/site\/wp-content\/uploads\/2024\/11\/unnamed-2024-11-22T093338.591-e1732299519412.jpg","contentUrl":"https:\/\/www.institutodeengenharia.org.br\/site\/wp-content\/uploads\/2024\/11\/unnamed-2024-11-22T093338.591-e1732299519412.jpg","width":900,"height":729,"caption":"\u00c0 esq., Roberto Campos Neto, presidente do Banco Central do Brasil, com Jos\u00e9 Eduardo Jardim, presidente do Instituto de Engenharia"},{"@type":"BreadcrumbList","@id":"https:\/\/www.institutodeengenharia.org.br\/site\/2024\/11\/22\/presidente-do-banco-central-do-brasil-realiza-palestra-na-acsp\/#breadcrumb","itemListElement":[{"@type":"ListItem","position":1,"name":"In\u00edcio","item":"https:\/\/www.institutodeengenharia.org.br\/site\/"},{"@type":"ListItem","position":2,"name":"Presidente do Banco Central do Brasil realiza palestra na ACSP"}]},{"@type":"WebSite","@id":"https:\/\/www.institutodeengenharia.org.br\/site\/#website","url":"https:\/\/www.institutodeengenharia.org.br\/site\/","name":"Instituto de Engenharia","description":"O Instituto de Engenharia promove a Engenharia em benef\u00edcio do desenvolvimento e da qualidade de vida da sociedade.","publisher":{"@id":"https:\/\/www.institutodeengenharia.org.br\/site\/#organization"},"potentialAction":[{"@type":"SearchAction","target":{"@type":"EntryPoint","urlTemplate":"https:\/\/www.institutodeengenharia.org.br\/site\/?s={search_term_string}"},"query-input":{"@type":"PropertyValueSpecification","valueRequired":true,"valueName":"search_term_string"}}],"inLanguage":"pt-BR"},{"@type":"Organization","@id":"https:\/\/www.institutodeengenharia.org.br\/site\/#organization","name":"Instituto de Engenharia","url":"https:\/\/www.institutodeengenharia.org.br\/site\/","logo":{"@type":"ImageObject","inLanguage":"pt-BR","@id":"https:\/\/www.institutodeengenharia.org.br\/site\/#\/schema\/logo\/image\/","url":"https:\/\/www.institutodeengenharia.org.br\/site\/wp-content\/uploads\/2019\/03\/logo-novo-IE2018-1.jpg","contentUrl":"https:\/\/www.institutodeengenharia.org.br\/site\/wp-content\/uploads\/2019\/03\/logo-novo-IE2018-1.jpg","width":1486,"height":1879,"caption":"Instituto de Engenharia"},"image":{"@id":"https:\/\/www.institutodeengenharia.org.br\/site\/#\/schema\/logo\/image\/"},"sameAs":["https:\/\/www.facebook.com\/institutodeengenharia","https:\/\/x.com\/iengenharia","https:\/\/www.instagram.com\/institutodeengenharia\/","https:\/\/www.linkedin.com\/company\/instituto-de-engenharia\/","https:\/\/www.youtube.com\/channel\/UCXiCAlsSMe977vamW915HxA"]},{"@type":"Person","@id":"https:\/\/www.institutodeengenharia.org.br\/site\/#\/schema\/person\/aeb64951c405e100d26d30b033dd423f","name":"Bianca","image":{"@type":"ImageObject","inLanguage":"pt-BR","@id":"https:\/\/secure.gravatar.com\/avatar\/a6fbe9bff57405baf4c1e2c5c1811e072b558253974a9f9508f4678900c97c2a?s=96&d=mm&r=g","url":"https:\/\/secure.gravatar.com\/avatar\/a6fbe9bff57405baf4c1e2c5c1811e072b558253974a9f9508f4678900c97c2a?s=96&d=mm&r=g","contentUrl":"https:\/\/secure.gravatar.com\/avatar\/a6fbe9bff57405baf4c1e2c5c1811e072b558253974a9f9508f4678900c97c2a?s=96&d=mm&r=g","caption":"Bianca"},"url":"https:\/\/www.institutodeengenharia.org.br\/site\/author\/comunicacao1\/"}]}},"_links":{"self":[{"href":"https:\/\/www.institutodeengenharia.org.br\/site\/wp-json\/wp\/v2\/posts\/125317","targetHints":{"allow":["GET"]}}],"collection":[{"href":"https:\/\/www.institutodeengenharia.org.br\/site\/wp-json\/wp\/v2\/posts"}],"about":[{"href":"https:\/\/www.institutodeengenharia.org.br\/site\/wp-json\/wp\/v2\/types\/post"}],"author":[{"embeddable":true,"href":"https:\/\/www.institutodeengenharia.org.br\/site\/wp-json\/wp\/v2\/users\/13"}],"replies":[{"embeddable":true,"href":"https:\/\/www.institutodeengenharia.org.br\/site\/wp-json\/wp\/v2\/comments?post=125317"}],"version-history":[{"count":5,"href":"https:\/\/www.institutodeengenharia.org.br\/site\/wp-json\/wp\/v2\/posts\/125317\/revisions"}],"predecessor-version":[{"id":125337,"href":"https:\/\/www.institutodeengenharia.org.br\/site\/wp-json\/wp\/v2\/posts\/125317\/revisions\/125337"}],"wp:featuredmedia":[{"embeddable":true,"href":"https:\/\/www.institutodeengenharia.org.br\/site\/wp-json\/wp\/v2\/media\/125318"}],"wp:attachment":[{"href":"https:\/\/www.institutodeengenharia.org.br\/site\/wp-json\/wp\/v2\/media?parent=125317"}],"wp:term":[{"taxonomy":"category","embeddable":true,"href":"https:\/\/www.institutodeengenharia.org.br\/site\/wp-json\/wp\/v2\/categories?post=125317"},{"taxonomy":"post_tag","embeddable":true,"href":"https:\/\/www.institutodeengenharia.org.br\/site\/wp-json\/wp\/v2\/tags?post=125317"}],"curies":[{"name":"wp","href":"https:\/\/api.w.org\/{rel}","templated":true}]}}