{"id":125211,"date":"2024-11-15T10:30:19","date_gmt":"2024-11-15T13:30:19","guid":{"rendered":"https:\/\/www.institutodeengenharia.org.br\/site\/?p=125211"},"modified":"2024-11-18T10:44:38","modified_gmt":"2024-11-18T13:44:38","slug":"o-brasil-e-a-bioeconomia-para-alem-da-cop-30-2","status":"publish","type":"post","link":"https:\/\/www.institutodeengenharia.org.br\/site\/2024\/11\/15\/o-brasil-e-a-bioeconomia-para-alem-da-cop-30-2\/","title":{"rendered":"Por Eduardo Lafraia &#8211; O Brasil e a bioeconomia para al\u00e9m da COP-30"},"content":{"rendered":"<p style=\"text-align: center;\"><em>Pa\u00eds tem oportunidade hist\u00f3rica de liderar uma transforma\u00e7\u00e3o global rumo a uma nova economia mais inclusiva e respons\u00e1vel com a vida no planeta<\/em><\/p>\n<p><em><strong>Por George Paulus Dias, Mario Ernesto Humberg e Eduardo Lafraia, para O Estado de S.Paulo<\/strong><\/em><\/p>\n<p>H\u00e1 preocupa\u00e7\u00e3o do governo e de algumas lideran\u00e7as pol\u00edticas, econ\u00f4micas e sociais em chegar \u00e0 COP-30, em 2025, no Par\u00e1, com propostas e a\u00e7\u00f5es que possam ter impacto real, indo al\u00e9m da fase de boas inten\u00e7\u00f5es. A recente institui\u00e7\u00e3o da Estrat\u00e9gia Nacional de Bioeconomia (Decreto n.\u00ba 12.044, de 5\/6\/2024) \u00e9 um passo significativo nessa dire\u00e7\u00e3o. Com ela, o Pa\u00eds se alinha ao movimento global que, h\u00e1 mais de uma d\u00e9cada, busca desenvolver economias em harmonia com os elementos naturais que permitem a vida no planeta. Era essencial que tom\u00e1ssemos essa iniciativa antes de sediar a COP-30 e encerrar nossa presid\u00eancia no G-20, evitando o constrangimento de permanecer \u00e0 margem enquanto outras na\u00e7\u00f5es avan\u00e7am.<\/p>\n<p>Transformar essa estrat\u00e9gia em resultados efetivos exige uma abordagem de longo prazo, com recursos significativos, n\u00e3o se limitando a a\u00e7\u00f5es pontuais. Nosso grande potencial na bioeconomia, como pa\u00eds que det\u00e9m a maior biodiversidade do mundo, obriga a planejar e realizar investimentos cont\u00ednuos durante alguns anos para desenvolver as capacidades necess\u00e1rias para atingir resultados efetivos.<\/p>\n<p>Estrat\u00e9gias inovadoras que levaram a avan\u00e7os importantes, com investimentos que frutificam, existem em v\u00e1rios pa\u00edses, incluindo o nosso. Um deles foi a estrat\u00e9gia p\u00f3s-guerra dos Estados Unidos para impulsionar sua ind\u00fastria de semicondutores, desencadeando a revolu\u00e7\u00e3o tecnol\u00f3gica que culminou na economia digital. Tudo come\u00e7a com o mapeamento da situa\u00e7\u00e3o, oportunidades, desafios e riscos para o desenvolvimento da bioeconomia no Brasil.<br \/>\nO recente estudo Uma base de conhecimento para a Estrat\u00e9gia Nacional de Bioeconomias, desenvolvido no Instituto de Engenharia, apresenta essa an\u00e1lise abrangente. Elaborado a partir de um comit\u00ea de l\u00edderes multidisciplinar, o documento oferece recomenda\u00e7\u00f5es concretas para subsidiar a formula\u00e7\u00e3o de pol\u00edticas p\u00fablicas na \u00e1rea.<\/p>\n<p>O documento ressalta que a bioeconomia do futuro demanda inova\u00e7\u00e3o em m\u00faltiplas frentes. Avan\u00e7os tecnol\u00f3gicos precisam se somar a modelos de desenvolvimento que combatam a pobreza, reduzam impactos ambientais negativos e promovam impactos positivos. \u00c9 crucial incorporar custos ambientais nos pre\u00e7os, por meio de mecanismos como pagamentos por servi\u00e7os ambientais.<br \/>\nAl\u00e9m disso, \u00e9 necess\u00e1rio incentivar a mudan\u00e7a nos h\u00e1bitos de consumo, levando a sociedade a refletir sobre o que consome e por que consome. O estudo ressalta a import\u00e2ncia de as pol\u00edticas p\u00fablicas considerarem as diferentes \u201cbioeconomias\u201d existentes no Pa\u00eds, com diversidade dos atores e setores econ\u00f4micos nos seis biomas brasileiros: Amaz\u00f4nia, Caatinga, Cerrado, Mata Atl\u00e2ntica, Pampa e Pantanal.<\/p>\n<p>A Estrat\u00e9gia Nacional de Bioeconomia destaca a import\u00e2ncia da conserva\u00e7\u00e3o da biodiversidade, do uso sustent\u00e1vel dos recursos naturais e da inclus\u00e3o social, enfatizando a agricultura regenerativa, a promo\u00e7\u00e3o da bioindustrializa\u00e7\u00e3o e o respeito aos direitos de povos ind\u00edgenas e comunidades tradicionais.<br \/>\nPara que a estrat\u00e9gia avance \u00e9 fundamental uma governan\u00e7a abrangente e participativa, e a participa\u00e7\u00e3o da sociedade, na prevista Comiss\u00e3o Nacional de Bioeconomia, composta pelos Minist\u00e9rios do Meio Ambiente e Mudan\u00e7a do Clima, do Desenvolvimento, Ind\u00fastria, Com\u00e9rcio e Servi\u00e7os e da Fazenda, com clareza sobre as atribui\u00e7\u00f5es e a coordena\u00e7\u00e3o.<br \/>\n\u00c9 fundamental a centralidade do Minist\u00e9rio da Ci\u00eancia, Tecnologia e Inova\u00e7\u00e3o, pois sem inova\u00e7\u00e3o corremos o risco de continuar como fornecedores de mat\u00e9rias-primas de baixo valor agregado.<\/p>\n<p>\u00c9 essencial uma inst\u00e2ncia que coordene as atividades transversais no governo federal, e com os governos subnacionais. A vis\u00e3o de longo prazo precisa integrar desenvolvimento econ\u00f4mico e sustentabilidade ambiental, o que inclui fomentar a educa\u00e7\u00e3o e capacita\u00e7\u00e3o profissional com novo foco, incentivar o empreendedorismo e promover a inclus\u00e3o social ampla, em especial das comunidades diretamente ligadas \u00e0s atividades da bioeconomia. Essas a\u00e7\u00f5es s\u00e3o fundamentais para promover as capacidades necess\u00e1rias para alcan\u00e7armos a aspira\u00e7\u00e3o levantada no estudo: Brasil como um l\u00edder global da bioeconomia via inova\u00e7\u00e3o focalizada em conhecimentos, produtos e servi\u00e7os de maior valor agregado para o desenvolvimento econ\u00f4mico tang\u00edvel, resiliente, regionalizado, conciliado com a valoriza\u00e7\u00e3o da sociobiodiversidade, com inclus\u00e3o social e diminui\u00e7\u00e3o da pobreza.<\/p>\n<p>O Brasil tem uma oportunidade hist\u00f3rica de liderar uma transforma\u00e7\u00e3o global rumo a uma nova economia mais inclusiva e respons\u00e1vel com a vida no planeta. Para isso, \u00e9 fundamental que haja amplo entendimento, e um compromisso persistente das lideran\u00e7as pol\u00edticas, da sociedade civil, do setor privado e da academia. \u00c9 preciso coragem para rever estruturas, incluir vozes diversas e construir, coletivamente, as capacidades para o futuro a que aspiramos.<br \/>\nEmbora a situa\u00e7\u00e3o atual exija algumas respostas r\u00e1pidas, o desenvolvimento e a implementa\u00e7\u00e3o de uma Estrat\u00e9gia Nacional de Bioeconomias necessitam de ampla prioridade e tempo dos governos, da sociedade e das institui\u00e7\u00f5es para, num processo de sucessivos aprimoramentos, se estabelecerem de maneira efetiva.<\/p>\n<p><em>*S\u00c3O, RESPECTIVAMENTE, ENGENHEIRO, COORDENADOR DO GRUPO DE TRABALHO BIOECONOMIA NACIONAL, DO INSTITUTO DE ENGENHARIA; QU\u00cdMICO, JORNALISTA, CONSULTOR E PRESIDENTE DO CONSELHO CONSULTIVO DO PENSAMENTO NACIONAL DAS BASES EMPRESARIAIS (PNBE); E MEMBRO DO CONSELHO SUPERIOR DA ACSP, EX-PRESIDENTE DO INSTITUTO DE ENGENHARIA<br \/>\n<\/em><\/p>\n<p><strong>Fonte: <a href=\"https:\/\/www.estadao.com.br\/opiniao\/espaco-aberto\/o-brasil-e-a-bioeconomia-para-alem-da-cop-30\/?_gl=1*1xxj531*_gcl_au*MTAzNDU4MTU3Ny4xNzMxOTM0ODU4*_ga*MTg1MDU1MTU4OS4xNzMxOTM0ODU4*_ga_H1D7PSZ1DW*MTczMTkzNDg1Ny4xLjEuMTczMTkzNDkxMy40LjAuMTEzNDczMDY1MA..\">O Estado de S.Paulo<\/a><\/strong><\/p>\n","protected":false},"excerpt":{"rendered":"<p>Pa\u00eds tem oportunidade hist\u00f3rica de liderar uma transforma\u00e7\u00e3o global rumo a uma nova economia mais inclusiva e respons\u00e1vel com a vida no planeta Por George Paulus Dias, Mario Ernesto Humberg e Eduardo Lafraia, para O Estado de S.Paulo H\u00e1 preocupa\u00e7\u00e3o do governo e de algumas lideran\u00e7as pol\u00edticas, econ\u00f4micas e sociais em chegar \u00e0 COP-30, em [&hellip;]<\/p>\n","protected":false},"author":14,"featured_media":125221,"comment_status":"open","ping_status":"open","sticky":false,"template":"","format":"standard","meta":{"footnotes":""},"categories":[11,1112],"tags":[],"class_list":{"0":"post-125211","1":"post","2":"type-post","3":"status-publish","4":"format-standard","5":"has-post-thumbnail","7":"category-articulistas","8":"category-eduardo-lafraia"},"yoast_head":"<!-- This site is optimized with the Yoast SEO plugin v27.2 - https:\/\/yoast.com\/product\/yoast-seo-wordpress\/ -->\n<title>Por Eduardo Lafraia - O Brasil e a bioeconomia para al\u00e9m da COP-30 - Instituto de Engenharia<\/title>\n<meta name=\"robots\" content=\"index, follow, max-snippet:-1, max-image-preview:large, max-video-preview:-1\" \/>\n<link rel=\"canonical\" href=\"https:\/\/www.institutodeengenharia.org.br\/site\/2024\/11\/15\/o-brasil-e-a-bioeconomia-para-alem-da-cop-30-2\/\" \/>\n<meta property=\"og:locale\" content=\"pt_BR\" \/>\n<meta property=\"og:type\" content=\"article\" \/>\n<meta property=\"og:title\" content=\"Por Eduardo Lafraia - O Brasil e a bioeconomia para al\u00e9m da COP-30 - Instituto de Engenharia\" \/>\n<meta property=\"og:description\" content=\"Pa\u00eds tem oportunidade hist\u00f3rica de liderar uma transforma\u00e7\u00e3o global rumo a uma nova economia mais inclusiva e respons\u00e1vel com a vida no planeta Por George Paulus Dias, Mario Ernesto Humberg e Eduardo Lafraia, para O Estado de S.Paulo H\u00e1 preocupa\u00e7\u00e3o do governo e de algumas lideran\u00e7as pol\u00edticas, econ\u00f4micas e sociais em chegar \u00e0 COP-30, em [&hellip;]\" \/>\n<meta property=\"og:url\" content=\"https:\/\/www.institutodeengenharia.org.br\/site\/2024\/11\/15\/o-brasil-e-a-bioeconomia-para-alem-da-cop-30-2\/\" \/>\n<meta property=\"og:site_name\" content=\"Instituto de Engenharia\" \/>\n<meta property=\"article:publisher\" content=\"https:\/\/www.facebook.com\/institutodeengenharia\" \/>\n<meta property=\"article:published_time\" content=\"2024-11-15T13:30:19+00:00\" \/>\n<meta property=\"article:modified_time\" content=\"2024-11-18T13:44:38+00:00\" \/>\n<meta property=\"og:image\" content=\"https:\/\/www.institutodeengenharia.org.br\/site\/wp-content\/uploads\/2024\/11\/capa-bioeconomias.png\" \/>\n\t<meta property=\"og:image:width\" content=\"533\" \/>\n\t<meta property=\"og:image:height\" content=\"761\" \/>\n\t<meta property=\"og:image:type\" content=\"image\/png\" \/>\n<meta name=\"author\" content=\"Isabel\" \/>\n<meta name=\"twitter:card\" content=\"summary_large_image\" \/>\n<meta name=\"twitter:creator\" content=\"@iengenharia\" \/>\n<meta name=\"twitter:site\" content=\"@iengenharia\" \/>\n<meta name=\"twitter:label1\" content=\"Escrito por\" \/>\n\t<meta name=\"twitter:data1\" content=\"Isabel\" \/>\n\t<meta name=\"twitter:label2\" content=\"Est. tempo de leitura\" \/>\n\t<meta name=\"twitter:data2\" content=\"5 minutos\" \/>\n<script type=\"application\/ld+json\" class=\"yoast-schema-graph\">{\"@context\":\"https:\/\/schema.org\",\"@graph\":[{\"@type\":\"Article\",\"@id\":\"https:\/\/www.institutodeengenharia.org.br\/site\/2024\/11\/15\/o-brasil-e-a-bioeconomia-para-alem-da-cop-30-2\/#article\",\"isPartOf\":{\"@id\":\"https:\/\/www.institutodeengenharia.org.br\/site\/2024\/11\/15\/o-brasil-e-a-bioeconomia-para-alem-da-cop-30-2\/\"},\"author\":{\"name\":\"Isabel\",\"@id\":\"https:\/\/www.institutodeengenharia.org.br\/site\/#\/schema\/person\/593dc356630173a4877a635d3e5fd76b\"},\"headline\":\"Por Eduardo Lafraia &#8211; O Brasil e a bioeconomia para al\u00e9m da COP-30\",\"datePublished\":\"2024-11-15T13:30:19+00:00\",\"dateModified\":\"2024-11-18T13:44:38+00:00\",\"mainEntityOfPage\":{\"@id\":\"https:\/\/www.institutodeengenharia.org.br\/site\/2024\/11\/15\/o-brasil-e-a-bioeconomia-para-alem-da-cop-30-2\/\"},\"wordCount\":930,\"commentCount\":0,\"publisher\":{\"@id\":\"https:\/\/www.institutodeengenharia.org.br\/site\/#organization\"},\"image\":{\"@id\":\"https:\/\/www.institutodeengenharia.org.br\/site\/2024\/11\/15\/o-brasil-e-a-bioeconomia-para-alem-da-cop-30-2\/#primaryimage\"},\"thumbnailUrl\":\"https:\/\/www.institutodeengenharia.org.br\/site\/wp-content\/uploads\/2024\/11\/capa-bioeconomias.png\",\"articleSection\":[\"Articulistas\",\"Eduardo Lafraia\"],\"inLanguage\":\"pt-BR\",\"potentialAction\":[{\"@type\":\"CommentAction\",\"name\":\"Comment\",\"target\":[\"https:\/\/www.institutodeengenharia.org.br\/site\/2024\/11\/15\/o-brasil-e-a-bioeconomia-para-alem-da-cop-30-2\/#respond\"]}]},{\"@type\":\"WebPage\",\"@id\":\"https:\/\/www.institutodeengenharia.org.br\/site\/2024\/11\/15\/o-brasil-e-a-bioeconomia-para-alem-da-cop-30-2\/\",\"url\":\"https:\/\/www.institutodeengenharia.org.br\/site\/2024\/11\/15\/o-brasil-e-a-bioeconomia-para-alem-da-cop-30-2\/\",\"name\":\"Por Eduardo Lafraia - O Brasil e a bioeconomia para al\u00e9m da COP-30 - Instituto de Engenharia\",\"isPartOf\":{\"@id\":\"https:\/\/www.institutodeengenharia.org.br\/site\/#website\"},\"primaryImageOfPage\":{\"@id\":\"https:\/\/www.institutodeengenharia.org.br\/site\/2024\/11\/15\/o-brasil-e-a-bioeconomia-para-alem-da-cop-30-2\/#primaryimage\"},\"image\":{\"@id\":\"https:\/\/www.institutodeengenharia.org.br\/site\/2024\/11\/15\/o-brasil-e-a-bioeconomia-para-alem-da-cop-30-2\/#primaryimage\"},\"thumbnailUrl\":\"https:\/\/www.institutodeengenharia.org.br\/site\/wp-content\/uploads\/2024\/11\/capa-bioeconomias.png\",\"datePublished\":\"2024-11-15T13:30:19+00:00\",\"dateModified\":\"2024-11-18T13:44:38+00:00\",\"breadcrumb\":{\"@id\":\"https:\/\/www.institutodeengenharia.org.br\/site\/2024\/11\/15\/o-brasil-e-a-bioeconomia-para-alem-da-cop-30-2\/#breadcrumb\"},\"inLanguage\":\"pt-BR\",\"potentialAction\":[{\"@type\":\"ReadAction\",\"target\":[\"https:\/\/www.institutodeengenharia.org.br\/site\/2024\/11\/15\/o-brasil-e-a-bioeconomia-para-alem-da-cop-30-2\/\"]}]},{\"@type\":\"ImageObject\",\"inLanguage\":\"pt-BR\",\"@id\":\"https:\/\/www.institutodeengenharia.org.br\/site\/2024\/11\/15\/o-brasil-e-a-bioeconomia-para-alem-da-cop-30-2\/#primaryimage\",\"url\":\"https:\/\/www.institutodeengenharia.org.br\/site\/wp-content\/uploads\/2024\/11\/capa-bioeconomias.png\",\"contentUrl\":\"https:\/\/www.institutodeengenharia.org.br\/site\/wp-content\/uploads\/2024\/11\/capa-bioeconomias.png\",\"width\":533,\"height\":761},{\"@type\":\"BreadcrumbList\",\"@id\":\"https:\/\/www.institutodeengenharia.org.br\/site\/2024\/11\/15\/o-brasil-e-a-bioeconomia-para-alem-da-cop-30-2\/#breadcrumb\",\"itemListElement\":[{\"@type\":\"ListItem\",\"position\":1,\"name\":\"In\u00edcio\",\"item\":\"https:\/\/www.institutodeengenharia.org.br\/site\/\"},{\"@type\":\"ListItem\",\"position\":2,\"name\":\"Por Eduardo Lafraia &#8211; O Brasil e a bioeconomia para al\u00e9m da COP-30\"}]},{\"@type\":\"WebSite\",\"@id\":\"https:\/\/www.institutodeengenharia.org.br\/site\/#website\",\"url\":\"https:\/\/www.institutodeengenharia.org.br\/site\/\",\"name\":\"Instituto de Engenharia\",\"description\":\"O Instituto de Engenharia promove a Engenharia em benef\u00edcio do desenvolvimento e da qualidade de vida da sociedade.\",\"publisher\":{\"@id\":\"https:\/\/www.institutodeengenharia.org.br\/site\/#organization\"},\"potentialAction\":[{\"@type\":\"SearchAction\",\"target\":{\"@type\":\"EntryPoint\",\"urlTemplate\":\"https:\/\/www.institutodeengenharia.org.br\/site\/?s={search_term_string}\"},\"query-input\":{\"@type\":\"PropertyValueSpecification\",\"valueRequired\":true,\"valueName\":\"search_term_string\"}}],\"inLanguage\":\"pt-BR\"},{\"@type\":\"Organization\",\"@id\":\"https:\/\/www.institutodeengenharia.org.br\/site\/#organization\",\"name\":\"Instituto de Engenharia\",\"url\":\"https:\/\/www.institutodeengenharia.org.br\/site\/\",\"logo\":{\"@type\":\"ImageObject\",\"inLanguage\":\"pt-BR\",\"@id\":\"https:\/\/www.institutodeengenharia.org.br\/site\/#\/schema\/logo\/image\/\",\"url\":\"https:\/\/www.institutodeengenharia.org.br\/site\/wp-content\/uploads\/2019\/03\/logo-novo-IE2018-1.jpg\",\"contentUrl\":\"https:\/\/www.institutodeengenharia.org.br\/site\/wp-content\/uploads\/2019\/03\/logo-novo-IE2018-1.jpg\",\"width\":1486,\"height\":1879,\"caption\":\"Instituto de Engenharia\"},\"image\":{\"@id\":\"https:\/\/www.institutodeengenharia.org.br\/site\/#\/schema\/logo\/image\/\"},\"sameAs\":[\"https:\/\/www.facebook.com\/institutodeengenharia\",\"https:\/\/x.com\/iengenharia\",\"https:\/\/www.instagram.com\/institutodeengenharia\/\",\"https:\/\/www.linkedin.com\/company\/instituto-de-engenharia\/\",\"https:\/\/www.youtube.com\/channel\/UCXiCAlsSMe977vamW915HxA\"]},{\"@type\":\"Person\",\"@id\":\"https:\/\/www.institutodeengenharia.org.br\/site\/#\/schema\/person\/593dc356630173a4877a635d3e5fd76b\",\"name\":\"Isabel\",\"image\":{\"@type\":\"ImageObject\",\"inLanguage\":\"pt-BR\",\"@id\":\"https:\/\/secure.gravatar.com\/avatar\/f3c521db63ec9db17894f10a88c6a3cf95b2281d7f80eeb3cf3ef1cb091576e7?s=96&d=mm&r=g\",\"url\":\"https:\/\/secure.gravatar.com\/avatar\/f3c521db63ec9db17894f10a88c6a3cf95b2281d7f80eeb3cf3ef1cb091576e7?s=96&d=mm&r=g\",\"contentUrl\":\"https:\/\/secure.gravatar.com\/avatar\/f3c521db63ec9db17894f10a88c6a3cf95b2281d7f80eeb3cf3ef1cb091576e7?s=96&d=mm&r=g\",\"caption\":\"Isabel\"},\"url\":\"https:\/\/www.institutodeengenharia.org.br\/site\/author\/comunicacao2\/\"}]}<\/script>\n<!-- \/ Yoast SEO plugin. -->","yoast_head_json":{"title":"Por Eduardo Lafraia - O Brasil e a bioeconomia para al\u00e9m da COP-30 - Instituto de Engenharia","robots":{"index":"index","follow":"follow","max-snippet":"max-snippet:-1","max-image-preview":"max-image-preview:large","max-video-preview":"max-video-preview:-1"},"canonical":"https:\/\/www.institutodeengenharia.org.br\/site\/2024\/11\/15\/o-brasil-e-a-bioeconomia-para-alem-da-cop-30-2\/","og_locale":"pt_BR","og_type":"article","og_title":"Por Eduardo Lafraia - O Brasil e a bioeconomia para al\u00e9m da COP-30 - Instituto de Engenharia","og_description":"Pa\u00eds tem oportunidade hist\u00f3rica de liderar uma transforma\u00e7\u00e3o global rumo a uma nova economia mais inclusiva e respons\u00e1vel com a vida no planeta Por George Paulus Dias, Mario Ernesto Humberg e Eduardo Lafraia, para O Estado de S.Paulo H\u00e1 preocupa\u00e7\u00e3o do governo e de algumas lideran\u00e7as pol\u00edticas, econ\u00f4micas e sociais em chegar \u00e0 COP-30, em [&hellip;]","og_url":"https:\/\/www.institutodeengenharia.org.br\/site\/2024\/11\/15\/o-brasil-e-a-bioeconomia-para-alem-da-cop-30-2\/","og_site_name":"Instituto de Engenharia","article_publisher":"https:\/\/www.facebook.com\/institutodeengenharia","article_published_time":"2024-11-15T13:30:19+00:00","article_modified_time":"2024-11-18T13:44:38+00:00","og_image":[{"width":533,"height":761,"url":"https:\/\/www.institutodeengenharia.org.br\/site\/wp-content\/uploads\/2024\/11\/capa-bioeconomias.png","type":"image\/png"}],"author":"Isabel","twitter_card":"summary_large_image","twitter_creator":"@iengenharia","twitter_site":"@iengenharia","twitter_misc":{"Escrito por":"Isabel","Est. tempo de leitura":"5 minutos"},"schema":{"@context":"https:\/\/schema.org","@graph":[{"@type":"Article","@id":"https:\/\/www.institutodeengenharia.org.br\/site\/2024\/11\/15\/o-brasil-e-a-bioeconomia-para-alem-da-cop-30-2\/#article","isPartOf":{"@id":"https:\/\/www.institutodeengenharia.org.br\/site\/2024\/11\/15\/o-brasil-e-a-bioeconomia-para-alem-da-cop-30-2\/"},"author":{"name":"Isabel","@id":"https:\/\/www.institutodeengenharia.org.br\/site\/#\/schema\/person\/593dc356630173a4877a635d3e5fd76b"},"headline":"Por Eduardo Lafraia &#8211; O Brasil e a bioeconomia para al\u00e9m da COP-30","datePublished":"2024-11-15T13:30:19+00:00","dateModified":"2024-11-18T13:44:38+00:00","mainEntityOfPage":{"@id":"https:\/\/www.institutodeengenharia.org.br\/site\/2024\/11\/15\/o-brasil-e-a-bioeconomia-para-alem-da-cop-30-2\/"},"wordCount":930,"commentCount":0,"publisher":{"@id":"https:\/\/www.institutodeengenharia.org.br\/site\/#organization"},"image":{"@id":"https:\/\/www.institutodeengenharia.org.br\/site\/2024\/11\/15\/o-brasil-e-a-bioeconomia-para-alem-da-cop-30-2\/#primaryimage"},"thumbnailUrl":"https:\/\/www.institutodeengenharia.org.br\/site\/wp-content\/uploads\/2024\/11\/capa-bioeconomias.png","articleSection":["Articulistas","Eduardo Lafraia"],"inLanguage":"pt-BR","potentialAction":[{"@type":"CommentAction","name":"Comment","target":["https:\/\/www.institutodeengenharia.org.br\/site\/2024\/11\/15\/o-brasil-e-a-bioeconomia-para-alem-da-cop-30-2\/#respond"]}]},{"@type":"WebPage","@id":"https:\/\/www.institutodeengenharia.org.br\/site\/2024\/11\/15\/o-brasil-e-a-bioeconomia-para-alem-da-cop-30-2\/","url":"https:\/\/www.institutodeengenharia.org.br\/site\/2024\/11\/15\/o-brasil-e-a-bioeconomia-para-alem-da-cop-30-2\/","name":"Por Eduardo Lafraia - O Brasil e a bioeconomia para al\u00e9m da COP-30 - Instituto de Engenharia","isPartOf":{"@id":"https:\/\/www.institutodeengenharia.org.br\/site\/#website"},"primaryImageOfPage":{"@id":"https:\/\/www.institutodeengenharia.org.br\/site\/2024\/11\/15\/o-brasil-e-a-bioeconomia-para-alem-da-cop-30-2\/#primaryimage"},"image":{"@id":"https:\/\/www.institutodeengenharia.org.br\/site\/2024\/11\/15\/o-brasil-e-a-bioeconomia-para-alem-da-cop-30-2\/#primaryimage"},"thumbnailUrl":"https:\/\/www.institutodeengenharia.org.br\/site\/wp-content\/uploads\/2024\/11\/capa-bioeconomias.png","datePublished":"2024-11-15T13:30:19+00:00","dateModified":"2024-11-18T13:44:38+00:00","breadcrumb":{"@id":"https:\/\/www.institutodeengenharia.org.br\/site\/2024\/11\/15\/o-brasil-e-a-bioeconomia-para-alem-da-cop-30-2\/#breadcrumb"},"inLanguage":"pt-BR","potentialAction":[{"@type":"ReadAction","target":["https:\/\/www.institutodeengenharia.org.br\/site\/2024\/11\/15\/o-brasil-e-a-bioeconomia-para-alem-da-cop-30-2\/"]}]},{"@type":"ImageObject","inLanguage":"pt-BR","@id":"https:\/\/www.institutodeengenharia.org.br\/site\/2024\/11\/15\/o-brasil-e-a-bioeconomia-para-alem-da-cop-30-2\/#primaryimage","url":"https:\/\/www.institutodeengenharia.org.br\/site\/wp-content\/uploads\/2024\/11\/capa-bioeconomias.png","contentUrl":"https:\/\/www.institutodeengenharia.org.br\/site\/wp-content\/uploads\/2024\/11\/capa-bioeconomias.png","width":533,"height":761},{"@type":"BreadcrumbList","@id":"https:\/\/www.institutodeengenharia.org.br\/site\/2024\/11\/15\/o-brasil-e-a-bioeconomia-para-alem-da-cop-30-2\/#breadcrumb","itemListElement":[{"@type":"ListItem","position":1,"name":"In\u00edcio","item":"https:\/\/www.institutodeengenharia.org.br\/site\/"},{"@type":"ListItem","position":2,"name":"Por Eduardo Lafraia &#8211; O Brasil e a bioeconomia para al\u00e9m da COP-30"}]},{"@type":"WebSite","@id":"https:\/\/www.institutodeengenharia.org.br\/site\/#website","url":"https:\/\/www.institutodeengenharia.org.br\/site\/","name":"Instituto de Engenharia","description":"O Instituto de Engenharia promove a Engenharia em benef\u00edcio do desenvolvimento e da qualidade de vida da sociedade.","publisher":{"@id":"https:\/\/www.institutodeengenharia.org.br\/site\/#organization"},"potentialAction":[{"@type":"SearchAction","target":{"@type":"EntryPoint","urlTemplate":"https:\/\/www.institutodeengenharia.org.br\/site\/?s={search_term_string}"},"query-input":{"@type":"PropertyValueSpecification","valueRequired":true,"valueName":"search_term_string"}}],"inLanguage":"pt-BR"},{"@type":"Organization","@id":"https:\/\/www.institutodeengenharia.org.br\/site\/#organization","name":"Instituto de Engenharia","url":"https:\/\/www.institutodeengenharia.org.br\/site\/","logo":{"@type":"ImageObject","inLanguage":"pt-BR","@id":"https:\/\/www.institutodeengenharia.org.br\/site\/#\/schema\/logo\/image\/","url":"https:\/\/www.institutodeengenharia.org.br\/site\/wp-content\/uploads\/2019\/03\/logo-novo-IE2018-1.jpg","contentUrl":"https:\/\/www.institutodeengenharia.org.br\/site\/wp-content\/uploads\/2019\/03\/logo-novo-IE2018-1.jpg","width":1486,"height":1879,"caption":"Instituto de Engenharia"},"image":{"@id":"https:\/\/www.institutodeengenharia.org.br\/site\/#\/schema\/logo\/image\/"},"sameAs":["https:\/\/www.facebook.com\/institutodeengenharia","https:\/\/x.com\/iengenharia","https:\/\/www.instagram.com\/institutodeengenharia\/","https:\/\/www.linkedin.com\/company\/instituto-de-engenharia\/","https:\/\/www.youtube.com\/channel\/UCXiCAlsSMe977vamW915HxA"]},{"@type":"Person","@id":"https:\/\/www.institutodeengenharia.org.br\/site\/#\/schema\/person\/593dc356630173a4877a635d3e5fd76b","name":"Isabel","image":{"@type":"ImageObject","inLanguage":"pt-BR","@id":"https:\/\/secure.gravatar.com\/avatar\/f3c521db63ec9db17894f10a88c6a3cf95b2281d7f80eeb3cf3ef1cb091576e7?s=96&d=mm&r=g","url":"https:\/\/secure.gravatar.com\/avatar\/f3c521db63ec9db17894f10a88c6a3cf95b2281d7f80eeb3cf3ef1cb091576e7?s=96&d=mm&r=g","contentUrl":"https:\/\/secure.gravatar.com\/avatar\/f3c521db63ec9db17894f10a88c6a3cf95b2281d7f80eeb3cf3ef1cb091576e7?s=96&d=mm&r=g","caption":"Isabel"},"url":"https:\/\/www.institutodeengenharia.org.br\/site\/author\/comunicacao2\/"}]}},"_links":{"self":[{"href":"https:\/\/www.institutodeengenharia.org.br\/site\/wp-json\/wp\/v2\/posts\/125211","targetHints":{"allow":["GET"]}}],"collection":[{"href":"https:\/\/www.institutodeengenharia.org.br\/site\/wp-json\/wp\/v2\/posts"}],"about":[{"href":"https:\/\/www.institutodeengenharia.org.br\/site\/wp-json\/wp\/v2\/types\/post"}],"author":[{"embeddable":true,"href":"https:\/\/www.institutodeengenharia.org.br\/site\/wp-json\/wp\/v2\/users\/14"}],"replies":[{"embeddable":true,"href":"https:\/\/www.institutodeengenharia.org.br\/site\/wp-json\/wp\/v2\/comments?post=125211"}],"version-history":[{"count":6,"href":"https:\/\/www.institutodeengenharia.org.br\/site\/wp-json\/wp\/v2\/posts\/125211\/revisions"}],"predecessor-version":[{"id":125224,"href":"https:\/\/www.institutodeengenharia.org.br\/site\/wp-json\/wp\/v2\/posts\/125211\/revisions\/125224"}],"wp:featuredmedia":[{"embeddable":true,"href":"https:\/\/www.institutodeengenharia.org.br\/site\/wp-json\/wp\/v2\/media\/125221"}],"wp:attachment":[{"href":"https:\/\/www.institutodeengenharia.org.br\/site\/wp-json\/wp\/v2\/media?parent=125211"}],"wp:term":[{"taxonomy":"category","embeddable":true,"href":"https:\/\/www.institutodeengenharia.org.br\/site\/wp-json\/wp\/v2\/categories?post=125211"},{"taxonomy":"post_tag","embeddable":true,"href":"https:\/\/www.institutodeengenharia.org.br\/site\/wp-json\/wp\/v2\/tags?post=125211"}],"curies":[{"name":"wp","href":"https:\/\/api.w.org\/{rel}","templated":true}]}}