{"id":125164,"date":"2024-11-14T10:59:56","date_gmt":"2024-11-14T13:59:56","guid":{"rendered":"https:\/\/www.institutodeengenharia.org.br\/site\/?p=125164"},"modified":"2024-11-14T11:27:35","modified_gmt":"2024-11-14T14:27:35","slug":"presidente-do-ie-prestigia-posse-de-marcello-nitz","status":"publish","type":"post","link":"https:\/\/www.institutodeengenharia.org.br\/site\/2024\/11\/14\/presidente-do-ie-prestigia-posse-de-marcello-nitz\/","title":{"rendered":"Presidente do IE prestigia posse de Marcello Nitz"},"content":{"rendered":"<p>O presidente do Instituto de Engenharia, Jos\u00e9 Eduardo Jardim, esteve nesta quarta (13), prestigiou a posse do novo reitor do Centro Universit\u00e1rio, prof. Marcello Nitz, que tem mais de 28 anos de experi\u00eancia acad\u00eamica e j\u00e1 ocupou cargos de gest\u00e3o no pr\u00f3prio Instituto Mau\u00e1, incluindo a dire\u00e7\u00e3o da Escola de Engenharia.<\/p>\n<p>O evento tamb\u00e9m celebrou os 63 anos de Mau\u00e1 e as novidades da institui\u00e7\u00e3o para os pr\u00f3ximos anos. Ao longo de mais de seis d\u00e9cadas, a Mau\u00e1 se consolidou como um pilar de excel\u00eancia acad\u00eamica, inova\u00e7\u00e3o e forma\u00e7\u00e3o de l\u00edderes que transformam o futuro, sendo instrumento que gera impacto positivo por meio da Educa\u00e7\u00e3o. O nosso prop\u00f3sito \u00e9 fazer o Brasil avan\u00e7ar, em todas as dimens\u00f5es.<\/p>\n<p><em>Fonte: IMT<\/em><\/p>\n<div class=\"x11i5rnm xat24cr x1mh8g0r x1vvkbs xtlvy1s\">\n<div dir=\"auto\"><\/div>\n<\/div>\n","protected":false},"excerpt":{"rendered":"<p>O presidente do Instituto de Engenharia, Jos\u00e9 Eduardo Jardim, esteve nesta quarta (13), prestigiou a posse do novo reitor do Centro Universit\u00e1rio, prof. Marcello Nitz, que tem mais de 28 anos de experi\u00eancia acad\u00eamica e j\u00e1 ocupou cargos de gest\u00e3o no pr\u00f3prio Instituto Mau\u00e1, incluindo a dire\u00e7\u00e3o da Escola de Engenharia. O evento tamb\u00e9m celebrou [&hellip;]<\/p>\n","protected":false},"author":14,"featured_media":125171,"comment_status":"open","ping_status":"open","sticky":false,"template":"","format":"standard","meta":{"footnotes":""},"categories":[23,27,6,1],"tags":[],"class_list":{"0":"post-125164","1":"post","2":"type-post","3":"status-publish","4":"format-standard","5":"has-post-thumbnail","7":"category-educacao","8":"category-instituto-de-engenharia","9":"category-noticias","10":"category-sem-categoria"},"yoast_head":"<!-- This site is optimized with the Yoast SEO plugin v27.2 - https:\/\/yoast.com\/product\/yoast-seo-wordpress\/ -->\n<title>Presidente do IE prestigia posse de Marcello Nitz - Instituto de Engenharia<\/title>\n<meta name=\"robots\" content=\"index, follow, max-snippet:-1, max-image-preview:large, max-video-preview:-1\" \/>\n<link rel=\"canonical\" href=\"https:\/\/www.institutodeengenharia.org.br\/site\/2024\/11\/14\/presidente-do-ie-prestigia-posse-de-marcello-nitz\/\" \/>\n<meta property=\"og:locale\" content=\"pt_BR\" \/>\n<meta property=\"og:type\" content=\"article\" \/>\n<meta property=\"og:title\" content=\"Presidente do IE prestigia posse de Marcello Nitz - Instituto de Engenharia\" \/>\n<meta property=\"og:description\" content=\"O presidente do Instituto de Engenharia, Jos\u00e9 Eduardo Jardim, esteve nesta quarta (13), prestigiou a posse do novo reitor do Centro Universit\u00e1rio, prof. Marcello Nitz, que tem mais de 28 anos de experi\u00eancia acad\u00eamica e j\u00e1 ocupou cargos de gest\u00e3o no pr\u00f3prio Instituto Mau\u00e1, incluindo a dire\u00e7\u00e3o da Escola de Engenharia. O evento tamb\u00e9m celebrou [&hellip;]\" \/>\n<meta property=\"og:url\" content=\"https:\/\/www.institutodeengenharia.org.br\/site\/2024\/11\/14\/presidente-do-ie-prestigia-posse-de-marcello-nitz\/\" \/>\n<meta property=\"og:site_name\" content=\"Instituto de Engenharia\" \/>\n<meta property=\"article:publisher\" content=\"https:\/\/www.facebook.com\/institutodeengenharia\" \/>\n<meta property=\"article:published_time\" content=\"2024-11-14T13:59:56+00:00\" \/>\n<meta property=\"article:modified_time\" content=\"2024-11-14T14:27:35+00:00\" \/>\n<meta property=\"og:image\" content=\"https:\/\/www.institutodeengenharia.org.br\/site\/wp-content\/uploads\/2024\/11\/Posse-do-Reitor-da-Maua.png\" \/>\n\t<meta property=\"og:image:width\" content=\"1076\" \/>\n\t<meta property=\"og:image:height\" content=\"648\" \/>\n\t<meta property=\"og:image:type\" content=\"image\/png\" \/>\n<meta name=\"author\" content=\"Isabel\" \/>\n<meta name=\"twitter:card\" content=\"summary_large_image\" \/>\n<meta name=\"twitter:creator\" content=\"@iengenharia\" \/>\n<meta name=\"twitter:site\" content=\"@iengenharia\" \/>\n<meta name=\"twitter:label1\" content=\"Escrito por\" \/>\n\t<meta name=\"twitter:data1\" content=\"Isabel\" \/>\n\t<meta name=\"twitter:label2\" content=\"Est. tempo de leitura\" \/>\n\t<meta name=\"twitter:data2\" content=\"1 minuto\" \/>\n<script type=\"application\/ld+json\" class=\"yoast-schema-graph\">{\"@context\":\"https:\/\/schema.org\",\"@graph\":[{\"@type\":\"Article\",\"@id\":\"https:\/\/www.institutodeengenharia.org.br\/site\/2024\/11\/14\/presidente-do-ie-prestigia-posse-de-marcello-nitz\/#article\",\"isPartOf\":{\"@id\":\"https:\/\/www.institutodeengenharia.org.br\/site\/2024\/11\/14\/presidente-do-ie-prestigia-posse-de-marcello-nitz\/\"},\"author\":{\"name\":\"Isabel\",\"@id\":\"https:\/\/www.institutodeengenharia.org.br\/site\/#\/schema\/person\/593dc356630173a4877a635d3e5fd76b\"},\"headline\":\"Presidente do IE prestigia posse de Marcello Nitz\",\"datePublished\":\"2024-11-14T13:59:56+00:00\",\"dateModified\":\"2024-11-14T14:27:35+00:00\",\"mainEntityOfPage\":{\"@id\":\"https:\/\/www.institutodeengenharia.org.br\/site\/2024\/11\/14\/presidente-do-ie-prestigia-posse-de-marcello-nitz\/\"},\"wordCount\":142,\"commentCount\":0,\"publisher\":{\"@id\":\"https:\/\/www.institutodeengenharia.org.br\/site\/#organization\"},\"image\":{\"@id\":\"https:\/\/www.institutodeengenharia.org.br\/site\/2024\/11\/14\/presidente-do-ie-prestigia-posse-de-marcello-nitz\/#primaryimage\"},\"thumbnailUrl\":\"https:\/\/www.institutodeengenharia.org.br\/site\/wp-content\/uploads\/2024\/11\/Posse-do-Reitor-da-Maua.png\",\"articleSection\":[\"Educa\u00e7\u00e3o\",\"Instituto de Engenharia\",\"Not\u00edcias\"],\"inLanguage\":\"pt-BR\",\"potentialAction\":[{\"@type\":\"CommentAction\",\"name\":\"Comment\",\"target\":[\"https:\/\/www.institutodeengenharia.org.br\/site\/2024\/11\/14\/presidente-do-ie-prestigia-posse-de-marcello-nitz\/#respond\"]}]},{\"@type\":\"WebPage\",\"@id\":\"https:\/\/www.institutodeengenharia.org.br\/site\/2024\/11\/14\/presidente-do-ie-prestigia-posse-de-marcello-nitz\/\",\"url\":\"https:\/\/www.institutodeengenharia.org.br\/site\/2024\/11\/14\/presidente-do-ie-prestigia-posse-de-marcello-nitz\/\",\"name\":\"Presidente do IE prestigia posse de Marcello Nitz - Instituto de Engenharia\",\"isPartOf\":{\"@id\":\"https:\/\/www.institutodeengenharia.org.br\/site\/#website\"},\"primaryImageOfPage\":{\"@id\":\"https:\/\/www.institutodeengenharia.org.br\/site\/2024\/11\/14\/presidente-do-ie-prestigia-posse-de-marcello-nitz\/#primaryimage\"},\"image\":{\"@id\":\"https:\/\/www.institutodeengenharia.org.br\/site\/2024\/11\/14\/presidente-do-ie-prestigia-posse-de-marcello-nitz\/#primaryimage\"},\"thumbnailUrl\":\"https:\/\/www.institutodeengenharia.org.br\/site\/wp-content\/uploads\/2024\/11\/Posse-do-Reitor-da-Maua.png\",\"datePublished\":\"2024-11-14T13:59:56+00:00\",\"dateModified\":\"2024-11-14T14:27:35+00:00\",\"breadcrumb\":{\"@id\":\"https:\/\/www.institutodeengenharia.org.br\/site\/2024\/11\/14\/presidente-do-ie-prestigia-posse-de-marcello-nitz\/#breadcrumb\"},\"inLanguage\":\"pt-BR\",\"potentialAction\":[{\"@type\":\"ReadAction\",\"target\":[\"https:\/\/www.institutodeengenharia.org.br\/site\/2024\/11\/14\/presidente-do-ie-prestigia-posse-de-marcello-nitz\/\"]}]},{\"@type\":\"ImageObject\",\"inLanguage\":\"pt-BR\",\"@id\":\"https:\/\/www.institutodeengenharia.org.br\/site\/2024\/11\/14\/presidente-do-ie-prestigia-posse-de-marcello-nitz\/#primaryimage\",\"url\":\"https:\/\/www.institutodeengenharia.org.br\/site\/wp-content\/uploads\/2024\/11\/Posse-do-Reitor-da-Maua.png\",\"contentUrl\":\"https:\/\/www.institutodeengenharia.org.br\/site\/wp-content\/uploads\/2024\/11\/Posse-do-Reitor-da-Maua.png\",\"width\":1076,\"height\":648,\"caption\":\"Jos\u00e9 Eduardo Jardim (1\u00ba \u00e0 esq.) na celebra\u00e7\u00e3o da posse de Marcello Nitz (1\u00ba \u00e0 dir.), como reitor do IMT\"},{\"@type\":\"BreadcrumbList\",\"@id\":\"https:\/\/www.institutodeengenharia.org.br\/site\/2024\/11\/14\/presidente-do-ie-prestigia-posse-de-marcello-nitz\/#breadcrumb\",\"itemListElement\":[{\"@type\":\"ListItem\",\"position\":1,\"name\":\"In\u00edcio\",\"item\":\"https:\/\/www.institutodeengenharia.org.br\/site\/\"},{\"@type\":\"ListItem\",\"position\":2,\"name\":\"Presidente do IE prestigia posse de Marcello Nitz\"}]},{\"@type\":\"WebSite\",\"@id\":\"https:\/\/www.institutodeengenharia.org.br\/site\/#website\",\"url\":\"https:\/\/www.institutodeengenharia.org.br\/site\/\",\"name\":\"Instituto de Engenharia\",\"description\":\"O Instituto de Engenharia promove a Engenharia em benef\u00edcio do desenvolvimento e da qualidade de vida da sociedade.\",\"publisher\":{\"@id\":\"https:\/\/www.institutodeengenharia.org.br\/site\/#organization\"},\"potentialAction\":[{\"@type\":\"SearchAction\",\"target\":{\"@type\":\"EntryPoint\",\"urlTemplate\":\"https:\/\/www.institutodeengenharia.org.br\/site\/?s={search_term_string}\"},\"query-input\":{\"@type\":\"PropertyValueSpecification\",\"valueRequired\":true,\"valueName\":\"search_term_string\"}}],\"inLanguage\":\"pt-BR\"},{\"@type\":\"Organization\",\"@id\":\"https:\/\/www.institutodeengenharia.org.br\/site\/#organization\",\"name\":\"Instituto de Engenharia\",\"url\":\"https:\/\/www.institutodeengenharia.org.br\/site\/\",\"logo\":{\"@type\":\"ImageObject\",\"inLanguage\":\"pt-BR\",\"@id\":\"https:\/\/www.institutodeengenharia.org.br\/site\/#\/schema\/logo\/image\/\",\"url\":\"https:\/\/www.institutodeengenharia.org.br\/site\/wp-content\/uploads\/2019\/03\/logo-novo-IE2018-1.jpg\",\"contentUrl\":\"https:\/\/www.institutodeengenharia.org.br\/site\/wp-content\/uploads\/2019\/03\/logo-novo-IE2018-1.jpg\",\"width\":1486,\"height\":1879,\"caption\":\"Instituto de Engenharia\"},\"image\":{\"@id\":\"https:\/\/www.institutodeengenharia.org.br\/site\/#\/schema\/logo\/image\/\"},\"sameAs\":[\"https:\/\/www.facebook.com\/institutodeengenharia\",\"https:\/\/x.com\/iengenharia\",\"https:\/\/www.instagram.com\/institutodeengenharia\/\",\"https:\/\/www.linkedin.com\/company\/instituto-de-engenharia\/\",\"https:\/\/www.youtube.com\/channel\/UCXiCAlsSMe977vamW915HxA\"]},{\"@type\":\"Person\",\"@id\":\"https:\/\/www.institutodeengenharia.org.br\/site\/#\/schema\/person\/593dc356630173a4877a635d3e5fd76b\",\"name\":\"Isabel\",\"image\":{\"@type\":\"ImageObject\",\"inLanguage\":\"pt-BR\",\"@id\":\"https:\/\/secure.gravatar.com\/avatar\/f3c521db63ec9db17894f10a88c6a3cf95b2281d7f80eeb3cf3ef1cb091576e7?s=96&d=mm&r=g\",\"url\":\"https:\/\/secure.gravatar.com\/avatar\/f3c521db63ec9db17894f10a88c6a3cf95b2281d7f80eeb3cf3ef1cb091576e7?s=96&d=mm&r=g\",\"contentUrl\":\"https:\/\/secure.gravatar.com\/avatar\/f3c521db63ec9db17894f10a88c6a3cf95b2281d7f80eeb3cf3ef1cb091576e7?s=96&d=mm&r=g\",\"caption\":\"Isabel\"},\"url\":\"https:\/\/www.institutodeengenharia.org.br\/site\/author\/comunicacao2\/\"}]}<\/script>\n<!-- \/ Yoast SEO plugin. -->","yoast_head_json":{"title":"Presidente do IE prestigia posse de Marcello Nitz - Instituto de Engenharia","robots":{"index":"index","follow":"follow","max-snippet":"max-snippet:-1","max-image-preview":"max-image-preview:large","max-video-preview":"max-video-preview:-1"},"canonical":"https:\/\/www.institutodeengenharia.org.br\/site\/2024\/11\/14\/presidente-do-ie-prestigia-posse-de-marcello-nitz\/","og_locale":"pt_BR","og_type":"article","og_title":"Presidente do IE prestigia posse de Marcello Nitz - Instituto de Engenharia","og_description":"O presidente do Instituto de Engenharia, Jos\u00e9 Eduardo Jardim, esteve nesta quarta (13), prestigiou a posse do novo reitor do Centro Universit\u00e1rio, prof. Marcello Nitz, que tem mais de 28 anos de experi\u00eancia acad\u00eamica e j\u00e1 ocupou cargos de gest\u00e3o no pr\u00f3prio Instituto Mau\u00e1, incluindo a dire\u00e7\u00e3o da Escola de Engenharia. O evento tamb\u00e9m celebrou [&hellip;]","og_url":"https:\/\/www.institutodeengenharia.org.br\/site\/2024\/11\/14\/presidente-do-ie-prestigia-posse-de-marcello-nitz\/","og_site_name":"Instituto de Engenharia","article_publisher":"https:\/\/www.facebook.com\/institutodeengenharia","article_published_time":"2024-11-14T13:59:56+00:00","article_modified_time":"2024-11-14T14:27:35+00:00","og_image":[{"width":1076,"height":648,"url":"https:\/\/www.institutodeengenharia.org.br\/site\/wp-content\/uploads\/2024\/11\/Posse-do-Reitor-da-Maua.png","type":"image\/png"}],"author":"Isabel","twitter_card":"summary_large_image","twitter_creator":"@iengenharia","twitter_site":"@iengenharia","twitter_misc":{"Escrito por":"Isabel","Est. tempo de leitura":"1 minuto"},"schema":{"@context":"https:\/\/schema.org","@graph":[{"@type":"Article","@id":"https:\/\/www.institutodeengenharia.org.br\/site\/2024\/11\/14\/presidente-do-ie-prestigia-posse-de-marcello-nitz\/#article","isPartOf":{"@id":"https:\/\/www.institutodeengenharia.org.br\/site\/2024\/11\/14\/presidente-do-ie-prestigia-posse-de-marcello-nitz\/"},"author":{"name":"Isabel","@id":"https:\/\/www.institutodeengenharia.org.br\/site\/#\/schema\/person\/593dc356630173a4877a635d3e5fd76b"},"headline":"Presidente do IE prestigia posse de Marcello Nitz","datePublished":"2024-11-14T13:59:56+00:00","dateModified":"2024-11-14T14:27:35+00:00","mainEntityOfPage":{"@id":"https:\/\/www.institutodeengenharia.org.br\/site\/2024\/11\/14\/presidente-do-ie-prestigia-posse-de-marcello-nitz\/"},"wordCount":142,"commentCount":0,"publisher":{"@id":"https:\/\/www.institutodeengenharia.org.br\/site\/#organization"},"image":{"@id":"https:\/\/www.institutodeengenharia.org.br\/site\/2024\/11\/14\/presidente-do-ie-prestigia-posse-de-marcello-nitz\/#primaryimage"},"thumbnailUrl":"https:\/\/www.institutodeengenharia.org.br\/site\/wp-content\/uploads\/2024\/11\/Posse-do-Reitor-da-Maua.png","articleSection":["Educa\u00e7\u00e3o","Instituto de Engenharia","Not\u00edcias"],"inLanguage":"pt-BR","potentialAction":[{"@type":"CommentAction","name":"Comment","target":["https:\/\/www.institutodeengenharia.org.br\/site\/2024\/11\/14\/presidente-do-ie-prestigia-posse-de-marcello-nitz\/#respond"]}]},{"@type":"WebPage","@id":"https:\/\/www.institutodeengenharia.org.br\/site\/2024\/11\/14\/presidente-do-ie-prestigia-posse-de-marcello-nitz\/","url":"https:\/\/www.institutodeengenharia.org.br\/site\/2024\/11\/14\/presidente-do-ie-prestigia-posse-de-marcello-nitz\/","name":"Presidente do IE prestigia posse de Marcello Nitz - Instituto de Engenharia","isPartOf":{"@id":"https:\/\/www.institutodeengenharia.org.br\/site\/#website"},"primaryImageOfPage":{"@id":"https:\/\/www.institutodeengenharia.org.br\/site\/2024\/11\/14\/presidente-do-ie-prestigia-posse-de-marcello-nitz\/#primaryimage"},"image":{"@id":"https:\/\/www.institutodeengenharia.org.br\/site\/2024\/11\/14\/presidente-do-ie-prestigia-posse-de-marcello-nitz\/#primaryimage"},"thumbnailUrl":"https:\/\/www.institutodeengenharia.org.br\/site\/wp-content\/uploads\/2024\/11\/Posse-do-Reitor-da-Maua.png","datePublished":"2024-11-14T13:59:56+00:00","dateModified":"2024-11-14T14:27:35+00:00","breadcrumb":{"@id":"https:\/\/www.institutodeengenharia.org.br\/site\/2024\/11\/14\/presidente-do-ie-prestigia-posse-de-marcello-nitz\/#breadcrumb"},"inLanguage":"pt-BR","potentialAction":[{"@type":"ReadAction","target":["https:\/\/www.institutodeengenharia.org.br\/site\/2024\/11\/14\/presidente-do-ie-prestigia-posse-de-marcello-nitz\/"]}]},{"@type":"ImageObject","inLanguage":"pt-BR","@id":"https:\/\/www.institutodeengenharia.org.br\/site\/2024\/11\/14\/presidente-do-ie-prestigia-posse-de-marcello-nitz\/#primaryimage","url":"https:\/\/www.institutodeengenharia.org.br\/site\/wp-content\/uploads\/2024\/11\/Posse-do-Reitor-da-Maua.png","contentUrl":"https:\/\/www.institutodeengenharia.org.br\/site\/wp-content\/uploads\/2024\/11\/Posse-do-Reitor-da-Maua.png","width":1076,"height":648,"caption":"Jos\u00e9 Eduardo Jardim (1\u00ba \u00e0 esq.) na celebra\u00e7\u00e3o da posse de Marcello Nitz (1\u00ba \u00e0 dir.), como reitor do IMT"},{"@type":"BreadcrumbList","@id":"https:\/\/www.institutodeengenharia.org.br\/site\/2024\/11\/14\/presidente-do-ie-prestigia-posse-de-marcello-nitz\/#breadcrumb","itemListElement":[{"@type":"ListItem","position":1,"name":"In\u00edcio","item":"https:\/\/www.institutodeengenharia.org.br\/site\/"},{"@type":"ListItem","position":2,"name":"Presidente do IE prestigia posse de Marcello Nitz"}]},{"@type":"WebSite","@id":"https:\/\/www.institutodeengenharia.org.br\/site\/#website","url":"https:\/\/www.institutodeengenharia.org.br\/site\/","name":"Instituto de Engenharia","description":"O Instituto de Engenharia promove a Engenharia em benef\u00edcio do desenvolvimento e da qualidade de vida da sociedade.","publisher":{"@id":"https:\/\/www.institutodeengenharia.org.br\/site\/#organization"},"potentialAction":[{"@type":"SearchAction","target":{"@type":"EntryPoint","urlTemplate":"https:\/\/www.institutodeengenharia.org.br\/site\/?s={search_term_string}"},"query-input":{"@type":"PropertyValueSpecification","valueRequired":true,"valueName":"search_term_string"}}],"inLanguage":"pt-BR"},{"@type":"Organization","@id":"https:\/\/www.institutodeengenharia.org.br\/site\/#organization","name":"Instituto de Engenharia","url":"https:\/\/www.institutodeengenharia.org.br\/site\/","logo":{"@type":"ImageObject","inLanguage":"pt-BR","@id":"https:\/\/www.institutodeengenharia.org.br\/site\/#\/schema\/logo\/image\/","url":"https:\/\/www.institutodeengenharia.org.br\/site\/wp-content\/uploads\/2019\/03\/logo-novo-IE2018-1.jpg","contentUrl":"https:\/\/www.institutodeengenharia.org.br\/site\/wp-content\/uploads\/2019\/03\/logo-novo-IE2018-1.jpg","width":1486,"height":1879,"caption":"Instituto de Engenharia"},"image":{"@id":"https:\/\/www.institutodeengenharia.org.br\/site\/#\/schema\/logo\/image\/"},"sameAs":["https:\/\/www.facebook.com\/institutodeengenharia","https:\/\/x.com\/iengenharia","https:\/\/www.instagram.com\/institutodeengenharia\/","https:\/\/www.linkedin.com\/company\/instituto-de-engenharia\/","https:\/\/www.youtube.com\/channel\/UCXiCAlsSMe977vamW915HxA"]},{"@type":"Person","@id":"https:\/\/www.institutodeengenharia.org.br\/site\/#\/schema\/person\/593dc356630173a4877a635d3e5fd76b","name":"Isabel","image":{"@type":"ImageObject","inLanguage":"pt-BR","@id":"https:\/\/secure.gravatar.com\/avatar\/f3c521db63ec9db17894f10a88c6a3cf95b2281d7f80eeb3cf3ef1cb091576e7?s=96&d=mm&r=g","url":"https:\/\/secure.gravatar.com\/avatar\/f3c521db63ec9db17894f10a88c6a3cf95b2281d7f80eeb3cf3ef1cb091576e7?s=96&d=mm&r=g","contentUrl":"https:\/\/secure.gravatar.com\/avatar\/f3c521db63ec9db17894f10a88c6a3cf95b2281d7f80eeb3cf3ef1cb091576e7?s=96&d=mm&r=g","caption":"Isabel"},"url":"https:\/\/www.institutodeengenharia.org.br\/site\/author\/comunicacao2\/"}]}},"_links":{"self":[{"href":"https:\/\/www.institutodeengenharia.org.br\/site\/wp-json\/wp\/v2\/posts\/125164","targetHints":{"allow":["GET"]}}],"collection":[{"href":"https:\/\/www.institutodeengenharia.org.br\/site\/wp-json\/wp\/v2\/posts"}],"about":[{"href":"https:\/\/www.institutodeengenharia.org.br\/site\/wp-json\/wp\/v2\/types\/post"}],"author":[{"embeddable":true,"href":"https:\/\/www.institutodeengenharia.org.br\/site\/wp-json\/wp\/v2\/users\/14"}],"replies":[{"embeddable":true,"href":"https:\/\/www.institutodeengenharia.org.br\/site\/wp-json\/wp\/v2\/comments?post=125164"}],"version-history":[{"count":1,"href":"https:\/\/www.institutodeengenharia.org.br\/site\/wp-json\/wp\/v2\/posts\/125164\/revisions"}],"predecessor-version":[{"id":125166,"href":"https:\/\/www.institutodeengenharia.org.br\/site\/wp-json\/wp\/v2\/posts\/125164\/revisions\/125166"}],"wp:featuredmedia":[{"embeddable":true,"href":"https:\/\/www.institutodeengenharia.org.br\/site\/wp-json\/wp\/v2\/media\/125171"}],"wp:attachment":[{"href":"https:\/\/www.institutodeengenharia.org.br\/site\/wp-json\/wp\/v2\/media?parent=125164"}],"wp:term":[{"taxonomy":"category","embeddable":true,"href":"https:\/\/www.institutodeengenharia.org.br\/site\/wp-json\/wp\/v2\/categories?post=125164"},{"taxonomy":"post_tag","embeddable":true,"href":"https:\/\/www.institutodeengenharia.org.br\/site\/wp-json\/wp\/v2\/tags?post=125164"}],"curies":[{"name":"wp","href":"https:\/\/api.w.org\/{rel}","templated":true}]}}