{"id":124766,"date":"2024-10-28T15:49:07","date_gmt":"2024-10-28T18:49:07","guid":{"rendered":"https:\/\/www.institutodeengenharia.org.br\/site\/?p=124766"},"modified":"2024-10-28T15:49:07","modified_gmt":"2024-10-28T18:49:07","slug":"por-ivan-metran-whately-meio-seculo-da-primeira-linha-de-metro-do-brasil","status":"publish","type":"post","link":"https:\/\/www.institutodeengenharia.org.br\/site\/2024\/10\/28\/por-ivan-metran-whately-meio-seculo-da-primeira-linha-de-metro-do-brasil\/","title":{"rendered":"Por Ivan Metran Whately \u2013 Meio S\u00e9culo da Primeira Linha de Metr\u00f4 do Brasil"},"content":{"rendered":"<p style=\"margin-bottom: 13.5pt; text-align: justify; background: white;\"><span style=\"font-family: 'Arial',sans-serif; color: black; background: white;\">H\u00e1 50 anos, no dia 14 de setembro de 1974, celebrou-se a primeira viagem de Metr\u00f4 em S\u00e3o Paulo. Na ocasi\u00e3o, entrou em opera\u00e7\u00e3o um trecho de 7 km de extens\u00e3o da ent\u00e3o denominada Linha Norte-Sul, atual Linha 01-Azul da Companhia do Metropolitano de S\u00e3o Paulo &#8211; Metr\u00f4 SP. Este trecho foi um pequeno passo para a popula\u00e7\u00e3o da cidade, ao percorrer apenas sete esta\u00e7\u00f5es entre Jabaquara e Vila Mariana, mas significou um grande salto para o pa\u00eds, parafraseando o que foi dito cinco anos pelo primeiro homem a pisar na lua, o astronauta americano <\/span><span style=\"font-family: 'Arial',sans-serif; color: black; background: white;\">Neil Armstrong. <\/span><\/p>\n<p style=\"margin-bottom: 13.5pt; text-align: justify; background: white;\"><span style=\"font-family: 'Arial',sans-serif; color: black;\">A nova linha de metr\u00f4, realmente, foi um salto na introdu\u00e7\u00e3o de novas tecnologias de transporte no Brasil. Ocorreu algo de novo e grandioso na cidade de S\u00e3o Paulo que alterou o patamar da aglomera\u00e7\u00e3o urbana e a imagem externa do pa\u00eds. Esta linha precursora de metr\u00f4 foi implementada em toda a sua extens\u00e3o nos anos seguintes e, ainda, uma rede sobre trilhos teve continuidade com outras linhas, bem mais abrangente. Assim, foram implementadas as Linhas 03-Vermelha, 02-Verde, 04-Amarela, 05-Lil\u00e1s, 15-Prata e, continuam em execu\u00e7\u00e3o: a extens\u00e3o da Linha 02-Verde, Linha 17-Ouro e Linha 06-Laranja. A rede de metr\u00f4 expandiu numa velocidade em torno de 1,8 km\/ano e a extens\u00e3o atual, em opera\u00e7\u00e3o na cidade de S\u00e3o Paulo, \u00e9 de\u00a0104,4 km, com 91 esta\u00e7\u00f5es, sendo que passam por estas seis linhas mais de 5 milh\u00f5es de passageiros por dia. Quantidade semelhante \u00e0 transportada por metr\u00f4 em cidades como: Nova York, Paris e Londres. <\/span><\/p>\n<p style=\"margin-bottom: 13.5pt; text-align: justify; background: white;\"><span style=\"font-family: 'Arial',sans-serif; color: black;\">Desde os prim\u00f3rdios da opera\u00e7\u00e3o da Linha 01-Azul, foram observados os enormes benef\u00edcios socioecon\u00f4micos e a transforma\u00e7\u00e3o introduzida pela inova\u00e7\u00e3o no meio urbano. Assim, \u00e9 importante destacar que a expans\u00e3o da rede metrovi\u00e1ria mudou os h\u00e1bitos das pessoas, introduziu um novo modo de transporte e elevou a cidade em n\u00edvel compar\u00e1vel ao das principais metr\u00f3poles do mundo. Al\u00e9m dos benef\u00edcios diretos sobre o conforto, rapidez e seguran\u00e7a dos deslocamentos da popula\u00e7\u00e3o, a inova\u00e7\u00e3o introduzida pelo novo modo de transporte contribuiu para a melhoria do tr\u00e2nsito, teve impacto direto na emiss\u00e3o de gases de efeito estufa e na polui\u00e7\u00e3o do ar, como tamb\u00e9m na redu\u00e7\u00e3o de acidentes de tr\u00e2nsito, no custo operacional da mobilidade e na qualidade de vida da popula\u00e7\u00e3o. <\/span><\/p>\n<p style=\"margin-bottom: 13.5pt; text-align: justify; background: white;\"><span style=\"font-family: 'Arial',sans-serif; color: black;\">Paralelamente a todos estes benef\u00edcios mencionados, e at\u00e9 iniciado bem antes deles, o desenvolvimento tecnol\u00f3gico come\u00e7ou a partir de um importante documento t\u00e9cnico, ou seja: \u201cEstudos Socioecon\u00f4micos de Tr\u00e1fego e de Viabilidade Econ\u00f4mica-Financeira\u201d elaborado em 1968 pelo cons\u00f3rcio das empresas de consultoria Hoechtief, Montreal e Deconsult \u2013 HMD. Os dois volumes do relat\u00f3rio, tamb\u00e9m chamado de \u201cLivro Azul\u201d, atuaram como uma B\u00edblia inspirada na tecnologia alem\u00e3 que era a mais adiantada na \u00e9poca. Al\u00e9m do \u201cLivro Azul\u201d, os trabalhos t\u00e9cnicos iniciais se consubstanciaram em pesquisas de Origem e Destino, iniciadas na d\u00e9cada de 1960 e realizadas at\u00e9 hoje com atualiza\u00e7\u00e3o a cada 10 anos. O planejamento de uma nova linha ou a consolida\u00e7\u00e3o da rede de transporte multimodal est\u00e1, totalmente, dependente destes estudos para determina\u00e7\u00e3o das demandas de passageiros e do tra\u00e7ado. <\/span><\/p>\n<p style=\"margin-bottom: 13.5pt; text-align: justify; background: white;\"><span style=\"font-family: 'Arial',sans-serif; color: black;\">Com a inova\u00e7\u00e3o das linhas de metr\u00f4 no subsolo da cidade, a Engenharia ampliou sua atua\u00e7\u00e3o em todos os estudos preliminares e geol\u00f3gicos, como tamb\u00e9m nos estudos de tra\u00e7ado da linha que tiveram continuidade na evolu\u00e7\u00e3o tecnol\u00f3gica das especialidades de mec\u00e2nica dos solos, t\u00faneis, galerias, estruturas e demais ramos da engenharia civil, complementadas por todas as especialidades de sistemas. <\/span><\/p>\n<p style=\"margin-bottom: 13.5pt; text-align: justify; background: white;\"><span style=\"font-family: 'Arial',sans-serif; color: black;\">O desenvolvimento tecnol\u00f3gico n\u00e3o se limitou \u00e0 implementa\u00e7\u00e3o das vias e suas esta\u00e7\u00f5es, bem como \u00e0 opera\u00e7\u00e3o\/manuten\u00e7\u00e3o do material rodante. Os sistemas evolu\u00edram por meio de tecnologias de automa\u00e7\u00e3o que atingiram maior efici\u00eancia, rapidez e capacidade, mediante novos processos de controle como o CBTC e procedimentos de \u201cdriveless\u201d. Alguma inova\u00e7\u00e3o ocorreu na implanta\u00e7\u00e3o do bilhete \u00fanico e est\u00e3o por ocorrer avan\u00e7os na instrumentaliza\u00e7\u00e3o da administra\u00e7\u00e3o de um \u201cClearing\u201d metroplitano e na evolu\u00e7\u00e3o das normas de integra\u00e7\u00e3o intermodal. As pesquisas de opini\u00e3o apontam para o atendimento dos passageiros com qualidade, h\u00e1 oferta de wifi gratuito e os n\u00edveis de seguran\u00e7a pessoal s\u00e3o satisfat\u00f3rios. Enfim, os estudos preliminares, projeto, planejamento, execu\u00e7\u00e3o, opera\u00e7\u00e3o e manuten\u00e7\u00e3o envolveram e possibilitaram o desenvolvimento da engenharia em nossa cidade como nunca, com dissemina\u00e7\u00e3o dos conhecimentos t\u00e9cnicos em todo o pa\u00eds. <\/span><\/p>\n<p style=\"margin-bottom: 13.5pt; text-align: justify; background: white;\"><span style=\"font-family: 'Arial',sans-serif; color: black;\">Muitas empresas construtoras brasileiras tiveram oportunidade de trabalhar e acumular experi\u00eancia com as novas tecnologias e a <span style=\"background: white;\">Companhia<\/span> do Metropolitano de S\u00e3o Paulo que coordenou, durante todos estes anos este desenvolvimento tecnol\u00f3gico, acumula um acervo t\u00e9cnico muito importante para a engenharia e para o desenvolvimento do setor no Brasil. Nessa retrospectiva, n\u00e3o podemos esquecer a import\u00e2ncia hist\u00f3rica do Engenheiro Pl\u00ednio Osvaldo Assmann, como Presidente da <span style=\"background: white;\">Companhia<\/span> do Metropolitano de S\u00e3o Paulo. Este engenheiro, que tamb\u00e9m foi presidente do Instituto de Engenharia, teve atua\u00e7\u00e3o determinante para sucesso deste empreendimento, como tamb\u00e9m para tra\u00e7ar os princ\u00edpios de seguran\u00e7a, qualidade e produtividade definidos h\u00e1 mais de 50 anos e que norteiam at\u00e9 nossos dias a qualidade incontest\u00e1vel das linhas metrovi\u00e1rias de S\u00e3o Paulo em compara\u00e7\u00e3o com seus similares pelo mundo. <\/span><\/p>\n<p style=\"margin-bottom: 13.5pt; text-align: justify; background: white;\"><span style=\"font-family: 'Arial',sans-serif; color: black;\">A <span style=\"background: white;\">Companhia<\/span> do Metropolitano de S\u00e3o Paulo teve papel determinante nos estudos, planejamento, projeto, execu\u00e7\u00e3o, opera\u00e7\u00e3o e manuten\u00e7\u00e3o da importante rede metrovi\u00e1ria que foi implementada em S\u00e3o Paulo, tanto pela implica\u00e7\u00e3o socioecon\u00f4mica do empreendimento quanto pela amplitude do desenvolvimento tecnol\u00f3gico envolvido pelo setor desde a sua funda\u00e7\u00e3o em 1968. O acervo t\u00e9cnico desta entidade continuar\u00e1 a ser uma pe\u00e7a-chave na organiza\u00e7\u00e3o da rede multimodal de transporte da Regi\u00e3o Metropolitana de S\u00e3o Paulo que engloba outros modos de transporte e poder\u00e1 ser aproveitado na regula\u00e7\u00e3o e instrumentaliza\u00e7\u00e3o da interoperabilidade da rede metropolitana integrada, informatiza\u00e7\u00e3o do planejamento operacional, do sistema tarif\u00e1rio e de comunica\u00e7\u00e3o que, ainda, est\u00e3o por ser disseminados na regi\u00e3o. <\/span><\/p>\n<p style=\"margin-bottom: 13.5pt; text-align: justify; background: white;\"><span style=\"font-family: 'Arial',sans-serif; color: black;\">As linhas metrovi\u00e1rias implementadas em S\u00e3o Paulo colaboraram para a constru\u00e7\u00e3o de uma S\u00e3o Paulo mais conectada e acess\u00edvel, demonstrando que, mais do que um modo de transporte, \u00e9 um verdadeiro indutor de transforma\u00e7\u00e3o social e desenvolvimento do pa\u00eds. Para orgulho de todos n\u00f3s, o<\/span><span style=\"font-family: 'Arial',sans-serif;\"> desenvolvimento tecnol\u00f3gico dos \u00faltimos 50 anos no metr\u00f4 de S\u00e3o Paulo reflete um processo bem-sucedido de moderniza\u00e7\u00e3o cont\u00ednua, com foco em efici\u00eancia, seguran\u00e7a e sustentabilidade, resultando em um acervo t\u00e9cnico que precisa ser preservado. <\/span><\/p>\n<p>________________________________________________________________________<\/p>\n<p><img loading=\"lazy\" decoding=\"async\" class=\"alignnone wp-image-37543 td-animation-stack-type0-2\" src=\"https:\/\/www.institutodeengenharia.org.br\/site\/wp-content\/uploads\/2018\/08\/WhatsApp-Image-2018-08-29-at-14.42.54.jpeg\" sizes=\"auto, (max-width: 145px) 100vw, 145px\" srcset=\"https:\/\/www.institutodeengenharia.org.br\/site\/wp-content\/uploads\/2018\/08\/WhatsApp-Image-2018-08-29-at-14.42.54.jpeg 741w, https:\/\/www.institutodeengenharia.org.br\/site\/wp-content\/uploads\/2018\/08\/WhatsApp-Image-2018-08-29-at-14.42.54-233x300.jpeg 233w, https:\/\/www.institutodeengenharia.org.br\/site\/wp-content\/uploads\/2018\/08\/WhatsApp-Image-2018-08-29-at-14.42.54-696x897.jpeg 696w, https:\/\/www.institutodeengenharia.org.br\/site\/wp-content\/uploads\/2018\/08\/WhatsApp-Image-2018-08-29-at-14.42.54-326x420.jpeg 326w\" alt=\"\" width=\"145\" height=\"187\" \/><\/p>\n<p><strong>Ivan M. Whately<\/strong><\/p>\n<p>Engenheiro Civil e arquiteto, com especializa\u00e7\u00e3o em Planejamento de Transporte. Atualmente, \u00e9 vice-presidente de Atividades T\u00e9cnicas do Instituto de Engenharia.<\/p>\n<div class=\"td-pb-span8 td-main-content\" role=\"main\">\n<div class=\"td-ss-main-content\">\n<article id=\"post-109075\" class=\"post-109075 post type-post status-publish format-standard has-post-thumbnail category-articulistas category-ivan-metran-whately\">\n<div class=\"td-post-content tagdiv-type\">\n<p>*<em>Os artigos publicados com assinatura, n\u00e3o traduzem necessariamente a opini\u00e3o do Instituto de Engenharia. Sua publica\u00e7\u00e3o obedece ao prop\u00f3sito de estimular o debate dos problemas brasileiros e de refletir as diversas tend\u00eancias do pensamento contempor\u00e2neo<\/em><\/p>\n<\/div>\n<\/article>\n<\/div>\n<\/div>\n","protected":false},"excerpt":{"rendered":"<p>H\u00e1 50 anos, no dia 14 de setembro de 1974, celebrou-se a primeira viagem de Metr\u00f4 em S\u00e3o Paulo. Na ocasi\u00e3o, entrou em opera\u00e7\u00e3o um trecho de 7 km de extens\u00e3o da ent\u00e3o denominada Linha Norte-Sul, atual Linha 01-Azul da Companhia do Metropolitano de S\u00e3o Paulo &#8211; Metr\u00f4 SP. Este trecho foi um pequeno passo [&hellip;]<\/p>\n","protected":false},"author":13,"featured_media":124767,"comment_status":"open","ping_status":"open","sticky":false,"template":"","format":"standard","meta":{"footnotes":""},"categories":[11,961],"tags":[],"class_list":{"0":"post-124766","1":"post","2":"type-post","3":"status-publish","4":"format-standard","5":"has-post-thumbnail","7":"category-articulistas","8":"category-ivan-metran-whately"},"yoast_head":"<!-- This site is optimized with the Yoast SEO plugin v27.2 - https:\/\/yoast.com\/product\/yoast-seo-wordpress\/ -->\n<title>Por Ivan Metran Whately \u2013 Meio S\u00e9culo da Primeira Linha de Metr\u00f4 do Brasil - Instituto de Engenharia<\/title>\n<meta name=\"robots\" content=\"index, follow, max-snippet:-1, max-image-preview:large, max-video-preview:-1\" \/>\n<link rel=\"canonical\" href=\"https:\/\/www.institutodeengenharia.org.br\/site\/2024\/10\/28\/por-ivan-metran-whately-meio-seculo-da-primeira-linha-de-metro-do-brasil\/\" \/>\n<meta property=\"og:locale\" content=\"pt_BR\" \/>\n<meta property=\"og:type\" content=\"article\" \/>\n<meta property=\"og:title\" content=\"Por Ivan Metran Whately \u2013 Meio S\u00e9culo da Primeira Linha de Metr\u00f4 do Brasil - Instituto de Engenharia\" \/>\n<meta property=\"og:description\" content=\"H\u00e1 50 anos, no dia 14 de setembro de 1974, celebrou-se a primeira viagem de Metr\u00f4 em S\u00e3o Paulo. Na ocasi\u00e3o, entrou em opera\u00e7\u00e3o um trecho de 7 km de extens\u00e3o da ent\u00e3o denominada Linha Norte-Sul, atual Linha 01-Azul da Companhia do Metropolitano de S\u00e3o Paulo &#8211; Metr\u00f4 SP. Este trecho foi um pequeno passo [&hellip;]\" \/>\n<meta property=\"og:url\" content=\"https:\/\/www.institutodeengenharia.org.br\/site\/2024\/10\/28\/por-ivan-metran-whately-meio-seculo-da-primeira-linha-de-metro-do-brasil\/\" \/>\n<meta property=\"og:site_name\" content=\"Instituto de Engenharia\" \/>\n<meta property=\"article:publisher\" content=\"https:\/\/www.facebook.com\/institutodeengenharia\" \/>\n<meta property=\"article:published_time\" content=\"2024-10-28T18:49:07+00:00\" \/>\n<meta property=\"og:image\" content=\"https:\/\/www.institutodeengenharia.org.br\/site\/wp-content\/uploads\/2024\/10\/Design-sem-nome-2024-10-28T153120.210.jpg\" \/>\n\t<meta property=\"og:image:width\" content=\"1920\" \/>\n\t<meta property=\"og:image:height\" content=\"1080\" \/>\n\t<meta property=\"og:image:type\" content=\"image\/jpeg\" \/>\n<meta name=\"author\" content=\"Bianca\" \/>\n<meta name=\"twitter:card\" content=\"summary_large_image\" \/>\n<meta name=\"twitter:creator\" content=\"@iengenharia\" \/>\n<meta name=\"twitter:site\" content=\"@iengenharia\" \/>\n<meta name=\"twitter:label1\" content=\"Escrito por\" \/>\n\t<meta name=\"twitter:data1\" content=\"Bianca\" \/>\n\t<meta name=\"twitter:label2\" content=\"Est. tempo de leitura\" \/>\n\t<meta name=\"twitter:data2\" content=\"7 minutos\" \/>\n<script type=\"application\/ld+json\" class=\"yoast-schema-graph\">{\"@context\":\"https:\/\/schema.org\",\"@graph\":[{\"@type\":\"Article\",\"@id\":\"https:\/\/www.institutodeengenharia.org.br\/site\/2024\/10\/28\/por-ivan-metran-whately-meio-seculo-da-primeira-linha-de-metro-do-brasil\/#article\",\"isPartOf\":{\"@id\":\"https:\/\/www.institutodeengenharia.org.br\/site\/2024\/10\/28\/por-ivan-metran-whately-meio-seculo-da-primeira-linha-de-metro-do-brasil\/\"},\"author\":{\"name\":\"Bianca\",\"@id\":\"https:\/\/www.institutodeengenharia.org.br\/site\/#\/schema\/person\/aeb64951c405e100d26d30b033dd423f\"},\"headline\":\"Por Ivan Metran Whately \u2013 Meio S\u00e9culo da Primeira Linha de Metr\u00f4 do Brasil\",\"datePublished\":\"2024-10-28T18:49:07+00:00\",\"mainEntityOfPage\":{\"@id\":\"https:\/\/www.institutodeengenharia.org.br\/site\/2024\/10\/28\/por-ivan-metran-whately-meio-seculo-da-primeira-linha-de-metro-do-brasil\/\"},\"wordCount\":1228,\"commentCount\":0,\"publisher\":{\"@id\":\"https:\/\/www.institutodeengenharia.org.br\/site\/#organization\"},\"image\":{\"@id\":\"https:\/\/www.institutodeengenharia.org.br\/site\/2024\/10\/28\/por-ivan-metran-whately-meio-seculo-da-primeira-linha-de-metro-do-brasil\/#primaryimage\"},\"thumbnailUrl\":\"https:\/\/www.institutodeengenharia.org.br\/site\/wp-content\/uploads\/2024\/10\/Design-sem-nome-2024-10-28T153120.210.jpg\",\"articleSection\":[\"Articulistas\",\"Ivan Metran Whately\"],\"inLanguage\":\"pt-BR\",\"potentialAction\":[{\"@type\":\"CommentAction\",\"name\":\"Comment\",\"target\":[\"https:\/\/www.institutodeengenharia.org.br\/site\/2024\/10\/28\/por-ivan-metran-whately-meio-seculo-da-primeira-linha-de-metro-do-brasil\/#respond\"]}]},{\"@type\":\"WebPage\",\"@id\":\"https:\/\/www.institutodeengenharia.org.br\/site\/2024\/10\/28\/por-ivan-metran-whately-meio-seculo-da-primeira-linha-de-metro-do-brasil\/\",\"url\":\"https:\/\/www.institutodeengenharia.org.br\/site\/2024\/10\/28\/por-ivan-metran-whately-meio-seculo-da-primeira-linha-de-metro-do-brasil\/\",\"name\":\"Por Ivan Metran Whately \u2013 Meio S\u00e9culo da Primeira Linha de Metr\u00f4 do Brasil - Instituto de Engenharia\",\"isPartOf\":{\"@id\":\"https:\/\/www.institutodeengenharia.org.br\/site\/#website\"},\"primaryImageOfPage\":{\"@id\":\"https:\/\/www.institutodeengenharia.org.br\/site\/2024\/10\/28\/por-ivan-metran-whately-meio-seculo-da-primeira-linha-de-metro-do-brasil\/#primaryimage\"},\"image\":{\"@id\":\"https:\/\/www.institutodeengenharia.org.br\/site\/2024\/10\/28\/por-ivan-metran-whately-meio-seculo-da-primeira-linha-de-metro-do-brasil\/#primaryimage\"},\"thumbnailUrl\":\"https:\/\/www.institutodeengenharia.org.br\/site\/wp-content\/uploads\/2024\/10\/Design-sem-nome-2024-10-28T153120.210.jpg\",\"datePublished\":\"2024-10-28T18:49:07+00:00\",\"breadcrumb\":{\"@id\":\"https:\/\/www.institutodeengenharia.org.br\/site\/2024\/10\/28\/por-ivan-metran-whately-meio-seculo-da-primeira-linha-de-metro-do-brasil\/#breadcrumb\"},\"inLanguage\":\"pt-BR\",\"potentialAction\":[{\"@type\":\"ReadAction\",\"target\":[\"https:\/\/www.institutodeengenharia.org.br\/site\/2024\/10\/28\/por-ivan-metran-whately-meio-seculo-da-primeira-linha-de-metro-do-brasil\/\"]}]},{\"@type\":\"ImageObject\",\"inLanguage\":\"pt-BR\",\"@id\":\"https:\/\/www.institutodeengenharia.org.br\/site\/2024\/10\/28\/por-ivan-metran-whately-meio-seculo-da-primeira-linha-de-metro-do-brasil\/#primaryimage\",\"url\":\"https:\/\/www.institutodeengenharia.org.br\/site\/wp-content\/uploads\/2024\/10\/Design-sem-nome-2024-10-28T153120.210.jpg\",\"contentUrl\":\"https:\/\/www.institutodeengenharia.org.br\/site\/wp-content\/uploads\/2024\/10\/Design-sem-nome-2024-10-28T153120.210.jpg\",\"width\":1920,\"height\":1080},{\"@type\":\"BreadcrumbList\",\"@id\":\"https:\/\/www.institutodeengenharia.org.br\/site\/2024\/10\/28\/por-ivan-metran-whately-meio-seculo-da-primeira-linha-de-metro-do-brasil\/#breadcrumb\",\"itemListElement\":[{\"@type\":\"ListItem\",\"position\":1,\"name\":\"In\u00edcio\",\"item\":\"https:\/\/www.institutodeengenharia.org.br\/site\/\"},{\"@type\":\"ListItem\",\"position\":2,\"name\":\"Por Ivan Metran Whately \u2013 Meio S\u00e9culo da Primeira Linha de Metr\u00f4 do Brasil\"}]},{\"@type\":\"WebSite\",\"@id\":\"https:\/\/www.institutodeengenharia.org.br\/site\/#website\",\"url\":\"https:\/\/www.institutodeengenharia.org.br\/site\/\",\"name\":\"Instituto de Engenharia\",\"description\":\"O Instituto de Engenharia promove a Engenharia em benef\u00edcio do desenvolvimento e da qualidade de vida da sociedade.\",\"publisher\":{\"@id\":\"https:\/\/www.institutodeengenharia.org.br\/site\/#organization\"},\"potentialAction\":[{\"@type\":\"SearchAction\",\"target\":{\"@type\":\"EntryPoint\",\"urlTemplate\":\"https:\/\/www.institutodeengenharia.org.br\/site\/?s={search_term_string}\"},\"query-input\":{\"@type\":\"PropertyValueSpecification\",\"valueRequired\":true,\"valueName\":\"search_term_string\"}}],\"inLanguage\":\"pt-BR\"},{\"@type\":\"Organization\",\"@id\":\"https:\/\/www.institutodeengenharia.org.br\/site\/#organization\",\"name\":\"Instituto de Engenharia\",\"url\":\"https:\/\/www.institutodeengenharia.org.br\/site\/\",\"logo\":{\"@type\":\"ImageObject\",\"inLanguage\":\"pt-BR\",\"@id\":\"https:\/\/www.institutodeengenharia.org.br\/site\/#\/schema\/logo\/image\/\",\"url\":\"https:\/\/www.institutodeengenharia.org.br\/site\/wp-content\/uploads\/2019\/03\/logo-novo-IE2018-1.jpg\",\"contentUrl\":\"https:\/\/www.institutodeengenharia.org.br\/site\/wp-content\/uploads\/2019\/03\/logo-novo-IE2018-1.jpg\",\"width\":1486,\"height\":1879,\"caption\":\"Instituto de Engenharia\"},\"image\":{\"@id\":\"https:\/\/www.institutodeengenharia.org.br\/site\/#\/schema\/logo\/image\/\"},\"sameAs\":[\"https:\/\/www.facebook.com\/institutodeengenharia\",\"https:\/\/x.com\/iengenharia\",\"https:\/\/www.instagram.com\/institutodeengenharia\/\",\"https:\/\/www.linkedin.com\/company\/instituto-de-engenharia\/\",\"https:\/\/www.youtube.com\/channel\/UCXiCAlsSMe977vamW915HxA\"]},{\"@type\":\"Person\",\"@id\":\"https:\/\/www.institutodeengenharia.org.br\/site\/#\/schema\/person\/aeb64951c405e100d26d30b033dd423f\",\"name\":\"Bianca\",\"image\":{\"@type\":\"ImageObject\",\"inLanguage\":\"pt-BR\",\"@id\":\"https:\/\/secure.gravatar.com\/avatar\/a6fbe9bff57405baf4c1e2c5c1811e072b558253974a9f9508f4678900c97c2a?s=96&d=mm&r=g\",\"url\":\"https:\/\/secure.gravatar.com\/avatar\/a6fbe9bff57405baf4c1e2c5c1811e072b558253974a9f9508f4678900c97c2a?s=96&d=mm&r=g\",\"contentUrl\":\"https:\/\/secure.gravatar.com\/avatar\/a6fbe9bff57405baf4c1e2c5c1811e072b558253974a9f9508f4678900c97c2a?s=96&d=mm&r=g\",\"caption\":\"Bianca\"},\"url\":\"https:\/\/www.institutodeengenharia.org.br\/site\/author\/comunicacao1\/\"}]}<\/script>\n<!-- \/ Yoast SEO plugin. -->","yoast_head_json":{"title":"Por Ivan Metran Whately \u2013 Meio S\u00e9culo da Primeira Linha de Metr\u00f4 do Brasil - Instituto de Engenharia","robots":{"index":"index","follow":"follow","max-snippet":"max-snippet:-1","max-image-preview":"max-image-preview:large","max-video-preview":"max-video-preview:-1"},"canonical":"https:\/\/www.institutodeengenharia.org.br\/site\/2024\/10\/28\/por-ivan-metran-whately-meio-seculo-da-primeira-linha-de-metro-do-brasil\/","og_locale":"pt_BR","og_type":"article","og_title":"Por Ivan Metran Whately \u2013 Meio S\u00e9culo da Primeira Linha de Metr\u00f4 do Brasil - Instituto de Engenharia","og_description":"H\u00e1 50 anos, no dia 14 de setembro de 1974, celebrou-se a primeira viagem de Metr\u00f4 em S\u00e3o Paulo. Na ocasi\u00e3o, entrou em opera\u00e7\u00e3o um trecho de 7 km de extens\u00e3o da ent\u00e3o denominada Linha Norte-Sul, atual Linha 01-Azul da Companhia do Metropolitano de S\u00e3o Paulo &#8211; Metr\u00f4 SP. Este trecho foi um pequeno passo [&hellip;]","og_url":"https:\/\/www.institutodeengenharia.org.br\/site\/2024\/10\/28\/por-ivan-metran-whately-meio-seculo-da-primeira-linha-de-metro-do-brasil\/","og_site_name":"Instituto de Engenharia","article_publisher":"https:\/\/www.facebook.com\/institutodeengenharia","article_published_time":"2024-10-28T18:49:07+00:00","og_image":[{"width":1920,"height":1080,"url":"https:\/\/www.institutodeengenharia.org.br\/site\/wp-content\/uploads\/2024\/10\/Design-sem-nome-2024-10-28T153120.210.jpg","type":"image\/jpeg"}],"author":"Bianca","twitter_card":"summary_large_image","twitter_creator":"@iengenharia","twitter_site":"@iengenharia","twitter_misc":{"Escrito por":"Bianca","Est. tempo de leitura":"7 minutos"},"schema":{"@context":"https:\/\/schema.org","@graph":[{"@type":"Article","@id":"https:\/\/www.institutodeengenharia.org.br\/site\/2024\/10\/28\/por-ivan-metran-whately-meio-seculo-da-primeira-linha-de-metro-do-brasil\/#article","isPartOf":{"@id":"https:\/\/www.institutodeengenharia.org.br\/site\/2024\/10\/28\/por-ivan-metran-whately-meio-seculo-da-primeira-linha-de-metro-do-brasil\/"},"author":{"name":"Bianca","@id":"https:\/\/www.institutodeengenharia.org.br\/site\/#\/schema\/person\/aeb64951c405e100d26d30b033dd423f"},"headline":"Por Ivan Metran Whately \u2013 Meio S\u00e9culo da Primeira Linha de Metr\u00f4 do Brasil","datePublished":"2024-10-28T18:49:07+00:00","mainEntityOfPage":{"@id":"https:\/\/www.institutodeengenharia.org.br\/site\/2024\/10\/28\/por-ivan-metran-whately-meio-seculo-da-primeira-linha-de-metro-do-brasil\/"},"wordCount":1228,"commentCount":0,"publisher":{"@id":"https:\/\/www.institutodeengenharia.org.br\/site\/#organization"},"image":{"@id":"https:\/\/www.institutodeengenharia.org.br\/site\/2024\/10\/28\/por-ivan-metran-whately-meio-seculo-da-primeira-linha-de-metro-do-brasil\/#primaryimage"},"thumbnailUrl":"https:\/\/www.institutodeengenharia.org.br\/site\/wp-content\/uploads\/2024\/10\/Design-sem-nome-2024-10-28T153120.210.jpg","articleSection":["Articulistas","Ivan Metran Whately"],"inLanguage":"pt-BR","potentialAction":[{"@type":"CommentAction","name":"Comment","target":["https:\/\/www.institutodeengenharia.org.br\/site\/2024\/10\/28\/por-ivan-metran-whately-meio-seculo-da-primeira-linha-de-metro-do-brasil\/#respond"]}]},{"@type":"WebPage","@id":"https:\/\/www.institutodeengenharia.org.br\/site\/2024\/10\/28\/por-ivan-metran-whately-meio-seculo-da-primeira-linha-de-metro-do-brasil\/","url":"https:\/\/www.institutodeengenharia.org.br\/site\/2024\/10\/28\/por-ivan-metran-whately-meio-seculo-da-primeira-linha-de-metro-do-brasil\/","name":"Por Ivan Metran Whately \u2013 Meio S\u00e9culo da Primeira Linha de Metr\u00f4 do Brasil - Instituto de Engenharia","isPartOf":{"@id":"https:\/\/www.institutodeengenharia.org.br\/site\/#website"},"primaryImageOfPage":{"@id":"https:\/\/www.institutodeengenharia.org.br\/site\/2024\/10\/28\/por-ivan-metran-whately-meio-seculo-da-primeira-linha-de-metro-do-brasil\/#primaryimage"},"image":{"@id":"https:\/\/www.institutodeengenharia.org.br\/site\/2024\/10\/28\/por-ivan-metran-whately-meio-seculo-da-primeira-linha-de-metro-do-brasil\/#primaryimage"},"thumbnailUrl":"https:\/\/www.institutodeengenharia.org.br\/site\/wp-content\/uploads\/2024\/10\/Design-sem-nome-2024-10-28T153120.210.jpg","datePublished":"2024-10-28T18:49:07+00:00","breadcrumb":{"@id":"https:\/\/www.institutodeengenharia.org.br\/site\/2024\/10\/28\/por-ivan-metran-whately-meio-seculo-da-primeira-linha-de-metro-do-brasil\/#breadcrumb"},"inLanguage":"pt-BR","potentialAction":[{"@type":"ReadAction","target":["https:\/\/www.institutodeengenharia.org.br\/site\/2024\/10\/28\/por-ivan-metran-whately-meio-seculo-da-primeira-linha-de-metro-do-brasil\/"]}]},{"@type":"ImageObject","inLanguage":"pt-BR","@id":"https:\/\/www.institutodeengenharia.org.br\/site\/2024\/10\/28\/por-ivan-metran-whately-meio-seculo-da-primeira-linha-de-metro-do-brasil\/#primaryimage","url":"https:\/\/www.institutodeengenharia.org.br\/site\/wp-content\/uploads\/2024\/10\/Design-sem-nome-2024-10-28T153120.210.jpg","contentUrl":"https:\/\/www.institutodeengenharia.org.br\/site\/wp-content\/uploads\/2024\/10\/Design-sem-nome-2024-10-28T153120.210.jpg","width":1920,"height":1080},{"@type":"BreadcrumbList","@id":"https:\/\/www.institutodeengenharia.org.br\/site\/2024\/10\/28\/por-ivan-metran-whately-meio-seculo-da-primeira-linha-de-metro-do-brasil\/#breadcrumb","itemListElement":[{"@type":"ListItem","position":1,"name":"In\u00edcio","item":"https:\/\/www.institutodeengenharia.org.br\/site\/"},{"@type":"ListItem","position":2,"name":"Por Ivan Metran Whately \u2013 Meio S\u00e9culo da Primeira Linha de Metr\u00f4 do Brasil"}]},{"@type":"WebSite","@id":"https:\/\/www.institutodeengenharia.org.br\/site\/#website","url":"https:\/\/www.institutodeengenharia.org.br\/site\/","name":"Instituto de Engenharia","description":"O Instituto de Engenharia promove a Engenharia em benef\u00edcio do desenvolvimento e da qualidade de vida da sociedade.","publisher":{"@id":"https:\/\/www.institutodeengenharia.org.br\/site\/#organization"},"potentialAction":[{"@type":"SearchAction","target":{"@type":"EntryPoint","urlTemplate":"https:\/\/www.institutodeengenharia.org.br\/site\/?s={search_term_string}"},"query-input":{"@type":"PropertyValueSpecification","valueRequired":true,"valueName":"search_term_string"}}],"inLanguage":"pt-BR"},{"@type":"Organization","@id":"https:\/\/www.institutodeengenharia.org.br\/site\/#organization","name":"Instituto de Engenharia","url":"https:\/\/www.institutodeengenharia.org.br\/site\/","logo":{"@type":"ImageObject","inLanguage":"pt-BR","@id":"https:\/\/www.institutodeengenharia.org.br\/site\/#\/schema\/logo\/image\/","url":"https:\/\/www.institutodeengenharia.org.br\/site\/wp-content\/uploads\/2019\/03\/logo-novo-IE2018-1.jpg","contentUrl":"https:\/\/www.institutodeengenharia.org.br\/site\/wp-content\/uploads\/2019\/03\/logo-novo-IE2018-1.jpg","width":1486,"height":1879,"caption":"Instituto de Engenharia"},"image":{"@id":"https:\/\/www.institutodeengenharia.org.br\/site\/#\/schema\/logo\/image\/"},"sameAs":["https:\/\/www.facebook.com\/institutodeengenharia","https:\/\/x.com\/iengenharia","https:\/\/www.instagram.com\/institutodeengenharia\/","https:\/\/www.linkedin.com\/company\/instituto-de-engenharia\/","https:\/\/www.youtube.com\/channel\/UCXiCAlsSMe977vamW915HxA"]},{"@type":"Person","@id":"https:\/\/www.institutodeengenharia.org.br\/site\/#\/schema\/person\/aeb64951c405e100d26d30b033dd423f","name":"Bianca","image":{"@type":"ImageObject","inLanguage":"pt-BR","@id":"https:\/\/secure.gravatar.com\/avatar\/a6fbe9bff57405baf4c1e2c5c1811e072b558253974a9f9508f4678900c97c2a?s=96&d=mm&r=g","url":"https:\/\/secure.gravatar.com\/avatar\/a6fbe9bff57405baf4c1e2c5c1811e072b558253974a9f9508f4678900c97c2a?s=96&d=mm&r=g","contentUrl":"https:\/\/secure.gravatar.com\/avatar\/a6fbe9bff57405baf4c1e2c5c1811e072b558253974a9f9508f4678900c97c2a?s=96&d=mm&r=g","caption":"Bianca"},"url":"https:\/\/www.institutodeengenharia.org.br\/site\/author\/comunicacao1\/"}]}},"_links":{"self":[{"href":"https:\/\/www.institutodeengenharia.org.br\/site\/wp-json\/wp\/v2\/posts\/124766","targetHints":{"allow":["GET"]}}],"collection":[{"href":"https:\/\/www.institutodeengenharia.org.br\/site\/wp-json\/wp\/v2\/posts"}],"about":[{"href":"https:\/\/www.institutodeengenharia.org.br\/site\/wp-json\/wp\/v2\/types\/post"}],"author":[{"embeddable":true,"href":"https:\/\/www.institutodeengenharia.org.br\/site\/wp-json\/wp\/v2\/users\/13"}],"replies":[{"embeddable":true,"href":"https:\/\/www.institutodeengenharia.org.br\/site\/wp-json\/wp\/v2\/comments?post=124766"}],"version-history":[{"count":1,"href":"https:\/\/www.institutodeengenharia.org.br\/site\/wp-json\/wp\/v2\/posts\/124766\/revisions"}],"predecessor-version":[{"id":124768,"href":"https:\/\/www.institutodeengenharia.org.br\/site\/wp-json\/wp\/v2\/posts\/124766\/revisions\/124768"}],"wp:featuredmedia":[{"embeddable":true,"href":"https:\/\/www.institutodeengenharia.org.br\/site\/wp-json\/wp\/v2\/media\/124767"}],"wp:attachment":[{"href":"https:\/\/www.institutodeengenharia.org.br\/site\/wp-json\/wp\/v2\/media?parent=124766"}],"wp:term":[{"taxonomy":"category","embeddable":true,"href":"https:\/\/www.institutodeengenharia.org.br\/site\/wp-json\/wp\/v2\/categories?post=124766"},{"taxonomy":"post_tag","embeddable":true,"href":"https:\/\/www.institutodeengenharia.org.br\/site\/wp-json\/wp\/v2\/tags?post=124766"}],"curies":[{"name":"wp","href":"https:\/\/api.w.org\/{rel}","templated":true}]}}