{"id":124352,"date":"2024-10-07T15:10:04","date_gmt":"2024-10-07T18:10:04","guid":{"rendered":"https:\/\/www.institutodeengenharia.org.br\/site\/?p=124352"},"modified":"2024-10-08T17:07:48","modified_gmt":"2024-10-08T20:07:48","slug":"gt-bioeconomia-nacional-apresenta-nesta-segunda-e-terca-7-e-8-estudo-no-mma","status":"publish","type":"post","link":"https:\/\/www.institutodeengenharia.org.br\/site\/2024\/10\/07\/gt-bioeconomia-nacional-apresenta-nesta-segunda-e-terca-7-e-8-estudo-no-mma\/","title":{"rendered":"GT Bioeconomia Nacional apresenta nesta segunda e ter\u00e7a &#8211; 7 e 8 &#8211; estudo no MMA. Acompanhe"},"content":{"rendered":"<p>O estudo &#8220;Uma Base de Conhecimento para a Estrat\u00e9gia Nacional de Bioeconomias&#8221;, do Grupo de Trabalho Bioeconomia Nacional do Instituto de Engenharia \u00e9 apresentado no Painel T\u00e9cnico Cient\u00edfico e a Oficina de Trabalho, do Minist\u00e9rio do Meio Ambiente e Mudan\u00e7a do Clima.<\/p>\n<p><img loading=\"lazy\" decoding=\"async\" class=\"alignnone size-full wp-image-124368\" src=\"https:\/\/www.institutodeengenharia.org.br\/site\/wp-content\/uploads\/2024\/10\/george5.png\" alt=\"\" width=\"1202\" height=\"648\" srcset=\"https:\/\/www.institutodeengenharia.org.br\/site\/wp-content\/uploads\/2024\/10\/george5.png 1202w, https:\/\/www.institutodeengenharia.org.br\/site\/wp-content\/uploads\/2024\/10\/george5-300x162.png 300w, https:\/\/www.institutodeengenharia.org.br\/site\/wp-content\/uploads\/2024\/10\/george5-1024x552.png 1024w, https:\/\/www.institutodeengenharia.org.br\/site\/wp-content\/uploads\/2024\/10\/george5-768x414.png 768w, https:\/\/www.institutodeengenharia.org.br\/site\/wp-content\/uploads\/2024\/10\/george5-779x420.png 779w, https:\/\/www.institutodeengenharia.org.br\/site\/wp-content\/uploads\/2024\/10\/george5-696x375.png 696w, https:\/\/www.institutodeengenharia.org.br\/site\/wp-content\/uploads\/2024\/10\/george5-1068x576.png 1068w, https:\/\/www.institutodeengenharia.org.br\/site\/wp-content\/uploads\/2024\/10\/george5-600x323.png 600w\" sizes=\"auto, (max-width: 1202px) 100vw, 1202px\" \/><\/p>\n<p>Esses s\u00e3o espa\u00e7os para o debate t\u00e9cnicos e desenvolvimento de conte\u00fados que auxiliem a Comiss\u00e3o Nacional de Bioeconomia no processo de elabora\u00e7\u00e3o do Plano Nacional de Desenvolvimento da Bioeconomia &#8211; PNDBio, conforme o Decreto n\u00ba 12.044, de 5 de junho de 2024, que instituiu a Estrat\u00e9gia Nacional de Bioeconomia.<\/p>\n<p>Os eventos ser\u00e3o tamb\u00e9m uma oportunidade de engajar os principais atores n\u00e3o-governamentais na constru\u00e7\u00e3o de um Plano que reflita as diversas perspectivas e interesses em torno do desenvolvimento da bioconomia no Brasil.<\/p>\n<p><strong>Acompanhe, mas antes fa\u00e7a o download do estudo, <a href=\"https:\/\/www.institutodeengenharia.org.br\/site\/uma-base-de-conhecimento-para-a-estrategia-nacional-de-bioeconomias\/\">clicando aqui<\/a>.\u00a0<\/strong><\/p>\n<p><strong>Assista <a href=\"https:\/\/www.youtube.com\/watch?v=OqMuMkhuCz4\">aqui<\/a>.<\/strong><\/p>\n<p>&nbsp;<\/p>\n","protected":false},"excerpt":{"rendered":"<p>O estudo &#8220;Uma Base de Conhecimento para a Estrat\u00e9gia Nacional de Bioeconomias&#8221;, do Grupo de Trabalho Bioeconomia Nacional do Instituto de Engenharia \u00e9 apresentado no Painel T\u00e9cnico Cient\u00edfico e a Oficina de Trabalho, do Minist\u00e9rio do Meio Ambiente e Mudan\u00e7a do Clima. Esses s\u00e3o espa\u00e7os para o debate t\u00e9cnicos e desenvolvimento de conte\u00fados que auxiliem [&hellip;]<\/p>\n","protected":false},"author":14,"featured_media":124362,"comment_status":"open","ping_status":"open","sticky":false,"template":"","format":"standard","meta":{"footnotes":""},"categories":[1119,27,973,6,141],"tags":[],"class_list":{"0":"post-124352","1":"post","2":"type-post","3":"status-publish","4":"format-standard","5":"has-post-thumbnail","7":"category-amazonia-e-bioeconomia","8":"category-instituto-de-engenharia","9":"category-meio-ambiente-futuro","10":"category-noticias","11":"category-noticias-menu"},"yoast_head":"<!-- This site is optimized with the Yoast SEO plugin v27.2 - https:\/\/yoast.com\/product\/yoast-seo-wordpress\/ -->\n<title>GT Bioeconomia Nacional apresenta nesta segunda e ter\u00e7a - 7 e 8 - estudo no MMA. Acompanhe - Instituto de Engenharia<\/title>\n<meta name=\"robots\" content=\"index, follow, max-snippet:-1, max-image-preview:large, max-video-preview:-1\" \/>\n<link rel=\"canonical\" href=\"https:\/\/www.institutodeengenharia.org.br\/site\/2024\/10\/07\/gt-bioeconomia-nacional-apresenta-nesta-segunda-e-terca-7-e-8-estudo-no-mma\/\" \/>\n<meta property=\"og:locale\" content=\"pt_BR\" \/>\n<meta property=\"og:type\" content=\"article\" \/>\n<meta property=\"og:title\" content=\"GT Bioeconomia Nacional apresenta nesta segunda e ter\u00e7a - 7 e 8 - estudo no MMA. Acompanhe - Instituto de Engenharia\" \/>\n<meta property=\"og:description\" content=\"O estudo &#8220;Uma Base de Conhecimento para a Estrat\u00e9gia Nacional de Bioeconomias&#8221;, do Grupo de Trabalho Bioeconomia Nacional do Instituto de Engenharia \u00e9 apresentado no Painel T\u00e9cnico Cient\u00edfico e a Oficina de Trabalho, do Minist\u00e9rio do Meio Ambiente e Mudan\u00e7a do Clima. Esses s\u00e3o espa\u00e7os para o debate t\u00e9cnicos e desenvolvimento de conte\u00fados que auxiliem [&hellip;]\" \/>\n<meta property=\"og:url\" content=\"https:\/\/www.institutodeengenharia.org.br\/site\/2024\/10\/07\/gt-bioeconomia-nacional-apresenta-nesta-segunda-e-terca-7-e-8-estudo-no-mma\/\" \/>\n<meta property=\"og:site_name\" content=\"Instituto de Engenharia\" \/>\n<meta property=\"article:publisher\" content=\"https:\/\/www.facebook.com\/institutodeengenharia\" \/>\n<meta property=\"article:published_time\" content=\"2024-10-07T18:10:04+00:00\" \/>\n<meta property=\"article:modified_time\" content=\"2024-10-08T20:07:48+00:00\" \/>\n<meta property=\"og:image\" content=\"https:\/\/www.institutodeengenharia.org.br\/site\/wp-content\/uploads\/2024\/10\/Design-sem-nome-2024-10-07T133705.229.jpg\" \/>\n\t<meta property=\"og:image:width\" content=\"800\" \/>\n\t<meta property=\"og:image:height\" content=\"451\" \/>\n\t<meta property=\"og:image:type\" content=\"image\/jpeg\" \/>\n<meta name=\"author\" content=\"Isabel\" \/>\n<meta name=\"twitter:card\" content=\"summary_large_image\" \/>\n<meta name=\"twitter:creator\" content=\"@iengenharia\" \/>\n<meta name=\"twitter:site\" content=\"@iengenharia\" \/>\n<meta name=\"twitter:label1\" content=\"Escrito por\" \/>\n\t<meta name=\"twitter:data1\" content=\"Isabel\" \/>\n\t<meta name=\"twitter:label2\" content=\"Est. tempo de leitura\" \/>\n\t<meta name=\"twitter:data2\" content=\"2 minutos\" \/>\n<script type=\"application\/ld+json\" class=\"yoast-schema-graph\">{\"@context\":\"https:\/\/schema.org\",\"@graph\":[{\"@type\":\"Article\",\"@id\":\"https:\/\/www.institutodeengenharia.org.br\/site\/2024\/10\/07\/gt-bioeconomia-nacional-apresenta-nesta-segunda-e-terca-7-e-8-estudo-no-mma\/#article\",\"isPartOf\":{\"@id\":\"https:\/\/www.institutodeengenharia.org.br\/site\/2024\/10\/07\/gt-bioeconomia-nacional-apresenta-nesta-segunda-e-terca-7-e-8-estudo-no-mma\/\"},\"author\":{\"name\":\"Isabel\",\"@id\":\"https:\/\/www.institutodeengenharia.org.br\/site\/#\/schema\/person\/593dc356630173a4877a635d3e5fd76b\"},\"headline\":\"GT Bioeconomia Nacional apresenta nesta segunda e ter\u00e7a &#8211; 7 e 8 &#8211; estudo no MMA. Acompanhe\",\"datePublished\":\"2024-10-07T18:10:04+00:00\",\"dateModified\":\"2024-10-08T20:07:48+00:00\",\"mainEntityOfPage\":{\"@id\":\"https:\/\/www.institutodeengenharia.org.br\/site\/2024\/10\/07\/gt-bioeconomia-nacional-apresenta-nesta-segunda-e-terca-7-e-8-estudo-no-mma\/\"},\"wordCount\":165,\"commentCount\":0,\"publisher\":{\"@id\":\"https:\/\/www.institutodeengenharia.org.br\/site\/#organization\"},\"image\":{\"@id\":\"https:\/\/www.institutodeengenharia.org.br\/site\/2024\/10\/07\/gt-bioeconomia-nacional-apresenta-nesta-segunda-e-terca-7-e-8-estudo-no-mma\/#primaryimage\"},\"thumbnailUrl\":\"https:\/\/www.institutodeengenharia.org.br\/site\/wp-content\/uploads\/2024\/10\/Design-sem-nome-2024-10-07T133705.229.jpg\",\"articleSection\":[\"Amaz\u00f4nia e Bioeconomia\",\"Instituto de Engenharia\",\"Meio Ambiente\",\"Not\u00edcias\",\"Not\u00edcias\"],\"inLanguage\":\"pt-BR\",\"potentialAction\":[{\"@type\":\"CommentAction\",\"name\":\"Comment\",\"target\":[\"https:\/\/www.institutodeengenharia.org.br\/site\/2024\/10\/07\/gt-bioeconomia-nacional-apresenta-nesta-segunda-e-terca-7-e-8-estudo-no-mma\/#respond\"]}]},{\"@type\":\"WebPage\",\"@id\":\"https:\/\/www.institutodeengenharia.org.br\/site\/2024\/10\/07\/gt-bioeconomia-nacional-apresenta-nesta-segunda-e-terca-7-e-8-estudo-no-mma\/\",\"url\":\"https:\/\/www.institutodeengenharia.org.br\/site\/2024\/10\/07\/gt-bioeconomia-nacional-apresenta-nesta-segunda-e-terca-7-e-8-estudo-no-mma\/\",\"name\":\"GT Bioeconomia Nacional apresenta nesta segunda e ter\u00e7a - 7 e 8 - estudo no MMA. Acompanhe - Instituto de Engenharia\",\"isPartOf\":{\"@id\":\"https:\/\/www.institutodeengenharia.org.br\/site\/#website\"},\"primaryImageOfPage\":{\"@id\":\"https:\/\/www.institutodeengenharia.org.br\/site\/2024\/10\/07\/gt-bioeconomia-nacional-apresenta-nesta-segunda-e-terca-7-e-8-estudo-no-mma\/#primaryimage\"},\"image\":{\"@id\":\"https:\/\/www.institutodeengenharia.org.br\/site\/2024\/10\/07\/gt-bioeconomia-nacional-apresenta-nesta-segunda-e-terca-7-e-8-estudo-no-mma\/#primaryimage\"},\"thumbnailUrl\":\"https:\/\/www.institutodeengenharia.org.br\/site\/wp-content\/uploads\/2024\/10\/Design-sem-nome-2024-10-07T133705.229.jpg\",\"datePublished\":\"2024-10-07T18:10:04+00:00\",\"dateModified\":\"2024-10-08T20:07:48+00:00\",\"breadcrumb\":{\"@id\":\"https:\/\/www.institutodeengenharia.org.br\/site\/2024\/10\/07\/gt-bioeconomia-nacional-apresenta-nesta-segunda-e-terca-7-e-8-estudo-no-mma\/#breadcrumb\"},\"inLanguage\":\"pt-BR\",\"potentialAction\":[{\"@type\":\"ReadAction\",\"target\":[\"https:\/\/www.institutodeengenharia.org.br\/site\/2024\/10\/07\/gt-bioeconomia-nacional-apresenta-nesta-segunda-e-terca-7-e-8-estudo-no-mma\/\"]}]},{\"@type\":\"ImageObject\",\"inLanguage\":\"pt-BR\",\"@id\":\"https:\/\/www.institutodeengenharia.org.br\/site\/2024\/10\/07\/gt-bioeconomia-nacional-apresenta-nesta-segunda-e-terca-7-e-8-estudo-no-mma\/#primaryimage\",\"url\":\"https:\/\/www.institutodeengenharia.org.br\/site\/wp-content\/uploads\/2024\/10\/Design-sem-nome-2024-10-07T133705.229.jpg\",\"contentUrl\":\"https:\/\/www.institutodeengenharia.org.br\/site\/wp-content\/uploads\/2024\/10\/Design-sem-nome-2024-10-07T133705.229.jpg\",\"width\":800,\"height\":451},{\"@type\":\"BreadcrumbList\",\"@id\":\"https:\/\/www.institutodeengenharia.org.br\/site\/2024\/10\/07\/gt-bioeconomia-nacional-apresenta-nesta-segunda-e-terca-7-e-8-estudo-no-mma\/#breadcrumb\",\"itemListElement\":[{\"@type\":\"ListItem\",\"position\":1,\"name\":\"In\u00edcio\",\"item\":\"https:\/\/www.institutodeengenharia.org.br\/site\/\"},{\"@type\":\"ListItem\",\"position\":2,\"name\":\"GT Bioeconomia Nacional apresenta nesta segunda e ter\u00e7a &#8211; 7 e 8 &#8211; estudo no MMA. Acompanhe\"}]},{\"@type\":\"WebSite\",\"@id\":\"https:\/\/www.institutodeengenharia.org.br\/site\/#website\",\"url\":\"https:\/\/www.institutodeengenharia.org.br\/site\/\",\"name\":\"Instituto de Engenharia\",\"description\":\"O Instituto de Engenharia promove a Engenharia em benef\u00edcio do desenvolvimento e da qualidade de vida da sociedade.\",\"publisher\":{\"@id\":\"https:\/\/www.institutodeengenharia.org.br\/site\/#organization\"},\"potentialAction\":[{\"@type\":\"SearchAction\",\"target\":{\"@type\":\"EntryPoint\",\"urlTemplate\":\"https:\/\/www.institutodeengenharia.org.br\/site\/?s={search_term_string}\"},\"query-input\":{\"@type\":\"PropertyValueSpecification\",\"valueRequired\":true,\"valueName\":\"search_term_string\"}}],\"inLanguage\":\"pt-BR\"},{\"@type\":\"Organization\",\"@id\":\"https:\/\/www.institutodeengenharia.org.br\/site\/#organization\",\"name\":\"Instituto de Engenharia\",\"url\":\"https:\/\/www.institutodeengenharia.org.br\/site\/\",\"logo\":{\"@type\":\"ImageObject\",\"inLanguage\":\"pt-BR\",\"@id\":\"https:\/\/www.institutodeengenharia.org.br\/site\/#\/schema\/logo\/image\/\",\"url\":\"https:\/\/www.institutodeengenharia.org.br\/site\/wp-content\/uploads\/2019\/03\/logo-novo-IE2018-1.jpg\",\"contentUrl\":\"https:\/\/www.institutodeengenharia.org.br\/site\/wp-content\/uploads\/2019\/03\/logo-novo-IE2018-1.jpg\",\"width\":1486,\"height\":1879,\"caption\":\"Instituto de Engenharia\"},\"image\":{\"@id\":\"https:\/\/www.institutodeengenharia.org.br\/site\/#\/schema\/logo\/image\/\"},\"sameAs\":[\"https:\/\/www.facebook.com\/institutodeengenharia\",\"https:\/\/x.com\/iengenharia\",\"https:\/\/www.instagram.com\/institutodeengenharia\/\",\"https:\/\/www.linkedin.com\/company\/instituto-de-engenharia\/\",\"https:\/\/www.youtube.com\/channel\/UCXiCAlsSMe977vamW915HxA\"]},{\"@type\":\"Person\",\"@id\":\"https:\/\/www.institutodeengenharia.org.br\/site\/#\/schema\/person\/593dc356630173a4877a635d3e5fd76b\",\"name\":\"Isabel\",\"image\":{\"@type\":\"ImageObject\",\"inLanguage\":\"pt-BR\",\"@id\":\"https:\/\/secure.gravatar.com\/avatar\/f3c521db63ec9db17894f10a88c6a3cf95b2281d7f80eeb3cf3ef1cb091576e7?s=96&d=mm&r=g\",\"url\":\"https:\/\/secure.gravatar.com\/avatar\/f3c521db63ec9db17894f10a88c6a3cf95b2281d7f80eeb3cf3ef1cb091576e7?s=96&d=mm&r=g\",\"contentUrl\":\"https:\/\/secure.gravatar.com\/avatar\/f3c521db63ec9db17894f10a88c6a3cf95b2281d7f80eeb3cf3ef1cb091576e7?s=96&d=mm&r=g\",\"caption\":\"Isabel\"},\"url\":\"https:\/\/www.institutodeengenharia.org.br\/site\/author\/comunicacao2\/\"}]}<\/script>\n<!-- \/ Yoast SEO plugin. -->","yoast_head_json":{"title":"GT Bioeconomia Nacional apresenta nesta segunda e ter\u00e7a - 7 e 8 - estudo no MMA. Acompanhe - Instituto de Engenharia","robots":{"index":"index","follow":"follow","max-snippet":"max-snippet:-1","max-image-preview":"max-image-preview:large","max-video-preview":"max-video-preview:-1"},"canonical":"https:\/\/www.institutodeengenharia.org.br\/site\/2024\/10\/07\/gt-bioeconomia-nacional-apresenta-nesta-segunda-e-terca-7-e-8-estudo-no-mma\/","og_locale":"pt_BR","og_type":"article","og_title":"GT Bioeconomia Nacional apresenta nesta segunda e ter\u00e7a - 7 e 8 - estudo no MMA. Acompanhe - Instituto de Engenharia","og_description":"O estudo &#8220;Uma Base de Conhecimento para a Estrat\u00e9gia Nacional de Bioeconomias&#8221;, do Grupo de Trabalho Bioeconomia Nacional do Instituto de Engenharia \u00e9 apresentado no Painel T\u00e9cnico Cient\u00edfico e a Oficina de Trabalho, do Minist\u00e9rio do Meio Ambiente e Mudan\u00e7a do Clima. Esses s\u00e3o espa\u00e7os para o debate t\u00e9cnicos e desenvolvimento de conte\u00fados que auxiliem [&hellip;]","og_url":"https:\/\/www.institutodeengenharia.org.br\/site\/2024\/10\/07\/gt-bioeconomia-nacional-apresenta-nesta-segunda-e-terca-7-e-8-estudo-no-mma\/","og_site_name":"Instituto de Engenharia","article_publisher":"https:\/\/www.facebook.com\/institutodeengenharia","article_published_time":"2024-10-07T18:10:04+00:00","article_modified_time":"2024-10-08T20:07:48+00:00","og_image":[{"width":800,"height":451,"url":"https:\/\/www.institutodeengenharia.org.br\/site\/wp-content\/uploads\/2024\/10\/Design-sem-nome-2024-10-07T133705.229.jpg","type":"image\/jpeg"}],"author":"Isabel","twitter_card":"summary_large_image","twitter_creator":"@iengenharia","twitter_site":"@iengenharia","twitter_misc":{"Escrito por":"Isabel","Est. tempo de leitura":"2 minutos"},"schema":{"@context":"https:\/\/schema.org","@graph":[{"@type":"Article","@id":"https:\/\/www.institutodeengenharia.org.br\/site\/2024\/10\/07\/gt-bioeconomia-nacional-apresenta-nesta-segunda-e-terca-7-e-8-estudo-no-mma\/#article","isPartOf":{"@id":"https:\/\/www.institutodeengenharia.org.br\/site\/2024\/10\/07\/gt-bioeconomia-nacional-apresenta-nesta-segunda-e-terca-7-e-8-estudo-no-mma\/"},"author":{"name":"Isabel","@id":"https:\/\/www.institutodeengenharia.org.br\/site\/#\/schema\/person\/593dc356630173a4877a635d3e5fd76b"},"headline":"GT Bioeconomia Nacional apresenta nesta segunda e ter\u00e7a &#8211; 7 e 8 &#8211; estudo no MMA. Acompanhe","datePublished":"2024-10-07T18:10:04+00:00","dateModified":"2024-10-08T20:07:48+00:00","mainEntityOfPage":{"@id":"https:\/\/www.institutodeengenharia.org.br\/site\/2024\/10\/07\/gt-bioeconomia-nacional-apresenta-nesta-segunda-e-terca-7-e-8-estudo-no-mma\/"},"wordCount":165,"commentCount":0,"publisher":{"@id":"https:\/\/www.institutodeengenharia.org.br\/site\/#organization"},"image":{"@id":"https:\/\/www.institutodeengenharia.org.br\/site\/2024\/10\/07\/gt-bioeconomia-nacional-apresenta-nesta-segunda-e-terca-7-e-8-estudo-no-mma\/#primaryimage"},"thumbnailUrl":"https:\/\/www.institutodeengenharia.org.br\/site\/wp-content\/uploads\/2024\/10\/Design-sem-nome-2024-10-07T133705.229.jpg","articleSection":["Amaz\u00f4nia e Bioeconomia","Instituto de Engenharia","Meio Ambiente","Not\u00edcias","Not\u00edcias"],"inLanguage":"pt-BR","potentialAction":[{"@type":"CommentAction","name":"Comment","target":["https:\/\/www.institutodeengenharia.org.br\/site\/2024\/10\/07\/gt-bioeconomia-nacional-apresenta-nesta-segunda-e-terca-7-e-8-estudo-no-mma\/#respond"]}]},{"@type":"WebPage","@id":"https:\/\/www.institutodeengenharia.org.br\/site\/2024\/10\/07\/gt-bioeconomia-nacional-apresenta-nesta-segunda-e-terca-7-e-8-estudo-no-mma\/","url":"https:\/\/www.institutodeengenharia.org.br\/site\/2024\/10\/07\/gt-bioeconomia-nacional-apresenta-nesta-segunda-e-terca-7-e-8-estudo-no-mma\/","name":"GT Bioeconomia Nacional apresenta nesta segunda e ter\u00e7a - 7 e 8 - estudo no MMA. Acompanhe - Instituto de Engenharia","isPartOf":{"@id":"https:\/\/www.institutodeengenharia.org.br\/site\/#website"},"primaryImageOfPage":{"@id":"https:\/\/www.institutodeengenharia.org.br\/site\/2024\/10\/07\/gt-bioeconomia-nacional-apresenta-nesta-segunda-e-terca-7-e-8-estudo-no-mma\/#primaryimage"},"image":{"@id":"https:\/\/www.institutodeengenharia.org.br\/site\/2024\/10\/07\/gt-bioeconomia-nacional-apresenta-nesta-segunda-e-terca-7-e-8-estudo-no-mma\/#primaryimage"},"thumbnailUrl":"https:\/\/www.institutodeengenharia.org.br\/site\/wp-content\/uploads\/2024\/10\/Design-sem-nome-2024-10-07T133705.229.jpg","datePublished":"2024-10-07T18:10:04+00:00","dateModified":"2024-10-08T20:07:48+00:00","breadcrumb":{"@id":"https:\/\/www.institutodeengenharia.org.br\/site\/2024\/10\/07\/gt-bioeconomia-nacional-apresenta-nesta-segunda-e-terca-7-e-8-estudo-no-mma\/#breadcrumb"},"inLanguage":"pt-BR","potentialAction":[{"@type":"ReadAction","target":["https:\/\/www.institutodeengenharia.org.br\/site\/2024\/10\/07\/gt-bioeconomia-nacional-apresenta-nesta-segunda-e-terca-7-e-8-estudo-no-mma\/"]}]},{"@type":"ImageObject","inLanguage":"pt-BR","@id":"https:\/\/www.institutodeengenharia.org.br\/site\/2024\/10\/07\/gt-bioeconomia-nacional-apresenta-nesta-segunda-e-terca-7-e-8-estudo-no-mma\/#primaryimage","url":"https:\/\/www.institutodeengenharia.org.br\/site\/wp-content\/uploads\/2024\/10\/Design-sem-nome-2024-10-07T133705.229.jpg","contentUrl":"https:\/\/www.institutodeengenharia.org.br\/site\/wp-content\/uploads\/2024\/10\/Design-sem-nome-2024-10-07T133705.229.jpg","width":800,"height":451},{"@type":"BreadcrumbList","@id":"https:\/\/www.institutodeengenharia.org.br\/site\/2024\/10\/07\/gt-bioeconomia-nacional-apresenta-nesta-segunda-e-terca-7-e-8-estudo-no-mma\/#breadcrumb","itemListElement":[{"@type":"ListItem","position":1,"name":"In\u00edcio","item":"https:\/\/www.institutodeengenharia.org.br\/site\/"},{"@type":"ListItem","position":2,"name":"GT Bioeconomia Nacional apresenta nesta segunda e ter\u00e7a &#8211; 7 e 8 &#8211; estudo no MMA. Acompanhe"}]},{"@type":"WebSite","@id":"https:\/\/www.institutodeengenharia.org.br\/site\/#website","url":"https:\/\/www.institutodeengenharia.org.br\/site\/","name":"Instituto de Engenharia","description":"O Instituto de Engenharia promove a Engenharia em benef\u00edcio do desenvolvimento e da qualidade de vida da sociedade.","publisher":{"@id":"https:\/\/www.institutodeengenharia.org.br\/site\/#organization"},"potentialAction":[{"@type":"SearchAction","target":{"@type":"EntryPoint","urlTemplate":"https:\/\/www.institutodeengenharia.org.br\/site\/?s={search_term_string}"},"query-input":{"@type":"PropertyValueSpecification","valueRequired":true,"valueName":"search_term_string"}}],"inLanguage":"pt-BR"},{"@type":"Organization","@id":"https:\/\/www.institutodeengenharia.org.br\/site\/#organization","name":"Instituto de Engenharia","url":"https:\/\/www.institutodeengenharia.org.br\/site\/","logo":{"@type":"ImageObject","inLanguage":"pt-BR","@id":"https:\/\/www.institutodeengenharia.org.br\/site\/#\/schema\/logo\/image\/","url":"https:\/\/www.institutodeengenharia.org.br\/site\/wp-content\/uploads\/2019\/03\/logo-novo-IE2018-1.jpg","contentUrl":"https:\/\/www.institutodeengenharia.org.br\/site\/wp-content\/uploads\/2019\/03\/logo-novo-IE2018-1.jpg","width":1486,"height":1879,"caption":"Instituto de Engenharia"},"image":{"@id":"https:\/\/www.institutodeengenharia.org.br\/site\/#\/schema\/logo\/image\/"},"sameAs":["https:\/\/www.facebook.com\/institutodeengenharia","https:\/\/x.com\/iengenharia","https:\/\/www.instagram.com\/institutodeengenharia\/","https:\/\/www.linkedin.com\/company\/instituto-de-engenharia\/","https:\/\/www.youtube.com\/channel\/UCXiCAlsSMe977vamW915HxA"]},{"@type":"Person","@id":"https:\/\/www.institutodeengenharia.org.br\/site\/#\/schema\/person\/593dc356630173a4877a635d3e5fd76b","name":"Isabel","image":{"@type":"ImageObject","inLanguage":"pt-BR","@id":"https:\/\/secure.gravatar.com\/avatar\/f3c521db63ec9db17894f10a88c6a3cf95b2281d7f80eeb3cf3ef1cb091576e7?s=96&d=mm&r=g","url":"https:\/\/secure.gravatar.com\/avatar\/f3c521db63ec9db17894f10a88c6a3cf95b2281d7f80eeb3cf3ef1cb091576e7?s=96&d=mm&r=g","contentUrl":"https:\/\/secure.gravatar.com\/avatar\/f3c521db63ec9db17894f10a88c6a3cf95b2281d7f80eeb3cf3ef1cb091576e7?s=96&d=mm&r=g","caption":"Isabel"},"url":"https:\/\/www.institutodeengenharia.org.br\/site\/author\/comunicacao2\/"}]}},"_links":{"self":[{"href":"https:\/\/www.institutodeengenharia.org.br\/site\/wp-json\/wp\/v2\/posts\/124352","targetHints":{"allow":["GET"]}}],"collection":[{"href":"https:\/\/www.institutodeengenharia.org.br\/site\/wp-json\/wp\/v2\/posts"}],"about":[{"href":"https:\/\/www.institutodeengenharia.org.br\/site\/wp-json\/wp\/v2\/types\/post"}],"author":[{"embeddable":true,"href":"https:\/\/www.institutodeengenharia.org.br\/site\/wp-json\/wp\/v2\/users\/14"}],"replies":[{"embeddable":true,"href":"https:\/\/www.institutodeengenharia.org.br\/site\/wp-json\/wp\/v2\/comments?post=124352"}],"version-history":[{"count":4,"href":"https:\/\/www.institutodeengenharia.org.br\/site\/wp-json\/wp\/v2\/posts\/124352\/revisions"}],"predecessor-version":[{"id":124379,"href":"https:\/\/www.institutodeengenharia.org.br\/site\/wp-json\/wp\/v2\/posts\/124352\/revisions\/124379"}],"wp:featuredmedia":[{"embeddable":true,"href":"https:\/\/www.institutodeengenharia.org.br\/site\/wp-json\/wp\/v2\/media\/124362"}],"wp:attachment":[{"href":"https:\/\/www.institutodeengenharia.org.br\/site\/wp-json\/wp\/v2\/media?parent=124352"}],"wp:term":[{"taxonomy":"category","embeddable":true,"href":"https:\/\/www.institutodeengenharia.org.br\/site\/wp-json\/wp\/v2\/categories?post=124352"},{"taxonomy":"post_tag","embeddable":true,"href":"https:\/\/www.institutodeengenharia.org.br\/site\/wp-json\/wp\/v2\/tags?post=124352"}],"curies":[{"name":"wp","href":"https:\/\/api.w.org\/{rel}","templated":true}]}}